{"id":15058,"date":"2025-02-19T10:38:22","date_gmt":"2025-02-19T09:38:22","guid":{"rendered":"https:\/\/radiolitoral.com\/?p=15058"},"modified":"2025-02-19T10:38:22","modified_gmt":"2025-02-19T09:38:22","slug":"el-cb-joventut-xabia-ja-thimne","status":"publish","type":"post","link":"https:\/\/radiolitoral.com\/ca\/2025\/02\/el-cb-joventut-xabia-ja-te-himne\/","title":{"rendered":"El CB Joventut X\u00e0bia ja t\u00e9 himne"},"content":{"rendered":"<p data-pm-slice=\"1 1 []\">En una Casa de Cultura plena de gom a gom, el <strong>CB Joventut X\u00e0bia<\/strong> ha viscut un dels moments m\u00e9s especials del seu <strong>40\u00e8 aniversari<\/strong> amb la presentaci\u00f3 oficial del seu <strong>himne<\/strong>, una composici\u00f3 creada pel grup de rock <strong>Pinka<\/strong>, format pels germans <strong>Guillem i Joan Bolufer<\/strong>, <strong>Mois\u00e8s Cruanyes<\/strong>, exjugadors del club, i <strong>Tofol Cardona<\/strong>, baterista del grup.<\/p>\n<p>L&#039;acte, carregat d&#039;emoci\u00f3 i records, ha estat condu\u00eft per<strong> \u00d3scar Majordom<\/strong> i ha comptat amb la intervenci\u00f3 del president del club<strong>, Jaume Costa<\/strong>, qui ha destacat la import\u00e0ncia d&#039;aquest himne com un reflex de la hist\u00f2ria, els valors i l&#039;esperit del CB Joventut X\u00e0bia. La lletra de la can\u00e7\u00f3, escrita des del cor pels membres de Pinka, transmet l&#039;ess\u00e8ncia del club, el sacrifici, l&#039;esfor\u00e7 i les viv\u00e8ncies compartides al llarg de d\u00e8cades.<\/p>\n<h2><strong>Un emotiu record a Miguel Buigues<\/strong><\/h2>\n<p>Un dels moments m\u00e9s commovedors ha arribat amb la lectura d&#039;una carta de Pinka per part de<strong> Rosa Mari Buigues<\/strong>, germana de <strong>Miguel Buigues<\/strong>, jugador del club recordat amb gran estima i al qual es dedica anualment un memorial. Rosa Mari ha expressat el seu agrade\u00efment tant al grup com al club per mantenir viu el record del seu germ\u00e0, provocant una forta emoci\u00f3 entre el p\u00fablic assistent.<\/p>\n<h2><strong>L&#039;himne, una banda sonora del b\u00e0squet a X\u00e0bia<\/strong><\/h2>\n<p>Musicalment, el tema ha comptat amb la col\u00b7laboraci\u00f3 especial de<strong> Vicent Bertomeu<\/strong> a les percussions i de <strong>Josep Vicent Miralles<\/strong> com a speaker del tema. A m\u00e9s, una de les caracter\u00edstiques m\u00e9s emotives i significatives d&#039;aquesta composici\u00f3 \u00e9s que el registre sonor de fons \u2013 els aplaudiments, els crits d&#039;\u00e0nim, els sons del joc i l&#039;ambient de pista \u2013 es va gravar en directe durant la celebraci\u00f3 del Memorial del 2024, convertint el tema en una aut\u00e8ntica banda sonora de la passi\u00f3 pel.<\/p>\n<figure id=\"attachment_15061\" aria-describedby=\"caption-attachment-15061\" style=\"width: 1440px\" class=\"wp-caption alignnone\"><img loading=\"lazy\" decoding=\"async\" class=\"wp-image-15061 size-full\" src=\"https:\/\/media.radiolitoral.com\/wp-content\/uploads\/2025\/02\/19103546\/Pinka-en-la-presentacio-del-himne.jpg\" alt=\"\" width=\"1440\" height=\"754\" srcset=\"https:\/\/media.radiolitoral.com\/wp-content\/uploads\/2025\/02\/19103546\/Pinka-en-la-presentacio-del-himne.jpg 1440w, https:\/\/media.radiolitoral.com\/wp-content\/uploads\/2025\/02\/19103546\/Pinka-en-la-presentacio-del-himne-300x157.jpg 300w, https:\/\/media.radiolitoral.com\/wp-content\/uploads\/2025\/02\/19103546\/Pinka-en-la-presentacio-del-himne-1024x536.jpg 1024w, https:\/\/media.radiolitoral.com\/wp-content\/uploads\/2025\/02\/19103546\/Pinka-en-la-presentacio-del-himne-768x402.jpg 768w, https:\/\/media.radiolitoral.com\/wp-content\/uploads\/2025\/02\/19103546\/Pinka-en-la-presentacio-del-himne-18x9.jpg 18w, https:\/\/media.radiolitoral.com\/wp-content\/uploads\/2025\/02\/19103546\/Pinka-en-la-presentacio-del-himne-1000x524.jpg 1000w, https:\/\/media.radiolitoral.com\/wp-content\/uploads\/2025\/02\/19103546\/Pinka-en-la-presentacio-del-himne-100x52.jpg 100w, https:\/\/media.radiolitoral.com\/wp-content\/uploads\/2025\/02\/19103546\/Pinka-en-la-presentacio-del-himne-200x105.jpg 200w\" sizes=\"auto, (max-width: 1440px) 100vw, 1440px\" \/><figcaption id=\"caption-attachment-15061\" class=\"wp-caption-text\">Pinka a la presentaci\u00f3 de l&#039;himne | CB Joventut X\u00e0bia<\/figcaption><\/figure>\n<p>Despr\u00e9s de l&#039;homenatge, ha arribat el moment m\u00e9s esperat: la primera audici\u00f3 de l&#039;himne del Club de B\u00e0squet Joventut X\u00e0bia, interpretat per Pinka. Amb la for\u00e7a del rock i una lletra plena de sentiment, la pe\u00e7a ha emocionat totes les persones presents, consolidant-se com un s\u00edmbol del club i del seu esperit de lluita i companyonia.<\/p>\n<p>Aquesta presentaci\u00f3 \u00e9s nom\u00e9s una de les moltes activitats programades per a la celebraci\u00f3 del 40\u00e8 aniversari del Club de B\u00e0squet Joventut X\u00e0bia, un any ple d&#039;actes que posen en valor la hist\u00f2ria i la passi\u00f3 pel b\u00e0squet a la nostra localitat.<\/p>\n<div class=\"mceTemp\"><\/div>\n<p><script src=\"chrome-extension:\/\/flbolonkboilcbnohjlchlfgdalomdpl\/iFrame.js\" type=\"text\/javascript\"><\/script><\/p>","protected":false},"excerpt":{"rendered":"<p>En una Casa de Cultura plena de gom a gom, el CB Joventut X\u00e0bia ha viscut un dels moments m\u00e9s especials del seu 40\u00e8 aniversari amb la presentaci\u00f3 oficial del seu himne, una composici\u00f3 creada pel grup de rock Pinka, format pels germans Guillem i Joan Bolufer, Mois\u00e9s Cruanyes, exjugadors del club, i Tofol Cardona, [&#8230;]<\/p>\n<p><a class=\"btn btn-secondary understrap-read-more-link\" href=\"https:\/\/radiolitoral.com\/ca\/2025\/02\/el-cb-joventut-xabia-ja-te-himne\/\">Continua llegint&#8230;<span class=\"screen-reader-text\"> from El CB Joventut X\u00e0bia ja t\u00e9 himne<\/span><\/a><\/p>\n","protected":false},"author":12,"featured_media":15060,"comment_status":"open","ping_status":"closed","sticky":false,"template":"","format":"standard","meta":{"_acf_changed":false,"inline_featured_image":false,"footnotes":""},"categories":[5],"tags":[1702,6,3735,3734,3739,3736,3062,3733,3738,3737],"class_list":["post-15058","post","type-post","status-publish","format-standard","has-post-thumbnail","hentry","category-deportes","tag-cb-joventut-xabia","tag-deportes","tag-guillem-bolufer","tag-joan-bolufer","tag-miguel-buigues","tag-moises-cruanyes","tag-oscar-mayordomo","tag-pinka","tag-rosa-mari-buigues","tag-tofol-cardona","cobertura-xabia"],"acf":[],"yoast_head":"<!-- This site is optimized with the Yoast SEO plugin v27.5 - https:\/\/yoast.com\/product\/yoast-seo-wordpress\/ -->\n<title>El CB Joventut X\u00e0bia ja t\u00e9 himne | R\u00e0dio Litoral<\/title>\n<meta name=\"description\" content=\"La pe\u00e7a musical composta pel grup Pinka commemora els 40 anys d&#039;hist\u00f2ria del club de b\u00e0squetLa pe\u00e7a musical composta pel grup Pinka commemora els 40 anys d&#039;hist\u00f2ria del club de b\u00e0squet\" \/>\n<meta name=\"robots\" content=\"index, follow, max-snippet:-1, max-image-preview:large, max-video-preview:-1\" \/>\n<link rel=\"canonical\" href=\"https:\/\/radiolitoral.com\/ca\/2025\/02\/el-cb-joventut-xabia-ja-thimne\/\" \/>\n<meta property=\"og:locale\" content=\"ca_ES\" \/>\n<meta property=\"og:type\" content=\"article\" \/>\n<meta property=\"og:title\" content=\"El CB Joventut X\u00e0bia ja t\u00e9 himne | R\u00e0dio Litoral\" \/>\n<meta property=\"og:description\" content=\"La pe\u00e7a musical composta pel grup Pinka commemora els 40 anys d&#039;hist\u00f2ria del club de b\u00e0squetLa pe\u00e7a musical composta pel grup Pinka commemora els 40 anys d&#039;hist\u00f2ria del club de b\u00e0squet\" \/>\n<meta property=\"og:url\" content=\"https:\/\/radiolitoral.com\/ca\/2025\/02\/el-cb-joventut-xabia-ja-thimne\/\" \/>\n<meta property=\"og:site_name\" content=\"R\u00e0dio Litoral\" \/>\n<meta property=\"article:publisher\" content=\"https:\/\/www.facebook.com\/Laradiolitoral\/\" \/>\n<meta property=\"article:published_time\" content=\"2025-02-19T09:38:22+00:00\" \/>\n<meta property=\"og:image\" content=\"https:\/\/media.radiolitoral.com\/wp-content\/uploads\/2025\/02\/19103507\/480323090_1143343584419342_6171500181520049730_n.jpg\" \/>\n\t<meta property=\"og:image:width\" content=\"1440\" \/>\n\t<meta property=\"og:image:height\" content=\"1080\" \/>\n\t<meta property=\"og:image:type\" content=\"image\/jpeg\" \/>\n<meta name=\"author\" content=\"Javier Zamora\" \/>\n<meta name=\"twitter:card\" content=\"summary_large_image\" \/>\n<meta name=\"twitter:label1\" content=\"Escrit per\" \/>\n\t<meta name=\"twitter:data1\" content=\"Javier Zamora\" \/>\n\t<meta name=\"twitter:label2\" content=\"Temps estimat de lectura\" \/>\n\t<meta name=\"twitter:data2\" content=\"3 minuts\" \/>\n<script type=\"application\/ld+json\" class=\"yoast-schema-graph\">{\"@context\":\"https:\\\/\\\/schema.org\",\"@graph\":[{\"@type\":\"NewsArticle\",\"@id\":\"https:\\\/\\\/radiolitoral.com\\\/2025\\\/02\\\/el-cb-joventut-xabia-ja-te-himne\\\/#article\",\"isPartOf\":{\"@id\":\"https:\\\/\\\/radiolitoral.com\\\/2025\\\/02\\\/el-cb-joventut-xabia-ja-te-himne\\\/\"},\"author\":{\"name\":\"Javier Zamora\",\"@id\":\"https:\\\/\\\/radiolitoral.com\\\/#\\\/schema\\\/person\\\/7b1480b5caeb5acdd4ec6379caf62b22\"},\"headline\":\"El CB Joventut X\u00e0bia ja t\u00e9 himne\",\"datePublished\":\"2025-02-19T09:38:22+00:00\",\"mainEntityOfPage\":{\"@id\":\"https:\\\/\\\/radiolitoral.com\\\/2025\\\/02\\\/el-cb-joventut-xabia-ja-te-himne\\\/\"},\"wordCount\":464,\"commentCount\":0,\"publisher\":{\"@id\":\"https:\\\/\\\/radiolitoral.com\\\/#organization\"},\"image\":{\"@id\":\"https:\\\/\\\/radiolitoral.com\\\/2025\\\/02\\\/el-cb-joventut-xabia-ja-te-himne\\\/#primaryimage\"},\"thumbnailUrl\":\"https:\\\/\\\/media.radiolitoral.com\\\/wp-content\\\/uploads\\\/2025\\\/02\\\/19103507\\\/480323090_1143343584419342_6171500181520049730_n.jpg\",\"keywords\":[\"CB Joventut X\u00e0bia\",\"deportes\",\"Guillem Bolufer\",\"Joan Bolufer\",\"Miguel Buigues\",\"Mois\u00e9s Cruanyes\",\"\u00d3scar\u00a0Mayordomo\",\"Pinka\",\"Rosa Mari Buigues\",\"Tofol Cardona\"],\"articleSection\":[\"Deportes\"],\"inLanguage\":\"ca\",\"potentialAction\":[{\"@type\":\"CommentAction\",\"name\":\"Comment\",\"target\":[\"https:\\\/\\\/radiolitoral.com\\\/2025\\\/02\\\/el-cb-joventut-xabia-ja-te-himne\\\/#respond\"]}]},{\"@type\":[\"WebPage\",\"ItemPage\"],\"@id\":\"https:\\\/\\\/radiolitoral.com\\\/2025\\\/02\\\/el-cb-joventut-xabia-ja-te-himne\\\/\",\"url\":\"https:\\\/\\\/radiolitoral.com\\\/2025\\\/02\\\/el-cb-joventut-xabia-ja-te-himne\\\/\",\"name\":\"El CB Joventut X\u00e0bia ja t\u00e9 himne | R\u00e0dio Litoral\",\"isPartOf\":{\"@id\":\"https:\\\/\\\/radiolitoral.com\\\/#website\"},\"primaryImageOfPage\":{\"@id\":\"https:\\\/\\\/radiolitoral.com\\\/2025\\\/02\\\/el-cb-joventut-xabia-ja-te-himne\\\/#primaryimage\"},\"image\":{\"@id\":\"https:\\\/\\\/radiolitoral.com\\\/2025\\\/02\\\/el-cb-joventut-xabia-ja-te-himne\\\/#primaryimage\"},\"thumbnailUrl\":\"https:\\\/\\\/media.radiolitoral.com\\\/wp-content\\\/uploads\\\/2025\\\/02\\\/19103507\\\/480323090_1143343584419342_6171500181520049730_n.jpg\",\"datePublished\":\"2025-02-19T09:38:22+00:00\",\"description\":\"La pe\u00e7a musical composta pel grup Pinka commemora els 40 anys d'hist\u00f2ria del club de b\u00e0squetLa pe\u00e7a musical composta pel grup Pinka commemora els 40 anys d'hist\u00f2ria del club de b\u00e0squet\",\"breadcrumb\":{\"@id\":\"https:\\\/\\\/radiolitoral.com\\\/2025\\\/02\\\/el-cb-joventut-xabia-ja-te-himne\\\/#breadcrumb\"},\"inLanguage\":\"ca\",\"potentialAction\":[{\"@type\":\"ReadAction\",\"target\":[\"https:\\\/\\\/radiolitoral.com\\\/2025\\\/02\\\/el-cb-joventut-xabia-ja-te-himne\\\/\"]}]},{\"@type\":\"ImageObject\",\"inLanguage\":\"ca\",\"@id\":\"https:\\\/\\\/radiolitoral.com\\\/2025\\\/02\\\/el-cb-joventut-xabia-ja-te-himne\\\/#primaryimage\",\"url\":\"https:\\\/\\\/media.radiolitoral.com\\\/wp-content\\\/uploads\\\/2025\\\/02\\\/19103507\\\/480323090_1143343584419342_6171500181520049730_n.jpg\",\"contentUrl\":\"https:\\\/\\\/media.radiolitoral.com\\\/wp-content\\\/uploads\\\/2025\\\/02\\\/19103507\\\/480323090_1143343584419342_6171500181520049730_n.jpg\",\"width\":1440,\"height\":1080},{\"@type\":\"BreadcrumbList\",\"@id\":\"https:\\\/\\\/radiolitoral.com\\\/2025\\\/02\\\/el-cb-joventut-xabia-ja-te-himne\\\/#breadcrumb\",\"itemListElement\":[{\"@type\":\"ListItem\",\"position\":1,\"name\":\"Portada\",\"item\":\"https:\\\/\\\/radiolitoral.com\\\/\"},{\"@type\":\"ListItem\",\"position\":2,\"name\":\"El CB Joventut X\u00e0bia ja t\u00e9 himne\"}]},{\"@type\":\"WebSite\",\"@id\":\"https:\\\/\\\/radiolitoral.com\\\/#website\",\"url\":\"https:\\\/\\\/radiolitoral.com\\\/\",\"name\":\"Radio Litoral\",\"description\":\"La radio local de la Marina Alta\",\"publisher\":{\"@id\":\"https:\\\/\\\/radiolitoral.com\\\/#organization\"},\"alternateName\":\"Litoral FM\",\"potentialAction\":[{\"@type\":\"SearchAction\",\"target\":{\"@type\":\"EntryPoint\",\"urlTemplate\":\"https:\\\/\\\/radiolitoral.com\\\/?s={search_term_string}\"},\"query-input\":{\"@type\":\"PropertyValueSpecification\",\"valueRequired\":true,\"valueName\":\"search_term_string\"}}],\"inLanguage\":\"ca\"},{\"@type\":\"Organization\",\"@id\":\"https:\\\/\\\/radiolitoral.com\\\/#organization\",\"name\":\"Radio Litoral\",\"url\":\"https:\\\/\\\/radiolitoral.com\\\/\",\"logo\":{\"@type\":\"ImageObject\",\"inLanguage\":\"ca\",\"@id\":\"https:\\\/\\\/radiolitoral.com\\\/#\\\/schema\\\/logo\\\/image\\\/\",\"url\":\"https:\\\/\\\/media.radiolitoral.com\\\/wp-content\\\/uploads\\\/2023\\\/02\\\/24143238\\\/CL-V-RadioLitoral696.png\",\"contentUrl\":\"https:\\\/\\\/media.radiolitoral.com\\\/wp-content\\\/uploads\\\/2023\\\/02\\\/24143238\\\/CL-V-RadioLitoral696.png\",\"width\":696,\"height\":696,\"caption\":\"Radio Litoral\"},\"image\":{\"@id\":\"https:\\\/\\\/radiolitoral.com\\\/#\\\/schema\\\/logo\\\/image\\\/\"},\"sameAs\":[\"https:\\\/\\\/www.facebook.com\\\/Laradiolitoral\\\/\"]},{\"@type\":\"Person\",\"@id\":\"https:\\\/\\\/radiolitoral.com\\\/#\\\/schema\\\/person\\\/7b1480b5caeb5acdd4ec6379caf62b22\",\"name\":\"Javier Zamora\",\"image\":{\"@type\":\"ImageObject\",\"inLanguage\":\"ca\",\"@id\":\"https:\\\/\\\/secure.gravatar.com\\\/avatar\\\/467a11f6918c7d619c4043fc6fa2d3853053107973f05b6e9c04ea6c4e3a7b3f?s=96&d=mm&r=g\",\"url\":\"https:\\\/\\\/secure.gravatar.com\\\/avatar\\\/467a11f6918c7d619c4043fc6fa2d3853053107973f05b6e9c04ea6c4e3a7b3f?s=96&d=mm&r=g\",\"contentUrl\":\"https:\\\/\\\/secure.gravatar.com\\\/avatar\\\/467a11f6918c7d619c4043fc6fa2d3853053107973f05b6e9c04ea6c4e3a7b3f?s=96&d=mm&r=g\",\"caption\":\"Javier Zamora\"},\"url\":\"https:\\\/\\\/radiolitoral.com\\\/ca\\\/author\\\/javier-zamora\\\/\"}]}<\/script>\n<!-- \/ Yoast SEO plugin. -->","yoast_head_json":{"title":"El CB Joventut X\u00e0bia ja t\u00e9 himne | R\u00e0dio Litoral","description":"La pe\u00e7a musical composta pel grup Pinka commemora els 40 anys d&#039;hist\u00f2ria del club de b\u00e0squetLa pe\u00e7a musical composta pel grup Pinka commemora els 40 anys d&#039;hist\u00f2ria del club de b\u00e0squet","robots":{"index":"index","follow":"follow","max-snippet":"max-snippet:-1","max-image-preview":"max-image-preview:large","max-video-preview":"max-video-preview:-1"},"canonical":"https:\/\/radiolitoral.com\/ca\/2025\/02\/el-cb-joventut-xabia-ja-thimne\/","og_locale":"ca_ES","og_type":"article","og_title":"El CB Joventut X\u00e0bia ja t\u00e9 himne | R\u00e0dio Litoral","og_description":"La pe\u00e7a musical composta pel grup Pinka commemora els 40 anys d'hist\u00f2ria del club de b\u00e0squetLa pe\u00e7a musical composta pel grup Pinka commemora els 40 anys d'hist\u00f2ria del club de b\u00e0squet","og_url":"https:\/\/radiolitoral.com\/ca\/2025\/02\/el-cb-joventut-xabia-ja-thimne\/","og_site_name":"R\u00e0dio Litoral","article_publisher":"https:\/\/www.facebook.com\/Laradiolitoral\/","article_published_time":"2025-02-19T09:38:22+00:00","og_image":[{"width":1440,"height":1080,"url":"https:\/\/media.radiolitoral.com\/wp-content\/uploads\/2025\/02\/19103507\/480323090_1143343584419342_6171500181520049730_n.jpg","type":"image\/jpeg"}],"author":"Javier Zamora","twitter_card":"summary_large_image","twitter_misc":{"Escrit per":"Javier Zamora","Temps estimat de lectura":"3 minuts"},"schema":{"@context":"https:\/\/schema.org","@graph":[{"@type":"NewsArticle","@id":"https:\/\/radiolitoral.com\/2025\/02\/el-cb-joventut-xabia-ja-te-himne\/#article","isPartOf":{"@id":"https:\/\/radiolitoral.com\/2025\/02\/el-cb-joventut-xabia-ja-te-himne\/"},"author":{"name":"Javier Zamora","@id":"https:\/\/radiolitoral.com\/#\/schema\/person\/7b1480b5caeb5acdd4ec6379caf62b22"},"headline":"El CB Joventut X\u00e0bia ja t\u00e9 himne","datePublished":"2025-02-19T09:38:22+00:00","mainEntityOfPage":{"@id":"https:\/\/radiolitoral.com\/2025\/02\/el-cb-joventut-xabia-ja-te-himne\/"},"wordCount":464,"commentCount":0,"publisher":{"@id":"https:\/\/radiolitoral.com\/#organization"},"image":{"@id":"https:\/\/radiolitoral.com\/2025\/02\/el-cb-joventut-xabia-ja-te-himne\/#primaryimage"},"thumbnailUrl":"https:\/\/media.radiolitoral.com\/wp-content\/uploads\/2025\/02\/19103507\/480323090_1143343584419342_6171500181520049730_n.jpg","keywords":["CB Joventut X\u00e0bia","deportes","Guillem Bolufer","Joan Bolufer","Miguel Buigues","Mois\u00e9s Cruanyes","\u00d3scar\u00a0Mayordomo","Pinka","Rosa Mari Buigues","Tofol Cardona"],"articleSection":["Deportes"],"inLanguage":"ca","potentialAction":[{"@type":"CommentAction","name":"Comment","target":["https:\/\/radiolitoral.com\/2025\/02\/el-cb-joventut-xabia-ja-te-himne\/#respond"]}]},{"@type":["WebPage","ItemPage"],"@id":"https:\/\/radiolitoral.com\/2025\/02\/el-cb-joventut-xabia-ja-te-himne\/","url":"https:\/\/radiolitoral.com\/2025\/02\/el-cb-joventut-xabia-ja-te-himne\/","name":"El CB Joventut X\u00e0bia ja t\u00e9 himne | R\u00e0dio Litoral","isPartOf":{"@id":"https:\/\/radiolitoral.com\/#website"},"primaryImageOfPage":{"@id":"https:\/\/radiolitoral.com\/2025\/02\/el-cb-joventut-xabia-ja-te-himne\/#primaryimage"},"image":{"@id":"https:\/\/radiolitoral.com\/2025\/02\/el-cb-joventut-xabia-ja-te-himne\/#primaryimage"},"thumbnailUrl":"https:\/\/media.radiolitoral.com\/wp-content\/uploads\/2025\/02\/19103507\/480323090_1143343584419342_6171500181520049730_n.jpg","datePublished":"2025-02-19T09:38:22+00:00","description":"La pe\u00e7a musical composta pel grup Pinka commemora els 40 anys d&#039;hist\u00f2ria del club de b\u00e0squetLa pe\u00e7a musical composta pel grup Pinka commemora els 40 anys d&#039;hist\u00f2ria del club de b\u00e0squet","breadcrumb":{"@id":"https:\/\/radiolitoral.com\/2025\/02\/el-cb-joventut-xabia-ja-te-himne\/#breadcrumb"},"inLanguage":"ca","potentialAction":[{"@type":"ReadAction","target":["https:\/\/radiolitoral.com\/2025\/02\/el-cb-joventut-xabia-ja-te-himne\/"]}]},{"@type":"ImageObject","inLanguage":"ca","@id":"https:\/\/radiolitoral.com\/2025\/02\/el-cb-joventut-xabia-ja-te-himne\/#primaryimage","url":"https:\/\/media.radiolitoral.com\/wp-content\/uploads\/2025\/02\/19103507\/480323090_1143343584419342_6171500181520049730_n.jpg","contentUrl":"https:\/\/media.radiolitoral.com\/wp-content\/uploads\/2025\/02\/19103507\/480323090_1143343584419342_6171500181520049730_n.jpg","width":1440,"height":1080},{"@type":"BreadcrumbList","@id":"https:\/\/radiolitoral.com\/2025\/02\/el-cb-joventut-xabia-ja-te-himne\/#breadcrumb","itemListElement":[{"@type":"ListItem","position":1,"name":"Portada","item":"https:\/\/radiolitoral.com\/"},{"@type":"ListItem","position":2,"name":"El CB Joventut X\u00e0bia ja t\u00e9 himne"}]},{"@type":"WebSite","@id":"https:\/\/radiolitoral.com\/#website","url":"https:\/\/radiolitoral.com\/","name":"R\u00e0dio Litoral","description":"La r\u00e0dio local de la Marina Alta","publisher":{"@id":"https:\/\/radiolitoral.com\/#organization"},"alternateName":"Litoral FM","potentialAction":[{"@type":"SearchAction","target":{"@type":"EntryPoint","urlTemplate":"https:\/\/radiolitoral.com\/?s={search_term_string}"},"query-input":{"@type":"PropertyValueSpecification","valueRequired":true,"valueName":"search_term_string"}}],"inLanguage":"ca"},{"@type":"Organization","@id":"https:\/\/radiolitoral.com\/#organization","name":"R\u00e0dio Litoral","url":"https:\/\/radiolitoral.com\/","logo":{"@type":"ImageObject","inLanguage":"ca","@id":"https:\/\/radiolitoral.com\/#\/schema\/logo\/image\/","url":"https:\/\/media.radiolitoral.com\/wp-content\/uploads\/2023\/02\/24143238\/CL-V-RadioLitoral696.png","contentUrl":"https:\/\/media.radiolitoral.com\/wp-content\/uploads\/2023\/02\/24143238\/CL-V-RadioLitoral696.png","width":696,"height":696,"caption":"Radio Litoral"},"image":{"@id":"https:\/\/radiolitoral.com\/#\/schema\/logo\/image\/"},"sameAs":["https:\/\/www.facebook.com\/Laradiolitoral\/"]},{"@type":"Person","@id":"https:\/\/radiolitoral.com\/#\/schema\/person\/7b1480b5caeb5acdd4ec6379caf62b22","name":"Javier Zamora","image":{"@type":"ImageObject","inLanguage":"ca","@id":"https:\/\/secure.gravatar.com\/avatar\/467a11f6918c7d619c4043fc6fa2d3853053107973f05b6e9c04ea6c4e3a7b3f?s=96&d=mm&r=g","url":"https:\/\/secure.gravatar.com\/avatar\/467a11f6918c7d619c4043fc6fa2d3853053107973f05b6e9c04ea6c4e3a7b3f?s=96&d=mm&r=g","contentUrl":"https:\/\/secure.gravatar.com\/avatar\/467a11f6918c7d619c4043fc6fa2d3853053107973f05b6e9c04ea6c4e3a7b3f?s=96&d=mm&r=g","caption":"Javier Zamora"},"url":"https:\/\/radiolitoral.com\/ca\/author\/javier-zamora\/"}]}},"_links":{"self":[{"href":"https:\/\/radiolitoral.com\/ca\/wp-json\/wp\/v2\/posts\/15058","targetHints":{"allow":["GET"]}}],"collection":[{"href":"https:\/\/radiolitoral.com\/ca\/wp-json\/wp\/v2\/posts"}],"about":[{"href":"https:\/\/radiolitoral.com\/ca\/wp-json\/wp\/v2\/types\/post"}],"author":[{"embeddable":true,"href":"https:\/\/radiolitoral.com\/ca\/wp-json\/wp\/v2\/users\/12"}],"replies":[{"embeddable":true,"href":"https:\/\/radiolitoral.com\/ca\/wp-json\/wp\/v2\/comments?post=15058"}],"version-history":[{"count":2,"href":"https:\/\/radiolitoral.com\/ca\/wp-json\/wp\/v2\/posts\/15058\/revisions"}],"predecessor-version":[{"id":15062,"href":"https:\/\/radiolitoral.com\/ca\/wp-json\/wp\/v2\/posts\/15058\/revisions\/15062"}],"wp:featuredmedia":[{"embeddable":true,"href":"https:\/\/radiolitoral.com\/ca\/wp-json\/wp\/v2\/media\/15060"}],"wp:attachment":[{"href":"https:\/\/radiolitoral.com\/ca\/wp-json\/wp\/v2\/media?parent=15058"}],"wp:term":[{"taxonomy":"category","embeddable":true,"href":"https:\/\/radiolitoral.com\/ca\/wp-json\/wp\/v2\/categories?post=15058"},{"taxonomy":"post_tag","embeddable":true,"href":"https:\/\/radiolitoral.com\/ca\/wp-json\/wp\/v2\/tags?post=15058"}],"curies":[{"name":"wp","href":"https:\/\/api.w.org\/{rel}","templated":true}]}}