{"id":15026,"date":"2025-02-18T10:05:35","date_gmt":"2025-02-18T09:05:35","guid":{"rendered":"https:\/\/radiolitoral.com\/?p=15026"},"modified":"2025-02-18T10:05:45","modified_gmt":"2025-02-18T09:05:45","slug":"teulada-aposta-per-la-videovigilancia-per-millorar-la-seguretat-urbana","status":"publish","type":"post","link":"https:\/\/radiolitoral.com\/ca\/2025\/02\/teulada-aposta-per-la-videovigilancia-per-millorar-la-seguretat-urbana\/","title":{"rendered":"Teulada aposta per la videovigil\u00e0ncia per millorar la seguretat urbana"},"content":{"rendered":"<p data-pm-slice=\"1 1 []\">L&#039;Ajuntament de <strong>Teulada Moraira<\/strong> ha anunciat la instal\u00b7laci\u00f3 d&#039;un nou sistema de <strong>videovigil\u00e0ncia CCTV<\/strong>, amb l&#039;objectiu de millorar la seguretat i la gesti\u00f3 del municipi. Aquest projecte contempla la col\u00b7locaci\u00f3 de c\u00e0meres estrat\u00e8giques a diferents punts de la localitat per a una supervisi\u00f3 efectiva en temps real.<\/p>\n<p>Aquesta iniciativa pret\u00e9n <strong>prevenir infraccions<\/strong> com el vandalisme, els <strong>abocaments il\u00b7legals<\/strong> i l&#039;<strong>incivisme a l&#039;\u00fas dels contenedors<\/strong>, a m\u00e9s d&#039;ajudar a la <strong>regulaci\u00f3 del tr\u00e0nsit<\/strong> i millorar la resposta davant d&#039;emerg\u00e8ncies. L&#039;objectiu final \u00e9s garantir un espai urb\u00e0 m\u00e9s segur i eficient.<\/p>\n<h3><strong>Un sistema controlat i amb garanties legals<\/strong><\/h3>\n<p>El funcionament d&#039;aquestes c\u00e0meres es coordinar\u00e0 des d&#039;un <strong>centre de control municipal<\/strong>, assegurant el compliment de la normativa vigent a <strong>protecci\u00f3 de dades<\/strong> i respectant la privacitat dels ciutadans. Des del consistori asseguren que la gesti\u00f3 d&#039;aquest sistema estar\u00e0 subjecta a un estricte control per evitar-ne usos indeguts.<\/p>\n<p>El projecte compta amb un pressupost total de <strong>808.809,20\u20ac<\/strong>, dels quals <strong>225.633,92\u20ac<\/strong> provenen d&#039;una subvenci\u00f3 del <strong>Pla +PRO 2023<\/strong> de la Diputaci\u00f3 dAlacant. Els <strong>583.175,28\u20ac<\/strong> restants s&#039;han assignat a partir de fons propis del municipi.<\/p>\n<p>Les obres d&#039;implementaci\u00f3 s&#039;iniciaran previsiblement <strong>abans de l&#039;estiu<\/strong>, una vegada adjudicat el contracte. L&#039;alcalde de Teulada Moraira, <strong>Ra\u00fal Llobell<\/strong>, ha destacat que <strong>\u00abaquesta subvenci\u00f3 suposa un pas endavant per millorar la seguretat, modernitzar el municipi i garantir el benestar dels ve\u00efns\u00bb<\/strong>.<\/p>","protected":false},"excerpt":{"rendered":"<p>L&#8217;Ajuntament de Teulada Moraira ha anunciat la instal\u00b7laci\u00f3 d&#8217;un nou sistema de videovigil\u00e0ncia CCTV, amb l&#8217;objectiu de millorar la seguretat i la gesti\u00f3 del municipi. Aquest projecte contempla la col\u00b7locaci\u00f3 de c\u00e0meres estrat\u00e8giques en diferents punts de la localitat per a una supervisi\u00f3 efectiva en temps real. Aquesta iniciativa pret\u00e9n prevenir infraccions com el vandalisme, [&#8230;]<\/p>\n<p><a class=\"btn btn-secondary understrap-read-more-link\" href=\"https:\/\/radiolitoral.com\/ca\/2025\/02\/teulada-aposta-per-la-videovigilancia-per-millorar-la-seguretat-urbana\/\">Continua llegint&#8230;<span class=\"screen-reader-text\"> from Teulada aposta per la videovigil\u00e0ncia per millorar la seguretat urbana<\/span><\/a><\/p>\n","protected":false},"author":14,"featured_media":15027,"comment_status":"open","ping_status":"closed","sticky":false,"template":"","format":"standard","meta":{"_acf_changed":false,"inline_featured_image":false,"footnotes":""},"categories":[78],"tags":[3709,52,3710],"class_list":["post-15026","post","type-post","status-publish","format-standard","has-post-thumbnail","hentry","category-seguridad-ciudadana","tag-camaras-teulada","tag-seguridad-ciudadana","tag-vigilancia-teulada","cobertura-teulada-moraira"],"acf":[],"yoast_head":"<!-- This site is optimized with the Yoast SEO plugin v27.5 - https:\/\/yoast.com\/product\/yoast-seo-wordpress\/ -->\n<title>Teulada aposta per la videovigil\u00e0ncia per millorar la seguretat urbana | R\u00e0dio Litoral<\/title>\n<meta name=\"description\" content=\"Un sistema de CCTV refor\u00e7ar\u00e0 el control municipal i la prevenci\u00f3 d&#039;incidents\" \/>\n<meta name=\"robots\" content=\"index, follow, max-snippet:-1, max-image-preview:large, max-video-preview:-1\" \/>\n<link rel=\"canonical\" href=\"https:\/\/radiolitoral.com\/ca\/2025\/02\/teulada-aposta-per-la-videovigilancia-per-millorar-la-seguretat-urbana\/\" \/>\n<meta property=\"og:locale\" content=\"ca_ES\" \/>\n<meta property=\"og:type\" content=\"article\" \/>\n<meta property=\"og:title\" content=\"Teulada aposta per la videovigil\u00e0ncia per millorar la seguretat urbana | R\u00e0dio Litoral\" \/>\n<meta property=\"og:description\" content=\"Un sistema de CCTV refor\u00e7ar\u00e0 el control municipal i la prevenci\u00f3 d&#039;incidents\" \/>\n<meta property=\"og:url\" content=\"https:\/\/radiolitoral.com\/ca\/2025\/02\/teulada-aposta-per-la-videovigilancia-per-millorar-la-seguretat-urbana\/\" \/>\n<meta property=\"og:site_name\" content=\"R\u00e0dio Litoral\" \/>\n<meta property=\"article:publisher\" content=\"https:\/\/www.facebook.com\/Laradiolitoral\/\" \/>\n<meta property=\"article:published_time\" content=\"2025-02-18T09:05:35+00:00\" \/>\n<meta property=\"article:modified_time\" content=\"2025-02-18T09:05:45+00:00\" \/>\n<meta property=\"og:image\" content=\"https:\/\/media.radiolitoral.com\/wp-content\/uploads\/2025\/02\/18100452\/camara-seguridad.jpg\" \/>\n\t<meta property=\"og:image:width\" content=\"800\" \/>\n\t<meta property=\"og:image:height\" content=\"533\" \/>\n\t<meta property=\"og:image:type\" content=\"image\/jpeg\" \/>\n<meta name=\"author\" content=\"Redacci\u00f3n\" \/>\n<meta name=\"twitter:card\" content=\"summary_large_image\" \/>\n<meta name=\"twitter:label1\" content=\"Escrit per\" \/>\n\t<meta name=\"twitter:data1\" content=\"Redacci\u00f3n\" \/>\n\t<meta name=\"twitter:label2\" content=\"Temps estimat de lectura\" \/>\n\t<meta name=\"twitter:data2\" content=\"2 minuts\" \/>\n<script type=\"application\/ld+json\" class=\"yoast-schema-graph\">{\"@context\":\"https:\\\/\\\/schema.org\",\"@graph\":[{\"@type\":\"NewsArticle\",\"@id\":\"https:\\\/\\\/radiolitoral.com\\\/2025\\\/02\\\/teulada-aposta-per-la-videovigilancia-per-millorar-la-seguretat-urbana\\\/#article\",\"isPartOf\":{\"@id\":\"https:\\\/\\\/radiolitoral.com\\\/2025\\\/02\\\/teulada-aposta-per-la-videovigilancia-per-millorar-la-seguretat-urbana\\\/\"},\"author\":{\"name\":\"Redacci\u00f3n\",\"@id\":\"https:\\\/\\\/radiolitoral.com\\\/#\\\/schema\\\/person\\\/96b739642eb3bedb532aac3812d23307\"},\"headline\":\"Teulada aposta per la videovigil\u00e0ncia per millorar la seguretat urbana\",\"datePublished\":\"2025-02-18T09:05:35+00:00\",\"dateModified\":\"2025-02-18T09:05:45+00:00\",\"mainEntityOfPage\":{\"@id\":\"https:\\\/\\\/radiolitoral.com\\\/2025\\\/02\\\/teulada-aposta-per-la-videovigilancia-per-millorar-la-seguretat-urbana\\\/\"},\"wordCount\":258,\"commentCount\":0,\"publisher\":{\"@id\":\"https:\\\/\\\/radiolitoral.com\\\/#organization\"},\"image\":{\"@id\":\"https:\\\/\\\/radiolitoral.com\\\/2025\\\/02\\\/teulada-aposta-per-la-videovigilancia-per-millorar-la-seguretat-urbana\\\/#primaryimage\"},\"thumbnailUrl\":\"https:\\\/\\\/media.radiolitoral.com\\\/wp-content\\\/uploads\\\/2025\\\/02\\\/18100452\\\/camara-seguridad.jpg\",\"keywords\":[\"c\u00e1maras teulada\",\"Seguridad Ciudadana\",\"vigilancia teulada\"],\"articleSection\":[\"Seguridad Ciudadana\"],\"inLanguage\":\"ca\",\"potentialAction\":[{\"@type\":\"CommentAction\",\"name\":\"Comment\",\"target\":[\"https:\\\/\\\/radiolitoral.com\\\/2025\\\/02\\\/teulada-aposta-per-la-videovigilancia-per-millorar-la-seguretat-urbana\\\/#respond\"]}]},{\"@type\":[\"WebPage\",\"ItemPage\"],\"@id\":\"https:\\\/\\\/radiolitoral.com\\\/2025\\\/02\\\/teulada-aposta-per-la-videovigilancia-per-millorar-la-seguretat-urbana\\\/\",\"url\":\"https:\\\/\\\/radiolitoral.com\\\/2025\\\/02\\\/teulada-aposta-per-la-videovigilancia-per-millorar-la-seguretat-urbana\\\/\",\"name\":\"Teulada aposta per la videovigil\u00e0ncia per millorar la seguretat urbana | R\u00e0dio Litoral\",\"isPartOf\":{\"@id\":\"https:\\\/\\\/radiolitoral.com\\\/#website\"},\"primaryImageOfPage\":{\"@id\":\"https:\\\/\\\/radiolitoral.com\\\/2025\\\/02\\\/teulada-aposta-per-la-videovigilancia-per-millorar-la-seguretat-urbana\\\/#primaryimage\"},\"image\":{\"@id\":\"https:\\\/\\\/radiolitoral.com\\\/2025\\\/02\\\/teulada-aposta-per-la-videovigilancia-per-millorar-la-seguretat-urbana\\\/#primaryimage\"},\"thumbnailUrl\":\"https:\\\/\\\/media.radiolitoral.com\\\/wp-content\\\/uploads\\\/2025\\\/02\\\/18100452\\\/camara-seguridad.jpg\",\"datePublished\":\"2025-02-18T09:05:35+00:00\",\"dateModified\":\"2025-02-18T09:05:45+00:00\",\"description\":\"Un sistema de CCTV refor\u00e7ar\u00e0 el control municipal i la prevenci\u00f3 d'incidents\",\"breadcrumb\":{\"@id\":\"https:\\\/\\\/radiolitoral.com\\\/2025\\\/02\\\/teulada-aposta-per-la-videovigilancia-per-millorar-la-seguretat-urbana\\\/#breadcrumb\"},\"inLanguage\":\"ca\",\"potentialAction\":[{\"@type\":\"ReadAction\",\"target\":[\"https:\\\/\\\/radiolitoral.com\\\/2025\\\/02\\\/teulada-aposta-per-la-videovigilancia-per-millorar-la-seguretat-urbana\\\/\"]}]},{\"@type\":\"ImageObject\",\"inLanguage\":\"ca\",\"@id\":\"https:\\\/\\\/radiolitoral.com\\\/2025\\\/02\\\/teulada-aposta-per-la-videovigilancia-per-millorar-la-seguretat-urbana\\\/#primaryimage\",\"url\":\"https:\\\/\\\/media.radiolitoral.com\\\/wp-content\\\/uploads\\\/2025\\\/02\\\/18100452\\\/camara-seguridad.jpg\",\"contentUrl\":\"https:\\\/\\\/media.radiolitoral.com\\\/wp-content\\\/uploads\\\/2025\\\/02\\\/18100452\\\/camara-seguridad.jpg\",\"width\":800,\"height\":533},{\"@type\":\"BreadcrumbList\",\"@id\":\"https:\\\/\\\/radiolitoral.com\\\/2025\\\/02\\\/teulada-aposta-per-la-videovigilancia-per-millorar-la-seguretat-urbana\\\/#breadcrumb\",\"itemListElement\":[{\"@type\":\"ListItem\",\"position\":1,\"name\":\"Portada\",\"item\":\"https:\\\/\\\/radiolitoral.com\\\/\"},{\"@type\":\"ListItem\",\"position\":2,\"name\":\"Teulada aposta per la videovigil\u00e0ncia per millorar la seguretat urbana\"}]},{\"@type\":\"WebSite\",\"@id\":\"https:\\\/\\\/radiolitoral.com\\\/#website\",\"url\":\"https:\\\/\\\/radiolitoral.com\\\/\",\"name\":\"Radio Litoral\",\"description\":\"La radio local de la Marina Alta\",\"publisher\":{\"@id\":\"https:\\\/\\\/radiolitoral.com\\\/#organization\"},\"alternateName\":\"Litoral FM\",\"potentialAction\":[{\"@type\":\"SearchAction\",\"target\":{\"@type\":\"EntryPoint\",\"urlTemplate\":\"https:\\\/\\\/radiolitoral.com\\\/?s={search_term_string}\"},\"query-input\":{\"@type\":\"PropertyValueSpecification\",\"valueRequired\":true,\"valueName\":\"search_term_string\"}}],\"inLanguage\":\"ca\"},{\"@type\":\"Organization\",\"@id\":\"https:\\\/\\\/radiolitoral.com\\\/#organization\",\"name\":\"Radio Litoral\",\"url\":\"https:\\\/\\\/radiolitoral.com\\\/\",\"logo\":{\"@type\":\"ImageObject\",\"inLanguage\":\"ca\",\"@id\":\"https:\\\/\\\/radiolitoral.com\\\/#\\\/schema\\\/logo\\\/image\\\/\",\"url\":\"https:\\\/\\\/media.radiolitoral.com\\\/wp-content\\\/uploads\\\/2023\\\/02\\\/24143238\\\/CL-V-RadioLitoral696.png\",\"contentUrl\":\"https:\\\/\\\/media.radiolitoral.com\\\/wp-content\\\/uploads\\\/2023\\\/02\\\/24143238\\\/CL-V-RadioLitoral696.png\",\"width\":696,\"height\":696,\"caption\":\"Radio Litoral\"},\"image\":{\"@id\":\"https:\\\/\\\/radiolitoral.com\\\/#\\\/schema\\\/logo\\\/image\\\/\"},\"sameAs\":[\"https:\\\/\\\/www.facebook.com\\\/Laradiolitoral\\\/\"]},{\"@type\":\"Person\",\"@id\":\"https:\\\/\\\/radiolitoral.com\\\/#\\\/schema\\\/person\\\/96b739642eb3bedb532aac3812d23307\",\"name\":\"Redacci\u00f3n\",\"image\":{\"@type\":\"ImageObject\",\"inLanguage\":\"ca\",\"@id\":\"https:\\\/\\\/secure.gravatar.com\\\/avatar\\\/30cd06129ee90411dd9c7cbdcf17464181d1a3c7b072e92070ea75a25cf0097e?s=96&d=mm&r=g\",\"url\":\"https:\\\/\\\/secure.gravatar.com\\\/avatar\\\/30cd06129ee90411dd9c7cbdcf17464181d1a3c7b072e92070ea75a25cf0097e?s=96&d=mm&r=g\",\"contentUrl\":\"https:\\\/\\\/secure.gravatar.com\\\/avatar\\\/30cd06129ee90411dd9c7cbdcf17464181d1a3c7b072e92070ea75a25cf0097e?s=96&d=mm&r=g\",\"caption\":\"Redacci\u00f3n\"},\"url\":\"https:\\\/\\\/radiolitoral.com\\\/ca\\\/author\\\/kevin-carrio\\\/\"}]}<\/script>\n<!-- \/ Yoast SEO plugin. -->","yoast_head_json":{"title":"Teulada aposta per la videovigil\u00e0ncia per millorar la seguretat urbana | R\u00e0dio Litoral","description":"Un sistema de CCTV refor\u00e7ar\u00e0 el control municipal i la prevenci\u00f3 d&#039;incidents","robots":{"index":"index","follow":"follow","max-snippet":"max-snippet:-1","max-image-preview":"max-image-preview:large","max-video-preview":"max-video-preview:-1"},"canonical":"https:\/\/radiolitoral.com\/ca\/2025\/02\/teulada-aposta-per-la-videovigilancia-per-millorar-la-seguretat-urbana\/","og_locale":"ca_ES","og_type":"article","og_title":"Teulada aposta per la videovigil\u00e0ncia per millorar la seguretat urbana | R\u00e0dio Litoral","og_description":"Un sistema de CCTV refor\u00e7ar\u00e0 el control municipal i la prevenci\u00f3 d'incidents","og_url":"https:\/\/radiolitoral.com\/ca\/2025\/02\/teulada-aposta-per-la-videovigilancia-per-millorar-la-seguretat-urbana\/","og_site_name":"R\u00e0dio Litoral","article_publisher":"https:\/\/www.facebook.com\/Laradiolitoral\/","article_published_time":"2025-02-18T09:05:35+00:00","article_modified_time":"2025-02-18T09:05:45+00:00","og_image":[{"width":800,"height":533,"url":"https:\/\/media.radiolitoral.com\/wp-content\/uploads\/2025\/02\/18100452\/camara-seguridad.jpg","type":"image\/jpeg"}],"author":"Redacci\u00f3n","twitter_card":"summary_large_image","twitter_misc":{"Escrit per":"Redacci\u00f3n","Temps estimat de lectura":"2 minuts"},"schema":{"@context":"https:\/\/schema.org","@graph":[{"@type":"NewsArticle","@id":"https:\/\/radiolitoral.com\/2025\/02\/teulada-aposta-per-la-videovigilancia-per-millorar-la-seguretat-urbana\/#article","isPartOf":{"@id":"https:\/\/radiolitoral.com\/2025\/02\/teulada-aposta-per-la-videovigilancia-per-millorar-la-seguretat-urbana\/"},"author":{"name":"Redacci\u00f3n","@id":"https:\/\/radiolitoral.com\/#\/schema\/person\/96b739642eb3bedb532aac3812d23307"},"headline":"Teulada aposta per la videovigil\u00e0ncia per millorar la seguretat urbana","datePublished":"2025-02-18T09:05:35+00:00","dateModified":"2025-02-18T09:05:45+00:00","mainEntityOfPage":{"@id":"https:\/\/radiolitoral.com\/2025\/02\/teulada-aposta-per-la-videovigilancia-per-millorar-la-seguretat-urbana\/"},"wordCount":258,"commentCount":0,"publisher":{"@id":"https:\/\/radiolitoral.com\/#organization"},"image":{"@id":"https:\/\/radiolitoral.com\/2025\/02\/teulada-aposta-per-la-videovigilancia-per-millorar-la-seguretat-urbana\/#primaryimage"},"thumbnailUrl":"https:\/\/media.radiolitoral.com\/wp-content\/uploads\/2025\/02\/18100452\/camara-seguridad.jpg","keywords":["c\u00e1maras teulada","Seguridad Ciudadana","vigilancia teulada"],"articleSection":["Seguridad Ciudadana"],"inLanguage":"ca","potentialAction":[{"@type":"CommentAction","name":"Comment","target":["https:\/\/radiolitoral.com\/2025\/02\/teulada-aposta-per-la-videovigilancia-per-millorar-la-seguretat-urbana\/#respond"]}]},{"@type":["WebPage","ItemPage"],"@id":"https:\/\/radiolitoral.com\/2025\/02\/teulada-aposta-per-la-videovigilancia-per-millorar-la-seguretat-urbana\/","url":"https:\/\/radiolitoral.com\/2025\/02\/teulada-aposta-per-la-videovigilancia-per-millorar-la-seguretat-urbana\/","name":"Teulada aposta per la videovigil\u00e0ncia per millorar la seguretat urbana | R\u00e0dio Litoral","isPartOf":{"@id":"https:\/\/radiolitoral.com\/#website"},"primaryImageOfPage":{"@id":"https:\/\/radiolitoral.com\/2025\/02\/teulada-aposta-per-la-videovigilancia-per-millorar-la-seguretat-urbana\/#primaryimage"},"image":{"@id":"https:\/\/radiolitoral.com\/2025\/02\/teulada-aposta-per-la-videovigilancia-per-millorar-la-seguretat-urbana\/#primaryimage"},"thumbnailUrl":"https:\/\/media.radiolitoral.com\/wp-content\/uploads\/2025\/02\/18100452\/camara-seguridad.jpg","datePublished":"2025-02-18T09:05:35+00:00","dateModified":"2025-02-18T09:05:45+00:00","description":"Un sistema de CCTV refor\u00e7ar\u00e0 el control municipal i la prevenci\u00f3 d&#039;incidents","breadcrumb":{"@id":"https:\/\/radiolitoral.com\/2025\/02\/teulada-aposta-per-la-videovigilancia-per-millorar-la-seguretat-urbana\/#breadcrumb"},"inLanguage":"ca","potentialAction":[{"@type":"ReadAction","target":["https:\/\/radiolitoral.com\/2025\/02\/teulada-aposta-per-la-videovigilancia-per-millorar-la-seguretat-urbana\/"]}]},{"@type":"ImageObject","inLanguage":"ca","@id":"https:\/\/radiolitoral.com\/2025\/02\/teulada-aposta-per-la-videovigilancia-per-millorar-la-seguretat-urbana\/#primaryimage","url":"https:\/\/media.radiolitoral.com\/wp-content\/uploads\/2025\/02\/18100452\/camara-seguridad.jpg","contentUrl":"https:\/\/media.radiolitoral.com\/wp-content\/uploads\/2025\/02\/18100452\/camara-seguridad.jpg","width":800,"height":533},{"@type":"BreadcrumbList","@id":"https:\/\/radiolitoral.com\/2025\/02\/teulada-aposta-per-la-videovigilancia-per-millorar-la-seguretat-urbana\/#breadcrumb","itemListElement":[{"@type":"ListItem","position":1,"name":"Portada","item":"https:\/\/radiolitoral.com\/"},{"@type":"ListItem","position":2,"name":"Teulada aposta per la videovigil\u00e0ncia per millorar la seguretat urbana"}]},{"@type":"WebSite","@id":"https:\/\/radiolitoral.com\/#website","url":"https:\/\/radiolitoral.com\/","name":"R\u00e0dio Litoral","description":"La r\u00e0dio local de la Marina Alta","publisher":{"@id":"https:\/\/radiolitoral.com\/#organization"},"alternateName":"Litoral FM","potentialAction":[{"@type":"SearchAction","target":{"@type":"EntryPoint","urlTemplate":"https:\/\/radiolitoral.com\/?s={search_term_string}"},"query-input":{"@type":"PropertyValueSpecification","valueRequired":true,"valueName":"search_term_string"}}],"inLanguage":"ca"},{"@type":"Organization","@id":"https:\/\/radiolitoral.com\/#organization","name":"R\u00e0dio Litoral","url":"https:\/\/radiolitoral.com\/","logo":{"@type":"ImageObject","inLanguage":"ca","@id":"https:\/\/radiolitoral.com\/#\/schema\/logo\/image\/","url":"https:\/\/media.radiolitoral.com\/wp-content\/uploads\/2023\/02\/24143238\/CL-V-RadioLitoral696.png","contentUrl":"https:\/\/media.radiolitoral.com\/wp-content\/uploads\/2023\/02\/24143238\/CL-V-RadioLitoral696.png","width":696,"height":696,"caption":"Radio Litoral"},"image":{"@id":"https:\/\/radiolitoral.com\/#\/schema\/logo\/image\/"},"sameAs":["https:\/\/www.facebook.com\/Laradiolitoral\/"]},{"@type":"Person","@id":"https:\/\/radiolitoral.com\/#\/schema\/person\/96b739642eb3bedb532aac3812d23307","name":"Redacci\u00f3","image":{"@type":"ImageObject","inLanguage":"ca","@id":"https:\/\/secure.gravatar.com\/avatar\/30cd06129ee90411dd9c7cbdcf17464181d1a3c7b072e92070ea75a25cf0097e?s=96&d=mm&r=g","url":"https:\/\/secure.gravatar.com\/avatar\/30cd06129ee90411dd9c7cbdcf17464181d1a3c7b072e92070ea75a25cf0097e?s=96&d=mm&r=g","contentUrl":"https:\/\/secure.gravatar.com\/avatar\/30cd06129ee90411dd9c7cbdcf17464181d1a3c7b072e92070ea75a25cf0097e?s=96&d=mm&r=g","caption":"Redacci\u00f3n"},"url":"https:\/\/radiolitoral.com\/ca\/author\/kevin-carrio\/"}]}},"_links":{"self":[{"href":"https:\/\/radiolitoral.com\/ca\/wp-json\/wp\/v2\/posts\/15026","targetHints":{"allow":["GET"]}}],"collection":[{"href":"https:\/\/radiolitoral.com\/ca\/wp-json\/wp\/v2\/posts"}],"about":[{"href":"https:\/\/radiolitoral.com\/ca\/wp-json\/wp\/v2\/types\/post"}],"author":[{"embeddable":true,"href":"https:\/\/radiolitoral.com\/ca\/wp-json\/wp\/v2\/users\/14"}],"replies":[{"embeddable":true,"href":"https:\/\/radiolitoral.com\/ca\/wp-json\/wp\/v2\/comments?post=15026"}],"version-history":[{"count":2,"href":"https:\/\/radiolitoral.com\/ca\/wp-json\/wp\/v2\/posts\/15026\/revisions"}],"predecessor-version":[{"id":15029,"href":"https:\/\/radiolitoral.com\/ca\/wp-json\/wp\/v2\/posts\/15026\/revisions\/15029"}],"wp:featuredmedia":[{"embeddable":true,"href":"https:\/\/radiolitoral.com\/ca\/wp-json\/wp\/v2\/media\/15027"}],"wp:attachment":[{"href":"https:\/\/radiolitoral.com\/ca\/wp-json\/wp\/v2\/media?parent=15026"}],"wp:term":[{"taxonomy":"category","embeddable":true,"href":"https:\/\/radiolitoral.com\/ca\/wp-json\/wp\/v2\/categories?post=15026"},{"taxonomy":"post_tag","embeddable":true,"href":"https:\/\/radiolitoral.com\/ca\/wp-json\/wp\/v2\/tags?post=15026"}],"curies":[{"name":"wp","href":"https:\/\/api.w.org\/{rel}","templated":true}]}}