{"id":1499,"date":"2023-03-21T13:33:08","date_gmt":"2023-03-21T12:33:08","guid":{"rendered":"https:\/\/radiolitoral.com\/?p=1499"},"modified":"2023-03-21T13:36:00","modified_gmt":"2023-03-21T12:36:00","slug":"1499","status":"publish","type":"post","link":"https:\/\/radiolitoral.com\/ca\/2023\/03\/1499\/","title":{"rendered":"Benissa presenta el programa &#039;Viu la Pasqua 2023&#039;"},"content":{"rendered":"<p>El <strong>Ajuntament de Benissa<\/strong> ja ha presentat el programa <strong>&#039;Viu la Pasqua 2023&#039;<\/strong> amb tota l&#039;oferta cultural, gastron\u00f2mica i tur\u00edstica per a les vacances de Setmana Santa. Des del <strong>30 de mar\u00e7 fins al 17 d&#039;abril<\/strong> se succeiran diferents <strong>activitats culturals, de lleure juvenil, tur\u00edstiques i fins i tot de l&#039;\u00e0mbit m\u00e9s religi\u00f3s<\/strong> relacionades amb la Setmana Santa que es troben incloses al programa.<\/p>\n<p>A m\u00e9s de les activitats ordin\u00e0ries de la regidoria de Cultura com ara el cinema o les exposicions permanents, tamb\u00e9 s&#039;ha previst la celebraci\u00f3 d&#039;alguns concerts organitzats directament per la Parr\u00f2quia de Benissa.<\/p>\n<p>Per part seva, la delegaci\u00f3 de Joventut ha col\u00b7laborat en l&#039;organitzaci\u00f3 del programa amb les jornades de conciliaci\u00f3 familiar i laboral conegudes com la <strong>&#039;Mona de Pasqua&#039;<\/strong> i amb un ampli ventall d&#039;activitats com cursos de discj\u00f2quei, discoteca o tornejos de jocs de taula que es duran a terme al Casal Jove.<\/p>\n<p>Mentre que l&#039;\u00e0rea d&#039;Esports n&#039;ha programat una <strong>excursi\u00f3 el dia 15 a Elda<\/strong> per a la pr\u00e0ctica de l&#039;escalada amb Via ferrada de baixa dificultat. I el departament de Turisme far\u00e0 <strong>tres visites guiades, dues experiencials relacionades amb la gastronomia local i una nocturna pel Passeig Ecol\u00f2gic<\/strong>.<\/p>\n<p>Aix\u00ed ens ho ha avan\u00e7at<strong> Jorge Ivars, que \u00e9s el regidor de Turisme de Benissa<\/strong>:<\/p>\n<p>&nbsp;<\/p>\n<audio class=\"wp-audio-shortcode\" id=\"audio-1499-1\" preload=\"none\" style=\"width: 100%;\" controls=\"controls\"><source type=\"audio\/mpeg\" src=\"https:\/\/media.radiolitoral.com\/wp-content\/uploads\/2023\/03\/21133050\/Jorge-Ivars.mp3?_=1\" \/><a href=\"https:\/\/media.radiolitoral.com\/wp-content\/uploads\/2023\/03\/21133050\/Jorge-Ivars.mp3\">https:\/\/media.radiolitoral.com\/wp-content\/uploads\/2023\/03\/21133050\/Jorge-Ivars.mp3<\/a><\/audio>\n<p><strong>\u00a0<\/strong><\/p>","protected":false},"excerpt":{"rendered":"<p>El Ayuntamiento de Benissa ha presentado ya el programa \u2018Viu la Pasqua 2023\u2019 con toda la oferta cultural, gastron\u00f3mica y tur\u00edstica para las vacaciones de Semana Santa. Desde el 30 de marzo hasta el 17 de abril se suceder\u00e1n diferentes actividades culturales, de ocio juvenil, tur\u00edsticas e incluso del \u00e1mbito m\u00e1s religioso relacionadas con la [&#8230;]<\/p>\n<p><a class=\"btn btn-secondary understrap-read-more-link\" href=\"https:\/\/radiolitoral.com\/ca\/2023\/03\/1499\/\">Continua llegint&#8230;<span class=\"screen-reader-text\"> from Benissa presenta el programa \u2018Viu la Pasqua 2023\u2019<\/span><\/a><\/p>\n","protected":false},"author":21,"featured_media":1501,"comment_status":"open","ping_status":"closed","sticky":false,"template":"","format":"standard","meta":{"_acf_changed":false,"inline_featured_image":false,"footnotes":""},"categories":[276],"tags":[218,126,232,231],"class_list":["post-1499","post","type-post","status-publish","format-standard","has-post-thumbnail","hentry","category-fiestas","tag-agenda-benissa","tag-benissa","tag-pascua","tag-semana-santa","cobertura-benissa"],"acf":[],"yoast_head":"<!-- This site is optimized with the Yoast SEO plugin v27.5 - https:\/\/yoast.com\/product\/yoast-seo-wordpress\/ -->\n<title>Benissa presenta el programa \u2018Viu la Pasqua 2023\u2019 | R\u00e0dio Litoral<\/title>\n<meta name=\"description\" content=\"Del 30 de marzo al 17 de abril se suceder\u00e1n diferentes actividades culturales, de ocio juvenil, tur\u00edsticas e incluso del \u00e1mbito m\u00e1s religioso\" \/>\n<meta name=\"robots\" content=\"index, follow, max-snippet:-1, max-image-preview:large, max-video-preview:-1\" \/>\n<link rel=\"canonical\" href=\"https:\/\/radiolitoral.com\/ca\/2023\/03\/1499\/\" \/>\n<meta property=\"og:locale\" content=\"ca_ES\" \/>\n<meta property=\"og:type\" content=\"article\" \/>\n<meta property=\"og:title\" content=\"Benissa presenta el programa \u2018Viu la Pasqua 2023\u2019 | R\u00e0dio Litoral\" \/>\n<meta property=\"og:description\" content=\"Del 30 de marzo al 17 de abril se suceder\u00e1n diferentes actividades culturales, de ocio juvenil, tur\u00edsticas e incluso del \u00e1mbito m\u00e1s religioso\" \/>\n<meta property=\"og:url\" content=\"https:\/\/radiolitoral.com\/ca\/2023\/03\/1499\/\" \/>\n<meta property=\"og:site_name\" content=\"R\u00e0dio Litoral\" \/>\n<meta property=\"article:publisher\" content=\"https:\/\/www.facebook.com\/Laradiolitoral\/\" \/>\n<meta property=\"article:published_time\" content=\"2023-03-21T12:33:08+00:00\" \/>\n<meta property=\"article:modified_time\" content=\"2023-03-21T12:36:00+00:00\" \/>\n<meta property=\"og:image\" content=\"https:\/\/media.radiolitoral.com\/wp-content\/uploads\/2023\/03\/21133301\/e-870x430-1.jpg\" \/>\n\t<meta property=\"og:image:width\" content=\"870\" \/>\n\t<meta property=\"og:image:height\" content=\"430\" \/>\n\t<meta property=\"og:image:type\" content=\"image\/jpeg\" \/>\n<meta name=\"author\" content=\"Mel Pescuezo\" \/>\n<meta name=\"twitter:card\" content=\"summary_large_image\" \/>\n<meta name=\"twitter:label1\" content=\"Escrit per\" \/>\n\t<meta name=\"twitter:data1\" content=\"Mel Pescuezo\" \/>\n\t<meta name=\"twitter:label2\" content=\"Temps estimat de lectura\" \/>\n\t<meta name=\"twitter:data2\" content=\"2 minuts\" \/>\n<script type=\"application\/ld+json\" class=\"yoast-schema-graph\">{\"@context\":\"https:\\\/\\\/schema.org\",\"@graph\":[{\"@type\":\"NewsArticle\",\"@id\":\"https:\\\/\\\/radiolitoral.com\\\/2023\\\/03\\\/1499\\\/#article\",\"isPartOf\":{\"@id\":\"https:\\\/\\\/radiolitoral.com\\\/2023\\\/03\\\/1499\\\/\"},\"author\":{\"name\":\"Mel Pescuezo\",\"@id\":\"https:\\\/\\\/radiolitoral.com\\\/#\\\/schema\\\/person\\\/aad4f72efa404f85b68e832d24cac059\"},\"headline\":\"Benissa presenta el programa \u2018Viu la Pasqua 2023\u2019\",\"datePublished\":\"2023-03-21T12:33:08+00:00\",\"dateModified\":\"2023-03-21T12:36:00+00:00\",\"mainEntityOfPage\":{\"@id\":\"https:\\\/\\\/radiolitoral.com\\\/2023\\\/03\\\/1499\\\/\"},\"wordCount\":252,\"commentCount\":0,\"publisher\":{\"@id\":\"https:\\\/\\\/radiolitoral.com\\\/#organization\"},\"image\":{\"@id\":\"https:\\\/\\\/radiolitoral.com\\\/2023\\\/03\\\/1499\\\/#primaryimage\"},\"thumbnailUrl\":\"https:\\\/\\\/media.radiolitoral.com\\\/wp-content\\\/uploads\\\/2023\\\/03\\\/21133301\\\/e-870x430-1.jpg\",\"keywords\":[\"agenda Benissa\",\"Benissa\",\"Pascua\",\"Semana Santa\"],\"articleSection\":[\"Fiestas\"],\"inLanguage\":\"ca\",\"potentialAction\":[{\"@type\":\"CommentAction\",\"name\":\"Comment\",\"target\":[\"https:\\\/\\\/radiolitoral.com\\\/2023\\\/03\\\/1499\\\/#respond\"]}]},{\"@type\":[\"WebPage\",\"ItemPage\"],\"@id\":\"https:\\\/\\\/radiolitoral.com\\\/2023\\\/03\\\/1499\\\/\",\"url\":\"https:\\\/\\\/radiolitoral.com\\\/2023\\\/03\\\/1499\\\/\",\"name\":\"Benissa presenta el programa \u2018Viu la Pasqua 2023\u2019 | R\u00e0dio Litoral\",\"isPartOf\":{\"@id\":\"https:\\\/\\\/radiolitoral.com\\\/#website\"},\"primaryImageOfPage\":{\"@id\":\"https:\\\/\\\/radiolitoral.com\\\/2023\\\/03\\\/1499\\\/#primaryimage\"},\"image\":{\"@id\":\"https:\\\/\\\/radiolitoral.com\\\/2023\\\/03\\\/1499\\\/#primaryimage\"},\"thumbnailUrl\":\"https:\\\/\\\/media.radiolitoral.com\\\/wp-content\\\/uploads\\\/2023\\\/03\\\/21133301\\\/e-870x430-1.jpg\",\"datePublished\":\"2023-03-21T12:33:08+00:00\",\"dateModified\":\"2023-03-21T12:36:00+00:00\",\"description\":\"Del 30 de marzo al 17 de abril se suceder\u00e1n diferentes actividades culturales, de ocio juvenil, tur\u00edsticas e incluso del \u00e1mbito m\u00e1s religioso\",\"breadcrumb\":{\"@id\":\"https:\\\/\\\/radiolitoral.com\\\/2023\\\/03\\\/1499\\\/#breadcrumb\"},\"inLanguage\":\"ca\",\"potentialAction\":[{\"@type\":\"ReadAction\",\"target\":[\"https:\\\/\\\/radiolitoral.com\\\/2023\\\/03\\\/1499\\\/\"]}]},{\"@type\":\"ImageObject\",\"inLanguage\":\"ca\",\"@id\":\"https:\\\/\\\/radiolitoral.com\\\/2023\\\/03\\\/1499\\\/#primaryimage\",\"url\":\"https:\\\/\\\/media.radiolitoral.com\\\/wp-content\\\/uploads\\\/2023\\\/03\\\/21133301\\\/e-870x430-1.jpg\",\"contentUrl\":\"https:\\\/\\\/media.radiolitoral.com\\\/wp-content\\\/uploads\\\/2023\\\/03\\\/21133301\\\/e-870x430-1.jpg\",\"width\":870,\"height\":430},{\"@type\":\"BreadcrumbList\",\"@id\":\"https:\\\/\\\/radiolitoral.com\\\/2023\\\/03\\\/1499\\\/#breadcrumb\",\"itemListElement\":[{\"@type\":\"ListItem\",\"position\":1,\"name\":\"Portada\",\"item\":\"https:\\\/\\\/radiolitoral.com\\\/\"},{\"@type\":\"ListItem\",\"position\":2,\"name\":\"Benissa presenta el programa \u2018Viu la Pasqua 2023\u2019\"}]},{\"@type\":\"WebSite\",\"@id\":\"https:\\\/\\\/radiolitoral.com\\\/#website\",\"url\":\"https:\\\/\\\/radiolitoral.com\\\/\",\"name\":\"Radio Litoral\",\"description\":\"La radio local de la Marina Alta\",\"publisher\":{\"@id\":\"https:\\\/\\\/radiolitoral.com\\\/#organization\"},\"alternateName\":\"Litoral FM\",\"potentialAction\":[{\"@type\":\"SearchAction\",\"target\":{\"@type\":\"EntryPoint\",\"urlTemplate\":\"https:\\\/\\\/radiolitoral.com\\\/?s={search_term_string}\"},\"query-input\":{\"@type\":\"PropertyValueSpecification\",\"valueRequired\":true,\"valueName\":\"search_term_string\"}}],\"inLanguage\":\"ca\"},{\"@type\":\"Organization\",\"@id\":\"https:\\\/\\\/radiolitoral.com\\\/#organization\",\"name\":\"Radio Litoral\",\"url\":\"https:\\\/\\\/radiolitoral.com\\\/\",\"logo\":{\"@type\":\"ImageObject\",\"inLanguage\":\"ca\",\"@id\":\"https:\\\/\\\/radiolitoral.com\\\/#\\\/schema\\\/logo\\\/image\\\/\",\"url\":\"https:\\\/\\\/media.radiolitoral.com\\\/wp-content\\\/uploads\\\/2023\\\/02\\\/24143238\\\/CL-V-RadioLitoral696.png\",\"contentUrl\":\"https:\\\/\\\/media.radiolitoral.com\\\/wp-content\\\/uploads\\\/2023\\\/02\\\/24143238\\\/CL-V-RadioLitoral696.png\",\"width\":696,\"height\":696,\"caption\":\"Radio Litoral\"},\"image\":{\"@id\":\"https:\\\/\\\/radiolitoral.com\\\/#\\\/schema\\\/logo\\\/image\\\/\"},\"sameAs\":[\"https:\\\/\\\/www.facebook.com\\\/Laradiolitoral\\\/\"]},{\"@type\":\"Person\",\"@id\":\"https:\\\/\\\/radiolitoral.com\\\/#\\\/schema\\\/person\\\/aad4f72efa404f85b68e832d24cac059\",\"name\":\"Mel Pescuezo\",\"image\":{\"@type\":\"ImageObject\",\"inLanguage\":\"ca\",\"@id\":\"https:\\\/\\\/secure.gravatar.com\\\/avatar\\\/993975ae489c70cb0dd9bfa9413a082f0bd276582dac13661af7b33f161e7eea?s=96&d=mm&r=g\",\"url\":\"https:\\\/\\\/secure.gravatar.com\\\/avatar\\\/993975ae489c70cb0dd9bfa9413a082f0bd276582dac13661af7b33f161e7eea?s=96&d=mm&r=g\",\"contentUrl\":\"https:\\\/\\\/secure.gravatar.com\\\/avatar\\\/993975ae489c70cb0dd9bfa9413a082f0bd276582dac13661af7b33f161e7eea?s=96&d=mm&r=g\",\"caption\":\"Mel Pescuezo\"},\"url\":\"https:\\\/\\\/radiolitoral.com\\\/ca\\\/author\\\/serviciospararadios\\\/\"}]}<\/script>\n<!-- \/ Yoast SEO plugin. -->","yoast_head_json":{"title":"Benissa presenta el programa &#039;Viu la Pasqua 2023&#039; | R\u00e0dio Litoral","description":"Del 30 de mar\u00e7 al 17 d&#039;abril se succeiran diferents activitats culturals, de lleure juvenil, tur\u00edstiques i fins i tot de l&#039;\u00e0mbit m\u00e9s religi\u00f3s","robots":{"index":"index","follow":"follow","max-snippet":"max-snippet:-1","max-image-preview":"max-image-preview:large","max-video-preview":"max-video-preview:-1"},"canonical":"https:\/\/radiolitoral.com\/ca\/2023\/03\/1499\/","og_locale":"ca_ES","og_type":"article","og_title":"Benissa presenta el programa \u2018Viu la Pasqua 2023\u2019 | R\u00e0dio Litoral","og_description":"Del 30 de marzo al 17 de abril se suceder\u00e1n diferentes actividades culturales, de ocio juvenil, tur\u00edsticas e incluso del \u00e1mbito m\u00e1s religioso","og_url":"https:\/\/radiolitoral.com\/ca\/2023\/03\/1499\/","og_site_name":"R\u00e0dio Litoral","article_publisher":"https:\/\/www.facebook.com\/Laradiolitoral\/","article_published_time":"2023-03-21T12:33:08+00:00","article_modified_time":"2023-03-21T12:36:00+00:00","og_image":[{"width":870,"height":430,"url":"https:\/\/media.radiolitoral.com\/wp-content\/uploads\/2023\/03\/21133301\/e-870x430-1.jpg","type":"image\/jpeg"}],"author":"Mel Pescuezo","twitter_card":"summary_large_image","twitter_misc":{"Escrit per":"Mel Pescuezo","Temps estimat de lectura":"2 minuts"},"schema":{"@context":"https:\/\/schema.org","@graph":[{"@type":"NewsArticle","@id":"https:\/\/radiolitoral.com\/2023\/03\/1499\/#article","isPartOf":{"@id":"https:\/\/radiolitoral.com\/2023\/03\/1499\/"},"author":{"name":"Mel Pescuezo","@id":"https:\/\/radiolitoral.com\/#\/schema\/person\/aad4f72efa404f85b68e832d24cac059"},"headline":"Benissa presenta el programa \u2018Viu la Pasqua 2023\u2019","datePublished":"2023-03-21T12:33:08+00:00","dateModified":"2023-03-21T12:36:00+00:00","mainEntityOfPage":{"@id":"https:\/\/radiolitoral.com\/2023\/03\/1499\/"},"wordCount":252,"commentCount":0,"publisher":{"@id":"https:\/\/radiolitoral.com\/#organization"},"image":{"@id":"https:\/\/radiolitoral.com\/2023\/03\/1499\/#primaryimage"},"thumbnailUrl":"https:\/\/media.radiolitoral.com\/wp-content\/uploads\/2023\/03\/21133301\/e-870x430-1.jpg","keywords":["agenda Benissa","Benissa","Pascua","Semana Santa"],"articleSection":["Fiestas"],"inLanguage":"ca","potentialAction":[{"@type":"CommentAction","name":"Comment","target":["https:\/\/radiolitoral.com\/2023\/03\/1499\/#respond"]}]},{"@type":["WebPage","ItemPage"],"@id":"https:\/\/radiolitoral.com\/2023\/03\/1499\/","url":"https:\/\/radiolitoral.com\/2023\/03\/1499\/","name":"Benissa presenta el programa &#039;Viu la Pasqua 2023&#039; | R\u00e0dio Litoral","isPartOf":{"@id":"https:\/\/radiolitoral.com\/#website"},"primaryImageOfPage":{"@id":"https:\/\/radiolitoral.com\/2023\/03\/1499\/#primaryimage"},"image":{"@id":"https:\/\/radiolitoral.com\/2023\/03\/1499\/#primaryimage"},"thumbnailUrl":"https:\/\/media.radiolitoral.com\/wp-content\/uploads\/2023\/03\/21133301\/e-870x430-1.jpg","datePublished":"2023-03-21T12:33:08+00:00","dateModified":"2023-03-21T12:36:00+00:00","description":"Del 30 de mar\u00e7 al 17 d&#039;abril se succeiran diferents activitats culturals, de lleure juvenil, tur\u00edstiques i fins i tot de l&#039;\u00e0mbit m\u00e9s religi\u00f3s","breadcrumb":{"@id":"https:\/\/radiolitoral.com\/2023\/03\/1499\/#breadcrumb"},"inLanguage":"ca","potentialAction":[{"@type":"ReadAction","target":["https:\/\/radiolitoral.com\/2023\/03\/1499\/"]}]},{"@type":"ImageObject","inLanguage":"ca","@id":"https:\/\/radiolitoral.com\/2023\/03\/1499\/#primaryimage","url":"https:\/\/media.radiolitoral.com\/wp-content\/uploads\/2023\/03\/21133301\/e-870x430-1.jpg","contentUrl":"https:\/\/media.radiolitoral.com\/wp-content\/uploads\/2023\/03\/21133301\/e-870x430-1.jpg","width":870,"height":430},{"@type":"BreadcrumbList","@id":"https:\/\/radiolitoral.com\/2023\/03\/1499\/#breadcrumb","itemListElement":[{"@type":"ListItem","position":1,"name":"Portada","item":"https:\/\/radiolitoral.com\/"},{"@type":"ListItem","position":2,"name":"Benissa presenta el programa \u2018Viu la Pasqua 2023\u2019"}]},{"@type":"WebSite","@id":"https:\/\/radiolitoral.com\/#website","url":"https:\/\/radiolitoral.com\/","name":"R\u00e0dio Litoral","description":"La r\u00e0dio local de la Marina Alta","publisher":{"@id":"https:\/\/radiolitoral.com\/#organization"},"alternateName":"Litoral FM","potentialAction":[{"@type":"SearchAction","target":{"@type":"EntryPoint","urlTemplate":"https:\/\/radiolitoral.com\/?s={search_term_string}"},"query-input":{"@type":"PropertyValueSpecification","valueRequired":true,"valueName":"search_term_string"}}],"inLanguage":"ca"},{"@type":"Organization","@id":"https:\/\/radiolitoral.com\/#organization","name":"R\u00e0dio Litoral","url":"https:\/\/radiolitoral.com\/","logo":{"@type":"ImageObject","inLanguage":"ca","@id":"https:\/\/radiolitoral.com\/#\/schema\/logo\/image\/","url":"https:\/\/media.radiolitoral.com\/wp-content\/uploads\/2023\/02\/24143238\/CL-V-RadioLitoral696.png","contentUrl":"https:\/\/media.radiolitoral.com\/wp-content\/uploads\/2023\/02\/24143238\/CL-V-RadioLitoral696.png","width":696,"height":696,"caption":"Radio Litoral"},"image":{"@id":"https:\/\/radiolitoral.com\/#\/schema\/logo\/image\/"},"sameAs":["https:\/\/www.facebook.com\/Laradiolitoral\/"]},{"@type":"Person","@id":"https:\/\/radiolitoral.com\/#\/schema\/person\/aad4f72efa404f85b68e832d24cac059","name":"Mel Pescuezo","image":{"@type":"ImageObject","inLanguage":"ca","@id":"https:\/\/secure.gravatar.com\/avatar\/993975ae489c70cb0dd9bfa9413a082f0bd276582dac13661af7b33f161e7eea?s=96&d=mm&r=g","url":"https:\/\/secure.gravatar.com\/avatar\/993975ae489c70cb0dd9bfa9413a082f0bd276582dac13661af7b33f161e7eea?s=96&d=mm&r=g","contentUrl":"https:\/\/secure.gravatar.com\/avatar\/993975ae489c70cb0dd9bfa9413a082f0bd276582dac13661af7b33f161e7eea?s=96&d=mm&r=g","caption":"Mel Pescuezo"},"url":"https:\/\/radiolitoral.com\/ca\/author\/serviciospararadios\/"}]}},"_links":{"self":[{"href":"https:\/\/radiolitoral.com\/ca\/wp-json\/wp\/v2\/posts\/1499","targetHints":{"allow":["GET"]}}],"collection":[{"href":"https:\/\/radiolitoral.com\/ca\/wp-json\/wp\/v2\/posts"}],"about":[{"href":"https:\/\/radiolitoral.com\/ca\/wp-json\/wp\/v2\/types\/post"}],"author":[{"embeddable":true,"href":"https:\/\/radiolitoral.com\/ca\/wp-json\/wp\/v2\/users\/21"}],"replies":[{"embeddable":true,"href":"https:\/\/radiolitoral.com\/ca\/wp-json\/wp\/v2\/comments?post=1499"}],"version-history":[{"count":2,"href":"https:\/\/radiolitoral.com\/ca\/wp-json\/wp\/v2\/posts\/1499\/revisions"}],"predecessor-version":[{"id":1503,"href":"https:\/\/radiolitoral.com\/ca\/wp-json\/wp\/v2\/posts\/1499\/revisions\/1503"}],"wp:featuredmedia":[{"embeddable":true,"href":"https:\/\/radiolitoral.com\/ca\/wp-json\/wp\/v2\/media\/1501"}],"wp:attachment":[{"href":"https:\/\/radiolitoral.com\/ca\/wp-json\/wp\/v2\/media?parent=1499"}],"wp:term":[{"taxonomy":"category","embeddable":true,"href":"https:\/\/radiolitoral.com\/ca\/wp-json\/wp\/v2\/categories?post=1499"},{"taxonomy":"post_tag","embeddable":true,"href":"https:\/\/radiolitoral.com\/ca\/wp-json\/wp\/v2\/tags?post=1499"}],"curies":[{"name":"wp","href":"https:\/\/api.w.org\/{rel}","templated":true}]}}