{"id":14972,"date":"2025-02-14T09:24:43","date_gmt":"2025-02-14T08:24:43","guid":{"rendered":"https:\/\/radiolitoral.com\/?p=14972"},"modified":"2025-02-14T09:24:43","modified_gmt":"2025-02-14T08:24:43","slug":"comenca-la-segona-fase-de-la-lliga-comarcal-de-futbol-sala","status":"publish","type":"post","link":"https:\/\/radiolitoral.com\/ca\/2025\/02\/comenca-la-segona-fase-de-la-lliga-comarcal-de-futbol-sala\/","title":{"rendered":"Comen\u00e7a la segona fase de la lliga comarcal de Futbol sala"},"content":{"rendered":"<p data-pm-slice=\"1 1 []\">Despr\u00e9s de la finalitzaci\u00f3 de la primera fase de la <strong>Lliga Comarcal de futbol sala<\/strong>, <strong>Acdyma<\/strong> ha establert la distribuci\u00f3 dels equips que competiran a la <strong>Lliga Or<\/strong> ia la <strong>Lliga Argent<\/strong> segons la classificaci\u00f3 final.<\/p>\n<p><strong>Equips classificats per a la Lliga Or:<\/strong> Els Poblets, Bar Avinguda, Candilejas-Mercatoldo, FS Cellers Xal\u00f3, Gata FS, Ca Nano, Orange Dorian Gray, Celler Aguilar i FS Benitatxell. Aquests equips lluitaran pel t\u00edtol de campi\u00f3.<\/p>\n<p><strong>Equips de la Lliga Argent:<\/strong> CFS Beniarbeig, Restaurant Gula, Xara Edu Bisquert, Vespial FS, Construccions Arist\u00f2til, Esgl\u00e9sia D\u00e9nia, English Institute, Bale\u00e0ria i D\u00e9nia Peretol FS. Aquest grup competir\u00e0 per aconseguir el millor lloc en aquesta segona fase.<\/p>\n<p>Aquesta nova etapa del campionat comarcal es comen\u00e7ar\u00e0 a disputar aquest mateix cap de setmana amb una jornada plena de partits.<\/p>\n<h3><strong>Partits jornada inaugural segona fase<\/strong><\/h3>\n<h4><strong>Lliga Or<\/strong><\/h4>\n<ul data-spread=\"false\">\n<li><strong>Dissabte 16:00 h<\/strong> Candilejas \u2013 Bar Avinguda (Poliesportiu D\u00e9nia)<\/li>\n<li><strong>Dissabte 18:00 h<\/strong> Cellers Xal\u00f3 \u2013 Gata FS (Pavell\u00f3 Xal\u00f3)<\/li>\n<li><strong>S\u00e1bat 19:30 h<\/strong> Ca Nano \u2013 Orange (Poliesportiu D\u00e9nia)<\/li>\n<\/ul>\n<h4><strong>Lliga Argent<\/strong><\/h4>\n<ul data-spread=\"false\">\n<li><strong>Dissabte 16:30 h<\/strong> Construccions Arist\u00f2til \u2013 CFS Beniarbeig (Madriqueras)<\/li>\n<li><strong>Dissabte 17:00 h<\/strong> Esgl\u00e9sia D\u00e9nia \u2013 Bale\u00e0ria (Alfa &amp; Omega)<\/li>\n<li><strong>Dissabte 17:15 h<\/strong> Restaurant Gula \u2013 La Xara (Poliesportiu D\u00e9nia)<\/li>\n<li><strong>Dissabte 18:30 h<\/strong> English Institute \u2013 Vespial (Poliesportiu D\u00e9nia)<\/li>\n<\/ul>\n<p>Amb aquesta nova fase, la competici\u00f3 entra al seu tram decisiu on els equips buscaran consolidar-se i competir al m\u00e0xim nivell.<\/p>\n<p>&nbsp;<\/p>\n<p><script src=\"chrome-extension:\/\/flbolonkboilcbnohjlchlfgdalomdpl\/iFrame.js\" type=\"text\/javascript\"><\/script><\/p>","protected":false},"excerpt":{"rendered":"<p>Despr\u00e9s de la finalitzaci\u00f3 de la primera fase de la Lliga Comarcal de futbol sala, Acdyma ha establit la distribuci\u00f3 dels equips que competiran en la Lliga Or i en la Lliga Argent segons la classificaci\u00f3 final. Equips classificats per a la Lliga Or: Els Poblets, Bar Avenida, Candilejas-Mercatoldo, FS Bodegas Xal\u00f3, Gata FS, Ca [&#8230;]<\/p>\n<p><a class=\"btn btn-secondary understrap-read-more-link\" href=\"https:\/\/radiolitoral.com\/ca\/2025\/02\/comenca-la-segona-fase-de-la-lliga-comarcal-de-futbol-sala\/\">Continua llegint&#8230;<span class=\"screen-reader-text\"> from Comen\u00e7a la segona fase de la lliga comarcal de Futbol sala<\/span><\/a><\/p>\n","protected":false},"author":12,"featured_media":14973,"comment_status":"open","ping_status":"closed","sticky":false,"template":"","format":"standard","meta":{"_acf_changed":false,"inline_featured_image":false,"footnotes":""},"categories":[5],"tags":[1508,6,3690],"class_list":["post-14972","post","type-post","status-publish","format-standard","has-post-thumbnail","hentry","category-deportes","tag-acydma","tag-deportes","tag-lliga-comarcal-de-futbol-sala","cobertura-marina-alta"],"acf":[],"yoast_head":"<!-- This site is optimized with the Yoast SEO plugin v27.5 - https:\/\/yoast.com\/product\/yoast-seo-wordpress\/ -->\n<title>Comen\u00e7a la segona fase de la lliga comarcal de Futbol sala | R\u00e0dio Litoral<\/title>\n<meta name=\"description\" content=\"Acydma busca als campions de la Lliga Or i de la Lliga ArgentAcydma busca als campions de la Lliga Or i de la Lliga Argent\" \/>\n<meta name=\"robots\" content=\"index, follow, max-snippet:-1, max-image-preview:large, max-video-preview:-1\" \/>\n<link rel=\"canonical\" href=\"https:\/\/radiolitoral.com\/ca\/2025\/02\/comenca-la-segona-fase-de-la-lliga-comarcal-de-futbol-sala\/\" \/>\n<meta property=\"og:locale\" content=\"ca_ES\" \/>\n<meta property=\"og:type\" content=\"article\" \/>\n<meta property=\"og:title\" content=\"Comen\u00e7a la segona fase de la lliga comarcal de Futbol sala | R\u00e0dio Litoral\" \/>\n<meta property=\"og:description\" content=\"Acydma busca als campions de la Lliga Or i de la Lliga ArgentAcydma busca als campions de la Lliga Or i de la Lliga Argent\" \/>\n<meta property=\"og:url\" content=\"https:\/\/radiolitoral.com\/ca\/2025\/02\/comenca-la-segona-fase-de-la-lliga-comarcal-de-futbol-sala\/\" \/>\n<meta property=\"og:site_name\" content=\"R\u00e0dio Litoral\" \/>\n<meta property=\"article:publisher\" content=\"https:\/\/www.facebook.com\/Laradiolitoral\/\" \/>\n<meta property=\"article:published_time\" content=\"2025-02-14T08:24:43+00:00\" \/>\n<meta property=\"og:image\" content=\"https:\/\/media.radiolitoral.com\/wp-content\/uploads\/2025\/02\/14092222\/F.S-BODEGAS-XALO-scaled.jpg\" \/>\n\t<meta property=\"og:image:width\" content=\"2560\" \/>\n\t<meta property=\"og:image:height\" content=\"1920\" \/>\n\t<meta property=\"og:image:type\" content=\"image\/jpeg\" \/>\n<meta name=\"author\" content=\"Javier Zamora\" \/>\n<meta name=\"twitter:card\" content=\"summary_large_image\" \/>\n<meta name=\"twitter:label1\" content=\"Escrit per\" \/>\n\t<meta name=\"twitter:data1\" content=\"Javier Zamora\" \/>\n\t<meta name=\"twitter:label2\" content=\"Temps estimat de lectura\" \/>\n\t<meta name=\"twitter:data2\" content=\"2 minuts\" \/>\n<script type=\"application\/ld+json\" class=\"yoast-schema-graph\">{\"@context\":\"https:\\\/\\\/schema.org\",\"@graph\":[{\"@type\":\"NewsArticle\",\"@id\":\"https:\\\/\\\/radiolitoral.com\\\/2025\\\/02\\\/comenca-la-segona-fase-de-la-lliga-comarcal-de-futbol-sala\\\/#article\",\"isPartOf\":{\"@id\":\"https:\\\/\\\/radiolitoral.com\\\/2025\\\/02\\\/comenca-la-segona-fase-de-la-lliga-comarcal-de-futbol-sala\\\/\"},\"author\":{\"name\":\"Javier Zamora\",\"@id\":\"https:\\\/\\\/radiolitoral.com\\\/#\\\/schema\\\/person\\\/7b1480b5caeb5acdd4ec6379caf62b22\"},\"headline\":\"Comen\u00e7a la segona fase de la lliga comarcal de Futbol sala\",\"datePublished\":\"2025-02-14T08:24:43+00:00\",\"mainEntityOfPage\":{\"@id\":\"https:\\\/\\\/radiolitoral.com\\\/2025\\\/02\\\/comenca-la-segona-fase-de-la-lliga-comarcal-de-futbol-sala\\\/\"},\"wordCount\":247,\"commentCount\":0,\"publisher\":{\"@id\":\"https:\\\/\\\/radiolitoral.com\\\/#organization\"},\"image\":{\"@id\":\"https:\\\/\\\/radiolitoral.com\\\/2025\\\/02\\\/comenca-la-segona-fase-de-la-lliga-comarcal-de-futbol-sala\\\/#primaryimage\"},\"thumbnailUrl\":\"https:\\\/\\\/media.radiolitoral.com\\\/wp-content\\\/uploads\\\/2025\\\/02\\\/14092222\\\/F.S-BODEGAS-XALO-scaled.jpg\",\"keywords\":[\"Acydma\",\"deportes\",\"Lliga Comarcal de futbol sala\"],\"articleSection\":[\"Deportes\"],\"inLanguage\":\"ca\",\"potentialAction\":[{\"@type\":\"CommentAction\",\"name\":\"Comment\",\"target\":[\"https:\\\/\\\/radiolitoral.com\\\/2025\\\/02\\\/comenca-la-segona-fase-de-la-lliga-comarcal-de-futbol-sala\\\/#respond\"]}]},{\"@type\":[\"WebPage\",\"ItemPage\"],\"@id\":\"https:\\\/\\\/radiolitoral.com\\\/2025\\\/02\\\/comenca-la-segona-fase-de-la-lliga-comarcal-de-futbol-sala\\\/\",\"url\":\"https:\\\/\\\/radiolitoral.com\\\/2025\\\/02\\\/comenca-la-segona-fase-de-la-lliga-comarcal-de-futbol-sala\\\/\",\"name\":\"Comen\u00e7a la segona fase de la lliga comarcal de Futbol sala | R\u00e0dio Litoral\",\"isPartOf\":{\"@id\":\"https:\\\/\\\/radiolitoral.com\\\/#website\"},\"primaryImageOfPage\":{\"@id\":\"https:\\\/\\\/radiolitoral.com\\\/2025\\\/02\\\/comenca-la-segona-fase-de-la-lliga-comarcal-de-futbol-sala\\\/#primaryimage\"},\"image\":{\"@id\":\"https:\\\/\\\/radiolitoral.com\\\/2025\\\/02\\\/comenca-la-segona-fase-de-la-lliga-comarcal-de-futbol-sala\\\/#primaryimage\"},\"thumbnailUrl\":\"https:\\\/\\\/media.radiolitoral.com\\\/wp-content\\\/uploads\\\/2025\\\/02\\\/14092222\\\/F.S-BODEGAS-XALO-scaled.jpg\",\"datePublished\":\"2025-02-14T08:24:43+00:00\",\"description\":\"Acydma busca als campions de la Lliga Or i de la Lliga ArgentAcydma busca als campions de la Lliga Or i de la Lliga Argent\",\"breadcrumb\":{\"@id\":\"https:\\\/\\\/radiolitoral.com\\\/2025\\\/02\\\/comenca-la-segona-fase-de-la-lliga-comarcal-de-futbol-sala\\\/#breadcrumb\"},\"inLanguage\":\"ca\",\"potentialAction\":[{\"@type\":\"ReadAction\",\"target\":[\"https:\\\/\\\/radiolitoral.com\\\/2025\\\/02\\\/comenca-la-segona-fase-de-la-lliga-comarcal-de-futbol-sala\\\/\"]}]},{\"@type\":\"ImageObject\",\"inLanguage\":\"ca\",\"@id\":\"https:\\\/\\\/radiolitoral.com\\\/2025\\\/02\\\/comenca-la-segona-fase-de-la-lliga-comarcal-de-futbol-sala\\\/#primaryimage\",\"url\":\"https:\\\/\\\/media.radiolitoral.com\\\/wp-content\\\/uploads\\\/2025\\\/02\\\/14092222\\\/F.S-BODEGAS-XALO-scaled.jpg\",\"contentUrl\":\"https:\\\/\\\/media.radiolitoral.com\\\/wp-content\\\/uploads\\\/2025\\\/02\\\/14092222\\\/F.S-BODEGAS-XALO-scaled.jpg\",\"width\":2560,\"height\":1920},{\"@type\":\"BreadcrumbList\",\"@id\":\"https:\\\/\\\/radiolitoral.com\\\/2025\\\/02\\\/comenca-la-segona-fase-de-la-lliga-comarcal-de-futbol-sala\\\/#breadcrumb\",\"itemListElement\":[{\"@type\":\"ListItem\",\"position\":1,\"name\":\"Portada\",\"item\":\"https:\\\/\\\/radiolitoral.com\\\/\"},{\"@type\":\"ListItem\",\"position\":2,\"name\":\"Comen\u00e7a la segona fase de la lliga comarcal de Futbol sala\"}]},{\"@type\":\"WebSite\",\"@id\":\"https:\\\/\\\/radiolitoral.com\\\/#website\",\"url\":\"https:\\\/\\\/radiolitoral.com\\\/\",\"name\":\"Radio Litoral\",\"description\":\"La radio local de la Marina Alta\",\"publisher\":{\"@id\":\"https:\\\/\\\/radiolitoral.com\\\/#organization\"},\"alternateName\":\"Litoral FM\",\"potentialAction\":[{\"@type\":\"SearchAction\",\"target\":{\"@type\":\"EntryPoint\",\"urlTemplate\":\"https:\\\/\\\/radiolitoral.com\\\/?s={search_term_string}\"},\"query-input\":{\"@type\":\"PropertyValueSpecification\",\"valueRequired\":true,\"valueName\":\"search_term_string\"}}],\"inLanguage\":\"ca\"},{\"@type\":\"Organization\",\"@id\":\"https:\\\/\\\/radiolitoral.com\\\/#organization\",\"name\":\"Radio Litoral\",\"url\":\"https:\\\/\\\/radiolitoral.com\\\/\",\"logo\":{\"@type\":\"ImageObject\",\"inLanguage\":\"ca\",\"@id\":\"https:\\\/\\\/radiolitoral.com\\\/#\\\/schema\\\/logo\\\/image\\\/\",\"url\":\"https:\\\/\\\/media.radiolitoral.com\\\/wp-content\\\/uploads\\\/2023\\\/02\\\/24143238\\\/CL-V-RadioLitoral696.png\",\"contentUrl\":\"https:\\\/\\\/media.radiolitoral.com\\\/wp-content\\\/uploads\\\/2023\\\/02\\\/24143238\\\/CL-V-RadioLitoral696.png\",\"width\":696,\"height\":696,\"caption\":\"Radio Litoral\"},\"image\":{\"@id\":\"https:\\\/\\\/radiolitoral.com\\\/#\\\/schema\\\/logo\\\/image\\\/\"},\"sameAs\":[\"https:\\\/\\\/www.facebook.com\\\/Laradiolitoral\\\/\"]},{\"@type\":\"Person\",\"@id\":\"https:\\\/\\\/radiolitoral.com\\\/#\\\/schema\\\/person\\\/7b1480b5caeb5acdd4ec6379caf62b22\",\"name\":\"Javier Zamora\",\"image\":{\"@type\":\"ImageObject\",\"inLanguage\":\"ca\",\"@id\":\"https:\\\/\\\/secure.gravatar.com\\\/avatar\\\/467a11f6918c7d619c4043fc6fa2d3853053107973f05b6e9c04ea6c4e3a7b3f?s=96&d=mm&r=g\",\"url\":\"https:\\\/\\\/secure.gravatar.com\\\/avatar\\\/467a11f6918c7d619c4043fc6fa2d3853053107973f05b6e9c04ea6c4e3a7b3f?s=96&d=mm&r=g\",\"contentUrl\":\"https:\\\/\\\/secure.gravatar.com\\\/avatar\\\/467a11f6918c7d619c4043fc6fa2d3853053107973f05b6e9c04ea6c4e3a7b3f?s=96&d=mm&r=g\",\"caption\":\"Javier Zamora\"},\"url\":\"https:\\\/\\\/radiolitoral.com\\\/ca\\\/author\\\/javier-zamora\\\/\"}]}<\/script>\n<!-- \/ Yoast SEO plugin. -->","yoast_head_json":{"title":"Comen\u00e7a la segona fase de la lliga comarcal de Futbol sala | R\u00e0dio Litoral","description":"Acydma cerca els campions de la Lliga Or i de la Lliga ArgentAcydma cerca els campions de la Lliga Or i de la Lliga Argent","robots":{"index":"index","follow":"follow","max-snippet":"max-snippet:-1","max-image-preview":"max-image-preview:large","max-video-preview":"max-video-preview:-1"},"canonical":"https:\/\/radiolitoral.com\/ca\/2025\/02\/comenca-la-segona-fase-de-la-lliga-comarcal-de-futbol-sala\/","og_locale":"ca_ES","og_type":"article","og_title":"Comen\u00e7a la segona fase de la lliga comarcal de Futbol sala | R\u00e0dio Litoral","og_description":"Acydma busca als campions de la Lliga Or i de la Lliga ArgentAcydma busca als campions de la Lliga Or i de la Lliga Argent","og_url":"https:\/\/radiolitoral.com\/ca\/2025\/02\/comenca-la-segona-fase-de-la-lliga-comarcal-de-futbol-sala\/","og_site_name":"R\u00e0dio Litoral","article_publisher":"https:\/\/www.facebook.com\/Laradiolitoral\/","article_published_time":"2025-02-14T08:24:43+00:00","og_image":[{"width":2560,"height":1920,"url":"https:\/\/media.radiolitoral.com\/wp-content\/uploads\/2025\/02\/14092222\/F.S-BODEGAS-XALO-scaled.jpg","type":"image\/jpeg"}],"author":"Javier Zamora","twitter_card":"summary_large_image","twitter_misc":{"Escrit per":"Javier Zamora","Temps estimat de lectura":"2 minuts"},"schema":{"@context":"https:\/\/schema.org","@graph":[{"@type":"NewsArticle","@id":"https:\/\/radiolitoral.com\/2025\/02\/comenca-la-segona-fase-de-la-lliga-comarcal-de-futbol-sala\/#article","isPartOf":{"@id":"https:\/\/radiolitoral.com\/2025\/02\/comenca-la-segona-fase-de-la-lliga-comarcal-de-futbol-sala\/"},"author":{"name":"Javier Zamora","@id":"https:\/\/radiolitoral.com\/#\/schema\/person\/7b1480b5caeb5acdd4ec6379caf62b22"},"headline":"Comen\u00e7a la segona fase de la lliga comarcal de Futbol sala","datePublished":"2025-02-14T08:24:43+00:00","mainEntityOfPage":{"@id":"https:\/\/radiolitoral.com\/2025\/02\/comenca-la-segona-fase-de-la-lliga-comarcal-de-futbol-sala\/"},"wordCount":247,"commentCount":0,"publisher":{"@id":"https:\/\/radiolitoral.com\/#organization"},"image":{"@id":"https:\/\/radiolitoral.com\/2025\/02\/comenca-la-segona-fase-de-la-lliga-comarcal-de-futbol-sala\/#primaryimage"},"thumbnailUrl":"https:\/\/media.radiolitoral.com\/wp-content\/uploads\/2025\/02\/14092222\/F.S-BODEGAS-XALO-scaled.jpg","keywords":["Acydma","deportes","Lliga Comarcal de futbol sala"],"articleSection":["Deportes"],"inLanguage":"ca","potentialAction":[{"@type":"CommentAction","name":"Comment","target":["https:\/\/radiolitoral.com\/2025\/02\/comenca-la-segona-fase-de-la-lliga-comarcal-de-futbol-sala\/#respond"]}]},{"@type":["WebPage","ItemPage"],"@id":"https:\/\/radiolitoral.com\/2025\/02\/comenca-la-segona-fase-de-la-lliga-comarcal-de-futbol-sala\/","url":"https:\/\/radiolitoral.com\/2025\/02\/comenca-la-segona-fase-de-la-lliga-comarcal-de-futbol-sala\/","name":"Comen\u00e7a la segona fase de la lliga comarcal de Futbol sala | R\u00e0dio Litoral","isPartOf":{"@id":"https:\/\/radiolitoral.com\/#website"},"primaryImageOfPage":{"@id":"https:\/\/radiolitoral.com\/2025\/02\/comenca-la-segona-fase-de-la-lliga-comarcal-de-futbol-sala\/#primaryimage"},"image":{"@id":"https:\/\/radiolitoral.com\/2025\/02\/comenca-la-segona-fase-de-la-lliga-comarcal-de-futbol-sala\/#primaryimage"},"thumbnailUrl":"https:\/\/media.radiolitoral.com\/wp-content\/uploads\/2025\/02\/14092222\/F.S-BODEGAS-XALO-scaled.jpg","datePublished":"2025-02-14T08:24:43+00:00","description":"Acydma cerca els campions de la Lliga Or i de la Lliga ArgentAcydma cerca els campions de la Lliga Or i de la Lliga Argent","breadcrumb":{"@id":"https:\/\/radiolitoral.com\/2025\/02\/comenca-la-segona-fase-de-la-lliga-comarcal-de-futbol-sala\/#breadcrumb"},"inLanguage":"ca","potentialAction":[{"@type":"ReadAction","target":["https:\/\/radiolitoral.com\/2025\/02\/comenca-la-segona-fase-de-la-lliga-comarcal-de-futbol-sala\/"]}]},{"@type":"ImageObject","inLanguage":"ca","@id":"https:\/\/radiolitoral.com\/2025\/02\/comenca-la-segona-fase-de-la-lliga-comarcal-de-futbol-sala\/#primaryimage","url":"https:\/\/media.radiolitoral.com\/wp-content\/uploads\/2025\/02\/14092222\/F.S-BODEGAS-XALO-scaled.jpg","contentUrl":"https:\/\/media.radiolitoral.com\/wp-content\/uploads\/2025\/02\/14092222\/F.S-BODEGAS-XALO-scaled.jpg","width":2560,"height":1920},{"@type":"BreadcrumbList","@id":"https:\/\/radiolitoral.com\/2025\/02\/comenca-la-segona-fase-de-la-lliga-comarcal-de-futbol-sala\/#breadcrumb","itemListElement":[{"@type":"ListItem","position":1,"name":"Portada","item":"https:\/\/radiolitoral.com\/"},{"@type":"ListItem","position":2,"name":"Comen\u00e7a la segona fase de la lliga comarcal de Futbol sala"}]},{"@type":"WebSite","@id":"https:\/\/radiolitoral.com\/#website","url":"https:\/\/radiolitoral.com\/","name":"R\u00e0dio Litoral","description":"La r\u00e0dio local de la Marina Alta","publisher":{"@id":"https:\/\/radiolitoral.com\/#organization"},"alternateName":"Litoral FM","potentialAction":[{"@type":"SearchAction","target":{"@type":"EntryPoint","urlTemplate":"https:\/\/radiolitoral.com\/?s={search_term_string}"},"query-input":{"@type":"PropertyValueSpecification","valueRequired":true,"valueName":"search_term_string"}}],"inLanguage":"ca"},{"@type":"Organization","@id":"https:\/\/radiolitoral.com\/#organization","name":"R\u00e0dio Litoral","url":"https:\/\/radiolitoral.com\/","logo":{"@type":"ImageObject","inLanguage":"ca","@id":"https:\/\/radiolitoral.com\/#\/schema\/logo\/image\/","url":"https:\/\/media.radiolitoral.com\/wp-content\/uploads\/2023\/02\/24143238\/CL-V-RadioLitoral696.png","contentUrl":"https:\/\/media.radiolitoral.com\/wp-content\/uploads\/2023\/02\/24143238\/CL-V-RadioLitoral696.png","width":696,"height":696,"caption":"Radio Litoral"},"image":{"@id":"https:\/\/radiolitoral.com\/#\/schema\/logo\/image\/"},"sameAs":["https:\/\/www.facebook.com\/Laradiolitoral\/"]},{"@type":"Person","@id":"https:\/\/radiolitoral.com\/#\/schema\/person\/7b1480b5caeb5acdd4ec6379caf62b22","name":"Javier Zamora","image":{"@type":"ImageObject","inLanguage":"ca","@id":"https:\/\/secure.gravatar.com\/avatar\/467a11f6918c7d619c4043fc6fa2d3853053107973f05b6e9c04ea6c4e3a7b3f?s=96&d=mm&r=g","url":"https:\/\/secure.gravatar.com\/avatar\/467a11f6918c7d619c4043fc6fa2d3853053107973f05b6e9c04ea6c4e3a7b3f?s=96&d=mm&r=g","contentUrl":"https:\/\/secure.gravatar.com\/avatar\/467a11f6918c7d619c4043fc6fa2d3853053107973f05b6e9c04ea6c4e3a7b3f?s=96&d=mm&r=g","caption":"Javier Zamora"},"url":"https:\/\/radiolitoral.com\/ca\/author\/javier-zamora\/"}]}},"_links":{"self":[{"href":"https:\/\/radiolitoral.com\/ca\/wp-json\/wp\/v2\/posts\/14972","targetHints":{"allow":["GET"]}}],"collection":[{"href":"https:\/\/radiolitoral.com\/ca\/wp-json\/wp\/v2\/posts"}],"about":[{"href":"https:\/\/radiolitoral.com\/ca\/wp-json\/wp\/v2\/types\/post"}],"author":[{"embeddable":true,"href":"https:\/\/radiolitoral.com\/ca\/wp-json\/wp\/v2\/users\/12"}],"replies":[{"embeddable":true,"href":"https:\/\/radiolitoral.com\/ca\/wp-json\/wp\/v2\/comments?post=14972"}],"version-history":[{"count":2,"href":"https:\/\/radiolitoral.com\/ca\/wp-json\/wp\/v2\/posts\/14972\/revisions"}],"predecessor-version":[{"id":14975,"href":"https:\/\/radiolitoral.com\/ca\/wp-json\/wp\/v2\/posts\/14972\/revisions\/14975"}],"wp:featuredmedia":[{"embeddable":true,"href":"https:\/\/radiolitoral.com\/ca\/wp-json\/wp\/v2\/media\/14973"}],"wp:attachment":[{"href":"https:\/\/radiolitoral.com\/ca\/wp-json\/wp\/v2\/media?parent=14972"}],"wp:term":[{"taxonomy":"category","embeddable":true,"href":"https:\/\/radiolitoral.com\/ca\/wp-json\/wp\/v2\/categories?post=14972"},{"taxonomy":"post_tag","embeddable":true,"href":"https:\/\/radiolitoral.com\/ca\/wp-json\/wp\/v2\/tags?post=14972"}],"curies":[{"name":"wp","href":"https:\/\/api.w.org\/{rel}","templated":true}]}}