{"id":1494,"date":"2023-03-21T13:26:25","date_gmt":"2023-03-21T12:26:25","guid":{"rendered":"https:\/\/radiolitoral.com\/?p=1494"},"modified":"2023-03-21T13:27:20","modified_gmt":"2023-03-21T12:27:20","slug":"els-sicted-reconeixen-lesforc-de-les-empreses-per-oferir-una-atencio-de-qualitat","status":"publish","type":"post","link":"https:\/\/radiolitoral.com\/ca\/2023\/03\/los-sicted-reconocen-el-esfuerzo-de-las-empresas-por-ofrecer-una-atencion-de-calidad\/","title":{"rendered":"Els SICTED reconeixen l&#039;esfor\u00e7 de les empreses per oferir una atenci\u00f3 de qualitat"},"content":{"rendered":"<p>Ahir la ciutat del Penyal va ser escenari de l&#039;acte de <strong>entrega dels diplomes SICTED<\/strong>. Un <strong>reconeixement a l&#039;esfor\u00e7 de les empreses, tant privades com p\u00fabliques, per oferir una atenci\u00f3 de qualitat<\/strong> als clients, i que alhora ajuda a fer de Calp una destinaci\u00f3 tur\u00edstica referent. Un total de nou empreses i serveis tur\u00edstics de la ciutat del Penyal han rebut de mans del secretari auton\u00f2mic de Turisme, Francesc Colomer, aquest distintiu.<\/p>\n<p>Per poder obtenir aquest reconeixement han hagut de complir una s\u00e8rie de<strong> requisits com participar en m\u00f2duls de formaci\u00f3, assist\u00e8ncies t\u00e8cniques individualitzades i col\u00b7lectives, grups de millora i avaluacions<\/strong>. Es tracta de la segona ocasi\u00f3 en qu\u00e8 es lliuren aquests certificats a Calp ja que el municipi es va adherir al programa SICTED el desembre del 2020.<\/p>\n<p>En aquesta edici\u00f3 han aconseguit el reconeixement: <strong>Audrey&#039;s Restaurant, Centre de busseig Dive&amp;Dive, Beat Restaurant, Club N\u00e0utic Les Basetes, Komfort Restaurant, Restaurant Port Blanc, Mare Beach Restaurant, Casa Cultura Jaume Pastor i Fluix\u00e0 i el Museu d&#039;Hist\u00f2ria de Calp<\/strong>.<\/p>\n<p>Des de l?ajuntament, <strong>l&#039;alcaldessa, Ana Sala<\/strong> ha indicat que aquest programa respon a l&#039;aposta per la qualitat al sector tur\u00edstic i ha felicitat els guardonats:<\/p>\n<audio class=\"wp-audio-shortcode\" id=\"audio-1494-1\" preload=\"none\" style=\"width: 100%;\" controls=\"controls\"><source type=\"audio\/mpeg\" src=\"https:\/\/media.radiolitoral.com\/wp-content\/uploads\/2023\/03\/21132154\/Ana-Sala-SICTED.mp3?_=1\" \/><a href=\"https:\/\/media.radiolitoral.com\/wp-content\/uploads\/2023\/03\/21132154\/Ana-Sala-SICTED.mp3\">https:\/\/media.radiolitoral.com\/wp-content\/uploads\/2023\/03\/21132154\/Ana-Sala-SICTED.mp3<\/a><\/audio>\n<p><strong>\u00a0<\/strong><\/p>\n<p>&nbsp;<\/p>\n<p><strong>\u00a0<\/strong><\/p>\n<p>&nbsp;<\/p>\n<p><strong>\u00a0<\/strong><\/p>","protected":false},"excerpt":{"rendered":"<p>Ayer la ciudad del Pe\u00f1\u00f3n fue escenario del acto de entrega de los diplomas SICTED. Un reconocimiento al esfuerzo de las empresas, tanto privadas como p\u00fablicas, por ofrecer una atenci\u00f3n de calidad a los clientes, y que al mismo tiempo ayuda a hacer de Calp un destino tur\u00edstico referente. Un total de nueve empresas y [&#8230;]<\/p>\n<p><a class=\"btn btn-secondary understrap-read-more-link\" href=\"https:\/\/radiolitoral.com\/ca\/2023\/03\/los-sicted-reconocen-el-esfuerzo-de-las-empresas-por-ofrecer-una-atencion-de-calidad\/\">Continua llegint&#8230;<span class=\"screen-reader-text\"> from Los SICTED reconocen el esfuerzo de las empresas por ofrecer una atenci\u00f3n de calidad<\/span><\/a><\/p>\n","protected":false},"author":21,"featured_media":1496,"comment_status":"open","ping_status":"closed","sticky":false,"template":"","format":"standard","meta":{"_acf_changed":false,"inline_featured_image":false,"footnotes":""},"categories":[144],"tags":[122,123,275,164],"class_list":["post-1494","post","type-post","status-publish","format-standard","has-post-thumbnail","hentry","category-turismo","tag-calp","tag-calpe","tag-sicted","tag-turismo-calp","cobertura-calp"],"acf":[],"yoast_head":"<!-- This site is optimized with the Yoast SEO plugin v27.5 - https:\/\/yoast.com\/product\/yoast-seo-wordpress\/ -->\n<title>Los SICTED reconocen el esfuerzo de las empresas por ofrecer una atenci\u00f3n de calidad | R\u00e0dio Litoral<\/title>\n<meta name=\"description\" content=\"Es una apuesta por la calidad en el sector tur\u00edstico\" \/>\n<meta name=\"robots\" content=\"index, follow, max-snippet:-1, max-image-preview:large, max-video-preview:-1\" \/>\n<link rel=\"canonical\" href=\"https:\/\/radiolitoral.com\/ca\/2023\/03\/els-sicted-reconeixen-lesforc-de-les-empreses-per-oferir-una-atencio-de-qualitat\/\" \/>\n<meta property=\"og:locale\" content=\"ca_ES\" \/>\n<meta property=\"og:type\" content=\"article\" \/>\n<meta property=\"og:title\" content=\"Los SICTED reconocen el esfuerzo de las empresas por ofrecer una atenci\u00f3n de calidad | R\u00e0dio Litoral\" \/>\n<meta property=\"og:description\" content=\"Es una apuesta por la calidad en el sector tur\u00edstico\" \/>\n<meta property=\"og:url\" content=\"https:\/\/radiolitoral.com\/ca\/2023\/03\/els-sicted-reconeixen-lesforc-de-les-empreses-per-oferir-una-atencio-de-qualitat\/\" \/>\n<meta property=\"og:site_name\" content=\"R\u00e0dio Litoral\" \/>\n<meta property=\"article:publisher\" content=\"https:\/\/www.facebook.com\/Laradiolitoral\/\" \/>\n<meta property=\"article:published_time\" content=\"2023-03-21T12:26:25+00:00\" \/>\n<meta property=\"article:modified_time\" content=\"2023-03-21T12:27:20+00:00\" \/>\n<meta property=\"og:image\" content=\"https:\/\/media.radiolitoral.com\/wp-content\/uploads\/2023\/03\/21132620\/calp-1.jpg\" \/>\n\t<meta property=\"og:image:width\" content=\"1400\" \/>\n\t<meta property=\"og:image:height\" content=\"726\" \/>\n\t<meta property=\"og:image:type\" content=\"image\/jpeg\" \/>\n<meta name=\"author\" content=\"Mel Pescuezo\" \/>\n<meta name=\"twitter:card\" content=\"summary_large_image\" \/>\n<meta name=\"twitter:label1\" content=\"Escrit per\" \/>\n\t<meta name=\"twitter:data1\" content=\"Mel Pescuezo\" \/>\n\t<meta name=\"twitter:label2\" content=\"Temps estimat de lectura\" \/>\n\t<meta name=\"twitter:data2\" content=\"1 minut\" \/>\n<script type=\"application\/ld+json\" class=\"yoast-schema-graph\">{\"@context\":\"https:\\\/\\\/schema.org\",\"@graph\":[{\"@type\":\"NewsArticle\",\"@id\":\"https:\\\/\\\/radiolitoral.com\\\/2023\\\/03\\\/los-sicted-reconocen-el-esfuerzo-de-las-empresas-por-ofrecer-una-atencion-de-calidad\\\/#article\",\"isPartOf\":{\"@id\":\"https:\\\/\\\/radiolitoral.com\\\/2023\\\/03\\\/los-sicted-reconocen-el-esfuerzo-de-las-empresas-por-ofrecer-una-atencion-de-calidad\\\/\"},\"author\":{\"name\":\"Mel Pescuezo\",\"@id\":\"https:\\\/\\\/radiolitoral.com\\\/#\\\/schema\\\/person\\\/aad4f72efa404f85b68e832d24cac059\"},\"headline\":\"Los SICTED reconocen el esfuerzo de las empresas por ofrecer una atenci\u00f3n de calidad\",\"datePublished\":\"2023-03-21T12:26:25+00:00\",\"dateModified\":\"2023-03-21T12:27:20+00:00\",\"mainEntityOfPage\":{\"@id\":\"https:\\\/\\\/radiolitoral.com\\\/2023\\\/03\\\/los-sicted-reconocen-el-esfuerzo-de-las-empresas-por-ofrecer-una-atencion-de-calidad\\\/\"},\"wordCount\":244,\"commentCount\":0,\"publisher\":{\"@id\":\"https:\\\/\\\/radiolitoral.com\\\/#organization\"},\"image\":{\"@id\":\"https:\\\/\\\/radiolitoral.com\\\/2023\\\/03\\\/los-sicted-reconocen-el-esfuerzo-de-las-empresas-por-ofrecer-una-atencion-de-calidad\\\/#primaryimage\"},\"thumbnailUrl\":\"https:\\\/\\\/media.radiolitoral.com\\\/wp-content\\\/uploads\\\/2023\\\/03\\\/21132620\\\/calp-1.jpg\",\"keywords\":[\"Calp\",\"Calpe\",\"SICTED\",\"turismo Calp\"],\"articleSection\":[\"Turismo\"],\"inLanguage\":\"ca\",\"potentialAction\":[{\"@type\":\"CommentAction\",\"name\":\"Comment\",\"target\":[\"https:\\\/\\\/radiolitoral.com\\\/2023\\\/03\\\/los-sicted-reconocen-el-esfuerzo-de-las-empresas-por-ofrecer-una-atencion-de-calidad\\\/#respond\"]}]},{\"@type\":[\"WebPage\",\"ItemPage\"],\"@id\":\"https:\\\/\\\/radiolitoral.com\\\/2023\\\/03\\\/los-sicted-reconocen-el-esfuerzo-de-las-empresas-por-ofrecer-una-atencion-de-calidad\\\/\",\"url\":\"https:\\\/\\\/radiolitoral.com\\\/2023\\\/03\\\/los-sicted-reconocen-el-esfuerzo-de-las-empresas-por-ofrecer-una-atencion-de-calidad\\\/\",\"name\":\"Los SICTED reconocen el esfuerzo de las empresas por ofrecer una atenci\u00f3n de calidad | R\u00e0dio Litoral\",\"isPartOf\":{\"@id\":\"https:\\\/\\\/radiolitoral.com\\\/#website\"},\"primaryImageOfPage\":{\"@id\":\"https:\\\/\\\/radiolitoral.com\\\/2023\\\/03\\\/los-sicted-reconocen-el-esfuerzo-de-las-empresas-por-ofrecer-una-atencion-de-calidad\\\/#primaryimage\"},\"image\":{\"@id\":\"https:\\\/\\\/radiolitoral.com\\\/2023\\\/03\\\/los-sicted-reconocen-el-esfuerzo-de-las-empresas-por-ofrecer-una-atencion-de-calidad\\\/#primaryimage\"},\"thumbnailUrl\":\"https:\\\/\\\/media.radiolitoral.com\\\/wp-content\\\/uploads\\\/2023\\\/03\\\/21132620\\\/calp-1.jpg\",\"datePublished\":\"2023-03-21T12:26:25+00:00\",\"dateModified\":\"2023-03-21T12:27:20+00:00\",\"description\":\"Es una apuesta por la calidad en el sector tur\u00edstico\",\"breadcrumb\":{\"@id\":\"https:\\\/\\\/radiolitoral.com\\\/2023\\\/03\\\/los-sicted-reconocen-el-esfuerzo-de-las-empresas-por-ofrecer-una-atencion-de-calidad\\\/#breadcrumb\"},\"inLanguage\":\"ca\",\"potentialAction\":[{\"@type\":\"ReadAction\",\"target\":[\"https:\\\/\\\/radiolitoral.com\\\/2023\\\/03\\\/los-sicted-reconocen-el-esfuerzo-de-las-empresas-por-ofrecer-una-atencion-de-calidad\\\/\"]}]},{\"@type\":\"ImageObject\",\"inLanguage\":\"ca\",\"@id\":\"https:\\\/\\\/radiolitoral.com\\\/2023\\\/03\\\/los-sicted-reconocen-el-esfuerzo-de-las-empresas-por-ofrecer-una-atencion-de-calidad\\\/#primaryimage\",\"url\":\"https:\\\/\\\/media.radiolitoral.com\\\/wp-content\\\/uploads\\\/2023\\\/03\\\/21132620\\\/calp-1.jpg\",\"contentUrl\":\"https:\\\/\\\/media.radiolitoral.com\\\/wp-content\\\/uploads\\\/2023\\\/03\\\/21132620\\\/calp-1.jpg\",\"width\":1400,\"height\":726},{\"@type\":\"BreadcrumbList\",\"@id\":\"https:\\\/\\\/radiolitoral.com\\\/2023\\\/03\\\/los-sicted-reconocen-el-esfuerzo-de-las-empresas-por-ofrecer-una-atencion-de-calidad\\\/#breadcrumb\",\"itemListElement\":[{\"@type\":\"ListItem\",\"position\":1,\"name\":\"Portada\",\"item\":\"https:\\\/\\\/radiolitoral.com\\\/\"},{\"@type\":\"ListItem\",\"position\":2,\"name\":\"Los SICTED reconocen el esfuerzo de las empresas por ofrecer una atenci\u00f3n de calidad\"}]},{\"@type\":\"WebSite\",\"@id\":\"https:\\\/\\\/radiolitoral.com\\\/#website\",\"url\":\"https:\\\/\\\/radiolitoral.com\\\/\",\"name\":\"Radio Litoral\",\"description\":\"La radio local de la Marina Alta\",\"publisher\":{\"@id\":\"https:\\\/\\\/radiolitoral.com\\\/#organization\"},\"alternateName\":\"Litoral FM\",\"potentialAction\":[{\"@type\":\"SearchAction\",\"target\":{\"@type\":\"EntryPoint\",\"urlTemplate\":\"https:\\\/\\\/radiolitoral.com\\\/?s={search_term_string}\"},\"query-input\":{\"@type\":\"PropertyValueSpecification\",\"valueRequired\":true,\"valueName\":\"search_term_string\"}}],\"inLanguage\":\"ca\"},{\"@type\":\"Organization\",\"@id\":\"https:\\\/\\\/radiolitoral.com\\\/#organization\",\"name\":\"Radio Litoral\",\"url\":\"https:\\\/\\\/radiolitoral.com\\\/\",\"logo\":{\"@type\":\"ImageObject\",\"inLanguage\":\"ca\",\"@id\":\"https:\\\/\\\/radiolitoral.com\\\/#\\\/schema\\\/logo\\\/image\\\/\",\"url\":\"https:\\\/\\\/media.radiolitoral.com\\\/wp-content\\\/uploads\\\/2023\\\/02\\\/24143238\\\/CL-V-RadioLitoral696.png\",\"contentUrl\":\"https:\\\/\\\/media.radiolitoral.com\\\/wp-content\\\/uploads\\\/2023\\\/02\\\/24143238\\\/CL-V-RadioLitoral696.png\",\"width\":696,\"height\":696,\"caption\":\"Radio Litoral\"},\"image\":{\"@id\":\"https:\\\/\\\/radiolitoral.com\\\/#\\\/schema\\\/logo\\\/image\\\/\"},\"sameAs\":[\"https:\\\/\\\/www.facebook.com\\\/Laradiolitoral\\\/\"]},{\"@type\":\"Person\",\"@id\":\"https:\\\/\\\/radiolitoral.com\\\/#\\\/schema\\\/person\\\/aad4f72efa404f85b68e832d24cac059\",\"name\":\"Mel Pescuezo\",\"image\":{\"@type\":\"ImageObject\",\"inLanguage\":\"ca\",\"@id\":\"https:\\\/\\\/secure.gravatar.com\\\/avatar\\\/993975ae489c70cb0dd9bfa9413a082f0bd276582dac13661af7b33f161e7eea?s=96&d=mm&r=g\",\"url\":\"https:\\\/\\\/secure.gravatar.com\\\/avatar\\\/993975ae489c70cb0dd9bfa9413a082f0bd276582dac13661af7b33f161e7eea?s=96&d=mm&r=g\",\"contentUrl\":\"https:\\\/\\\/secure.gravatar.com\\\/avatar\\\/993975ae489c70cb0dd9bfa9413a082f0bd276582dac13661af7b33f161e7eea?s=96&d=mm&r=g\",\"caption\":\"Mel Pescuezo\"},\"url\":\"https:\\\/\\\/radiolitoral.com\\\/ca\\\/author\\\/serviciospararadios\\\/\"}]}<\/script>\n<!-- \/ Yoast SEO plugin. -->","yoast_head_json":{"title":"Els SICTED reconeixen l?esfor\u00e7 de les empreses per oferir una atenci\u00f3 de qualitat | R\u00e0dio Litoral","description":"\u00c9s una aposta per la qualitat al sector tur\u00edstic","robots":{"index":"index","follow":"follow","max-snippet":"max-snippet:-1","max-image-preview":"max-image-preview:large","max-video-preview":"max-video-preview:-1"},"canonical":"https:\/\/radiolitoral.com\/ca\/2023\/03\/els-sicted-reconeixen-lesforc-de-les-empreses-per-oferir-una-atencio-de-qualitat\/","og_locale":"ca_ES","og_type":"article","og_title":"Los SICTED reconocen el esfuerzo de las empresas por ofrecer una atenci\u00f3n de calidad | R\u00e0dio Litoral","og_description":"Es una apuesta por la calidad en el sector tur\u00edstico","og_url":"https:\/\/radiolitoral.com\/ca\/2023\/03\/els-sicted-reconeixen-lesforc-de-les-empreses-per-oferir-una-atencio-de-qualitat\/","og_site_name":"R\u00e0dio Litoral","article_publisher":"https:\/\/www.facebook.com\/Laradiolitoral\/","article_published_time":"2023-03-21T12:26:25+00:00","article_modified_time":"2023-03-21T12:27:20+00:00","og_image":[{"width":1400,"height":726,"url":"https:\/\/media.radiolitoral.com\/wp-content\/uploads\/2023\/03\/21132620\/calp-1.jpg","type":"image\/jpeg"}],"author":"Mel Pescuezo","twitter_card":"summary_large_image","twitter_misc":{"Escrit per":"Mel Pescuezo","Temps estimat de lectura":"1 minut"},"schema":{"@context":"https:\/\/schema.org","@graph":[{"@type":"NewsArticle","@id":"https:\/\/radiolitoral.com\/2023\/03\/los-sicted-reconocen-el-esfuerzo-de-las-empresas-por-ofrecer-una-atencion-de-calidad\/#article","isPartOf":{"@id":"https:\/\/radiolitoral.com\/2023\/03\/los-sicted-reconocen-el-esfuerzo-de-las-empresas-por-ofrecer-una-atencion-de-calidad\/"},"author":{"name":"Mel Pescuezo","@id":"https:\/\/radiolitoral.com\/#\/schema\/person\/aad4f72efa404f85b68e832d24cac059"},"headline":"Los SICTED reconocen el esfuerzo de las empresas por ofrecer una atenci\u00f3n de calidad","datePublished":"2023-03-21T12:26:25+00:00","dateModified":"2023-03-21T12:27:20+00:00","mainEntityOfPage":{"@id":"https:\/\/radiolitoral.com\/2023\/03\/los-sicted-reconocen-el-esfuerzo-de-las-empresas-por-ofrecer-una-atencion-de-calidad\/"},"wordCount":244,"commentCount":0,"publisher":{"@id":"https:\/\/radiolitoral.com\/#organization"},"image":{"@id":"https:\/\/radiolitoral.com\/2023\/03\/los-sicted-reconocen-el-esfuerzo-de-las-empresas-por-ofrecer-una-atencion-de-calidad\/#primaryimage"},"thumbnailUrl":"https:\/\/media.radiolitoral.com\/wp-content\/uploads\/2023\/03\/21132620\/calp-1.jpg","keywords":["Calp","Calpe","SICTED","turismo Calp"],"articleSection":["Turismo"],"inLanguage":"ca","potentialAction":[{"@type":"CommentAction","name":"Comment","target":["https:\/\/radiolitoral.com\/2023\/03\/los-sicted-reconocen-el-esfuerzo-de-las-empresas-por-ofrecer-una-atencion-de-calidad\/#respond"]}]},{"@type":["WebPage","ItemPage"],"@id":"https:\/\/radiolitoral.com\/2023\/03\/los-sicted-reconocen-el-esfuerzo-de-las-empresas-por-ofrecer-una-atencion-de-calidad\/","url":"https:\/\/radiolitoral.com\/2023\/03\/los-sicted-reconocen-el-esfuerzo-de-las-empresas-por-ofrecer-una-atencion-de-calidad\/","name":"Els SICTED reconeixen l?esfor\u00e7 de les empreses per oferir una atenci\u00f3 de qualitat | R\u00e0dio Litoral","isPartOf":{"@id":"https:\/\/radiolitoral.com\/#website"},"primaryImageOfPage":{"@id":"https:\/\/radiolitoral.com\/2023\/03\/los-sicted-reconocen-el-esfuerzo-de-las-empresas-por-ofrecer-una-atencion-de-calidad\/#primaryimage"},"image":{"@id":"https:\/\/radiolitoral.com\/2023\/03\/los-sicted-reconocen-el-esfuerzo-de-las-empresas-por-ofrecer-una-atencion-de-calidad\/#primaryimage"},"thumbnailUrl":"https:\/\/media.radiolitoral.com\/wp-content\/uploads\/2023\/03\/21132620\/calp-1.jpg","datePublished":"2023-03-21T12:26:25+00:00","dateModified":"2023-03-21T12:27:20+00:00","description":"\u00c9s una aposta per la qualitat al sector tur\u00edstic","breadcrumb":{"@id":"https:\/\/radiolitoral.com\/2023\/03\/los-sicted-reconocen-el-esfuerzo-de-las-empresas-por-ofrecer-una-atencion-de-calidad\/#breadcrumb"},"inLanguage":"ca","potentialAction":[{"@type":"ReadAction","target":["https:\/\/radiolitoral.com\/2023\/03\/los-sicted-reconocen-el-esfuerzo-de-las-empresas-por-ofrecer-una-atencion-de-calidad\/"]}]},{"@type":"ImageObject","inLanguage":"ca","@id":"https:\/\/radiolitoral.com\/2023\/03\/los-sicted-reconocen-el-esfuerzo-de-las-empresas-por-ofrecer-una-atencion-de-calidad\/#primaryimage","url":"https:\/\/media.radiolitoral.com\/wp-content\/uploads\/2023\/03\/21132620\/calp-1.jpg","contentUrl":"https:\/\/media.radiolitoral.com\/wp-content\/uploads\/2023\/03\/21132620\/calp-1.jpg","width":1400,"height":726},{"@type":"BreadcrumbList","@id":"https:\/\/radiolitoral.com\/2023\/03\/los-sicted-reconocen-el-esfuerzo-de-las-empresas-por-ofrecer-una-atencion-de-calidad\/#breadcrumb","itemListElement":[{"@type":"ListItem","position":1,"name":"Portada","item":"https:\/\/radiolitoral.com\/"},{"@type":"ListItem","position":2,"name":"Los SICTED reconocen el esfuerzo de las empresas por ofrecer una atenci\u00f3n de calidad"}]},{"@type":"WebSite","@id":"https:\/\/radiolitoral.com\/#website","url":"https:\/\/radiolitoral.com\/","name":"R\u00e0dio Litoral","description":"La r\u00e0dio local de la Marina Alta","publisher":{"@id":"https:\/\/radiolitoral.com\/#organization"},"alternateName":"Litoral FM","potentialAction":[{"@type":"SearchAction","target":{"@type":"EntryPoint","urlTemplate":"https:\/\/radiolitoral.com\/?s={search_term_string}"},"query-input":{"@type":"PropertyValueSpecification","valueRequired":true,"valueName":"search_term_string"}}],"inLanguage":"ca"},{"@type":"Organization","@id":"https:\/\/radiolitoral.com\/#organization","name":"R\u00e0dio Litoral","url":"https:\/\/radiolitoral.com\/","logo":{"@type":"ImageObject","inLanguage":"ca","@id":"https:\/\/radiolitoral.com\/#\/schema\/logo\/image\/","url":"https:\/\/media.radiolitoral.com\/wp-content\/uploads\/2023\/02\/24143238\/CL-V-RadioLitoral696.png","contentUrl":"https:\/\/media.radiolitoral.com\/wp-content\/uploads\/2023\/02\/24143238\/CL-V-RadioLitoral696.png","width":696,"height":696,"caption":"Radio Litoral"},"image":{"@id":"https:\/\/radiolitoral.com\/#\/schema\/logo\/image\/"},"sameAs":["https:\/\/www.facebook.com\/Laradiolitoral\/"]},{"@type":"Person","@id":"https:\/\/radiolitoral.com\/#\/schema\/person\/aad4f72efa404f85b68e832d24cac059","name":"Mel Pescuezo","image":{"@type":"ImageObject","inLanguage":"ca","@id":"https:\/\/secure.gravatar.com\/avatar\/993975ae489c70cb0dd9bfa9413a082f0bd276582dac13661af7b33f161e7eea?s=96&d=mm&r=g","url":"https:\/\/secure.gravatar.com\/avatar\/993975ae489c70cb0dd9bfa9413a082f0bd276582dac13661af7b33f161e7eea?s=96&d=mm&r=g","contentUrl":"https:\/\/secure.gravatar.com\/avatar\/993975ae489c70cb0dd9bfa9413a082f0bd276582dac13661af7b33f161e7eea?s=96&d=mm&r=g","caption":"Mel Pescuezo"},"url":"https:\/\/radiolitoral.com\/ca\/author\/serviciospararadios\/"}]}},"_links":{"self":[{"href":"https:\/\/radiolitoral.com\/ca\/wp-json\/wp\/v2\/posts\/1494","targetHints":{"allow":["GET"]}}],"collection":[{"href":"https:\/\/radiolitoral.com\/ca\/wp-json\/wp\/v2\/posts"}],"about":[{"href":"https:\/\/radiolitoral.com\/ca\/wp-json\/wp\/v2\/types\/post"}],"author":[{"embeddable":true,"href":"https:\/\/radiolitoral.com\/ca\/wp-json\/wp\/v2\/users\/21"}],"replies":[{"embeddable":true,"href":"https:\/\/radiolitoral.com\/ca\/wp-json\/wp\/v2\/comments?post=1494"}],"version-history":[{"count":1,"href":"https:\/\/radiolitoral.com\/ca\/wp-json\/wp\/v2\/posts\/1494\/revisions"}],"predecessor-version":[{"id":1497,"href":"https:\/\/radiolitoral.com\/ca\/wp-json\/wp\/v2\/posts\/1494\/revisions\/1497"}],"wp:featuredmedia":[{"embeddable":true,"href":"https:\/\/radiolitoral.com\/ca\/wp-json\/wp\/v2\/media\/1496"}],"wp:attachment":[{"href":"https:\/\/radiolitoral.com\/ca\/wp-json\/wp\/v2\/media?parent=1494"}],"wp:term":[{"taxonomy":"category","embeddable":true,"href":"https:\/\/radiolitoral.com\/ca\/wp-json\/wp\/v2\/categories?post=1494"},{"taxonomy":"post_tag","embeddable":true,"href":"https:\/\/radiolitoral.com\/ca\/wp-json\/wp\/v2\/tags?post=1494"}],"curies":[{"name":"wp","href":"https:\/\/api.w.org\/{rel}","templated":true}]}}