{"id":14915,"date":"2025-02-11T10:50:46","date_gmt":"2025-02-11T09:50:46","guid":{"rendered":"https:\/\/radiolitoral.com\/?p=14915"},"modified":"2025-02-11T10:54:11","modified_gmt":"2025-02-11T09:54:11","slug":"detingut-a-calp-un-home-de-23-anys-per-huit-robatoris-amb-forca-a-un-restaurant-i-en-vehicles","status":"publish","type":"post","link":"https:\/\/radiolitoral.com\/ca\/2025\/02\/detingut-a-calp-un-home-de-23-anys-per-huit-robatoris-amb-forca-en-un-restaurant-i-en-vehicles\/","title":{"rendered":"Detingut a Calp un home de 23 anys per huit robatoris amb for\u00e7a a un restaurant i en vehicles"},"content":{"rendered":"<p>La <strong>Guardia Civil de Calp<\/strong> ha <strong>detingut un home de 23 anys<\/strong> com a <strong>presumpte autor de huit robatoris amb for\u00e7a<\/strong>, comesos en un restaurant i diversos vehicles estacionats a zones tur\u00edstiques del municipi.<\/p>\n<p>L&#039;arrestat, amb <strong>antecedents per delits contra el patrimoni, ha ingressat a pres\u00f3 provisional per <span class=\"hiddenSuggestion\">aquests<\/span> fets.<\/strong><\/p>\n<h3>S\u00e8rie de robatoris a un restaurant i en vehicles a Calp<\/h3>\n<p>Entre el mes de gener i principis de febrer,<strong> es van registrar tres robatoris amb for\u00e7a a l&#039;interior d&#039;un restaurant del nucli urb\u00e0 i cinc robatoris amb cotxes estacionats<\/strong> prop d\u00b4una cala tur\u00edstica de Calp.<\/p>\n<p>Davant d&#039;<span class=\"hiddenSuggestion\">aquesta<\/span> ona delictiva, l&#039;<strong>\u00c0rea de Recerca del Punt Principal de Calp<\/strong> va posar en marxa l&#039;<strong>operaci\u00f3<em> <span class=\"hiddenSpellError\">Creep<\/span> II<\/em><\/strong> per identificar i aturar el responsable.<\/p>\n<p>Les investigacions revelaren que <strong>el restaurant va ser assaltat tres vegades en nom\u00e9s una setmana<\/strong> amb un modus operandi similar: l&#039;autor for\u00e7ava la porta d&#039;entrada amb un tornav\u00eds o objecte similar, robava la caixa registradora i una caixa de cabals amb diners.<\/p>\n<p>Quant als <strong>robatoris en vehicles, el delinq\u00fcent trencava les finestres<\/strong> i es feia amb objectes personals de l&#039;interior dels cotxes.<\/p>\n<figure id=\"attachment_14908\" aria-describedby=\"caption-attachment-14908\" style=\"width: 960px\" class=\"wp-caption alignnone\"><img loading=\"lazy\" decoding=\"async\" class=\"wp-image-14908 size-full\" src=\"https:\/\/media.radiolitoral.com\/wp-content\/uploads\/2025\/02\/11104415\/Guardia-Civil-Calp-detenido-por-ocho-robos-con-fuerza-1.jpg\" alt=\"\" width=\"960\" height=\"720\" srcset=\"https:\/\/media.radiolitoral.com\/wp-content\/uploads\/2025\/02\/11104415\/Guardia-Civil-Calp-detenido-por-ocho-robos-con-fuerza-1.jpg 960w, https:\/\/media.radiolitoral.com\/wp-content\/uploads\/2025\/02\/11104415\/Guardia-Civil-Calp-detenido-por-ocho-robos-con-fuerza-1-300x225.jpg 300w, https:\/\/media.radiolitoral.com\/wp-content\/uploads\/2025\/02\/11104415\/Guardia-Civil-Calp-detenido-por-ocho-robos-con-fuerza-1-768x576.jpg 768w, https:\/\/media.radiolitoral.com\/wp-content\/uploads\/2025\/02\/11104415\/Guardia-Civil-Calp-detenido-por-ocho-robos-con-fuerza-1-16x12.jpg 16w, https:\/\/media.radiolitoral.com\/wp-content\/uploads\/2025\/02\/11104415\/Guardia-Civil-Calp-detenido-por-ocho-robos-con-fuerza-1-100x75.jpg 100w, https:\/\/media.radiolitoral.com\/wp-content\/uploads\/2025\/02\/11104415\/Guardia-Civil-Calp-detenido-por-ocho-robos-con-fuerza-1-200x150.jpg 200w\" sizes=\"auto, (max-width: 960px) 100vw, 960px\" \/><figcaption id=\"caption-attachment-14908\" class=\"wp-caption-text\">Va detenir. \/ Gu\u00e0rdia Civil<\/figcaption><\/figure>\n<h3>Localitzaci\u00f3 i detenci\u00f3 del sospit\u00f3s en un restaurant abandonat<\/h3>\n<p>Despr\u00e9s de diverses indagacions, els agents van concloure que<strong> el responsable dels robatoris actuava de nit ia peu,<\/strong> la qual cosa indicava que s&#039;escondia en una zona propera als fets.<\/p>\n<p>Finalment, el 7 de febrer, els investigadors van aconseguir identificar i<strong> localitzar el sospitos en un restaurant abandonat de la cala on havien tingut lloc els robatoris.<\/strong><\/p>\n<p>Durant la detenci\u00f3, es van recuperar diversos objectes robats i una quantitat de diners en francs su\u00efssos.<\/p>\n<p>El material intervingut va ser identificat com a procedent dels robatoris investigats i posteriorment retornat als seus leg\u00edtims propietaris.<\/p>\n<p>El detingut va ser posat a disposici\u00f3 del Jutjat de Gu\u00e0rdia del Partit Judicial de D\u00e9nia, que va decretar el seu ingr\u00e9s a la pres\u00f3 provisional.<\/p>","protected":false},"excerpt":{"rendered":"<p>La Gu\u00e0rdia Civil de Calp ha detingut un home de 23 anys com a presumpte autor de huit robatoris amb for\u00e7a, comesos en un restaurant i diversos vehicles estacionats en zones tur\u00edstiques del municipi. L\u2019arrestat, amb antecedents per delictes contra el patrimoni, ha ingressat en pres\u00f3 provisional per aquests fets. S\u00e8rie de robatoris en un [&#8230;]<\/p>\n<p><a class=\"btn btn-secondary understrap-read-more-link\" href=\"https:\/\/radiolitoral.com\/ca\/2025\/02\/detingut-a-calp-un-home-de-23-anys-per-huit-robatoris-amb-forca-en-un-restaurant-i-en-vehicles\/\">Continua llegint&#8230;<span class=\"screen-reader-text\"> from Detingut a Calp un home de 23 anys per huit robatoris amb for\u00e7a en un restaurant i en vehicles<\/span><\/a><\/p>\n","protected":false},"author":13,"featured_media":14909,"comment_status":"open","ping_status":"closed","sticky":false,"template":"","format":"standard","meta":{"_acf_changed":false,"inline_featured_image":false,"footnotes":""},"categories":[8,1],"tags":[122,638,11,3659,3091,3658],"class_list":["post-14915","post","type-post","status-publish","format-standard","has-post-thumbnail","hentry","category-sucesos","category-uncategorized","tag-calp","tag-detencion-calp","tag-guardia-civil","tag-noticias-sucesos-calp","tag-robo-con-fuerza","tag-scuesos","cobertura-calp"],"acf":[],"yoast_head":"<!-- This site is optimized with the Yoast SEO plugin v27.5 - https:\/\/yoast.com\/product\/yoast-seo-wordpress\/ -->\n<title>Detingut a Calp un home de 23 anys per huit robatoris amb for\u00e7a en un restaurant i en vehicles | R\u00e0dio Litoral<\/title>\n<meta name=\"description\" content=\"La Gu\u00e0rdia Civil el captura en un restaurant abandonat despr\u00e9s d\u2019una s\u00e8rie de robatoris en establiments i cotxes a la localitat La Gu\u00e0rdia Civil el captura en un restaurant abandonat despr\u00e9s d\u2019una s\u00e8rie de robatoris en establiments i cotxes a la localitat\" \/>\n<meta name=\"robots\" content=\"index, follow, max-snippet:-1, max-image-preview:large, max-video-preview:-1\" \/>\n<link rel=\"canonical\" href=\"https:\/\/radiolitoral.com\/ca\/2025\/02\/detingut-a-calp-un-home-de-23-anys-per-huit-robatoris-amb-forca-a-un-restaurant-i-en-vehicles\/\" \/>\n<meta property=\"og:locale\" content=\"ca_ES\" \/>\n<meta property=\"og:type\" content=\"article\" \/>\n<meta property=\"og:title\" content=\"Detingut a Calp un home de 23 anys per huit robatoris amb for\u00e7a en un restaurant i en vehicles | R\u00e0dio Litoral\" \/>\n<meta property=\"og:description\" content=\"La Gu\u00e0rdia Civil el captura en un restaurant abandonat despr\u00e9s d\u2019una s\u00e8rie de robatoris en establiments i cotxes a la localitat La Gu\u00e0rdia Civil el captura en un restaurant abandonat despr\u00e9s d\u2019una s\u00e8rie de robatoris en establiments i cotxes a la localitat\" \/>\n<meta property=\"og:url\" content=\"https:\/\/radiolitoral.com\/ca\/2025\/02\/detingut-a-calp-un-home-de-23-anys-per-huit-robatoris-amb-forca-a-un-restaurant-i-en-vehicles\/\" \/>\n<meta property=\"og:site_name\" content=\"R\u00e0dio Litoral\" \/>\n<meta property=\"article:publisher\" content=\"https:\/\/www.facebook.com\/Laradiolitoral\/\" \/>\n<meta property=\"article:published_time\" content=\"2025-02-11T09:50:46+00:00\" \/>\n<meta property=\"article:modified_time\" content=\"2025-02-11T09:54:11+00:00\" \/>\n<meta property=\"og:image\" content=\"https:\/\/media.radiolitoral.com\/wp-content\/uploads\/2025\/02\/11104418\/Guardia-Civil-Calp-detenido-por-ocho-robos-con-fuerza-2.jpg\" \/>\n\t<meta property=\"og:image:width\" content=\"960\" \/>\n\t<meta property=\"og:image:height\" content=\"720\" \/>\n\t<meta property=\"og:image:type\" content=\"image\/jpeg\" \/>\n<meta name=\"author\" content=\"Redacci\u00f3n\" \/>\n<meta name=\"twitter:card\" content=\"summary_large_image\" \/>\n<meta name=\"twitter:label1\" content=\"Escrit per\" \/>\n\t<meta name=\"twitter:data1\" content=\"Redacci\u00f3n\" \/>\n\t<meta name=\"twitter:label2\" content=\"Temps estimat de lectura\" \/>\n\t<meta name=\"twitter:data2\" content=\"3 minuts\" \/>\n<script type=\"application\/ld+json\" class=\"yoast-schema-graph\">{\"@context\":\"https:\\\/\\\/schema.org\",\"@graph\":[{\"@type\":\"NewsArticle\",\"@id\":\"https:\\\/\\\/radiolitoral.com\\\/2025\\\/02\\\/detingut-a-calp-un-home-de-23-anys-per-huit-robatoris-amb-forca-en-un-restaurant-i-en-vehicles\\\/#article\",\"isPartOf\":{\"@id\":\"https:\\\/\\\/radiolitoral.com\\\/2025\\\/02\\\/detingut-a-calp-un-home-de-23-anys-per-huit-robatoris-amb-forca-en-un-restaurant-i-en-vehicles\\\/\"},\"author\":{\"name\":\"Redacci\u00f3n\",\"@id\":\"https:\\\/\\\/radiolitoral.com\\\/#\\\/schema\\\/person\\\/f2b2343c49b5d721857cc1002bfdb151\"},\"headline\":\"Detingut a Calp un home de 23 anys per huit robatoris amb for\u00e7a en un restaurant i en vehicles\",\"datePublished\":\"2025-02-11T09:50:46+00:00\",\"dateModified\":\"2025-02-11T09:54:11+00:00\",\"mainEntityOfPage\":{\"@id\":\"https:\\\/\\\/radiolitoral.com\\\/2025\\\/02\\\/detingut-a-calp-un-home-de-23-anys-per-huit-robatoris-amb-forca-en-un-restaurant-i-en-vehicles\\\/\"},\"wordCount\":371,\"commentCount\":0,\"publisher\":{\"@id\":\"https:\\\/\\\/radiolitoral.com\\\/#organization\"},\"image\":{\"@id\":\"https:\\\/\\\/radiolitoral.com\\\/2025\\\/02\\\/detingut-a-calp-un-home-de-23-anys-per-huit-robatoris-amb-forca-en-un-restaurant-i-en-vehicles\\\/#primaryimage\"},\"thumbnailUrl\":\"https:\\\/\\\/media.radiolitoral.com\\\/wp-content\\\/uploads\\\/2025\\\/02\\\/11104418\\\/Guardia-Civil-Calp-detenido-por-ocho-robos-con-fuerza-2.jpg\",\"keywords\":[\"Calp\",\"detenci\u00f3n Calp\",\"Guardia Civil\",\"noticias sucesos Calp\",\"robo con fuerza\",\"scuesos\"],\"articleSection\":[\"Sucesos\",\"Uncategorized\"],\"inLanguage\":\"ca\",\"potentialAction\":[{\"@type\":\"CommentAction\",\"name\":\"Comment\",\"target\":[\"https:\\\/\\\/radiolitoral.com\\\/2025\\\/02\\\/detingut-a-calp-un-home-de-23-anys-per-huit-robatoris-amb-forca-en-un-restaurant-i-en-vehicles\\\/#respond\"]}]},{\"@type\":[\"WebPage\",\"ItemPage\"],\"@id\":\"https:\\\/\\\/radiolitoral.com\\\/2025\\\/02\\\/detingut-a-calp-un-home-de-23-anys-per-huit-robatoris-amb-forca-en-un-restaurant-i-en-vehicles\\\/\",\"url\":\"https:\\\/\\\/radiolitoral.com\\\/2025\\\/02\\\/detingut-a-calp-un-home-de-23-anys-per-huit-robatoris-amb-forca-en-un-restaurant-i-en-vehicles\\\/\",\"name\":\"Detingut a Calp un home de 23 anys per huit robatoris amb for\u00e7a en un restaurant i en vehicles | R\u00e0dio Litoral\",\"isPartOf\":{\"@id\":\"https:\\\/\\\/radiolitoral.com\\\/#website\"},\"primaryImageOfPage\":{\"@id\":\"https:\\\/\\\/radiolitoral.com\\\/2025\\\/02\\\/detingut-a-calp-un-home-de-23-anys-per-huit-robatoris-amb-forca-en-un-restaurant-i-en-vehicles\\\/#primaryimage\"},\"image\":{\"@id\":\"https:\\\/\\\/radiolitoral.com\\\/2025\\\/02\\\/detingut-a-calp-un-home-de-23-anys-per-huit-robatoris-amb-forca-en-un-restaurant-i-en-vehicles\\\/#primaryimage\"},\"thumbnailUrl\":\"https:\\\/\\\/media.radiolitoral.com\\\/wp-content\\\/uploads\\\/2025\\\/02\\\/11104418\\\/Guardia-Civil-Calp-detenido-por-ocho-robos-con-fuerza-2.jpg\",\"datePublished\":\"2025-02-11T09:50:46+00:00\",\"dateModified\":\"2025-02-11T09:54:11+00:00\",\"description\":\"La Gu\u00e0rdia Civil el captura en un restaurant abandonat despr\u00e9s d\u2019una s\u00e8rie de robatoris en establiments i cotxes a la localitat La Gu\u00e0rdia Civil el captura en un restaurant abandonat despr\u00e9s d\u2019una s\u00e8rie de robatoris en establiments i cotxes a la localitat\",\"breadcrumb\":{\"@id\":\"https:\\\/\\\/radiolitoral.com\\\/2025\\\/02\\\/detingut-a-calp-un-home-de-23-anys-per-huit-robatoris-amb-forca-en-un-restaurant-i-en-vehicles\\\/#breadcrumb\"},\"inLanguage\":\"ca\",\"potentialAction\":[{\"@type\":\"ReadAction\",\"target\":[\"https:\\\/\\\/radiolitoral.com\\\/2025\\\/02\\\/detingut-a-calp-un-home-de-23-anys-per-huit-robatoris-amb-forca-en-un-restaurant-i-en-vehicles\\\/\"]}]},{\"@type\":\"ImageObject\",\"inLanguage\":\"ca\",\"@id\":\"https:\\\/\\\/radiolitoral.com\\\/2025\\\/02\\\/detingut-a-calp-un-home-de-23-anys-per-huit-robatoris-amb-forca-en-un-restaurant-i-en-vehicles\\\/#primaryimage\",\"url\":\"https:\\\/\\\/media.radiolitoral.com\\\/wp-content\\\/uploads\\\/2025\\\/02\\\/11104418\\\/Guardia-Civil-Calp-detenido-por-ocho-robos-con-fuerza-2.jpg\",\"contentUrl\":\"https:\\\/\\\/media.radiolitoral.com\\\/wp-content\\\/uploads\\\/2025\\\/02\\\/11104418\\\/Guardia-Civil-Calp-detenido-por-ocho-robos-con-fuerza-2.jpg\",\"width\":960,\"height\":720},{\"@type\":\"BreadcrumbList\",\"@id\":\"https:\\\/\\\/radiolitoral.com\\\/2025\\\/02\\\/detingut-a-calp-un-home-de-23-anys-per-huit-robatoris-amb-forca-en-un-restaurant-i-en-vehicles\\\/#breadcrumb\",\"itemListElement\":[{\"@type\":\"ListItem\",\"position\":1,\"name\":\"Portada\",\"item\":\"https:\\\/\\\/radiolitoral.com\\\/\"},{\"@type\":\"ListItem\",\"position\":2,\"name\":\"Detingut a Calp un home de 23 anys per huit robatoris amb for\u00e7a en un restaurant i en vehicles\"}]},{\"@type\":\"WebSite\",\"@id\":\"https:\\\/\\\/radiolitoral.com\\\/#website\",\"url\":\"https:\\\/\\\/radiolitoral.com\\\/\",\"name\":\"Radio Litoral\",\"description\":\"La radio local de la Marina Alta\",\"publisher\":{\"@id\":\"https:\\\/\\\/radiolitoral.com\\\/#organization\"},\"alternateName\":\"Litoral FM\",\"potentialAction\":[{\"@type\":\"SearchAction\",\"target\":{\"@type\":\"EntryPoint\",\"urlTemplate\":\"https:\\\/\\\/radiolitoral.com\\\/?s={search_term_string}\"},\"query-input\":{\"@type\":\"PropertyValueSpecification\",\"valueRequired\":true,\"valueName\":\"search_term_string\"}}],\"inLanguage\":\"ca\"},{\"@type\":\"Organization\",\"@id\":\"https:\\\/\\\/radiolitoral.com\\\/#organization\",\"name\":\"Radio Litoral\",\"url\":\"https:\\\/\\\/radiolitoral.com\\\/\",\"logo\":{\"@type\":\"ImageObject\",\"inLanguage\":\"ca\",\"@id\":\"https:\\\/\\\/radiolitoral.com\\\/#\\\/schema\\\/logo\\\/image\\\/\",\"url\":\"https:\\\/\\\/media.radiolitoral.com\\\/wp-content\\\/uploads\\\/2023\\\/02\\\/24143238\\\/CL-V-RadioLitoral696.png\",\"contentUrl\":\"https:\\\/\\\/media.radiolitoral.com\\\/wp-content\\\/uploads\\\/2023\\\/02\\\/24143238\\\/CL-V-RadioLitoral696.png\",\"width\":696,\"height\":696,\"caption\":\"Radio Litoral\"},\"image\":{\"@id\":\"https:\\\/\\\/radiolitoral.com\\\/#\\\/schema\\\/logo\\\/image\\\/\"},\"sameAs\":[\"https:\\\/\\\/www.facebook.com\\\/Laradiolitoral\\\/\"]},{\"@type\":\"Person\",\"@id\":\"https:\\\/\\\/radiolitoral.com\\\/#\\\/schema\\\/person\\\/f2b2343c49b5d721857cc1002bfdb151\",\"name\":\"Redacci\u00f3n\",\"image\":{\"@type\":\"ImageObject\",\"inLanguage\":\"ca\",\"@id\":\"https:\\\/\\\/secure.gravatar.com\\\/avatar\\\/f771d896c203ad8b3382d7905cfcce5a5c9b008b84b3cd9114e9b9f4cb63f789?s=96&d=mm&r=g\",\"url\":\"https:\\\/\\\/secure.gravatar.com\\\/avatar\\\/f771d896c203ad8b3382d7905cfcce5a5c9b008b84b3cd9114e9b9f4cb63f789?s=96&d=mm&r=g\",\"contentUrl\":\"https:\\\/\\\/secure.gravatar.com\\\/avatar\\\/f771d896c203ad8b3382d7905cfcce5a5c9b008b84b3cd9114e9b9f4cb63f789?s=96&d=mm&r=g\",\"caption\":\"Redacci\u00f3n\"},\"url\":\"https:\\\/\\\/radiolitoral.com\\\/ca\\\/author\\\/miriam-pagan\\\/\"}]}<\/script>\n<!-- \/ Yoast SEO plugin. -->","yoast_head_json":{"title":"Detingut a Calp un home de 23 anys per huit robatoris amb for\u00e7a a un restaurant i en vehicles | R\u00e0dio Litoral","description":"La Gu\u00e0rdia Civil el captura a un restaurant abandonat despr\u00e9s d&#039;una s\u00e8rie de robatoris a establiments i cotxes a la localitat La Gu\u00e0rdia Civil el captura a un restaurant abandonat despr\u00e9s d&#039;una s\u00e8rie de robatoris a establiments i cotxes a la localitat","robots":{"index":"index","follow":"follow","max-snippet":"max-snippet:-1","max-image-preview":"max-image-preview:large","max-video-preview":"max-video-preview:-1"},"canonical":"https:\/\/radiolitoral.com\/ca\/2025\/02\/detingut-a-calp-un-home-de-23-anys-per-huit-robatoris-amb-forca-a-un-restaurant-i-en-vehicles\/","og_locale":"ca_ES","og_type":"article","og_title":"Detingut a Calp un home de 23 anys per huit robatoris amb for\u00e7a en un restaurant i en vehicles | R\u00e0dio Litoral","og_description":"La Gu\u00e0rdia Civil el captura en un restaurant abandonat despr\u00e9s d\u2019una s\u00e8rie de robatoris en establiments i cotxes a la localitat La Gu\u00e0rdia Civil el captura en un restaurant abandonat despr\u00e9s d\u2019una s\u00e8rie de robatoris en establiments i cotxes a la localitat","og_url":"https:\/\/radiolitoral.com\/ca\/2025\/02\/detingut-a-calp-un-home-de-23-anys-per-huit-robatoris-amb-forca-a-un-restaurant-i-en-vehicles\/","og_site_name":"R\u00e0dio Litoral","article_publisher":"https:\/\/www.facebook.com\/Laradiolitoral\/","article_published_time":"2025-02-11T09:50:46+00:00","article_modified_time":"2025-02-11T09:54:11+00:00","og_image":[{"width":960,"height":720,"url":"https:\/\/media.radiolitoral.com\/wp-content\/uploads\/2025\/02\/11104418\/Guardia-Civil-Calp-detenido-por-ocho-robos-con-fuerza-2.jpg","type":"image\/jpeg"}],"author":"Redacci\u00f3n","twitter_card":"summary_large_image","twitter_misc":{"Escrit per":"Redacci\u00f3n","Temps estimat de lectura":"3 minuts"},"schema":{"@context":"https:\/\/schema.org","@graph":[{"@type":"NewsArticle","@id":"https:\/\/radiolitoral.com\/2025\/02\/detingut-a-calp-un-home-de-23-anys-per-huit-robatoris-amb-forca-en-un-restaurant-i-en-vehicles\/#article","isPartOf":{"@id":"https:\/\/radiolitoral.com\/2025\/02\/detingut-a-calp-un-home-de-23-anys-per-huit-robatoris-amb-forca-en-un-restaurant-i-en-vehicles\/"},"author":{"name":"Redacci\u00f3n","@id":"https:\/\/radiolitoral.com\/#\/schema\/person\/f2b2343c49b5d721857cc1002bfdb151"},"headline":"Detingut a Calp un home de 23 anys per huit robatoris amb for\u00e7a en un restaurant i en vehicles","datePublished":"2025-02-11T09:50:46+00:00","dateModified":"2025-02-11T09:54:11+00:00","mainEntityOfPage":{"@id":"https:\/\/radiolitoral.com\/2025\/02\/detingut-a-calp-un-home-de-23-anys-per-huit-robatoris-amb-forca-en-un-restaurant-i-en-vehicles\/"},"wordCount":371,"commentCount":0,"publisher":{"@id":"https:\/\/radiolitoral.com\/#organization"},"image":{"@id":"https:\/\/radiolitoral.com\/2025\/02\/detingut-a-calp-un-home-de-23-anys-per-huit-robatoris-amb-forca-en-un-restaurant-i-en-vehicles\/#primaryimage"},"thumbnailUrl":"https:\/\/media.radiolitoral.com\/wp-content\/uploads\/2025\/02\/11104418\/Guardia-Civil-Calp-detenido-por-ocho-robos-con-fuerza-2.jpg","keywords":["Calp","detenci\u00f3n Calp","Guardia Civil","noticias sucesos Calp","robo con fuerza","scuesos"],"articleSection":["Sucesos","Uncategorized"],"inLanguage":"ca","potentialAction":[{"@type":"CommentAction","name":"Comment","target":["https:\/\/radiolitoral.com\/2025\/02\/detingut-a-calp-un-home-de-23-anys-per-huit-robatoris-amb-forca-en-un-restaurant-i-en-vehicles\/#respond"]}]},{"@type":["WebPage","ItemPage"],"@id":"https:\/\/radiolitoral.com\/2025\/02\/detingut-a-calp-un-home-de-23-anys-per-huit-robatoris-amb-forca-en-un-restaurant-i-en-vehicles\/","url":"https:\/\/radiolitoral.com\/2025\/02\/detingut-a-calp-un-home-de-23-anys-per-huit-robatoris-amb-forca-en-un-restaurant-i-en-vehicles\/","name":"Detingut a Calp un home de 23 anys per huit robatoris amb for\u00e7a a un restaurant i en vehicles | R\u00e0dio Litoral","isPartOf":{"@id":"https:\/\/radiolitoral.com\/#website"},"primaryImageOfPage":{"@id":"https:\/\/radiolitoral.com\/2025\/02\/detingut-a-calp-un-home-de-23-anys-per-huit-robatoris-amb-forca-en-un-restaurant-i-en-vehicles\/#primaryimage"},"image":{"@id":"https:\/\/radiolitoral.com\/2025\/02\/detingut-a-calp-un-home-de-23-anys-per-huit-robatoris-amb-forca-en-un-restaurant-i-en-vehicles\/#primaryimage"},"thumbnailUrl":"https:\/\/media.radiolitoral.com\/wp-content\/uploads\/2025\/02\/11104418\/Guardia-Civil-Calp-detenido-por-ocho-robos-con-fuerza-2.jpg","datePublished":"2025-02-11T09:50:46+00:00","dateModified":"2025-02-11T09:54:11+00:00","description":"La Gu\u00e0rdia Civil el captura a un restaurant abandonat despr\u00e9s d&#039;una s\u00e8rie de robatoris a establiments i cotxes a la localitat La Gu\u00e0rdia Civil el captura a un restaurant abandonat despr\u00e9s d&#039;una s\u00e8rie de robatoris a establiments i cotxes a la localitat","breadcrumb":{"@id":"https:\/\/radiolitoral.com\/2025\/02\/detingut-a-calp-un-home-de-23-anys-per-huit-robatoris-amb-forca-en-un-restaurant-i-en-vehicles\/#breadcrumb"},"inLanguage":"ca","potentialAction":[{"@type":"ReadAction","target":["https:\/\/radiolitoral.com\/2025\/02\/detingut-a-calp-un-home-de-23-anys-per-huit-robatoris-amb-forca-en-un-restaurant-i-en-vehicles\/"]}]},{"@type":"ImageObject","inLanguage":"ca","@id":"https:\/\/radiolitoral.com\/2025\/02\/detingut-a-calp-un-home-de-23-anys-per-huit-robatoris-amb-forca-en-un-restaurant-i-en-vehicles\/#primaryimage","url":"https:\/\/media.radiolitoral.com\/wp-content\/uploads\/2025\/02\/11104418\/Guardia-Civil-Calp-detenido-por-ocho-robos-con-fuerza-2.jpg","contentUrl":"https:\/\/media.radiolitoral.com\/wp-content\/uploads\/2025\/02\/11104418\/Guardia-Civil-Calp-detenido-por-ocho-robos-con-fuerza-2.jpg","width":960,"height":720},{"@type":"BreadcrumbList","@id":"https:\/\/radiolitoral.com\/2025\/02\/detingut-a-calp-un-home-de-23-anys-per-huit-robatoris-amb-forca-en-un-restaurant-i-en-vehicles\/#breadcrumb","itemListElement":[{"@type":"ListItem","position":1,"name":"Portada","item":"https:\/\/radiolitoral.com\/"},{"@type":"ListItem","position":2,"name":"Detingut a Calp un home de 23 anys per huit robatoris amb for\u00e7a en un restaurant i en vehicles"}]},{"@type":"WebSite","@id":"https:\/\/radiolitoral.com\/#website","url":"https:\/\/radiolitoral.com\/","name":"R\u00e0dio Litoral","description":"La r\u00e0dio local de la Marina Alta","publisher":{"@id":"https:\/\/radiolitoral.com\/#organization"},"alternateName":"Litoral FM","potentialAction":[{"@type":"SearchAction","target":{"@type":"EntryPoint","urlTemplate":"https:\/\/radiolitoral.com\/?s={search_term_string}"},"query-input":{"@type":"PropertyValueSpecification","valueRequired":true,"valueName":"search_term_string"}}],"inLanguage":"ca"},{"@type":"Organization","@id":"https:\/\/radiolitoral.com\/#organization","name":"R\u00e0dio Litoral","url":"https:\/\/radiolitoral.com\/","logo":{"@type":"ImageObject","inLanguage":"ca","@id":"https:\/\/radiolitoral.com\/#\/schema\/logo\/image\/","url":"https:\/\/media.radiolitoral.com\/wp-content\/uploads\/2023\/02\/24143238\/CL-V-RadioLitoral696.png","contentUrl":"https:\/\/media.radiolitoral.com\/wp-content\/uploads\/2023\/02\/24143238\/CL-V-RadioLitoral696.png","width":696,"height":696,"caption":"Radio Litoral"},"image":{"@id":"https:\/\/radiolitoral.com\/#\/schema\/logo\/image\/"},"sameAs":["https:\/\/www.facebook.com\/Laradiolitoral\/"]},{"@type":"Person","@id":"https:\/\/radiolitoral.com\/#\/schema\/person\/f2b2343c49b5d721857cc1002bfdb151","name":"Redacci\u00f3","image":{"@type":"ImageObject","inLanguage":"ca","@id":"https:\/\/secure.gravatar.com\/avatar\/f771d896c203ad8b3382d7905cfcce5a5c9b008b84b3cd9114e9b9f4cb63f789?s=96&d=mm&r=g","url":"https:\/\/secure.gravatar.com\/avatar\/f771d896c203ad8b3382d7905cfcce5a5c9b008b84b3cd9114e9b9f4cb63f789?s=96&d=mm&r=g","contentUrl":"https:\/\/secure.gravatar.com\/avatar\/f771d896c203ad8b3382d7905cfcce5a5c9b008b84b3cd9114e9b9f4cb63f789?s=96&d=mm&r=g","caption":"Redacci\u00f3n"},"url":"https:\/\/radiolitoral.com\/ca\/author\/miriam-pagan\/"}]}},"_links":{"self":[{"href":"https:\/\/radiolitoral.com\/ca\/wp-json\/wp\/v2\/posts\/14915","targetHints":{"allow":["GET"]}}],"collection":[{"href":"https:\/\/radiolitoral.com\/ca\/wp-json\/wp\/v2\/posts"}],"about":[{"href":"https:\/\/radiolitoral.com\/ca\/wp-json\/wp\/v2\/types\/post"}],"author":[{"embeddable":true,"href":"https:\/\/radiolitoral.com\/ca\/wp-json\/wp\/v2\/users\/13"}],"replies":[{"embeddable":true,"href":"https:\/\/radiolitoral.com\/ca\/wp-json\/wp\/v2\/comments?post=14915"}],"version-history":[{"count":3,"href":"https:\/\/radiolitoral.com\/ca\/wp-json\/wp\/v2\/posts\/14915\/revisions"}],"predecessor-version":[{"id":14922,"href":"https:\/\/radiolitoral.com\/ca\/wp-json\/wp\/v2\/posts\/14915\/revisions\/14922"}],"wp:featuredmedia":[{"embeddable":true,"href":"https:\/\/radiolitoral.com\/ca\/wp-json\/wp\/v2\/media\/14909"}],"wp:attachment":[{"href":"https:\/\/radiolitoral.com\/ca\/wp-json\/wp\/v2\/media?parent=14915"}],"wp:term":[{"taxonomy":"category","embeddable":true,"href":"https:\/\/radiolitoral.com\/ca\/wp-json\/wp\/v2\/categories?post=14915"},{"taxonomy":"post_tag","embeddable":true,"href":"https:\/\/radiolitoral.com\/ca\/wp-json\/wp\/v2\/tags?post=14915"}],"curies":[{"name":"wp","href":"https:\/\/api.w.org\/{rel}","templated":true}]}}