{"id":14899,"date":"2025-02-11T10:41:59","date_gmt":"2025-02-11T09:41:59","guid":{"rendered":"https:\/\/radiolitoral.com\/?p=14899"},"modified":"2025-02-11T10:41:59","modified_gmt":"2025-02-11T09:41:59","slug":"gata-fs-va-conquerir-la-iii-supercopa-dacydma","status":"publish","type":"post","link":"https:\/\/radiolitoral.com\/ca\/2025\/02\/gata-fs-va-conquistar-la-iii-supercopa-dacydma\/","title":{"rendered":"Gata FS va conquerir la III Supercopa d&#039;Acydma"},"content":{"rendered":"<p data-pm-slice=\"1 1 []\">El <strong>Gata FS<\/strong> s&#039;ha adjudicat la III edici\u00f3 de la <strong>Supercopa de Futbol Sala Acydma<\/strong> despr\u00e9s d&#039;imposar-se en una final vibrant a <strong>Cellers Xal\u00f3 FS<\/strong> per un ajustat<strong> 2-1<\/strong>. La competici\u00f3 es va disputar al <strong>pavell\u00f3 municipal de Gata<\/strong> en tres jornades plenes de bon joc i, sobretot, molta emoci\u00f3. De fet, les semifinals es van decidir als penals despr\u00e9s de finalitzar amb empat a dos.<\/p>\n<p>A la gran final, l&#039;equip anfitri\u00f3 es va avan\u00e7ar gr\u00e0cies a un gol de Yunes a la primera meitat, premi al seu major domini del joc. A la segona part, les forces es van igualar i Bodegas Xal\u00f3 va estirar l\u00ednies per buscar l&#039;empat, per\u00f2 Alan va ampliar la avantatge per al Gata amb el 2-0. A falta de cinc minuts, els xaloners van arriscar jugant amb porter-jugador per crear superioritat en atac i la jugada els va sortir b\u00e9, ja que Samu va retallar dist\u00e0ncies amb el 2-1 en una acci\u00f3 d&#039;atac organitzat.<\/p>\n<figure id=\"attachment_14902\" aria-describedby=\"caption-attachment-14902\" style=\"width: 1168px\" class=\"wp-caption alignnone\"><img loading=\"lazy\" decoding=\"async\" class=\"wp-image-14902 size-full\" src=\"https:\/\/media.radiolitoral.com\/wp-content\/uploads\/2025\/02\/11103841\/Equipo-de-Gata-FS-con-el-trofeo.jpg\" alt=\"\" width=\"1168\" height=\"650\" srcset=\"https:\/\/media.radiolitoral.com\/wp-content\/uploads\/2025\/02\/11103841\/Equipo-de-Gata-FS-con-el-trofeo.jpg 1168w, https:\/\/media.radiolitoral.com\/wp-content\/uploads\/2025\/02\/11103841\/Equipo-de-Gata-FS-con-el-trofeo-300x167.jpg 300w, https:\/\/media.radiolitoral.com\/wp-content\/uploads\/2025\/02\/11103841\/Equipo-de-Gata-FS-con-el-trofeo-1024x570.jpg 1024w, https:\/\/media.radiolitoral.com\/wp-content\/uploads\/2025\/02\/11103841\/Equipo-de-Gata-FS-con-el-trofeo-768x427.jpg 768w, https:\/\/media.radiolitoral.com\/wp-content\/uploads\/2025\/02\/11103841\/Equipo-de-Gata-FS-con-el-trofeo-18x10.jpg 18w, https:\/\/media.radiolitoral.com\/wp-content\/uploads\/2025\/02\/11103841\/Equipo-de-Gata-FS-con-el-trofeo-1000x557.jpg 1000w, https:\/\/media.radiolitoral.com\/wp-content\/uploads\/2025\/02\/11103841\/Equipo-de-Gata-FS-con-el-trofeo-100x56.jpg 100w, https:\/\/media.radiolitoral.com\/wp-content\/uploads\/2025\/02\/11103841\/Equipo-de-Gata-FS-con-el-trofeo-200x111.jpg 200w\" sizes=\"auto, (max-width: 1168px) 100vw, 1168px\" \/><figcaption id=\"caption-attachment-14902\" class=\"wp-caption-text\">Equip de Gata FS amb el trofeu | Acydma<\/figcaption><\/figure>\n<p>Amb Bodegas Xal\u00f3 bolcat a l&#039;atac, el Gata FS es va defensar amb fermesa. Tot i aix\u00f2, els visitants van estar a punt d&#039;aconseguir l&#039;empat en una acci\u00f3 en qu\u00e8 el porter va desviar el bal\u00f3 i el pal va evitar el gol. Finalment, alegria al Gata i entre la seva afici\u00f3 per posar el fermall d&#039;or a tres dies de gran competici\u00f3.<\/p>\n<p>A les semifinals, Bodegas Xal\u00f3 FS va eliminar <strong>Ca Nano<\/strong> i Gata FS es va desfer d&#039;<strong>Els Poblets<\/strong>. El regidor d&#039;Esports de Gata, <strong>Antonio Jos\u00e9 Signes<\/strong>, i el president d&#039;Acydma, <strong>Alberto Portillo<\/strong>, van fer entrega dels trofeus als finalistes.<\/p>","protected":false},"excerpt":{"rendered":"<p>El Gata FS s\u2019ha adjudicat la III edici\u00f3 de la Supercopa de Futbol Sala Acydma despr\u00e9s d\u2019imposar-se en una final vibrant a Bodegas Xal\u00f3 FS per un ajustat 2-1. La competici\u00f3 es va disputar al pavell\u00f3 municipal de Gata en tres jornades plenes de bon joc i, sobretot, molta emoci\u00f3. De fet, les semifinals es [&#8230;]<\/p>\n<p><a class=\"btn btn-secondary understrap-read-more-link\" href=\"https:\/\/radiolitoral.com\/ca\/2025\/02\/gata-fs-va-conquistar-la-iii-supercopa-dacydma\/\">Continua llegint&#8230;<span class=\"screen-reader-text\"> from Gata FS va conquistar la III Supercopa d&#8217;Acydma<\/span><\/a><\/p>\n","protected":false},"author":12,"featured_media":14901,"comment_status":"open","ping_status":"closed","sticky":false,"template":"","format":"standard","meta":{"_acf_changed":false,"inline_featured_image":false,"footnotes":""},"categories":[5],"tags":[1755,3643,3641,6,1510,3642,3640],"class_list":["post-14899","post","type-post","status-publish","format-standard","has-post-thumbnail","hentry","category-deportes","tag-alberto-portillo","tag-antonio-jose-signes","tag-bodegas-xalo-fs","tag-deportes","tag-gata-fs","tag-pavello-municipal-de-gata","tag-supercopa-de-futbol-sala-acydma","cobertura-gata-de-gorgos"],"acf":[],"yoast_head":"<!-- This site is optimized with the Yoast SEO plugin v27.5 - https:\/\/yoast.com\/product\/yoast-seo-wordpress\/ -->\n<title>Gata FS va conquistar la III Supercopa d&#039;Acydma | R\u00e0dio Litoral<\/title>\n<meta name=\"description\" content=\"En la final jugada en el pavell\u00f3 de Gata de Gorgos va derrotar a Bodegas Xal\u00f2 FS per 2 a 1En la final jugada en el pavell\u00f3 de Gata de Gorgos va derrotar a Bodegas Xal\u00f2 per 2 a 1\" \/>\n<meta name=\"robots\" content=\"index, follow, max-snippet:-1, max-image-preview:large, max-video-preview:-1\" \/>\n<link rel=\"canonical\" href=\"https:\/\/radiolitoral.com\/ca\/2025\/02\/gata-fs-va-conquerir-la-iii-supercopa-dacydma\/\" \/>\n<meta property=\"og:locale\" content=\"ca_ES\" \/>\n<meta property=\"og:type\" content=\"article\" \/>\n<meta property=\"og:title\" content=\"Gata FS va conquistar la III Supercopa d&#039;Acydma | R\u00e0dio Litoral\" \/>\n<meta property=\"og:description\" content=\"En la final jugada en el pavell\u00f3 de Gata de Gorgos va derrotar a Bodegas Xal\u00f2 FS per 2 a 1En la final jugada en el pavell\u00f3 de Gata de Gorgos va derrotar a Bodegas Xal\u00f2 per 2 a 1\" \/>\n<meta property=\"og:url\" content=\"https:\/\/radiolitoral.com\/ca\/2025\/02\/gata-fs-va-conquerir-la-iii-supercopa-dacydma\/\" \/>\n<meta property=\"og:site_name\" content=\"R\u00e0dio Litoral\" \/>\n<meta property=\"article:publisher\" content=\"https:\/\/www.facebook.com\/Laradiolitoral\/\" \/>\n<meta property=\"article:published_time\" content=\"2025-02-11T09:41:59+00:00\" \/>\n<meta property=\"og:image\" content=\"https:\/\/media.radiolitoral.com\/wp-content\/uploads\/2025\/02\/11103815\/El-equipo-ganador-con-el-trofeo.jpg\" \/>\n\t<meta property=\"og:image:width\" content=\"1024\" \/>\n\t<meta property=\"og:image:height\" content=\"573\" \/>\n\t<meta property=\"og:image:type\" content=\"image\/jpeg\" \/>\n<meta name=\"author\" content=\"Javier Zamora\" \/>\n<meta name=\"twitter:card\" content=\"summary_large_image\" \/>\n<meta name=\"twitter:label1\" content=\"Escrit per\" \/>\n\t<meta name=\"twitter:data1\" content=\"Javier Zamora\" \/>\n\t<meta name=\"twitter:label2\" content=\"Temps estimat de lectura\" \/>\n\t<meta name=\"twitter:data2\" content=\"2 minuts\" \/>\n<script type=\"application\/ld+json\" class=\"yoast-schema-graph\">{\"@context\":\"https:\\\/\\\/schema.org\",\"@graph\":[{\"@type\":\"NewsArticle\",\"@id\":\"https:\\\/\\\/radiolitoral.com\\\/2025\\\/02\\\/gata-fs-va-conquistar-la-iii-supercopa-dacydma\\\/#article\",\"isPartOf\":{\"@id\":\"https:\\\/\\\/radiolitoral.com\\\/2025\\\/02\\\/gata-fs-va-conquistar-la-iii-supercopa-dacydma\\\/\"},\"author\":{\"name\":\"Javier Zamora\",\"@id\":\"https:\\\/\\\/radiolitoral.com\\\/#\\\/schema\\\/person\\\/7b1480b5caeb5acdd4ec6379caf62b22\"},\"headline\":\"Gata FS va conquistar la III Supercopa d&#8217;Acydma\",\"datePublished\":\"2025-02-11T09:41:59+00:00\",\"mainEntityOfPage\":{\"@id\":\"https:\\\/\\\/radiolitoral.com\\\/2025\\\/02\\\/gata-fs-va-conquistar-la-iii-supercopa-dacydma\\\/\"},\"wordCount\":305,\"commentCount\":0,\"publisher\":{\"@id\":\"https:\\\/\\\/radiolitoral.com\\\/#organization\"},\"image\":{\"@id\":\"https:\\\/\\\/radiolitoral.com\\\/2025\\\/02\\\/gata-fs-va-conquistar-la-iii-supercopa-dacydma\\\/#primaryimage\"},\"thumbnailUrl\":\"https:\\\/\\\/media.radiolitoral.com\\\/wp-content\\\/uploads\\\/2025\\\/02\\\/11103815\\\/El-equipo-ganador-con-el-trofeo.jpg\",\"keywords\":[\"Alberto\u00a0Portillo\",\"Antonio Jos\u00e9 Signes\",\"Bodegas Xal\u00f3 FS\",\"deportes\",\"Gata FS\",\"pavell\u00f3 municipal de Gata\",\"Supercopa de Futbol Sala Acydma\"],\"articleSection\":[\"Deportes\"],\"inLanguage\":\"ca\",\"potentialAction\":[{\"@type\":\"CommentAction\",\"name\":\"Comment\",\"target\":[\"https:\\\/\\\/radiolitoral.com\\\/2025\\\/02\\\/gata-fs-va-conquistar-la-iii-supercopa-dacydma\\\/#respond\"]}]},{\"@type\":[\"WebPage\",\"ItemPage\"],\"@id\":\"https:\\\/\\\/radiolitoral.com\\\/2025\\\/02\\\/gata-fs-va-conquistar-la-iii-supercopa-dacydma\\\/\",\"url\":\"https:\\\/\\\/radiolitoral.com\\\/2025\\\/02\\\/gata-fs-va-conquistar-la-iii-supercopa-dacydma\\\/\",\"name\":\"Gata FS va conquistar la III Supercopa d'Acydma | R\u00e0dio Litoral\",\"isPartOf\":{\"@id\":\"https:\\\/\\\/radiolitoral.com\\\/#website\"},\"primaryImageOfPage\":{\"@id\":\"https:\\\/\\\/radiolitoral.com\\\/2025\\\/02\\\/gata-fs-va-conquistar-la-iii-supercopa-dacydma\\\/#primaryimage\"},\"image\":{\"@id\":\"https:\\\/\\\/radiolitoral.com\\\/2025\\\/02\\\/gata-fs-va-conquistar-la-iii-supercopa-dacydma\\\/#primaryimage\"},\"thumbnailUrl\":\"https:\\\/\\\/media.radiolitoral.com\\\/wp-content\\\/uploads\\\/2025\\\/02\\\/11103815\\\/El-equipo-ganador-con-el-trofeo.jpg\",\"datePublished\":\"2025-02-11T09:41:59+00:00\",\"description\":\"En la final jugada en el pavell\u00f3 de Gata de Gorgos va derrotar a Bodegas Xal\u00f2 FS per 2 a 1En la final jugada en el pavell\u00f3 de Gata de Gorgos va derrotar a Bodegas Xal\u00f2 per 2 a 1\",\"breadcrumb\":{\"@id\":\"https:\\\/\\\/radiolitoral.com\\\/2025\\\/02\\\/gata-fs-va-conquistar-la-iii-supercopa-dacydma\\\/#breadcrumb\"},\"inLanguage\":\"ca\",\"potentialAction\":[{\"@type\":\"ReadAction\",\"target\":[\"https:\\\/\\\/radiolitoral.com\\\/2025\\\/02\\\/gata-fs-va-conquistar-la-iii-supercopa-dacydma\\\/\"]}]},{\"@type\":\"ImageObject\",\"inLanguage\":\"ca\",\"@id\":\"https:\\\/\\\/radiolitoral.com\\\/2025\\\/02\\\/gata-fs-va-conquistar-la-iii-supercopa-dacydma\\\/#primaryimage\",\"url\":\"https:\\\/\\\/media.radiolitoral.com\\\/wp-content\\\/uploads\\\/2025\\\/02\\\/11103815\\\/El-equipo-ganador-con-el-trofeo.jpg\",\"contentUrl\":\"https:\\\/\\\/media.radiolitoral.com\\\/wp-content\\\/uploads\\\/2025\\\/02\\\/11103815\\\/El-equipo-ganador-con-el-trofeo.jpg\",\"width\":1024,\"height\":573},{\"@type\":\"BreadcrumbList\",\"@id\":\"https:\\\/\\\/radiolitoral.com\\\/2025\\\/02\\\/gata-fs-va-conquistar-la-iii-supercopa-dacydma\\\/#breadcrumb\",\"itemListElement\":[{\"@type\":\"ListItem\",\"position\":1,\"name\":\"Portada\",\"item\":\"https:\\\/\\\/radiolitoral.com\\\/\"},{\"@type\":\"ListItem\",\"position\":2,\"name\":\"Gata FS va conquistar la III Supercopa d&#8217;Acydma\"}]},{\"@type\":\"WebSite\",\"@id\":\"https:\\\/\\\/radiolitoral.com\\\/#website\",\"url\":\"https:\\\/\\\/radiolitoral.com\\\/\",\"name\":\"Radio Litoral\",\"description\":\"La radio local de la Marina Alta\",\"publisher\":{\"@id\":\"https:\\\/\\\/radiolitoral.com\\\/#organization\"},\"alternateName\":\"Litoral FM\",\"potentialAction\":[{\"@type\":\"SearchAction\",\"target\":{\"@type\":\"EntryPoint\",\"urlTemplate\":\"https:\\\/\\\/radiolitoral.com\\\/?s={search_term_string}\"},\"query-input\":{\"@type\":\"PropertyValueSpecification\",\"valueRequired\":true,\"valueName\":\"search_term_string\"}}],\"inLanguage\":\"ca\"},{\"@type\":\"Organization\",\"@id\":\"https:\\\/\\\/radiolitoral.com\\\/#organization\",\"name\":\"Radio Litoral\",\"url\":\"https:\\\/\\\/radiolitoral.com\\\/\",\"logo\":{\"@type\":\"ImageObject\",\"inLanguage\":\"ca\",\"@id\":\"https:\\\/\\\/radiolitoral.com\\\/#\\\/schema\\\/logo\\\/image\\\/\",\"url\":\"https:\\\/\\\/media.radiolitoral.com\\\/wp-content\\\/uploads\\\/2023\\\/02\\\/24143238\\\/CL-V-RadioLitoral696.png\",\"contentUrl\":\"https:\\\/\\\/media.radiolitoral.com\\\/wp-content\\\/uploads\\\/2023\\\/02\\\/24143238\\\/CL-V-RadioLitoral696.png\",\"width\":696,\"height\":696,\"caption\":\"Radio Litoral\"},\"image\":{\"@id\":\"https:\\\/\\\/radiolitoral.com\\\/#\\\/schema\\\/logo\\\/image\\\/\"},\"sameAs\":[\"https:\\\/\\\/www.facebook.com\\\/Laradiolitoral\\\/\"]},{\"@type\":\"Person\",\"@id\":\"https:\\\/\\\/radiolitoral.com\\\/#\\\/schema\\\/person\\\/7b1480b5caeb5acdd4ec6379caf62b22\",\"name\":\"Javier Zamora\",\"image\":{\"@type\":\"ImageObject\",\"inLanguage\":\"ca\",\"@id\":\"https:\\\/\\\/secure.gravatar.com\\\/avatar\\\/467a11f6918c7d619c4043fc6fa2d3853053107973f05b6e9c04ea6c4e3a7b3f?s=96&d=mm&r=g\",\"url\":\"https:\\\/\\\/secure.gravatar.com\\\/avatar\\\/467a11f6918c7d619c4043fc6fa2d3853053107973f05b6e9c04ea6c4e3a7b3f?s=96&d=mm&r=g\",\"contentUrl\":\"https:\\\/\\\/secure.gravatar.com\\\/avatar\\\/467a11f6918c7d619c4043fc6fa2d3853053107973f05b6e9c04ea6c4e3a7b3f?s=96&d=mm&r=g\",\"caption\":\"Javier Zamora\"},\"url\":\"https:\\\/\\\/radiolitoral.com\\\/ca\\\/author\\\/javier-zamora\\\/\"}]}<\/script>\n<!-- \/ Yoast SEO plugin. -->","yoast_head_json":{"title":"Gata FS va conquerir la III Supercopa d&#039;Acydma | R\u00e0dio Litoral","description":"A la final jugada al pavell\u00f3 de Gata de Gorgos va derrotar Bodegas Xal\u00f2 FS per 2 a 1A la final jugada al pavell\u00f3 de Gata de Gorgos va derrotar Bodegas Xal\u00f2 per 2 a 1","robots":{"index":"index","follow":"follow","max-snippet":"max-snippet:-1","max-image-preview":"max-image-preview:large","max-video-preview":"max-video-preview:-1"},"canonical":"https:\/\/radiolitoral.com\/ca\/2025\/02\/gata-fs-va-conquerir-la-iii-supercopa-dacydma\/","og_locale":"ca_ES","og_type":"article","og_title":"Gata FS va conquistar la III Supercopa d'Acydma | R\u00e0dio Litoral","og_description":"En la final jugada en el pavell\u00f3 de Gata de Gorgos va derrotar a Bodegas Xal\u00f2 FS per 2 a 1En la final jugada en el pavell\u00f3 de Gata de Gorgos va derrotar a Bodegas Xal\u00f2 per 2 a 1","og_url":"https:\/\/radiolitoral.com\/ca\/2025\/02\/gata-fs-va-conquerir-la-iii-supercopa-dacydma\/","og_site_name":"R\u00e0dio Litoral","article_publisher":"https:\/\/www.facebook.com\/Laradiolitoral\/","article_published_time":"2025-02-11T09:41:59+00:00","og_image":[{"width":1024,"height":573,"url":"https:\/\/media.radiolitoral.com\/wp-content\/uploads\/2025\/02\/11103815\/El-equipo-ganador-con-el-trofeo.jpg","type":"image\/jpeg"}],"author":"Javier Zamora","twitter_card":"summary_large_image","twitter_misc":{"Escrit per":"Javier Zamora","Temps estimat de lectura":"2 minuts"},"schema":{"@context":"https:\/\/schema.org","@graph":[{"@type":"NewsArticle","@id":"https:\/\/radiolitoral.com\/2025\/02\/gata-fs-va-conquistar-la-iii-supercopa-dacydma\/#article","isPartOf":{"@id":"https:\/\/radiolitoral.com\/2025\/02\/gata-fs-va-conquistar-la-iii-supercopa-dacydma\/"},"author":{"name":"Javier Zamora","@id":"https:\/\/radiolitoral.com\/#\/schema\/person\/7b1480b5caeb5acdd4ec6379caf62b22"},"headline":"Gata FS va conquistar la III Supercopa d&#8217;Acydma","datePublished":"2025-02-11T09:41:59+00:00","mainEntityOfPage":{"@id":"https:\/\/radiolitoral.com\/2025\/02\/gata-fs-va-conquistar-la-iii-supercopa-dacydma\/"},"wordCount":305,"commentCount":0,"publisher":{"@id":"https:\/\/radiolitoral.com\/#organization"},"image":{"@id":"https:\/\/radiolitoral.com\/2025\/02\/gata-fs-va-conquistar-la-iii-supercopa-dacydma\/#primaryimage"},"thumbnailUrl":"https:\/\/media.radiolitoral.com\/wp-content\/uploads\/2025\/02\/11103815\/El-equipo-ganador-con-el-trofeo.jpg","keywords":["Alberto\u00a0Portillo","Antonio Jos\u00e9 Signes","Bodegas Xal\u00f3 FS","deportes","Gata FS","pavell\u00f3 municipal de Gata","Supercopa de Futbol Sala Acydma"],"articleSection":["Deportes"],"inLanguage":"ca","potentialAction":[{"@type":"CommentAction","name":"Comment","target":["https:\/\/radiolitoral.com\/2025\/02\/gata-fs-va-conquistar-la-iii-supercopa-dacydma\/#respond"]}]},{"@type":["WebPage","ItemPage"],"@id":"https:\/\/radiolitoral.com\/2025\/02\/gata-fs-va-conquistar-la-iii-supercopa-dacydma\/","url":"https:\/\/radiolitoral.com\/2025\/02\/gata-fs-va-conquistar-la-iii-supercopa-dacydma\/","name":"Gata FS va conquerir la III Supercopa d&#039;Acydma | R\u00e0dio Litoral","isPartOf":{"@id":"https:\/\/radiolitoral.com\/#website"},"primaryImageOfPage":{"@id":"https:\/\/radiolitoral.com\/2025\/02\/gata-fs-va-conquistar-la-iii-supercopa-dacydma\/#primaryimage"},"image":{"@id":"https:\/\/radiolitoral.com\/2025\/02\/gata-fs-va-conquistar-la-iii-supercopa-dacydma\/#primaryimage"},"thumbnailUrl":"https:\/\/media.radiolitoral.com\/wp-content\/uploads\/2025\/02\/11103815\/El-equipo-ganador-con-el-trofeo.jpg","datePublished":"2025-02-11T09:41:59+00:00","description":"A la final jugada al pavell\u00f3 de Gata de Gorgos va derrotar Bodegas Xal\u00f2 FS per 2 a 1A la final jugada al pavell\u00f3 de Gata de Gorgos va derrotar Bodegas Xal\u00f2 per 2 a 1","breadcrumb":{"@id":"https:\/\/radiolitoral.com\/2025\/02\/gata-fs-va-conquistar-la-iii-supercopa-dacydma\/#breadcrumb"},"inLanguage":"ca","potentialAction":[{"@type":"ReadAction","target":["https:\/\/radiolitoral.com\/2025\/02\/gata-fs-va-conquistar-la-iii-supercopa-dacydma\/"]}]},{"@type":"ImageObject","inLanguage":"ca","@id":"https:\/\/radiolitoral.com\/2025\/02\/gata-fs-va-conquistar-la-iii-supercopa-dacydma\/#primaryimage","url":"https:\/\/media.radiolitoral.com\/wp-content\/uploads\/2025\/02\/11103815\/El-equipo-ganador-con-el-trofeo.jpg","contentUrl":"https:\/\/media.radiolitoral.com\/wp-content\/uploads\/2025\/02\/11103815\/El-equipo-ganador-con-el-trofeo.jpg","width":1024,"height":573},{"@type":"BreadcrumbList","@id":"https:\/\/radiolitoral.com\/2025\/02\/gata-fs-va-conquistar-la-iii-supercopa-dacydma\/#breadcrumb","itemListElement":[{"@type":"ListItem","position":1,"name":"Portada","item":"https:\/\/radiolitoral.com\/"},{"@type":"ListItem","position":2,"name":"Gata FS va conquistar la III Supercopa d&#8217;Acydma"}]},{"@type":"WebSite","@id":"https:\/\/radiolitoral.com\/#website","url":"https:\/\/radiolitoral.com\/","name":"R\u00e0dio Litoral","description":"La r\u00e0dio local de la Marina Alta","publisher":{"@id":"https:\/\/radiolitoral.com\/#organization"},"alternateName":"Litoral FM","potentialAction":[{"@type":"SearchAction","target":{"@type":"EntryPoint","urlTemplate":"https:\/\/radiolitoral.com\/?s={search_term_string}"},"query-input":{"@type":"PropertyValueSpecification","valueRequired":true,"valueName":"search_term_string"}}],"inLanguage":"ca"},{"@type":"Organization","@id":"https:\/\/radiolitoral.com\/#organization","name":"R\u00e0dio Litoral","url":"https:\/\/radiolitoral.com\/","logo":{"@type":"ImageObject","inLanguage":"ca","@id":"https:\/\/radiolitoral.com\/#\/schema\/logo\/image\/","url":"https:\/\/media.radiolitoral.com\/wp-content\/uploads\/2023\/02\/24143238\/CL-V-RadioLitoral696.png","contentUrl":"https:\/\/media.radiolitoral.com\/wp-content\/uploads\/2023\/02\/24143238\/CL-V-RadioLitoral696.png","width":696,"height":696,"caption":"Radio Litoral"},"image":{"@id":"https:\/\/radiolitoral.com\/#\/schema\/logo\/image\/"},"sameAs":["https:\/\/www.facebook.com\/Laradiolitoral\/"]},{"@type":"Person","@id":"https:\/\/radiolitoral.com\/#\/schema\/person\/7b1480b5caeb5acdd4ec6379caf62b22","name":"Javier Zamora","image":{"@type":"ImageObject","inLanguage":"ca","@id":"https:\/\/secure.gravatar.com\/avatar\/467a11f6918c7d619c4043fc6fa2d3853053107973f05b6e9c04ea6c4e3a7b3f?s=96&d=mm&r=g","url":"https:\/\/secure.gravatar.com\/avatar\/467a11f6918c7d619c4043fc6fa2d3853053107973f05b6e9c04ea6c4e3a7b3f?s=96&d=mm&r=g","contentUrl":"https:\/\/secure.gravatar.com\/avatar\/467a11f6918c7d619c4043fc6fa2d3853053107973f05b6e9c04ea6c4e3a7b3f?s=96&d=mm&r=g","caption":"Javier Zamora"},"url":"https:\/\/radiolitoral.com\/ca\/author\/javier-zamora\/"}]}},"_links":{"self":[{"href":"https:\/\/radiolitoral.com\/ca\/wp-json\/wp\/v2\/posts\/14899","targetHints":{"allow":["GET"]}}],"collection":[{"href":"https:\/\/radiolitoral.com\/ca\/wp-json\/wp\/v2\/posts"}],"about":[{"href":"https:\/\/radiolitoral.com\/ca\/wp-json\/wp\/v2\/types\/post"}],"author":[{"embeddable":true,"href":"https:\/\/radiolitoral.com\/ca\/wp-json\/wp\/v2\/users\/12"}],"replies":[{"embeddable":true,"href":"https:\/\/radiolitoral.com\/ca\/wp-json\/wp\/v2\/comments?post=14899"}],"version-history":[{"count":2,"href":"https:\/\/radiolitoral.com\/ca\/wp-json\/wp\/v2\/posts\/14899\/revisions"}],"predecessor-version":[{"id":14905,"href":"https:\/\/radiolitoral.com\/ca\/wp-json\/wp\/v2\/posts\/14899\/revisions\/14905"}],"wp:featuredmedia":[{"embeddable":true,"href":"https:\/\/radiolitoral.com\/ca\/wp-json\/wp\/v2\/media\/14901"}],"wp:attachment":[{"href":"https:\/\/radiolitoral.com\/ca\/wp-json\/wp\/v2\/media?parent=14899"}],"wp:term":[{"taxonomy":"category","embeddable":true,"href":"https:\/\/radiolitoral.com\/ca\/wp-json\/wp\/v2\/categories?post=14899"},{"taxonomy":"post_tag","embeddable":true,"href":"https:\/\/radiolitoral.com\/ca\/wp-json\/wp\/v2\/tags?post=14899"}],"curies":[{"name":"wp","href":"https:\/\/api.w.org\/{rel}","templated":true}]}}