{"id":14863,"date":"2025-02-08T08:21:15","date_gmt":"2025-02-08T07:21:15","guid":{"rendered":"https:\/\/radiolitoral.com\/?p=14863"},"modified":"2025-02-08T08:21:15","modified_gmt":"2025-02-08T07:21:15","slug":"denia-seu-de-la-presentacio-del-circuit-a-peu-marina-alta","status":"publish","type":"post","link":"https:\/\/radiolitoral.com\/ca\/2025\/02\/denia-seu-de-la-presentacio-del-circuit-a-peu-marina-alta\/","title":{"rendered":"D\u00e9nia seu de la presentaci\u00f3 del Circuit a Peu Marina Alta"},"content":{"rendered":"<p>A l&#039;<strong>Espai Cultural L&#039;Androna de l&#039;Estaci\u00f3 de Bale\u00e0ria Per<\/strong>t es va celebrar la presentaci\u00f3 del<strong> XXVII Circuit a Peu Marina Alta<\/strong>. La nova edici\u00f3 del 2025 comptar\u00e0 amb 13 carrers que faran vibrar els amants de l&#039;atletisme popular a tota la comarca. L&#039;acte, dirigit pel periodista <strong>Xavi Blasco<\/strong>, va servir per explicar els objectius del circuit, entre ells la vertebraci\u00f3 dels municipis de la Marina Alta a trav\u00e9s de l&#039;esport.<\/p>\n<figure id=\"attachment_14866\" aria-describedby=\"caption-attachment-14866\" style=\"width: 1939px\" class=\"wp-caption alignnone\"><img loading=\"lazy\" decoding=\"async\" class=\"wp-image-14866 size-full\" src=\"https:\/\/media.radiolitoral.com\/wp-content\/uploads\/2025\/02\/08081851\/476835404_1377408539883205_2645690979787741728_n.jpg\" alt=\"\" width=\"1939\" height=\"1060\" srcset=\"https:\/\/media.radiolitoral.com\/wp-content\/uploads\/2025\/02\/08081851\/476835404_1377408539883205_2645690979787741728_n.jpg 1939w, https:\/\/media.radiolitoral.com\/wp-content\/uploads\/2025\/02\/08081851\/476835404_1377408539883205_2645690979787741728_n-300x164.jpg 300w, https:\/\/media.radiolitoral.com\/wp-content\/uploads\/2025\/02\/08081851\/476835404_1377408539883205_2645690979787741728_n-1024x560.jpg 1024w, https:\/\/media.radiolitoral.com\/wp-content\/uploads\/2025\/02\/08081851\/476835404_1377408539883205_2645690979787741728_n-768x420.jpg 768w, https:\/\/media.radiolitoral.com\/wp-content\/uploads\/2025\/02\/08081851\/476835404_1377408539883205_2645690979787741728_n-1536x840.jpg 1536w, https:\/\/media.radiolitoral.com\/wp-content\/uploads\/2025\/02\/08081851\/476835404_1377408539883205_2645690979787741728_n-18x10.jpg 18w, https:\/\/media.radiolitoral.com\/wp-content\/uploads\/2025\/02\/08081851\/476835404_1377408539883205_2645690979787741728_n-1000x547.jpg 1000w, https:\/\/media.radiolitoral.com\/wp-content\/uploads\/2025\/02\/08081851\/476835404_1377408539883205_2645690979787741728_n-100x55.jpg 100w, https:\/\/media.radiolitoral.com\/wp-content\/uploads\/2025\/02\/08081851\/476835404_1377408539883205_2645690979787741728_n-200x109.jpg 200w\" sizes=\"auto, (max-width: 1939px) 100vw, 1939px\" \/><figcaption id=\"caption-attachment-14866\" class=\"wp-caption-text\">Autoritats i organitzadors | J. Zamora<\/figcaption><\/figure>\n<p>Una de les principals novetats d&#039;aquest any \u00e9s el relleu a la presid\u00e8ncia.\u00a0<strong><span class=\"hiddenSpellError\">Joan<\/span>\u00a0<span class=\"hiddenSpellError\">Zaragoz\u00ed<\/span><\/strong>\u00a0deixa el c\u00e0rrec i\u00a0<strong><span class=\"hiddenSpellError\">Miquel<\/span>\u00a0Moreno<\/strong>, actual president del <strong>CA Ondara<\/strong>, agafa el testimoni. En el seu discurs, Moreno va incidir en la import\u00e0ncia de continuar fent el circuit m\u00e9s sostenible, eliminant el pl\u00e0stic i promovent una alimentaci\u00f3 saludable basada en fruita i envasaments reciclables. Tamb\u00e9 va destacar el car\u00e0cter solidari del circuit.<\/p>\n<figure id=\"attachment_14865\" aria-describedby=\"caption-attachment-14865\" style=\"width: 2560px\" class=\"wp-caption alignnone\"><img loading=\"lazy\" decoding=\"async\" class=\"wp-image-14865 size-full\" src=\"https:\/\/media.radiolitoral.com\/wp-content\/uploads\/2025\/02\/08081712\/DSC_0812-scaled.jpg\" alt=\"\" width=\"2560\" height=\"1707\" srcset=\"https:\/\/media.radiolitoral.com\/wp-content\/uploads\/2025\/02\/08081712\/DSC_0812-scaled.jpg 2560w, https:\/\/media.radiolitoral.com\/wp-content\/uploads\/2025\/02\/08081712\/DSC_0812-300x200.jpg 300w, https:\/\/media.radiolitoral.com\/wp-content\/uploads\/2025\/02\/08081712\/DSC_0812-1024x683.jpg 1024w, https:\/\/media.radiolitoral.com\/wp-content\/uploads\/2025\/02\/08081712\/DSC_0812-768x512.jpg 768w, https:\/\/media.radiolitoral.com\/wp-content\/uploads\/2025\/02\/08081712\/DSC_0812-1536x1024.jpg 1536w, https:\/\/media.radiolitoral.com\/wp-content\/uploads\/2025\/02\/08081712\/DSC_0812-2048x1365.jpg 2048w, https:\/\/media.radiolitoral.com\/wp-content\/uploads\/2025\/02\/08081712\/DSC_0812-18x12.jpg 18w, https:\/\/media.radiolitoral.com\/wp-content\/uploads\/2025\/02\/08081712\/DSC_0812-1000x667.jpg 1000w, https:\/\/media.radiolitoral.com\/wp-content\/uploads\/2025\/02\/08081712\/DSC_0812-100x67.jpg 100w, https:\/\/media.radiolitoral.com\/wp-content\/uploads\/2025\/02\/08081712\/DSC_0812-200x133.jpg 200w\" sizes=\"auto, (max-width: 2560px) 100vw, 2560px\" \/><figcaption id=\"caption-attachment-14865\" class=\"wp-caption-text\">Moreno amb representants de Carena | J.Zamora<\/figcaption><\/figure>\n<h2>Solidaritat a l&#039;Associaci\u00f3 Carena<\/h2>\n<p>Des de fa tres anys, l&#039;organitzaci\u00f3 del Circuit a Peu destina un euro de cada inscripci\u00f3 a una entitat solid\u00e0ria. A\u00a0<span class=\"hiddenSuggestion\">aquesta<\/span>\u00a0edici\u00f3 del 2025, l&#039;entitat beneficiada ser\u00e0 l&#039;Associaci\u00f3 Carena, que d\u00f3na suport psicol\u00f2gic a persones que pateixen c\u00e0ncer i altres malalties greus, aix\u00ed com a les seves fam\u00edlies. Els representants de l&#039;associaci\u00f3 van rebre de mans de Moreno un xec en blanc que ser\u00e0 emplenat amb la quantitat recaptada.<\/p>\n<p>Un per un, els representants dels clubs organitzadors van pujant a l&#039;escenari per presentar cada una de les 13 carreres. Tot i que la majoria de recorreguts es mantenen, algunes proves inclouran noves variacions.<\/p>\n<p>El president va destacar que la l\u00ednia de l&#039;organitzaci\u00f3 continuar\u00e0 sent la mateixa, escortant suggeriments per millorar, per\u00f2 mantenint l&#039;ess\u00e8ncia del circuit. A m\u00e9s, es va anunciar la possibilitat d&#039;ampliar el nom de proves el proper any amb la incorporaci\u00f3 de l&#039;<strong><span class=\"hiddenSpellError\">EATIM<\/span>\u00a0de la Xara<\/strong> i el <strong>CA La Xara<\/strong>, fet que faria cr\u00e9ixer el circuit a 14 carrers.<\/p>\n<h2>Calendari de carrers 2025:<\/h2>\n<p>&nbsp;<\/p>\n<figure id=\"attachment_14867\" aria-describedby=\"caption-attachment-14867\" style=\"width: 1024px\" class=\"wp-caption alignnone\"><img loading=\"lazy\" decoding=\"async\" class=\"wp-image-14867 size-full\" src=\"https:\/\/media.radiolitoral.com\/wp-content\/uploads\/2025\/02\/08081947\/Cartell-Circuit.jpg\" alt=\"\" width=\"1024\" height=\"1024\" srcset=\"https:\/\/media.radiolitoral.com\/wp-content\/uploads\/2025\/02\/08081947\/Cartell-Circuit.jpg 1024w, https:\/\/media.radiolitoral.com\/wp-content\/uploads\/2025\/02\/08081947\/Cartell-Circuit-300x300.jpg 300w, https:\/\/media.radiolitoral.com\/wp-content\/uploads\/2025\/02\/08081947\/Cartell-Circuit-150x150.jpg 150w, https:\/\/media.radiolitoral.com\/wp-content\/uploads\/2025\/02\/08081947\/Cartell-Circuit-768x768.jpg 768w, https:\/\/media.radiolitoral.com\/wp-content\/uploads\/2025\/02\/08081947\/Cartell-Circuit-12x12.jpg 12w, https:\/\/media.radiolitoral.com\/wp-content\/uploads\/2025\/02\/08081947\/Cartell-Circuit-1000x1000.jpg 1000w, https:\/\/media.radiolitoral.com\/wp-content\/uploads\/2025\/02\/08081947\/Cartell-Circuit-100x100.jpg 100w, https:\/\/media.radiolitoral.com\/wp-content\/uploads\/2025\/02\/08081947\/Cartell-Circuit-200x200.jpg 200w\" sizes=\"auto, (max-width: 1024px) 100vw, 1024px\" \/><figcaption id=\"caption-attachment-14867\" class=\"wp-caption-text\">Calendari Circuit a Peu 2025<\/figcaption><\/figure>\n<p>Amb\u00a0<span class=\"hiddenSuggestion\">aquesta<\/span> nova edici\u00f3, el Circuit a Peu Marina Alta continua consolidant-se com un referent esportiu a la comarca, amb una aposta clara per la sostenibilitat i la solidaritat. La prova compta amb el suport d&#039;esp\u00f2nsors, per\u00f2 sobretot de les entitats municipals, alguns batles i regidors dels pobles participants van ser presents a l&#039;acte.<\/p>\n<p><script src=\"chrome-extension:\/\/flbolonkboilcbnohjlchlfgdalomdpl\/iFrame.js\" type=\"text\/javascript\"><\/script><\/p>","protected":false},"excerpt":{"rendered":"<p>A l\u2019Espai Cultural L\u2019Androna de l\u2019Estaci\u00f3 de Bale\u00e0ria Port es va celebrar la presentaci\u00f3 del XXVII Circuit a Peu Marina Alta. La nova edici\u00f3 del 2025 comptar\u00e0 amb 13 carreres que faran vibrar els amants de l\u2019atletisme popular a tota la comarca. L\u2019acte, dirigit pel periodista Xavi Blasco, va servir\u00a0per a\u00a0explicar els objectius del circuit, [&#8230;]<\/p>\n<p><a class=\"btn btn-secondary understrap-read-more-link\" href=\"https:\/\/radiolitoral.com\/ca\/2025\/02\/denia-seu-de-la-presentacio-del-circuit-a-peu-marina-alta\/\">Continua llegint&#8230;<span class=\"screen-reader-text\"> from D\u00e9nia seu de la presentaci\u00f3 del Circuit a Peu Marina Alta<\/span><\/a><\/p>\n","protected":false},"author":12,"featured_media":14864,"comment_status":"open","ping_status":"closed","sticky":false,"template":"","format":"standard","meta":{"_acf_changed":false,"inline_featured_image":false,"footnotes":""},"categories":[5],"tags":[3618,3614,3625,3622,3615,922,3620,3621,6,3616,3623,3624,3619,3627,3617,3626],"class_list":["post-14863","post","type-post","status-publish","format-standard","has-post-thumbnail","hentry","category-deportes","tag-associacio-carena","tag-atletisme-popular","tag-balearia-port","tag-calendari-carreres-2025","tag-carreres-populars","tag-circuit-a-peu-marina-alta","tag-circuit-datletisme","tag-competicio-running-marina-alta","tag-deportes","tag-esport-marina-alta","tag-esport-solidari","tag-inscripcions-circuit-a-peu","tag-miguel-moreno-ca-ondara","tag-municipis-esport-marina-alta","tag-sostenibilitat-esportiva","tag-xavi-blasco-periodista","cobertura-marina-alta"],"acf":[],"yoast_head":"<!-- This site is optimized with the Yoast SEO plugin v27.5 - https:\/\/yoast.com\/product\/yoast-seo-wordpress\/ -->\n<title>D\u00e9nia seu de la presentaci\u00f3 del Circuit a Peu Marina Alta | R\u00e0dio Litoral<\/title>\n<meta name=\"description\" content=\"L&#039;edici\u00f3 \u00e9s presenta amb novetats i comprom\u00eds solidari i amb una clara aposta per la sostenibilitatL&#039;edici\u00f3 \u00e9s presenta amb novetats i comprom\u00eds solidari i amb una clara aposta per la sostenibilitat\" \/>\n<meta name=\"robots\" content=\"index, follow, max-snippet:-1, max-image-preview:large, max-video-preview:-1\" \/>\n<link rel=\"canonical\" href=\"https:\/\/radiolitoral.com\/ca\/2025\/02\/denia-seu-de-la-presentacio-del-circuit-a-peu-marina-alta\/\" \/>\n<meta property=\"og:locale\" content=\"ca_ES\" \/>\n<meta property=\"og:type\" content=\"article\" \/>\n<meta property=\"og:title\" content=\"D\u00e9nia seu de la presentaci\u00f3 del Circuit a Peu Marina Alta | R\u00e0dio Litoral\" \/>\n<meta property=\"og:description\" content=\"L&#039;edici\u00f3 \u00e9s presenta amb novetats i comprom\u00eds solidari i amb una clara aposta per la sostenibilitatL&#039;edici\u00f3 \u00e9s presenta amb novetats i comprom\u00eds solidari i amb una clara aposta per la sostenibilitat\" \/>\n<meta property=\"og:url\" content=\"https:\/\/radiolitoral.com\/ca\/2025\/02\/denia-seu-de-la-presentacio-del-circuit-a-peu-marina-alta\/\" \/>\n<meta property=\"og:site_name\" content=\"R\u00e0dio Litoral\" \/>\n<meta property=\"article:publisher\" content=\"https:\/\/www.facebook.com\/Laradiolitoral\/\" \/>\n<meta property=\"article:published_time\" content=\"2025-02-08T07:21:15+00:00\" \/>\n<meta property=\"og:image\" content=\"https:\/\/media.radiolitoral.com\/wp-content\/uploads\/2025\/02\/08081645\/DSC_0820-scaled.jpg\" \/>\n\t<meta property=\"og:image:width\" content=\"2560\" \/>\n\t<meta property=\"og:image:height\" content=\"1707\" \/>\n\t<meta property=\"og:image:type\" content=\"image\/jpeg\" \/>\n<meta name=\"author\" content=\"Javier Zamora\" \/>\n<meta name=\"twitter:card\" content=\"summary_large_image\" \/>\n<meta name=\"twitter:label1\" content=\"Escrit per\" \/>\n\t<meta name=\"twitter:data1\" content=\"Javier Zamora\" \/>\n\t<meta name=\"twitter:label2\" content=\"Temps estimat de lectura\" \/>\n\t<meta name=\"twitter:data2\" content=\"3 minuts\" \/>\n<script type=\"application\/ld+json\" class=\"yoast-schema-graph\">{\"@context\":\"https:\\\/\\\/schema.org\",\"@graph\":[{\"@type\":\"NewsArticle\",\"@id\":\"https:\\\/\\\/radiolitoral.com\\\/2025\\\/02\\\/denia-seu-de-la-presentacio-del-circuit-a-peu-marina-alta\\\/#article\",\"isPartOf\":{\"@id\":\"https:\\\/\\\/radiolitoral.com\\\/2025\\\/02\\\/denia-seu-de-la-presentacio-del-circuit-a-peu-marina-alta\\\/\"},\"author\":{\"name\":\"Javier Zamora\",\"@id\":\"https:\\\/\\\/radiolitoral.com\\\/#\\\/schema\\\/person\\\/7b1480b5caeb5acdd4ec6379caf62b22\"},\"headline\":\"D\u00e9nia seu de la presentaci\u00f3 del Circuit a Peu Marina Alta\",\"datePublished\":\"2025-02-08T07:21:15+00:00\",\"mainEntityOfPage\":{\"@id\":\"https:\\\/\\\/radiolitoral.com\\\/2025\\\/02\\\/denia-seu-de-la-presentacio-del-circuit-a-peu-marina-alta\\\/\"},\"wordCount\":444,\"commentCount\":0,\"publisher\":{\"@id\":\"https:\\\/\\\/radiolitoral.com\\\/#organization\"},\"image\":{\"@id\":\"https:\\\/\\\/radiolitoral.com\\\/2025\\\/02\\\/denia-seu-de-la-presentacio-del-circuit-a-peu-marina-alta\\\/#primaryimage\"},\"thumbnailUrl\":\"https:\\\/\\\/media.radiolitoral.com\\\/wp-content\\\/uploads\\\/2025\\\/02\\\/08081645\\\/DSC_0820-scaled.jpg\",\"keywords\":[\"Associaci\u00f3 Carena\",\"atletisme popular\",\"Bale\u00e0ria Port\",\"calendari carreres 2025\",\"carreres populars\",\"Circuit a Peu Marina Alta\",\"circuit d'atletisme\",\"competici\u00f3 running Marina Alta\",\"deportes\",\"esport Marina Alta\",\"esport solidari\",\"inscripcions Circuit a Peu\",\"Miguel Moreno CA Ondara\",\"municipis esport Marina Alta.\",\"sostenibilitat esportiva\",\"Xavi Blasco periodista\"],\"articleSection\":[\"Deportes\"],\"inLanguage\":\"ca\",\"potentialAction\":[{\"@type\":\"CommentAction\",\"name\":\"Comment\",\"target\":[\"https:\\\/\\\/radiolitoral.com\\\/2025\\\/02\\\/denia-seu-de-la-presentacio-del-circuit-a-peu-marina-alta\\\/#respond\"]}]},{\"@type\":[\"WebPage\",\"ItemPage\"],\"@id\":\"https:\\\/\\\/radiolitoral.com\\\/2025\\\/02\\\/denia-seu-de-la-presentacio-del-circuit-a-peu-marina-alta\\\/\",\"url\":\"https:\\\/\\\/radiolitoral.com\\\/2025\\\/02\\\/denia-seu-de-la-presentacio-del-circuit-a-peu-marina-alta\\\/\",\"name\":\"D\u00e9nia seu de la presentaci\u00f3 del Circuit a Peu Marina Alta | R\u00e0dio Litoral\",\"isPartOf\":{\"@id\":\"https:\\\/\\\/radiolitoral.com\\\/#website\"},\"primaryImageOfPage\":{\"@id\":\"https:\\\/\\\/radiolitoral.com\\\/2025\\\/02\\\/denia-seu-de-la-presentacio-del-circuit-a-peu-marina-alta\\\/#primaryimage\"},\"image\":{\"@id\":\"https:\\\/\\\/radiolitoral.com\\\/2025\\\/02\\\/denia-seu-de-la-presentacio-del-circuit-a-peu-marina-alta\\\/#primaryimage\"},\"thumbnailUrl\":\"https:\\\/\\\/media.radiolitoral.com\\\/wp-content\\\/uploads\\\/2025\\\/02\\\/08081645\\\/DSC_0820-scaled.jpg\",\"datePublished\":\"2025-02-08T07:21:15+00:00\",\"description\":\"L'edici\u00f3 \u00e9s presenta amb novetats i comprom\u00eds solidari i amb una clara aposta per la sostenibilitatL'edici\u00f3 \u00e9s presenta amb novetats i comprom\u00eds solidari i amb una clara aposta per la sostenibilitat\",\"breadcrumb\":{\"@id\":\"https:\\\/\\\/radiolitoral.com\\\/2025\\\/02\\\/denia-seu-de-la-presentacio-del-circuit-a-peu-marina-alta\\\/#breadcrumb\"},\"inLanguage\":\"ca\",\"potentialAction\":[{\"@type\":\"ReadAction\",\"target\":[\"https:\\\/\\\/radiolitoral.com\\\/2025\\\/02\\\/denia-seu-de-la-presentacio-del-circuit-a-peu-marina-alta\\\/\"]}]},{\"@type\":\"ImageObject\",\"inLanguage\":\"ca\",\"@id\":\"https:\\\/\\\/radiolitoral.com\\\/2025\\\/02\\\/denia-seu-de-la-presentacio-del-circuit-a-peu-marina-alta\\\/#primaryimage\",\"url\":\"https:\\\/\\\/media.radiolitoral.com\\\/wp-content\\\/uploads\\\/2025\\\/02\\\/08081645\\\/DSC_0820-scaled.jpg\",\"contentUrl\":\"https:\\\/\\\/media.radiolitoral.com\\\/wp-content\\\/uploads\\\/2025\\\/02\\\/08081645\\\/DSC_0820-scaled.jpg\",\"width\":2560,\"height\":1707},{\"@type\":\"BreadcrumbList\",\"@id\":\"https:\\\/\\\/radiolitoral.com\\\/2025\\\/02\\\/denia-seu-de-la-presentacio-del-circuit-a-peu-marina-alta\\\/#breadcrumb\",\"itemListElement\":[{\"@type\":\"ListItem\",\"position\":1,\"name\":\"Portada\",\"item\":\"https:\\\/\\\/radiolitoral.com\\\/\"},{\"@type\":\"ListItem\",\"position\":2,\"name\":\"D\u00e9nia seu de la presentaci\u00f3 del Circuit a Peu Marina Alta\"}]},{\"@type\":\"WebSite\",\"@id\":\"https:\\\/\\\/radiolitoral.com\\\/#website\",\"url\":\"https:\\\/\\\/radiolitoral.com\\\/\",\"name\":\"Radio Litoral\",\"description\":\"La radio local de la Marina Alta\",\"publisher\":{\"@id\":\"https:\\\/\\\/radiolitoral.com\\\/#organization\"},\"alternateName\":\"Litoral FM\",\"potentialAction\":[{\"@type\":\"SearchAction\",\"target\":{\"@type\":\"EntryPoint\",\"urlTemplate\":\"https:\\\/\\\/radiolitoral.com\\\/?s={search_term_string}\"},\"query-input\":{\"@type\":\"PropertyValueSpecification\",\"valueRequired\":true,\"valueName\":\"search_term_string\"}}],\"inLanguage\":\"ca\"},{\"@type\":\"Organization\",\"@id\":\"https:\\\/\\\/radiolitoral.com\\\/#organization\",\"name\":\"Radio Litoral\",\"url\":\"https:\\\/\\\/radiolitoral.com\\\/\",\"logo\":{\"@type\":\"ImageObject\",\"inLanguage\":\"ca\",\"@id\":\"https:\\\/\\\/radiolitoral.com\\\/#\\\/schema\\\/logo\\\/image\\\/\",\"url\":\"https:\\\/\\\/media.radiolitoral.com\\\/wp-content\\\/uploads\\\/2023\\\/02\\\/24143238\\\/CL-V-RadioLitoral696.png\",\"contentUrl\":\"https:\\\/\\\/media.radiolitoral.com\\\/wp-content\\\/uploads\\\/2023\\\/02\\\/24143238\\\/CL-V-RadioLitoral696.png\",\"width\":696,\"height\":696,\"caption\":\"Radio Litoral\"},\"image\":{\"@id\":\"https:\\\/\\\/radiolitoral.com\\\/#\\\/schema\\\/logo\\\/image\\\/\"},\"sameAs\":[\"https:\\\/\\\/www.facebook.com\\\/Laradiolitoral\\\/\"]},{\"@type\":\"Person\",\"@id\":\"https:\\\/\\\/radiolitoral.com\\\/#\\\/schema\\\/person\\\/7b1480b5caeb5acdd4ec6379caf62b22\",\"name\":\"Javier Zamora\",\"image\":{\"@type\":\"ImageObject\",\"inLanguage\":\"ca\",\"@id\":\"https:\\\/\\\/secure.gravatar.com\\\/avatar\\\/467a11f6918c7d619c4043fc6fa2d3853053107973f05b6e9c04ea6c4e3a7b3f?s=96&d=mm&r=g\",\"url\":\"https:\\\/\\\/secure.gravatar.com\\\/avatar\\\/467a11f6918c7d619c4043fc6fa2d3853053107973f05b6e9c04ea6c4e3a7b3f?s=96&d=mm&r=g\",\"contentUrl\":\"https:\\\/\\\/secure.gravatar.com\\\/avatar\\\/467a11f6918c7d619c4043fc6fa2d3853053107973f05b6e9c04ea6c4e3a7b3f?s=96&d=mm&r=g\",\"caption\":\"Javier Zamora\"},\"url\":\"https:\\\/\\\/radiolitoral.com\\\/ca\\\/author\\\/javier-zamora\\\/\"}]}<\/script>\n<!-- \/ Yoast SEO plugin. -->","yoast_head_json":{"title":"D\u00e9nia seu de la presentaci\u00f3 del Circuit a Peu Marina Alta | R\u00e0dio Litoral","description":"L&#039;edici\u00f3 \u00e9s presenta amb novetats i comprom\u00eds solidari i amb una clara aposta per la sostenibilitat L&#039;edici\u00f3 \u00e9s presenta amb novetats i comprom\u00eds solidari i amb una clara aposta per la sostenibilitat","robots":{"index":"index","follow":"follow","max-snippet":"max-snippet:-1","max-image-preview":"max-image-preview:large","max-video-preview":"max-video-preview:-1"},"canonical":"https:\/\/radiolitoral.com\/ca\/2025\/02\/denia-seu-de-la-presentacio-del-circuit-a-peu-marina-alta\/","og_locale":"ca_ES","og_type":"article","og_title":"D\u00e9nia seu de la presentaci\u00f3 del Circuit a Peu Marina Alta | R\u00e0dio Litoral","og_description":"L'edici\u00f3 \u00e9s presenta amb novetats i comprom\u00eds solidari i amb una clara aposta per la sostenibilitatL'edici\u00f3 \u00e9s presenta amb novetats i comprom\u00eds solidari i amb una clara aposta per la sostenibilitat","og_url":"https:\/\/radiolitoral.com\/ca\/2025\/02\/denia-seu-de-la-presentacio-del-circuit-a-peu-marina-alta\/","og_site_name":"R\u00e0dio Litoral","article_publisher":"https:\/\/www.facebook.com\/Laradiolitoral\/","article_published_time":"2025-02-08T07:21:15+00:00","og_image":[{"width":2560,"height":1707,"url":"https:\/\/media.radiolitoral.com\/wp-content\/uploads\/2025\/02\/08081645\/DSC_0820-scaled.jpg","type":"image\/jpeg"}],"author":"Javier Zamora","twitter_card":"summary_large_image","twitter_misc":{"Escrit per":"Javier Zamora","Temps estimat de lectura":"3 minuts"},"schema":{"@context":"https:\/\/schema.org","@graph":[{"@type":"NewsArticle","@id":"https:\/\/radiolitoral.com\/2025\/02\/denia-seu-de-la-presentacio-del-circuit-a-peu-marina-alta\/#article","isPartOf":{"@id":"https:\/\/radiolitoral.com\/2025\/02\/denia-seu-de-la-presentacio-del-circuit-a-peu-marina-alta\/"},"author":{"name":"Javier Zamora","@id":"https:\/\/radiolitoral.com\/#\/schema\/person\/7b1480b5caeb5acdd4ec6379caf62b22"},"headline":"D\u00e9nia seu de la presentaci\u00f3 del Circuit a Peu Marina Alta","datePublished":"2025-02-08T07:21:15+00:00","mainEntityOfPage":{"@id":"https:\/\/radiolitoral.com\/2025\/02\/denia-seu-de-la-presentacio-del-circuit-a-peu-marina-alta\/"},"wordCount":444,"commentCount":0,"publisher":{"@id":"https:\/\/radiolitoral.com\/#organization"},"image":{"@id":"https:\/\/radiolitoral.com\/2025\/02\/denia-seu-de-la-presentacio-del-circuit-a-peu-marina-alta\/#primaryimage"},"thumbnailUrl":"https:\/\/media.radiolitoral.com\/wp-content\/uploads\/2025\/02\/08081645\/DSC_0820-scaled.jpg","keywords":["Associaci\u00f3 Carena","atletisme popular","Bale\u00e0ria Port","calendari carreres 2025","carreres populars","Circuit a Peu Marina Alta","circuit d'atletisme","competici\u00f3 running Marina Alta","deportes","esport Marina Alta","esport solidari","inscripcions Circuit a Peu","Miguel Moreno CA Ondara","municipis esport Marina Alta.","sostenibilitat esportiva","Xavi Blasco periodista"],"articleSection":["Deportes"],"inLanguage":"ca","potentialAction":[{"@type":"CommentAction","name":"Comment","target":["https:\/\/radiolitoral.com\/2025\/02\/denia-seu-de-la-presentacio-del-circuit-a-peu-marina-alta\/#respond"]}]},{"@type":["WebPage","ItemPage"],"@id":"https:\/\/radiolitoral.com\/2025\/02\/denia-seu-de-la-presentacio-del-circuit-a-peu-marina-alta\/","url":"https:\/\/radiolitoral.com\/2025\/02\/denia-seu-de-la-presentacio-del-circuit-a-peu-marina-alta\/","name":"D\u00e9nia seu de la presentaci\u00f3 del Circuit a Peu Marina Alta | R\u00e0dio Litoral","isPartOf":{"@id":"https:\/\/radiolitoral.com\/#website"},"primaryImageOfPage":{"@id":"https:\/\/radiolitoral.com\/2025\/02\/denia-seu-de-la-presentacio-del-circuit-a-peu-marina-alta\/#primaryimage"},"image":{"@id":"https:\/\/radiolitoral.com\/2025\/02\/denia-seu-de-la-presentacio-del-circuit-a-peu-marina-alta\/#primaryimage"},"thumbnailUrl":"https:\/\/media.radiolitoral.com\/wp-content\/uploads\/2025\/02\/08081645\/DSC_0820-scaled.jpg","datePublished":"2025-02-08T07:21:15+00:00","description":"L&#039;edici\u00f3 \u00e9s presenta amb novetats i comprom\u00eds solidari i amb una clara aposta per la sostenibilitat L&#039;edici\u00f3 \u00e9s presenta amb novetats i comprom\u00eds solidari i amb una clara aposta per la sostenibilitat","breadcrumb":{"@id":"https:\/\/radiolitoral.com\/2025\/02\/denia-seu-de-la-presentacio-del-circuit-a-peu-marina-alta\/#breadcrumb"},"inLanguage":"ca","potentialAction":[{"@type":"ReadAction","target":["https:\/\/radiolitoral.com\/2025\/02\/denia-seu-de-la-presentacio-del-circuit-a-peu-marina-alta\/"]}]},{"@type":"ImageObject","inLanguage":"ca","@id":"https:\/\/radiolitoral.com\/2025\/02\/denia-seu-de-la-presentacio-del-circuit-a-peu-marina-alta\/#primaryimage","url":"https:\/\/media.radiolitoral.com\/wp-content\/uploads\/2025\/02\/08081645\/DSC_0820-scaled.jpg","contentUrl":"https:\/\/media.radiolitoral.com\/wp-content\/uploads\/2025\/02\/08081645\/DSC_0820-scaled.jpg","width":2560,"height":1707},{"@type":"BreadcrumbList","@id":"https:\/\/radiolitoral.com\/2025\/02\/denia-seu-de-la-presentacio-del-circuit-a-peu-marina-alta\/#breadcrumb","itemListElement":[{"@type":"ListItem","position":1,"name":"Portada","item":"https:\/\/radiolitoral.com\/"},{"@type":"ListItem","position":2,"name":"D\u00e9nia seu de la presentaci\u00f3 del Circuit a Peu Marina Alta"}]},{"@type":"WebSite","@id":"https:\/\/radiolitoral.com\/#website","url":"https:\/\/radiolitoral.com\/","name":"R\u00e0dio Litoral","description":"La r\u00e0dio local de la Marina Alta","publisher":{"@id":"https:\/\/radiolitoral.com\/#organization"},"alternateName":"Litoral FM","potentialAction":[{"@type":"SearchAction","target":{"@type":"EntryPoint","urlTemplate":"https:\/\/radiolitoral.com\/?s={search_term_string}"},"query-input":{"@type":"PropertyValueSpecification","valueRequired":true,"valueName":"search_term_string"}}],"inLanguage":"ca"},{"@type":"Organization","@id":"https:\/\/radiolitoral.com\/#organization","name":"R\u00e0dio Litoral","url":"https:\/\/radiolitoral.com\/","logo":{"@type":"ImageObject","inLanguage":"ca","@id":"https:\/\/radiolitoral.com\/#\/schema\/logo\/image\/","url":"https:\/\/media.radiolitoral.com\/wp-content\/uploads\/2023\/02\/24143238\/CL-V-RadioLitoral696.png","contentUrl":"https:\/\/media.radiolitoral.com\/wp-content\/uploads\/2023\/02\/24143238\/CL-V-RadioLitoral696.png","width":696,"height":696,"caption":"Radio Litoral"},"image":{"@id":"https:\/\/radiolitoral.com\/#\/schema\/logo\/image\/"},"sameAs":["https:\/\/www.facebook.com\/Laradiolitoral\/"]},{"@type":"Person","@id":"https:\/\/radiolitoral.com\/#\/schema\/person\/7b1480b5caeb5acdd4ec6379caf62b22","name":"Javier Zamora","image":{"@type":"ImageObject","inLanguage":"ca","@id":"https:\/\/secure.gravatar.com\/avatar\/467a11f6918c7d619c4043fc6fa2d3853053107973f05b6e9c04ea6c4e3a7b3f?s=96&d=mm&r=g","url":"https:\/\/secure.gravatar.com\/avatar\/467a11f6918c7d619c4043fc6fa2d3853053107973f05b6e9c04ea6c4e3a7b3f?s=96&d=mm&r=g","contentUrl":"https:\/\/secure.gravatar.com\/avatar\/467a11f6918c7d619c4043fc6fa2d3853053107973f05b6e9c04ea6c4e3a7b3f?s=96&d=mm&r=g","caption":"Javier Zamora"},"url":"https:\/\/radiolitoral.com\/ca\/author\/javier-zamora\/"}]}},"_links":{"self":[{"href":"https:\/\/radiolitoral.com\/ca\/wp-json\/wp\/v2\/posts\/14863","targetHints":{"allow":["GET"]}}],"collection":[{"href":"https:\/\/radiolitoral.com\/ca\/wp-json\/wp\/v2\/posts"}],"about":[{"href":"https:\/\/radiolitoral.com\/ca\/wp-json\/wp\/v2\/types\/post"}],"author":[{"embeddable":true,"href":"https:\/\/radiolitoral.com\/ca\/wp-json\/wp\/v2\/users\/12"}],"replies":[{"embeddable":true,"href":"https:\/\/radiolitoral.com\/ca\/wp-json\/wp\/v2\/comments?post=14863"}],"version-history":[{"count":2,"href":"https:\/\/radiolitoral.com\/ca\/wp-json\/wp\/v2\/posts\/14863\/revisions"}],"predecessor-version":[{"id":14869,"href":"https:\/\/radiolitoral.com\/ca\/wp-json\/wp\/v2\/posts\/14863\/revisions\/14869"}],"wp:featuredmedia":[{"embeddable":true,"href":"https:\/\/radiolitoral.com\/ca\/wp-json\/wp\/v2\/media\/14864"}],"wp:attachment":[{"href":"https:\/\/radiolitoral.com\/ca\/wp-json\/wp\/v2\/media?parent=14863"}],"wp:term":[{"taxonomy":"category","embeddable":true,"href":"https:\/\/radiolitoral.com\/ca\/wp-json\/wp\/v2\/categories?post=14863"},{"taxonomy":"post_tag","embeddable":true,"href":"https:\/\/radiolitoral.com\/ca\/wp-json\/wp\/v2\/tags?post=14863"}],"curies":[{"name":"wp","href":"https:\/\/api.w.org\/{rel}","templated":true}]}}