{"id":1485,"date":"2023-03-21T13:16:43","date_gmt":"2023-03-21T12:16:43","guid":{"rendered":"https:\/\/radiolitoral.com\/?p=1485"},"modified":"2023-03-21T17:36:58","modified_gmt":"2023-03-21T16:36:58","slug":"lalcaldessa-ana-sala-lideres-som-calp","status":"publish","type":"post","link":"https:\/\/radiolitoral.com\/ca\/2023\/03\/la-alcaldesa-ana-sala-liderara-somos-calpe\/","title":{"rendered":"L&#039;alcaldessa Ana Sala liderar\u00e0 Som Calp"},"content":{"rendered":"<p>L&#039;actualitat pol\u00edtica es nodreix de noms propis, com el de l&#039;actual <strong>alcaldessa de Calp, la popular Ana Sala<\/strong>, que abandona aquestes sigles de cara als propers comicis del mes de maig per <strong>liderar una candidatura independent: Som Calp<\/strong>. Aix\u00ed ho expliquen alguns rotatius.<\/p>\n<p>El que est\u00e0 confirmat \u00e9s que aquest <strong>divendres, a l&#039;Hotel Suitopia, es dur\u00e0 a terme la presentaci\u00f3 d&#039;aquest nou partit i s&#039;oficialitzar\u00e0 el nom del cap de cartell<\/strong>.<\/p>\n<p>Cal recordar, que fa uns mesos Sala va assegurar davant els mitjans de comunicaci\u00f3 la seva intenci\u00f3 de repetir com a n\u00famero u del PP l&#039;alcaldia de Calp, per continuar liderant el govern local i donar continu\u00eftat als projectes iniciats en aquesta legislatura. Per\u00f2 el partit tenia altres plans. La direcci\u00f3 del PP va decidir col\u00b7locar com a alcaldable el que ja va ser elegit per al c\u00e0rrec el 2011, va ocupar la presid\u00e8ncia de la Diputaci\u00f3 d&#039;Alacant el 2015 i actualment \u00e9s Diputat a les Corts Generals, C\u00e9sar S\u00e1nchez. La not\u00edcia va caure com a gerro d&#039;aigua freda sobre Ana Sala, que ara ha decidit emprendre el seu propi projecte pol\u00edtic al marge del PP, partit amb qu\u00e8 fins ara se segueix identificant, segons les \u00faltimes declaracions.<\/p>\n<p>L&#039;aparici\u00f3 d&#039;aquest nou partit al tauler de joc de cara a les municipals del mes de maig incrementa les possibilitats de vot per als calpins, que tindran davant seu, a l&#039;hora de dipositar la seva papereta, un ventall variat de sigles.<\/p>\n<p>&nbsp;<\/p>\n<p><strong>Missatge d&#039;unitat entre els populars calpins<\/strong><\/p>\n<p>I en aquest tauler de joc, des del Partit Popular de Calp, confirmen que tots els seus regidors formaran part de la candidatura que lidera C\u00e9sar S\u00e1nchez. D&#039;aquesta manera es llan\u00e7a un missatge d&#039;unitat davant d&#039;un projecte pol\u00edtic, del qual Ana Sala s&#039;ha quedat al marge. I com recorden des del PP, perqu\u00e8 ella aix\u00ed ho ha volgut, i no perqu\u00e8 no es convidar\u00e0 a seguir en el projecte popular, formant part de la llista per a Les Corts, ia participar de les reunions del partit per preparar la campanya electoral del mes de maig.<\/p>\n<p>El <strong>n\u00famero u dels populars calpins, C\u00e9sar S\u00e1nchez<\/strong>, que sempre ha lloat el treball de l&#039;actual equip de govern a l&#039;ajuntament de Calp, PP i C&#039;s, avan\u00e7a que a la seva candidatura s&#039;inclouen tots els regidors populars. Candidatura que tamb\u00e9 sumar\u00e0 noves incorporacions.<\/p>\n<p>S\u00e1nchez llan\u00e7a un <strong>missatge d&#039;unitat i aposta per una campanya electoral en positiu<\/strong>, per continuar treballant per solucionar els problemes dels ciutadans.<\/p>\n<p><strong>C\u00e9sar S\u00e1nchez:<\/strong><\/p>\n<audio class=\"wp-audio-shortcode\" id=\"audio-1485-1\" preload=\"none\" style=\"width: 100%;\" controls=\"controls\"><source type=\"audio\/mpeg\" src=\"https:\/\/media.radiolitoral.com\/wp-content\/uploads\/2023\/03\/21131203\/Cesar-Sanchez.mp3?_=1\" \/><a href=\"https:\/\/media.radiolitoral.com\/wp-content\/uploads\/2023\/03\/21131203\/Cesar-Sanchez.mp3\">https:\/\/media.radiolitoral.com\/wp-content\/uploads\/2023\/03\/21131203\/Cesar-Sanchez.mp3<\/a><\/audio>","protected":false},"excerpt":{"rendered":"<p>La actualidad pol\u00edtica se nutre de nombres propios, como el de la actual alcaldesa de Calp, la popular Ana Sala, que abandona estas siglas de cara a los pr\u00f3ximos comicios del mes de mayo para liderar una candidatura independiente: Somos Calpe. As\u00ed lo cuentan algunos rotativos. Lo que est\u00e1 confirmado es que este viernes, en [&#8230;]<\/p>\n<p><a class=\"btn btn-secondary understrap-read-more-link\" href=\"https:\/\/radiolitoral.com\/ca\/2023\/03\/la-alcaldesa-ana-sala-liderara-somos-calpe\/\">Continua llegint&#8230;<span class=\"screen-reader-text\"> from La alcaldesa Ana Sala liderar\u00e1 Somos Calpe<\/span><\/a><\/p>\n","protected":false},"author":13,"featured_media":1490,"comment_status":"open","ping_status":"closed","sticky":false,"template":"","format":"standard","meta":{"_acf_changed":false,"inline_featured_image":false,"footnotes":""},"categories":[13],"tags":[31,122,120,99,161,274,121],"class_list":["post-1485","post","type-post","status-publish","format-standard","has-post-thumbnail","hentry","category-politica","tag-ana-sala","tag-calp","tag-candidato-alcaldia-calp","tag-cesar-sanchez","tag-elecciones-2023","tag-elecciones-calp","tag-pp-calp","cobertura-calp"],"acf":[],"yoast_head":"<!-- This site is optimized with the Yoast SEO plugin v27.5 - https:\/\/yoast.com\/product\/yoast-seo-wordpress\/ -->\n<title>La alcaldesa Ana Sala liderar\u00e1 Somos Calpe | R\u00e0dio Litoral<\/title>\n<meta name=\"description\" content=\"Este viernes el Hotel Suitopia acoger\u00e1 la presentaci\u00f3n del nuevo partido y oficializar\u00e1 el nombre de su cabeza de cartel\" \/>\n<meta name=\"robots\" content=\"index, follow, max-snippet:-1, max-image-preview:large, max-video-preview:-1\" \/>\n<link rel=\"canonical\" href=\"https:\/\/radiolitoral.com\/ca\/2023\/03\/lalcaldessa-ana-sala-lideres-som-calp\/\" \/>\n<meta property=\"og:locale\" content=\"ca_ES\" \/>\n<meta property=\"og:type\" content=\"article\" \/>\n<meta property=\"og:title\" content=\"La alcaldesa Ana Sala liderar\u00e1 Somos Calpe | R\u00e0dio Litoral\" \/>\n<meta property=\"og:description\" content=\"Este viernes el Hotel Suitopia acoger\u00e1 la presentaci\u00f3n del nuevo partido y oficializar\u00e1 el nombre de su cabeza de cartel\" \/>\n<meta property=\"og:url\" content=\"https:\/\/radiolitoral.com\/ca\/2023\/03\/lalcaldessa-ana-sala-lideres-som-calp\/\" \/>\n<meta property=\"og:site_name\" content=\"R\u00e0dio Litoral\" \/>\n<meta property=\"article:publisher\" content=\"https:\/\/www.facebook.com\/Laradiolitoral\/\" \/>\n<meta property=\"article:published_time\" content=\"2023-03-21T12:16:43+00:00\" \/>\n<meta property=\"article:modified_time\" content=\"2023-03-21T16:36:58+00:00\" \/>\n<meta property=\"og:image\" content=\"https:\/\/media.radiolitoral.com\/wp-content\/uploads\/2023\/03\/21131630\/cartel.webp\" \/>\n\t<meta property=\"og:image:width\" content=\"1024\" \/>\n\t<meta property=\"og:image:height\" content=\"576\" \/>\n\t<meta property=\"og:image:type\" content=\"image\/webp\" \/>\n<meta name=\"author\" content=\"Redacci\u00f3n\" \/>\n<meta name=\"twitter:card\" content=\"summary_large_image\" \/>\n<meta name=\"twitter:label1\" content=\"Escrit per\" \/>\n\t<meta name=\"twitter:data1\" content=\"Redacci\u00f3n\" \/>\n\t<meta name=\"twitter:label2\" content=\"Temps estimat de lectura\" \/>\n\t<meta name=\"twitter:data2\" content=\"2 minuts\" \/>\n<script type=\"application\/ld+json\" class=\"yoast-schema-graph\">{\"@context\":\"https:\\\/\\\/schema.org\",\"@graph\":[{\"@type\":\"NewsArticle\",\"@id\":\"https:\\\/\\\/radiolitoral.com\\\/2023\\\/03\\\/la-alcaldesa-ana-sala-liderara-somos-calpe\\\/#article\",\"isPartOf\":{\"@id\":\"https:\\\/\\\/radiolitoral.com\\\/2023\\\/03\\\/la-alcaldesa-ana-sala-liderara-somos-calpe\\\/\"},\"author\":{\"name\":\"Redacci\u00f3n\",\"@id\":\"https:\\\/\\\/radiolitoral.com\\\/#\\\/schema\\\/person\\\/f2b2343c49b5d721857cc1002bfdb151\"},\"headline\":\"La alcaldesa Ana Sala liderar\u00e1 Somos Calpe\",\"datePublished\":\"2023-03-21T12:16:43+00:00\",\"dateModified\":\"2023-03-21T16:36:58+00:00\",\"mainEntityOfPage\":{\"@id\":\"https:\\\/\\\/radiolitoral.com\\\/2023\\\/03\\\/la-alcaldesa-ana-sala-liderara-somos-calpe\\\/\"},\"wordCount\":472,\"commentCount\":0,\"publisher\":{\"@id\":\"https:\\\/\\\/radiolitoral.com\\\/#organization\"},\"image\":{\"@id\":\"https:\\\/\\\/radiolitoral.com\\\/2023\\\/03\\\/la-alcaldesa-ana-sala-liderara-somos-calpe\\\/#primaryimage\"},\"thumbnailUrl\":\"https:\\\/\\\/media.radiolitoral.com\\\/wp-content\\\/uploads\\\/2023\\\/03\\\/21131630\\\/cartel.webp\",\"keywords\":[\"Ana Sala\",\"Calp\",\"Candidato alcald\u00eda Calp\",\"C\u00e9sar S\u00e1nchez\",\"elecciones 2023\",\"elecciones Calp\",\"PP Calp\"],\"articleSection\":[\"Pol\u00edtica\"],\"inLanguage\":\"ca\",\"potentialAction\":[{\"@type\":\"CommentAction\",\"name\":\"Comment\",\"target\":[\"https:\\\/\\\/radiolitoral.com\\\/2023\\\/03\\\/la-alcaldesa-ana-sala-liderara-somos-calpe\\\/#respond\"]}]},{\"@type\":[\"WebPage\",\"ItemPage\"],\"@id\":\"https:\\\/\\\/radiolitoral.com\\\/2023\\\/03\\\/la-alcaldesa-ana-sala-liderara-somos-calpe\\\/\",\"url\":\"https:\\\/\\\/radiolitoral.com\\\/2023\\\/03\\\/la-alcaldesa-ana-sala-liderara-somos-calpe\\\/\",\"name\":\"La alcaldesa Ana Sala liderar\u00e1 Somos Calpe | R\u00e0dio Litoral\",\"isPartOf\":{\"@id\":\"https:\\\/\\\/radiolitoral.com\\\/#website\"},\"primaryImageOfPage\":{\"@id\":\"https:\\\/\\\/radiolitoral.com\\\/2023\\\/03\\\/la-alcaldesa-ana-sala-liderara-somos-calpe\\\/#primaryimage\"},\"image\":{\"@id\":\"https:\\\/\\\/radiolitoral.com\\\/2023\\\/03\\\/la-alcaldesa-ana-sala-liderara-somos-calpe\\\/#primaryimage\"},\"thumbnailUrl\":\"https:\\\/\\\/media.radiolitoral.com\\\/wp-content\\\/uploads\\\/2023\\\/03\\\/21131630\\\/cartel.webp\",\"datePublished\":\"2023-03-21T12:16:43+00:00\",\"dateModified\":\"2023-03-21T16:36:58+00:00\",\"description\":\"Este viernes el Hotel Suitopia acoger\u00e1 la presentaci\u00f3n del nuevo partido y oficializar\u00e1 el nombre de su cabeza de cartel\",\"breadcrumb\":{\"@id\":\"https:\\\/\\\/radiolitoral.com\\\/2023\\\/03\\\/la-alcaldesa-ana-sala-liderara-somos-calpe\\\/#breadcrumb\"},\"inLanguage\":\"ca\",\"potentialAction\":[{\"@type\":\"ReadAction\",\"target\":[\"https:\\\/\\\/radiolitoral.com\\\/2023\\\/03\\\/la-alcaldesa-ana-sala-liderara-somos-calpe\\\/\"]}]},{\"@type\":\"ImageObject\",\"inLanguage\":\"ca\",\"@id\":\"https:\\\/\\\/radiolitoral.com\\\/2023\\\/03\\\/la-alcaldesa-ana-sala-liderara-somos-calpe\\\/#primaryimage\",\"url\":\"https:\\\/\\\/media.radiolitoral.com\\\/wp-content\\\/uploads\\\/2023\\\/03\\\/21131630\\\/cartel.webp\",\"contentUrl\":\"https:\\\/\\\/media.radiolitoral.com\\\/wp-content\\\/uploads\\\/2023\\\/03\\\/21131630\\\/cartel.webp\",\"width\":1024,\"height\":576},{\"@type\":\"BreadcrumbList\",\"@id\":\"https:\\\/\\\/radiolitoral.com\\\/2023\\\/03\\\/la-alcaldesa-ana-sala-liderara-somos-calpe\\\/#breadcrumb\",\"itemListElement\":[{\"@type\":\"ListItem\",\"position\":1,\"name\":\"Portada\",\"item\":\"https:\\\/\\\/radiolitoral.com\\\/\"},{\"@type\":\"ListItem\",\"position\":2,\"name\":\"La alcaldesa Ana Sala liderar\u00e1 Somos Calpe\"}]},{\"@type\":\"WebSite\",\"@id\":\"https:\\\/\\\/radiolitoral.com\\\/#website\",\"url\":\"https:\\\/\\\/radiolitoral.com\\\/\",\"name\":\"Radio Litoral\",\"description\":\"La radio local de la Marina Alta\",\"publisher\":{\"@id\":\"https:\\\/\\\/radiolitoral.com\\\/#organization\"},\"alternateName\":\"Litoral FM\",\"potentialAction\":[{\"@type\":\"SearchAction\",\"target\":{\"@type\":\"EntryPoint\",\"urlTemplate\":\"https:\\\/\\\/radiolitoral.com\\\/?s={search_term_string}\"},\"query-input\":{\"@type\":\"PropertyValueSpecification\",\"valueRequired\":true,\"valueName\":\"search_term_string\"}}],\"inLanguage\":\"ca\"},{\"@type\":\"Organization\",\"@id\":\"https:\\\/\\\/radiolitoral.com\\\/#organization\",\"name\":\"Radio Litoral\",\"url\":\"https:\\\/\\\/radiolitoral.com\\\/\",\"logo\":{\"@type\":\"ImageObject\",\"inLanguage\":\"ca\",\"@id\":\"https:\\\/\\\/radiolitoral.com\\\/#\\\/schema\\\/logo\\\/image\\\/\",\"url\":\"https:\\\/\\\/media.radiolitoral.com\\\/wp-content\\\/uploads\\\/2023\\\/02\\\/24143238\\\/CL-V-RadioLitoral696.png\",\"contentUrl\":\"https:\\\/\\\/media.radiolitoral.com\\\/wp-content\\\/uploads\\\/2023\\\/02\\\/24143238\\\/CL-V-RadioLitoral696.png\",\"width\":696,\"height\":696,\"caption\":\"Radio Litoral\"},\"image\":{\"@id\":\"https:\\\/\\\/radiolitoral.com\\\/#\\\/schema\\\/logo\\\/image\\\/\"},\"sameAs\":[\"https:\\\/\\\/www.facebook.com\\\/Laradiolitoral\\\/\"]},{\"@type\":\"Person\",\"@id\":\"https:\\\/\\\/radiolitoral.com\\\/#\\\/schema\\\/person\\\/f2b2343c49b5d721857cc1002bfdb151\",\"name\":\"Redacci\u00f3n\",\"image\":{\"@type\":\"ImageObject\",\"inLanguage\":\"ca\",\"@id\":\"https:\\\/\\\/secure.gravatar.com\\\/avatar\\\/f771d896c203ad8b3382d7905cfcce5a5c9b008b84b3cd9114e9b9f4cb63f789?s=96&d=mm&r=g\",\"url\":\"https:\\\/\\\/secure.gravatar.com\\\/avatar\\\/f771d896c203ad8b3382d7905cfcce5a5c9b008b84b3cd9114e9b9f4cb63f789?s=96&d=mm&r=g\",\"contentUrl\":\"https:\\\/\\\/secure.gravatar.com\\\/avatar\\\/f771d896c203ad8b3382d7905cfcce5a5c9b008b84b3cd9114e9b9f4cb63f789?s=96&d=mm&r=g\",\"caption\":\"Redacci\u00f3n\"},\"url\":\"https:\\\/\\\/radiolitoral.com\\\/ca\\\/author\\\/miriam-pagan\\\/\"}]}<\/script>\n<!-- \/ Yoast SEO plugin. -->","yoast_head_json":{"title":"L&#039;alcaldessa Ana Sala liderar\u00e0 Som Calp | R\u00e0dio Litoral","description":"Aquest divendres l&#039;Hotel Suitopia acollir\u00e0 la presentaci\u00f3 del nou partit i oficialitzar\u00e0 el nom del cap de cartell","robots":{"index":"index","follow":"follow","max-snippet":"max-snippet:-1","max-image-preview":"max-image-preview:large","max-video-preview":"max-video-preview:-1"},"canonical":"https:\/\/radiolitoral.com\/ca\/2023\/03\/lalcaldessa-ana-sala-lideres-som-calp\/","og_locale":"ca_ES","og_type":"article","og_title":"La alcaldesa Ana Sala liderar\u00e1 Somos Calpe | R\u00e0dio Litoral","og_description":"Este viernes el Hotel Suitopia acoger\u00e1 la presentaci\u00f3n del nuevo partido y oficializar\u00e1 el nombre de su cabeza de cartel","og_url":"https:\/\/radiolitoral.com\/ca\/2023\/03\/lalcaldessa-ana-sala-lideres-som-calp\/","og_site_name":"R\u00e0dio Litoral","article_publisher":"https:\/\/www.facebook.com\/Laradiolitoral\/","article_published_time":"2023-03-21T12:16:43+00:00","article_modified_time":"2023-03-21T16:36:58+00:00","og_image":[{"width":1024,"height":576,"url":"https:\/\/media.radiolitoral.com\/wp-content\/uploads\/2023\/03\/21131630\/cartel.webp","type":"image\/webp"}],"author":"Redacci\u00f3n","twitter_card":"summary_large_image","twitter_misc":{"Escrit per":"Redacci\u00f3n","Temps estimat de lectura":"2 minuts"},"schema":{"@context":"https:\/\/schema.org","@graph":[{"@type":"NewsArticle","@id":"https:\/\/radiolitoral.com\/2023\/03\/la-alcaldesa-ana-sala-liderara-somos-calpe\/#article","isPartOf":{"@id":"https:\/\/radiolitoral.com\/2023\/03\/la-alcaldesa-ana-sala-liderara-somos-calpe\/"},"author":{"name":"Redacci\u00f3n","@id":"https:\/\/radiolitoral.com\/#\/schema\/person\/f2b2343c49b5d721857cc1002bfdb151"},"headline":"La alcaldesa Ana Sala liderar\u00e1 Somos Calpe","datePublished":"2023-03-21T12:16:43+00:00","dateModified":"2023-03-21T16:36:58+00:00","mainEntityOfPage":{"@id":"https:\/\/radiolitoral.com\/2023\/03\/la-alcaldesa-ana-sala-liderara-somos-calpe\/"},"wordCount":472,"commentCount":0,"publisher":{"@id":"https:\/\/radiolitoral.com\/#organization"},"image":{"@id":"https:\/\/radiolitoral.com\/2023\/03\/la-alcaldesa-ana-sala-liderara-somos-calpe\/#primaryimage"},"thumbnailUrl":"https:\/\/media.radiolitoral.com\/wp-content\/uploads\/2023\/03\/21131630\/cartel.webp","keywords":["Ana Sala","Calp","Candidato alcald\u00eda Calp","C\u00e9sar S\u00e1nchez","elecciones 2023","elecciones Calp","PP Calp"],"articleSection":["Pol\u00edtica"],"inLanguage":"ca","potentialAction":[{"@type":"CommentAction","name":"Comment","target":["https:\/\/radiolitoral.com\/2023\/03\/la-alcaldesa-ana-sala-liderara-somos-calpe\/#respond"]}]},{"@type":["WebPage","ItemPage"],"@id":"https:\/\/radiolitoral.com\/2023\/03\/la-alcaldesa-ana-sala-liderara-somos-calpe\/","url":"https:\/\/radiolitoral.com\/2023\/03\/la-alcaldesa-ana-sala-liderara-somos-calpe\/","name":"L&#039;alcaldessa Ana Sala liderar\u00e0 Som Calp | R\u00e0dio Litoral","isPartOf":{"@id":"https:\/\/radiolitoral.com\/#website"},"primaryImageOfPage":{"@id":"https:\/\/radiolitoral.com\/2023\/03\/la-alcaldesa-ana-sala-liderara-somos-calpe\/#primaryimage"},"image":{"@id":"https:\/\/radiolitoral.com\/2023\/03\/la-alcaldesa-ana-sala-liderara-somos-calpe\/#primaryimage"},"thumbnailUrl":"https:\/\/media.radiolitoral.com\/wp-content\/uploads\/2023\/03\/21131630\/cartel.webp","datePublished":"2023-03-21T12:16:43+00:00","dateModified":"2023-03-21T16:36:58+00:00","description":"Aquest divendres l&#039;Hotel Suitopia acollir\u00e0 la presentaci\u00f3 del nou partit i oficialitzar\u00e0 el nom del cap de cartell","breadcrumb":{"@id":"https:\/\/radiolitoral.com\/2023\/03\/la-alcaldesa-ana-sala-liderara-somos-calpe\/#breadcrumb"},"inLanguage":"ca","potentialAction":[{"@type":"ReadAction","target":["https:\/\/radiolitoral.com\/2023\/03\/la-alcaldesa-ana-sala-liderara-somos-calpe\/"]}]},{"@type":"ImageObject","inLanguage":"ca","@id":"https:\/\/radiolitoral.com\/2023\/03\/la-alcaldesa-ana-sala-liderara-somos-calpe\/#primaryimage","url":"https:\/\/media.radiolitoral.com\/wp-content\/uploads\/2023\/03\/21131630\/cartel.webp","contentUrl":"https:\/\/media.radiolitoral.com\/wp-content\/uploads\/2023\/03\/21131630\/cartel.webp","width":1024,"height":576},{"@type":"BreadcrumbList","@id":"https:\/\/radiolitoral.com\/2023\/03\/la-alcaldesa-ana-sala-liderara-somos-calpe\/#breadcrumb","itemListElement":[{"@type":"ListItem","position":1,"name":"Portada","item":"https:\/\/radiolitoral.com\/"},{"@type":"ListItem","position":2,"name":"La alcaldesa Ana Sala liderar\u00e1 Somos Calpe"}]},{"@type":"WebSite","@id":"https:\/\/radiolitoral.com\/#website","url":"https:\/\/radiolitoral.com\/","name":"R\u00e0dio Litoral","description":"La r\u00e0dio local de la Marina Alta","publisher":{"@id":"https:\/\/radiolitoral.com\/#organization"},"alternateName":"Litoral FM","potentialAction":[{"@type":"SearchAction","target":{"@type":"EntryPoint","urlTemplate":"https:\/\/radiolitoral.com\/?s={search_term_string}"},"query-input":{"@type":"PropertyValueSpecification","valueRequired":true,"valueName":"search_term_string"}}],"inLanguage":"ca"},{"@type":"Organization","@id":"https:\/\/radiolitoral.com\/#organization","name":"R\u00e0dio Litoral","url":"https:\/\/radiolitoral.com\/","logo":{"@type":"ImageObject","inLanguage":"ca","@id":"https:\/\/radiolitoral.com\/#\/schema\/logo\/image\/","url":"https:\/\/media.radiolitoral.com\/wp-content\/uploads\/2023\/02\/24143238\/CL-V-RadioLitoral696.png","contentUrl":"https:\/\/media.radiolitoral.com\/wp-content\/uploads\/2023\/02\/24143238\/CL-V-RadioLitoral696.png","width":696,"height":696,"caption":"Radio Litoral"},"image":{"@id":"https:\/\/radiolitoral.com\/#\/schema\/logo\/image\/"},"sameAs":["https:\/\/www.facebook.com\/Laradiolitoral\/"]},{"@type":"Person","@id":"https:\/\/radiolitoral.com\/#\/schema\/person\/f2b2343c49b5d721857cc1002bfdb151","name":"Redacci\u00f3","image":{"@type":"ImageObject","inLanguage":"ca","@id":"https:\/\/secure.gravatar.com\/avatar\/f771d896c203ad8b3382d7905cfcce5a5c9b008b84b3cd9114e9b9f4cb63f789?s=96&d=mm&r=g","url":"https:\/\/secure.gravatar.com\/avatar\/f771d896c203ad8b3382d7905cfcce5a5c9b008b84b3cd9114e9b9f4cb63f789?s=96&d=mm&r=g","contentUrl":"https:\/\/secure.gravatar.com\/avatar\/f771d896c203ad8b3382d7905cfcce5a5c9b008b84b3cd9114e9b9f4cb63f789?s=96&d=mm&r=g","caption":"Redacci\u00f3n"},"url":"https:\/\/radiolitoral.com\/ca\/author\/miriam-pagan\/"}]}},"_links":{"self":[{"href":"https:\/\/radiolitoral.com\/ca\/wp-json\/wp\/v2\/posts\/1485","targetHints":{"allow":["GET"]}}],"collection":[{"href":"https:\/\/radiolitoral.com\/ca\/wp-json\/wp\/v2\/posts"}],"about":[{"href":"https:\/\/radiolitoral.com\/ca\/wp-json\/wp\/v2\/types\/post"}],"author":[{"embeddable":true,"href":"https:\/\/radiolitoral.com\/ca\/wp-json\/wp\/v2\/users\/13"}],"replies":[{"embeddable":true,"href":"https:\/\/radiolitoral.com\/ca\/wp-json\/wp\/v2\/comments?post=1485"}],"version-history":[{"count":3,"href":"https:\/\/radiolitoral.com\/ca\/wp-json\/wp\/v2\/posts\/1485\/revisions"}],"predecessor-version":[{"id":1513,"href":"https:\/\/radiolitoral.com\/ca\/wp-json\/wp\/v2\/posts\/1485\/revisions\/1513"}],"wp:featuredmedia":[{"embeddable":true,"href":"https:\/\/radiolitoral.com\/ca\/wp-json\/wp\/v2\/media\/1490"}],"wp:attachment":[{"href":"https:\/\/radiolitoral.com\/ca\/wp-json\/wp\/v2\/media?parent=1485"}],"wp:term":[{"taxonomy":"category","embeddable":true,"href":"https:\/\/radiolitoral.com\/ca\/wp-json\/wp\/v2\/categories?post=1485"},{"taxonomy":"post_tag","embeddable":true,"href":"https:\/\/radiolitoral.com\/ca\/wp-json\/wp\/v2\/tags?post=1485"}],"curies":[{"name":"wp","href":"https:\/\/api.w.org\/{rel}","templated":true}]}}