{"id":14841,"date":"2025-02-07T11:01:04","date_gmt":"2025-02-07T10:01:04","guid":{"rendered":"https:\/\/radiolitoral.com\/?p=14841"},"modified":"2025-02-07T11:01:04","modified_gmt":"2025-02-07T10:01:04","slug":"ivan-fernandez-el-mes-destacat-es-la-musica-en-directe-les-veus-en-directe-i-la-historia-que-enganxa-molt","status":"publish","type":"post","link":"https:\/\/radiolitoral.com\/ca\/2025\/02\/ivan-fernandez-el-mes-destacat-es-la-musica-en-directe-les-veus-en-directe-i-la-historia-que-enganxa-molt\/","title":{"rendered":"Iv\u00e1n Fern\u00e1ndez: \u201cEl m\u00e9s destacat \u00e9s la m\u00fasica en directe, els veus en directe i la hist\u00f2ria que enganxa molt\u201d"},"content":{"rendered":"<p>Avui la banda sonora del <strong>Primer Caf\u00e8 de R\u00e0dio Litoral<\/strong> l&#039;han posada els temes m\u00e9s cl\u00e0ssics d&#039;Homes G. Hem compartit aquest temps de r\u00e0dio amb <strong>Iv\u00e1n Fern\u00e1ndez, president de la comissi\u00f3 de festes de la Pur\u00edssima Xiqueta 2025 i amb Ver\u00f3nica Borrell, coordinadora del musical \u201cSufre Mam\u00f3n\u201d.<\/strong><\/p>\n<p>Un espectacle que licitar\u00e0 a l&#039;escenari 22 actors i actrius amateurs, m\u00e9s els integrants del cos de ball, format per 60 persones, amb m\u00fasica i veus en directe. La representaci\u00f3 repartida en diverses sessions tindr\u00e0 lloc <strong>el 21, 22 i 23 de febrer<\/strong> al Centre d&#039;Art Taller d&#039;Ivars. Les entrades ja s\u00f3n a la bena.<\/p>\n<p>Un musical que barreja tots els ingredients per passar-ho molt b\u00e9, amb una hist\u00f2ria atractiva i temes coneguts de la ic\u00f2nica banda espanyola encap\u00e7alada per David Summers, que poden ser ballats i cantats durant l&#039;actuaci\u00f3, com ens han explicat els nostres convidats.<\/p>\n<p>El gui\u00f3 \u00e9s una adaptaci\u00f3 del musical d&#039;Homes G a la realitat de Benissa dels 80. Un treball que ens far\u00e0 viatjar a trav\u00e9s d&#039;una emotiva hist\u00f2ria a la d\u00e8cada del Pop espanyol. Un treball conjunt de l&#039;equip de festers que s&#039;han involucrat en aquesta actuaci\u00f3. Coordinant, interpretant, buscant la m\u00fasica, els vestuaris, creant els decorats\u2026 Un treball complex, que suposa un gran esfor\u00e7 i mobilitza un gran nom de persones, per\u00f2 que tamb\u00e9 ha servit per unir lla\u00e7os i crear vincles entre els integrants d&#039;aquesta comissi\u00f3.<\/p>\n<p>Un espectacle que promet, i que no deixar\u00e0 indiferent el p\u00fablic que hi assistisca.<\/p>\n<p>Podeu escortar l&#039;entrevista \u00edntegra aqu\u00ed.<\/p>\n<audio class=\"wp-audio-shortcode\" id=\"audio-14841-1\" preload=\"none\" style=\"width: 100%;\" controls=\"controls\"><source type=\"audio\/mpeg\" src=\"https:\/\/media.radiolitoral.com\/wp-content\/uploads\/2025\/02\/07105419\/Primer-Cafe-Musical-Hombres-G.mp3?_=1\" \/><a href=\"https:\/\/media.radiolitoral.com\/wp-content\/uploads\/2025\/02\/07105419\/Primer-Cafe-Musical-Hombres-G.mp3\">https:\/\/media.radiolitoral.com\/wp-content\/uploads\/2025\/02\/07105419\/Primer-Cafe-Musical-Hombres-G.mp3<\/a><\/audio>","protected":false},"excerpt":{"rendered":"<p>Hui la banda sonora del Primer Caf\u00e9 de R\u00e0dio Litoral l&#8217;han posada els temes m\u00e9s cl\u00e0ssics d&#8217;Hombres G. Hem compartit aquest temps de r\u00e0dio amb Iv\u00e1n Fern\u00e1ndez, president de la comissi\u00f3 de festes de la Pur\u00edssima Xiqueta 2025 i amb Ver\u00f3nica Borrell, coordinadora del musical \u201cSufre Mam\u00f3n\u201d. Un espectacle que pujar\u00e0 a l&#8217;escenari 22 actors [&#8230;]<\/p>\n<p><a class=\"btn btn-secondary understrap-read-more-link\" href=\"https:\/\/radiolitoral.com\/ca\/2025\/02\/ivan-fernandez-el-mes-destacat-es-la-musica-en-directe-les-veus-en-directe-i-la-historia-que-enganxa-molt\/\">Continua llegint&#8230;<span class=\"screen-reader-text\"> from Iv\u00e1n Fern\u00e1ndez: \u201cEl m\u00e9s destacat \u00e9s la m\u00fasica en directe, les veus en directe, i la hist\u00f2ria que enganxa molt\u201d<\/span><\/a><\/p>\n","protected":false},"author":13,"featured_media":14846,"comment_status":"open","ping_status":"closed","sticky":false,"template":"","format":"standard","meta":{"_acf_changed":false,"inline_featured_image":false,"footnotes":""},"categories":[2753,276],"tags":[2417,3610,3612,3609,2312,3611,3613],"class_list":["post-14841","post","type-post","status-publish","format-standard","has-post-thumbnail","hentry","category-entrevistas","category-fiestas","tag-festers-purissima-xiqueta","tag-hombres-g","tag-ivan-fernandez","tag-musical","tag-primer-cafe","tag-sufre-mamon","tag-veronica-borrell","cobertura-benissa"],"acf":[],"yoast_head":"<!-- This site is optimized with the Yoast SEO plugin v27.5 - https:\/\/yoast.com\/product\/yoast-seo-wordpress\/ -->\n<title>Iv\u00e1n Fern\u00e1ndez: \u201cEl m\u00e9s destacat \u00e9s la m\u00fasica en directe, les veus en directe, i la hist\u00f2ria que enganxa molt\u201d | R\u00e0dio Litoral<\/title>\n<meta name=\"description\" content=\"Els Festers de la Pur\u00edssima Xiqueta 2025 de Benissa posen en escena el Musical \u201cSufre Mam\u00f3n\u201d el 21, 22 i 23 de febrer\" \/>\n<meta name=\"robots\" content=\"index, follow, max-snippet:-1, max-image-preview:large, max-video-preview:-1\" \/>\n<link rel=\"canonical\" href=\"https:\/\/radiolitoral.com\/ca\/2025\/02\/ivan-fernandez-el-mes-destacat-es-la-musica-en-directe-les-veus-en-directe-i-la-historia-que-enganxa-molt\/\" \/>\n<meta property=\"og:locale\" content=\"ca_ES\" \/>\n<meta property=\"og:type\" content=\"article\" \/>\n<meta property=\"og:title\" content=\"Iv\u00e1n Fern\u00e1ndez: \u201cEl m\u00e9s destacat \u00e9s la m\u00fasica en directe, les veus en directe, i la hist\u00f2ria que enganxa molt\u201d | R\u00e0dio Litoral\" \/>\n<meta property=\"og:description\" content=\"Els Festers de la Pur\u00edssima Xiqueta 2025 de Benissa posen en escena el Musical \u201cSufre Mam\u00f3n\u201d el 21, 22 i 23 de febrer\" \/>\n<meta property=\"og:url\" content=\"https:\/\/radiolitoral.com\/ca\/2025\/02\/ivan-fernandez-el-mes-destacat-es-la-musica-en-directe-les-veus-en-directe-i-la-historia-que-enganxa-molt\/\" \/>\n<meta property=\"og:site_name\" content=\"R\u00e0dio Litoral\" \/>\n<meta property=\"article:publisher\" content=\"https:\/\/www.facebook.com\/Laradiolitoral\/\" \/>\n<meta property=\"article:published_time\" content=\"2025-02-07T10:01:04+00:00\" \/>\n<meta property=\"og:image\" content=\"https:\/\/media.radiolitoral.com\/wp-content\/uploads\/2025\/02\/07110037\/Veronica-Borrell-i-Ivan-Fernandez-Primer-Cafe-1.jpg\" \/>\n\t<meta property=\"og:image:width\" content=\"2000\" \/>\n\t<meta property=\"og:image:height\" content=\"1500\" \/>\n\t<meta property=\"og:image:type\" content=\"image\/jpeg\" \/>\n<meta name=\"author\" content=\"Redacci\u00f3n\" \/>\n<meta name=\"twitter:card\" content=\"summary_large_image\" \/>\n<meta name=\"twitter:label1\" content=\"Escrit per\" \/>\n\t<meta name=\"twitter:data1\" content=\"Redacci\u00f3n\" \/>\n\t<meta name=\"twitter:label2\" content=\"Temps estimat de lectura\" \/>\n\t<meta name=\"twitter:data2\" content=\"2 minuts\" \/>\n<script type=\"application\/ld+json\" class=\"yoast-schema-graph\">{\"@context\":\"https:\\\/\\\/schema.org\",\"@graph\":[{\"@type\":\"NewsArticle\",\"@id\":\"https:\\\/\\\/radiolitoral.com\\\/2025\\\/02\\\/ivan-fernandez-el-mes-destacat-es-la-musica-en-directe-les-veus-en-directe-i-la-historia-que-enganxa-molt\\\/#article\",\"isPartOf\":{\"@id\":\"https:\\\/\\\/radiolitoral.com\\\/2025\\\/02\\\/ivan-fernandez-el-mes-destacat-es-la-musica-en-directe-les-veus-en-directe-i-la-historia-que-enganxa-molt\\\/\"},\"author\":{\"name\":\"Redacci\u00f3n\",\"@id\":\"https:\\\/\\\/radiolitoral.com\\\/#\\\/schema\\\/person\\\/f2b2343c49b5d721857cc1002bfdb151\"},\"headline\":\"Iv\u00e1n Fern\u00e1ndez: \u201cEl m\u00e9s destacat \u00e9s la m\u00fasica en directe, les veus en directe, i la hist\u00f2ria que enganxa molt\u201d\",\"datePublished\":\"2025-02-07T10:01:04+00:00\",\"mainEntityOfPage\":{\"@id\":\"https:\\\/\\\/radiolitoral.com\\\/2025\\\/02\\\/ivan-fernandez-el-mes-destacat-es-la-musica-en-directe-les-veus-en-directe-i-la-historia-que-enganxa-molt\\\/\"},\"wordCount\":313,\"commentCount\":0,\"publisher\":{\"@id\":\"https:\\\/\\\/radiolitoral.com\\\/#organization\"},\"image\":{\"@id\":\"https:\\\/\\\/radiolitoral.com\\\/2025\\\/02\\\/ivan-fernandez-el-mes-destacat-es-la-musica-en-directe-les-veus-en-directe-i-la-historia-que-enganxa-molt\\\/#primaryimage\"},\"thumbnailUrl\":\"https:\\\/\\\/media.radiolitoral.com\\\/wp-content\\\/uploads\\\/2025\\\/02\\\/07110037\\\/Veronica-Borrell-i-Ivan-Fernandez-Primer-Cafe-1.jpg\",\"keywords\":[\"Festers Pur\u00edssima Xiqueta\",\"Hombres G\",\"Iv\u00e1n Fern\u00e1ndez\",\"Musical\",\"Primer Caf\u00e9\",\"Sufre Mam\u00f3n\",\"Ver\u00f3nica Borrell\"],\"articleSection\":[\"Entrevistas\",\"Fiestas\"],\"inLanguage\":\"ca\",\"potentialAction\":[{\"@type\":\"CommentAction\",\"name\":\"Comment\",\"target\":[\"https:\\\/\\\/radiolitoral.com\\\/2025\\\/02\\\/ivan-fernandez-el-mes-destacat-es-la-musica-en-directe-les-veus-en-directe-i-la-historia-que-enganxa-molt\\\/#respond\"]}]},{\"@type\":[\"WebPage\",\"ItemPage\"],\"@id\":\"https:\\\/\\\/radiolitoral.com\\\/2025\\\/02\\\/ivan-fernandez-el-mes-destacat-es-la-musica-en-directe-les-veus-en-directe-i-la-historia-que-enganxa-molt\\\/\",\"url\":\"https:\\\/\\\/radiolitoral.com\\\/2025\\\/02\\\/ivan-fernandez-el-mes-destacat-es-la-musica-en-directe-les-veus-en-directe-i-la-historia-que-enganxa-molt\\\/\",\"name\":\"Iv\u00e1n Fern\u00e1ndez: \u201cEl m\u00e9s destacat \u00e9s la m\u00fasica en directe, les veus en directe, i la hist\u00f2ria que enganxa molt\u201d | R\u00e0dio Litoral\",\"isPartOf\":{\"@id\":\"https:\\\/\\\/radiolitoral.com\\\/#website\"},\"primaryImageOfPage\":{\"@id\":\"https:\\\/\\\/radiolitoral.com\\\/2025\\\/02\\\/ivan-fernandez-el-mes-destacat-es-la-musica-en-directe-les-veus-en-directe-i-la-historia-que-enganxa-molt\\\/#primaryimage\"},\"image\":{\"@id\":\"https:\\\/\\\/radiolitoral.com\\\/2025\\\/02\\\/ivan-fernandez-el-mes-destacat-es-la-musica-en-directe-les-veus-en-directe-i-la-historia-que-enganxa-molt\\\/#primaryimage\"},\"thumbnailUrl\":\"https:\\\/\\\/media.radiolitoral.com\\\/wp-content\\\/uploads\\\/2025\\\/02\\\/07110037\\\/Veronica-Borrell-i-Ivan-Fernandez-Primer-Cafe-1.jpg\",\"datePublished\":\"2025-02-07T10:01:04+00:00\",\"description\":\"Els Festers de la Pur\u00edssima Xiqueta 2025 de Benissa posen en escena el Musical \u201cSufre Mam\u00f3n\u201d el 21, 22 i 23 de febrer\",\"breadcrumb\":{\"@id\":\"https:\\\/\\\/radiolitoral.com\\\/2025\\\/02\\\/ivan-fernandez-el-mes-destacat-es-la-musica-en-directe-les-veus-en-directe-i-la-historia-que-enganxa-molt\\\/#breadcrumb\"},\"inLanguage\":\"ca\",\"potentialAction\":[{\"@type\":\"ReadAction\",\"target\":[\"https:\\\/\\\/radiolitoral.com\\\/2025\\\/02\\\/ivan-fernandez-el-mes-destacat-es-la-musica-en-directe-les-veus-en-directe-i-la-historia-que-enganxa-molt\\\/\"]}]},{\"@type\":\"ImageObject\",\"inLanguage\":\"ca\",\"@id\":\"https:\\\/\\\/radiolitoral.com\\\/2025\\\/02\\\/ivan-fernandez-el-mes-destacat-es-la-musica-en-directe-les-veus-en-directe-i-la-historia-que-enganxa-molt\\\/#primaryimage\",\"url\":\"https:\\\/\\\/media.radiolitoral.com\\\/wp-content\\\/uploads\\\/2025\\\/02\\\/07110037\\\/Veronica-Borrell-i-Ivan-Fernandez-Primer-Cafe-1.jpg\",\"contentUrl\":\"https:\\\/\\\/media.radiolitoral.com\\\/wp-content\\\/uploads\\\/2025\\\/02\\\/07110037\\\/Veronica-Borrell-i-Ivan-Fernandez-Primer-Cafe-1.jpg\",\"width\":2000,\"height\":1500},{\"@type\":\"BreadcrumbList\",\"@id\":\"https:\\\/\\\/radiolitoral.com\\\/2025\\\/02\\\/ivan-fernandez-el-mes-destacat-es-la-musica-en-directe-les-veus-en-directe-i-la-historia-que-enganxa-molt\\\/#breadcrumb\",\"itemListElement\":[{\"@type\":\"ListItem\",\"position\":1,\"name\":\"Portada\",\"item\":\"https:\\\/\\\/radiolitoral.com\\\/\"},{\"@type\":\"ListItem\",\"position\":2,\"name\":\"Iv\u00e1n Fern\u00e1ndez: \u201cEl m\u00e9s destacat \u00e9s la m\u00fasica en directe, les veus en directe, i la hist\u00f2ria que enganxa molt\u201d\"}]},{\"@type\":\"WebSite\",\"@id\":\"https:\\\/\\\/radiolitoral.com\\\/#website\",\"url\":\"https:\\\/\\\/radiolitoral.com\\\/\",\"name\":\"Radio Litoral\",\"description\":\"La radio local de la Marina Alta\",\"publisher\":{\"@id\":\"https:\\\/\\\/radiolitoral.com\\\/#organization\"},\"alternateName\":\"Litoral FM\",\"potentialAction\":[{\"@type\":\"SearchAction\",\"target\":{\"@type\":\"EntryPoint\",\"urlTemplate\":\"https:\\\/\\\/radiolitoral.com\\\/?s={search_term_string}\"},\"query-input\":{\"@type\":\"PropertyValueSpecification\",\"valueRequired\":true,\"valueName\":\"search_term_string\"}}],\"inLanguage\":\"ca\"},{\"@type\":\"Organization\",\"@id\":\"https:\\\/\\\/radiolitoral.com\\\/#organization\",\"name\":\"Radio Litoral\",\"url\":\"https:\\\/\\\/radiolitoral.com\\\/\",\"logo\":{\"@type\":\"ImageObject\",\"inLanguage\":\"ca\",\"@id\":\"https:\\\/\\\/radiolitoral.com\\\/#\\\/schema\\\/logo\\\/image\\\/\",\"url\":\"https:\\\/\\\/media.radiolitoral.com\\\/wp-content\\\/uploads\\\/2023\\\/02\\\/24143238\\\/CL-V-RadioLitoral696.png\",\"contentUrl\":\"https:\\\/\\\/media.radiolitoral.com\\\/wp-content\\\/uploads\\\/2023\\\/02\\\/24143238\\\/CL-V-RadioLitoral696.png\",\"width\":696,\"height\":696,\"caption\":\"Radio Litoral\"},\"image\":{\"@id\":\"https:\\\/\\\/radiolitoral.com\\\/#\\\/schema\\\/logo\\\/image\\\/\"},\"sameAs\":[\"https:\\\/\\\/www.facebook.com\\\/Laradiolitoral\\\/\"]},{\"@type\":\"Person\",\"@id\":\"https:\\\/\\\/radiolitoral.com\\\/#\\\/schema\\\/person\\\/f2b2343c49b5d721857cc1002bfdb151\",\"name\":\"Redacci\u00f3n\",\"image\":{\"@type\":\"ImageObject\",\"inLanguage\":\"ca\",\"@id\":\"https:\\\/\\\/secure.gravatar.com\\\/avatar\\\/f771d896c203ad8b3382d7905cfcce5a5c9b008b84b3cd9114e9b9f4cb63f789?s=96&d=mm&r=g\",\"url\":\"https:\\\/\\\/secure.gravatar.com\\\/avatar\\\/f771d896c203ad8b3382d7905cfcce5a5c9b008b84b3cd9114e9b9f4cb63f789?s=96&d=mm&r=g\",\"contentUrl\":\"https:\\\/\\\/secure.gravatar.com\\\/avatar\\\/f771d896c203ad8b3382d7905cfcce5a5c9b008b84b3cd9114e9b9f4cb63f789?s=96&d=mm&r=g\",\"caption\":\"Redacci\u00f3n\"},\"url\":\"https:\\\/\\\/radiolitoral.com\\\/ca\\\/author\\\/miriam-pagan\\\/\"}]}<\/script>\n<!-- \/ Yoast SEO plugin. -->","yoast_head_json":{"title":"Iv\u00e1n Fern\u00e1ndez: \u201cEl m\u00e9s destacat \u00e9s la m\u00fasica en directe, les veus en directe i la hist\u00f2ria que enganxa molt\u201d | R\u00e0dio Litoral","description":"Els Festers de la Pur\u00edssima Xiqueta 2025 de Benissa posen en escena el Musical \u201cSufre Mam\u00f3n\u201d el 21, 22 i 23 de febrer","robots":{"index":"index","follow":"follow","max-snippet":"max-snippet:-1","max-image-preview":"max-image-preview:large","max-video-preview":"max-video-preview:-1"},"canonical":"https:\/\/radiolitoral.com\/ca\/2025\/02\/ivan-fernandez-el-mes-destacat-es-la-musica-en-directe-les-veus-en-directe-i-la-historia-que-enganxa-molt\/","og_locale":"ca_ES","og_type":"article","og_title":"Iv\u00e1n Fern\u00e1ndez: \u201cEl m\u00e9s destacat \u00e9s la m\u00fasica en directe, les veus en directe, i la hist\u00f2ria que enganxa molt\u201d | R\u00e0dio Litoral","og_description":"Els Festers de la Pur\u00edssima Xiqueta 2025 de Benissa posen en escena el Musical \u201cSufre Mam\u00f3n\u201d el 21, 22 i 23 de febrer","og_url":"https:\/\/radiolitoral.com\/ca\/2025\/02\/ivan-fernandez-el-mes-destacat-es-la-musica-en-directe-les-veus-en-directe-i-la-historia-que-enganxa-molt\/","og_site_name":"R\u00e0dio Litoral","article_publisher":"https:\/\/www.facebook.com\/Laradiolitoral\/","article_published_time":"2025-02-07T10:01:04+00:00","og_image":[{"width":2000,"height":1500,"url":"https:\/\/media.radiolitoral.com\/wp-content\/uploads\/2025\/02\/07110037\/Veronica-Borrell-i-Ivan-Fernandez-Primer-Cafe-1.jpg","type":"image\/jpeg"}],"author":"Redacci\u00f3n","twitter_card":"summary_large_image","twitter_misc":{"Escrit per":"Redacci\u00f3n","Temps estimat de lectura":"2 minuts"},"schema":{"@context":"https:\/\/schema.org","@graph":[{"@type":"NewsArticle","@id":"https:\/\/radiolitoral.com\/2025\/02\/ivan-fernandez-el-mes-destacat-es-la-musica-en-directe-les-veus-en-directe-i-la-historia-que-enganxa-molt\/#article","isPartOf":{"@id":"https:\/\/radiolitoral.com\/2025\/02\/ivan-fernandez-el-mes-destacat-es-la-musica-en-directe-les-veus-en-directe-i-la-historia-que-enganxa-molt\/"},"author":{"name":"Redacci\u00f3n","@id":"https:\/\/radiolitoral.com\/#\/schema\/person\/f2b2343c49b5d721857cc1002bfdb151"},"headline":"Iv\u00e1n Fern\u00e1ndez: \u201cEl m\u00e9s destacat \u00e9s la m\u00fasica en directe, les veus en directe, i la hist\u00f2ria que enganxa molt\u201d","datePublished":"2025-02-07T10:01:04+00:00","mainEntityOfPage":{"@id":"https:\/\/radiolitoral.com\/2025\/02\/ivan-fernandez-el-mes-destacat-es-la-musica-en-directe-les-veus-en-directe-i-la-historia-que-enganxa-molt\/"},"wordCount":313,"commentCount":0,"publisher":{"@id":"https:\/\/radiolitoral.com\/#organization"},"image":{"@id":"https:\/\/radiolitoral.com\/2025\/02\/ivan-fernandez-el-mes-destacat-es-la-musica-en-directe-les-veus-en-directe-i-la-historia-que-enganxa-molt\/#primaryimage"},"thumbnailUrl":"https:\/\/media.radiolitoral.com\/wp-content\/uploads\/2025\/02\/07110037\/Veronica-Borrell-i-Ivan-Fernandez-Primer-Cafe-1.jpg","keywords":["Festers Pur\u00edssima Xiqueta","Hombres G","Iv\u00e1n Fern\u00e1ndez","Musical","Primer Caf\u00e9","Sufre Mam\u00f3n","Ver\u00f3nica Borrell"],"articleSection":["Entrevistas","Fiestas"],"inLanguage":"ca","potentialAction":[{"@type":"CommentAction","name":"Comment","target":["https:\/\/radiolitoral.com\/2025\/02\/ivan-fernandez-el-mes-destacat-es-la-musica-en-directe-les-veus-en-directe-i-la-historia-que-enganxa-molt\/#respond"]}]},{"@type":["WebPage","ItemPage"],"@id":"https:\/\/radiolitoral.com\/2025\/02\/ivan-fernandez-el-mes-destacat-es-la-musica-en-directe-les-veus-en-directe-i-la-historia-que-enganxa-molt\/","url":"https:\/\/radiolitoral.com\/2025\/02\/ivan-fernandez-el-mes-destacat-es-la-musica-en-directe-les-veus-en-directe-i-la-historia-que-enganxa-molt\/","name":"Iv\u00e1n Fern\u00e1ndez: \u201cEl m\u00e9s destacat \u00e9s la m\u00fasica en directe, les veus en directe i la hist\u00f2ria que enganxa molt\u201d | R\u00e0dio Litoral","isPartOf":{"@id":"https:\/\/radiolitoral.com\/#website"},"primaryImageOfPage":{"@id":"https:\/\/radiolitoral.com\/2025\/02\/ivan-fernandez-el-mes-destacat-es-la-musica-en-directe-les-veus-en-directe-i-la-historia-que-enganxa-molt\/#primaryimage"},"image":{"@id":"https:\/\/radiolitoral.com\/2025\/02\/ivan-fernandez-el-mes-destacat-es-la-musica-en-directe-les-veus-en-directe-i-la-historia-que-enganxa-molt\/#primaryimage"},"thumbnailUrl":"https:\/\/media.radiolitoral.com\/wp-content\/uploads\/2025\/02\/07110037\/Veronica-Borrell-i-Ivan-Fernandez-Primer-Cafe-1.jpg","datePublished":"2025-02-07T10:01:04+00:00","description":"Els Festers de la Pur\u00edssima Xiqueta 2025 de Benissa posen en escena el Musical \u201cSufre Mam\u00f3n\u201d el 21, 22 i 23 de febrer","breadcrumb":{"@id":"https:\/\/radiolitoral.com\/2025\/02\/ivan-fernandez-el-mes-destacat-es-la-musica-en-directe-les-veus-en-directe-i-la-historia-que-enganxa-molt\/#breadcrumb"},"inLanguage":"ca","potentialAction":[{"@type":"ReadAction","target":["https:\/\/radiolitoral.com\/2025\/02\/ivan-fernandez-el-mes-destacat-es-la-musica-en-directe-les-veus-en-directe-i-la-historia-que-enganxa-molt\/"]}]},{"@type":"ImageObject","inLanguage":"ca","@id":"https:\/\/radiolitoral.com\/2025\/02\/ivan-fernandez-el-mes-destacat-es-la-musica-en-directe-les-veus-en-directe-i-la-historia-que-enganxa-molt\/#primaryimage","url":"https:\/\/media.radiolitoral.com\/wp-content\/uploads\/2025\/02\/07110037\/Veronica-Borrell-i-Ivan-Fernandez-Primer-Cafe-1.jpg","contentUrl":"https:\/\/media.radiolitoral.com\/wp-content\/uploads\/2025\/02\/07110037\/Veronica-Borrell-i-Ivan-Fernandez-Primer-Cafe-1.jpg","width":2000,"height":1500},{"@type":"BreadcrumbList","@id":"https:\/\/radiolitoral.com\/2025\/02\/ivan-fernandez-el-mes-destacat-es-la-musica-en-directe-les-veus-en-directe-i-la-historia-que-enganxa-molt\/#breadcrumb","itemListElement":[{"@type":"ListItem","position":1,"name":"Portada","item":"https:\/\/radiolitoral.com\/"},{"@type":"ListItem","position":2,"name":"Iv\u00e1n Fern\u00e1ndez: \u201cEl m\u00e9s destacat \u00e9s la m\u00fasica en directe, les veus en directe, i la hist\u00f2ria que enganxa molt\u201d"}]},{"@type":"WebSite","@id":"https:\/\/radiolitoral.com\/#website","url":"https:\/\/radiolitoral.com\/","name":"R\u00e0dio Litoral","description":"La r\u00e0dio local de la Marina Alta","publisher":{"@id":"https:\/\/radiolitoral.com\/#organization"},"alternateName":"Litoral FM","potentialAction":[{"@type":"SearchAction","target":{"@type":"EntryPoint","urlTemplate":"https:\/\/radiolitoral.com\/?s={search_term_string}"},"query-input":{"@type":"PropertyValueSpecification","valueRequired":true,"valueName":"search_term_string"}}],"inLanguage":"ca"},{"@type":"Organization","@id":"https:\/\/radiolitoral.com\/#organization","name":"R\u00e0dio Litoral","url":"https:\/\/radiolitoral.com\/","logo":{"@type":"ImageObject","inLanguage":"ca","@id":"https:\/\/radiolitoral.com\/#\/schema\/logo\/image\/","url":"https:\/\/media.radiolitoral.com\/wp-content\/uploads\/2023\/02\/24143238\/CL-V-RadioLitoral696.png","contentUrl":"https:\/\/media.radiolitoral.com\/wp-content\/uploads\/2023\/02\/24143238\/CL-V-RadioLitoral696.png","width":696,"height":696,"caption":"Radio Litoral"},"image":{"@id":"https:\/\/radiolitoral.com\/#\/schema\/logo\/image\/"},"sameAs":["https:\/\/www.facebook.com\/Laradiolitoral\/"]},{"@type":"Person","@id":"https:\/\/radiolitoral.com\/#\/schema\/person\/f2b2343c49b5d721857cc1002bfdb151","name":"Redacci\u00f3","image":{"@type":"ImageObject","inLanguage":"ca","@id":"https:\/\/secure.gravatar.com\/avatar\/f771d896c203ad8b3382d7905cfcce5a5c9b008b84b3cd9114e9b9f4cb63f789?s=96&d=mm&r=g","url":"https:\/\/secure.gravatar.com\/avatar\/f771d896c203ad8b3382d7905cfcce5a5c9b008b84b3cd9114e9b9f4cb63f789?s=96&d=mm&r=g","contentUrl":"https:\/\/secure.gravatar.com\/avatar\/f771d896c203ad8b3382d7905cfcce5a5c9b008b84b3cd9114e9b9f4cb63f789?s=96&d=mm&r=g","caption":"Redacci\u00f3n"},"url":"https:\/\/radiolitoral.com\/ca\/author\/miriam-pagan\/"}]}},"_links":{"self":[{"href":"https:\/\/radiolitoral.com\/ca\/wp-json\/wp\/v2\/posts\/14841","targetHints":{"allow":["GET"]}}],"collection":[{"href":"https:\/\/radiolitoral.com\/ca\/wp-json\/wp\/v2\/posts"}],"about":[{"href":"https:\/\/radiolitoral.com\/ca\/wp-json\/wp\/v2\/types\/post"}],"author":[{"embeddable":true,"href":"https:\/\/radiolitoral.com\/ca\/wp-json\/wp\/v2\/users\/13"}],"replies":[{"embeddable":true,"href":"https:\/\/radiolitoral.com\/ca\/wp-json\/wp\/v2\/comments?post=14841"}],"version-history":[{"count":4,"href":"https:\/\/radiolitoral.com\/ca\/wp-json\/wp\/v2\/posts\/14841\/revisions"}],"predecessor-version":[{"id":14848,"href":"https:\/\/radiolitoral.com\/ca\/wp-json\/wp\/v2\/posts\/14841\/revisions\/14848"}],"wp:featuredmedia":[{"embeddable":true,"href":"https:\/\/radiolitoral.com\/ca\/wp-json\/wp\/v2\/media\/14846"}],"wp:attachment":[{"href":"https:\/\/radiolitoral.com\/ca\/wp-json\/wp\/v2\/media?parent=14841"}],"wp:term":[{"taxonomy":"category","embeddable":true,"href":"https:\/\/radiolitoral.com\/ca\/wp-json\/wp\/v2\/categories?post=14841"},{"taxonomy":"post_tag","embeddable":true,"href":"https:\/\/radiolitoral.com\/ca\/wp-json\/wp\/v2\/tags?post=14841"}],"curies":[{"name":"wp","href":"https:\/\/api.w.org\/{rel}","templated":true}]}}