{"id":14837,"date":"2025-02-07T11:39:33","date_gmt":"2025-02-07T10:39:33","guid":{"rendered":"https:\/\/radiolitoral.com\/?p=14837"},"modified":"2025-02-07T11:44:49","modified_gmt":"2025-02-07T10:44:49","slug":"cf-gandia-cd-denia-duel-clau-per-a-la-permanencia-2","status":"publish","type":"post","link":"https:\/\/radiolitoral.com\/ca\/2025\/02\/cf-gandia-cd-denia-duel-clau-per-a-la-permanencia-2\/","title":{"rendered":"CF Gandia-CD D\u00e9nia: Duel clau per a la perman\u00e8ncia"},"content":{"rendered":"<p>El <strong>CD D\u00e9nia<\/strong> afronta un despla\u00e7ament complicat\u00a0<span class=\"hiddenSuggestion\">aquest<\/span>\u00a0<strong>diumenge, a les 17 hores<\/strong>, al <strong>camp\u00a0<span class=\"hiddenSpellError\">Guillem<\/span>\u00a0<span class=\"hiddenSpellError\">Olag\u00fce<\/span><\/strong>\u00a0per enfrontar-se al <strong>CF Gandia<\/strong>, en un duel que tindr\u00e0 com a \u00e0rbitre <strong>Bernabeu Campello<\/strong>.<\/p>\n<p>Tots dos equips arriben a\u00a0<span class=\"hiddenSuggestion\">aquesta<\/span>\u00a0cita amb una gran necessitat de punts. Els locals es troben a zona de descens, mentre que el CD D\u00e9nia nom\u00e9s t\u00e9 un punt de marge sobre aquestes posicions perilloses. Al partit d&#039;anada, els\u00a0<span class=\"hiddenSpellError\">dianencs<\/span>\u00a0es van imposar per 3 a 0, per la qual cosa el conjunt de\u00a0<span class=\"hiddenGrammarError\">La Safor<\/span>\u00a0buscar\u00e0 no sols guanyar, sin\u00f3 tamb\u00e9 capgirar el gol average, una tasca que es preveu complicada.<\/p>\n<p>L&#039;entrenador denier,\u00a0<strong><span class=\"hiddenSpellError\">Juanjo<\/span>\u00a0Antol\u00ed<\/strong>, treballa per revertir la din\u00e0mica negativa del seu equip, que acumula quatre jornades sense con\u00e8ixer la vict\u00f2ria. Aquesta ratxa ha fet que el conjunt groguet \u00e9s vella massa a prop de la zona de descens. Per a\u00a0<span class=\"hiddenSuggestion\">aquest<\/span>\u00a0partit, Antol\u00ed haur\u00e0 de fer front a les baixes de Mario, sancionat, i\u00a0<span class=\"hiddenSpellError\">Renzo<\/span>, lesionat.<\/p>\n<p>El\u00a0<span class=\"hiddenSpellError\">CF<\/span>\u00a0Gandia que dirigeix <strong>Diego\u00a0<span class=\"hiddenSpellError\">Mi\u00f1ana<\/span><\/strong>, vell conegut de l&#039;afici\u00f3 deniera, a dalt en ple creixement en el seu joc.\u00a0<span class=\"hiddenSpellError\">Mi\u00f1ana<\/span>\u00a0te la baixa del\u00a0<span class=\"hiddenSpellError\">Kyle<\/span>\u00a0per sanci\u00f3 i de Jaume per lesi\u00f3. T\u00e9 la dubte de Ximo que no est\u00e0 al cent per cent, per\u00f2 que podria tenir minuts en aquest partit tan important per al seu equip.<\/p>\n<p><span class=\"hiddenSuggestion\">Aquest<\/span>\u00a0partit es presenta com un duel de m\u00e0xima tensi\u00f3 on els punts en joc poden ser determinants per al futur immediat de tots dos equips a la competici\u00f3.<\/p>\n<p>&nbsp;<\/p>\n<p><script src=\"chrome-extension:\/\/flbolonkboilcbnohjlchlfgdalomdpl\/iFrame.js\" type=\"text\/javascript\"><\/script><\/p>\n<p><script src=\"chrome-extension:\/\/flbolonkboilcbnohjlchlfgdalomdpl\/iFrame.js\" type=\"text\/javascript\"><\/script><\/p>\n<p><script src=\"chrome-extension:\/\/flbolonkboilcbnohjlchlfgdalomdpl\/iFrame.js\" type=\"text\/javascript\"><\/script><\/p>","protected":false},"excerpt":{"rendered":"<p>El CD D\u00e9nia afronta un despla\u00e7ament complicat\u00a0aquest\u00a0diumenge, a les 17 hores, al camp\u00a0Guillermo\u00a0Olag\u00fce\u00a0per enfrontar-se al CF Gandia, en un duel que tindr\u00e0 com a \u00e0rbitre Bernabeu Campello. Tots dos equips arriben a\u00a0aquesta\u00a0cita amb una gran necessitat de punts. Els locals es troben en zona de descens, mentre que el CD D\u00e9nia nom\u00e9s t\u00e9 un punt [&#8230;]<\/p>\n<p><a class=\"btn btn-secondary understrap-read-more-link\" href=\"https:\/\/radiolitoral.com\/ca\/2025\/02\/cf-gandia-cd-denia-duel-clau-per-a-la-permanencia-2\/\">Continua llegint&#8230;<span class=\"screen-reader-text\"> from CF Gand\u00eda-CD D\u00e9nia: Duel clau per a la perman\u00e8ncia<\/span><\/a><\/p>\n","protected":false},"author":12,"featured_media":14838,"comment_status":"open","ping_status":"closed","sticky":false,"template":"","format":"standard","meta":{"_acf_changed":false,"inline_featured_image":false,"footnotes":""},"categories":[5],"tags":[3608,893,6,1663,895],"class_list":["post-14837","post","type-post","status-publish","format-standard","has-post-thumbnail","hentry","category-deportes","tag-camp-guillermo-olaguem-cf-gandia","tag-cd-denia","tag-deportes","tag-diego-minana","tag-juanjo-antoli","cobertura-denia"],"acf":[],"yoast_head":"<!-- This site is optimized with the Yoast SEO plugin v27.5 - https:\/\/yoast.com\/product\/yoast-seo-wordpress\/ -->\n<title>CF Gand\u00eda-CD D\u00e9nia: Duel clau per a la perman\u00e8ncia | R\u00e0dio Litoral<\/title>\n<meta name=\"description\" content=\"Els locals estan en llocs de descens mentre que els deniers nom\u00e9s estan un punt per dalt de l&#039;equip gandiense Els locals estan en llocs de descens mentres que els deniers nom\u00e9s estan un punt per dalt de l&#039;equip gandiense\" \/>\n<meta name=\"robots\" content=\"index, follow, max-snippet:-1, max-image-preview:large, max-video-preview:-1\" \/>\n<link rel=\"canonical\" href=\"https:\/\/radiolitoral.com\/ca\/2025\/02\/cf-gandia-cd-denia-duel-clau-per-a-la-permanencia-2\/\" \/>\n<meta property=\"og:locale\" content=\"ca_ES\" \/>\n<meta property=\"og:type\" content=\"article\" \/>\n<meta property=\"og:title\" content=\"CF Gand\u00eda-CD D\u00e9nia: Duel clau per a la perman\u00e8ncia | R\u00e0dio Litoral\" \/>\n<meta property=\"og:description\" content=\"Els locals estan en llocs de descens mentre que els deniers nom\u00e9s estan un punt per dalt de l&#039;equip gandiense Els locals estan en llocs de descens mentres que els deniers nom\u00e9s estan un punt per dalt de l&#039;equip gandiense\" \/>\n<meta property=\"og:url\" content=\"https:\/\/radiolitoral.com\/ca\/2025\/02\/cf-gandia-cd-denia-duel-clau-per-a-la-permanencia-2\/\" \/>\n<meta property=\"og:site_name\" content=\"R\u00e0dio Litoral\" \/>\n<meta property=\"article:publisher\" content=\"https:\/\/www.facebook.com\/Laradiolitoral\/\" \/>\n<meta property=\"article:published_time\" content=\"2025-02-07T10:39:33+00:00\" \/>\n<meta property=\"article:modified_time\" content=\"2025-02-07T10:44:49+00:00\" \/>\n<meta property=\"og:image\" content=\"https:\/\/media.radiolitoral.com\/wp-content\/uploads\/2025\/02\/07104750\/DSC_0214-scaled.jpg\" \/>\n\t<meta property=\"og:image:width\" content=\"2560\" \/>\n\t<meta property=\"og:image:height\" content=\"1707\" \/>\n\t<meta property=\"og:image:type\" content=\"image\/jpeg\" \/>\n<meta name=\"author\" content=\"Javier Zamora\" \/>\n<meta name=\"twitter:card\" content=\"summary_large_image\" \/>\n<meta name=\"twitter:label1\" content=\"Escrit per\" \/>\n\t<meta name=\"twitter:data1\" content=\"Javier Zamora\" \/>\n\t<meta name=\"twitter:label2\" content=\"Temps estimat de lectura\" \/>\n\t<meta name=\"twitter:data2\" content=\"2 minuts\" \/>\n<script type=\"application\/ld+json\" class=\"yoast-schema-graph\">{\"@context\":\"https:\\\/\\\/schema.org\",\"@graph\":[{\"@type\":\"NewsArticle\",\"@id\":\"https:\\\/\\\/radiolitoral.com\\\/2025\\\/02\\\/cf-gandia-cd-denia-duel-clau-per-a-la-permanencia-2\\\/#article\",\"isPartOf\":{\"@id\":\"https:\\\/\\\/radiolitoral.com\\\/2025\\\/02\\\/cf-gandia-cd-denia-duel-clau-per-a-la-permanencia-2\\\/\"},\"author\":{\"name\":\"Javier Zamora\",\"@id\":\"https:\\\/\\\/radiolitoral.com\\\/#\\\/schema\\\/person\\\/7b1480b5caeb5acdd4ec6379caf62b22\"},\"headline\":\"CF Gand\u00eda-CD D\u00e9nia: Duel clau per a la perman\u00e8ncia\",\"datePublished\":\"2025-02-07T10:39:33+00:00\",\"dateModified\":\"2025-02-07T10:44:49+00:00\",\"mainEntityOfPage\":{\"@id\":\"https:\\\/\\\/radiolitoral.com\\\/2025\\\/02\\\/cf-gandia-cd-denia-duel-clau-per-a-la-permanencia-2\\\/\"},\"wordCount\":274,\"commentCount\":0,\"publisher\":{\"@id\":\"https:\\\/\\\/radiolitoral.com\\\/#organization\"},\"image\":{\"@id\":\"https:\\\/\\\/radiolitoral.com\\\/2025\\\/02\\\/cf-gandia-cd-denia-duel-clau-per-a-la-permanencia-2\\\/#primaryimage\"},\"thumbnailUrl\":\"https:\\\/\\\/media.radiolitoral.com\\\/wp-content\\\/uploads\\\/2025\\\/02\\\/07104750\\\/DSC_0214-scaled.jpg\",\"keywords\":[\"camp Guillermo Olag\u00fcem CF Gand\u00eda\",\"CD D\u00e9nia\",\"deportes\",\"Diego\u00a0Mi\u00f1ana\",\"Juanjo Antol\u00ed.\"],\"articleSection\":[\"Deportes\"],\"inLanguage\":\"ca\",\"potentialAction\":[{\"@type\":\"CommentAction\",\"name\":\"Comment\",\"target\":[\"https:\\\/\\\/radiolitoral.com\\\/2025\\\/02\\\/cf-gandia-cd-denia-duel-clau-per-a-la-permanencia-2\\\/#respond\"]}]},{\"@type\":[\"WebPage\",\"ItemPage\"],\"@id\":\"https:\\\/\\\/radiolitoral.com\\\/2025\\\/02\\\/cf-gandia-cd-denia-duel-clau-per-a-la-permanencia-2\\\/\",\"url\":\"https:\\\/\\\/radiolitoral.com\\\/2025\\\/02\\\/cf-gandia-cd-denia-duel-clau-per-a-la-permanencia-2\\\/\",\"name\":\"CF Gand\u00eda-CD D\u00e9nia: Duel clau per a la perman\u00e8ncia | R\u00e0dio Litoral\",\"isPartOf\":{\"@id\":\"https:\\\/\\\/radiolitoral.com\\\/#website\"},\"primaryImageOfPage\":{\"@id\":\"https:\\\/\\\/radiolitoral.com\\\/2025\\\/02\\\/cf-gandia-cd-denia-duel-clau-per-a-la-permanencia-2\\\/#primaryimage\"},\"image\":{\"@id\":\"https:\\\/\\\/radiolitoral.com\\\/2025\\\/02\\\/cf-gandia-cd-denia-duel-clau-per-a-la-permanencia-2\\\/#primaryimage\"},\"thumbnailUrl\":\"https:\\\/\\\/media.radiolitoral.com\\\/wp-content\\\/uploads\\\/2025\\\/02\\\/07104750\\\/DSC_0214-scaled.jpg\",\"datePublished\":\"2025-02-07T10:39:33+00:00\",\"dateModified\":\"2025-02-07T10:44:49+00:00\",\"description\":\"Els locals estan en llocs de descens mentre que els deniers nom\u00e9s estan un punt per dalt de l'equip gandiense Els locals estan en llocs de descens mentres que els deniers nom\u00e9s estan un punt per dalt de l'equip gandiense\",\"breadcrumb\":{\"@id\":\"https:\\\/\\\/radiolitoral.com\\\/2025\\\/02\\\/cf-gandia-cd-denia-duel-clau-per-a-la-permanencia-2\\\/#breadcrumb\"},\"inLanguage\":\"ca\",\"potentialAction\":[{\"@type\":\"ReadAction\",\"target\":[\"https:\\\/\\\/radiolitoral.com\\\/2025\\\/02\\\/cf-gandia-cd-denia-duel-clau-per-a-la-permanencia-2\\\/\"]}]},{\"@type\":\"ImageObject\",\"inLanguage\":\"ca\",\"@id\":\"https:\\\/\\\/radiolitoral.com\\\/2025\\\/02\\\/cf-gandia-cd-denia-duel-clau-per-a-la-permanencia-2\\\/#primaryimage\",\"url\":\"https:\\\/\\\/media.radiolitoral.com\\\/wp-content\\\/uploads\\\/2025\\\/02\\\/07104750\\\/DSC_0214-scaled.jpg\",\"contentUrl\":\"https:\\\/\\\/media.radiolitoral.com\\\/wp-content\\\/uploads\\\/2025\\\/02\\\/07104750\\\/DSC_0214-scaled.jpg\",\"width\":2560,\"height\":1707},{\"@type\":\"BreadcrumbList\",\"@id\":\"https:\\\/\\\/radiolitoral.com\\\/2025\\\/02\\\/cf-gandia-cd-denia-duel-clau-per-a-la-permanencia-2\\\/#breadcrumb\",\"itemListElement\":[{\"@type\":\"ListItem\",\"position\":1,\"name\":\"Portada\",\"item\":\"https:\\\/\\\/radiolitoral.com\\\/\"},{\"@type\":\"ListItem\",\"position\":2,\"name\":\"CF Gand\u00eda-CD D\u00e9nia: Duel clau per a la perman\u00e8ncia\"}]},{\"@type\":\"WebSite\",\"@id\":\"https:\\\/\\\/radiolitoral.com\\\/#website\",\"url\":\"https:\\\/\\\/radiolitoral.com\\\/\",\"name\":\"Radio Litoral\",\"description\":\"La radio local de la Marina Alta\",\"publisher\":{\"@id\":\"https:\\\/\\\/radiolitoral.com\\\/#organization\"},\"alternateName\":\"Litoral FM\",\"potentialAction\":[{\"@type\":\"SearchAction\",\"target\":{\"@type\":\"EntryPoint\",\"urlTemplate\":\"https:\\\/\\\/radiolitoral.com\\\/?s={search_term_string}\"},\"query-input\":{\"@type\":\"PropertyValueSpecification\",\"valueRequired\":true,\"valueName\":\"search_term_string\"}}],\"inLanguage\":\"ca\"},{\"@type\":\"Organization\",\"@id\":\"https:\\\/\\\/radiolitoral.com\\\/#organization\",\"name\":\"Radio Litoral\",\"url\":\"https:\\\/\\\/radiolitoral.com\\\/\",\"logo\":{\"@type\":\"ImageObject\",\"inLanguage\":\"ca\",\"@id\":\"https:\\\/\\\/radiolitoral.com\\\/#\\\/schema\\\/logo\\\/image\\\/\",\"url\":\"https:\\\/\\\/media.radiolitoral.com\\\/wp-content\\\/uploads\\\/2023\\\/02\\\/24143238\\\/CL-V-RadioLitoral696.png\",\"contentUrl\":\"https:\\\/\\\/media.radiolitoral.com\\\/wp-content\\\/uploads\\\/2023\\\/02\\\/24143238\\\/CL-V-RadioLitoral696.png\",\"width\":696,\"height\":696,\"caption\":\"Radio Litoral\"},\"image\":{\"@id\":\"https:\\\/\\\/radiolitoral.com\\\/#\\\/schema\\\/logo\\\/image\\\/\"},\"sameAs\":[\"https:\\\/\\\/www.facebook.com\\\/Laradiolitoral\\\/\"]},{\"@type\":\"Person\",\"@id\":\"https:\\\/\\\/radiolitoral.com\\\/#\\\/schema\\\/person\\\/7b1480b5caeb5acdd4ec6379caf62b22\",\"name\":\"Javier Zamora\",\"image\":{\"@type\":\"ImageObject\",\"inLanguage\":\"ca\",\"@id\":\"https:\\\/\\\/secure.gravatar.com\\\/avatar\\\/467a11f6918c7d619c4043fc6fa2d3853053107973f05b6e9c04ea6c4e3a7b3f?s=96&d=mm&r=g\",\"url\":\"https:\\\/\\\/secure.gravatar.com\\\/avatar\\\/467a11f6918c7d619c4043fc6fa2d3853053107973f05b6e9c04ea6c4e3a7b3f?s=96&d=mm&r=g\",\"contentUrl\":\"https:\\\/\\\/secure.gravatar.com\\\/avatar\\\/467a11f6918c7d619c4043fc6fa2d3853053107973f05b6e9c04ea6c4e3a7b3f?s=96&d=mm&r=g\",\"caption\":\"Javier Zamora\"},\"url\":\"https:\\\/\\\/radiolitoral.com\\\/ca\\\/author\\\/javier-zamora\\\/\"}]}<\/script>\n<!-- \/ Yoast SEO plugin. -->","yoast_head_json":{"title":"CF Gandia-CD D\u00e9nia: Duel clau per a la perman\u00e8ncia | R\u00e0dio Litoral","description":"Els locals estan en llocs de descens mentre que els deniers nom\u00e9s estan un punt per dalt de l&#039;equip gandi\u00e0 Els locals estan en llocs de descens mentre que els deniers nom\u00e9s estan un punt per dalt de l&#039;equip gandi\u00e0","robots":{"index":"index","follow":"follow","max-snippet":"max-snippet:-1","max-image-preview":"max-image-preview:large","max-video-preview":"max-video-preview:-1"},"canonical":"https:\/\/radiolitoral.com\/ca\/2025\/02\/cf-gandia-cd-denia-duel-clau-per-a-la-permanencia-2\/","og_locale":"ca_ES","og_type":"article","og_title":"CF Gand\u00eda-CD D\u00e9nia: Duel clau per a la perman\u00e8ncia | R\u00e0dio Litoral","og_description":"Els locals estan en llocs de descens mentre que els deniers nom\u00e9s estan un punt per dalt de l'equip gandiense Els locals estan en llocs de descens mentres que els deniers nom\u00e9s estan un punt per dalt de l'equip gandiense","og_url":"https:\/\/radiolitoral.com\/ca\/2025\/02\/cf-gandia-cd-denia-duel-clau-per-a-la-permanencia-2\/","og_site_name":"R\u00e0dio Litoral","article_publisher":"https:\/\/www.facebook.com\/Laradiolitoral\/","article_published_time":"2025-02-07T10:39:33+00:00","article_modified_time":"2025-02-07T10:44:49+00:00","og_image":[{"width":2560,"height":1707,"url":"https:\/\/media.radiolitoral.com\/wp-content\/uploads\/2025\/02\/07104750\/DSC_0214-scaled.jpg","type":"image\/jpeg"}],"author":"Javier Zamora","twitter_card":"summary_large_image","twitter_misc":{"Escrit per":"Javier Zamora","Temps estimat de lectura":"2 minuts"},"schema":{"@context":"https:\/\/schema.org","@graph":[{"@type":"NewsArticle","@id":"https:\/\/radiolitoral.com\/2025\/02\/cf-gandia-cd-denia-duel-clau-per-a-la-permanencia-2\/#article","isPartOf":{"@id":"https:\/\/radiolitoral.com\/2025\/02\/cf-gandia-cd-denia-duel-clau-per-a-la-permanencia-2\/"},"author":{"name":"Javier Zamora","@id":"https:\/\/radiolitoral.com\/#\/schema\/person\/7b1480b5caeb5acdd4ec6379caf62b22"},"headline":"CF Gand\u00eda-CD D\u00e9nia: Duel clau per a la perman\u00e8ncia","datePublished":"2025-02-07T10:39:33+00:00","dateModified":"2025-02-07T10:44:49+00:00","mainEntityOfPage":{"@id":"https:\/\/radiolitoral.com\/2025\/02\/cf-gandia-cd-denia-duel-clau-per-a-la-permanencia-2\/"},"wordCount":274,"commentCount":0,"publisher":{"@id":"https:\/\/radiolitoral.com\/#organization"},"image":{"@id":"https:\/\/radiolitoral.com\/2025\/02\/cf-gandia-cd-denia-duel-clau-per-a-la-permanencia-2\/#primaryimage"},"thumbnailUrl":"https:\/\/media.radiolitoral.com\/wp-content\/uploads\/2025\/02\/07104750\/DSC_0214-scaled.jpg","keywords":["camp Guillermo Olag\u00fcem CF Gand\u00eda","CD D\u00e9nia","deportes","Diego\u00a0Mi\u00f1ana","Juanjo Antol\u00ed."],"articleSection":["Deportes"],"inLanguage":"ca","potentialAction":[{"@type":"CommentAction","name":"Comment","target":["https:\/\/radiolitoral.com\/2025\/02\/cf-gandia-cd-denia-duel-clau-per-a-la-permanencia-2\/#respond"]}]},{"@type":["WebPage","ItemPage"],"@id":"https:\/\/radiolitoral.com\/2025\/02\/cf-gandia-cd-denia-duel-clau-per-a-la-permanencia-2\/","url":"https:\/\/radiolitoral.com\/2025\/02\/cf-gandia-cd-denia-duel-clau-per-a-la-permanencia-2\/","name":"CF Gandia-CD D\u00e9nia: Duel clau per a la perman\u00e8ncia | R\u00e0dio Litoral","isPartOf":{"@id":"https:\/\/radiolitoral.com\/#website"},"primaryImageOfPage":{"@id":"https:\/\/radiolitoral.com\/2025\/02\/cf-gandia-cd-denia-duel-clau-per-a-la-permanencia-2\/#primaryimage"},"image":{"@id":"https:\/\/radiolitoral.com\/2025\/02\/cf-gandia-cd-denia-duel-clau-per-a-la-permanencia-2\/#primaryimage"},"thumbnailUrl":"https:\/\/media.radiolitoral.com\/wp-content\/uploads\/2025\/02\/07104750\/DSC_0214-scaled.jpg","datePublished":"2025-02-07T10:39:33+00:00","dateModified":"2025-02-07T10:44:49+00:00","description":"Els locals estan en llocs de descens mentre que els deniers nom\u00e9s estan un punt per dalt de l&#039;equip gandi\u00e0 Els locals estan en llocs de descens mentre que els deniers nom\u00e9s estan un punt per dalt de l&#039;equip gandi\u00e0","breadcrumb":{"@id":"https:\/\/radiolitoral.com\/2025\/02\/cf-gandia-cd-denia-duel-clau-per-a-la-permanencia-2\/#breadcrumb"},"inLanguage":"ca","potentialAction":[{"@type":"ReadAction","target":["https:\/\/radiolitoral.com\/2025\/02\/cf-gandia-cd-denia-duel-clau-per-a-la-permanencia-2\/"]}]},{"@type":"ImageObject","inLanguage":"ca","@id":"https:\/\/radiolitoral.com\/2025\/02\/cf-gandia-cd-denia-duel-clau-per-a-la-permanencia-2\/#primaryimage","url":"https:\/\/media.radiolitoral.com\/wp-content\/uploads\/2025\/02\/07104750\/DSC_0214-scaled.jpg","contentUrl":"https:\/\/media.radiolitoral.com\/wp-content\/uploads\/2025\/02\/07104750\/DSC_0214-scaled.jpg","width":2560,"height":1707},{"@type":"BreadcrumbList","@id":"https:\/\/radiolitoral.com\/2025\/02\/cf-gandia-cd-denia-duel-clau-per-a-la-permanencia-2\/#breadcrumb","itemListElement":[{"@type":"ListItem","position":1,"name":"Portada","item":"https:\/\/radiolitoral.com\/"},{"@type":"ListItem","position":2,"name":"CF Gand\u00eda-CD D\u00e9nia: Duel clau per a la perman\u00e8ncia"}]},{"@type":"WebSite","@id":"https:\/\/radiolitoral.com\/#website","url":"https:\/\/radiolitoral.com\/","name":"R\u00e0dio Litoral","description":"La r\u00e0dio local de la Marina Alta","publisher":{"@id":"https:\/\/radiolitoral.com\/#organization"},"alternateName":"Litoral FM","potentialAction":[{"@type":"SearchAction","target":{"@type":"EntryPoint","urlTemplate":"https:\/\/radiolitoral.com\/?s={search_term_string}"},"query-input":{"@type":"PropertyValueSpecification","valueRequired":true,"valueName":"search_term_string"}}],"inLanguage":"ca"},{"@type":"Organization","@id":"https:\/\/radiolitoral.com\/#organization","name":"R\u00e0dio Litoral","url":"https:\/\/radiolitoral.com\/","logo":{"@type":"ImageObject","inLanguage":"ca","@id":"https:\/\/radiolitoral.com\/#\/schema\/logo\/image\/","url":"https:\/\/media.radiolitoral.com\/wp-content\/uploads\/2023\/02\/24143238\/CL-V-RadioLitoral696.png","contentUrl":"https:\/\/media.radiolitoral.com\/wp-content\/uploads\/2023\/02\/24143238\/CL-V-RadioLitoral696.png","width":696,"height":696,"caption":"Radio Litoral"},"image":{"@id":"https:\/\/radiolitoral.com\/#\/schema\/logo\/image\/"},"sameAs":["https:\/\/www.facebook.com\/Laradiolitoral\/"]},{"@type":"Person","@id":"https:\/\/radiolitoral.com\/#\/schema\/person\/7b1480b5caeb5acdd4ec6379caf62b22","name":"Javier Zamora","image":{"@type":"ImageObject","inLanguage":"ca","@id":"https:\/\/secure.gravatar.com\/avatar\/467a11f6918c7d619c4043fc6fa2d3853053107973f05b6e9c04ea6c4e3a7b3f?s=96&d=mm&r=g","url":"https:\/\/secure.gravatar.com\/avatar\/467a11f6918c7d619c4043fc6fa2d3853053107973f05b6e9c04ea6c4e3a7b3f?s=96&d=mm&r=g","contentUrl":"https:\/\/secure.gravatar.com\/avatar\/467a11f6918c7d619c4043fc6fa2d3853053107973f05b6e9c04ea6c4e3a7b3f?s=96&d=mm&r=g","caption":"Javier Zamora"},"url":"https:\/\/radiolitoral.com\/ca\/author\/javier-zamora\/"}]}},"_links":{"self":[{"href":"https:\/\/radiolitoral.com\/ca\/wp-json\/wp\/v2\/posts\/14837","targetHints":{"allow":["GET"]}}],"collection":[{"href":"https:\/\/radiolitoral.com\/ca\/wp-json\/wp\/v2\/posts"}],"about":[{"href":"https:\/\/radiolitoral.com\/ca\/wp-json\/wp\/v2\/types\/post"}],"author":[{"embeddable":true,"href":"https:\/\/radiolitoral.com\/ca\/wp-json\/wp\/v2\/users\/12"}],"replies":[{"embeddable":true,"href":"https:\/\/radiolitoral.com\/ca\/wp-json\/wp\/v2\/comments?post=14837"}],"version-history":[{"count":5,"href":"https:\/\/radiolitoral.com\/ca\/wp-json\/wp\/v2\/posts\/14837\/revisions"}],"predecessor-version":[{"id":14858,"href":"https:\/\/radiolitoral.com\/ca\/wp-json\/wp\/v2\/posts\/14837\/revisions\/14858"}],"wp:featuredmedia":[{"embeddable":true,"href":"https:\/\/radiolitoral.com\/ca\/wp-json\/wp\/v2\/media\/14838"}],"wp:attachment":[{"href":"https:\/\/radiolitoral.com\/ca\/wp-json\/wp\/v2\/media?parent=14837"}],"wp:term":[{"taxonomy":"category","embeddable":true,"href":"https:\/\/radiolitoral.com\/ca\/wp-json\/wp\/v2\/categories?post=14837"},{"taxonomy":"post_tag","embeddable":true,"href":"https:\/\/radiolitoral.com\/ca\/wp-json\/wp\/v2\/tags?post=14837"}],"curies":[{"name":"wp","href":"https:\/\/api.w.org\/{rel}","templated":true}]}}