{"id":14827,"date":"2025-02-06T11:01:40","date_gmt":"2025-02-06T10:01:40","guid":{"rendered":"https:\/\/radiolitoral.com\/?p=14827"},"modified":"2025-02-06T11:01:40","modified_gmt":"2025-02-06T10:01:40","slug":"imma-font-sense-musica-no-podriem-concebre-les-festes-un-dels-elements-mes-importants-de-les-celebracions-de-moros-i-cristians","status":"publish","type":"post","link":"https:\/\/radiolitoral.com\/ca\/2025\/02\/inma-font-sense-musica-no-podriem-concebre-les-festes-un-dels-elements-mes-importants-de-les-celebracions-de-moros-i-cristians\/","title":{"rendered":"Inma Font: \u201cSense m\u00fasica no podr\u00edem concebre les festes, un dels elements m\u00e9s importants de les celebracions de Moros i Cristians\u201d"},"content":{"rendered":"<p>La <strong>m\u00fasica<\/strong> \u00e9s part essencial de la festa, aix\u00ed ho han posat de manifest els nostres convidats al <strong>Primer Caf\u00e8<\/strong> de hui a R\u00e0dio Litoral. Aquesta mat\u00ed hem dedicat temps de r\u00e0dio al <strong>Concurs de Composici\u00f3 de Pasdoble Fester<\/strong> convocat per l&#039;<strong>Associaci\u00f3 de Moros i Cristians de Benissa<\/strong> i l&#039;Ajuntament de la localitat. Una convocat\u00f2ria emmarcada al <strong>50\u00e8 aniversari<\/strong> de l&#039;associaci\u00f3 que es commemora aquest 2025. El r<strong>egidor de Festes, Adri\u00e1n Cabrera,<\/strong> i la <strong>presidenta de l&#039;Associaci\u00f3 de MMiCC de Benissa, Imma Font<\/strong>, ens han explicat que el jurat ja ha triat les cinc obres finalistes que seran interpretades en un concert molt especial programat pel dia 29 de mar\u00e7.<\/p>\n<p>El Salt, Jubileu, Benissa est\u00e0 de Moda, Festa i Mar, i Iris s\u00f3n les obres finalistes, dentre les 23 composicions que es van presentar a aquesta convocat\u00f2ria. Tots competiran per uns premis que sumen un muntant total de 4.000 euros, a m\u00e9s tamb\u00e9 es concedir\u00e0 el Premi especial del P\u00fablic. Els espectadors que acudeixin al concert programat per al 29 de mar\u00e7 votaran per la composici\u00f3 que m\u00e9s els agradi. La Societat L\u00edrica i Musical de Benissa ser\u00e0 l&#039;encarregada d&#039;interpretar cada una de les peces seleccionades. Una convocat\u00f2ria que tindr\u00e0 lloc al Centre d\u00b4Art Taller d\u00b4Ivars i que descobrir\u00e0 el nom dels compositors guanyadors.<\/p>\n<p>L&#039;elecci\u00f3 de les obres finalistes ha estat una tasca que ha recaigut en un jurat, que ha comptat entre els seus components t\u00e8cnics, amb professionals de la m\u00fasica com V\u00edctor Vall\u00e8s, Rafael Mullor i Javier Santacreu.<\/p>\n<p>Aquesta convocat\u00f2ria \u00e9s una aposta per la cultura i la festa de Moros i Cristians de Benissa, segons ha remarcat Adri\u00e1n Cabrera. Una f\u00f3rmula que refor\u00e7a i d\u00f3na empenta a les festes, a Benissa, a la seva cultura i tradicions segons han destacat els nostres convidats.<\/p>\n<p>Podeu tornar a escortar l&#039;entrevista aqu\u00ed.<\/p>\n<audio class=\"wp-audio-shortcode\" id=\"audio-14827-1\" preload=\"none\" style=\"width: 100%;\" controls=\"controls\"><source type=\"audio\/mpeg\" src=\"https:\/\/media.radiolitoral.com\/wp-content\/uploads\/2025\/02\/06105613\/Primer-Cafe-Concurs-Pasdoble-MMiCC.mp3?_=1\" \/><a href=\"https:\/\/media.radiolitoral.com\/wp-content\/uploads\/2025\/02\/06105613\/Primer-Cafe-Concurs-Pasdoble-MMiCC.mp3\">https:\/\/media.radiolitoral.com\/wp-content\/uploads\/2025\/02\/06105613\/Primer-Cafe-Concurs-Pasdoble-MMiCC.mp3<\/a><\/audio>","protected":false},"excerpt":{"rendered":"<p>La m\u00fasica \u00e9s part essencial de la festa, aix\u00ed ho han posat de manifest els nostres convidats al Primer Caf\u00e9 de hui a R\u00e0dio Litoral. Aquest mat\u00ed hem dedicat temps de r\u00e0dio al Concurs de Composici\u00f3 de Pasdoble Fester convocat per l&#8217;Associaci\u00f3 de Moros i Cristians de Benissa i l&#8217;Ajuntament de la localitat. Una convocat\u00f2ria [&#8230;]<\/p>\n<p><a class=\"btn btn-secondary understrap-read-more-link\" href=\"https:\/\/radiolitoral.com\/ca\/2025\/02\/inma-font-sense-musica-no-podriem-concebre-les-festes-un-dels-elements-mes-importants-de-les-celebracions-de-moros-i-cristians\/\">Continua llegint&#8230;<span class=\"screen-reader-text\"> from Inma Font: \u201cSense m\u00fasica no podr\u00edem concebre les festes, un dels elements m\u00e9s importants de les celebracions de Moros i Cristians\u201d<\/span><\/a><\/p>\n","protected":false},"author":13,"featured_media":14829,"comment_status":"open","ping_status":"closed","sticky":false,"template":"","format":"standard","meta":{"_acf_changed":false,"inline_featured_image":false,"footnotes":""},"categories":[55,2753,276],"tags":[886,2841,3606,2840,1560,3607,2312],"class_list":["post-14827","post","type-post","status-publish","format-standard","has-post-thumbnail","hentry","category-cultura","category-entrevistas","category-fiestas","tag-adrian-cabrera","tag-associacio-moros-i-cristians-benissa","tag-concurs-composicio-pasdoble","tag-inma-font","tag-moros-i-cristians","tag-musica-festera","tag-primer-cafe","cobertura-benissa"],"acf":[],"yoast_head":"<!-- This site is optimized with the Yoast SEO plugin v27.5 - https:\/\/yoast.com\/product\/yoast-seo-wordpress\/ -->\n<title>Inma Font: \u201cSense m\u00fasica no podr\u00edem concebre les festes, un dels elements m\u00e9s importants de les celebracions de Moros i Cristians\u201d | R\u00e0dio Litoral<\/title>\n<meta name=\"description\" content=\"El 29 de mar\u00e7 tindr\u00e0 lloc el concert de les obres finalistes del Concurs de Composici\u00f3 de Pasdoble Fester de Benissa\" \/>\n<meta name=\"robots\" content=\"index, follow, max-snippet:-1, max-image-preview:large, max-video-preview:-1\" \/>\n<link rel=\"canonical\" href=\"https:\/\/radiolitoral.com\/ca\/2025\/02\/imma-font-sense-musica-no-podriem-concebre-les-festes-un-dels-elements-mes-importants-de-les-celebracions-de-moros-i-cristians\/\" \/>\n<meta property=\"og:locale\" content=\"ca_ES\" \/>\n<meta property=\"og:type\" content=\"article\" \/>\n<meta property=\"og:title\" content=\"Inma Font: \u201cSense m\u00fasica no podr\u00edem concebre les festes, un dels elements m\u00e9s importants de les celebracions de Moros i Cristians\u201d | R\u00e0dio Litoral\" \/>\n<meta property=\"og:description\" content=\"El 29 de mar\u00e7 tindr\u00e0 lloc el concert de les obres finalistes del Concurs de Composici\u00f3 de Pasdoble Fester de Benissa\" \/>\n<meta property=\"og:url\" content=\"https:\/\/radiolitoral.com\/ca\/2025\/02\/imma-font-sense-musica-no-podriem-concebre-les-festes-un-dels-elements-mes-importants-de-les-celebracions-de-moros-i-cristians\/\" \/>\n<meta property=\"og:site_name\" content=\"R\u00e0dio Litoral\" \/>\n<meta property=\"article:publisher\" content=\"https:\/\/www.facebook.com\/Laradiolitoral\/\" \/>\n<meta property=\"article:published_time\" content=\"2025-02-06T10:01:40+00:00\" \/>\n<meta property=\"og:image\" content=\"https:\/\/media.radiolitoral.com\/wp-content\/uploads\/2025\/02\/06105827\/Adrian-Cabrera-i-Inma-Font-Primer-Cafe.jpg\" \/>\n\t<meta property=\"og:image:width\" content=\"2000\" \/>\n\t<meta property=\"og:image:height\" content=\"1500\" \/>\n\t<meta property=\"og:image:type\" content=\"image\/jpeg\" \/>\n<meta name=\"author\" content=\"Redacci\u00f3n\" \/>\n<meta name=\"twitter:card\" content=\"summary_large_image\" \/>\n<meta name=\"twitter:label1\" content=\"Escrit per\" \/>\n\t<meta name=\"twitter:data1\" content=\"Redacci\u00f3n\" \/>\n\t<meta name=\"twitter:label2\" content=\"Temps estimat de lectura\" \/>\n\t<meta name=\"twitter:data2\" content=\"2 minuts\" \/>\n<script type=\"application\/ld+json\" class=\"yoast-schema-graph\">{\"@context\":\"https:\\\/\\\/schema.org\",\"@graph\":[{\"@type\":\"NewsArticle\",\"@id\":\"https:\\\/\\\/radiolitoral.com\\\/2025\\\/02\\\/inma-font-sense-musica-no-podriem-concebre-les-festes-un-dels-elements-mes-importants-de-les-celebracions-de-moros-i-cristians\\\/#article\",\"isPartOf\":{\"@id\":\"https:\\\/\\\/radiolitoral.com\\\/2025\\\/02\\\/inma-font-sense-musica-no-podriem-concebre-les-festes-un-dels-elements-mes-importants-de-les-celebracions-de-moros-i-cristians\\\/\"},\"author\":{\"name\":\"Redacci\u00f3n\",\"@id\":\"https:\\\/\\\/radiolitoral.com\\\/#\\\/schema\\\/person\\\/f2b2343c49b5d721857cc1002bfdb151\"},\"headline\":\"Inma Font: \u201cSense m\u00fasica no podr\u00edem concebre les festes, un dels elements m\u00e9s importants de les celebracions de Moros i Cristians\u201d\",\"datePublished\":\"2025-02-06T10:01:40+00:00\",\"mainEntityOfPage\":{\"@id\":\"https:\\\/\\\/radiolitoral.com\\\/2025\\\/02\\\/inma-font-sense-musica-no-podriem-concebre-les-festes-un-dels-elements-mes-importants-de-les-celebracions-de-moros-i-cristians\\\/\"},\"wordCount\":362,\"commentCount\":0,\"publisher\":{\"@id\":\"https:\\\/\\\/radiolitoral.com\\\/#organization\"},\"image\":{\"@id\":\"https:\\\/\\\/radiolitoral.com\\\/2025\\\/02\\\/inma-font-sense-musica-no-podriem-concebre-les-festes-un-dels-elements-mes-importants-de-les-celebracions-de-moros-i-cristians\\\/#primaryimage\"},\"thumbnailUrl\":\"https:\\\/\\\/media.radiolitoral.com\\\/wp-content\\\/uploads\\\/2025\\\/02\\\/06105827\\\/Adrian-Cabrera-i-Inma-Font-Primer-Cafe.jpg\",\"keywords\":[\"Adri\u00e1n Cabrera\",\"Associaci\u00f3 Moros i Cristians Benissa\",\"Concurs Composici\u00f3 Pasdoble\",\"Inma Font\",\"Moros i Cristians\",\"M\u00fasica festera\",\"Primer Caf\u00e9\"],\"articleSection\":[\"Cultura\",\"Entrevistas\",\"Fiestas\"],\"inLanguage\":\"ca\",\"potentialAction\":[{\"@type\":\"CommentAction\",\"name\":\"Comment\",\"target\":[\"https:\\\/\\\/radiolitoral.com\\\/2025\\\/02\\\/inma-font-sense-musica-no-podriem-concebre-les-festes-un-dels-elements-mes-importants-de-les-celebracions-de-moros-i-cristians\\\/#respond\"]}]},{\"@type\":[\"WebPage\",\"ItemPage\"],\"@id\":\"https:\\\/\\\/radiolitoral.com\\\/2025\\\/02\\\/inma-font-sense-musica-no-podriem-concebre-les-festes-un-dels-elements-mes-importants-de-les-celebracions-de-moros-i-cristians\\\/\",\"url\":\"https:\\\/\\\/radiolitoral.com\\\/2025\\\/02\\\/inma-font-sense-musica-no-podriem-concebre-les-festes-un-dels-elements-mes-importants-de-les-celebracions-de-moros-i-cristians\\\/\",\"name\":\"Inma Font: \u201cSense m\u00fasica no podr\u00edem concebre les festes, un dels elements m\u00e9s importants de les celebracions de Moros i Cristians\u201d | R\u00e0dio Litoral\",\"isPartOf\":{\"@id\":\"https:\\\/\\\/radiolitoral.com\\\/#website\"},\"primaryImageOfPage\":{\"@id\":\"https:\\\/\\\/radiolitoral.com\\\/2025\\\/02\\\/inma-font-sense-musica-no-podriem-concebre-les-festes-un-dels-elements-mes-importants-de-les-celebracions-de-moros-i-cristians\\\/#primaryimage\"},\"image\":{\"@id\":\"https:\\\/\\\/radiolitoral.com\\\/2025\\\/02\\\/inma-font-sense-musica-no-podriem-concebre-les-festes-un-dels-elements-mes-importants-de-les-celebracions-de-moros-i-cristians\\\/#primaryimage\"},\"thumbnailUrl\":\"https:\\\/\\\/media.radiolitoral.com\\\/wp-content\\\/uploads\\\/2025\\\/02\\\/06105827\\\/Adrian-Cabrera-i-Inma-Font-Primer-Cafe.jpg\",\"datePublished\":\"2025-02-06T10:01:40+00:00\",\"description\":\"El 29 de mar\u00e7 tindr\u00e0 lloc el concert de les obres finalistes del Concurs de Composici\u00f3 de Pasdoble Fester de Benissa\",\"breadcrumb\":{\"@id\":\"https:\\\/\\\/radiolitoral.com\\\/2025\\\/02\\\/inma-font-sense-musica-no-podriem-concebre-les-festes-un-dels-elements-mes-importants-de-les-celebracions-de-moros-i-cristians\\\/#breadcrumb\"},\"inLanguage\":\"ca\",\"potentialAction\":[{\"@type\":\"ReadAction\",\"target\":[\"https:\\\/\\\/radiolitoral.com\\\/2025\\\/02\\\/inma-font-sense-musica-no-podriem-concebre-les-festes-un-dels-elements-mes-importants-de-les-celebracions-de-moros-i-cristians\\\/\"]}]},{\"@type\":\"ImageObject\",\"inLanguage\":\"ca\",\"@id\":\"https:\\\/\\\/radiolitoral.com\\\/2025\\\/02\\\/inma-font-sense-musica-no-podriem-concebre-les-festes-un-dels-elements-mes-importants-de-les-celebracions-de-moros-i-cristians\\\/#primaryimage\",\"url\":\"https:\\\/\\\/media.radiolitoral.com\\\/wp-content\\\/uploads\\\/2025\\\/02\\\/06105827\\\/Adrian-Cabrera-i-Inma-Font-Primer-Cafe.jpg\",\"contentUrl\":\"https:\\\/\\\/media.radiolitoral.com\\\/wp-content\\\/uploads\\\/2025\\\/02\\\/06105827\\\/Adrian-Cabrera-i-Inma-Font-Primer-Cafe.jpg\",\"width\":2000,\"height\":1500},{\"@type\":\"BreadcrumbList\",\"@id\":\"https:\\\/\\\/radiolitoral.com\\\/2025\\\/02\\\/inma-font-sense-musica-no-podriem-concebre-les-festes-un-dels-elements-mes-importants-de-les-celebracions-de-moros-i-cristians\\\/#breadcrumb\",\"itemListElement\":[{\"@type\":\"ListItem\",\"position\":1,\"name\":\"Portada\",\"item\":\"https:\\\/\\\/radiolitoral.com\\\/\"},{\"@type\":\"ListItem\",\"position\":2,\"name\":\"Inma Font: \u201cSense m\u00fasica no podr\u00edem concebre les festes, un dels elements m\u00e9s importants de les celebracions de Moros i Cristians\u201d\"}]},{\"@type\":\"WebSite\",\"@id\":\"https:\\\/\\\/radiolitoral.com\\\/#website\",\"url\":\"https:\\\/\\\/radiolitoral.com\\\/\",\"name\":\"Radio Litoral\",\"description\":\"La radio local de la Marina Alta\",\"publisher\":{\"@id\":\"https:\\\/\\\/radiolitoral.com\\\/#organization\"},\"alternateName\":\"Litoral FM\",\"potentialAction\":[{\"@type\":\"SearchAction\",\"target\":{\"@type\":\"EntryPoint\",\"urlTemplate\":\"https:\\\/\\\/radiolitoral.com\\\/?s={search_term_string}\"},\"query-input\":{\"@type\":\"PropertyValueSpecification\",\"valueRequired\":true,\"valueName\":\"search_term_string\"}}],\"inLanguage\":\"ca\"},{\"@type\":\"Organization\",\"@id\":\"https:\\\/\\\/radiolitoral.com\\\/#organization\",\"name\":\"Radio Litoral\",\"url\":\"https:\\\/\\\/radiolitoral.com\\\/\",\"logo\":{\"@type\":\"ImageObject\",\"inLanguage\":\"ca\",\"@id\":\"https:\\\/\\\/radiolitoral.com\\\/#\\\/schema\\\/logo\\\/image\\\/\",\"url\":\"https:\\\/\\\/media.radiolitoral.com\\\/wp-content\\\/uploads\\\/2023\\\/02\\\/24143238\\\/CL-V-RadioLitoral696.png\",\"contentUrl\":\"https:\\\/\\\/media.radiolitoral.com\\\/wp-content\\\/uploads\\\/2023\\\/02\\\/24143238\\\/CL-V-RadioLitoral696.png\",\"width\":696,\"height\":696,\"caption\":\"Radio Litoral\"},\"image\":{\"@id\":\"https:\\\/\\\/radiolitoral.com\\\/#\\\/schema\\\/logo\\\/image\\\/\"},\"sameAs\":[\"https:\\\/\\\/www.facebook.com\\\/Laradiolitoral\\\/\"]},{\"@type\":\"Person\",\"@id\":\"https:\\\/\\\/radiolitoral.com\\\/#\\\/schema\\\/person\\\/f2b2343c49b5d721857cc1002bfdb151\",\"name\":\"Redacci\u00f3n\",\"image\":{\"@type\":\"ImageObject\",\"inLanguage\":\"ca\",\"@id\":\"https:\\\/\\\/secure.gravatar.com\\\/avatar\\\/f771d896c203ad8b3382d7905cfcce5a5c9b008b84b3cd9114e9b9f4cb63f789?s=96&d=mm&r=g\",\"url\":\"https:\\\/\\\/secure.gravatar.com\\\/avatar\\\/f771d896c203ad8b3382d7905cfcce5a5c9b008b84b3cd9114e9b9f4cb63f789?s=96&d=mm&r=g\",\"contentUrl\":\"https:\\\/\\\/secure.gravatar.com\\\/avatar\\\/f771d896c203ad8b3382d7905cfcce5a5c9b008b84b3cd9114e9b9f4cb63f789?s=96&d=mm&r=g\",\"caption\":\"Redacci\u00f3n\"},\"url\":\"https:\\\/\\\/radiolitoral.com\\\/ca\\\/author\\\/miriam-pagan\\\/\"}]}<\/script>\n<!-- \/ Yoast SEO plugin. -->","yoast_head_json":{"title":"Inma Font: \u201cSense m\u00fasica no podr\u00edem concebre les festes, un dels elements m\u00e9s importants de les celebracions de Moros i Cristians\u201d | R\u00e0dio Litoral","description":"El 29 de mar\u00e7 tindr\u00e0 lloc el concert de les obres finalistes del Concurs de Composici\u00f3 de Pasdoble Fester de Benissa","robots":{"index":"index","follow":"follow","max-snippet":"max-snippet:-1","max-image-preview":"max-image-preview:large","max-video-preview":"max-video-preview:-1"},"canonical":"https:\/\/radiolitoral.com\/ca\/2025\/02\/imma-font-sense-musica-no-podriem-concebre-les-festes-un-dels-elements-mes-importants-de-les-celebracions-de-moros-i-cristians\/","og_locale":"ca_ES","og_type":"article","og_title":"Inma Font: \u201cSense m\u00fasica no podr\u00edem concebre les festes, un dels elements m\u00e9s importants de les celebracions de Moros i Cristians\u201d | R\u00e0dio Litoral","og_description":"El 29 de mar\u00e7 tindr\u00e0 lloc el concert de les obres finalistes del Concurs de Composici\u00f3 de Pasdoble Fester de Benissa","og_url":"https:\/\/radiolitoral.com\/ca\/2025\/02\/imma-font-sense-musica-no-podriem-concebre-les-festes-un-dels-elements-mes-importants-de-les-celebracions-de-moros-i-cristians\/","og_site_name":"R\u00e0dio Litoral","article_publisher":"https:\/\/www.facebook.com\/Laradiolitoral\/","article_published_time":"2025-02-06T10:01:40+00:00","og_image":[{"width":2000,"height":1500,"url":"https:\/\/media.radiolitoral.com\/wp-content\/uploads\/2025\/02\/06105827\/Adrian-Cabrera-i-Inma-Font-Primer-Cafe.jpg","type":"image\/jpeg"}],"author":"Redacci\u00f3n","twitter_card":"summary_large_image","twitter_misc":{"Escrit per":"Redacci\u00f3n","Temps estimat de lectura":"2 minuts"},"schema":{"@context":"https:\/\/schema.org","@graph":[{"@type":"NewsArticle","@id":"https:\/\/radiolitoral.com\/2025\/02\/inma-font-sense-musica-no-podriem-concebre-les-festes-un-dels-elements-mes-importants-de-les-celebracions-de-moros-i-cristians\/#article","isPartOf":{"@id":"https:\/\/radiolitoral.com\/2025\/02\/inma-font-sense-musica-no-podriem-concebre-les-festes-un-dels-elements-mes-importants-de-les-celebracions-de-moros-i-cristians\/"},"author":{"name":"Redacci\u00f3n","@id":"https:\/\/radiolitoral.com\/#\/schema\/person\/f2b2343c49b5d721857cc1002bfdb151"},"headline":"Inma Font: \u201cSense m\u00fasica no podr\u00edem concebre les festes, un dels elements m\u00e9s importants de les celebracions de Moros i Cristians\u201d","datePublished":"2025-02-06T10:01:40+00:00","mainEntityOfPage":{"@id":"https:\/\/radiolitoral.com\/2025\/02\/inma-font-sense-musica-no-podriem-concebre-les-festes-un-dels-elements-mes-importants-de-les-celebracions-de-moros-i-cristians\/"},"wordCount":362,"commentCount":0,"publisher":{"@id":"https:\/\/radiolitoral.com\/#organization"},"image":{"@id":"https:\/\/radiolitoral.com\/2025\/02\/inma-font-sense-musica-no-podriem-concebre-les-festes-un-dels-elements-mes-importants-de-les-celebracions-de-moros-i-cristians\/#primaryimage"},"thumbnailUrl":"https:\/\/media.radiolitoral.com\/wp-content\/uploads\/2025\/02\/06105827\/Adrian-Cabrera-i-Inma-Font-Primer-Cafe.jpg","keywords":["Adri\u00e1n Cabrera","Associaci\u00f3 Moros i Cristians Benissa","Concurs Composici\u00f3 Pasdoble","Inma Font","Moros i Cristians","M\u00fasica festera","Primer Caf\u00e9"],"articleSection":["Cultura","Entrevistas","Fiestas"],"inLanguage":"ca","potentialAction":[{"@type":"CommentAction","name":"Comment","target":["https:\/\/radiolitoral.com\/2025\/02\/inma-font-sense-musica-no-podriem-concebre-les-festes-un-dels-elements-mes-importants-de-les-celebracions-de-moros-i-cristians\/#respond"]}]},{"@type":["WebPage","ItemPage"],"@id":"https:\/\/radiolitoral.com\/2025\/02\/inma-font-sense-musica-no-podriem-concebre-les-festes-un-dels-elements-mes-importants-de-les-celebracions-de-moros-i-cristians\/","url":"https:\/\/radiolitoral.com\/2025\/02\/inma-font-sense-musica-no-podriem-concebre-les-festes-un-dels-elements-mes-importants-de-les-celebracions-de-moros-i-cristians\/","name":"Inma Font: \u201cSense m\u00fasica no podr\u00edem concebre les festes, un dels elements m\u00e9s importants de les celebracions de Moros i Cristians\u201d | R\u00e0dio Litoral","isPartOf":{"@id":"https:\/\/radiolitoral.com\/#website"},"primaryImageOfPage":{"@id":"https:\/\/radiolitoral.com\/2025\/02\/inma-font-sense-musica-no-podriem-concebre-les-festes-un-dels-elements-mes-importants-de-les-celebracions-de-moros-i-cristians\/#primaryimage"},"image":{"@id":"https:\/\/radiolitoral.com\/2025\/02\/inma-font-sense-musica-no-podriem-concebre-les-festes-un-dels-elements-mes-importants-de-les-celebracions-de-moros-i-cristians\/#primaryimage"},"thumbnailUrl":"https:\/\/media.radiolitoral.com\/wp-content\/uploads\/2025\/02\/06105827\/Adrian-Cabrera-i-Inma-Font-Primer-Cafe.jpg","datePublished":"2025-02-06T10:01:40+00:00","description":"El 29 de mar\u00e7 tindr\u00e0 lloc el concert de les obres finalistes del Concurs de Composici\u00f3 de Pasdoble Fester de Benissa","breadcrumb":{"@id":"https:\/\/radiolitoral.com\/2025\/02\/inma-font-sense-musica-no-podriem-concebre-les-festes-un-dels-elements-mes-importants-de-les-celebracions-de-moros-i-cristians\/#breadcrumb"},"inLanguage":"ca","potentialAction":[{"@type":"ReadAction","target":["https:\/\/radiolitoral.com\/2025\/02\/inma-font-sense-musica-no-podriem-concebre-les-festes-un-dels-elements-mes-importants-de-les-celebracions-de-moros-i-cristians\/"]}]},{"@type":"ImageObject","inLanguage":"ca","@id":"https:\/\/radiolitoral.com\/2025\/02\/inma-font-sense-musica-no-podriem-concebre-les-festes-un-dels-elements-mes-importants-de-les-celebracions-de-moros-i-cristians\/#primaryimage","url":"https:\/\/media.radiolitoral.com\/wp-content\/uploads\/2025\/02\/06105827\/Adrian-Cabrera-i-Inma-Font-Primer-Cafe.jpg","contentUrl":"https:\/\/media.radiolitoral.com\/wp-content\/uploads\/2025\/02\/06105827\/Adrian-Cabrera-i-Inma-Font-Primer-Cafe.jpg","width":2000,"height":1500},{"@type":"BreadcrumbList","@id":"https:\/\/radiolitoral.com\/2025\/02\/inma-font-sense-musica-no-podriem-concebre-les-festes-un-dels-elements-mes-importants-de-les-celebracions-de-moros-i-cristians\/#breadcrumb","itemListElement":[{"@type":"ListItem","position":1,"name":"Portada","item":"https:\/\/radiolitoral.com\/"},{"@type":"ListItem","position":2,"name":"Inma Font: \u201cSense m\u00fasica no podr\u00edem concebre les festes, un dels elements m\u00e9s importants de les celebracions de Moros i Cristians\u201d"}]},{"@type":"WebSite","@id":"https:\/\/radiolitoral.com\/#website","url":"https:\/\/radiolitoral.com\/","name":"R\u00e0dio Litoral","description":"La r\u00e0dio local de la Marina Alta","publisher":{"@id":"https:\/\/radiolitoral.com\/#organization"},"alternateName":"Litoral FM","potentialAction":[{"@type":"SearchAction","target":{"@type":"EntryPoint","urlTemplate":"https:\/\/radiolitoral.com\/?s={search_term_string}"},"query-input":{"@type":"PropertyValueSpecification","valueRequired":true,"valueName":"search_term_string"}}],"inLanguage":"ca"},{"@type":"Organization","@id":"https:\/\/radiolitoral.com\/#organization","name":"R\u00e0dio Litoral","url":"https:\/\/radiolitoral.com\/","logo":{"@type":"ImageObject","inLanguage":"ca","@id":"https:\/\/radiolitoral.com\/#\/schema\/logo\/image\/","url":"https:\/\/media.radiolitoral.com\/wp-content\/uploads\/2023\/02\/24143238\/CL-V-RadioLitoral696.png","contentUrl":"https:\/\/media.radiolitoral.com\/wp-content\/uploads\/2023\/02\/24143238\/CL-V-RadioLitoral696.png","width":696,"height":696,"caption":"Radio Litoral"},"image":{"@id":"https:\/\/radiolitoral.com\/#\/schema\/logo\/image\/"},"sameAs":["https:\/\/www.facebook.com\/Laradiolitoral\/"]},{"@type":"Person","@id":"https:\/\/radiolitoral.com\/#\/schema\/person\/f2b2343c49b5d721857cc1002bfdb151","name":"Redacci\u00f3","image":{"@type":"ImageObject","inLanguage":"ca","@id":"https:\/\/secure.gravatar.com\/avatar\/f771d896c203ad8b3382d7905cfcce5a5c9b008b84b3cd9114e9b9f4cb63f789?s=96&d=mm&r=g","url":"https:\/\/secure.gravatar.com\/avatar\/f771d896c203ad8b3382d7905cfcce5a5c9b008b84b3cd9114e9b9f4cb63f789?s=96&d=mm&r=g","contentUrl":"https:\/\/secure.gravatar.com\/avatar\/f771d896c203ad8b3382d7905cfcce5a5c9b008b84b3cd9114e9b9f4cb63f789?s=96&d=mm&r=g","caption":"Redacci\u00f3n"},"url":"https:\/\/radiolitoral.com\/ca\/author\/miriam-pagan\/"}]}},"_links":{"self":[{"href":"https:\/\/radiolitoral.com\/ca\/wp-json\/wp\/v2\/posts\/14827","targetHints":{"allow":["GET"]}}],"collection":[{"href":"https:\/\/radiolitoral.com\/ca\/wp-json\/wp\/v2\/posts"}],"about":[{"href":"https:\/\/radiolitoral.com\/ca\/wp-json\/wp\/v2\/types\/post"}],"author":[{"embeddable":true,"href":"https:\/\/radiolitoral.com\/ca\/wp-json\/wp\/v2\/users\/13"}],"replies":[{"embeddable":true,"href":"https:\/\/radiolitoral.com\/ca\/wp-json\/wp\/v2\/comments?post=14827"}],"version-history":[{"count":3,"href":"https:\/\/radiolitoral.com\/ca\/wp-json\/wp\/v2\/posts\/14827\/revisions"}],"predecessor-version":[{"id":14832,"href":"https:\/\/radiolitoral.com\/ca\/wp-json\/wp\/v2\/posts\/14827\/revisions\/14832"}],"wp:featuredmedia":[{"embeddable":true,"href":"https:\/\/radiolitoral.com\/ca\/wp-json\/wp\/v2\/media\/14829"}],"wp:attachment":[{"href":"https:\/\/radiolitoral.com\/ca\/wp-json\/wp\/v2\/media?parent=14827"}],"wp:term":[{"taxonomy":"category","embeddable":true,"href":"https:\/\/radiolitoral.com\/ca\/wp-json\/wp\/v2\/categories?post=14827"},{"taxonomy":"post_tag","embeddable":true,"href":"https:\/\/radiolitoral.com\/ca\/wp-json\/wp\/v2\/tags?post=14827"}],"curies":[{"name":"wp","href":"https:\/\/api.w.org\/{rel}","templated":true}]}}