{"id":14805,"date":"2025-02-05T10:14:24","date_gmt":"2025-02-05T09:14:24","guid":{"rendered":"https:\/\/radiolitoral.com\/?p=14805"},"modified":"2025-02-05T10:14:24","modified_gmt":"2025-02-05T09:14:24","slug":"el-denia-bc-va-jugar-be-pero-va-perdre-davant-sercomosa-82-88","status":"publish","type":"post","link":"https:\/\/radiolitoral.com\/ca\/2025\/02\/el-denia-bc-va-jugar-be-pero-va-perdre-davant-sercomosa-82-88\/","title":{"rendered":"El D\u00e9nia BC va jugar b\u00e9 per\u00f2 va perdre davant de Sercomosa (82-88)"},"content":{"rendered":"<p>El <strong>D\u00e9nia BC<\/strong> va competir a un gran nivell, per\u00f2 no va poder evitar la derrota davant el\u00a0<strong><span class=\"hiddenSpellError\">Sercomosa<\/span>\u00a0Molina<\/strong> per <strong>82 a 88<\/strong> en un partit que va entusiasmar la nombrosa afici\u00f3 que vaig fer el <strong>va pavellar Joan Fuster<\/strong>.<\/p>\n<p>El primer quart va estar marcat per l&#039;encert ofensiu dels dos equips, que amb prou feines van poder evitar que les seves defensas frenessin els bons percentatges de tir. Els locals, amb transicions r\u00e0pides i un joc din\u00e0mic, van aconseguir anotar 25 punts i es van imposar al parcial per 25-20.<\/p>\n<p>Al segon quart, el\u00a0<span class=\"hiddenSpellError\">Sercomosa<\/span>\u00a0Molina va reaccionar amb l&#039;aportaci\u00f3 decisiva dels seus jugadors de banqueta. L&#039;equip visitant va equilibrar la faceta rebotejadora i va millorar en defensa, fet que li va permetre igualar el partit. El parcial del quart va ser de 19 a 24, arribant al descans amb un marcador de 44 a 44.<\/p>\n<p>Despr\u00e9s del pas per vestidors, el D\u00e9nia BC reprendr\u00e0 el control del joc i va treballar amb encert en defensa. Les p\u00e8rdues de pilota del\u00a0<span class=\"hiddenSpellError\">Sercomosa<\/span>\u00a0Molina van ser castigades pels locals, que es van dur el parcial del tercer quart per 16 a 15.<\/p>\n<p>Els darrers 10 minuts de partit van ser d&#039;un equilibri total fins que les forces dels deniers van comen\u00e7ar a minvar. El conjunt visitant, amb una aportaci\u00f3 brillant dels seus suplents, va saber aprofitar la recta final del duel per emportar-se la vict\u00f2ria per 82 a 88.<\/p>\n<p>Tot i la derrota, el D\u00e9nia BC va demostrar una gran capacitat competitiva davant d&#039;un rival exigent, deixant un bon gust de boca als aficionats que gaudiran d&#039;un partit emocionant.<\/p>\n<p><script src=\"chrome-extension:\/\/flbolonkboilcbnohjlchlfgdalomdpl\/iFrame.js\" type=\"text\/javascript\"><\/script><\/p>","protected":false},"excerpt":{"rendered":"<p>El D\u00e9nia BC va competir a un gran nivell, per\u00f2 no va poder evitar la derrota davant el\u00a0Sercomosa\u00a0Molina per 82 a 88 en un partit que va entusiasmar la nombrosa afici\u00f3 que ompl\u00ed el pavell\u00f3 Joan Fuster. El primer quart va estar marcat per l&#8217;encert ofensiu d&#8217;ambd\u00f3s equips, que amb prou feines van poder evitar [&#8230;]<\/p>\n<p><a class=\"btn btn-secondary understrap-read-more-link\" href=\"https:\/\/radiolitoral.com\/ca\/2025\/02\/el-denia-bc-va-jugar-be-pero-va-perdre-davant-sercomosa-82-88\/\">Continua llegint&#8230;<span class=\"screen-reader-text\"> from El D\u00e9nia BC va jugar b\u00e9 per\u00f2 va perdre davant Sercomosa (82-88)<\/span><\/a><\/p>\n","protected":false},"author":12,"featured_media":14806,"comment_status":"open","ping_status":"closed","sticky":false,"template":"","format":"standard","meta":{"_acf_changed":false,"inline_featured_image":false,"footnotes":""},"categories":[5],"tags":[1355,6,965,3593,3481],"class_list":["post-14805","post","type-post","status-publish","format-standard","has-post-thumbnail","hentry","category-deportes","tag-denia-bc","tag-deportes","tag-eduardo-clavero","tag-pavello-joan-fuster","tag-sercomosa-molina-basket","cobertura-denia"],"acf":[],"yoast_head":"<!-- This site is optimized with the Yoast SEO plugin v27.5 - https:\/\/yoast.com\/product\/yoast-seo-wordpress\/ -->\n<title>El D\u00e9nia BC va jugar b\u00e9 per\u00f2 va perdre davant Sercomosa (82-88) | R\u00e0dio Litoral<\/title>\n<meta name=\"description\" content=\"Els deniers van acusar l&#039;esfor\u00e7 i l&#039;eliminaci\u00f3 per faltes de Richard i Dani P\u00e9rez en el tram finalEls deniers van acusar l&#039;esfor\u00e7 i l&#039;eliminaci\u00f3 per faltes de Richard i Dani P\u00e9rez en el tram final\" \/>\n<meta name=\"robots\" content=\"index, follow, max-snippet:-1, max-image-preview:large, max-video-preview:-1\" \/>\n<link rel=\"canonical\" href=\"https:\/\/radiolitoral.com\/ca\/2025\/02\/el-denia-bc-va-jugar-be-pero-va-perdre-davant-sercomosa-82-88\/\" \/>\n<meta property=\"og:locale\" content=\"ca_ES\" \/>\n<meta property=\"og:type\" content=\"article\" \/>\n<meta property=\"og:title\" content=\"El D\u00e9nia BC va jugar b\u00e9 per\u00f2 va perdre davant Sercomosa (82-88) | R\u00e0dio Litoral\" \/>\n<meta property=\"og:description\" content=\"Els deniers van acusar l&#039;esfor\u00e7 i l&#039;eliminaci\u00f3 per faltes de Richard i Dani P\u00e9rez en el tram finalEls deniers van acusar l&#039;esfor\u00e7 i l&#039;eliminaci\u00f3 per faltes de Richard i Dani P\u00e9rez en el tram final\" \/>\n<meta property=\"og:url\" content=\"https:\/\/radiolitoral.com\/ca\/2025\/02\/el-denia-bc-va-jugar-be-pero-va-perdre-davant-sercomosa-82-88\/\" \/>\n<meta property=\"og:site_name\" content=\"R\u00e0dio Litoral\" \/>\n<meta property=\"article:publisher\" content=\"https:\/\/www.facebook.com\/Laradiolitoral\/\" \/>\n<meta property=\"article:published_time\" content=\"2025-02-05T09:14:24+00:00\" \/>\n<meta property=\"og:image\" content=\"https:\/\/media.radiolitoral.com\/wp-content\/uploads\/2025\/02\/05101329\/DBC-SUMA-BPM-LIGHTING.-TERCERA-FEB-2024-25-scaled.jpg\" \/>\n\t<meta property=\"og:image:width\" content=\"2560\" \/>\n\t<meta property=\"og:image:height\" content=\"1707\" \/>\n\t<meta property=\"og:image:type\" content=\"image\/jpeg\" \/>\n<meta name=\"author\" content=\"Javier Zamora\" \/>\n<meta name=\"twitter:card\" content=\"summary_large_image\" \/>\n<meta name=\"twitter:label1\" content=\"Escrit per\" \/>\n\t<meta name=\"twitter:data1\" content=\"Javier Zamora\" \/>\n\t<meta name=\"twitter:label2\" content=\"Temps estimat de lectura\" \/>\n\t<meta name=\"twitter:data2\" content=\"2 minuts\" \/>\n<script type=\"application\/ld+json\" class=\"yoast-schema-graph\">{\"@context\":\"https:\\\/\\\/schema.org\",\"@graph\":[{\"@type\":\"NewsArticle\",\"@id\":\"https:\\\/\\\/radiolitoral.com\\\/2025\\\/02\\\/el-denia-bc-va-jugar-be-pero-va-perdre-davant-sercomosa-82-88\\\/#article\",\"isPartOf\":{\"@id\":\"https:\\\/\\\/radiolitoral.com\\\/2025\\\/02\\\/el-denia-bc-va-jugar-be-pero-va-perdre-davant-sercomosa-82-88\\\/\"},\"author\":{\"name\":\"Javier Zamora\",\"@id\":\"https:\\\/\\\/radiolitoral.com\\\/#\\\/schema\\\/person\\\/7b1480b5caeb5acdd4ec6379caf62b22\"},\"headline\":\"El D\u00e9nia BC va jugar b\u00e9 per\u00f2 va perdre davant Sercomosa (82-88)\",\"datePublished\":\"2025-02-05T09:14:24+00:00\",\"mainEntityOfPage\":{\"@id\":\"https:\\\/\\\/radiolitoral.com\\\/2025\\\/02\\\/el-denia-bc-va-jugar-be-pero-va-perdre-davant-sercomosa-82-88\\\/\"},\"wordCount\":289,\"commentCount\":0,\"publisher\":{\"@id\":\"https:\\\/\\\/radiolitoral.com\\\/#organization\"},\"image\":{\"@id\":\"https:\\\/\\\/radiolitoral.com\\\/2025\\\/02\\\/el-denia-bc-va-jugar-be-pero-va-perdre-davant-sercomosa-82-88\\\/#primaryimage\"},\"thumbnailUrl\":\"https:\\\/\\\/media.radiolitoral.com\\\/wp-content\\\/uploads\\\/2025\\\/02\\\/05101329\\\/DBC-SUMA-BPM-LIGHTING.-TERCERA-FEB-2024-25-scaled.jpg\",\"keywords\":[\"D\u00e9nia BC\",\"deportes\",\"Eduardo Clavero\",\"pavell\u00f3 Joan Fuster\",\"SERCOMOSA Molina Basket\"],\"articleSection\":[\"Deportes\"],\"inLanguage\":\"ca\",\"potentialAction\":[{\"@type\":\"CommentAction\",\"name\":\"Comment\",\"target\":[\"https:\\\/\\\/radiolitoral.com\\\/2025\\\/02\\\/el-denia-bc-va-jugar-be-pero-va-perdre-davant-sercomosa-82-88\\\/#respond\"]}]},{\"@type\":[\"WebPage\",\"ItemPage\"],\"@id\":\"https:\\\/\\\/radiolitoral.com\\\/2025\\\/02\\\/el-denia-bc-va-jugar-be-pero-va-perdre-davant-sercomosa-82-88\\\/\",\"url\":\"https:\\\/\\\/radiolitoral.com\\\/2025\\\/02\\\/el-denia-bc-va-jugar-be-pero-va-perdre-davant-sercomosa-82-88\\\/\",\"name\":\"El D\u00e9nia BC va jugar b\u00e9 per\u00f2 va perdre davant Sercomosa (82-88) | R\u00e0dio Litoral\",\"isPartOf\":{\"@id\":\"https:\\\/\\\/radiolitoral.com\\\/#website\"},\"primaryImageOfPage\":{\"@id\":\"https:\\\/\\\/radiolitoral.com\\\/2025\\\/02\\\/el-denia-bc-va-jugar-be-pero-va-perdre-davant-sercomosa-82-88\\\/#primaryimage\"},\"image\":{\"@id\":\"https:\\\/\\\/radiolitoral.com\\\/2025\\\/02\\\/el-denia-bc-va-jugar-be-pero-va-perdre-davant-sercomosa-82-88\\\/#primaryimage\"},\"thumbnailUrl\":\"https:\\\/\\\/media.radiolitoral.com\\\/wp-content\\\/uploads\\\/2025\\\/02\\\/05101329\\\/DBC-SUMA-BPM-LIGHTING.-TERCERA-FEB-2024-25-scaled.jpg\",\"datePublished\":\"2025-02-05T09:14:24+00:00\",\"description\":\"Els deniers van acusar l'esfor\u00e7 i l'eliminaci\u00f3 per faltes de Richard i Dani P\u00e9rez en el tram finalEls deniers van acusar l'esfor\u00e7 i l'eliminaci\u00f3 per faltes de Richard i Dani P\u00e9rez en el tram final\",\"breadcrumb\":{\"@id\":\"https:\\\/\\\/radiolitoral.com\\\/2025\\\/02\\\/el-denia-bc-va-jugar-be-pero-va-perdre-davant-sercomosa-82-88\\\/#breadcrumb\"},\"inLanguage\":\"ca\",\"potentialAction\":[{\"@type\":\"ReadAction\",\"target\":[\"https:\\\/\\\/radiolitoral.com\\\/2025\\\/02\\\/el-denia-bc-va-jugar-be-pero-va-perdre-davant-sercomosa-82-88\\\/\"]}]},{\"@type\":\"ImageObject\",\"inLanguage\":\"ca\",\"@id\":\"https:\\\/\\\/radiolitoral.com\\\/2025\\\/02\\\/el-denia-bc-va-jugar-be-pero-va-perdre-davant-sercomosa-82-88\\\/#primaryimage\",\"url\":\"https:\\\/\\\/media.radiolitoral.com\\\/wp-content\\\/uploads\\\/2025\\\/02\\\/05101329\\\/DBC-SUMA-BPM-LIGHTING.-TERCERA-FEB-2024-25-scaled.jpg\",\"contentUrl\":\"https:\\\/\\\/media.radiolitoral.com\\\/wp-content\\\/uploads\\\/2025\\\/02\\\/05101329\\\/DBC-SUMA-BPM-LIGHTING.-TERCERA-FEB-2024-25-scaled.jpg\",\"width\":2560,\"height\":1707},{\"@type\":\"BreadcrumbList\",\"@id\":\"https:\\\/\\\/radiolitoral.com\\\/2025\\\/02\\\/el-denia-bc-va-jugar-be-pero-va-perdre-davant-sercomosa-82-88\\\/#breadcrumb\",\"itemListElement\":[{\"@type\":\"ListItem\",\"position\":1,\"name\":\"Portada\",\"item\":\"https:\\\/\\\/radiolitoral.com\\\/\"},{\"@type\":\"ListItem\",\"position\":2,\"name\":\"El D\u00e9nia BC va jugar b\u00e9 per\u00f2 va perdre davant Sercomosa (82-88)\"}]},{\"@type\":\"WebSite\",\"@id\":\"https:\\\/\\\/radiolitoral.com\\\/#website\",\"url\":\"https:\\\/\\\/radiolitoral.com\\\/\",\"name\":\"Radio Litoral\",\"description\":\"La radio local de la Marina Alta\",\"publisher\":{\"@id\":\"https:\\\/\\\/radiolitoral.com\\\/#organization\"},\"alternateName\":\"Litoral FM\",\"potentialAction\":[{\"@type\":\"SearchAction\",\"target\":{\"@type\":\"EntryPoint\",\"urlTemplate\":\"https:\\\/\\\/radiolitoral.com\\\/?s={search_term_string}\"},\"query-input\":{\"@type\":\"PropertyValueSpecification\",\"valueRequired\":true,\"valueName\":\"search_term_string\"}}],\"inLanguage\":\"ca\"},{\"@type\":\"Organization\",\"@id\":\"https:\\\/\\\/radiolitoral.com\\\/#organization\",\"name\":\"Radio Litoral\",\"url\":\"https:\\\/\\\/radiolitoral.com\\\/\",\"logo\":{\"@type\":\"ImageObject\",\"inLanguage\":\"ca\",\"@id\":\"https:\\\/\\\/radiolitoral.com\\\/#\\\/schema\\\/logo\\\/image\\\/\",\"url\":\"https:\\\/\\\/media.radiolitoral.com\\\/wp-content\\\/uploads\\\/2023\\\/02\\\/24143238\\\/CL-V-RadioLitoral696.png\",\"contentUrl\":\"https:\\\/\\\/media.radiolitoral.com\\\/wp-content\\\/uploads\\\/2023\\\/02\\\/24143238\\\/CL-V-RadioLitoral696.png\",\"width\":696,\"height\":696,\"caption\":\"Radio Litoral\"},\"image\":{\"@id\":\"https:\\\/\\\/radiolitoral.com\\\/#\\\/schema\\\/logo\\\/image\\\/\"},\"sameAs\":[\"https:\\\/\\\/www.facebook.com\\\/Laradiolitoral\\\/\"]},{\"@type\":\"Person\",\"@id\":\"https:\\\/\\\/radiolitoral.com\\\/#\\\/schema\\\/person\\\/7b1480b5caeb5acdd4ec6379caf62b22\",\"name\":\"Javier Zamora\",\"image\":{\"@type\":\"ImageObject\",\"inLanguage\":\"ca\",\"@id\":\"https:\\\/\\\/secure.gravatar.com\\\/avatar\\\/467a11f6918c7d619c4043fc6fa2d3853053107973f05b6e9c04ea6c4e3a7b3f?s=96&d=mm&r=g\",\"url\":\"https:\\\/\\\/secure.gravatar.com\\\/avatar\\\/467a11f6918c7d619c4043fc6fa2d3853053107973f05b6e9c04ea6c4e3a7b3f?s=96&d=mm&r=g\",\"contentUrl\":\"https:\\\/\\\/secure.gravatar.com\\\/avatar\\\/467a11f6918c7d619c4043fc6fa2d3853053107973f05b6e9c04ea6c4e3a7b3f?s=96&d=mm&r=g\",\"caption\":\"Javier Zamora\"},\"url\":\"https:\\\/\\\/radiolitoral.com\\\/ca\\\/author\\\/javier-zamora\\\/\"}]}<\/script>\n<!-- \/ Yoast SEO plugin. -->","yoast_head_json":{"title":"El D\u00e9nia BC va jugar b\u00e9 per\u00f2 va perdre davant de Sercomosa (82-88) | R\u00e0dio Litoral","description":"Els deniers acusaren l&#039;esfor\u00e7 i l&#039;eliminaci\u00f3 per faltes de Richard i Dani P\u00e9rez al tram final Els deniers acusaren l&#039;esfor\u00e7 i l&#039;eliminaci\u00f3 per falts de Richard i Dani P\u00e9rez al tram final","robots":{"index":"index","follow":"follow","max-snippet":"max-snippet:-1","max-image-preview":"max-image-preview:large","max-video-preview":"max-video-preview:-1"},"canonical":"https:\/\/radiolitoral.com\/ca\/2025\/02\/el-denia-bc-va-jugar-be-pero-va-perdre-davant-sercomosa-82-88\/","og_locale":"ca_ES","og_type":"article","og_title":"El D\u00e9nia BC va jugar b\u00e9 per\u00f2 va perdre davant Sercomosa (82-88) | R\u00e0dio Litoral","og_description":"Els deniers van acusar l'esfor\u00e7 i l'eliminaci\u00f3 per faltes de Richard i Dani P\u00e9rez en el tram finalEls deniers van acusar l'esfor\u00e7 i l'eliminaci\u00f3 per faltes de Richard i Dani P\u00e9rez en el tram final","og_url":"https:\/\/radiolitoral.com\/ca\/2025\/02\/el-denia-bc-va-jugar-be-pero-va-perdre-davant-sercomosa-82-88\/","og_site_name":"R\u00e0dio Litoral","article_publisher":"https:\/\/www.facebook.com\/Laradiolitoral\/","article_published_time":"2025-02-05T09:14:24+00:00","og_image":[{"width":2560,"height":1707,"url":"https:\/\/media.radiolitoral.com\/wp-content\/uploads\/2025\/02\/05101329\/DBC-SUMA-BPM-LIGHTING.-TERCERA-FEB-2024-25-scaled.jpg","type":"image\/jpeg"}],"author":"Javier Zamora","twitter_card":"summary_large_image","twitter_misc":{"Escrit per":"Javier Zamora","Temps estimat de lectura":"2 minuts"},"schema":{"@context":"https:\/\/schema.org","@graph":[{"@type":"NewsArticle","@id":"https:\/\/radiolitoral.com\/2025\/02\/el-denia-bc-va-jugar-be-pero-va-perdre-davant-sercomosa-82-88\/#article","isPartOf":{"@id":"https:\/\/radiolitoral.com\/2025\/02\/el-denia-bc-va-jugar-be-pero-va-perdre-davant-sercomosa-82-88\/"},"author":{"name":"Javier Zamora","@id":"https:\/\/radiolitoral.com\/#\/schema\/person\/7b1480b5caeb5acdd4ec6379caf62b22"},"headline":"El D\u00e9nia BC va jugar b\u00e9 per\u00f2 va perdre davant Sercomosa (82-88)","datePublished":"2025-02-05T09:14:24+00:00","mainEntityOfPage":{"@id":"https:\/\/radiolitoral.com\/2025\/02\/el-denia-bc-va-jugar-be-pero-va-perdre-davant-sercomosa-82-88\/"},"wordCount":289,"commentCount":0,"publisher":{"@id":"https:\/\/radiolitoral.com\/#organization"},"image":{"@id":"https:\/\/radiolitoral.com\/2025\/02\/el-denia-bc-va-jugar-be-pero-va-perdre-davant-sercomosa-82-88\/#primaryimage"},"thumbnailUrl":"https:\/\/media.radiolitoral.com\/wp-content\/uploads\/2025\/02\/05101329\/DBC-SUMA-BPM-LIGHTING.-TERCERA-FEB-2024-25-scaled.jpg","keywords":["D\u00e9nia BC","deportes","Eduardo Clavero","pavell\u00f3 Joan Fuster","SERCOMOSA Molina Basket"],"articleSection":["Deportes"],"inLanguage":"ca","potentialAction":[{"@type":"CommentAction","name":"Comment","target":["https:\/\/radiolitoral.com\/2025\/02\/el-denia-bc-va-jugar-be-pero-va-perdre-davant-sercomosa-82-88\/#respond"]}]},{"@type":["WebPage","ItemPage"],"@id":"https:\/\/radiolitoral.com\/2025\/02\/el-denia-bc-va-jugar-be-pero-va-perdre-davant-sercomosa-82-88\/","url":"https:\/\/radiolitoral.com\/2025\/02\/el-denia-bc-va-jugar-be-pero-va-perdre-davant-sercomosa-82-88\/","name":"El D\u00e9nia BC va jugar b\u00e9 per\u00f2 va perdre davant de Sercomosa (82-88) | R\u00e0dio Litoral","isPartOf":{"@id":"https:\/\/radiolitoral.com\/#website"},"primaryImageOfPage":{"@id":"https:\/\/radiolitoral.com\/2025\/02\/el-denia-bc-va-jugar-be-pero-va-perdre-davant-sercomosa-82-88\/#primaryimage"},"image":{"@id":"https:\/\/radiolitoral.com\/2025\/02\/el-denia-bc-va-jugar-be-pero-va-perdre-davant-sercomosa-82-88\/#primaryimage"},"thumbnailUrl":"https:\/\/media.radiolitoral.com\/wp-content\/uploads\/2025\/02\/05101329\/DBC-SUMA-BPM-LIGHTING.-TERCERA-FEB-2024-25-scaled.jpg","datePublished":"2025-02-05T09:14:24+00:00","description":"Els deniers acusaren l&#039;esfor\u00e7 i l&#039;eliminaci\u00f3 per faltes de Richard i Dani P\u00e9rez al tram final Els deniers acusaren l&#039;esfor\u00e7 i l&#039;eliminaci\u00f3 per falts de Richard i Dani P\u00e9rez al tram final","breadcrumb":{"@id":"https:\/\/radiolitoral.com\/2025\/02\/el-denia-bc-va-jugar-be-pero-va-perdre-davant-sercomosa-82-88\/#breadcrumb"},"inLanguage":"ca","potentialAction":[{"@type":"ReadAction","target":["https:\/\/radiolitoral.com\/2025\/02\/el-denia-bc-va-jugar-be-pero-va-perdre-davant-sercomosa-82-88\/"]}]},{"@type":"ImageObject","inLanguage":"ca","@id":"https:\/\/radiolitoral.com\/2025\/02\/el-denia-bc-va-jugar-be-pero-va-perdre-davant-sercomosa-82-88\/#primaryimage","url":"https:\/\/media.radiolitoral.com\/wp-content\/uploads\/2025\/02\/05101329\/DBC-SUMA-BPM-LIGHTING.-TERCERA-FEB-2024-25-scaled.jpg","contentUrl":"https:\/\/media.radiolitoral.com\/wp-content\/uploads\/2025\/02\/05101329\/DBC-SUMA-BPM-LIGHTING.-TERCERA-FEB-2024-25-scaled.jpg","width":2560,"height":1707},{"@type":"BreadcrumbList","@id":"https:\/\/radiolitoral.com\/2025\/02\/el-denia-bc-va-jugar-be-pero-va-perdre-davant-sercomosa-82-88\/#breadcrumb","itemListElement":[{"@type":"ListItem","position":1,"name":"Portada","item":"https:\/\/radiolitoral.com\/"},{"@type":"ListItem","position":2,"name":"El D\u00e9nia BC va jugar b\u00e9 per\u00f2 va perdre davant Sercomosa (82-88)"}]},{"@type":"WebSite","@id":"https:\/\/radiolitoral.com\/#website","url":"https:\/\/radiolitoral.com\/","name":"R\u00e0dio Litoral","description":"La r\u00e0dio local de la Marina Alta","publisher":{"@id":"https:\/\/radiolitoral.com\/#organization"},"alternateName":"Litoral FM","potentialAction":[{"@type":"SearchAction","target":{"@type":"EntryPoint","urlTemplate":"https:\/\/radiolitoral.com\/?s={search_term_string}"},"query-input":{"@type":"PropertyValueSpecification","valueRequired":true,"valueName":"search_term_string"}}],"inLanguage":"ca"},{"@type":"Organization","@id":"https:\/\/radiolitoral.com\/#organization","name":"R\u00e0dio Litoral","url":"https:\/\/radiolitoral.com\/","logo":{"@type":"ImageObject","inLanguage":"ca","@id":"https:\/\/radiolitoral.com\/#\/schema\/logo\/image\/","url":"https:\/\/media.radiolitoral.com\/wp-content\/uploads\/2023\/02\/24143238\/CL-V-RadioLitoral696.png","contentUrl":"https:\/\/media.radiolitoral.com\/wp-content\/uploads\/2023\/02\/24143238\/CL-V-RadioLitoral696.png","width":696,"height":696,"caption":"Radio Litoral"},"image":{"@id":"https:\/\/radiolitoral.com\/#\/schema\/logo\/image\/"},"sameAs":["https:\/\/www.facebook.com\/Laradiolitoral\/"]},{"@type":"Person","@id":"https:\/\/radiolitoral.com\/#\/schema\/person\/7b1480b5caeb5acdd4ec6379caf62b22","name":"Javier Zamora","image":{"@type":"ImageObject","inLanguage":"ca","@id":"https:\/\/secure.gravatar.com\/avatar\/467a11f6918c7d619c4043fc6fa2d3853053107973f05b6e9c04ea6c4e3a7b3f?s=96&d=mm&r=g","url":"https:\/\/secure.gravatar.com\/avatar\/467a11f6918c7d619c4043fc6fa2d3853053107973f05b6e9c04ea6c4e3a7b3f?s=96&d=mm&r=g","contentUrl":"https:\/\/secure.gravatar.com\/avatar\/467a11f6918c7d619c4043fc6fa2d3853053107973f05b6e9c04ea6c4e3a7b3f?s=96&d=mm&r=g","caption":"Javier Zamora"},"url":"https:\/\/radiolitoral.com\/ca\/author\/javier-zamora\/"}]}},"_links":{"self":[{"href":"https:\/\/radiolitoral.com\/ca\/wp-json\/wp\/v2\/posts\/14805","targetHints":{"allow":["GET"]}}],"collection":[{"href":"https:\/\/radiolitoral.com\/ca\/wp-json\/wp\/v2\/posts"}],"about":[{"href":"https:\/\/radiolitoral.com\/ca\/wp-json\/wp\/v2\/types\/post"}],"author":[{"embeddable":true,"href":"https:\/\/radiolitoral.com\/ca\/wp-json\/wp\/v2\/users\/12"}],"replies":[{"embeddable":true,"href":"https:\/\/radiolitoral.com\/ca\/wp-json\/wp\/v2\/comments?post=14805"}],"version-history":[{"count":1,"href":"https:\/\/radiolitoral.com\/ca\/wp-json\/wp\/v2\/posts\/14805\/revisions"}],"predecessor-version":[{"id":14807,"href":"https:\/\/radiolitoral.com\/ca\/wp-json\/wp\/v2\/posts\/14805\/revisions\/14807"}],"wp:featuredmedia":[{"embeddable":true,"href":"https:\/\/radiolitoral.com\/ca\/wp-json\/wp\/v2\/media\/14806"}],"wp:attachment":[{"href":"https:\/\/radiolitoral.com\/ca\/wp-json\/wp\/v2\/media?parent=14805"}],"wp:term":[{"taxonomy":"category","embeddable":true,"href":"https:\/\/radiolitoral.com\/ca\/wp-json\/wp\/v2\/categories?post=14805"},{"taxonomy":"post_tag","embeddable":true,"href":"https:\/\/radiolitoral.com\/ca\/wp-json\/wp\/v2\/tags?post=14805"}],"curies":[{"name":"wp","href":"https:\/\/api.w.org\/{rel}","templated":true}]}}