{"id":1479,"date":"2023-03-21T13:06:22","date_gmt":"2023-03-21T12:06:22","guid":{"rendered":"https:\/\/radiolitoral.com\/?p=1479"},"modified":"2023-03-21T13:08:42","modified_gmt":"2023-03-21T12:08:42","slug":"el-samu-estabilitza-un-treballador-despres-de-caure-duna-altura-de-3-metres-en-una-obra-en-xalo","status":"publish","type":"post","link":"https:\/\/radiolitoral.com\/ca\/2023\/03\/el-samu-estabiliza-a-un-trabajador-tras-caer-de-una-altura-de-3-metros-en-una-obra-en-xalo\/","title":{"rendered":"El SAMU estabilitza un treballador despr\u00e9s de caure d&#039;una altura de 3 metres en una obra a Xal\u00f3"},"content":{"rendered":"<p><strong>Un treballador va resultar ferit greu ahir despr\u00e9s de caure des d?uns 3 metres en una obra que s?executa en el cam\u00ed de la Cova Negra a Xal\u00f3. <\/strong>Va passar cap a les 13.30 hores, segons confirmen des del CICU. Al lloc dels fets es van despla\u00e7ar, mobilitzats pel Centre de Coordinaci\u00f3 d&#039;Urg\u00e8ncies, una unitat del SAMU i l&#039;helic\u00f2pter medicalitzat amb base a la prov\u00edncia. L&#039;equip m\u00e8dic<strong> va estabilitzar el ferit, de 42 anys, que va ser traslladat posteriorment amb helic\u00f2pter fins a l&#039;Hospital General Universitari d&#039;Alacant. <\/strong><\/p>","protected":false},"excerpt":{"rendered":"<p>Un trabajador result\u00f3 herido grave ayer tras caer desde unos 3 metros en una obra que se ejecuta en el camino de la Cueva Negra en Xal\u00f3. Ocurri\u00f3 sobre las 13.30 horas, seg\u00fan confirman desde el CICU. Al lugar de los hechos se desplazaron, movilizados por el Centro de Coordinaci\u00f3n de Urgencias, una unidad del [&#8230;]<\/p>\n<p><a class=\"btn btn-secondary understrap-read-more-link\" href=\"https:\/\/radiolitoral.com\/ca\/2023\/03\/el-samu-estabiliza-a-un-trabajador-tras-caer-de-una-altura-de-3-metros-en-una-obra-en-xalo\/\">Continua llegint&#8230;<span class=\"screen-reader-text\"> from El SAMU estabiliza a un trabajador tras caer de una altura de 3 metros en una obra en Xal\u00f3<\/span><\/a><\/p>\n","protected":false},"author":13,"featured_media":1480,"comment_status":"open","ping_status":"closed","sticky":false,"template":"","format":"standard","meta":{"_acf_changed":false,"inline_featured_image":false,"footnotes":""},"categories":[8],"tags":[272,273,133],"class_list":["post-1479","post","type-post","status-publish","format-standard","has-post-thumbnail","hentry","category-sucesos","tag-accidente-xalo","tag-obrero-xalo","tag-xalo","cobertura-xalo"],"acf":[],"yoast_head":"<!-- This site is optimized with the Yoast SEO plugin v27.5 - https:\/\/yoast.com\/product\/yoast-seo-wordpress\/ -->\n<title>El SAMU estabiliza a un trabajador tras caer de una altura de 3 metros en una obra en Xal\u00f3 | R\u00e0dio Litoral<\/title>\n<meta name=\"description\" content=\"El var\u00f3n de 42 a\u00f1os est\u00e1 grave\" \/>\n<meta name=\"robots\" content=\"index, follow, max-snippet:-1, max-image-preview:large, max-video-preview:-1\" \/>\n<link rel=\"canonical\" href=\"https:\/\/radiolitoral.com\/ca\/2023\/03\/el-samu-estabilitza-un-treballador-despres-de-caure-duna-altura-de-3-metres-en-una-obra-en-xalo\/\" \/>\n<meta property=\"og:locale\" content=\"ca_ES\" \/>\n<meta property=\"og:type\" content=\"article\" \/>\n<meta property=\"og:title\" content=\"El SAMU estabiliza a un trabajador tras caer de una altura de 3 metros en una obra en Xal\u00f3 | R\u00e0dio Litoral\" \/>\n<meta property=\"og:description\" content=\"El var\u00f3n de 42 a\u00f1os est\u00e1 grave\" \/>\n<meta property=\"og:url\" content=\"https:\/\/radiolitoral.com\/ca\/2023\/03\/el-samu-estabilitza-un-treballador-despres-de-caure-duna-altura-de-3-metres-en-una-obra-en-xalo\/\" \/>\n<meta property=\"og:site_name\" content=\"R\u00e0dio Litoral\" \/>\n<meta property=\"article:publisher\" content=\"https:\/\/www.facebook.com\/Laradiolitoral\/\" \/>\n<meta property=\"article:published_time\" content=\"2023-03-21T12:06:22+00:00\" \/>\n<meta property=\"article:modified_time\" content=\"2023-03-21T12:08:42+00:00\" \/>\n<meta property=\"og:image\" content=\"https:\/\/media.radiolitoral.com\/wp-content\/uploads\/2023\/03\/21130424\/helicoptero.webp\" \/>\n\t<meta property=\"og:image:width\" content=\"680\" \/>\n\t<meta property=\"og:image:height\" content=\"382\" \/>\n\t<meta property=\"og:image:type\" content=\"image\/webp\" \/>\n<meta name=\"author\" content=\"Redacci\u00f3n\" \/>\n<meta name=\"twitter:card\" content=\"summary_large_image\" \/>\n<meta name=\"twitter:label1\" content=\"Escrit per\" \/>\n\t<meta name=\"twitter:data1\" content=\"Redacci\u00f3n\" \/>\n\t<meta name=\"twitter:label2\" content=\"Temps estimat de lectura\" \/>\n\t<meta name=\"twitter:data2\" content=\"1 minut\" \/>\n<script type=\"application\/ld+json\" class=\"yoast-schema-graph\">{\"@context\":\"https:\\\/\\\/schema.org\",\"@graph\":[{\"@type\":\"NewsArticle\",\"@id\":\"https:\\\/\\\/radiolitoral.com\\\/2023\\\/03\\\/el-samu-estabiliza-a-un-trabajador-tras-caer-de-una-altura-de-3-metros-en-una-obra-en-xalo\\\/#article\",\"isPartOf\":{\"@id\":\"https:\\\/\\\/radiolitoral.com\\\/2023\\\/03\\\/el-samu-estabiliza-a-un-trabajador-tras-caer-de-una-altura-de-3-metros-en-una-obra-en-xalo\\\/\"},\"author\":{\"name\":\"Redacci\u00f3n\",\"@id\":\"https:\\\/\\\/radiolitoral.com\\\/#\\\/schema\\\/person\\\/f2b2343c49b5d721857cc1002bfdb151\"},\"headline\":\"El SAMU estabiliza a un trabajador tras caer de una altura de 3 metros en una obra en Xal\u00f3\",\"datePublished\":\"2023-03-21T12:06:22+00:00\",\"dateModified\":\"2023-03-21T12:08:42+00:00\",\"mainEntityOfPage\":{\"@id\":\"https:\\\/\\\/radiolitoral.com\\\/2023\\\/03\\\/el-samu-estabiliza-a-un-trabajador-tras-caer-de-una-altura-de-3-metros-en-una-obra-en-xalo\\\/\"},\"wordCount\":108,\"commentCount\":0,\"publisher\":{\"@id\":\"https:\\\/\\\/radiolitoral.com\\\/#organization\"},\"image\":{\"@id\":\"https:\\\/\\\/radiolitoral.com\\\/2023\\\/03\\\/el-samu-estabiliza-a-un-trabajador-tras-caer-de-una-altura-de-3-metros-en-una-obra-en-xalo\\\/#primaryimage\"},\"thumbnailUrl\":\"https:\\\/\\\/media.radiolitoral.com\\\/wp-content\\\/uploads\\\/2023\\\/03\\\/21130424\\\/helicoptero.webp\",\"keywords\":[\"accidente Xal\u00f3\",\"obrero Xal\u00f3\",\"Xal\u00f3\"],\"articleSection\":[\"Sucesos\"],\"inLanguage\":\"ca\",\"potentialAction\":[{\"@type\":\"CommentAction\",\"name\":\"Comment\",\"target\":[\"https:\\\/\\\/radiolitoral.com\\\/2023\\\/03\\\/el-samu-estabiliza-a-un-trabajador-tras-caer-de-una-altura-de-3-metros-en-una-obra-en-xalo\\\/#respond\"]}]},{\"@type\":[\"WebPage\",\"ItemPage\"],\"@id\":\"https:\\\/\\\/radiolitoral.com\\\/2023\\\/03\\\/el-samu-estabiliza-a-un-trabajador-tras-caer-de-una-altura-de-3-metros-en-una-obra-en-xalo\\\/\",\"url\":\"https:\\\/\\\/radiolitoral.com\\\/2023\\\/03\\\/el-samu-estabiliza-a-un-trabajador-tras-caer-de-una-altura-de-3-metros-en-una-obra-en-xalo\\\/\",\"name\":\"El SAMU estabiliza a un trabajador tras caer de una altura de 3 metros en una obra en Xal\u00f3 | R\u00e0dio Litoral\",\"isPartOf\":{\"@id\":\"https:\\\/\\\/radiolitoral.com\\\/#website\"},\"primaryImageOfPage\":{\"@id\":\"https:\\\/\\\/radiolitoral.com\\\/2023\\\/03\\\/el-samu-estabiliza-a-un-trabajador-tras-caer-de-una-altura-de-3-metros-en-una-obra-en-xalo\\\/#primaryimage\"},\"image\":{\"@id\":\"https:\\\/\\\/radiolitoral.com\\\/2023\\\/03\\\/el-samu-estabiliza-a-un-trabajador-tras-caer-de-una-altura-de-3-metros-en-una-obra-en-xalo\\\/#primaryimage\"},\"thumbnailUrl\":\"https:\\\/\\\/media.radiolitoral.com\\\/wp-content\\\/uploads\\\/2023\\\/03\\\/21130424\\\/helicoptero.webp\",\"datePublished\":\"2023-03-21T12:06:22+00:00\",\"dateModified\":\"2023-03-21T12:08:42+00:00\",\"description\":\"El var\u00f3n de 42 a\u00f1os est\u00e1 grave\",\"breadcrumb\":{\"@id\":\"https:\\\/\\\/radiolitoral.com\\\/2023\\\/03\\\/el-samu-estabiliza-a-un-trabajador-tras-caer-de-una-altura-de-3-metros-en-una-obra-en-xalo\\\/#breadcrumb\"},\"inLanguage\":\"ca\",\"potentialAction\":[{\"@type\":\"ReadAction\",\"target\":[\"https:\\\/\\\/radiolitoral.com\\\/2023\\\/03\\\/el-samu-estabiliza-a-un-trabajador-tras-caer-de-una-altura-de-3-metros-en-una-obra-en-xalo\\\/\"]}]},{\"@type\":\"ImageObject\",\"inLanguage\":\"ca\",\"@id\":\"https:\\\/\\\/radiolitoral.com\\\/2023\\\/03\\\/el-samu-estabiliza-a-un-trabajador-tras-caer-de-una-altura-de-3-metros-en-una-obra-en-xalo\\\/#primaryimage\",\"url\":\"https:\\\/\\\/media.radiolitoral.com\\\/wp-content\\\/uploads\\\/2023\\\/03\\\/21130424\\\/helicoptero.webp\",\"contentUrl\":\"https:\\\/\\\/media.radiolitoral.com\\\/wp-content\\\/uploads\\\/2023\\\/03\\\/21130424\\\/helicoptero.webp\",\"width\":680,\"height\":382},{\"@type\":\"BreadcrumbList\",\"@id\":\"https:\\\/\\\/radiolitoral.com\\\/2023\\\/03\\\/el-samu-estabiliza-a-un-trabajador-tras-caer-de-una-altura-de-3-metros-en-una-obra-en-xalo\\\/#breadcrumb\",\"itemListElement\":[{\"@type\":\"ListItem\",\"position\":1,\"name\":\"Portada\",\"item\":\"https:\\\/\\\/radiolitoral.com\\\/\"},{\"@type\":\"ListItem\",\"position\":2,\"name\":\"El SAMU estabiliza a un trabajador tras caer de una altura de 3 metros en una obra en Xal\u00f3\"}]},{\"@type\":\"WebSite\",\"@id\":\"https:\\\/\\\/radiolitoral.com\\\/#website\",\"url\":\"https:\\\/\\\/radiolitoral.com\\\/\",\"name\":\"Radio Litoral\",\"description\":\"La radio local de la Marina Alta\",\"publisher\":{\"@id\":\"https:\\\/\\\/radiolitoral.com\\\/#organization\"},\"alternateName\":\"Litoral FM\",\"potentialAction\":[{\"@type\":\"SearchAction\",\"target\":{\"@type\":\"EntryPoint\",\"urlTemplate\":\"https:\\\/\\\/radiolitoral.com\\\/?s={search_term_string}\"},\"query-input\":{\"@type\":\"PropertyValueSpecification\",\"valueRequired\":true,\"valueName\":\"search_term_string\"}}],\"inLanguage\":\"ca\"},{\"@type\":\"Organization\",\"@id\":\"https:\\\/\\\/radiolitoral.com\\\/#organization\",\"name\":\"Radio Litoral\",\"url\":\"https:\\\/\\\/radiolitoral.com\\\/\",\"logo\":{\"@type\":\"ImageObject\",\"inLanguage\":\"ca\",\"@id\":\"https:\\\/\\\/radiolitoral.com\\\/#\\\/schema\\\/logo\\\/image\\\/\",\"url\":\"https:\\\/\\\/media.radiolitoral.com\\\/wp-content\\\/uploads\\\/2023\\\/02\\\/24143238\\\/CL-V-RadioLitoral696.png\",\"contentUrl\":\"https:\\\/\\\/media.radiolitoral.com\\\/wp-content\\\/uploads\\\/2023\\\/02\\\/24143238\\\/CL-V-RadioLitoral696.png\",\"width\":696,\"height\":696,\"caption\":\"Radio Litoral\"},\"image\":{\"@id\":\"https:\\\/\\\/radiolitoral.com\\\/#\\\/schema\\\/logo\\\/image\\\/\"},\"sameAs\":[\"https:\\\/\\\/www.facebook.com\\\/Laradiolitoral\\\/\"]},{\"@type\":\"Person\",\"@id\":\"https:\\\/\\\/radiolitoral.com\\\/#\\\/schema\\\/person\\\/f2b2343c49b5d721857cc1002bfdb151\",\"name\":\"Redacci\u00f3n\",\"image\":{\"@type\":\"ImageObject\",\"inLanguage\":\"ca\",\"@id\":\"https:\\\/\\\/secure.gravatar.com\\\/avatar\\\/f771d896c203ad8b3382d7905cfcce5a5c9b008b84b3cd9114e9b9f4cb63f789?s=96&d=mm&r=g\",\"url\":\"https:\\\/\\\/secure.gravatar.com\\\/avatar\\\/f771d896c203ad8b3382d7905cfcce5a5c9b008b84b3cd9114e9b9f4cb63f789?s=96&d=mm&r=g\",\"contentUrl\":\"https:\\\/\\\/secure.gravatar.com\\\/avatar\\\/f771d896c203ad8b3382d7905cfcce5a5c9b008b84b3cd9114e9b9f4cb63f789?s=96&d=mm&r=g\",\"caption\":\"Redacci\u00f3n\"},\"url\":\"https:\\\/\\\/radiolitoral.com\\\/ca\\\/author\\\/miriam-pagan\\\/\"}]}<\/script>\n<!-- \/ Yoast SEO plugin. -->","yoast_head_json":{"title":"El SAMU estabilitza un treballador despr\u00e9s de caure una altura de 3 metres en una obra a Xal\u00f3 | R\u00e0dio Litoral","description":"L&#039;home de 42 anys \u00e9s greu","robots":{"index":"index","follow":"follow","max-snippet":"max-snippet:-1","max-image-preview":"max-image-preview:large","max-video-preview":"max-video-preview:-1"},"canonical":"https:\/\/radiolitoral.com\/ca\/2023\/03\/el-samu-estabilitza-un-treballador-despres-de-caure-duna-altura-de-3-metres-en-una-obra-en-xalo\/","og_locale":"ca_ES","og_type":"article","og_title":"El SAMU estabiliza a un trabajador tras caer de una altura de 3 metros en una obra en Xal\u00f3 | R\u00e0dio Litoral","og_description":"El var\u00f3n de 42 a\u00f1os est\u00e1 grave","og_url":"https:\/\/radiolitoral.com\/ca\/2023\/03\/el-samu-estabilitza-un-treballador-despres-de-caure-duna-altura-de-3-metres-en-una-obra-en-xalo\/","og_site_name":"R\u00e0dio Litoral","article_publisher":"https:\/\/www.facebook.com\/Laradiolitoral\/","article_published_time":"2023-03-21T12:06:22+00:00","article_modified_time":"2023-03-21T12:08:42+00:00","og_image":[{"width":680,"height":382,"url":"https:\/\/media.radiolitoral.com\/wp-content\/uploads\/2023\/03\/21130424\/helicoptero.webp","type":"image\/webp"}],"author":"Redacci\u00f3n","twitter_card":"summary_large_image","twitter_misc":{"Escrit per":"Redacci\u00f3n","Temps estimat de lectura":"1 minut"},"schema":{"@context":"https:\/\/schema.org","@graph":[{"@type":"NewsArticle","@id":"https:\/\/radiolitoral.com\/2023\/03\/el-samu-estabiliza-a-un-trabajador-tras-caer-de-una-altura-de-3-metros-en-una-obra-en-xalo\/#article","isPartOf":{"@id":"https:\/\/radiolitoral.com\/2023\/03\/el-samu-estabiliza-a-un-trabajador-tras-caer-de-una-altura-de-3-metros-en-una-obra-en-xalo\/"},"author":{"name":"Redacci\u00f3n","@id":"https:\/\/radiolitoral.com\/#\/schema\/person\/f2b2343c49b5d721857cc1002bfdb151"},"headline":"El SAMU estabiliza a un trabajador tras caer de una altura de 3 metros en una obra en Xal\u00f3","datePublished":"2023-03-21T12:06:22+00:00","dateModified":"2023-03-21T12:08:42+00:00","mainEntityOfPage":{"@id":"https:\/\/radiolitoral.com\/2023\/03\/el-samu-estabiliza-a-un-trabajador-tras-caer-de-una-altura-de-3-metros-en-una-obra-en-xalo\/"},"wordCount":108,"commentCount":0,"publisher":{"@id":"https:\/\/radiolitoral.com\/#organization"},"image":{"@id":"https:\/\/radiolitoral.com\/2023\/03\/el-samu-estabiliza-a-un-trabajador-tras-caer-de-una-altura-de-3-metros-en-una-obra-en-xalo\/#primaryimage"},"thumbnailUrl":"https:\/\/media.radiolitoral.com\/wp-content\/uploads\/2023\/03\/21130424\/helicoptero.webp","keywords":["accidente Xal\u00f3","obrero Xal\u00f3","Xal\u00f3"],"articleSection":["Sucesos"],"inLanguage":"ca","potentialAction":[{"@type":"CommentAction","name":"Comment","target":["https:\/\/radiolitoral.com\/2023\/03\/el-samu-estabiliza-a-un-trabajador-tras-caer-de-una-altura-de-3-metros-en-una-obra-en-xalo\/#respond"]}]},{"@type":["WebPage","ItemPage"],"@id":"https:\/\/radiolitoral.com\/2023\/03\/el-samu-estabiliza-a-un-trabajador-tras-caer-de-una-altura-de-3-metros-en-una-obra-en-xalo\/","url":"https:\/\/radiolitoral.com\/2023\/03\/el-samu-estabiliza-a-un-trabajador-tras-caer-de-una-altura-de-3-metros-en-una-obra-en-xalo\/","name":"El SAMU estabilitza un treballador despr\u00e9s de caure una altura de 3 metres en una obra a Xal\u00f3 | R\u00e0dio Litoral","isPartOf":{"@id":"https:\/\/radiolitoral.com\/#website"},"primaryImageOfPage":{"@id":"https:\/\/radiolitoral.com\/2023\/03\/el-samu-estabiliza-a-un-trabajador-tras-caer-de-una-altura-de-3-metros-en-una-obra-en-xalo\/#primaryimage"},"image":{"@id":"https:\/\/radiolitoral.com\/2023\/03\/el-samu-estabiliza-a-un-trabajador-tras-caer-de-una-altura-de-3-metros-en-una-obra-en-xalo\/#primaryimage"},"thumbnailUrl":"https:\/\/media.radiolitoral.com\/wp-content\/uploads\/2023\/03\/21130424\/helicoptero.webp","datePublished":"2023-03-21T12:06:22+00:00","dateModified":"2023-03-21T12:08:42+00:00","description":"L&#039;home de 42 anys \u00e9s greu","breadcrumb":{"@id":"https:\/\/radiolitoral.com\/2023\/03\/el-samu-estabiliza-a-un-trabajador-tras-caer-de-una-altura-de-3-metros-en-una-obra-en-xalo\/#breadcrumb"},"inLanguage":"ca","potentialAction":[{"@type":"ReadAction","target":["https:\/\/radiolitoral.com\/2023\/03\/el-samu-estabiliza-a-un-trabajador-tras-caer-de-una-altura-de-3-metros-en-una-obra-en-xalo\/"]}]},{"@type":"ImageObject","inLanguage":"ca","@id":"https:\/\/radiolitoral.com\/2023\/03\/el-samu-estabiliza-a-un-trabajador-tras-caer-de-una-altura-de-3-metros-en-una-obra-en-xalo\/#primaryimage","url":"https:\/\/media.radiolitoral.com\/wp-content\/uploads\/2023\/03\/21130424\/helicoptero.webp","contentUrl":"https:\/\/media.radiolitoral.com\/wp-content\/uploads\/2023\/03\/21130424\/helicoptero.webp","width":680,"height":382},{"@type":"BreadcrumbList","@id":"https:\/\/radiolitoral.com\/2023\/03\/el-samu-estabiliza-a-un-trabajador-tras-caer-de-una-altura-de-3-metros-en-una-obra-en-xalo\/#breadcrumb","itemListElement":[{"@type":"ListItem","position":1,"name":"Portada","item":"https:\/\/radiolitoral.com\/"},{"@type":"ListItem","position":2,"name":"El SAMU estabiliza a un trabajador tras caer de una altura de 3 metros en una obra en Xal\u00f3"}]},{"@type":"WebSite","@id":"https:\/\/radiolitoral.com\/#website","url":"https:\/\/radiolitoral.com\/","name":"R\u00e0dio Litoral","description":"La r\u00e0dio local de la Marina Alta","publisher":{"@id":"https:\/\/radiolitoral.com\/#organization"},"alternateName":"Litoral FM","potentialAction":[{"@type":"SearchAction","target":{"@type":"EntryPoint","urlTemplate":"https:\/\/radiolitoral.com\/?s={search_term_string}"},"query-input":{"@type":"PropertyValueSpecification","valueRequired":true,"valueName":"search_term_string"}}],"inLanguage":"ca"},{"@type":"Organization","@id":"https:\/\/radiolitoral.com\/#organization","name":"R\u00e0dio Litoral","url":"https:\/\/radiolitoral.com\/","logo":{"@type":"ImageObject","inLanguage":"ca","@id":"https:\/\/radiolitoral.com\/#\/schema\/logo\/image\/","url":"https:\/\/media.radiolitoral.com\/wp-content\/uploads\/2023\/02\/24143238\/CL-V-RadioLitoral696.png","contentUrl":"https:\/\/media.radiolitoral.com\/wp-content\/uploads\/2023\/02\/24143238\/CL-V-RadioLitoral696.png","width":696,"height":696,"caption":"Radio Litoral"},"image":{"@id":"https:\/\/radiolitoral.com\/#\/schema\/logo\/image\/"},"sameAs":["https:\/\/www.facebook.com\/Laradiolitoral\/"]},{"@type":"Person","@id":"https:\/\/radiolitoral.com\/#\/schema\/person\/f2b2343c49b5d721857cc1002bfdb151","name":"Redacci\u00f3","image":{"@type":"ImageObject","inLanguage":"ca","@id":"https:\/\/secure.gravatar.com\/avatar\/f771d896c203ad8b3382d7905cfcce5a5c9b008b84b3cd9114e9b9f4cb63f789?s=96&d=mm&r=g","url":"https:\/\/secure.gravatar.com\/avatar\/f771d896c203ad8b3382d7905cfcce5a5c9b008b84b3cd9114e9b9f4cb63f789?s=96&d=mm&r=g","contentUrl":"https:\/\/secure.gravatar.com\/avatar\/f771d896c203ad8b3382d7905cfcce5a5c9b008b84b3cd9114e9b9f4cb63f789?s=96&d=mm&r=g","caption":"Redacci\u00f3n"},"url":"https:\/\/radiolitoral.com\/ca\/author\/miriam-pagan\/"}]}},"_links":{"self":[{"href":"https:\/\/radiolitoral.com\/ca\/wp-json\/wp\/v2\/posts\/1479","targetHints":{"allow":["GET"]}}],"collection":[{"href":"https:\/\/radiolitoral.com\/ca\/wp-json\/wp\/v2\/posts"}],"about":[{"href":"https:\/\/radiolitoral.com\/ca\/wp-json\/wp\/v2\/types\/post"}],"author":[{"embeddable":true,"href":"https:\/\/radiolitoral.com\/ca\/wp-json\/wp\/v2\/users\/13"}],"replies":[{"embeddable":true,"href":"https:\/\/radiolitoral.com\/ca\/wp-json\/wp\/v2\/comments?post=1479"}],"version-history":[{"count":3,"href":"https:\/\/radiolitoral.com\/ca\/wp-json\/wp\/v2\/posts\/1479\/revisions"}],"predecessor-version":[{"id":1484,"href":"https:\/\/radiolitoral.com\/ca\/wp-json\/wp\/v2\/posts\/1479\/revisions\/1484"}],"wp:featuredmedia":[{"embeddable":true,"href":"https:\/\/radiolitoral.com\/ca\/wp-json\/wp\/v2\/media\/1480"}],"wp:attachment":[{"href":"https:\/\/radiolitoral.com\/ca\/wp-json\/wp\/v2\/media?parent=1479"}],"wp:term":[{"taxonomy":"category","embeddable":true,"href":"https:\/\/radiolitoral.com\/ca\/wp-json\/wp\/v2\/categories?post=1479"},{"taxonomy":"post_tag","embeddable":true,"href":"https:\/\/radiolitoral.com\/ca\/wp-json\/wp\/v2\/tags?post=1479"}],"curies":[{"name":"wp","href":"https:\/\/api.w.org\/{rel}","templated":true}]}}