{"id":14780,"date":"2025-02-05T10:06:56","date_gmt":"2025-02-05T09:06:56","guid":{"rendered":"https:\/\/radiolitoral.com\/?p=14780"},"modified":"2025-02-05T10:06:56","modified_gmt":"2025-02-05T09:06:56","slug":"victoria-i-lideratge-per-al-cb-ifach-calp","status":"publish","type":"post","link":"https:\/\/radiolitoral.com\/ca\/2025\/02\/victoria-i-lideratge-per-al-cb-ifach-calpe\/","title":{"rendered":"Vict\u00f2ria i lideratge per al CB Ifach Calpe"},"content":{"rendered":"<p>A la jornada 15, el\u00a0<strong><span class=\"hiddenSpellError\">CB<\/span>\u00a0<span class=\"hiddenSpellError\">Ifach<\/span>\u00a0<span class=\"hiddenSpellError\">Calp<\/span><\/strong>\u00a0afronti un altre despla\u00e7ament complicat davant un rival conegut per la seva intensitat i bon plantejament t\u00e0ctic. El\u00a0<span class=\"hiddenSpellError\">CB<\/span>\u00a0<span class=\"hiddenSpellError\">Ifach<\/span>\u00a0<span class=\"hiddenSpellError\">Calp<\/span>\u00a0va guanyar a la pista del\u00a0<strong><span class=\"hiddenSpellError\">CBC<\/span>\u00a0Campello<\/strong> per <strong>82 a 90<\/strong>. El conjunt calp\u00ed va entrar al partit amb gran concentraci\u00f3, exhibint una defensa s\u00f2lida i un gran encert en transici\u00f3. Aix\u00f2 li va permetre arribar al descans amb una clara ventaja de 37-54, tot i que el desgast f\u00edsic es va comen\u00e7ar a notar despr\u00e9s d&#039;haver jugat un altre partit tan sols dos dies abans.<\/p>\n<p>A la segona meitat, el\u00a0<span class=\"hiddenSpellError\">CBC<\/span>\u00a0Campello va ajustar la defensa amb una zona que va dificultar l&#039;atac visitant, aconseguint reduir la difer\u00e8ncia a nom\u00e9s 4 punts despr\u00e9s d&#039;un parcial de 27-15 al tercer quart. No obstant aix\u00f2, el\u00a0<span class=\"hiddenSpellError\">CB<\/span>\u00a0<span class=\"hiddenSpellError\">Ifach<\/span>\u00a0<span class=\"hiddenSpellError\">Calp<\/span> va mantenir la calma i el control a l&#039;\u00faltim per\u00edode, ampliant novament la seva ventaja fins als 12-14 punts finals, assegurant aix\u00ed una vict\u00f2ria crucial per a la classificaci\u00f3.<\/p>\n<h2>Lideratge per al\u00a0<span class=\"hiddenSpellError\">CB<\/span>\u00a0<span class=\"hiddenSpellError\">Ifach<\/span>\u00a0<span class=\"hiddenSpellError\">Calp<\/span><\/h2>\n<p>El gran cop de la jornada va arribar amb la derrota del\u00a0<strong><span class=\"hiddenSpellError\">CB<\/span>\u00a0La Vila<\/strong> per <strong>97 a 82<\/strong> a la pista del <strong>CA\u00a0<span class=\"hiddenSpellError\">Montemar<\/span><\/strong>, un resultat que permet al\u00a0<span class=\"hiddenSpellError\">CB<\/span>\u00a0<span class=\"hiddenSpellError\">Ifach<\/span>\u00a0<span class=\"hiddenSpellError\">Calp<\/span>\u00a0situar-se com a l\u00edder en solitari del Grup B amb 10 vict\u00f2ries, una m\u00e9s que els\u00a0<span class=\"hiddenSpellError\">vilers<\/span>, Elx i\u00a0<span class=\"hiddenSpellError\">Montemar<\/span>.<\/p>\n<p>Amb molta lliga encara per davant, els calpins guanyen confian\u00e7a i es consoliden com un dels ferms candidats a l&#039;ascens.\u00a0<span class=\"hiddenSuggestion\">Aquesta<\/span>\u00a0setmana, despr\u00e9s de dos despla\u00e7aments consecutius, el\u00a0<span class=\"hiddenSpellError\">CB<\/span>\u00a0<span class=\"hiddenSpellError\">Ifach<\/span>\u00a0<span class=\"hiddenSpellError\">Calp<\/span>\u00a0rebreu el\u00a0<strong><span class=\"hiddenSpellError\">CB<\/span>\u00a0Alginet<\/strong> al <strong>pavell\u00f3 Domingo Crespo<\/strong>.<\/p>\n<p>&nbsp;<\/p>\n<p><script src=\"chrome-extension:\/\/flbolonkboilcbnohjlchlfgdalomdpl\/iFrame.js\" type=\"text\/javascript\"><\/script><\/p>\n<p><script src=\"chrome-extension:\/\/flbolonkboilcbnohjlchlfgdalomdpl\/iFrame.js\" type=\"text\/javascript\"><\/script><\/p>","protected":false},"excerpt":{"rendered":"<p>En la jornada 15, el\u00a0CB\u00a0Ifach\u00a0Calpe\u00a0afronte\u00a0un altre despla\u00e7ament complicat davant un rival conegut per la seua intensitat i bon plantejament t\u00e0ctic. El\u00a0CB\u00a0Ifach\u00a0Calpe\u00a0va\u00a0guanyar\u00a0a la pista del\u00a0CBC\u00a0Campello per 82 a 90. El conjunt calp\u00ed va entrar al partit amb gran concentraci\u00f3, exhibint una defensa s\u00f2lida i un gran encert en transici\u00f3. Aix\u00f2 li va permetre arribar al descans [&#8230;]<\/p>\n<p><a class=\"btn btn-secondary understrap-read-more-link\" href=\"https:\/\/radiolitoral.com\/ca\/2025\/02\/victoria-i-lideratge-per-al-cb-ifach-calpe\/\">Continua llegint&#8230;<span class=\"screen-reader-text\"> from Victoria i lideratge per al CB Ifach Calpe<\/span><\/a><\/p>\n","protected":false},"author":12,"featured_media":14781,"comment_status":"open","ping_status":"closed","sticky":false,"template":"","format":"standard","meta":{"_acf_changed":false,"inline_featured_image":false,"footnotes":""},"categories":[5],"tags":[2411,1384,952,2410,1239,6,2150],"class_list":["post-14780","post","type-post","status-publish","format-standard","has-post-thumbnail","hentry","category-deportes","tag-ca-montemar","tag-cb-alginet","tag-cb-ifach-calpe","tag-cb-la-vila","tag-cbc-campello","tag-deportes","tag-pavello-domingo-crespo","cobertura-calp"],"acf":[],"yoast_head":"<!-- This site is optimized with the Yoast SEO plugin v27.5 - https:\/\/yoast.com\/product\/yoast-seo-wordpress\/ -->\n<title>Victoria i lideratge per al CB Ifach Calpe | R\u00e0dio Litoral<\/title>\n<meta name=\"description\" content=\"El conjunt entrenat per Kike Valle va v\u00e9ncer en la pista del CBC Campello per 82 a 90 El conjunt entrenat per Kike Valle va v\u00e9ncer en la pista del CBC Campello per 82 a 90\" \/>\n<meta name=\"robots\" content=\"index, follow, max-snippet:-1, max-image-preview:large, max-video-preview:-1\" \/>\n<link rel=\"canonical\" href=\"https:\/\/radiolitoral.com\/ca\/2025\/02\/victoria-i-lideratge-per-al-cb-ifach-calp\/\" \/>\n<meta property=\"og:locale\" content=\"ca_ES\" \/>\n<meta property=\"og:type\" content=\"article\" \/>\n<meta property=\"og:title\" content=\"Victoria i lideratge per al CB Ifach Calpe | R\u00e0dio Litoral\" \/>\n<meta property=\"og:description\" content=\"El conjunt entrenat per Kike Valle va v\u00e9ncer en la pista del CBC Campello per 82 a 90 El conjunt entrenat per Kike Valle va v\u00e9ncer en la pista del CBC Campello per 82 a 90\" \/>\n<meta property=\"og:url\" content=\"https:\/\/radiolitoral.com\/ca\/2025\/02\/victoria-i-lideratge-per-al-cb-ifach-calp\/\" \/>\n<meta property=\"og:site_name\" content=\"R\u00e0dio Litoral\" \/>\n<meta property=\"article:publisher\" content=\"https:\/\/www.facebook.com\/Laradiolitoral\/\" \/>\n<meta property=\"article:published_time\" content=\"2025-02-05T09:06:56+00:00\" \/>\n<meta property=\"og:image\" content=\"https:\/\/media.radiolitoral.com\/wp-content\/uploads\/2025\/02\/04101022\/474898184_1217419103156873_7480394432468616901_n.jpg\" \/>\n\t<meta property=\"og:image:width\" content=\"1497\" \/>\n\t<meta property=\"og:image:height\" content=\"998\" \/>\n\t<meta property=\"og:image:type\" content=\"image\/jpeg\" \/>\n<meta name=\"author\" content=\"Javier Zamora\" \/>\n<meta name=\"twitter:card\" content=\"summary_large_image\" \/>\n<meta name=\"twitter:label1\" content=\"Escrit per\" \/>\n\t<meta name=\"twitter:data1\" content=\"Javier Zamora\" \/>\n\t<meta name=\"twitter:label2\" content=\"Temps estimat de lectura\" \/>\n\t<meta name=\"twitter:data2\" content=\"2 minuts\" \/>\n<script type=\"application\/ld+json\" class=\"yoast-schema-graph\">{\"@context\":\"https:\\\/\\\/schema.org\",\"@graph\":[{\"@type\":\"NewsArticle\",\"@id\":\"https:\\\/\\\/radiolitoral.com\\\/2025\\\/02\\\/victoria-i-lideratge-per-al-cb-ifach-calpe\\\/#article\",\"isPartOf\":{\"@id\":\"https:\\\/\\\/radiolitoral.com\\\/2025\\\/02\\\/victoria-i-lideratge-per-al-cb-ifach-calpe\\\/\"},\"author\":{\"name\":\"Javier Zamora\",\"@id\":\"https:\\\/\\\/radiolitoral.com\\\/#\\\/schema\\\/person\\\/7b1480b5caeb5acdd4ec6379caf62b22\"},\"headline\":\"Victoria i lideratge per al CB Ifach Calpe\",\"datePublished\":\"2025-02-05T09:06:56+00:00\",\"mainEntityOfPage\":{\"@id\":\"https:\\\/\\\/radiolitoral.com\\\/2025\\\/02\\\/victoria-i-lideratge-per-al-cb-ifach-calpe\\\/\"},\"wordCount\":291,\"commentCount\":0,\"publisher\":{\"@id\":\"https:\\\/\\\/radiolitoral.com\\\/#organization\"},\"image\":{\"@id\":\"https:\\\/\\\/radiolitoral.com\\\/2025\\\/02\\\/victoria-i-lideratge-per-al-cb-ifach-calpe\\\/#primaryimage\"},\"thumbnailUrl\":\"https:\\\/\\\/media.radiolitoral.com\\\/wp-content\\\/uploads\\\/2025\\\/02\\\/04101022\\\/474898184_1217419103156873_7480394432468616901_n.jpg\",\"keywords\":[\"CA\u00a0Montemar\",\"CB Alginet\",\"CB Ifach Calpe\",\"CB\u00a0La Vila\",\"CBC Campello\",\"deportes\",\"Pavell\u00f3 Domingo Crespo\"],\"articleSection\":[\"Deportes\"],\"inLanguage\":\"ca\",\"potentialAction\":[{\"@type\":\"CommentAction\",\"name\":\"Comment\",\"target\":[\"https:\\\/\\\/radiolitoral.com\\\/2025\\\/02\\\/victoria-i-lideratge-per-al-cb-ifach-calpe\\\/#respond\"]}]},{\"@type\":[\"WebPage\",\"ItemPage\"],\"@id\":\"https:\\\/\\\/radiolitoral.com\\\/2025\\\/02\\\/victoria-i-lideratge-per-al-cb-ifach-calpe\\\/\",\"url\":\"https:\\\/\\\/radiolitoral.com\\\/2025\\\/02\\\/victoria-i-lideratge-per-al-cb-ifach-calpe\\\/\",\"name\":\"Victoria i lideratge per al CB Ifach Calpe | R\u00e0dio Litoral\",\"isPartOf\":{\"@id\":\"https:\\\/\\\/radiolitoral.com\\\/#website\"},\"primaryImageOfPage\":{\"@id\":\"https:\\\/\\\/radiolitoral.com\\\/2025\\\/02\\\/victoria-i-lideratge-per-al-cb-ifach-calpe\\\/#primaryimage\"},\"image\":{\"@id\":\"https:\\\/\\\/radiolitoral.com\\\/2025\\\/02\\\/victoria-i-lideratge-per-al-cb-ifach-calpe\\\/#primaryimage\"},\"thumbnailUrl\":\"https:\\\/\\\/media.radiolitoral.com\\\/wp-content\\\/uploads\\\/2025\\\/02\\\/04101022\\\/474898184_1217419103156873_7480394432468616901_n.jpg\",\"datePublished\":\"2025-02-05T09:06:56+00:00\",\"description\":\"El conjunt entrenat per Kike Valle va v\u00e9ncer en la pista del CBC Campello per 82 a 90 El conjunt entrenat per Kike Valle va v\u00e9ncer en la pista del CBC Campello per 82 a 90\",\"breadcrumb\":{\"@id\":\"https:\\\/\\\/radiolitoral.com\\\/2025\\\/02\\\/victoria-i-lideratge-per-al-cb-ifach-calpe\\\/#breadcrumb\"},\"inLanguage\":\"ca\",\"potentialAction\":[{\"@type\":\"ReadAction\",\"target\":[\"https:\\\/\\\/radiolitoral.com\\\/2025\\\/02\\\/victoria-i-lideratge-per-al-cb-ifach-calpe\\\/\"]}]},{\"@type\":\"ImageObject\",\"inLanguage\":\"ca\",\"@id\":\"https:\\\/\\\/radiolitoral.com\\\/2025\\\/02\\\/victoria-i-lideratge-per-al-cb-ifach-calpe\\\/#primaryimage\",\"url\":\"https:\\\/\\\/media.radiolitoral.com\\\/wp-content\\\/uploads\\\/2025\\\/02\\\/04101022\\\/474898184_1217419103156873_7480394432468616901_n.jpg\",\"contentUrl\":\"https:\\\/\\\/media.radiolitoral.com\\\/wp-content\\\/uploads\\\/2025\\\/02\\\/04101022\\\/474898184_1217419103156873_7480394432468616901_n.jpg\",\"width\":1497,\"height\":998},{\"@type\":\"BreadcrumbList\",\"@id\":\"https:\\\/\\\/radiolitoral.com\\\/2025\\\/02\\\/victoria-i-lideratge-per-al-cb-ifach-calpe\\\/#breadcrumb\",\"itemListElement\":[{\"@type\":\"ListItem\",\"position\":1,\"name\":\"Portada\",\"item\":\"https:\\\/\\\/radiolitoral.com\\\/\"},{\"@type\":\"ListItem\",\"position\":2,\"name\":\"Victoria i lideratge per al CB Ifach Calpe\"}]},{\"@type\":\"WebSite\",\"@id\":\"https:\\\/\\\/radiolitoral.com\\\/#website\",\"url\":\"https:\\\/\\\/radiolitoral.com\\\/\",\"name\":\"Radio Litoral\",\"description\":\"La radio local de la Marina Alta\",\"publisher\":{\"@id\":\"https:\\\/\\\/radiolitoral.com\\\/#organization\"},\"alternateName\":\"Litoral FM\",\"potentialAction\":[{\"@type\":\"SearchAction\",\"target\":{\"@type\":\"EntryPoint\",\"urlTemplate\":\"https:\\\/\\\/radiolitoral.com\\\/?s={search_term_string}\"},\"query-input\":{\"@type\":\"PropertyValueSpecification\",\"valueRequired\":true,\"valueName\":\"search_term_string\"}}],\"inLanguage\":\"ca\"},{\"@type\":\"Organization\",\"@id\":\"https:\\\/\\\/radiolitoral.com\\\/#organization\",\"name\":\"Radio Litoral\",\"url\":\"https:\\\/\\\/radiolitoral.com\\\/\",\"logo\":{\"@type\":\"ImageObject\",\"inLanguage\":\"ca\",\"@id\":\"https:\\\/\\\/radiolitoral.com\\\/#\\\/schema\\\/logo\\\/image\\\/\",\"url\":\"https:\\\/\\\/media.radiolitoral.com\\\/wp-content\\\/uploads\\\/2023\\\/02\\\/24143238\\\/CL-V-RadioLitoral696.png\",\"contentUrl\":\"https:\\\/\\\/media.radiolitoral.com\\\/wp-content\\\/uploads\\\/2023\\\/02\\\/24143238\\\/CL-V-RadioLitoral696.png\",\"width\":696,\"height\":696,\"caption\":\"Radio Litoral\"},\"image\":{\"@id\":\"https:\\\/\\\/radiolitoral.com\\\/#\\\/schema\\\/logo\\\/image\\\/\"},\"sameAs\":[\"https:\\\/\\\/www.facebook.com\\\/Laradiolitoral\\\/\"]},{\"@type\":\"Person\",\"@id\":\"https:\\\/\\\/radiolitoral.com\\\/#\\\/schema\\\/person\\\/7b1480b5caeb5acdd4ec6379caf62b22\",\"name\":\"Javier Zamora\",\"image\":{\"@type\":\"ImageObject\",\"inLanguage\":\"ca\",\"@id\":\"https:\\\/\\\/secure.gravatar.com\\\/avatar\\\/467a11f6918c7d619c4043fc6fa2d3853053107973f05b6e9c04ea6c4e3a7b3f?s=96&d=mm&r=g\",\"url\":\"https:\\\/\\\/secure.gravatar.com\\\/avatar\\\/467a11f6918c7d619c4043fc6fa2d3853053107973f05b6e9c04ea6c4e3a7b3f?s=96&d=mm&r=g\",\"contentUrl\":\"https:\\\/\\\/secure.gravatar.com\\\/avatar\\\/467a11f6918c7d619c4043fc6fa2d3853053107973f05b6e9c04ea6c4e3a7b3f?s=96&d=mm&r=g\",\"caption\":\"Javier Zamora\"},\"url\":\"https:\\\/\\\/radiolitoral.com\\\/ca\\\/author\\\/javier-zamora\\\/\"}]}<\/script>\n<!-- \/ Yoast SEO plugin. -->","yoast_head_json":{"title":"Vict\u00f2ria i lideratge per al CB Ifach Calpe | R\u00e0dio Litoral","description":"El conjunt entrenat per Kike Valle va v\u00e8ncer a la pista del CBC Campello per 82 a 90 El conjunt entrenat per Kike Valle va v\u00e8ncer a la pista del CBC Campello per 82 a 90","robots":{"index":"index","follow":"follow","max-snippet":"max-snippet:-1","max-image-preview":"max-image-preview:large","max-video-preview":"max-video-preview:-1"},"canonical":"https:\/\/radiolitoral.com\/ca\/2025\/02\/victoria-i-lideratge-per-al-cb-ifach-calp\/","og_locale":"ca_ES","og_type":"article","og_title":"Victoria i lideratge per al CB Ifach Calpe | R\u00e0dio Litoral","og_description":"El conjunt entrenat per Kike Valle va v\u00e9ncer en la pista del CBC Campello per 82 a 90 El conjunt entrenat per Kike Valle va v\u00e9ncer en la pista del CBC Campello per 82 a 90","og_url":"https:\/\/radiolitoral.com\/ca\/2025\/02\/victoria-i-lideratge-per-al-cb-ifach-calp\/","og_site_name":"R\u00e0dio Litoral","article_publisher":"https:\/\/www.facebook.com\/Laradiolitoral\/","article_published_time":"2025-02-05T09:06:56+00:00","og_image":[{"width":1497,"height":998,"url":"https:\/\/media.radiolitoral.com\/wp-content\/uploads\/2025\/02\/04101022\/474898184_1217419103156873_7480394432468616901_n.jpg","type":"image\/jpeg"}],"author":"Javier Zamora","twitter_card":"summary_large_image","twitter_misc":{"Escrit per":"Javier Zamora","Temps estimat de lectura":"2 minuts"},"schema":{"@context":"https:\/\/schema.org","@graph":[{"@type":"NewsArticle","@id":"https:\/\/radiolitoral.com\/2025\/02\/victoria-i-lideratge-per-al-cb-ifach-calpe\/#article","isPartOf":{"@id":"https:\/\/radiolitoral.com\/2025\/02\/victoria-i-lideratge-per-al-cb-ifach-calpe\/"},"author":{"name":"Javier Zamora","@id":"https:\/\/radiolitoral.com\/#\/schema\/person\/7b1480b5caeb5acdd4ec6379caf62b22"},"headline":"Victoria i lideratge per al CB Ifach Calpe","datePublished":"2025-02-05T09:06:56+00:00","mainEntityOfPage":{"@id":"https:\/\/radiolitoral.com\/2025\/02\/victoria-i-lideratge-per-al-cb-ifach-calpe\/"},"wordCount":291,"commentCount":0,"publisher":{"@id":"https:\/\/radiolitoral.com\/#organization"},"image":{"@id":"https:\/\/radiolitoral.com\/2025\/02\/victoria-i-lideratge-per-al-cb-ifach-calpe\/#primaryimage"},"thumbnailUrl":"https:\/\/media.radiolitoral.com\/wp-content\/uploads\/2025\/02\/04101022\/474898184_1217419103156873_7480394432468616901_n.jpg","keywords":["CA\u00a0Montemar","CB Alginet","CB Ifach Calpe","CB\u00a0La Vila","CBC Campello","deportes","Pavell\u00f3 Domingo Crespo"],"articleSection":["Deportes"],"inLanguage":"ca","potentialAction":[{"@type":"CommentAction","name":"Comment","target":["https:\/\/radiolitoral.com\/2025\/02\/victoria-i-lideratge-per-al-cb-ifach-calpe\/#respond"]}]},{"@type":["WebPage","ItemPage"],"@id":"https:\/\/radiolitoral.com\/2025\/02\/victoria-i-lideratge-per-al-cb-ifach-calpe\/","url":"https:\/\/radiolitoral.com\/2025\/02\/victoria-i-lideratge-per-al-cb-ifach-calpe\/","name":"Vict\u00f2ria i lideratge per al CB Ifach Calpe | R\u00e0dio Litoral","isPartOf":{"@id":"https:\/\/radiolitoral.com\/#website"},"primaryImageOfPage":{"@id":"https:\/\/radiolitoral.com\/2025\/02\/victoria-i-lideratge-per-al-cb-ifach-calpe\/#primaryimage"},"image":{"@id":"https:\/\/radiolitoral.com\/2025\/02\/victoria-i-lideratge-per-al-cb-ifach-calpe\/#primaryimage"},"thumbnailUrl":"https:\/\/media.radiolitoral.com\/wp-content\/uploads\/2025\/02\/04101022\/474898184_1217419103156873_7480394432468616901_n.jpg","datePublished":"2025-02-05T09:06:56+00:00","description":"El conjunt entrenat per Kike Valle va v\u00e8ncer a la pista del CBC Campello per 82 a 90 El conjunt entrenat per Kike Valle va v\u00e8ncer a la pista del CBC Campello per 82 a 90","breadcrumb":{"@id":"https:\/\/radiolitoral.com\/2025\/02\/victoria-i-lideratge-per-al-cb-ifach-calpe\/#breadcrumb"},"inLanguage":"ca","potentialAction":[{"@type":"ReadAction","target":["https:\/\/radiolitoral.com\/2025\/02\/victoria-i-lideratge-per-al-cb-ifach-calpe\/"]}]},{"@type":"ImageObject","inLanguage":"ca","@id":"https:\/\/radiolitoral.com\/2025\/02\/victoria-i-lideratge-per-al-cb-ifach-calpe\/#primaryimage","url":"https:\/\/media.radiolitoral.com\/wp-content\/uploads\/2025\/02\/04101022\/474898184_1217419103156873_7480394432468616901_n.jpg","contentUrl":"https:\/\/media.radiolitoral.com\/wp-content\/uploads\/2025\/02\/04101022\/474898184_1217419103156873_7480394432468616901_n.jpg","width":1497,"height":998},{"@type":"BreadcrumbList","@id":"https:\/\/radiolitoral.com\/2025\/02\/victoria-i-lideratge-per-al-cb-ifach-calpe\/#breadcrumb","itemListElement":[{"@type":"ListItem","position":1,"name":"Portada","item":"https:\/\/radiolitoral.com\/"},{"@type":"ListItem","position":2,"name":"Victoria i lideratge per al CB Ifach Calpe"}]},{"@type":"WebSite","@id":"https:\/\/radiolitoral.com\/#website","url":"https:\/\/radiolitoral.com\/","name":"R\u00e0dio Litoral","description":"La r\u00e0dio local de la Marina Alta","publisher":{"@id":"https:\/\/radiolitoral.com\/#organization"},"alternateName":"Litoral FM","potentialAction":[{"@type":"SearchAction","target":{"@type":"EntryPoint","urlTemplate":"https:\/\/radiolitoral.com\/?s={search_term_string}"},"query-input":{"@type":"PropertyValueSpecification","valueRequired":true,"valueName":"search_term_string"}}],"inLanguage":"ca"},{"@type":"Organization","@id":"https:\/\/radiolitoral.com\/#organization","name":"R\u00e0dio Litoral","url":"https:\/\/radiolitoral.com\/","logo":{"@type":"ImageObject","inLanguage":"ca","@id":"https:\/\/radiolitoral.com\/#\/schema\/logo\/image\/","url":"https:\/\/media.radiolitoral.com\/wp-content\/uploads\/2023\/02\/24143238\/CL-V-RadioLitoral696.png","contentUrl":"https:\/\/media.radiolitoral.com\/wp-content\/uploads\/2023\/02\/24143238\/CL-V-RadioLitoral696.png","width":696,"height":696,"caption":"Radio Litoral"},"image":{"@id":"https:\/\/radiolitoral.com\/#\/schema\/logo\/image\/"},"sameAs":["https:\/\/www.facebook.com\/Laradiolitoral\/"]},{"@type":"Person","@id":"https:\/\/radiolitoral.com\/#\/schema\/person\/7b1480b5caeb5acdd4ec6379caf62b22","name":"Javier Zamora","image":{"@type":"ImageObject","inLanguage":"ca","@id":"https:\/\/secure.gravatar.com\/avatar\/467a11f6918c7d619c4043fc6fa2d3853053107973f05b6e9c04ea6c4e3a7b3f?s=96&d=mm&r=g","url":"https:\/\/secure.gravatar.com\/avatar\/467a11f6918c7d619c4043fc6fa2d3853053107973f05b6e9c04ea6c4e3a7b3f?s=96&d=mm&r=g","contentUrl":"https:\/\/secure.gravatar.com\/avatar\/467a11f6918c7d619c4043fc6fa2d3853053107973f05b6e9c04ea6c4e3a7b3f?s=96&d=mm&r=g","caption":"Javier Zamora"},"url":"https:\/\/radiolitoral.com\/ca\/author\/javier-zamora\/"}]}},"_links":{"self":[{"href":"https:\/\/radiolitoral.com\/ca\/wp-json\/wp\/v2\/posts\/14780","targetHints":{"allow":["GET"]}}],"collection":[{"href":"https:\/\/radiolitoral.com\/ca\/wp-json\/wp\/v2\/posts"}],"about":[{"href":"https:\/\/radiolitoral.com\/ca\/wp-json\/wp\/v2\/types\/post"}],"author":[{"embeddable":true,"href":"https:\/\/radiolitoral.com\/ca\/wp-json\/wp\/v2\/users\/12"}],"replies":[{"embeddable":true,"href":"https:\/\/radiolitoral.com\/ca\/wp-json\/wp\/v2\/comments?post=14780"}],"version-history":[{"count":3,"href":"https:\/\/radiolitoral.com\/ca\/wp-json\/wp\/v2\/posts\/14780\/revisions"}],"predecessor-version":[{"id":14804,"href":"https:\/\/radiolitoral.com\/ca\/wp-json\/wp\/v2\/posts\/14780\/revisions\/14804"}],"wp:featuredmedia":[{"embeddable":true,"href":"https:\/\/radiolitoral.com\/ca\/wp-json\/wp\/v2\/media\/14781"}],"wp:attachment":[{"href":"https:\/\/radiolitoral.com\/ca\/wp-json\/wp\/v2\/media?parent=14780"}],"wp:term":[{"taxonomy":"category","embeddable":true,"href":"https:\/\/radiolitoral.com\/ca\/wp-json\/wp\/v2\/categories?post=14780"},{"taxonomy":"post_tag","embeddable":true,"href":"https:\/\/radiolitoral.com\/ca\/wp-json\/wp\/v2\/tags?post=14780"}],"curies":[{"name":"wp","href":"https:\/\/api.w.org\/{rel}","templated":true}]}}