{"id":14661,"date":"2025-01-29T10:09:36","date_gmt":"2025-01-29T09:09:36","guid":{"rendered":"https:\/\/radiolitoral.com\/?p=14661"},"modified":"2025-01-29T10:09:36","modified_gmt":"2025-01-29T09:09:36","slug":"el-cb-joventut-xabia-planta-cara-pero-cau-davant-el-cb-oliva-73-80","status":"publish","type":"post","link":"https:\/\/radiolitoral.com\/ca\/2025\/01\/el-cb-joventut-xabia-planta-cara-pero-cau-davant-el-cb-oliva-73-80\/","title":{"rendered":"El CB Joventut X\u00e0bia planta cara per\u00f2 cau davant del CB Oliva (73-80)"},"content":{"rendered":"<p data-pm-slice=\"1 1 []\">El <strong>CB Joventut X\u00e0bia<\/strong>, entrenat per <strong>\u00d3scar Majordom<\/strong>, no va aconseguir superar el <strong>CB Oliva<\/strong>, segon classificat de la lliga, en un partit disputat fins als darrers minuts. El resultat final, <strong>73-80<\/strong>, va evidenciar la superioritat visitant en moments clau, tot i l&#039;esfor\u00e7 i la lluita dels locals.<\/p>\n<p>El partit va comen\u00e7ar amb igualtat al marcador (9-9), per\u00f2 els locals van concedir moltes cistelles f\u00e0cils, fet que els visitants van aprofitar amb el seu joc r\u00e0pid i efectiu per tancar el primer quart amb un <strong>13-22<\/strong> favorable al CB Oliva.<\/p>\n<h4><strong>Els verdinegres reaccionen sense premi<\/strong><\/h4>\n<p>Al segon quart, els de X\u00e0bia van ajustar la seva defensa i van reduir les dist\u00e0ncies, arribant a col\u00b7locar-se a nom\u00e9s 4 punts (33-37). No obstant aix\u00f2, un parcial de <strong>0-7<\/strong> en els minuts finals del per\u00edode permetr\u00e0 als visitants ampliar la seva renda i arribar al descans amb una ventaja significativa de <strong>33-44<\/strong>.<\/p>\n<p>Amb la represa, el <strong>CB Joventut X\u00e0bia<\/strong> va licitar la intensitat defensiva i va retallar la difer\u00e8ncia en diverses ocasions. Tot i aix\u00f2, errors puntuals van impedir que els locals igualessin el marcador. El tercer quart es va tancar amb un <strong>49-58<\/strong>, deixant el partit obert per al tram final.<\/p>\n<h4><strong>Un final ajustat amb desenlla\u00e7 desfavorable<\/strong><\/h4>\n<p>El suport constant de l&#039;afici\u00f3 al pavell\u00f3 <strong>Miguel Buigues<\/strong> va esperonar els verdinegres, que es van posar a nom\u00e9s <strong>2 punts (67-69)<\/strong> quan quedaven 3 minuts pel final. Tot i aix\u00f2, tres cistelles f\u00e0cils dels visitants van ser determinants per trencar la din\u00e0mica local i assegurar el triomf del CB Oliva amb un marcador final de <strong>73-80<\/strong>.<\/p>\n<p>Amb un balance de <strong>7-5<\/strong> i ocupant la quinta posici\u00f3 a la classificaci\u00f3, el CB Joventut X\u00e0bia demostra que pot competir amb els millors equips de la lliga. La sensaci\u00f3 general \u00e9s que l&#039;equip t\u00e9 un gran potencial per continuar creixent i oferint grans partits a la segona part de la temporada.<\/p>\n<p><script src=\"chrome-extension:\/\/flbolonkboilcbnohjlchlfgdalomdpl\/iFrame.js\" type=\"text\/javascript\"><\/script><\/p>\n<p><script src=\"chrome-extension:\/\/flbolonkboilcbnohjlchlfgdalomdpl\/iFrame.js\" type=\"text\/javascript\"><\/script><\/p>","protected":false},"excerpt":{"rendered":"<p>El CB Joventut X\u00e0bia, entrenat per \u00d3scar Mayordomo, no va aconseguir superar el CB Oliva, segon classificat de la lliga, en un partit disputat fins als \u00faltims minuts. El resultat final, 73-80, va evidenciar la superioritat visitant en moments clau, tot i l\u2019esfor\u00e7 i la lluita dels locals. El partit va comen\u00e7ar amb igualtat al [&#8230;]<\/p>\n<p><a class=\"btn btn-secondary understrap-read-more-link\" href=\"https:\/\/radiolitoral.com\/ca\/2025\/01\/el-cb-joventut-xabia-planta-cara-pero-cau-davant-el-cb-oliva-73-80\/\">Continua llegint&#8230;<span class=\"screen-reader-text\"> from El CB Joventut X\u00e0bia planta cara per\u00f2 cau davant el CB Oliva (73-80)<\/span><\/a><\/p>\n","protected":false},"author":12,"featured_media":14662,"comment_status":"open","ping_status":"closed","sticky":false,"template":"","format":"standard","meta":{"_acf_changed":false,"inline_featured_image":false,"footnotes":""},"categories":[5],"tags":[1702,3505,6,3062,3506],"class_list":["post-14661","post","type-post","status-publish","format-standard","has-post-thumbnail","hentry","category-deportes","tag-cb-joventut-xabia","tag-cb-oliva","tag-deportes","tag-oscar-mayordomo","tag-pavello-miguel-buigues","cobertura-xabia"],"acf":[],"yoast_head":"<!-- This site is optimized with the Yoast SEO plugin v27.5 - https:\/\/yoast.com\/product\/yoast-seo-wordpress\/ -->\n<title>El CB Joventut X\u00e0bia planta cara per\u00f2 cau davant el CB Oliva (73-80) | R\u00e0dio Litoral<\/title>\n<meta name=\"description\" content=\"Lluita i intensitat sense recompensa davant el segon classificat de la lliga Lluita i intensitat sense recompensa davant el segon classificat de la lliga\" \/>\n<meta name=\"robots\" content=\"index, follow, max-snippet:-1, max-image-preview:large, max-video-preview:-1\" \/>\n<link rel=\"canonical\" href=\"https:\/\/radiolitoral.com\/ca\/2025\/01\/el-cb-joventut-xabia-planta-cara-pero-cau-davant-el-cb-oliva-73-80\/\" \/>\n<meta property=\"og:locale\" content=\"ca_ES\" \/>\n<meta property=\"og:type\" content=\"article\" \/>\n<meta property=\"og:title\" content=\"El CB Joventut X\u00e0bia planta cara per\u00f2 cau davant el CB Oliva (73-80) | R\u00e0dio Litoral\" \/>\n<meta property=\"og:description\" content=\"Lluita i intensitat sense recompensa davant el segon classificat de la lliga Lluita i intensitat sense recompensa davant el segon classificat de la lliga\" \/>\n<meta property=\"og:url\" content=\"https:\/\/radiolitoral.com\/ca\/2025\/01\/el-cb-joventut-xabia-planta-cara-pero-cau-davant-el-cb-oliva-73-80\/\" \/>\n<meta property=\"og:site_name\" content=\"R\u00e0dio Litoral\" \/>\n<meta property=\"article:publisher\" content=\"https:\/\/www.facebook.com\/Laradiolitoral\/\" \/>\n<meta property=\"article:published_time\" content=\"2025-01-29T09:09:36+00:00\" \/>\n<meta property=\"og:image\" content=\"https:\/\/media.radiolitoral.com\/wp-content\/uploads\/2025\/01\/28181355\/474712705_1122774586476242_2601484972376450531_n.jpg\" \/>\n\t<meta property=\"og:image:width\" content=\"1029\" \/>\n\t<meta property=\"og:image:height\" content=\"753\" \/>\n\t<meta property=\"og:image:type\" content=\"image\/jpeg\" \/>\n<meta name=\"author\" content=\"Javier Zamora\" \/>\n<meta name=\"twitter:card\" content=\"summary_large_image\" \/>\n<meta name=\"twitter:label1\" content=\"Escrit per\" \/>\n\t<meta name=\"twitter:data1\" content=\"Javier Zamora\" \/>\n\t<meta name=\"twitter:label2\" content=\"Temps estimat de lectura\" \/>\n\t<meta name=\"twitter:data2\" content=\"2 minuts\" \/>\n<script type=\"application\/ld+json\" class=\"yoast-schema-graph\">{\"@context\":\"https:\\\/\\\/schema.org\",\"@graph\":[{\"@type\":\"NewsArticle\",\"@id\":\"https:\\\/\\\/radiolitoral.com\\\/2025\\\/01\\\/el-cb-joventut-xabia-planta-cara-pero-cau-davant-el-cb-oliva-73-80\\\/#article\",\"isPartOf\":{\"@id\":\"https:\\\/\\\/radiolitoral.com\\\/2025\\\/01\\\/el-cb-joventut-xabia-planta-cara-pero-cau-davant-el-cb-oliva-73-80\\\/\"},\"author\":{\"name\":\"Javier Zamora\",\"@id\":\"https:\\\/\\\/radiolitoral.com\\\/#\\\/schema\\\/person\\\/7b1480b5caeb5acdd4ec6379caf62b22\"},\"headline\":\"El CB Joventut X\u00e0bia planta cara per\u00f2 cau davant el CB Oliva (73-80)\",\"datePublished\":\"2025-01-29T09:09:36+00:00\",\"mainEntityOfPage\":{\"@id\":\"https:\\\/\\\/radiolitoral.com\\\/2025\\\/01\\\/el-cb-joventut-xabia-planta-cara-pero-cau-davant-el-cb-oliva-73-80\\\/\"},\"wordCount\":345,\"commentCount\":0,\"publisher\":{\"@id\":\"https:\\\/\\\/radiolitoral.com\\\/#organization\"},\"image\":{\"@id\":\"https:\\\/\\\/radiolitoral.com\\\/2025\\\/01\\\/el-cb-joventut-xabia-planta-cara-pero-cau-davant-el-cb-oliva-73-80\\\/#primaryimage\"},\"thumbnailUrl\":\"https:\\\/\\\/media.radiolitoral.com\\\/wp-content\\\/uploads\\\/2025\\\/01\\\/28181355\\\/474712705_1122774586476242_2601484972376450531_n.jpg\",\"keywords\":[\"CB Joventut X\u00e0bia\",\"CB Oliva\",\"deportes\",\"\u00d3scar\u00a0Mayordomo\",\"pavell\u00f3 Miguel Buigues\"],\"articleSection\":[\"Deportes\"],\"inLanguage\":\"ca\",\"potentialAction\":[{\"@type\":\"CommentAction\",\"name\":\"Comment\",\"target\":[\"https:\\\/\\\/radiolitoral.com\\\/2025\\\/01\\\/el-cb-joventut-xabia-planta-cara-pero-cau-davant-el-cb-oliva-73-80\\\/#respond\"]}]},{\"@type\":[\"WebPage\",\"ItemPage\"],\"@id\":\"https:\\\/\\\/radiolitoral.com\\\/2025\\\/01\\\/el-cb-joventut-xabia-planta-cara-pero-cau-davant-el-cb-oliva-73-80\\\/\",\"url\":\"https:\\\/\\\/radiolitoral.com\\\/2025\\\/01\\\/el-cb-joventut-xabia-planta-cara-pero-cau-davant-el-cb-oliva-73-80\\\/\",\"name\":\"El CB Joventut X\u00e0bia planta cara per\u00f2 cau davant el CB Oliva (73-80) | R\u00e0dio Litoral\",\"isPartOf\":{\"@id\":\"https:\\\/\\\/radiolitoral.com\\\/#website\"},\"primaryImageOfPage\":{\"@id\":\"https:\\\/\\\/radiolitoral.com\\\/2025\\\/01\\\/el-cb-joventut-xabia-planta-cara-pero-cau-davant-el-cb-oliva-73-80\\\/#primaryimage\"},\"image\":{\"@id\":\"https:\\\/\\\/radiolitoral.com\\\/2025\\\/01\\\/el-cb-joventut-xabia-planta-cara-pero-cau-davant-el-cb-oliva-73-80\\\/#primaryimage\"},\"thumbnailUrl\":\"https:\\\/\\\/media.radiolitoral.com\\\/wp-content\\\/uploads\\\/2025\\\/01\\\/28181355\\\/474712705_1122774586476242_2601484972376450531_n.jpg\",\"datePublished\":\"2025-01-29T09:09:36+00:00\",\"description\":\"Lluita i intensitat sense recompensa davant el segon classificat de la lliga Lluita i intensitat sense recompensa davant el segon classificat de la lliga\",\"breadcrumb\":{\"@id\":\"https:\\\/\\\/radiolitoral.com\\\/2025\\\/01\\\/el-cb-joventut-xabia-planta-cara-pero-cau-davant-el-cb-oliva-73-80\\\/#breadcrumb\"},\"inLanguage\":\"ca\",\"potentialAction\":[{\"@type\":\"ReadAction\",\"target\":[\"https:\\\/\\\/radiolitoral.com\\\/2025\\\/01\\\/el-cb-joventut-xabia-planta-cara-pero-cau-davant-el-cb-oliva-73-80\\\/\"]}]},{\"@type\":\"ImageObject\",\"inLanguage\":\"ca\",\"@id\":\"https:\\\/\\\/radiolitoral.com\\\/2025\\\/01\\\/el-cb-joventut-xabia-planta-cara-pero-cau-davant-el-cb-oliva-73-80\\\/#primaryimage\",\"url\":\"https:\\\/\\\/media.radiolitoral.com\\\/wp-content\\\/uploads\\\/2025\\\/01\\\/28181355\\\/474712705_1122774586476242_2601484972376450531_n.jpg\",\"contentUrl\":\"https:\\\/\\\/media.radiolitoral.com\\\/wp-content\\\/uploads\\\/2025\\\/01\\\/28181355\\\/474712705_1122774586476242_2601484972376450531_n.jpg\",\"width\":1029,\"height\":753},{\"@type\":\"BreadcrumbList\",\"@id\":\"https:\\\/\\\/radiolitoral.com\\\/2025\\\/01\\\/el-cb-joventut-xabia-planta-cara-pero-cau-davant-el-cb-oliva-73-80\\\/#breadcrumb\",\"itemListElement\":[{\"@type\":\"ListItem\",\"position\":1,\"name\":\"Portada\",\"item\":\"https:\\\/\\\/radiolitoral.com\\\/\"},{\"@type\":\"ListItem\",\"position\":2,\"name\":\"El CB Joventut X\u00e0bia planta cara per\u00f2 cau davant el CB Oliva (73-80)\"}]},{\"@type\":\"WebSite\",\"@id\":\"https:\\\/\\\/radiolitoral.com\\\/#website\",\"url\":\"https:\\\/\\\/radiolitoral.com\\\/\",\"name\":\"Radio Litoral\",\"description\":\"La radio local de la Marina Alta\",\"publisher\":{\"@id\":\"https:\\\/\\\/radiolitoral.com\\\/#organization\"},\"alternateName\":\"Litoral FM\",\"potentialAction\":[{\"@type\":\"SearchAction\",\"target\":{\"@type\":\"EntryPoint\",\"urlTemplate\":\"https:\\\/\\\/radiolitoral.com\\\/?s={search_term_string}\"},\"query-input\":{\"@type\":\"PropertyValueSpecification\",\"valueRequired\":true,\"valueName\":\"search_term_string\"}}],\"inLanguage\":\"ca\"},{\"@type\":\"Organization\",\"@id\":\"https:\\\/\\\/radiolitoral.com\\\/#organization\",\"name\":\"Radio Litoral\",\"url\":\"https:\\\/\\\/radiolitoral.com\\\/\",\"logo\":{\"@type\":\"ImageObject\",\"inLanguage\":\"ca\",\"@id\":\"https:\\\/\\\/radiolitoral.com\\\/#\\\/schema\\\/logo\\\/image\\\/\",\"url\":\"https:\\\/\\\/media.radiolitoral.com\\\/wp-content\\\/uploads\\\/2023\\\/02\\\/24143238\\\/CL-V-RadioLitoral696.png\",\"contentUrl\":\"https:\\\/\\\/media.radiolitoral.com\\\/wp-content\\\/uploads\\\/2023\\\/02\\\/24143238\\\/CL-V-RadioLitoral696.png\",\"width\":696,\"height\":696,\"caption\":\"Radio Litoral\"},\"image\":{\"@id\":\"https:\\\/\\\/radiolitoral.com\\\/#\\\/schema\\\/logo\\\/image\\\/\"},\"sameAs\":[\"https:\\\/\\\/www.facebook.com\\\/Laradiolitoral\\\/\"]},{\"@type\":\"Person\",\"@id\":\"https:\\\/\\\/radiolitoral.com\\\/#\\\/schema\\\/person\\\/7b1480b5caeb5acdd4ec6379caf62b22\",\"name\":\"Javier Zamora\",\"image\":{\"@type\":\"ImageObject\",\"inLanguage\":\"ca\",\"@id\":\"https:\\\/\\\/secure.gravatar.com\\\/avatar\\\/467a11f6918c7d619c4043fc6fa2d3853053107973f05b6e9c04ea6c4e3a7b3f?s=96&d=mm&r=g\",\"url\":\"https:\\\/\\\/secure.gravatar.com\\\/avatar\\\/467a11f6918c7d619c4043fc6fa2d3853053107973f05b6e9c04ea6c4e3a7b3f?s=96&d=mm&r=g\",\"contentUrl\":\"https:\\\/\\\/secure.gravatar.com\\\/avatar\\\/467a11f6918c7d619c4043fc6fa2d3853053107973f05b6e9c04ea6c4e3a7b3f?s=96&d=mm&r=g\",\"caption\":\"Javier Zamora\"},\"url\":\"https:\\\/\\\/radiolitoral.com\\\/ca\\\/author\\\/javier-zamora\\\/\"}]}<\/script>\n<!-- \/ Yoast SEO plugin. -->","yoast_head_json":{"title":"El CB Joventut X\u00e0bia planta cara per\u00f2 cau davant del CB Oliva (73-80) | R\u00e0dio Litoral","description":"Lluita i intensitat sense recompensa davant el segon classificat de la lliga Lluita i intensitat sense recompensa davant el segon classificat de la lliga","robots":{"index":"index","follow":"follow","max-snippet":"max-snippet:-1","max-image-preview":"max-image-preview:large","max-video-preview":"max-video-preview:-1"},"canonical":"https:\/\/radiolitoral.com\/ca\/2025\/01\/el-cb-joventut-xabia-planta-cara-pero-cau-davant-el-cb-oliva-73-80\/","og_locale":"ca_ES","og_type":"article","og_title":"El CB Joventut X\u00e0bia planta cara per\u00f2 cau davant el CB Oliva (73-80) | R\u00e0dio Litoral","og_description":"Lluita i intensitat sense recompensa davant el segon classificat de la lliga Lluita i intensitat sense recompensa davant el segon classificat de la lliga","og_url":"https:\/\/radiolitoral.com\/ca\/2025\/01\/el-cb-joventut-xabia-planta-cara-pero-cau-davant-el-cb-oliva-73-80\/","og_site_name":"R\u00e0dio Litoral","article_publisher":"https:\/\/www.facebook.com\/Laradiolitoral\/","article_published_time":"2025-01-29T09:09:36+00:00","og_image":[{"width":1029,"height":753,"url":"https:\/\/media.radiolitoral.com\/wp-content\/uploads\/2025\/01\/28181355\/474712705_1122774586476242_2601484972376450531_n.jpg","type":"image\/jpeg"}],"author":"Javier Zamora","twitter_card":"summary_large_image","twitter_misc":{"Escrit per":"Javier Zamora","Temps estimat de lectura":"2 minuts"},"schema":{"@context":"https:\/\/schema.org","@graph":[{"@type":"NewsArticle","@id":"https:\/\/radiolitoral.com\/2025\/01\/el-cb-joventut-xabia-planta-cara-pero-cau-davant-el-cb-oliva-73-80\/#article","isPartOf":{"@id":"https:\/\/radiolitoral.com\/2025\/01\/el-cb-joventut-xabia-planta-cara-pero-cau-davant-el-cb-oliva-73-80\/"},"author":{"name":"Javier Zamora","@id":"https:\/\/radiolitoral.com\/#\/schema\/person\/7b1480b5caeb5acdd4ec6379caf62b22"},"headline":"El CB Joventut X\u00e0bia planta cara per\u00f2 cau davant el CB Oliva (73-80)","datePublished":"2025-01-29T09:09:36+00:00","mainEntityOfPage":{"@id":"https:\/\/radiolitoral.com\/2025\/01\/el-cb-joventut-xabia-planta-cara-pero-cau-davant-el-cb-oliva-73-80\/"},"wordCount":345,"commentCount":0,"publisher":{"@id":"https:\/\/radiolitoral.com\/#organization"},"image":{"@id":"https:\/\/radiolitoral.com\/2025\/01\/el-cb-joventut-xabia-planta-cara-pero-cau-davant-el-cb-oliva-73-80\/#primaryimage"},"thumbnailUrl":"https:\/\/media.radiolitoral.com\/wp-content\/uploads\/2025\/01\/28181355\/474712705_1122774586476242_2601484972376450531_n.jpg","keywords":["CB Joventut X\u00e0bia","CB Oliva","deportes","\u00d3scar\u00a0Mayordomo","pavell\u00f3 Miguel Buigues"],"articleSection":["Deportes"],"inLanguage":"ca","potentialAction":[{"@type":"CommentAction","name":"Comment","target":["https:\/\/radiolitoral.com\/2025\/01\/el-cb-joventut-xabia-planta-cara-pero-cau-davant-el-cb-oliva-73-80\/#respond"]}]},{"@type":["WebPage","ItemPage"],"@id":"https:\/\/radiolitoral.com\/2025\/01\/el-cb-joventut-xabia-planta-cara-pero-cau-davant-el-cb-oliva-73-80\/","url":"https:\/\/radiolitoral.com\/2025\/01\/el-cb-joventut-xabia-planta-cara-pero-cau-davant-el-cb-oliva-73-80\/","name":"El CB Joventut X\u00e0bia planta cara per\u00f2 cau davant del CB Oliva (73-80) | R\u00e0dio Litoral","isPartOf":{"@id":"https:\/\/radiolitoral.com\/#website"},"primaryImageOfPage":{"@id":"https:\/\/radiolitoral.com\/2025\/01\/el-cb-joventut-xabia-planta-cara-pero-cau-davant-el-cb-oliva-73-80\/#primaryimage"},"image":{"@id":"https:\/\/radiolitoral.com\/2025\/01\/el-cb-joventut-xabia-planta-cara-pero-cau-davant-el-cb-oliva-73-80\/#primaryimage"},"thumbnailUrl":"https:\/\/media.radiolitoral.com\/wp-content\/uploads\/2025\/01\/28181355\/474712705_1122774586476242_2601484972376450531_n.jpg","datePublished":"2025-01-29T09:09:36+00:00","description":"Lluita i intensitat sense recompensa davant el segon classificat de la lliga Lluita i intensitat sense recompensa davant el segon classificat de la lliga","breadcrumb":{"@id":"https:\/\/radiolitoral.com\/2025\/01\/el-cb-joventut-xabia-planta-cara-pero-cau-davant-el-cb-oliva-73-80\/#breadcrumb"},"inLanguage":"ca","potentialAction":[{"@type":"ReadAction","target":["https:\/\/radiolitoral.com\/2025\/01\/el-cb-joventut-xabia-planta-cara-pero-cau-davant-el-cb-oliva-73-80\/"]}]},{"@type":"ImageObject","inLanguage":"ca","@id":"https:\/\/radiolitoral.com\/2025\/01\/el-cb-joventut-xabia-planta-cara-pero-cau-davant-el-cb-oliva-73-80\/#primaryimage","url":"https:\/\/media.radiolitoral.com\/wp-content\/uploads\/2025\/01\/28181355\/474712705_1122774586476242_2601484972376450531_n.jpg","contentUrl":"https:\/\/media.radiolitoral.com\/wp-content\/uploads\/2025\/01\/28181355\/474712705_1122774586476242_2601484972376450531_n.jpg","width":1029,"height":753},{"@type":"BreadcrumbList","@id":"https:\/\/radiolitoral.com\/2025\/01\/el-cb-joventut-xabia-planta-cara-pero-cau-davant-el-cb-oliva-73-80\/#breadcrumb","itemListElement":[{"@type":"ListItem","position":1,"name":"Portada","item":"https:\/\/radiolitoral.com\/"},{"@type":"ListItem","position":2,"name":"El CB Joventut X\u00e0bia planta cara per\u00f2 cau davant el CB Oliva (73-80)"}]},{"@type":"WebSite","@id":"https:\/\/radiolitoral.com\/#website","url":"https:\/\/radiolitoral.com\/","name":"R\u00e0dio Litoral","description":"La r\u00e0dio local de la Marina Alta","publisher":{"@id":"https:\/\/radiolitoral.com\/#organization"},"alternateName":"Litoral FM","potentialAction":[{"@type":"SearchAction","target":{"@type":"EntryPoint","urlTemplate":"https:\/\/radiolitoral.com\/?s={search_term_string}"},"query-input":{"@type":"PropertyValueSpecification","valueRequired":true,"valueName":"search_term_string"}}],"inLanguage":"ca"},{"@type":"Organization","@id":"https:\/\/radiolitoral.com\/#organization","name":"R\u00e0dio Litoral","url":"https:\/\/radiolitoral.com\/","logo":{"@type":"ImageObject","inLanguage":"ca","@id":"https:\/\/radiolitoral.com\/#\/schema\/logo\/image\/","url":"https:\/\/media.radiolitoral.com\/wp-content\/uploads\/2023\/02\/24143238\/CL-V-RadioLitoral696.png","contentUrl":"https:\/\/media.radiolitoral.com\/wp-content\/uploads\/2023\/02\/24143238\/CL-V-RadioLitoral696.png","width":696,"height":696,"caption":"Radio Litoral"},"image":{"@id":"https:\/\/radiolitoral.com\/#\/schema\/logo\/image\/"},"sameAs":["https:\/\/www.facebook.com\/Laradiolitoral\/"]},{"@type":"Person","@id":"https:\/\/radiolitoral.com\/#\/schema\/person\/7b1480b5caeb5acdd4ec6379caf62b22","name":"Javier Zamora","image":{"@type":"ImageObject","inLanguage":"ca","@id":"https:\/\/secure.gravatar.com\/avatar\/467a11f6918c7d619c4043fc6fa2d3853053107973f05b6e9c04ea6c4e3a7b3f?s=96&d=mm&r=g","url":"https:\/\/secure.gravatar.com\/avatar\/467a11f6918c7d619c4043fc6fa2d3853053107973f05b6e9c04ea6c4e3a7b3f?s=96&d=mm&r=g","contentUrl":"https:\/\/secure.gravatar.com\/avatar\/467a11f6918c7d619c4043fc6fa2d3853053107973f05b6e9c04ea6c4e3a7b3f?s=96&d=mm&r=g","caption":"Javier Zamora"},"url":"https:\/\/radiolitoral.com\/ca\/author\/javier-zamora\/"}]}},"_links":{"self":[{"href":"https:\/\/radiolitoral.com\/ca\/wp-json\/wp\/v2\/posts\/14661","targetHints":{"allow":["GET"]}}],"collection":[{"href":"https:\/\/radiolitoral.com\/ca\/wp-json\/wp\/v2\/posts"}],"about":[{"href":"https:\/\/radiolitoral.com\/ca\/wp-json\/wp\/v2\/types\/post"}],"author":[{"embeddable":true,"href":"https:\/\/radiolitoral.com\/ca\/wp-json\/wp\/v2\/users\/12"}],"replies":[{"embeddable":true,"href":"https:\/\/radiolitoral.com\/ca\/wp-json\/wp\/v2\/comments?post=14661"}],"version-history":[{"count":3,"href":"https:\/\/radiolitoral.com\/ca\/wp-json\/wp\/v2\/posts\/14661\/revisions"}],"predecessor-version":[{"id":14668,"href":"https:\/\/radiolitoral.com\/ca\/wp-json\/wp\/v2\/posts\/14661\/revisions\/14668"}],"wp:featuredmedia":[{"embeddable":true,"href":"https:\/\/radiolitoral.com\/ca\/wp-json\/wp\/v2\/media\/14662"}],"wp:attachment":[{"href":"https:\/\/radiolitoral.com\/ca\/wp-json\/wp\/v2\/media?parent=14661"}],"wp:term":[{"taxonomy":"category","embeddable":true,"href":"https:\/\/radiolitoral.com\/ca\/wp-json\/wp\/v2\/categories?post=14661"},{"taxonomy":"post_tag","embeddable":true,"href":"https:\/\/radiolitoral.com\/ca\/wp-json\/wp\/v2\/tags?post=14661"}],"curies":[{"name":"wp","href":"https:\/\/api.w.org\/{rel}","templated":true}]}}