{"id":14651,"date":"2025-01-28T14:12:54","date_gmt":"2025-01-28T13:12:54","guid":{"rendered":"https:\/\/radiolitoral.com\/?p=14651"},"modified":"2025-01-28T14:12:54","modified_gmt":"2025-01-28T13:12:54","slug":"la-policia-local-i-proteccio-civil-salven-a-benitatxell-la-vida-dun-home-que-portava-dies-accidentats-a-sa-casa","status":"publish","type":"post","link":"https:\/\/radiolitoral.com\/ca\/2025\/01\/la-policia-local-i-proteccio-civil-salven-en-benitatxell-la-vida-dun-home-que-portava-dies-accidentat-a-sa-casa\/","title":{"rendered":"La Policia Local i Protecci\u00f3 Civil salven a Benitatxell la vida d&#039;un home que portava dies accidentats a casa"},"content":{"rendered":"<p>La d&#039;ahir per la vesprada va ser una<strong> actuaci\u00f3 heroica<\/strong>. Els <strong>cossos de Policia Local i Protecci\u00f3 Civil del Poble Nou de Benitatxell<\/strong> van <strong>salvar la vida d&#039;un home que portava dies accidentats<\/strong> al seu <strong>domicili<\/strong>.<\/p>\n<p>El <strong>vaig veure, de 83 anys i nacionalitat noruega<\/strong>, havia tingut un accident al seu dormitori i havia quedat<strong> imm\u00f2bil a terra sense poder al\u00e7ar-se<\/strong> per demanar ajuda.<\/p>\n<p><img loading=\"lazy\" decoding=\"async\" class=\"alignnone wp-image-14649 size-full\" src=\"https:\/\/media.radiolitoral.com\/wp-content\/uploads\/2025\/01\/28140705\/policia-local-Benitatxell-rescate-vecino-2.jpeg\" alt=\"\" width=\"900\" height=\"676\" srcset=\"https:\/\/media.radiolitoral.com\/wp-content\/uploads\/2025\/01\/28140705\/policia-local-Benitatxell-rescate-vecino-2.jpeg 900w, https:\/\/media.radiolitoral.com\/wp-content\/uploads\/2025\/01\/28140705\/policia-local-Benitatxell-rescate-vecino-2-300x225.jpeg 300w, https:\/\/media.radiolitoral.com\/wp-content\/uploads\/2025\/01\/28140705\/policia-local-Benitatxell-rescate-vecino-2-768x577.jpeg 768w, https:\/\/media.radiolitoral.com\/wp-content\/uploads\/2025\/01\/28140705\/policia-local-Benitatxell-rescate-vecino-2-16x12.jpeg 16w, https:\/\/media.radiolitoral.com\/wp-content\/uploads\/2025\/01\/28140705\/policia-local-Benitatxell-rescate-vecino-2-100x75.jpeg 100w, https:\/\/media.radiolitoral.com\/wp-content\/uploads\/2025\/01\/28140705\/policia-local-Benitatxell-rescate-vecino-2-200x150.jpeg 200w\" sizes=\"auto, (max-width: 900px) 100vw, 900px\" \/><\/p>\n<p>Va ser<strong> la seva filla qui, des del seu pa\u00eds d&#039;origen, va donar la veu d&#039;alarma<\/strong> a la Policia despr\u00e9s de portar dies sense poder contactar amb ell.<\/p>\n<p>Rebut l&#039;av\u00eds, els cossos de seguretat van intentar en repetides ocasions trucar a la porta sense \u00e8xit. Cap no obria ni contestava.<\/p>\n<p><strong>En no rebre resposta<\/strong>, i com a \u00faltim recurs, van decidir <strong>trencar una finestra i accedir-hi mitjan\u00e7ant una escala<\/strong>. Va ser llavors quan van veure un bra\u00e7 moure&#039;s a terra al costat del llit.<\/p>\n<p><img loading=\"lazy\" decoding=\"async\" class=\"alignnone wp-image-14647 size-full\" src=\"https:\/\/media.radiolitoral.com\/wp-content\/uploads\/2025\/01\/28140659\/policia-local-Benitatxell-rescate-vecino-1.jpeg\" alt=\"\" width=\"1083\" height=\"812\" srcset=\"https:\/\/media.radiolitoral.com\/wp-content\/uploads\/2025\/01\/28140659\/policia-local-Benitatxell-rescate-vecino-1.jpeg 1083w, https:\/\/media.radiolitoral.com\/wp-content\/uploads\/2025\/01\/28140659\/policia-local-Benitatxell-rescate-vecino-1-300x225.jpeg 300w, https:\/\/media.radiolitoral.com\/wp-content\/uploads\/2025\/01\/28140659\/policia-local-Benitatxell-rescate-vecino-1-1024x768.jpeg 1024w, https:\/\/media.radiolitoral.com\/wp-content\/uploads\/2025\/01\/28140659\/policia-local-Benitatxell-rescate-vecino-1-768x576.jpeg 768w, https:\/\/media.radiolitoral.com\/wp-content\/uploads\/2025\/01\/28140659\/policia-local-Benitatxell-rescate-vecino-1-16x12.jpeg 16w, https:\/\/media.radiolitoral.com\/wp-content\/uploads\/2025\/01\/28140659\/policia-local-Benitatxell-rescate-vecino-1-1000x750.jpeg 1000w, https:\/\/media.radiolitoral.com\/wp-content\/uploads\/2025\/01\/28140659\/policia-local-Benitatxell-rescate-vecino-1-100x75.jpeg 100w, https:\/\/media.radiolitoral.com\/wp-content\/uploads\/2025\/01\/28140659\/policia-local-Benitatxell-rescate-vecino-1-200x150.jpeg 200w\" sizes=\"auto, (max-width: 1083px) 100vw, 1083px\" \/><\/p>\n<p>L&#039;home \u00e9s trobava<strong> molt espantat, magolat i no podia parlar<\/strong>per\u00f2 gr\u00e0cies a l&#039;actuaci\u00f3 dels cossos de seguretat locals va poder salvar la seva vida.<\/p>\n<p>Una ambul\u00e0ncia de Suport Vital B\u00e0sic el va traslladar a l&#039;Hospital de D\u00e9nia, on actualment es recupera.<\/p>\n<p><img loading=\"lazy\" decoding=\"async\" class=\"alignnone wp-image-14650 size-full\" src=\"https:\/\/media.radiolitoral.com\/wp-content\/uploads\/2025\/01\/28140707\/policia-local-Benitatxell-rescate-vecino-3.jpeg\" alt=\"\" width=\"1536\" height=\"1152\" srcset=\"https:\/\/media.radiolitoral.com\/wp-content\/uploads\/2025\/01\/28140707\/policia-local-Benitatxell-rescate-vecino-3.jpeg 1536w, https:\/\/media.radiolitoral.com\/wp-content\/uploads\/2025\/01\/28140707\/policia-local-Benitatxell-rescate-vecino-3-300x225.jpeg 300w, https:\/\/media.radiolitoral.com\/wp-content\/uploads\/2025\/01\/28140707\/policia-local-Benitatxell-rescate-vecino-3-1024x768.jpeg 1024w, https:\/\/media.radiolitoral.com\/wp-content\/uploads\/2025\/01\/28140707\/policia-local-Benitatxell-rescate-vecino-3-768x576.jpeg 768w, https:\/\/media.radiolitoral.com\/wp-content\/uploads\/2025\/01\/28140707\/policia-local-Benitatxell-rescate-vecino-3-16x12.jpeg 16w, https:\/\/media.radiolitoral.com\/wp-content\/uploads\/2025\/01\/28140707\/policia-local-Benitatxell-rescate-vecino-3-1000x750.jpeg 1000w, https:\/\/media.radiolitoral.com\/wp-content\/uploads\/2025\/01\/28140707\/policia-local-Benitatxell-rescate-vecino-3-100x75.jpeg 100w, https:\/\/media.radiolitoral.com\/wp-content\/uploads\/2025\/01\/28140707\/policia-local-Benitatxell-rescate-vecino-3-200x150.jpeg 200w\" sizes=\"auto, (max-width: 1536px) 100vw, 1536px\" \/><\/p>","protected":false},"excerpt":{"rendered":"<p>La d&#8217;ahir per la vesprada va ser una actuaci\u00f3 heroica. Els cossos de Policia Local i Protecci\u00f3 Civil del Poble Nou de Benitatxell van salvar la vida d&#8217;un home que portava dies accidentat en el seu domicili. El ve\u00ed, de 83 anys i nacionalitat noruega, havia tingut un accident en el seu dormitori i havia [&#8230;]<\/p>\n<p><a class=\"btn btn-secondary understrap-read-more-link\" href=\"https:\/\/radiolitoral.com\/ca\/2025\/01\/la-policia-local-i-proteccio-civil-salven-en-benitatxell-la-vida-dun-home-que-portava-dies-accidentat-a-sa-casa\/\">Continua llegint&#8230;<span class=\"screen-reader-text\"> from La Policia Local i Protecci\u00f3 Civil salven en Benitatxell la vida d&#8217;un home que portava dies accidentat a sa casa<\/span><\/a><\/p>\n","protected":false},"author":13,"featured_media":14648,"comment_status":"open","ping_status":"closed","sticky":false,"template":"","format":"standard","meta":{"_acf_changed":false,"inline_featured_image":false,"footnotes":""},"categories":[8],"tags":[185,2099,3489,3490,1023],"class_list":["post-14651","post","type-post","status-publish","format-standard","has-post-thumbnail","hentry","category-sucesos","tag-el-poble-nou-de-benitatxell","tag-policia-local-benitatxell","tag-proteccion-civil-benitatxell","tag-rescate-en-domicilio","tag-sucesos","cobertura-poble-nou-de-benitatxell"],"acf":[],"yoast_head":"<!-- This site is optimized with the Yoast SEO plugin v27.5 - https:\/\/yoast.com\/product\/yoast-seo-wordpress\/ -->\n<title>La Policia Local i Protecci\u00f3 Civil salven en Benitatxell la vida d&#039;un home que portava dies accidentat a sa casa | R\u00e0dio Litoral<\/title>\n<meta name=\"description\" content=\"El ve\u00ed, de 83 anys i nacionalitat noruega, havia tingut un accident en el seu dormitori i havia quedat imm\u00f2bil El ve\u00ed, de 83 anys i nacionalitat noruega, havia tingut un accident en el seu dormitori i havia quedat imm\u00f2bil\" \/>\n<meta name=\"robots\" content=\"index, follow, max-snippet:-1, max-image-preview:large, max-video-preview:-1\" \/>\n<link rel=\"canonical\" href=\"https:\/\/radiolitoral.com\/ca\/2025\/01\/la-policia-local-i-proteccio-civil-salven-a-benitatxell-la-vida-dun-home-que-portava-dies-accidentats-a-sa-casa\/\" \/>\n<meta property=\"og:locale\" content=\"ca_ES\" \/>\n<meta property=\"og:type\" content=\"article\" \/>\n<meta property=\"og:title\" content=\"La Policia Local i Protecci\u00f3 Civil salven en Benitatxell la vida d&#039;un home que portava dies accidentat a sa casa | R\u00e0dio Litoral\" \/>\n<meta property=\"og:description\" content=\"El ve\u00ed, de 83 anys i nacionalitat noruega, havia tingut un accident en el seu dormitori i havia quedat imm\u00f2bil El ve\u00ed, de 83 anys i nacionalitat noruega, havia tingut un accident en el seu dormitori i havia quedat imm\u00f2bil\" \/>\n<meta property=\"og:url\" content=\"https:\/\/radiolitoral.com\/ca\/2025\/01\/la-policia-local-i-proteccio-civil-salven-a-benitatxell-la-vida-dun-home-que-portava-dies-accidentats-a-sa-casa\/\" \/>\n<meta property=\"og:site_name\" content=\"R\u00e0dio Litoral\" \/>\n<meta property=\"article:publisher\" content=\"https:\/\/www.facebook.com\/Laradiolitoral\/\" \/>\n<meta property=\"article:published_time\" content=\"2025-01-28T13:12:54+00:00\" \/>\n<meta property=\"og:image\" content=\"https:\/\/media.radiolitoral.com\/wp-content\/uploads\/2025\/01\/28140703\/policia-local-Benitatxell-rescate-vecino-1.jpg\" \/>\n\t<meta property=\"og:image:width\" content=\"900\" \/>\n\t<meta property=\"og:image:height\" content=\"675\" \/>\n\t<meta property=\"og:image:type\" content=\"image\/jpeg\" \/>\n<meta name=\"author\" content=\"Redacci\u00f3n\" \/>\n<meta name=\"twitter:card\" content=\"summary_large_image\" \/>\n<meta name=\"twitter:label1\" content=\"Escrit per\" \/>\n\t<meta name=\"twitter:data1\" content=\"Redacci\u00f3n\" \/>\n\t<meta name=\"twitter:label2\" content=\"Temps estimat de lectura\" \/>\n\t<meta name=\"twitter:data2\" content=\"2 minuts\" \/>\n<script type=\"application\/ld+json\" class=\"yoast-schema-graph\">{\"@context\":\"https:\\\/\\\/schema.org\",\"@graph\":[{\"@type\":\"NewsArticle\",\"@id\":\"https:\\\/\\\/radiolitoral.com\\\/2025\\\/01\\\/la-policia-local-i-proteccio-civil-salven-en-benitatxell-la-vida-dun-home-que-portava-dies-accidentat-a-sa-casa\\\/#article\",\"isPartOf\":{\"@id\":\"https:\\\/\\\/radiolitoral.com\\\/2025\\\/01\\\/la-policia-local-i-proteccio-civil-salven-en-benitatxell-la-vida-dun-home-que-portava-dies-accidentat-a-sa-casa\\\/\"},\"author\":{\"name\":\"Redacci\u00f3n\",\"@id\":\"https:\\\/\\\/radiolitoral.com\\\/#\\\/schema\\\/person\\\/f2b2343c49b5d721857cc1002bfdb151\"},\"headline\":\"La Policia Local i Protecci\u00f3 Civil salven en Benitatxell la vida d&#8217;un home que portava dies accidentat a sa casa\",\"datePublished\":\"2025-01-28T13:12:54+00:00\",\"mainEntityOfPage\":{\"@id\":\"https:\\\/\\\/radiolitoral.com\\\/2025\\\/01\\\/la-policia-local-i-proteccio-civil-salven-en-benitatxell-la-vida-dun-home-que-portava-dies-accidentat-a-sa-casa\\\/\"},\"wordCount\":232,\"commentCount\":0,\"publisher\":{\"@id\":\"https:\\\/\\\/radiolitoral.com\\\/#organization\"},\"image\":{\"@id\":\"https:\\\/\\\/radiolitoral.com\\\/2025\\\/01\\\/la-policia-local-i-proteccio-civil-salven-en-benitatxell-la-vida-dun-home-que-portava-dies-accidentat-a-sa-casa\\\/#primaryimage\"},\"thumbnailUrl\":\"https:\\\/\\\/media.radiolitoral.com\\\/wp-content\\\/uploads\\\/2025\\\/01\\\/28140703\\\/policia-local-Benitatxell-rescate-vecino-1.jpg\",\"keywords\":[\"El Poble Nou de Benitatxell\",\"Polic\u00eda Local Benitatxell\",\"protecci\u00f3n civil benitatxell\",\"rescate en domicilio\",\"sucesos\"],\"articleSection\":[\"Sucesos\"],\"inLanguage\":\"ca\",\"potentialAction\":[{\"@type\":\"CommentAction\",\"name\":\"Comment\",\"target\":[\"https:\\\/\\\/radiolitoral.com\\\/2025\\\/01\\\/la-policia-local-i-proteccio-civil-salven-en-benitatxell-la-vida-dun-home-que-portava-dies-accidentat-a-sa-casa\\\/#respond\"]}]},{\"@type\":[\"WebPage\",\"ItemPage\"],\"@id\":\"https:\\\/\\\/radiolitoral.com\\\/2025\\\/01\\\/la-policia-local-i-proteccio-civil-salven-en-benitatxell-la-vida-dun-home-que-portava-dies-accidentat-a-sa-casa\\\/\",\"url\":\"https:\\\/\\\/radiolitoral.com\\\/2025\\\/01\\\/la-policia-local-i-proteccio-civil-salven-en-benitatxell-la-vida-dun-home-que-portava-dies-accidentat-a-sa-casa\\\/\",\"name\":\"La Policia Local i Protecci\u00f3 Civil salven en Benitatxell la vida d'un home que portava dies accidentat a sa casa | R\u00e0dio Litoral\",\"isPartOf\":{\"@id\":\"https:\\\/\\\/radiolitoral.com\\\/#website\"},\"primaryImageOfPage\":{\"@id\":\"https:\\\/\\\/radiolitoral.com\\\/2025\\\/01\\\/la-policia-local-i-proteccio-civil-salven-en-benitatxell-la-vida-dun-home-que-portava-dies-accidentat-a-sa-casa\\\/#primaryimage\"},\"image\":{\"@id\":\"https:\\\/\\\/radiolitoral.com\\\/2025\\\/01\\\/la-policia-local-i-proteccio-civil-salven-en-benitatxell-la-vida-dun-home-que-portava-dies-accidentat-a-sa-casa\\\/#primaryimage\"},\"thumbnailUrl\":\"https:\\\/\\\/media.radiolitoral.com\\\/wp-content\\\/uploads\\\/2025\\\/01\\\/28140703\\\/policia-local-Benitatxell-rescate-vecino-1.jpg\",\"datePublished\":\"2025-01-28T13:12:54+00:00\",\"description\":\"El ve\u00ed, de 83 anys i nacionalitat noruega, havia tingut un accident en el seu dormitori i havia quedat imm\u00f2bil El ve\u00ed, de 83 anys i nacionalitat noruega, havia tingut un accident en el seu dormitori i havia quedat imm\u00f2bil\",\"breadcrumb\":{\"@id\":\"https:\\\/\\\/radiolitoral.com\\\/2025\\\/01\\\/la-policia-local-i-proteccio-civil-salven-en-benitatxell-la-vida-dun-home-que-portava-dies-accidentat-a-sa-casa\\\/#breadcrumb\"},\"inLanguage\":\"ca\",\"potentialAction\":[{\"@type\":\"ReadAction\",\"target\":[\"https:\\\/\\\/radiolitoral.com\\\/2025\\\/01\\\/la-policia-local-i-proteccio-civil-salven-en-benitatxell-la-vida-dun-home-que-portava-dies-accidentat-a-sa-casa\\\/\"]}]},{\"@type\":\"ImageObject\",\"inLanguage\":\"ca\",\"@id\":\"https:\\\/\\\/radiolitoral.com\\\/2025\\\/01\\\/la-policia-local-i-proteccio-civil-salven-en-benitatxell-la-vida-dun-home-que-portava-dies-accidentat-a-sa-casa\\\/#primaryimage\",\"url\":\"https:\\\/\\\/media.radiolitoral.com\\\/wp-content\\\/uploads\\\/2025\\\/01\\\/28140703\\\/policia-local-Benitatxell-rescate-vecino-1.jpg\",\"contentUrl\":\"https:\\\/\\\/media.radiolitoral.com\\\/wp-content\\\/uploads\\\/2025\\\/01\\\/28140703\\\/policia-local-Benitatxell-rescate-vecino-1.jpg\",\"width\":900,\"height\":675},{\"@type\":\"BreadcrumbList\",\"@id\":\"https:\\\/\\\/radiolitoral.com\\\/2025\\\/01\\\/la-policia-local-i-proteccio-civil-salven-en-benitatxell-la-vida-dun-home-que-portava-dies-accidentat-a-sa-casa\\\/#breadcrumb\",\"itemListElement\":[{\"@type\":\"ListItem\",\"position\":1,\"name\":\"Portada\",\"item\":\"https:\\\/\\\/radiolitoral.com\\\/\"},{\"@type\":\"ListItem\",\"position\":2,\"name\":\"La Policia Local i Protecci\u00f3 Civil salven en Benitatxell la vida d&#8217;un home que portava dies accidentat a sa casa\"}]},{\"@type\":\"WebSite\",\"@id\":\"https:\\\/\\\/radiolitoral.com\\\/#website\",\"url\":\"https:\\\/\\\/radiolitoral.com\\\/\",\"name\":\"Radio Litoral\",\"description\":\"La radio local de la Marina Alta\",\"publisher\":{\"@id\":\"https:\\\/\\\/radiolitoral.com\\\/#organization\"},\"alternateName\":\"Litoral FM\",\"potentialAction\":[{\"@type\":\"SearchAction\",\"target\":{\"@type\":\"EntryPoint\",\"urlTemplate\":\"https:\\\/\\\/radiolitoral.com\\\/?s={search_term_string}\"},\"query-input\":{\"@type\":\"PropertyValueSpecification\",\"valueRequired\":true,\"valueName\":\"search_term_string\"}}],\"inLanguage\":\"ca\"},{\"@type\":\"Organization\",\"@id\":\"https:\\\/\\\/radiolitoral.com\\\/#organization\",\"name\":\"Radio Litoral\",\"url\":\"https:\\\/\\\/radiolitoral.com\\\/\",\"logo\":{\"@type\":\"ImageObject\",\"inLanguage\":\"ca\",\"@id\":\"https:\\\/\\\/radiolitoral.com\\\/#\\\/schema\\\/logo\\\/image\\\/\",\"url\":\"https:\\\/\\\/media.radiolitoral.com\\\/wp-content\\\/uploads\\\/2023\\\/02\\\/24143238\\\/CL-V-RadioLitoral696.png\",\"contentUrl\":\"https:\\\/\\\/media.radiolitoral.com\\\/wp-content\\\/uploads\\\/2023\\\/02\\\/24143238\\\/CL-V-RadioLitoral696.png\",\"width\":696,\"height\":696,\"caption\":\"Radio Litoral\"},\"image\":{\"@id\":\"https:\\\/\\\/radiolitoral.com\\\/#\\\/schema\\\/logo\\\/image\\\/\"},\"sameAs\":[\"https:\\\/\\\/www.facebook.com\\\/Laradiolitoral\\\/\"]},{\"@type\":\"Person\",\"@id\":\"https:\\\/\\\/radiolitoral.com\\\/#\\\/schema\\\/person\\\/f2b2343c49b5d721857cc1002bfdb151\",\"name\":\"Redacci\u00f3n\",\"image\":{\"@type\":\"ImageObject\",\"inLanguage\":\"ca\",\"@id\":\"https:\\\/\\\/secure.gravatar.com\\\/avatar\\\/f771d896c203ad8b3382d7905cfcce5a5c9b008b84b3cd9114e9b9f4cb63f789?s=96&d=mm&r=g\",\"url\":\"https:\\\/\\\/secure.gravatar.com\\\/avatar\\\/f771d896c203ad8b3382d7905cfcce5a5c9b008b84b3cd9114e9b9f4cb63f789?s=96&d=mm&r=g\",\"contentUrl\":\"https:\\\/\\\/secure.gravatar.com\\\/avatar\\\/f771d896c203ad8b3382d7905cfcce5a5c9b008b84b3cd9114e9b9f4cb63f789?s=96&d=mm&r=g\",\"caption\":\"Redacci\u00f3n\"},\"url\":\"https:\\\/\\\/radiolitoral.com\\\/ca\\\/author\\\/miriam-pagan\\\/\"}]}<\/script>\n<!-- \/ Yoast SEO plugin. -->","yoast_head_json":{"title":"La Policia Local i Protecci\u00f3 Civil salven a Benitatxell la vida d&#039;un home que portava dies accidentats a casa | R\u00e0dio Litoral","description":"El ve\u00ed, de 83 anys i nacionalitat noruega, havia tingut un accident al seu dormitori i havia quedat imm\u00f2bil El ve\u00ed, de 83 anys i nacionalitat noruega, havia tingut un accident al seu dormitori i havia quedat imm\u00f2bil","robots":{"index":"index","follow":"follow","max-snippet":"max-snippet:-1","max-image-preview":"max-image-preview:large","max-video-preview":"max-video-preview:-1"},"canonical":"https:\/\/radiolitoral.com\/ca\/2025\/01\/la-policia-local-i-proteccio-civil-salven-a-benitatxell-la-vida-dun-home-que-portava-dies-accidentats-a-sa-casa\/","og_locale":"ca_ES","og_type":"article","og_title":"La Policia Local i Protecci\u00f3 Civil salven en Benitatxell la vida d'un home que portava dies accidentat a sa casa | R\u00e0dio Litoral","og_description":"El ve\u00ed, de 83 anys i nacionalitat noruega, havia tingut un accident en el seu dormitori i havia quedat imm\u00f2bil El ve\u00ed, de 83 anys i nacionalitat noruega, havia tingut un accident en el seu dormitori i havia quedat imm\u00f2bil","og_url":"https:\/\/radiolitoral.com\/ca\/2025\/01\/la-policia-local-i-proteccio-civil-salven-a-benitatxell-la-vida-dun-home-que-portava-dies-accidentats-a-sa-casa\/","og_site_name":"R\u00e0dio Litoral","article_publisher":"https:\/\/www.facebook.com\/Laradiolitoral\/","article_published_time":"2025-01-28T13:12:54+00:00","og_image":[{"width":900,"height":675,"url":"https:\/\/media.radiolitoral.com\/wp-content\/uploads\/2025\/01\/28140703\/policia-local-Benitatxell-rescate-vecino-1.jpg","type":"image\/jpeg"}],"author":"Redacci\u00f3n","twitter_card":"summary_large_image","twitter_misc":{"Escrit per":"Redacci\u00f3n","Temps estimat de lectura":"2 minuts"},"schema":{"@context":"https:\/\/schema.org","@graph":[{"@type":"NewsArticle","@id":"https:\/\/radiolitoral.com\/2025\/01\/la-policia-local-i-proteccio-civil-salven-en-benitatxell-la-vida-dun-home-que-portava-dies-accidentat-a-sa-casa\/#article","isPartOf":{"@id":"https:\/\/radiolitoral.com\/2025\/01\/la-policia-local-i-proteccio-civil-salven-en-benitatxell-la-vida-dun-home-que-portava-dies-accidentat-a-sa-casa\/"},"author":{"name":"Redacci\u00f3n","@id":"https:\/\/radiolitoral.com\/#\/schema\/person\/f2b2343c49b5d721857cc1002bfdb151"},"headline":"La Policia Local i Protecci\u00f3 Civil salven en Benitatxell la vida d&#8217;un home que portava dies accidentat a sa casa","datePublished":"2025-01-28T13:12:54+00:00","mainEntityOfPage":{"@id":"https:\/\/radiolitoral.com\/2025\/01\/la-policia-local-i-proteccio-civil-salven-en-benitatxell-la-vida-dun-home-que-portava-dies-accidentat-a-sa-casa\/"},"wordCount":232,"commentCount":0,"publisher":{"@id":"https:\/\/radiolitoral.com\/#organization"},"image":{"@id":"https:\/\/radiolitoral.com\/2025\/01\/la-policia-local-i-proteccio-civil-salven-en-benitatxell-la-vida-dun-home-que-portava-dies-accidentat-a-sa-casa\/#primaryimage"},"thumbnailUrl":"https:\/\/media.radiolitoral.com\/wp-content\/uploads\/2025\/01\/28140703\/policia-local-Benitatxell-rescate-vecino-1.jpg","keywords":["El Poble Nou de Benitatxell","Polic\u00eda Local Benitatxell","protecci\u00f3n civil benitatxell","rescate en domicilio","sucesos"],"articleSection":["Sucesos"],"inLanguage":"ca","potentialAction":[{"@type":"CommentAction","name":"Comment","target":["https:\/\/radiolitoral.com\/2025\/01\/la-policia-local-i-proteccio-civil-salven-en-benitatxell-la-vida-dun-home-que-portava-dies-accidentat-a-sa-casa\/#respond"]}]},{"@type":["WebPage","ItemPage"],"@id":"https:\/\/radiolitoral.com\/2025\/01\/la-policia-local-i-proteccio-civil-salven-en-benitatxell-la-vida-dun-home-que-portava-dies-accidentat-a-sa-casa\/","url":"https:\/\/radiolitoral.com\/2025\/01\/la-policia-local-i-proteccio-civil-salven-en-benitatxell-la-vida-dun-home-que-portava-dies-accidentat-a-sa-casa\/","name":"La Policia Local i Protecci\u00f3 Civil salven a Benitatxell la vida d&#039;un home que portava dies accidentats a casa | R\u00e0dio Litoral","isPartOf":{"@id":"https:\/\/radiolitoral.com\/#website"},"primaryImageOfPage":{"@id":"https:\/\/radiolitoral.com\/2025\/01\/la-policia-local-i-proteccio-civil-salven-en-benitatxell-la-vida-dun-home-que-portava-dies-accidentat-a-sa-casa\/#primaryimage"},"image":{"@id":"https:\/\/radiolitoral.com\/2025\/01\/la-policia-local-i-proteccio-civil-salven-en-benitatxell-la-vida-dun-home-que-portava-dies-accidentat-a-sa-casa\/#primaryimage"},"thumbnailUrl":"https:\/\/media.radiolitoral.com\/wp-content\/uploads\/2025\/01\/28140703\/policia-local-Benitatxell-rescate-vecino-1.jpg","datePublished":"2025-01-28T13:12:54+00:00","description":"El ve\u00ed, de 83 anys i nacionalitat noruega, havia tingut un accident al seu dormitori i havia quedat imm\u00f2bil El ve\u00ed, de 83 anys i nacionalitat noruega, havia tingut un accident al seu dormitori i havia quedat imm\u00f2bil","breadcrumb":{"@id":"https:\/\/radiolitoral.com\/2025\/01\/la-policia-local-i-proteccio-civil-salven-en-benitatxell-la-vida-dun-home-que-portava-dies-accidentat-a-sa-casa\/#breadcrumb"},"inLanguage":"ca","potentialAction":[{"@type":"ReadAction","target":["https:\/\/radiolitoral.com\/2025\/01\/la-policia-local-i-proteccio-civil-salven-en-benitatxell-la-vida-dun-home-que-portava-dies-accidentat-a-sa-casa\/"]}]},{"@type":"ImageObject","inLanguage":"ca","@id":"https:\/\/radiolitoral.com\/2025\/01\/la-policia-local-i-proteccio-civil-salven-en-benitatxell-la-vida-dun-home-que-portava-dies-accidentat-a-sa-casa\/#primaryimage","url":"https:\/\/media.radiolitoral.com\/wp-content\/uploads\/2025\/01\/28140703\/policia-local-Benitatxell-rescate-vecino-1.jpg","contentUrl":"https:\/\/media.radiolitoral.com\/wp-content\/uploads\/2025\/01\/28140703\/policia-local-Benitatxell-rescate-vecino-1.jpg","width":900,"height":675},{"@type":"BreadcrumbList","@id":"https:\/\/radiolitoral.com\/2025\/01\/la-policia-local-i-proteccio-civil-salven-en-benitatxell-la-vida-dun-home-que-portava-dies-accidentat-a-sa-casa\/#breadcrumb","itemListElement":[{"@type":"ListItem","position":1,"name":"Portada","item":"https:\/\/radiolitoral.com\/"},{"@type":"ListItem","position":2,"name":"La Policia Local i Protecci\u00f3 Civil salven en Benitatxell la vida d&#8217;un home que portava dies accidentat a sa casa"}]},{"@type":"WebSite","@id":"https:\/\/radiolitoral.com\/#website","url":"https:\/\/radiolitoral.com\/","name":"R\u00e0dio Litoral","description":"La r\u00e0dio local de la Marina Alta","publisher":{"@id":"https:\/\/radiolitoral.com\/#organization"},"alternateName":"Litoral FM","potentialAction":[{"@type":"SearchAction","target":{"@type":"EntryPoint","urlTemplate":"https:\/\/radiolitoral.com\/?s={search_term_string}"},"query-input":{"@type":"PropertyValueSpecification","valueRequired":true,"valueName":"search_term_string"}}],"inLanguage":"ca"},{"@type":"Organization","@id":"https:\/\/radiolitoral.com\/#organization","name":"R\u00e0dio Litoral","url":"https:\/\/radiolitoral.com\/","logo":{"@type":"ImageObject","inLanguage":"ca","@id":"https:\/\/radiolitoral.com\/#\/schema\/logo\/image\/","url":"https:\/\/media.radiolitoral.com\/wp-content\/uploads\/2023\/02\/24143238\/CL-V-RadioLitoral696.png","contentUrl":"https:\/\/media.radiolitoral.com\/wp-content\/uploads\/2023\/02\/24143238\/CL-V-RadioLitoral696.png","width":696,"height":696,"caption":"Radio Litoral"},"image":{"@id":"https:\/\/radiolitoral.com\/#\/schema\/logo\/image\/"},"sameAs":["https:\/\/www.facebook.com\/Laradiolitoral\/"]},{"@type":"Person","@id":"https:\/\/radiolitoral.com\/#\/schema\/person\/f2b2343c49b5d721857cc1002bfdb151","name":"Redacci\u00f3","image":{"@type":"ImageObject","inLanguage":"ca","@id":"https:\/\/secure.gravatar.com\/avatar\/f771d896c203ad8b3382d7905cfcce5a5c9b008b84b3cd9114e9b9f4cb63f789?s=96&d=mm&r=g","url":"https:\/\/secure.gravatar.com\/avatar\/f771d896c203ad8b3382d7905cfcce5a5c9b008b84b3cd9114e9b9f4cb63f789?s=96&d=mm&r=g","contentUrl":"https:\/\/secure.gravatar.com\/avatar\/f771d896c203ad8b3382d7905cfcce5a5c9b008b84b3cd9114e9b9f4cb63f789?s=96&d=mm&r=g","caption":"Redacci\u00f3n"},"url":"https:\/\/radiolitoral.com\/ca\/author\/miriam-pagan\/"}]}},"_links":{"self":[{"href":"https:\/\/radiolitoral.com\/ca\/wp-json\/wp\/v2\/posts\/14651","targetHints":{"allow":["GET"]}}],"collection":[{"href":"https:\/\/radiolitoral.com\/ca\/wp-json\/wp\/v2\/posts"}],"about":[{"href":"https:\/\/radiolitoral.com\/ca\/wp-json\/wp\/v2\/types\/post"}],"author":[{"embeddable":true,"href":"https:\/\/radiolitoral.com\/ca\/wp-json\/wp\/v2\/users\/13"}],"replies":[{"embeddable":true,"href":"https:\/\/radiolitoral.com\/ca\/wp-json\/wp\/v2\/comments?post=14651"}],"version-history":[{"count":1,"href":"https:\/\/radiolitoral.com\/ca\/wp-json\/wp\/v2\/posts\/14651\/revisions"}],"predecessor-version":[{"id":14652,"href":"https:\/\/radiolitoral.com\/ca\/wp-json\/wp\/v2\/posts\/14651\/revisions\/14652"}],"wp:featuredmedia":[{"embeddable":true,"href":"https:\/\/radiolitoral.com\/ca\/wp-json\/wp\/v2\/media\/14648"}],"wp:attachment":[{"href":"https:\/\/radiolitoral.com\/ca\/wp-json\/wp\/v2\/media?parent=14651"}],"wp:term":[{"taxonomy":"category","embeddable":true,"href":"https:\/\/radiolitoral.com\/ca\/wp-json\/wp\/v2\/categories?post=14651"},{"taxonomy":"post_tag","embeddable":true,"href":"https:\/\/radiolitoral.com\/ca\/wp-json\/wp\/v2\/tags?post=14651"}],"curies":[{"name":"wp","href":"https:\/\/api.w.org\/{rel}","templated":true}]}}