{"id":1465,"date":"2023-03-20T14:11:41","date_gmt":"2023-03-20T13:11:41","guid":{"rendered":"https:\/\/radiolitoral.com\/?p=1465"},"modified":"2023-03-20T14:13:46","modified_gmt":"2023-03-20T13:13:46","slug":"segueix-lanus-bofill-amb-la-muralla-vermella-quan-el-valor-del-que-es-local-es-torna-global","status":"publish","type":"post","link":"https:\/\/radiolitoral.com\/ca\/2023\/03\/sigue-el-ano-bofill-con-la-muralla-roja-cuando-el-valor-de-lo-local-se-vuelve-global\/","title":{"rendered":"Segueix l&#039;Any Bofill amb \u201cLa Muralla Roja, quan el valor del que \u00e9s local es torna global\u201d"},"content":{"rendered":"<p>A Calp, dins de la programaci\u00f3 commemorativa amb motiu del 2023 <strong>Any Bofill<\/strong>, s&#039;ha programat per a aquesta setmana una <strong>confer\u00e8ncia a la Seu Universit\u00e0ria<\/strong> de la localitat, a la Casa Nova, que porta per t\u00edtol: <strong>\u201cLa Muralla Roja, quan el valor del que \u00e9s local es torna global\u201d<\/strong>. La pon\u00e8ncia estar\u00e0 impartida per Adriana Figueiras, professora de lEscola Polit\u00e8cnica Superior de la Universitat dAlacant. Una proposta prevista per a aquest <strong>dijous, 23 de mar\u00e7, a les 19h i<\/strong><strong>n la Casa Nova.<\/strong><\/p>\n<p><strong>\u00a0<\/strong><\/p>","protected":false},"excerpt":{"rendered":"<p>En Calp, dentro de la programaci\u00f3n conmemorativa con motivo del 2023 A\u00f1o Bofill, se ha programado para esta semana una conferencia en la Sede Universitaria de la localidad, en la Casa Nova, que lleva por t\u00edtulo: \u201cLa Muralla Roja, cuando el valor de lo local se vuelve global\u201d. La ponencia estar\u00e1 impartida por Adriana Figueiras, [&#8230;]<\/p>\n<p><a class=\"btn btn-secondary understrap-read-more-link\" href=\"https:\/\/radiolitoral.com\/ca\/2023\/03\/sigue-el-ano-bofill-con-la-muralla-roja-cuando-el-valor-de-lo-local-se-vuelve-global\/\">Continua llegint&#8230;<span class=\"screen-reader-text\"> from Sigue el A\u00f1o Bofill con \u201cLa Muralla Roja, cuando el valor de lo local se vuelve global\u201d<\/span><\/a><\/p>\n","protected":false},"author":13,"featured_media":1467,"comment_status":"open","ping_status":"closed","sticky":false,"template":"","format":"standard","meta":{"_acf_changed":false,"inline_featured_image":false,"footnotes":""},"categories":[55],"tags":[271,106,122,240],"class_list":["post-1465","post","type-post","status-publish","format-standard","has-post-thumbnail","hentry","category-cultura","tag-adriana-figueiras","tag-ano-bofill","tag-calp","tag-conferencias-calp","cobertura-calp"],"acf":[],"yoast_head":"<!-- This site is optimized with the Yoast SEO plugin v27.5 - https:\/\/yoast.com\/product\/yoast-seo-wordpress\/ -->\n<title>Sigue el A\u00f1o Bofill con \u201cLa Muralla Roja, cuando el valor de lo local se vuelve global\u201d | R\u00e0dio Litoral<\/title>\n<meta name=\"description\" content=\"Una conferencia de Adriana Figueiras, profesora Escuela Polit\u00e9cnica Superior de Universidad Alicante\" \/>\n<meta name=\"robots\" content=\"index, follow, max-snippet:-1, max-image-preview:large, max-video-preview:-1\" \/>\n<link rel=\"canonical\" href=\"https:\/\/radiolitoral.com\/ca\/2023\/03\/segueix-lanus-bofill-amb-la-muralla-vermella-quan-el-valor-del-que-es-local-es-torna-global\/\" \/>\n<meta property=\"og:locale\" content=\"ca_ES\" \/>\n<meta property=\"og:type\" content=\"article\" \/>\n<meta property=\"og:title\" content=\"Sigue el A\u00f1o Bofill con \u201cLa Muralla Roja, cuando el valor de lo local se vuelve global\u201d | R\u00e0dio Litoral\" \/>\n<meta property=\"og:description\" content=\"Una conferencia de Adriana Figueiras, profesora Escuela Polit\u00e9cnica Superior de Universidad Alicante\" \/>\n<meta property=\"og:url\" content=\"https:\/\/radiolitoral.com\/ca\/2023\/03\/segueix-lanus-bofill-amb-la-muralla-vermella-quan-el-valor-del-que-es-local-es-torna-global\/\" \/>\n<meta property=\"og:site_name\" content=\"R\u00e0dio Litoral\" \/>\n<meta property=\"article:publisher\" content=\"https:\/\/www.facebook.com\/Laradiolitoral\/\" \/>\n<meta property=\"article:published_time\" content=\"2023-03-20T13:11:41+00:00\" \/>\n<meta property=\"article:modified_time\" content=\"2023-03-20T13:13:46+00:00\" \/>\n<meta property=\"og:image\" content=\"https:\/\/media.radiolitoral.com\/wp-content\/uploads\/2023\/03\/20141244\/calpe.webp\" \/>\n\t<meta property=\"og:image:width\" content=\"1706\" \/>\n\t<meta property=\"og:image:height\" content=\"960\" \/>\n\t<meta property=\"og:image:type\" content=\"image\/webp\" \/>\n<meta name=\"author\" content=\"Redacci\u00f3n\" \/>\n<meta name=\"twitter:card\" content=\"summary_large_image\" \/>\n<meta name=\"twitter:label1\" content=\"Escrit per\" \/>\n\t<meta name=\"twitter:data1\" content=\"Redacci\u00f3n\" \/>\n\t<meta name=\"twitter:label2\" content=\"Temps estimat de lectura\" \/>\n\t<meta name=\"twitter:data2\" content=\"1 minut\" \/>\n<script type=\"application\/ld+json\" class=\"yoast-schema-graph\">{\"@context\":\"https:\\\/\\\/schema.org\",\"@graph\":[{\"@type\":\"NewsArticle\",\"@id\":\"https:\\\/\\\/radiolitoral.com\\\/2023\\\/03\\\/sigue-el-ano-bofill-con-la-muralla-roja-cuando-el-valor-de-lo-local-se-vuelve-global\\\/#article\",\"isPartOf\":{\"@id\":\"https:\\\/\\\/radiolitoral.com\\\/2023\\\/03\\\/sigue-el-ano-bofill-con-la-muralla-roja-cuando-el-valor-de-lo-local-se-vuelve-global\\\/\"},\"author\":{\"name\":\"Redacci\u00f3n\",\"@id\":\"https:\\\/\\\/radiolitoral.com\\\/#\\\/schema\\\/person\\\/f2b2343c49b5d721857cc1002bfdb151\"},\"headline\":\"Sigue el A\u00f1o Bofill con \u201cLa Muralla Roja, cuando el valor de lo local se vuelve global\u201d\",\"datePublished\":\"2023-03-20T13:11:41+00:00\",\"dateModified\":\"2023-03-20T13:13:46+00:00\",\"mainEntityOfPage\":{\"@id\":\"https:\\\/\\\/radiolitoral.com\\\/2023\\\/03\\\/sigue-el-ano-bofill-con-la-muralla-roja-cuando-el-valor-de-lo-local-se-vuelve-global\\\/\"},\"wordCount\":103,\"commentCount\":0,\"publisher\":{\"@id\":\"https:\\\/\\\/radiolitoral.com\\\/#organization\"},\"image\":{\"@id\":\"https:\\\/\\\/radiolitoral.com\\\/2023\\\/03\\\/sigue-el-ano-bofill-con-la-muralla-roja-cuando-el-valor-de-lo-local-se-vuelve-global\\\/#primaryimage\"},\"thumbnailUrl\":\"https:\\\/\\\/media.radiolitoral.com\\\/wp-content\\\/uploads\\\/2023\\\/03\\\/20141244\\\/calpe.webp\",\"keywords\":[\"Adriana Figueiras\",\"A\u00f1o Bofill\",\"Calp\",\"conferencias Calp\"],\"articleSection\":[\"Cultura\"],\"inLanguage\":\"ca\",\"potentialAction\":[{\"@type\":\"CommentAction\",\"name\":\"Comment\",\"target\":[\"https:\\\/\\\/radiolitoral.com\\\/2023\\\/03\\\/sigue-el-ano-bofill-con-la-muralla-roja-cuando-el-valor-de-lo-local-se-vuelve-global\\\/#respond\"]}]},{\"@type\":[\"WebPage\",\"ItemPage\"],\"@id\":\"https:\\\/\\\/radiolitoral.com\\\/2023\\\/03\\\/sigue-el-ano-bofill-con-la-muralla-roja-cuando-el-valor-de-lo-local-se-vuelve-global\\\/\",\"url\":\"https:\\\/\\\/radiolitoral.com\\\/2023\\\/03\\\/sigue-el-ano-bofill-con-la-muralla-roja-cuando-el-valor-de-lo-local-se-vuelve-global\\\/\",\"name\":\"Sigue el A\u00f1o Bofill con \u201cLa Muralla Roja, cuando el valor de lo local se vuelve global\u201d | R\u00e0dio Litoral\",\"isPartOf\":{\"@id\":\"https:\\\/\\\/radiolitoral.com\\\/#website\"},\"primaryImageOfPage\":{\"@id\":\"https:\\\/\\\/radiolitoral.com\\\/2023\\\/03\\\/sigue-el-ano-bofill-con-la-muralla-roja-cuando-el-valor-de-lo-local-se-vuelve-global\\\/#primaryimage\"},\"image\":{\"@id\":\"https:\\\/\\\/radiolitoral.com\\\/2023\\\/03\\\/sigue-el-ano-bofill-con-la-muralla-roja-cuando-el-valor-de-lo-local-se-vuelve-global\\\/#primaryimage\"},\"thumbnailUrl\":\"https:\\\/\\\/media.radiolitoral.com\\\/wp-content\\\/uploads\\\/2023\\\/03\\\/20141244\\\/calpe.webp\",\"datePublished\":\"2023-03-20T13:11:41+00:00\",\"dateModified\":\"2023-03-20T13:13:46+00:00\",\"description\":\"Una conferencia de Adriana Figueiras, profesora Escuela Polit\u00e9cnica Superior de Universidad Alicante\",\"breadcrumb\":{\"@id\":\"https:\\\/\\\/radiolitoral.com\\\/2023\\\/03\\\/sigue-el-ano-bofill-con-la-muralla-roja-cuando-el-valor-de-lo-local-se-vuelve-global\\\/#breadcrumb\"},\"inLanguage\":\"ca\",\"potentialAction\":[{\"@type\":\"ReadAction\",\"target\":[\"https:\\\/\\\/radiolitoral.com\\\/2023\\\/03\\\/sigue-el-ano-bofill-con-la-muralla-roja-cuando-el-valor-de-lo-local-se-vuelve-global\\\/\"]}]},{\"@type\":\"ImageObject\",\"inLanguage\":\"ca\",\"@id\":\"https:\\\/\\\/radiolitoral.com\\\/2023\\\/03\\\/sigue-el-ano-bofill-con-la-muralla-roja-cuando-el-valor-de-lo-local-se-vuelve-global\\\/#primaryimage\",\"url\":\"https:\\\/\\\/media.radiolitoral.com\\\/wp-content\\\/uploads\\\/2023\\\/03\\\/20141244\\\/calpe.webp\",\"contentUrl\":\"https:\\\/\\\/media.radiolitoral.com\\\/wp-content\\\/uploads\\\/2023\\\/03\\\/20141244\\\/calpe.webp\",\"width\":1706,\"height\":960},{\"@type\":\"BreadcrumbList\",\"@id\":\"https:\\\/\\\/radiolitoral.com\\\/2023\\\/03\\\/sigue-el-ano-bofill-con-la-muralla-roja-cuando-el-valor-de-lo-local-se-vuelve-global\\\/#breadcrumb\",\"itemListElement\":[{\"@type\":\"ListItem\",\"position\":1,\"name\":\"Portada\",\"item\":\"https:\\\/\\\/radiolitoral.com\\\/\"},{\"@type\":\"ListItem\",\"position\":2,\"name\":\"Sigue el A\u00f1o Bofill con \u201cLa Muralla Roja, cuando el valor de lo local se vuelve global\u201d\"}]},{\"@type\":\"WebSite\",\"@id\":\"https:\\\/\\\/radiolitoral.com\\\/#website\",\"url\":\"https:\\\/\\\/radiolitoral.com\\\/\",\"name\":\"Radio Litoral\",\"description\":\"La radio local de la Marina Alta\",\"publisher\":{\"@id\":\"https:\\\/\\\/radiolitoral.com\\\/#organization\"},\"alternateName\":\"Litoral FM\",\"potentialAction\":[{\"@type\":\"SearchAction\",\"target\":{\"@type\":\"EntryPoint\",\"urlTemplate\":\"https:\\\/\\\/radiolitoral.com\\\/?s={search_term_string}\"},\"query-input\":{\"@type\":\"PropertyValueSpecification\",\"valueRequired\":true,\"valueName\":\"search_term_string\"}}],\"inLanguage\":\"ca\"},{\"@type\":\"Organization\",\"@id\":\"https:\\\/\\\/radiolitoral.com\\\/#organization\",\"name\":\"Radio Litoral\",\"url\":\"https:\\\/\\\/radiolitoral.com\\\/\",\"logo\":{\"@type\":\"ImageObject\",\"inLanguage\":\"ca\",\"@id\":\"https:\\\/\\\/radiolitoral.com\\\/#\\\/schema\\\/logo\\\/image\\\/\",\"url\":\"https:\\\/\\\/media.radiolitoral.com\\\/wp-content\\\/uploads\\\/2023\\\/02\\\/24143238\\\/CL-V-RadioLitoral696.png\",\"contentUrl\":\"https:\\\/\\\/media.radiolitoral.com\\\/wp-content\\\/uploads\\\/2023\\\/02\\\/24143238\\\/CL-V-RadioLitoral696.png\",\"width\":696,\"height\":696,\"caption\":\"Radio Litoral\"},\"image\":{\"@id\":\"https:\\\/\\\/radiolitoral.com\\\/#\\\/schema\\\/logo\\\/image\\\/\"},\"sameAs\":[\"https:\\\/\\\/www.facebook.com\\\/Laradiolitoral\\\/\"]},{\"@type\":\"Person\",\"@id\":\"https:\\\/\\\/radiolitoral.com\\\/#\\\/schema\\\/person\\\/f2b2343c49b5d721857cc1002bfdb151\",\"name\":\"Redacci\u00f3n\",\"image\":{\"@type\":\"ImageObject\",\"inLanguage\":\"ca\",\"@id\":\"https:\\\/\\\/secure.gravatar.com\\\/avatar\\\/f771d896c203ad8b3382d7905cfcce5a5c9b008b84b3cd9114e9b9f4cb63f789?s=96&d=mm&r=g\",\"url\":\"https:\\\/\\\/secure.gravatar.com\\\/avatar\\\/f771d896c203ad8b3382d7905cfcce5a5c9b008b84b3cd9114e9b9f4cb63f789?s=96&d=mm&r=g\",\"contentUrl\":\"https:\\\/\\\/secure.gravatar.com\\\/avatar\\\/f771d896c203ad8b3382d7905cfcce5a5c9b008b84b3cd9114e9b9f4cb63f789?s=96&d=mm&r=g\",\"caption\":\"Redacci\u00f3n\"},\"url\":\"https:\\\/\\\/radiolitoral.com\\\/ca\\\/author\\\/miriam-pagan\\\/\"}]}<\/script>\n<!-- \/ Yoast SEO plugin. -->","yoast_head_json":{"title":"Segueix l&#039;Any Bofill amb \u201cLa Muralla Roja, quan el valor del que \u00e9s local es torna global\u201d | R\u00e0dio Litoral","description":"Una confer\u00e8ncia d\u00b4Adriana Figueiras, professora Escola Polit\u00e8cnica Superior d\u00b4Universitat Alacant","robots":{"index":"index","follow":"follow","max-snippet":"max-snippet:-1","max-image-preview":"max-image-preview:large","max-video-preview":"max-video-preview:-1"},"canonical":"https:\/\/radiolitoral.com\/ca\/2023\/03\/segueix-lanus-bofill-amb-la-muralla-vermella-quan-el-valor-del-que-es-local-es-torna-global\/","og_locale":"ca_ES","og_type":"article","og_title":"Sigue el A\u00f1o Bofill con \u201cLa Muralla Roja, cuando el valor de lo local se vuelve global\u201d | R\u00e0dio Litoral","og_description":"Una conferencia de Adriana Figueiras, profesora Escuela Polit\u00e9cnica Superior de Universidad Alicante","og_url":"https:\/\/radiolitoral.com\/ca\/2023\/03\/segueix-lanus-bofill-amb-la-muralla-vermella-quan-el-valor-del-que-es-local-es-torna-global\/","og_site_name":"R\u00e0dio Litoral","article_publisher":"https:\/\/www.facebook.com\/Laradiolitoral\/","article_published_time":"2023-03-20T13:11:41+00:00","article_modified_time":"2023-03-20T13:13:46+00:00","og_image":[{"width":1706,"height":960,"url":"https:\/\/media.radiolitoral.com\/wp-content\/uploads\/2023\/03\/20141244\/calpe.webp","type":"image\/webp"}],"author":"Redacci\u00f3n","twitter_card":"summary_large_image","twitter_misc":{"Escrit per":"Redacci\u00f3n","Temps estimat de lectura":"1 minut"},"schema":{"@context":"https:\/\/schema.org","@graph":[{"@type":"NewsArticle","@id":"https:\/\/radiolitoral.com\/2023\/03\/sigue-el-ano-bofill-con-la-muralla-roja-cuando-el-valor-de-lo-local-se-vuelve-global\/#article","isPartOf":{"@id":"https:\/\/radiolitoral.com\/2023\/03\/sigue-el-ano-bofill-con-la-muralla-roja-cuando-el-valor-de-lo-local-se-vuelve-global\/"},"author":{"name":"Redacci\u00f3n","@id":"https:\/\/radiolitoral.com\/#\/schema\/person\/f2b2343c49b5d721857cc1002bfdb151"},"headline":"Sigue el A\u00f1o Bofill con \u201cLa Muralla Roja, cuando el valor de lo local se vuelve global\u201d","datePublished":"2023-03-20T13:11:41+00:00","dateModified":"2023-03-20T13:13:46+00:00","mainEntityOfPage":{"@id":"https:\/\/radiolitoral.com\/2023\/03\/sigue-el-ano-bofill-con-la-muralla-roja-cuando-el-valor-de-lo-local-se-vuelve-global\/"},"wordCount":103,"commentCount":0,"publisher":{"@id":"https:\/\/radiolitoral.com\/#organization"},"image":{"@id":"https:\/\/radiolitoral.com\/2023\/03\/sigue-el-ano-bofill-con-la-muralla-roja-cuando-el-valor-de-lo-local-se-vuelve-global\/#primaryimage"},"thumbnailUrl":"https:\/\/media.radiolitoral.com\/wp-content\/uploads\/2023\/03\/20141244\/calpe.webp","keywords":["Adriana Figueiras","A\u00f1o Bofill","Calp","conferencias Calp"],"articleSection":["Cultura"],"inLanguage":"ca","potentialAction":[{"@type":"CommentAction","name":"Comment","target":["https:\/\/radiolitoral.com\/2023\/03\/sigue-el-ano-bofill-con-la-muralla-roja-cuando-el-valor-de-lo-local-se-vuelve-global\/#respond"]}]},{"@type":["WebPage","ItemPage"],"@id":"https:\/\/radiolitoral.com\/2023\/03\/sigue-el-ano-bofill-con-la-muralla-roja-cuando-el-valor-de-lo-local-se-vuelve-global\/","url":"https:\/\/radiolitoral.com\/2023\/03\/sigue-el-ano-bofill-con-la-muralla-roja-cuando-el-valor-de-lo-local-se-vuelve-global\/","name":"Segueix l&#039;Any Bofill amb \u201cLa Muralla Roja, quan el valor del que \u00e9s local es torna global\u201d | R\u00e0dio Litoral","isPartOf":{"@id":"https:\/\/radiolitoral.com\/#website"},"primaryImageOfPage":{"@id":"https:\/\/radiolitoral.com\/2023\/03\/sigue-el-ano-bofill-con-la-muralla-roja-cuando-el-valor-de-lo-local-se-vuelve-global\/#primaryimage"},"image":{"@id":"https:\/\/radiolitoral.com\/2023\/03\/sigue-el-ano-bofill-con-la-muralla-roja-cuando-el-valor-de-lo-local-se-vuelve-global\/#primaryimage"},"thumbnailUrl":"https:\/\/media.radiolitoral.com\/wp-content\/uploads\/2023\/03\/20141244\/calpe.webp","datePublished":"2023-03-20T13:11:41+00:00","dateModified":"2023-03-20T13:13:46+00:00","description":"Una confer\u00e8ncia d\u00b4Adriana Figueiras, professora Escola Polit\u00e8cnica Superior d\u00b4Universitat Alacant","breadcrumb":{"@id":"https:\/\/radiolitoral.com\/2023\/03\/sigue-el-ano-bofill-con-la-muralla-roja-cuando-el-valor-de-lo-local-se-vuelve-global\/#breadcrumb"},"inLanguage":"ca","potentialAction":[{"@type":"ReadAction","target":["https:\/\/radiolitoral.com\/2023\/03\/sigue-el-ano-bofill-con-la-muralla-roja-cuando-el-valor-de-lo-local-se-vuelve-global\/"]}]},{"@type":"ImageObject","inLanguage":"ca","@id":"https:\/\/radiolitoral.com\/2023\/03\/sigue-el-ano-bofill-con-la-muralla-roja-cuando-el-valor-de-lo-local-se-vuelve-global\/#primaryimage","url":"https:\/\/media.radiolitoral.com\/wp-content\/uploads\/2023\/03\/20141244\/calpe.webp","contentUrl":"https:\/\/media.radiolitoral.com\/wp-content\/uploads\/2023\/03\/20141244\/calpe.webp","width":1706,"height":960},{"@type":"BreadcrumbList","@id":"https:\/\/radiolitoral.com\/2023\/03\/sigue-el-ano-bofill-con-la-muralla-roja-cuando-el-valor-de-lo-local-se-vuelve-global\/#breadcrumb","itemListElement":[{"@type":"ListItem","position":1,"name":"Portada","item":"https:\/\/radiolitoral.com\/"},{"@type":"ListItem","position":2,"name":"Sigue el A\u00f1o Bofill con \u201cLa Muralla Roja, cuando el valor de lo local se vuelve global\u201d"}]},{"@type":"WebSite","@id":"https:\/\/radiolitoral.com\/#website","url":"https:\/\/radiolitoral.com\/","name":"R\u00e0dio Litoral","description":"La r\u00e0dio local de la Marina Alta","publisher":{"@id":"https:\/\/radiolitoral.com\/#organization"},"alternateName":"Litoral FM","potentialAction":[{"@type":"SearchAction","target":{"@type":"EntryPoint","urlTemplate":"https:\/\/radiolitoral.com\/?s={search_term_string}"},"query-input":{"@type":"PropertyValueSpecification","valueRequired":true,"valueName":"search_term_string"}}],"inLanguage":"ca"},{"@type":"Organization","@id":"https:\/\/radiolitoral.com\/#organization","name":"R\u00e0dio Litoral","url":"https:\/\/radiolitoral.com\/","logo":{"@type":"ImageObject","inLanguage":"ca","@id":"https:\/\/radiolitoral.com\/#\/schema\/logo\/image\/","url":"https:\/\/media.radiolitoral.com\/wp-content\/uploads\/2023\/02\/24143238\/CL-V-RadioLitoral696.png","contentUrl":"https:\/\/media.radiolitoral.com\/wp-content\/uploads\/2023\/02\/24143238\/CL-V-RadioLitoral696.png","width":696,"height":696,"caption":"Radio Litoral"},"image":{"@id":"https:\/\/radiolitoral.com\/#\/schema\/logo\/image\/"},"sameAs":["https:\/\/www.facebook.com\/Laradiolitoral\/"]},{"@type":"Person","@id":"https:\/\/radiolitoral.com\/#\/schema\/person\/f2b2343c49b5d721857cc1002bfdb151","name":"Redacci\u00f3","image":{"@type":"ImageObject","inLanguage":"ca","@id":"https:\/\/secure.gravatar.com\/avatar\/f771d896c203ad8b3382d7905cfcce5a5c9b008b84b3cd9114e9b9f4cb63f789?s=96&d=mm&r=g","url":"https:\/\/secure.gravatar.com\/avatar\/f771d896c203ad8b3382d7905cfcce5a5c9b008b84b3cd9114e9b9f4cb63f789?s=96&d=mm&r=g","contentUrl":"https:\/\/secure.gravatar.com\/avatar\/f771d896c203ad8b3382d7905cfcce5a5c9b008b84b3cd9114e9b9f4cb63f789?s=96&d=mm&r=g","caption":"Redacci\u00f3n"},"url":"https:\/\/radiolitoral.com\/ca\/author\/miriam-pagan\/"}]}},"_links":{"self":[{"href":"https:\/\/radiolitoral.com\/ca\/wp-json\/wp\/v2\/posts\/1465","targetHints":{"allow":["GET"]}}],"collection":[{"href":"https:\/\/radiolitoral.com\/ca\/wp-json\/wp\/v2\/posts"}],"about":[{"href":"https:\/\/radiolitoral.com\/ca\/wp-json\/wp\/v2\/types\/post"}],"author":[{"embeddable":true,"href":"https:\/\/radiolitoral.com\/ca\/wp-json\/wp\/v2\/users\/13"}],"replies":[{"embeddable":true,"href":"https:\/\/radiolitoral.com\/ca\/wp-json\/wp\/v2\/comments?post=1465"}],"version-history":[{"count":1,"href":"https:\/\/radiolitoral.com\/ca\/wp-json\/wp\/v2\/posts\/1465\/revisions"}],"predecessor-version":[{"id":1466,"href":"https:\/\/radiolitoral.com\/ca\/wp-json\/wp\/v2\/posts\/1465\/revisions\/1466"}],"wp:featuredmedia":[{"embeddable":true,"href":"https:\/\/radiolitoral.com\/ca\/wp-json\/wp\/v2\/media\/1467"}],"wp:attachment":[{"href":"https:\/\/radiolitoral.com\/ca\/wp-json\/wp\/v2\/media?parent=1465"}],"wp:term":[{"taxonomy":"category","embeddable":true,"href":"https:\/\/radiolitoral.com\/ca\/wp-json\/wp\/v2\/categories?post=1465"},{"taxonomy":"post_tag","embeddable":true,"href":"https:\/\/radiolitoral.com\/ca\/wp-json\/wp\/v2\/tags?post=1465"}],"curies":[{"name":"wp","href":"https:\/\/api.w.org\/{rel}","templated":true}]}}