{"id":14631,"date":"2025-01-28T11:55:35","date_gmt":"2025-01-28T10:55:35","guid":{"rendered":"https:\/\/radiolitoral.com\/?p=14631"},"modified":"2025-01-28T11:55:35","modified_gmt":"2025-01-28T10:55:35","slug":"victoria-del-paidos-f-fernandez-lluna-sobre-el-joventut-elx-8-1","status":"publish","type":"post","link":"https:\/\/radiolitoral.com\/ca\/2025\/01\/victoria-del-paidos-f-fernandez-luna-sobre-el-joventut-elx-8-1\/","title":{"rendered":"Vict\u00f2ria del Paidos-F. Fern\u00e1ndez Luna sobre el Joventut Elx (8-1)"},"content":{"rendered":"<p>El <strong>pavell\u00f3 municipal de D\u00e9nia<\/strong> va ser escenari d&#039;una vict\u00f2ria aclaparadora del <strong>CD\u00a0<span class=\"hiddenSpellError\">Paidos<\/span>\u2013<span class=\"hiddenSpellError\">F<\/span>. Fern\u00e1ndez\u00a0<span class=\"hiddenSpellError\">Lluna<\/span><\/strong>, que va superar el <strong>Joventut Elx\u00a0<span class=\"hiddenSpellError\">FS<\/span><\/strong>\u00a0per un contundent <strong>8-1<\/strong> al partit corresponent a la Lliga Auton\u00f2mica Juvenil de futbol sala.<\/p>\n<p>L&#039;equip dirigit per\u00a0<span class=\"hiddenSpellError\">Llu\u00eds<\/span>\u00a0<span class=\"hiddenSpellError\">Llinars<\/span>\u00a0i\u00a0<span class=\"hiddenSpellError\">Paco<\/span>\u00a0Pastor no va deixar lloc a la sorpresa i va sortir a la pista amb una intensitat i concentraci\u00f3 m\u00e0xims des del xiulet inicial. Al minut 3, Pablo va inaugurar el marcador, ia\u00a0<span class=\"hiddenSuggestion\">aquest<\/span>\u00a0gol li seguiren els de Miquel, Pablo novament i Pau, deixant un clar 4-0 al descans.<\/p>\n<p>A la represa, el domini local es va mantenir sense concessions. Els deniers ampliaran la seva ventaja amb gols de Bosch, Andreu, Iber i Miquel, consolidant una actuaci\u00f3 brillant. L&#039;\u00fanic gol dels il\u00b7licitans va ser obra de Pablo Gama, que va marcar el punt d&#039;honor per al Joventut Elx\u00a0<span class=\"hiddenSpellError\">FS<\/span>.En finalitzar el partit, l&#039;afici\u00f3 va ovacionar els jugadors locals, reconeixent su gran actuaci\u00f3.<\/p>\n<p>Amb\u00a0<span class=\"hiddenSuggestion\">aquesta<\/span>\u00a0vict\u00f2ria, el CD\u00a0<span class=\"hiddenSpellError\">Paidos<\/span>\u2013<span class=\"hiddenSpellError\">F<\/span>. Fern\u00e1ndez\u00a0<span class=\"hiddenSpellError\">Lluna<\/span>\u00a0es va mantenir com a l\u00edder de la categoria, mantenint un punt d&#039;avantatge sobre l&#039;<strong>Alzira\u00a0<span class=\"hiddenSpellError\">FS<\/span><\/strong>. El proper comprom\u00eds dels col\u00b7legials ser\u00e0 el dijous a les 20.30 hores al pavell\u00f3 de D\u00e9nia, on s&#039;enfrontaran a l&#039;<strong>Aspe\u00a0<span class=\"hiddenSpellError\">FS<\/span><\/strong>.<\/p>\n<p>&nbsp;<\/p>\n<p><script src=\"chrome-extension:\/\/flbolonkboilcbnohjlchlfgdalomdpl\/iFrame.js\" type=\"text\/javascript\"><\/script><\/p>","protected":false},"excerpt":{"rendered":"<p>El pavell\u00f3 municipal de D\u00e9nia va ser escenari d&#8217;una vict\u00f2ria aclaparadora del CD\u00a0Paidos&#8211;F. Fern\u00e1ndez\u00a0Luna, que va superar el Joventut Elx\u00a0FS\u00a0per un contundent 8-1 en el partit corresponent a la Lliga Auton\u00f2mica Juvenil de futbol sala. L&#8217;equip dirigit per\u00a0Luis\u00a0Llinares\u00a0i\u00a0Paco\u00a0Pastor no va deixar lloc a la sorpresa i va eixir a la pista amb una intensitat i [&#8230;]<\/p>\n<p><a class=\"btn btn-secondary understrap-read-more-link\" href=\"https:\/\/radiolitoral.com\/ca\/2025\/01\/victoria-del-paidos-f-fernandez-luna-sobre-el-joventut-elx-8-1\/\">Continua llegint&#8230;<span class=\"screen-reader-text\"> from Victoria del Paidos-F. Fern\u00e1ndez Luna sobre el Joventut Elx (8-1)<\/span><\/a><\/p>\n","protected":false},"author":12,"featured_media":14633,"comment_status":"open","ping_status":"closed","sticky":false,"template":"","format":"standard","meta":{"_acf_changed":false,"inline_featured_image":false,"footnotes":""},"categories":[5],"tags":[2242,6,3472,3471,3467,3469,3153,3159,3470,3468,3466],"class_list":["post-14631","post","type-post","status-publish","format-standard","has-post-thumbnail","hentry","category-deportes","tag-cd-paidos-f-fernandez-luna","tag-deportes","tag-futbol-sala-juvenil-comunitat-valenciana","tag-golejada-futbol-sala-denia","tag-joventut-elx-fs","tag-lider-lliga-autonomica-juvenil","tag-lliga-autonomica-juvenil-futbol-sala","tag-pavello-municipal-denia","tag-proxim-partit-paidos-aspe-fs","tag-resultat-cd-paidos-f-fernandez-luna-8-1","tag-victoria-futbol-sala-denia","cobertura-denia"],"acf":[],"yoast_head":"<!-- This site is optimized with the Yoast SEO plugin v27.5 - https:\/\/yoast.com\/product\/yoast-seo-wordpress\/ -->\n<title>Victoria del Paidos-F. Fern\u00e1ndez Luna sobre el Joventut Elx (8-1) | R\u00e0dio Litoral<\/title>\n<meta name=\"description\" content=\"Els deniers van controlar el partit de principi a fi i no van donar opcions al seu rivalEls deniers van controlar el partit de principi a fi i no van donar opcions al seu rival\" \/>\n<meta name=\"robots\" content=\"index, follow, max-snippet:-1, max-image-preview:large, max-video-preview:-1\" \/>\n<link rel=\"canonical\" href=\"https:\/\/radiolitoral.com\/ca\/2025\/01\/victoria-del-paidos-f-fernandez-lluna-sobre-el-joventut-elx-8-1\/\" \/>\n<meta property=\"og:locale\" content=\"ca_ES\" \/>\n<meta property=\"og:type\" content=\"article\" \/>\n<meta property=\"og:title\" content=\"Victoria del Paidos-F. Fern\u00e1ndez Luna sobre el Joventut Elx (8-1) | R\u00e0dio Litoral\" \/>\n<meta property=\"og:description\" content=\"Els deniers van controlar el partit de principi a fi i no van donar opcions al seu rivalEls deniers van controlar el partit de principi a fi i no van donar opcions al seu rival\" \/>\n<meta property=\"og:url\" content=\"https:\/\/radiolitoral.com\/ca\/2025\/01\/victoria-del-paidos-f-fernandez-lluna-sobre-el-joventut-elx-8-1\/\" \/>\n<meta property=\"og:site_name\" content=\"R\u00e0dio Litoral\" \/>\n<meta property=\"article:publisher\" content=\"https:\/\/www.facebook.com\/Laradiolitoral\/\" \/>\n<meta property=\"article:published_time\" content=\"2025-01-28T10:55:35+00:00\" \/>\n<meta property=\"og:image\" content=\"https:\/\/media.radiolitoral.com\/wp-content\/uploads\/2025\/01\/28115327\/Juvenil-Paidos-F.Fernandez-Luna-2025.jpg\" \/>\n\t<meta property=\"og:image:width\" content=\"1024\" \/>\n\t<meta property=\"og:image:height\" content=\"796\" \/>\n\t<meta property=\"og:image:type\" content=\"image\/jpeg\" \/>\n<meta name=\"author\" content=\"Javier Zamora\" \/>\n<meta name=\"twitter:card\" content=\"summary_large_image\" \/>\n<meta name=\"twitter:label1\" content=\"Escrit per\" \/>\n\t<meta name=\"twitter:data1\" content=\"Javier Zamora\" \/>\n\t<meta name=\"twitter:label2\" content=\"Temps estimat de lectura\" \/>\n\t<meta name=\"twitter:data2\" content=\"2 minuts\" \/>\n<script type=\"application\/ld+json\" class=\"yoast-schema-graph\">{\"@context\":\"https:\\\/\\\/schema.org\",\"@graph\":[{\"@type\":\"NewsArticle\",\"@id\":\"https:\\\/\\\/radiolitoral.com\\\/2025\\\/01\\\/victoria-del-paidos-f-fernandez-luna-sobre-el-joventut-elx-8-1\\\/#article\",\"isPartOf\":{\"@id\":\"https:\\\/\\\/radiolitoral.com\\\/2025\\\/01\\\/victoria-del-paidos-f-fernandez-luna-sobre-el-joventut-elx-8-1\\\/\"},\"author\":{\"name\":\"Javier Zamora\",\"@id\":\"https:\\\/\\\/radiolitoral.com\\\/#\\\/schema\\\/person\\\/7b1480b5caeb5acdd4ec6379caf62b22\"},\"headline\":\"Victoria del Paidos-F. Fern\u00e1ndez Luna sobre el Joventut Elx (8-1)\",\"datePublished\":\"2025-01-28T10:55:35+00:00\",\"mainEntityOfPage\":{\"@id\":\"https:\\\/\\\/radiolitoral.com\\\/2025\\\/01\\\/victoria-del-paidos-f-fernandez-luna-sobre-el-joventut-elx-8-1\\\/\"},\"wordCount\":240,\"commentCount\":0,\"publisher\":{\"@id\":\"https:\\\/\\\/radiolitoral.com\\\/#organization\"},\"image\":{\"@id\":\"https:\\\/\\\/radiolitoral.com\\\/2025\\\/01\\\/victoria-del-paidos-f-fernandez-luna-sobre-el-joventut-elx-8-1\\\/#primaryimage\"},\"thumbnailUrl\":\"https:\\\/\\\/media.radiolitoral.com\\\/wp-content\\\/uploads\\\/2025\\\/01\\\/28115327\\\/Juvenil-Paidos-F.Fernandez-Luna-2025.jpg\",\"keywords\":[\"CD Paidos \u2013 F. Fern\u00e1ndez Luna\",\"deportes\",\"futbol sala juvenil Comunitat Valenciana\",\"golejada futbol sala D\u00e9nia\",\"Joventut Elx FS\",\"l\u00edder Lliga Auton\u00f2mica Juvenil\",\"Lliga Auton\u00f2mica Juvenil Futbol Sala\",\"pavell\u00f3 municipal D\u00e9nia\",\"pr\u00f2xim partit Paidos Aspe FS\",\"resultat CD Paidos-F. Fern\u00e1ndez Luna 8-1\",\"vict\u00f2ria futbol sala D\u00e9nia\"],\"articleSection\":[\"Deportes\"],\"inLanguage\":\"ca\",\"potentialAction\":[{\"@type\":\"CommentAction\",\"name\":\"Comment\",\"target\":[\"https:\\\/\\\/radiolitoral.com\\\/2025\\\/01\\\/victoria-del-paidos-f-fernandez-luna-sobre-el-joventut-elx-8-1\\\/#respond\"]}]},{\"@type\":[\"WebPage\",\"ItemPage\"],\"@id\":\"https:\\\/\\\/radiolitoral.com\\\/2025\\\/01\\\/victoria-del-paidos-f-fernandez-luna-sobre-el-joventut-elx-8-1\\\/\",\"url\":\"https:\\\/\\\/radiolitoral.com\\\/2025\\\/01\\\/victoria-del-paidos-f-fernandez-luna-sobre-el-joventut-elx-8-1\\\/\",\"name\":\"Victoria del Paidos-F. Fern\u00e1ndez Luna sobre el Joventut Elx (8-1) | R\u00e0dio Litoral\",\"isPartOf\":{\"@id\":\"https:\\\/\\\/radiolitoral.com\\\/#website\"},\"primaryImageOfPage\":{\"@id\":\"https:\\\/\\\/radiolitoral.com\\\/2025\\\/01\\\/victoria-del-paidos-f-fernandez-luna-sobre-el-joventut-elx-8-1\\\/#primaryimage\"},\"image\":{\"@id\":\"https:\\\/\\\/radiolitoral.com\\\/2025\\\/01\\\/victoria-del-paidos-f-fernandez-luna-sobre-el-joventut-elx-8-1\\\/#primaryimage\"},\"thumbnailUrl\":\"https:\\\/\\\/media.radiolitoral.com\\\/wp-content\\\/uploads\\\/2025\\\/01\\\/28115327\\\/Juvenil-Paidos-F.Fernandez-Luna-2025.jpg\",\"datePublished\":\"2025-01-28T10:55:35+00:00\",\"description\":\"Els deniers van controlar el partit de principi a fi i no van donar opcions al seu rivalEls deniers van controlar el partit de principi a fi i no van donar opcions al seu rival\",\"breadcrumb\":{\"@id\":\"https:\\\/\\\/radiolitoral.com\\\/2025\\\/01\\\/victoria-del-paidos-f-fernandez-luna-sobre-el-joventut-elx-8-1\\\/#breadcrumb\"},\"inLanguage\":\"ca\",\"potentialAction\":[{\"@type\":\"ReadAction\",\"target\":[\"https:\\\/\\\/radiolitoral.com\\\/2025\\\/01\\\/victoria-del-paidos-f-fernandez-luna-sobre-el-joventut-elx-8-1\\\/\"]}]},{\"@type\":\"ImageObject\",\"inLanguage\":\"ca\",\"@id\":\"https:\\\/\\\/radiolitoral.com\\\/2025\\\/01\\\/victoria-del-paidos-f-fernandez-luna-sobre-el-joventut-elx-8-1\\\/#primaryimage\",\"url\":\"https:\\\/\\\/media.radiolitoral.com\\\/wp-content\\\/uploads\\\/2025\\\/01\\\/28115327\\\/Juvenil-Paidos-F.Fernandez-Luna-2025.jpg\",\"contentUrl\":\"https:\\\/\\\/media.radiolitoral.com\\\/wp-content\\\/uploads\\\/2025\\\/01\\\/28115327\\\/Juvenil-Paidos-F.Fernandez-Luna-2025.jpg\",\"width\":1024,\"height\":796},{\"@type\":\"BreadcrumbList\",\"@id\":\"https:\\\/\\\/radiolitoral.com\\\/2025\\\/01\\\/victoria-del-paidos-f-fernandez-luna-sobre-el-joventut-elx-8-1\\\/#breadcrumb\",\"itemListElement\":[{\"@type\":\"ListItem\",\"position\":1,\"name\":\"Portada\",\"item\":\"https:\\\/\\\/radiolitoral.com\\\/\"},{\"@type\":\"ListItem\",\"position\":2,\"name\":\"Victoria del Paidos-F. Fern\u00e1ndez Luna sobre el Joventut Elx (8-1)\"}]},{\"@type\":\"WebSite\",\"@id\":\"https:\\\/\\\/radiolitoral.com\\\/#website\",\"url\":\"https:\\\/\\\/radiolitoral.com\\\/\",\"name\":\"Radio Litoral\",\"description\":\"La radio local de la Marina Alta\",\"publisher\":{\"@id\":\"https:\\\/\\\/radiolitoral.com\\\/#organization\"},\"alternateName\":\"Litoral FM\",\"potentialAction\":[{\"@type\":\"SearchAction\",\"target\":{\"@type\":\"EntryPoint\",\"urlTemplate\":\"https:\\\/\\\/radiolitoral.com\\\/?s={search_term_string}\"},\"query-input\":{\"@type\":\"PropertyValueSpecification\",\"valueRequired\":true,\"valueName\":\"search_term_string\"}}],\"inLanguage\":\"ca\"},{\"@type\":\"Organization\",\"@id\":\"https:\\\/\\\/radiolitoral.com\\\/#organization\",\"name\":\"Radio Litoral\",\"url\":\"https:\\\/\\\/radiolitoral.com\\\/\",\"logo\":{\"@type\":\"ImageObject\",\"inLanguage\":\"ca\",\"@id\":\"https:\\\/\\\/radiolitoral.com\\\/#\\\/schema\\\/logo\\\/image\\\/\",\"url\":\"https:\\\/\\\/media.radiolitoral.com\\\/wp-content\\\/uploads\\\/2023\\\/02\\\/24143238\\\/CL-V-RadioLitoral696.png\",\"contentUrl\":\"https:\\\/\\\/media.radiolitoral.com\\\/wp-content\\\/uploads\\\/2023\\\/02\\\/24143238\\\/CL-V-RadioLitoral696.png\",\"width\":696,\"height\":696,\"caption\":\"Radio Litoral\"},\"image\":{\"@id\":\"https:\\\/\\\/radiolitoral.com\\\/#\\\/schema\\\/logo\\\/image\\\/\"},\"sameAs\":[\"https:\\\/\\\/www.facebook.com\\\/Laradiolitoral\\\/\"]},{\"@type\":\"Person\",\"@id\":\"https:\\\/\\\/radiolitoral.com\\\/#\\\/schema\\\/person\\\/7b1480b5caeb5acdd4ec6379caf62b22\",\"name\":\"Javier Zamora\",\"image\":{\"@type\":\"ImageObject\",\"inLanguage\":\"ca\",\"@id\":\"https:\\\/\\\/secure.gravatar.com\\\/avatar\\\/467a11f6918c7d619c4043fc6fa2d3853053107973f05b6e9c04ea6c4e3a7b3f?s=96&d=mm&r=g\",\"url\":\"https:\\\/\\\/secure.gravatar.com\\\/avatar\\\/467a11f6918c7d619c4043fc6fa2d3853053107973f05b6e9c04ea6c4e3a7b3f?s=96&d=mm&r=g\",\"contentUrl\":\"https:\\\/\\\/secure.gravatar.com\\\/avatar\\\/467a11f6918c7d619c4043fc6fa2d3853053107973f05b6e9c04ea6c4e3a7b3f?s=96&d=mm&r=g\",\"caption\":\"Javier Zamora\"},\"url\":\"https:\\\/\\\/radiolitoral.com\\\/ca\\\/author\\\/javier-zamora\\\/\"}]}<\/script>\n<!-- \/ Yoast SEO plugin. -->","yoast_head_json":{"title":"Vict\u00f2ria del Paidos-F. Fern\u00e1ndez Luna sobre el Joventut Elx (8-1) | R\u00e0dio Litoral","description":"Els deniers van controlar el partit de principi a fi i no van donar opcions al seu rival Els deniers van controlar el partit de principi a fi i no van donar opcions al seu rival","robots":{"index":"index","follow":"follow","max-snippet":"max-snippet:-1","max-image-preview":"max-image-preview:large","max-video-preview":"max-video-preview:-1"},"canonical":"https:\/\/radiolitoral.com\/ca\/2025\/01\/victoria-del-paidos-f-fernandez-lluna-sobre-el-joventut-elx-8-1\/","og_locale":"ca_ES","og_type":"article","og_title":"Victoria del Paidos-F. Fern\u00e1ndez Luna sobre el Joventut Elx (8-1) | R\u00e0dio Litoral","og_description":"Els deniers van controlar el partit de principi a fi i no van donar opcions al seu rivalEls deniers van controlar el partit de principi a fi i no van donar opcions al seu rival","og_url":"https:\/\/radiolitoral.com\/ca\/2025\/01\/victoria-del-paidos-f-fernandez-lluna-sobre-el-joventut-elx-8-1\/","og_site_name":"R\u00e0dio Litoral","article_publisher":"https:\/\/www.facebook.com\/Laradiolitoral\/","article_published_time":"2025-01-28T10:55:35+00:00","og_image":[{"width":1024,"height":796,"url":"https:\/\/media.radiolitoral.com\/wp-content\/uploads\/2025\/01\/28115327\/Juvenil-Paidos-F.Fernandez-Luna-2025.jpg","type":"image\/jpeg"}],"author":"Javier Zamora","twitter_card":"summary_large_image","twitter_misc":{"Escrit per":"Javier Zamora","Temps estimat de lectura":"2 minuts"},"schema":{"@context":"https:\/\/schema.org","@graph":[{"@type":"NewsArticle","@id":"https:\/\/radiolitoral.com\/2025\/01\/victoria-del-paidos-f-fernandez-luna-sobre-el-joventut-elx-8-1\/#article","isPartOf":{"@id":"https:\/\/radiolitoral.com\/2025\/01\/victoria-del-paidos-f-fernandez-luna-sobre-el-joventut-elx-8-1\/"},"author":{"name":"Javier Zamora","@id":"https:\/\/radiolitoral.com\/#\/schema\/person\/7b1480b5caeb5acdd4ec6379caf62b22"},"headline":"Victoria del Paidos-F. Fern\u00e1ndez Luna sobre el Joventut Elx (8-1)","datePublished":"2025-01-28T10:55:35+00:00","mainEntityOfPage":{"@id":"https:\/\/radiolitoral.com\/2025\/01\/victoria-del-paidos-f-fernandez-luna-sobre-el-joventut-elx-8-1\/"},"wordCount":240,"commentCount":0,"publisher":{"@id":"https:\/\/radiolitoral.com\/#organization"},"image":{"@id":"https:\/\/radiolitoral.com\/2025\/01\/victoria-del-paidos-f-fernandez-luna-sobre-el-joventut-elx-8-1\/#primaryimage"},"thumbnailUrl":"https:\/\/media.radiolitoral.com\/wp-content\/uploads\/2025\/01\/28115327\/Juvenil-Paidos-F.Fernandez-Luna-2025.jpg","keywords":["CD Paidos \u2013 F. Fern\u00e1ndez Luna","deportes","futbol sala juvenil Comunitat Valenciana","golejada futbol sala D\u00e9nia","Joventut Elx FS","l\u00edder Lliga Auton\u00f2mica Juvenil","Lliga Auton\u00f2mica Juvenil Futbol Sala","pavell\u00f3 municipal D\u00e9nia","pr\u00f2xim partit Paidos Aspe FS","resultat CD Paidos-F. Fern\u00e1ndez Luna 8-1","vict\u00f2ria futbol sala D\u00e9nia"],"articleSection":["Deportes"],"inLanguage":"ca","potentialAction":[{"@type":"CommentAction","name":"Comment","target":["https:\/\/radiolitoral.com\/2025\/01\/victoria-del-paidos-f-fernandez-luna-sobre-el-joventut-elx-8-1\/#respond"]}]},{"@type":["WebPage","ItemPage"],"@id":"https:\/\/radiolitoral.com\/2025\/01\/victoria-del-paidos-f-fernandez-luna-sobre-el-joventut-elx-8-1\/","url":"https:\/\/radiolitoral.com\/2025\/01\/victoria-del-paidos-f-fernandez-luna-sobre-el-joventut-elx-8-1\/","name":"Vict\u00f2ria del Paidos-F. Fern\u00e1ndez Luna sobre el Joventut Elx (8-1) | R\u00e0dio Litoral","isPartOf":{"@id":"https:\/\/radiolitoral.com\/#website"},"primaryImageOfPage":{"@id":"https:\/\/radiolitoral.com\/2025\/01\/victoria-del-paidos-f-fernandez-luna-sobre-el-joventut-elx-8-1\/#primaryimage"},"image":{"@id":"https:\/\/radiolitoral.com\/2025\/01\/victoria-del-paidos-f-fernandez-luna-sobre-el-joventut-elx-8-1\/#primaryimage"},"thumbnailUrl":"https:\/\/media.radiolitoral.com\/wp-content\/uploads\/2025\/01\/28115327\/Juvenil-Paidos-F.Fernandez-Luna-2025.jpg","datePublished":"2025-01-28T10:55:35+00:00","description":"Els deniers van controlar el partit de principi a fi i no van donar opcions al seu rival Els deniers van controlar el partit de principi a fi i no van donar opcions al seu rival","breadcrumb":{"@id":"https:\/\/radiolitoral.com\/2025\/01\/victoria-del-paidos-f-fernandez-luna-sobre-el-joventut-elx-8-1\/#breadcrumb"},"inLanguage":"ca","potentialAction":[{"@type":"ReadAction","target":["https:\/\/radiolitoral.com\/2025\/01\/victoria-del-paidos-f-fernandez-luna-sobre-el-joventut-elx-8-1\/"]}]},{"@type":"ImageObject","inLanguage":"ca","@id":"https:\/\/radiolitoral.com\/2025\/01\/victoria-del-paidos-f-fernandez-luna-sobre-el-joventut-elx-8-1\/#primaryimage","url":"https:\/\/media.radiolitoral.com\/wp-content\/uploads\/2025\/01\/28115327\/Juvenil-Paidos-F.Fernandez-Luna-2025.jpg","contentUrl":"https:\/\/media.radiolitoral.com\/wp-content\/uploads\/2025\/01\/28115327\/Juvenil-Paidos-F.Fernandez-Luna-2025.jpg","width":1024,"height":796},{"@type":"BreadcrumbList","@id":"https:\/\/radiolitoral.com\/2025\/01\/victoria-del-paidos-f-fernandez-luna-sobre-el-joventut-elx-8-1\/#breadcrumb","itemListElement":[{"@type":"ListItem","position":1,"name":"Portada","item":"https:\/\/radiolitoral.com\/"},{"@type":"ListItem","position":2,"name":"Victoria del Paidos-F. Fern\u00e1ndez Luna sobre el Joventut Elx (8-1)"}]},{"@type":"WebSite","@id":"https:\/\/radiolitoral.com\/#website","url":"https:\/\/radiolitoral.com\/","name":"R\u00e0dio Litoral","description":"La r\u00e0dio local de la Marina Alta","publisher":{"@id":"https:\/\/radiolitoral.com\/#organization"},"alternateName":"Litoral FM","potentialAction":[{"@type":"SearchAction","target":{"@type":"EntryPoint","urlTemplate":"https:\/\/radiolitoral.com\/?s={search_term_string}"},"query-input":{"@type":"PropertyValueSpecification","valueRequired":true,"valueName":"search_term_string"}}],"inLanguage":"ca"},{"@type":"Organization","@id":"https:\/\/radiolitoral.com\/#organization","name":"R\u00e0dio Litoral","url":"https:\/\/radiolitoral.com\/","logo":{"@type":"ImageObject","inLanguage":"ca","@id":"https:\/\/radiolitoral.com\/#\/schema\/logo\/image\/","url":"https:\/\/media.radiolitoral.com\/wp-content\/uploads\/2023\/02\/24143238\/CL-V-RadioLitoral696.png","contentUrl":"https:\/\/media.radiolitoral.com\/wp-content\/uploads\/2023\/02\/24143238\/CL-V-RadioLitoral696.png","width":696,"height":696,"caption":"Radio Litoral"},"image":{"@id":"https:\/\/radiolitoral.com\/#\/schema\/logo\/image\/"},"sameAs":["https:\/\/www.facebook.com\/Laradiolitoral\/"]},{"@type":"Person","@id":"https:\/\/radiolitoral.com\/#\/schema\/person\/7b1480b5caeb5acdd4ec6379caf62b22","name":"Javier Zamora","image":{"@type":"ImageObject","inLanguage":"ca","@id":"https:\/\/secure.gravatar.com\/avatar\/467a11f6918c7d619c4043fc6fa2d3853053107973f05b6e9c04ea6c4e3a7b3f?s=96&d=mm&r=g","url":"https:\/\/secure.gravatar.com\/avatar\/467a11f6918c7d619c4043fc6fa2d3853053107973f05b6e9c04ea6c4e3a7b3f?s=96&d=mm&r=g","contentUrl":"https:\/\/secure.gravatar.com\/avatar\/467a11f6918c7d619c4043fc6fa2d3853053107973f05b6e9c04ea6c4e3a7b3f?s=96&d=mm&r=g","caption":"Javier Zamora"},"url":"https:\/\/radiolitoral.com\/ca\/author\/javier-zamora\/"}]}},"_links":{"self":[{"href":"https:\/\/radiolitoral.com\/ca\/wp-json\/wp\/v2\/posts\/14631","targetHints":{"allow":["GET"]}}],"collection":[{"href":"https:\/\/radiolitoral.com\/ca\/wp-json\/wp\/v2\/posts"}],"about":[{"href":"https:\/\/radiolitoral.com\/ca\/wp-json\/wp\/v2\/types\/post"}],"author":[{"embeddable":true,"href":"https:\/\/radiolitoral.com\/ca\/wp-json\/wp\/v2\/users\/12"}],"replies":[{"embeddable":true,"href":"https:\/\/radiolitoral.com\/ca\/wp-json\/wp\/v2\/comments?post=14631"}],"version-history":[{"count":2,"href":"https:\/\/radiolitoral.com\/ca\/wp-json\/wp\/v2\/posts\/14631\/revisions"}],"predecessor-version":[{"id":14635,"href":"https:\/\/radiolitoral.com\/ca\/wp-json\/wp\/v2\/posts\/14631\/revisions\/14635"}],"wp:featuredmedia":[{"embeddable":true,"href":"https:\/\/radiolitoral.com\/ca\/wp-json\/wp\/v2\/media\/14633"}],"wp:attachment":[{"href":"https:\/\/radiolitoral.com\/ca\/wp-json\/wp\/v2\/media?parent=14631"}],"wp:term":[{"taxonomy":"category","embeddable":true,"href":"https:\/\/radiolitoral.com\/ca\/wp-json\/wp\/v2\/categories?post=14631"},{"taxonomy":"post_tag","embeddable":true,"href":"https:\/\/radiolitoral.com\/ca\/wp-json\/wp\/v2\/tags?post=14631"}],"curies":[{"name":"wp","href":"https:\/\/api.w.org\/{rel}","templated":true}]}}