{"id":14580,"date":"2025-01-26T10:06:09","date_gmt":"2025-01-26T09:06:09","guid":{"rendered":"https:\/\/radiolitoral.com\/?p=14580"},"modified":"2025-01-26T10:06:09","modified_gmt":"2025-01-26T09:06:09","slug":"el-tram-dalacant-estrena-el-tram-altea-calp-amb-trens-duals-i-millores-en-mobilitat-sostenible","status":"publish","type":"post","link":"https:\/\/radiolitoral.com\/ca\/2025\/01\/el-tram-dalacant-estrena-el-tram-altea-calp-amb-trens-duals-i-millores-en-mobilitat-sostenible\/","title":{"rendered":"El TRAM d&#039;Alacant estrena el tram Altea-Calp amb trens duals i millores en mobilitat sostenible"},"content":{"rendered":"<p>El <strong>president de la Generalitat, <span class=\"hiddenSpellError\">Carles<\/span> <span class=\"hiddenSpellError\">Ma\u00f3<\/span>,<\/strong> ha anunciat l<strong>&#039;entrada en servei del tram Altea-Calp de la L\u00ednia 9 del TRAM d&#039;Alacant,<\/strong> que permetr\u00e0 realitzar el trajecte Benidorm-D\u00e9nia sense transbords.<\/p>\n<p><span class=\"hiddenSuggestion\">Aquesta<\/span> actuaci\u00f3 posa fi a les interrupcions del servei des de l&#039;abril del 2023, gr\u00e0cies a la renovaci\u00f3 dels viaductes de l&#039;Algar i el Mascarat, amb una<strong> inversi\u00f3 total de 20 milions d&#039;euros, incloent-hi 16 milions de fons europeus<\/strong> per a les infraestructures principals.<\/p>\n<p>Durant la inauguraci\u00f3, <span class=\"hiddenSpellError\">Ma\u00f3<\/span> ha destacat que <span class=\"hiddenSuggestion\">aquesta<\/span> <strong>obra \u00abahorra gaireb\u00e9 una hora al dia\u00bb<\/strong> a les persones que fan el trajecte D\u00e9nia-Alacant, l&#039;equivalent a una setmana anual per als usuaris freq\u00fcents.<\/p>\n<p>Amb l&#039;<strong>arribada dels nous trens duals (di\u00e8sel-el\u00e8ctric),<\/strong> el servei \u00e9s torna <strong>m\u00e9s sostenible, r\u00e0pid i accessible,<\/strong> adaptant-se a les necessitats dels viatges i fomentant el turisme a zones estrat\u00e8giques.<\/p>\n<div id='gallery-1' class='gallery galleryid-14580 gallery-columns-2 gallery-size-full'><figure class='gallery-item'>\n\t\t\t<div class='gallery-icon landscape'>\n\t\t\t\t<a href='https:\/\/radiolitoral.com\/ca\/2025\/01\/el-tram-dalacant-estrena-el-tram-altea-calp-amb-trens-duals-i-millores-en-mobilitat-sostenible\/mazon-tram-altea-calp\/'><img loading=\"lazy\" decoding=\"async\" width=\"2560\" height=\"1707\" src=\"https:\/\/media.radiolitoral.com\/wp-content\/uploads\/2025\/01\/26100002\/Mazon-TRAM-Altea-Calp-scaled.jpg\" class=\"attachment-full size-full\" alt=\"\" aria-describedby=\"gallery-1-14581\" srcset=\"https:\/\/media.radiolitoral.com\/wp-content\/uploads\/2025\/01\/26100002\/Mazon-TRAM-Altea-Calp-scaled.jpg 2560w, https:\/\/media.radiolitoral.com\/wp-content\/uploads\/2025\/01\/26100002\/Mazon-TRAM-Altea-Calp-300x200.jpg 300w, https:\/\/media.radiolitoral.com\/wp-content\/uploads\/2025\/01\/26100002\/Mazon-TRAM-Altea-Calp-1024x683.jpg 1024w, https:\/\/media.radiolitoral.com\/wp-content\/uploads\/2025\/01\/26100002\/Mazon-TRAM-Altea-Calp-768x512.jpg 768w, https:\/\/media.radiolitoral.com\/wp-content\/uploads\/2025\/01\/26100002\/Mazon-TRAM-Altea-Calp-1536x1024.jpg 1536w, https:\/\/media.radiolitoral.com\/wp-content\/uploads\/2025\/01\/26100002\/Mazon-TRAM-Altea-Calp-2048x1365.jpg 2048w, https:\/\/media.radiolitoral.com\/wp-content\/uploads\/2025\/01\/26100002\/Mazon-TRAM-Altea-Calp-18x12.jpg 18w, https:\/\/media.radiolitoral.com\/wp-content\/uploads\/2025\/01\/26100002\/Mazon-TRAM-Altea-Calp-1000x667.jpg 1000w, https:\/\/media.radiolitoral.com\/wp-content\/uploads\/2025\/01\/26100002\/Mazon-TRAM-Altea-Calp-100x67.jpg 100w, https:\/\/media.radiolitoral.com\/wp-content\/uploads\/2025\/01\/26100002\/Mazon-TRAM-Altea-Calp-200x133.jpg 200w\" sizes=\"auto, (max-width: 2560px) 100vw, 2560px\" \/><\/a>\n\t\t\t<\/div>\n\t\t\t\t<figcaption class='wp-caption-text gallery-caption' id='gallery-1-14581'>\n\t\t\t\tVisita de Carlos Maz\u00f3n als nous ponts d&#039;Algar i Mascarat. \/ GVA \n\t\t\t\t<\/figcaption><\/figure><figure class='gallery-item'>\n\t\t\t<div class='gallery-icon landscape'>\n\t\t\t\t<a href='https:\/\/radiolitoral.com\/ca\/2025\/01\/el-tram-dalacant-estrena-el-tram-altea-calp-amb-trens-duals-i-millores-en-mobilitat-sostenible\/mazon-tram-altea-calp-3\/'><img loading=\"lazy\" decoding=\"async\" width=\"2560\" height=\"1707\" src=\"https:\/\/media.radiolitoral.com\/wp-content\/uploads\/2025\/01\/26100027\/Mazon-TRAM-Altea-Calp-3-scaled.jpg\" class=\"attachment-full size-full\" alt=\"\" aria-describedby=\"gallery-1-14582\" srcset=\"https:\/\/media.radiolitoral.com\/wp-content\/uploads\/2025\/01\/26100027\/Mazon-TRAM-Altea-Calp-3-scaled.jpg 2560w, https:\/\/media.radiolitoral.com\/wp-content\/uploads\/2025\/01\/26100027\/Mazon-TRAM-Altea-Calp-3-300x200.jpg 300w, https:\/\/media.radiolitoral.com\/wp-content\/uploads\/2025\/01\/26100027\/Mazon-TRAM-Altea-Calp-3-1024x683.jpg 1024w, https:\/\/media.radiolitoral.com\/wp-content\/uploads\/2025\/01\/26100027\/Mazon-TRAM-Altea-Calp-3-768x512.jpg 768w, https:\/\/media.radiolitoral.com\/wp-content\/uploads\/2025\/01\/26100027\/Mazon-TRAM-Altea-Calp-3-1536x1024.jpg 1536w, https:\/\/media.radiolitoral.com\/wp-content\/uploads\/2025\/01\/26100027\/Mazon-TRAM-Altea-Calp-3-2048x1365.jpg 2048w, https:\/\/media.radiolitoral.com\/wp-content\/uploads\/2025\/01\/26100027\/Mazon-TRAM-Altea-Calp-3-18x12.jpg 18w, https:\/\/media.radiolitoral.com\/wp-content\/uploads\/2025\/01\/26100027\/Mazon-TRAM-Altea-Calp-3-1000x667.jpg 1000w, https:\/\/media.radiolitoral.com\/wp-content\/uploads\/2025\/01\/26100027\/Mazon-TRAM-Altea-Calp-3-100x67.jpg 100w, https:\/\/media.radiolitoral.com\/wp-content\/uploads\/2025\/01\/26100027\/Mazon-TRAM-Altea-Calp-3-200x133.jpg 200w\" sizes=\"auto, (max-width: 2560px) 100vw, 2560px\" \/><\/a>\n\t\t\t<\/div>\n\t\t\t\t<figcaption class='wp-caption-text gallery-caption' id='gallery-1-14582'>\n\t\t\t\tVisita de Carlos Maz\u00f3n als nous ponts d&#039;Algar i Mascarat. \/ GVA \n\t\t\t\t<\/figcaption><\/figure>\n\t\t<\/div>\n\n<h3>Preservaci\u00f3 patrimonial i millores t\u00e8cniques<\/h3>\n<p>La renovaci\u00f3 dels viaductes tamb\u00e9 ha respectat el patrimoni local.<\/p>\n<p>El <strong>viaducte antic del riu Algar,<\/strong> constru\u00eft entre 1913 i 1915, es mantindr\u00e0 com a passarel\u00b7la per a vianants, preservant el seu valor hist\u00f2ric i integrant-lo paisatg\u00edsticament amb el nou pont.<\/p>\n<p>Pel que fa al <strong>Mascarat, el nou viaducte<\/strong> conserva una est\u00e8tica similar a l&#039;original, refor\u00e7ant a m\u00e9s la seguretat dels t\u00fanels propers, que van ser afectats per l&#039;incendi forestal de gener de 2024.<\/p>\n<p>Les actuacions han incl\u00f2s la <strong>renovaci\u00f3 completa de la superestructura ferrovi\u00e0ri<\/strong>ai la col\u00b7locaci\u00f3 de 12.475 metres quadrats de talussos amb malls de triple torsi\u00f3 reforzada, garantint la seguretat a tota la zona.<\/p>\n<p><span class=\"hiddenSpellError\">Ma\u00f3<\/span> ha subratllat que <span class=\"hiddenSuggestion\">aquestes<\/span> obres vertebren i connectin la prov\u00edncia d&#039;Alacant, consolidant el seu atractiu tur\u00edstic i millorant la mobilitat ferrovi\u00e0ria sostenible amb sentit com\u00fa. <span class=\"hiddenSuggestion\">Aquest<\/span> projecte reafirma el comprom\u00eds de la Generalitat amb les infraestructures de qualitat i la modernitzaci\u00f3 del transport p\u00fablic a la Comunitat Valenciana.<\/p>\n<div id='gallery-2' class='gallery galleryid-14580 gallery-columns-2 gallery-size-full'><figure class='gallery-item'>\n\t\t\t<div class='gallery-icon landscape'>\n\t\t\t\t<a href='https:\/\/radiolitoral.com\/ca\/2025\/01\/el-tram-dalacant-estrena-el-tram-altea-calp-amb-trens-duals-i-millores-en-mobilitat-sostenible\/mazon-tram-altea-calp-4\/'><img loading=\"lazy\" decoding=\"async\" width=\"2560\" height=\"1707\" src=\"https:\/\/media.radiolitoral.com\/wp-content\/uploads\/2025\/01\/26100227\/Mazon-TRAM-Altea-Calp-4-scaled.jpg\" class=\"attachment-full size-full\" alt=\"\" aria-describedby=\"gallery-2-14583\" srcset=\"https:\/\/media.radiolitoral.com\/wp-content\/uploads\/2025\/01\/26100227\/Mazon-TRAM-Altea-Calp-4-scaled.jpg 2560w, https:\/\/media.radiolitoral.com\/wp-content\/uploads\/2025\/01\/26100227\/Mazon-TRAM-Altea-Calp-4-300x200.jpg 300w, https:\/\/media.radiolitoral.com\/wp-content\/uploads\/2025\/01\/26100227\/Mazon-TRAM-Altea-Calp-4-1024x683.jpg 1024w, https:\/\/media.radiolitoral.com\/wp-content\/uploads\/2025\/01\/26100227\/Mazon-TRAM-Altea-Calp-4-768x512.jpg 768w, https:\/\/media.radiolitoral.com\/wp-content\/uploads\/2025\/01\/26100227\/Mazon-TRAM-Altea-Calp-4-1536x1024.jpg 1536w, https:\/\/media.radiolitoral.com\/wp-content\/uploads\/2025\/01\/26100227\/Mazon-TRAM-Altea-Calp-4-2048x1365.jpg 2048w, https:\/\/media.radiolitoral.com\/wp-content\/uploads\/2025\/01\/26100227\/Mazon-TRAM-Altea-Calp-4-18x12.jpg 18w, https:\/\/media.radiolitoral.com\/wp-content\/uploads\/2025\/01\/26100227\/Mazon-TRAM-Altea-Calp-4-1000x667.jpg 1000w, https:\/\/media.radiolitoral.com\/wp-content\/uploads\/2025\/01\/26100227\/Mazon-TRAM-Altea-Calp-4-100x67.jpg 100w, https:\/\/media.radiolitoral.com\/wp-content\/uploads\/2025\/01\/26100227\/Mazon-TRAM-Altea-Calp-4-200x133.jpg 200w\" sizes=\"auto, (max-width: 2560px) 100vw, 2560px\" \/><\/a>\n\t\t\t<\/div>\n\t\t\t\t<figcaption class='wp-caption-text gallery-caption' id='gallery-2-14583'>\n\t\t\t\tVisita de Carlos Maz\u00f3n als nous ponts d&#039;Algar i Mascarat. \/ GVA \n\t\t\t\t<\/figcaption><\/figure><figure class='gallery-item'>\n\t\t\t<div class='gallery-icon landscape'>\n\t\t\t\t<a href='https:\/\/radiolitoral.com\/ca\/2025\/01\/el-tram-dalacant-estrena-el-tram-altea-calp-amb-trens-duals-i-millores-en-mobilitat-sostenible\/mazon-tram-altea-calp-2\/'><img loading=\"lazy\" decoding=\"async\" width=\"2560\" height=\"1707\" src=\"https:\/\/media.radiolitoral.com\/wp-content\/uploads\/2025\/01\/26100254\/Mazon-TRAM-Altea-Calp-2-scaled.jpg\" class=\"attachment-full size-full\" alt=\"\" aria-describedby=\"gallery-2-14584\" srcset=\"https:\/\/media.radiolitoral.com\/wp-content\/uploads\/2025\/01\/26100254\/Mazon-TRAM-Altea-Calp-2-scaled.jpg 2560w, https:\/\/media.radiolitoral.com\/wp-content\/uploads\/2025\/01\/26100254\/Mazon-TRAM-Altea-Calp-2-300x200.jpg 300w, https:\/\/media.radiolitoral.com\/wp-content\/uploads\/2025\/01\/26100254\/Mazon-TRAM-Altea-Calp-2-1024x683.jpg 1024w, https:\/\/media.radiolitoral.com\/wp-content\/uploads\/2025\/01\/26100254\/Mazon-TRAM-Altea-Calp-2-768x512.jpg 768w, https:\/\/media.radiolitoral.com\/wp-content\/uploads\/2025\/01\/26100254\/Mazon-TRAM-Altea-Calp-2-1536x1024.jpg 1536w, https:\/\/media.radiolitoral.com\/wp-content\/uploads\/2025\/01\/26100254\/Mazon-TRAM-Altea-Calp-2-2048x1365.jpg 2048w, https:\/\/media.radiolitoral.com\/wp-content\/uploads\/2025\/01\/26100254\/Mazon-TRAM-Altea-Calp-2-18x12.jpg 18w, https:\/\/media.radiolitoral.com\/wp-content\/uploads\/2025\/01\/26100254\/Mazon-TRAM-Altea-Calp-2-1000x667.jpg 1000w, https:\/\/media.radiolitoral.com\/wp-content\/uploads\/2025\/01\/26100254\/Mazon-TRAM-Altea-Calp-2-100x67.jpg 100w, https:\/\/media.radiolitoral.com\/wp-content\/uploads\/2025\/01\/26100254\/Mazon-TRAM-Altea-Calp-2-200x133.jpg 200w\" sizes=\"auto, (max-width: 2560px) 100vw, 2560px\" \/><\/a>\n\t\t\t<\/div>\n\t\t\t\t<figcaption class='wp-caption-text gallery-caption' id='gallery-2-14584'>\n\t\t\t\tVisita de Carlos Maz\u00f3n als nous ponts d&#039;Algar i Mascarat. \/ GVA \n\t\t\t\t<\/figcaption><\/figure>\n\t\t<\/div>","protected":false},"excerpt":{"rendered":"<p>El president de la Generalitat, Carlos Maz\u00f3n, ha anunciat l&#8216;entrada en servei del tram Altea-Calp de la L\u00ednia 9 del TRAM d&#8217;Alacant, que permetr\u00e0 realitzar el trajecte Benidorm-D\u00e9nia sense transbords. Aquesta actuaci\u00f3 posa fi a les interrupcions del servei des de l\u2019abril de 2023, gr\u00e0cies a la renovaci\u00f3 dels viaductes de l\u2019Algar i el Mascarat, [&#8230;]<\/p>\n<p><a class=\"btn btn-secondary understrap-read-more-link\" href=\"https:\/\/radiolitoral.com\/ca\/2025\/01\/el-tram-dalacant-estrena-el-tram-altea-calp-amb-trens-duals-i-millores-en-mobilitat-sostenible\/\">Continua llegint&#8230;<span class=\"screen-reader-text\"> from El TRAM d\u2019Alacant estrena el tram Altea-Calp amb trens duals i millores en mobilitat sostenible<\/span><\/a><\/p>\n","protected":false},"author":13,"featured_media":14583,"comment_status":"open","ping_status":"closed","sticky":false,"template":"","format":"standard","meta":{"_acf_changed":false,"inline_featured_image":false,"footnotes":""},"categories":[100],"tags":[2149,122,418,1472,3434,3439,3437,3433,3432,3438,3436,3435],"class_list":["post-14580","post","type-post","status-publish","format-standard","has-post-thumbnail","hentry","category-obras","tag-altea","tag-calp","tag-carlos-mazon","tag-generalitat-valenciana","tag-linea-9-tram","tag-obras-tram-altea-calp","tag-renovacion-tram-alicante","tag-tram-altea-calp","tag-tram-dalacant","tag-trayecto-benidorm-denia","tag-trenes-duales-electricos-diesel","tag-viaductos-algar-y-mascarat","cobertura-marina-alta"],"acf":[],"yoast_head":"<!-- This site is optimized with the Yoast SEO plugin v27.5 - https:\/\/yoast.com\/product\/yoast-seo-wordpress\/ -->\n<title>El TRAM d\u2019Alacant estrena el tram Altea-Calp amb trens duals i millores en mobilitat sostenible | R\u00e0dio Litoral<\/title>\n<meta name=\"description\" content=\"El 28 de gener entra en servei el tram Altea-Calp del TRAM El 28 de gener entra en servei el tram Altea-Calp del TRAM\" \/>\n<meta name=\"robots\" content=\"index, follow, max-snippet:-1, max-image-preview:large, max-video-preview:-1\" \/>\n<link rel=\"canonical\" href=\"https:\/\/radiolitoral.com\/ca\/2025\/01\/el-tram-dalacant-estrena-el-tram-altea-calp-amb-trens-duals-i-millores-en-mobilitat-sostenible\/\" \/>\n<meta property=\"og:locale\" content=\"ca_ES\" \/>\n<meta property=\"og:type\" content=\"article\" \/>\n<meta property=\"og:title\" content=\"El TRAM d\u2019Alacant estrena el tram Altea-Calp amb trens duals i millores en mobilitat sostenible | R\u00e0dio Litoral\" \/>\n<meta property=\"og:description\" content=\"El 28 de gener entra en servei el tram Altea-Calp del TRAM El 28 de gener entra en servei el tram Altea-Calp del TRAM\" \/>\n<meta property=\"og:url\" content=\"https:\/\/radiolitoral.com\/ca\/2025\/01\/el-tram-dalacant-estrena-el-tram-altea-calp-amb-trens-duals-i-millores-en-mobilitat-sostenible\/\" \/>\n<meta property=\"og:site_name\" content=\"R\u00e0dio Litoral\" \/>\n<meta property=\"article:publisher\" content=\"https:\/\/www.facebook.com\/Laradiolitoral\/\" \/>\n<meta property=\"article:published_time\" content=\"2025-01-26T09:06:09+00:00\" \/>\n<meta property=\"og:image\" content=\"https:\/\/media.radiolitoral.com\/wp-content\/uploads\/2025\/01\/26100227\/Mazon-TRAM-Altea-Calp-4-scaled.jpg\" \/>\n\t<meta property=\"og:image:width\" content=\"2560\" \/>\n\t<meta property=\"og:image:height\" content=\"1707\" \/>\n\t<meta property=\"og:image:type\" content=\"image\/jpeg\" \/>\n<meta name=\"author\" content=\"Redacci\u00f3n\" \/>\n<meta name=\"twitter:card\" content=\"summary_large_image\" \/>\n<meta name=\"twitter:label1\" content=\"Escrit per\" \/>\n\t<meta name=\"twitter:data1\" content=\"Redacci\u00f3n\" \/>\n\t<meta name=\"twitter:label2\" content=\"Temps estimat de lectura\" \/>\n\t<meta name=\"twitter:data2\" content=\"2 minuts\" \/>\n<script type=\"application\/ld+json\" class=\"yoast-schema-graph\">{\"@context\":\"https:\\\/\\\/schema.org\",\"@graph\":[{\"@type\":\"NewsArticle\",\"@id\":\"https:\\\/\\\/radiolitoral.com\\\/2025\\\/01\\\/el-tram-dalacant-estrena-el-tram-altea-calp-amb-trens-duals-i-millores-en-mobilitat-sostenible\\\/#article\",\"isPartOf\":{\"@id\":\"https:\\\/\\\/radiolitoral.com\\\/2025\\\/01\\\/el-tram-dalacant-estrena-el-tram-altea-calp-amb-trens-duals-i-millores-en-mobilitat-sostenible\\\/\"},\"author\":{\"name\":\"Redacci\u00f3n\",\"@id\":\"https:\\\/\\\/radiolitoral.com\\\/#\\\/schema\\\/person\\\/f2b2343c49b5d721857cc1002bfdb151\"},\"headline\":\"El TRAM d\u2019Alacant estrena el tram Altea-Calp amb trens duals i millores en mobilitat sostenible\",\"datePublished\":\"2025-01-26T09:06:09+00:00\",\"mainEntityOfPage\":{\"@id\":\"https:\\\/\\\/radiolitoral.com\\\/2025\\\/01\\\/el-tram-dalacant-estrena-el-tram-altea-calp-amb-trens-duals-i-millores-en-mobilitat-sostenible\\\/\"},\"wordCount\":355,\"commentCount\":0,\"publisher\":{\"@id\":\"https:\\\/\\\/radiolitoral.com\\\/#organization\"},\"image\":{\"@id\":\"https:\\\/\\\/radiolitoral.com\\\/2025\\\/01\\\/el-tram-dalacant-estrena-el-tram-altea-calp-amb-trens-duals-i-millores-en-mobilitat-sostenible\\\/#primaryimage\"},\"thumbnailUrl\":\"https:\\\/\\\/media.radiolitoral.com\\\/wp-content\\\/uploads\\\/2025\\\/01\\\/26100227\\\/Mazon-TRAM-Altea-Calp-4-scaled.jpg\",\"keywords\":[\"Altea\",\"Calp\",\"Carlos Maz\u00f3n\",\"Generalitat Valenciana\",\"l\u00ednea 9 TRAM\",\"obras TRAM Altea-Calp\",\"renovaci\u00f3n TRAM Alicante\",\"TRAM Altea-Calp\",\"TRAM d'Alacant\",\"trayecto Benidorm-D\u00e9nia\",\"trenes duales el\u00e9ctricos-diesel\",\"viaductos Algar y Mascarat\"],\"articleSection\":[\"Obras\"],\"inLanguage\":\"ca\",\"potentialAction\":[{\"@type\":\"CommentAction\",\"name\":\"Comment\",\"target\":[\"https:\\\/\\\/radiolitoral.com\\\/2025\\\/01\\\/el-tram-dalacant-estrena-el-tram-altea-calp-amb-trens-duals-i-millores-en-mobilitat-sostenible\\\/#respond\"]}]},{\"@type\":[\"WebPage\",\"ItemPage\"],\"@id\":\"https:\\\/\\\/radiolitoral.com\\\/2025\\\/01\\\/el-tram-dalacant-estrena-el-tram-altea-calp-amb-trens-duals-i-millores-en-mobilitat-sostenible\\\/\",\"url\":\"https:\\\/\\\/radiolitoral.com\\\/2025\\\/01\\\/el-tram-dalacant-estrena-el-tram-altea-calp-amb-trens-duals-i-millores-en-mobilitat-sostenible\\\/\",\"name\":\"El TRAM d\u2019Alacant estrena el tram Altea-Calp amb trens duals i millores en mobilitat sostenible | R\u00e0dio Litoral\",\"isPartOf\":{\"@id\":\"https:\\\/\\\/radiolitoral.com\\\/#website\"},\"primaryImageOfPage\":{\"@id\":\"https:\\\/\\\/radiolitoral.com\\\/2025\\\/01\\\/el-tram-dalacant-estrena-el-tram-altea-calp-amb-trens-duals-i-millores-en-mobilitat-sostenible\\\/#primaryimage\"},\"image\":{\"@id\":\"https:\\\/\\\/radiolitoral.com\\\/2025\\\/01\\\/el-tram-dalacant-estrena-el-tram-altea-calp-amb-trens-duals-i-millores-en-mobilitat-sostenible\\\/#primaryimage\"},\"thumbnailUrl\":\"https:\\\/\\\/media.radiolitoral.com\\\/wp-content\\\/uploads\\\/2025\\\/01\\\/26100227\\\/Mazon-TRAM-Altea-Calp-4-scaled.jpg\",\"datePublished\":\"2025-01-26T09:06:09+00:00\",\"description\":\"El 28 de gener entra en servei el tram Altea-Calp del TRAM El 28 de gener entra en servei el tram Altea-Calp del TRAM\",\"breadcrumb\":{\"@id\":\"https:\\\/\\\/radiolitoral.com\\\/2025\\\/01\\\/el-tram-dalacant-estrena-el-tram-altea-calp-amb-trens-duals-i-millores-en-mobilitat-sostenible\\\/#breadcrumb\"},\"inLanguage\":\"ca\",\"potentialAction\":[{\"@type\":\"ReadAction\",\"target\":[\"https:\\\/\\\/radiolitoral.com\\\/2025\\\/01\\\/el-tram-dalacant-estrena-el-tram-altea-calp-amb-trens-duals-i-millores-en-mobilitat-sostenible\\\/\"]}]},{\"@type\":\"ImageObject\",\"inLanguage\":\"ca\",\"@id\":\"https:\\\/\\\/radiolitoral.com\\\/2025\\\/01\\\/el-tram-dalacant-estrena-el-tram-altea-calp-amb-trens-duals-i-millores-en-mobilitat-sostenible\\\/#primaryimage\",\"url\":\"https:\\\/\\\/media.radiolitoral.com\\\/wp-content\\\/uploads\\\/2025\\\/01\\\/26100227\\\/Mazon-TRAM-Altea-Calp-4-scaled.jpg\",\"contentUrl\":\"https:\\\/\\\/media.radiolitoral.com\\\/wp-content\\\/uploads\\\/2025\\\/01\\\/26100227\\\/Mazon-TRAM-Altea-Calp-4-scaled.jpg\",\"width\":2560,\"height\":1707,\"caption\":\"Visita de Carlos Maz\u00f3n als nous ponts d'Algar i Mascarat. \\\/ GVA\"},{\"@type\":\"BreadcrumbList\",\"@id\":\"https:\\\/\\\/radiolitoral.com\\\/2025\\\/01\\\/el-tram-dalacant-estrena-el-tram-altea-calp-amb-trens-duals-i-millores-en-mobilitat-sostenible\\\/#breadcrumb\",\"itemListElement\":[{\"@type\":\"ListItem\",\"position\":1,\"name\":\"Portada\",\"item\":\"https:\\\/\\\/radiolitoral.com\\\/\"},{\"@type\":\"ListItem\",\"position\":2,\"name\":\"El TRAM d\u2019Alacant estrena el tram Altea-Calp amb trens duals i millores en mobilitat sostenible\"}]},{\"@type\":\"WebSite\",\"@id\":\"https:\\\/\\\/radiolitoral.com\\\/#website\",\"url\":\"https:\\\/\\\/radiolitoral.com\\\/\",\"name\":\"Radio Litoral\",\"description\":\"La radio local de la Marina Alta\",\"publisher\":{\"@id\":\"https:\\\/\\\/radiolitoral.com\\\/#organization\"},\"alternateName\":\"Litoral FM\",\"potentialAction\":[{\"@type\":\"SearchAction\",\"target\":{\"@type\":\"EntryPoint\",\"urlTemplate\":\"https:\\\/\\\/radiolitoral.com\\\/?s={search_term_string}\"},\"query-input\":{\"@type\":\"PropertyValueSpecification\",\"valueRequired\":true,\"valueName\":\"search_term_string\"}}],\"inLanguage\":\"ca\"},{\"@type\":\"Organization\",\"@id\":\"https:\\\/\\\/radiolitoral.com\\\/#organization\",\"name\":\"Radio Litoral\",\"url\":\"https:\\\/\\\/radiolitoral.com\\\/\",\"logo\":{\"@type\":\"ImageObject\",\"inLanguage\":\"ca\",\"@id\":\"https:\\\/\\\/radiolitoral.com\\\/#\\\/schema\\\/logo\\\/image\\\/\",\"url\":\"https:\\\/\\\/media.radiolitoral.com\\\/wp-content\\\/uploads\\\/2023\\\/02\\\/24143238\\\/CL-V-RadioLitoral696.png\",\"contentUrl\":\"https:\\\/\\\/media.radiolitoral.com\\\/wp-content\\\/uploads\\\/2023\\\/02\\\/24143238\\\/CL-V-RadioLitoral696.png\",\"width\":696,\"height\":696,\"caption\":\"Radio Litoral\"},\"image\":{\"@id\":\"https:\\\/\\\/radiolitoral.com\\\/#\\\/schema\\\/logo\\\/image\\\/\"},\"sameAs\":[\"https:\\\/\\\/www.facebook.com\\\/Laradiolitoral\\\/\"]},{\"@type\":\"Person\",\"@id\":\"https:\\\/\\\/radiolitoral.com\\\/#\\\/schema\\\/person\\\/f2b2343c49b5d721857cc1002bfdb151\",\"name\":\"Redacci\u00f3n\",\"image\":{\"@type\":\"ImageObject\",\"inLanguage\":\"ca\",\"@id\":\"https:\\\/\\\/secure.gravatar.com\\\/avatar\\\/f771d896c203ad8b3382d7905cfcce5a5c9b008b84b3cd9114e9b9f4cb63f789?s=96&d=mm&r=g\",\"url\":\"https:\\\/\\\/secure.gravatar.com\\\/avatar\\\/f771d896c203ad8b3382d7905cfcce5a5c9b008b84b3cd9114e9b9f4cb63f789?s=96&d=mm&r=g\",\"contentUrl\":\"https:\\\/\\\/secure.gravatar.com\\\/avatar\\\/f771d896c203ad8b3382d7905cfcce5a5c9b008b84b3cd9114e9b9f4cb63f789?s=96&d=mm&r=g\",\"caption\":\"Redacci\u00f3n\"},\"url\":\"https:\\\/\\\/radiolitoral.com\\\/ca\\\/author\\\/miriam-pagan\\\/\"}]}<\/script>\n<!-- \/ Yoast SEO plugin. -->","yoast_head_json":{"title":"El TRAM d&#039;Alacant estrena el tram d&#039;Altea-Calp amb trens duals i millores en mobilitat sostenible |","description":"El 28 de gener entra a servei el tram Altea-Calp del TRAM El 28 de gener entra en servei el tram Altea-Calp del TRAM","robots":{"index":"index","follow":"follow","max-snippet":"max-snippet:-1","max-image-preview":"max-image-preview:large","max-video-preview":"max-video-preview:-1"},"canonical":"https:\/\/radiolitoral.com\/ca\/2025\/01\/el-tram-dalacant-estrena-el-tram-altea-calp-amb-trens-duals-i-millores-en-mobilitat-sostenible\/","og_locale":"ca_ES","og_type":"article","og_title":"El TRAM d\u2019Alacant estrena el tram Altea-Calp amb trens duals i millores en mobilitat sostenible | R\u00e0dio Litoral","og_description":"El 28 de gener entra en servei el tram Altea-Calp del TRAM El 28 de gener entra en servei el tram Altea-Calp del TRAM","og_url":"https:\/\/radiolitoral.com\/ca\/2025\/01\/el-tram-dalacant-estrena-el-tram-altea-calp-amb-trens-duals-i-millores-en-mobilitat-sostenible\/","og_site_name":"R\u00e0dio Litoral","article_publisher":"https:\/\/www.facebook.com\/Laradiolitoral\/","article_published_time":"2025-01-26T09:06:09+00:00","og_image":[{"width":2560,"height":1707,"url":"https:\/\/media.radiolitoral.com\/wp-content\/uploads\/2025\/01\/26100227\/Mazon-TRAM-Altea-Calp-4-scaled.jpg","type":"image\/jpeg"}],"author":"Redacci\u00f3n","twitter_card":"summary_large_image","twitter_misc":{"Escrit per":"Redacci\u00f3n","Temps estimat de lectura":"2 minuts"},"schema":{"@context":"https:\/\/schema.org","@graph":[{"@type":"NewsArticle","@id":"https:\/\/radiolitoral.com\/2025\/01\/el-tram-dalacant-estrena-el-tram-altea-calp-amb-trens-duals-i-millores-en-mobilitat-sostenible\/#article","isPartOf":{"@id":"https:\/\/radiolitoral.com\/2025\/01\/el-tram-dalacant-estrena-el-tram-altea-calp-amb-trens-duals-i-millores-en-mobilitat-sostenible\/"},"author":{"name":"Redacci\u00f3n","@id":"https:\/\/radiolitoral.com\/#\/schema\/person\/f2b2343c49b5d721857cc1002bfdb151"},"headline":"El TRAM d\u2019Alacant estrena el tram Altea-Calp amb trens duals i millores en mobilitat sostenible","datePublished":"2025-01-26T09:06:09+00:00","mainEntityOfPage":{"@id":"https:\/\/radiolitoral.com\/2025\/01\/el-tram-dalacant-estrena-el-tram-altea-calp-amb-trens-duals-i-millores-en-mobilitat-sostenible\/"},"wordCount":355,"commentCount":0,"publisher":{"@id":"https:\/\/radiolitoral.com\/#organization"},"image":{"@id":"https:\/\/radiolitoral.com\/2025\/01\/el-tram-dalacant-estrena-el-tram-altea-calp-amb-trens-duals-i-millores-en-mobilitat-sostenible\/#primaryimage"},"thumbnailUrl":"https:\/\/media.radiolitoral.com\/wp-content\/uploads\/2025\/01\/26100227\/Mazon-TRAM-Altea-Calp-4-scaled.jpg","keywords":["Altea","Calp","Carlos Maz\u00f3n","Generalitat Valenciana","l\u00ednea 9 TRAM","obras TRAM Altea-Calp","renovaci\u00f3n TRAM Alicante","TRAM Altea-Calp","TRAM d'Alacant","trayecto Benidorm-D\u00e9nia","trenes duales el\u00e9ctricos-diesel","viaductos Algar y Mascarat"],"articleSection":["Obras"],"inLanguage":"ca","potentialAction":[{"@type":"CommentAction","name":"Comment","target":["https:\/\/radiolitoral.com\/2025\/01\/el-tram-dalacant-estrena-el-tram-altea-calp-amb-trens-duals-i-millores-en-mobilitat-sostenible\/#respond"]}]},{"@type":["WebPage","ItemPage"],"@id":"https:\/\/radiolitoral.com\/2025\/01\/el-tram-dalacant-estrena-el-tram-altea-calp-amb-trens-duals-i-millores-en-mobilitat-sostenible\/","url":"https:\/\/radiolitoral.com\/2025\/01\/el-tram-dalacant-estrena-el-tram-altea-calp-amb-trens-duals-i-millores-en-mobilitat-sostenible\/","name":"El TRAM d&#039;Alacant estrena el tram d&#039;Altea-Calp amb trens duals i millores en mobilitat sostenible |","isPartOf":{"@id":"https:\/\/radiolitoral.com\/#website"},"primaryImageOfPage":{"@id":"https:\/\/radiolitoral.com\/2025\/01\/el-tram-dalacant-estrena-el-tram-altea-calp-amb-trens-duals-i-millores-en-mobilitat-sostenible\/#primaryimage"},"image":{"@id":"https:\/\/radiolitoral.com\/2025\/01\/el-tram-dalacant-estrena-el-tram-altea-calp-amb-trens-duals-i-millores-en-mobilitat-sostenible\/#primaryimage"},"thumbnailUrl":"https:\/\/media.radiolitoral.com\/wp-content\/uploads\/2025\/01\/26100227\/Mazon-TRAM-Altea-Calp-4-scaled.jpg","datePublished":"2025-01-26T09:06:09+00:00","description":"El 28 de gener entra a servei el tram Altea-Calp del TRAM El 28 de gener entra en servei el tram Altea-Calp del TRAM","breadcrumb":{"@id":"https:\/\/radiolitoral.com\/2025\/01\/el-tram-dalacant-estrena-el-tram-altea-calp-amb-trens-duals-i-millores-en-mobilitat-sostenible\/#breadcrumb"},"inLanguage":"ca","potentialAction":[{"@type":"ReadAction","target":["https:\/\/radiolitoral.com\/2025\/01\/el-tram-dalacant-estrena-el-tram-altea-calp-amb-trens-duals-i-millores-en-mobilitat-sostenible\/"]}]},{"@type":"ImageObject","inLanguage":"ca","@id":"https:\/\/radiolitoral.com\/2025\/01\/el-tram-dalacant-estrena-el-tram-altea-calp-amb-trens-duals-i-millores-en-mobilitat-sostenible\/#primaryimage","url":"https:\/\/media.radiolitoral.com\/wp-content\/uploads\/2025\/01\/26100227\/Mazon-TRAM-Altea-Calp-4-scaled.jpg","contentUrl":"https:\/\/media.radiolitoral.com\/wp-content\/uploads\/2025\/01\/26100227\/Mazon-TRAM-Altea-Calp-4-scaled.jpg","width":2560,"height":1707,"caption":"Visita de Carlos Maz\u00f3n als nous ponts d'Algar i Mascarat. \/ GVA"},{"@type":"BreadcrumbList","@id":"https:\/\/radiolitoral.com\/2025\/01\/el-tram-dalacant-estrena-el-tram-altea-calp-amb-trens-duals-i-millores-en-mobilitat-sostenible\/#breadcrumb","itemListElement":[{"@type":"ListItem","position":1,"name":"Portada","item":"https:\/\/radiolitoral.com\/"},{"@type":"ListItem","position":2,"name":"El TRAM d\u2019Alacant estrena el tram Altea-Calp amb trens duals i millores en mobilitat sostenible"}]},{"@type":"WebSite","@id":"https:\/\/radiolitoral.com\/#website","url":"https:\/\/radiolitoral.com\/","name":"R\u00e0dio Litoral","description":"La r\u00e0dio local de la Marina Alta","publisher":{"@id":"https:\/\/radiolitoral.com\/#organization"},"alternateName":"Litoral FM","potentialAction":[{"@type":"SearchAction","target":{"@type":"EntryPoint","urlTemplate":"https:\/\/radiolitoral.com\/?s={search_term_string}"},"query-input":{"@type":"PropertyValueSpecification","valueRequired":true,"valueName":"search_term_string"}}],"inLanguage":"ca"},{"@type":"Organization","@id":"https:\/\/radiolitoral.com\/#organization","name":"R\u00e0dio Litoral","url":"https:\/\/radiolitoral.com\/","logo":{"@type":"ImageObject","inLanguage":"ca","@id":"https:\/\/radiolitoral.com\/#\/schema\/logo\/image\/","url":"https:\/\/media.radiolitoral.com\/wp-content\/uploads\/2023\/02\/24143238\/CL-V-RadioLitoral696.png","contentUrl":"https:\/\/media.radiolitoral.com\/wp-content\/uploads\/2023\/02\/24143238\/CL-V-RadioLitoral696.png","width":696,"height":696,"caption":"Radio Litoral"},"image":{"@id":"https:\/\/radiolitoral.com\/#\/schema\/logo\/image\/"},"sameAs":["https:\/\/www.facebook.com\/Laradiolitoral\/"]},{"@type":"Person","@id":"https:\/\/radiolitoral.com\/#\/schema\/person\/f2b2343c49b5d721857cc1002bfdb151","name":"Redacci\u00f3","image":{"@type":"ImageObject","inLanguage":"ca","@id":"https:\/\/secure.gravatar.com\/avatar\/f771d896c203ad8b3382d7905cfcce5a5c9b008b84b3cd9114e9b9f4cb63f789?s=96&d=mm&r=g","url":"https:\/\/secure.gravatar.com\/avatar\/f771d896c203ad8b3382d7905cfcce5a5c9b008b84b3cd9114e9b9f4cb63f789?s=96&d=mm&r=g","contentUrl":"https:\/\/secure.gravatar.com\/avatar\/f771d896c203ad8b3382d7905cfcce5a5c9b008b84b3cd9114e9b9f4cb63f789?s=96&d=mm&r=g","caption":"Redacci\u00f3n"},"url":"https:\/\/radiolitoral.com\/ca\/author\/miriam-pagan\/"}]}},"_links":{"self":[{"href":"https:\/\/radiolitoral.com\/ca\/wp-json\/wp\/v2\/posts\/14580","targetHints":{"allow":["GET"]}}],"collection":[{"href":"https:\/\/radiolitoral.com\/ca\/wp-json\/wp\/v2\/posts"}],"about":[{"href":"https:\/\/radiolitoral.com\/ca\/wp-json\/wp\/v2\/types\/post"}],"author":[{"embeddable":true,"href":"https:\/\/radiolitoral.com\/ca\/wp-json\/wp\/v2\/users\/13"}],"replies":[{"embeddable":true,"href":"https:\/\/radiolitoral.com\/ca\/wp-json\/wp\/v2\/comments?post=14580"}],"version-history":[{"count":2,"href":"https:\/\/radiolitoral.com\/ca\/wp-json\/wp\/v2\/posts\/14580\/revisions"}],"predecessor-version":[{"id":14586,"href":"https:\/\/radiolitoral.com\/ca\/wp-json\/wp\/v2\/posts\/14580\/revisions\/14586"}],"wp:featuredmedia":[{"embeddable":true,"href":"https:\/\/radiolitoral.com\/ca\/wp-json\/wp\/v2\/media\/14583"}],"wp:attachment":[{"href":"https:\/\/radiolitoral.com\/ca\/wp-json\/wp\/v2\/media?parent=14580"}],"wp:term":[{"taxonomy":"category","embeddable":true,"href":"https:\/\/radiolitoral.com\/ca\/wp-json\/wp\/v2\/categories?post=14580"},{"taxonomy":"post_tag","embeddable":true,"href":"https:\/\/radiolitoral.com\/ca\/wp-json\/wp\/v2\/tags?post=14580"}],"curies":[{"name":"wp","href":"https:\/\/api.w.org\/{rel}","templated":true}]}}