{"id":14567,"date":"2025-01-24T12:56:12","date_gmt":"2025-01-24T11:56:12","guid":{"rendered":"https:\/\/radiolitoral.com\/?p=14567"},"modified":"2025-01-24T12:56:12","modified_gmt":"2025-01-24T11:56:12","slug":"cites-atletiques-aquest-dissabte-a-denia","status":"publish","type":"post","link":"https:\/\/radiolitoral.com\/ca\/2025\/01\/cites-atletiques-este-dissabte-a-denia\/","title":{"rendered":"Cites atl\u00e8tiques aquest dissabte a D\u00e9nia"},"content":{"rendered":"<p>Aquest dissabte, el <strong>CA Bale\u00e0ria <span class=\"hiddenSpellError\">Di\u00e0nium<\/span><\/strong>\u00a0i la<strong> Regidoria d&#039;Esports de l&#039;Ajuntament de D\u00e9nia<\/strong> organitzaran\u00a0<span class=\"hiddenGrammarError\">dues<\/span> cites destacades al Poliesportiu Municipal de D\u00e9nia, amb competicions que reuniran atletes de totes les edats.<\/p>\n<h2>Campionat provincial\u00a0<span class=\"hiddenSpellError\">sub12<\/span> d&#039;equips a la mat\u00ed<\/h2>\n<p>La jornada matinal estar\u00e0 dedicada als m\u00e9s joves amb la celebraci\u00f3 del campionat provincial\u00a0<span class=\"hiddenSpellError\">sub12<\/span> d&#039;equips. Les proves comen\u00e7aran a les 10.00 hores amb les competicions de marxa i es prolongaran fins al voltant de les 13.45 hores, moment en qu\u00e8 es realitzar\u00e0 la entrega de trofeus als equips guanyadors. Com \u00e9s tradicional, les proves de relleus, sempre emocionants, tancaran la competici\u00f3.<\/p>\n<h2>Control federat per als atlets m\u00e9s grans a la tarda<\/h2>\n<p>A la tarda, ser\u00e0 el torn dels atlets m\u00e9s grans amb un control federat, on buscaran millorar les seves marques per aconseguir la classificaci\u00f3 als campionats auton\u00f2mics i nacionals. Les proves comen\u00e7aran a les 16.00 hores amb el triple salt mascul\u00ed i el llan\u00e7ament de javelina femen\u00ed. La jornada continuar\u00e0 fins ben entrada la vesprada, finalitzant cap a les 20.00 hores amb les proves de salt d&#039;al\u00e7ada i llen\u00e7ament de martell femen\u00ed.<\/p>\n<p><script src=\"chrome-extension:\/\/flbolonkboilcbnohjlchlfgdalomdpl\/iFrame.js\" type=\"text\/javascript\"><\/script><\/p>","protected":false},"excerpt":{"rendered":"<p>Este dissabte, el CA Bale\u00e0ria Di\u00e0nium\u00a0i la Regidoria d&#8217;Esports de l&#8217;Ajuntament de D\u00e9nia organitzaran\u00a0dues cites destacades al Poliesportiu Municipal de D\u00e9nia, amb competicions que reuniran atletes de totes les edats. Campionat provincial\u00a0sub12 d&#8217;equips al mat\u00ed La jornada matinal estar\u00e0 dedicada als m\u00e9s joves amb la celebraci\u00f3 del campionat provincial\u00a0sub12 d&#8217;equips. Les proves comen\u00e7aran a les [&#8230;]<\/p>\n<p><a class=\"btn btn-secondary understrap-read-more-link\" href=\"https:\/\/radiolitoral.com\/ca\/2025\/01\/cites-atletiques-este-dissabte-a-denia\/\">Continua llegint&#8230;<span class=\"screen-reader-text\"> from Cites atl\u00e8tiques este dissabte a D\u00e9nia<\/span><\/a><\/p>\n","protected":false},"author":12,"featured_media":14570,"comment_status":"open","ping_status":"closed","sticky":false,"template":"","format":"standard","meta":{"_acf_changed":false,"inline_featured_image":false,"footnotes":""},"categories":[5],"tags":[3431,3418,3419,1124,3416,3424,3420,3430,3417,6,3421,3425,3428,3422,3423,3429,3427,3426],"class_list":["post-14567","post","type-post","status-publish","format-standard","has-post-thumbnail","hentry","category-deportes","tag-atletisme-comunitat-valenciana","tag-atletisme-denia","tag-c-a-balearia-dianium","tag-ca-balearia-dianium","tag-campionat-provincial-sub12-dequips","tag-campionats-autonomics-atletisme","tag-competicions-atletiques-denia","tag-competicions-esportives-denia","tag-control-federat-atletisme","tag-deportes","tag-esport-a-denia","tag-llancament-de-javelina-femeni","tag-llancament-de-martell","tag-poliesportiu-municipal-de-denia","tag-proves-datletisme-sub12","tag-regidoria-desports-denia","tag-salt-dalcada","tag-triple-salt-masculi","cobertura-denia"],"acf":[],"yoast_head":"<!-- This site is optimized with the Yoast SEO plugin v27.5 - https:\/\/yoast.com\/product\/yoast-seo-wordpress\/ -->\n<title>Cites atl\u00e8tiques este dissabte a D\u00e9nia | R\u00e0dio Litoral<\/title>\n<meta name=\"description\" content=\"La pista d&#039;atletisme acollir\u00e0 el provincial Sub 12 per equips i un control federatiu\" \/>\n<meta name=\"robots\" content=\"index, follow, max-snippet:-1, max-image-preview:large, max-video-preview:-1\" \/>\n<link rel=\"canonical\" href=\"https:\/\/radiolitoral.com\/ca\/2025\/01\/cites-atletiques-aquest-dissabte-a-denia\/\" \/>\n<meta property=\"og:locale\" content=\"ca_ES\" \/>\n<meta property=\"og:type\" content=\"article\" \/>\n<meta property=\"og:title\" content=\"Cites atl\u00e8tiques este dissabte a D\u00e9nia | R\u00e0dio Litoral\" \/>\n<meta property=\"og:description\" content=\"La pista d&#039;atletisme acollir\u00e0 el provincial Sub 12 per equips i un control federatiu\" \/>\n<meta property=\"og:url\" content=\"https:\/\/radiolitoral.com\/ca\/2025\/01\/cites-atletiques-aquest-dissabte-a-denia\/\" \/>\n<meta property=\"og:site_name\" content=\"R\u00e0dio Litoral\" \/>\n<meta property=\"article:publisher\" content=\"https:\/\/www.facebook.com\/Laradiolitoral\/\" \/>\n<meta property=\"article:published_time\" content=\"2025-01-24T11:56:12+00:00\" \/>\n<meta property=\"og:image\" content=\"https:\/\/media.radiolitoral.com\/wp-content\/uploads\/2025\/01\/24125546\/Cartell_dissabte_25-1.jpg\" \/>\n\t<meta property=\"og:image:width\" content=\"1024\" \/>\n\t<meta property=\"og:image:height\" content=\"697\" \/>\n\t<meta property=\"og:image:type\" content=\"image\/jpeg\" \/>\n<meta name=\"author\" content=\"Javier Zamora\" \/>\n<meta name=\"twitter:card\" content=\"summary_large_image\" \/>\n<meta name=\"twitter:label1\" content=\"Escrit per\" \/>\n\t<meta name=\"twitter:data1\" content=\"Javier Zamora\" \/>\n\t<meta name=\"twitter:label2\" content=\"Temps estimat de lectura\" \/>\n\t<meta name=\"twitter:data2\" content=\"2 minuts\" \/>\n<script type=\"application\/ld+json\" class=\"yoast-schema-graph\">{\"@context\":\"https:\\\/\\\/schema.org\",\"@graph\":[{\"@type\":\"NewsArticle\",\"@id\":\"https:\\\/\\\/radiolitoral.com\\\/2025\\\/01\\\/cites-atletiques-este-dissabte-a-denia\\\/#article\",\"isPartOf\":{\"@id\":\"https:\\\/\\\/radiolitoral.com\\\/2025\\\/01\\\/cites-atletiques-este-dissabte-a-denia\\\/\"},\"author\":{\"name\":\"Javier Zamora\",\"@id\":\"https:\\\/\\\/radiolitoral.com\\\/#\\\/schema\\\/person\\\/7b1480b5caeb5acdd4ec6379caf62b22\"},\"headline\":\"Cites atl\u00e8tiques este dissabte a D\u00e9nia\",\"datePublished\":\"2025-01-24T11:56:12+00:00\",\"mainEntityOfPage\":{\"@id\":\"https:\\\/\\\/radiolitoral.com\\\/2025\\\/01\\\/cites-atletiques-este-dissabte-a-denia\\\/\"},\"wordCount\":205,\"commentCount\":0,\"publisher\":{\"@id\":\"https:\\\/\\\/radiolitoral.com\\\/#organization\"},\"image\":{\"@id\":\"https:\\\/\\\/radiolitoral.com\\\/2025\\\/01\\\/cites-atletiques-este-dissabte-a-denia\\\/#primaryimage\"},\"thumbnailUrl\":\"https:\\\/\\\/media.radiolitoral.com\\\/wp-content\\\/uploads\\\/2025\\\/01\\\/24125546\\\/Cartell_dissabte_25-1.jpg\",\"keywords\":[\"atletisme Comunitat Valenciana\",\"atletisme D\u00e9nia\",\"C.A. Bale\u00e0ria Di\u00e0nium\",\"CA Bale\u00e0ria Di\u00e0nium\",\"campionat provincial sub12 d'equips\",\"campionats auton\u00f2mics atletisme\",\"competicions atl\u00e8tiques D\u00e9nia\",\"competicions esportives D\u00e9nia\",\"control federat atletisme\",\"deportes\",\"esport a D\u00e9nia\",\"llan\u00e7ament de javelina femen\u00ed\",\"llan\u00e7ament de martell\",\"Poliesportiu Municipal de D\u00e9nia\",\"proves d'atletisme sub12\",\"Regidoria d'Esports D\u00e9nia\",\"salt d'al\u00e7ada\",\"triple salt mascul\u00ed\"],\"articleSection\":[\"Deportes\"],\"inLanguage\":\"ca\",\"potentialAction\":[{\"@type\":\"CommentAction\",\"name\":\"Comment\",\"target\":[\"https:\\\/\\\/radiolitoral.com\\\/2025\\\/01\\\/cites-atletiques-este-dissabte-a-denia\\\/#respond\"]}]},{\"@type\":[\"WebPage\",\"ItemPage\"],\"@id\":\"https:\\\/\\\/radiolitoral.com\\\/2025\\\/01\\\/cites-atletiques-este-dissabte-a-denia\\\/\",\"url\":\"https:\\\/\\\/radiolitoral.com\\\/2025\\\/01\\\/cites-atletiques-este-dissabte-a-denia\\\/\",\"name\":\"Cites atl\u00e8tiques este dissabte a D\u00e9nia | R\u00e0dio Litoral\",\"isPartOf\":{\"@id\":\"https:\\\/\\\/radiolitoral.com\\\/#website\"},\"primaryImageOfPage\":{\"@id\":\"https:\\\/\\\/radiolitoral.com\\\/2025\\\/01\\\/cites-atletiques-este-dissabte-a-denia\\\/#primaryimage\"},\"image\":{\"@id\":\"https:\\\/\\\/radiolitoral.com\\\/2025\\\/01\\\/cites-atletiques-este-dissabte-a-denia\\\/#primaryimage\"},\"thumbnailUrl\":\"https:\\\/\\\/media.radiolitoral.com\\\/wp-content\\\/uploads\\\/2025\\\/01\\\/24125546\\\/Cartell_dissabte_25-1.jpg\",\"datePublished\":\"2025-01-24T11:56:12+00:00\",\"description\":\"La pista d'atletisme acollir\u00e0 el provincial Sub 12 per equips i un control federatiu\",\"breadcrumb\":{\"@id\":\"https:\\\/\\\/radiolitoral.com\\\/2025\\\/01\\\/cites-atletiques-este-dissabte-a-denia\\\/#breadcrumb\"},\"inLanguage\":\"ca\",\"potentialAction\":[{\"@type\":\"ReadAction\",\"target\":[\"https:\\\/\\\/radiolitoral.com\\\/2025\\\/01\\\/cites-atletiques-este-dissabte-a-denia\\\/\"]}]},{\"@type\":\"ImageObject\",\"inLanguage\":\"ca\",\"@id\":\"https:\\\/\\\/radiolitoral.com\\\/2025\\\/01\\\/cites-atletiques-este-dissabte-a-denia\\\/#primaryimage\",\"url\":\"https:\\\/\\\/media.radiolitoral.com\\\/wp-content\\\/uploads\\\/2025\\\/01\\\/24125546\\\/Cartell_dissabte_25-1.jpg\",\"contentUrl\":\"https:\\\/\\\/media.radiolitoral.com\\\/wp-content\\\/uploads\\\/2025\\\/01\\\/24125546\\\/Cartell_dissabte_25-1.jpg\",\"width\":1024,\"height\":697},{\"@type\":\"BreadcrumbList\",\"@id\":\"https:\\\/\\\/radiolitoral.com\\\/2025\\\/01\\\/cites-atletiques-este-dissabte-a-denia\\\/#breadcrumb\",\"itemListElement\":[{\"@type\":\"ListItem\",\"position\":1,\"name\":\"Portada\",\"item\":\"https:\\\/\\\/radiolitoral.com\\\/\"},{\"@type\":\"ListItem\",\"position\":2,\"name\":\"Cites atl\u00e8tiques este dissabte a D\u00e9nia\"}]},{\"@type\":\"WebSite\",\"@id\":\"https:\\\/\\\/radiolitoral.com\\\/#website\",\"url\":\"https:\\\/\\\/radiolitoral.com\\\/\",\"name\":\"Radio Litoral\",\"description\":\"La radio local de la Marina Alta\",\"publisher\":{\"@id\":\"https:\\\/\\\/radiolitoral.com\\\/#organization\"},\"alternateName\":\"Litoral FM\",\"potentialAction\":[{\"@type\":\"SearchAction\",\"target\":{\"@type\":\"EntryPoint\",\"urlTemplate\":\"https:\\\/\\\/radiolitoral.com\\\/?s={search_term_string}\"},\"query-input\":{\"@type\":\"PropertyValueSpecification\",\"valueRequired\":true,\"valueName\":\"search_term_string\"}}],\"inLanguage\":\"ca\"},{\"@type\":\"Organization\",\"@id\":\"https:\\\/\\\/radiolitoral.com\\\/#organization\",\"name\":\"Radio Litoral\",\"url\":\"https:\\\/\\\/radiolitoral.com\\\/\",\"logo\":{\"@type\":\"ImageObject\",\"inLanguage\":\"ca\",\"@id\":\"https:\\\/\\\/radiolitoral.com\\\/#\\\/schema\\\/logo\\\/image\\\/\",\"url\":\"https:\\\/\\\/media.radiolitoral.com\\\/wp-content\\\/uploads\\\/2023\\\/02\\\/24143238\\\/CL-V-RadioLitoral696.png\",\"contentUrl\":\"https:\\\/\\\/media.radiolitoral.com\\\/wp-content\\\/uploads\\\/2023\\\/02\\\/24143238\\\/CL-V-RadioLitoral696.png\",\"width\":696,\"height\":696,\"caption\":\"Radio Litoral\"},\"image\":{\"@id\":\"https:\\\/\\\/radiolitoral.com\\\/#\\\/schema\\\/logo\\\/image\\\/\"},\"sameAs\":[\"https:\\\/\\\/www.facebook.com\\\/Laradiolitoral\\\/\"]},{\"@type\":\"Person\",\"@id\":\"https:\\\/\\\/radiolitoral.com\\\/#\\\/schema\\\/person\\\/7b1480b5caeb5acdd4ec6379caf62b22\",\"name\":\"Javier Zamora\",\"image\":{\"@type\":\"ImageObject\",\"inLanguage\":\"ca\",\"@id\":\"https:\\\/\\\/secure.gravatar.com\\\/avatar\\\/467a11f6918c7d619c4043fc6fa2d3853053107973f05b6e9c04ea6c4e3a7b3f?s=96&d=mm&r=g\",\"url\":\"https:\\\/\\\/secure.gravatar.com\\\/avatar\\\/467a11f6918c7d619c4043fc6fa2d3853053107973f05b6e9c04ea6c4e3a7b3f?s=96&d=mm&r=g\",\"contentUrl\":\"https:\\\/\\\/secure.gravatar.com\\\/avatar\\\/467a11f6918c7d619c4043fc6fa2d3853053107973f05b6e9c04ea6c4e3a7b3f?s=96&d=mm&r=g\",\"caption\":\"Javier Zamora\"},\"url\":\"https:\\\/\\\/radiolitoral.com\\\/ca\\\/author\\\/javier-zamora\\\/\"}]}<\/script>\n<!-- \/ Yoast SEO plugin. -->","yoast_head_json":{"title":"Cites atl\u00e8tiques aquest dissabte a D\u00e9nia |","description":"La pista d&#039;atletisme acollir\u00e0 el provincial Sub 12 per equips i un control federatiu","robots":{"index":"index","follow":"follow","max-snippet":"max-snippet:-1","max-image-preview":"max-image-preview:large","max-video-preview":"max-video-preview:-1"},"canonical":"https:\/\/radiolitoral.com\/ca\/2025\/01\/cites-atletiques-aquest-dissabte-a-denia\/","og_locale":"ca_ES","og_type":"article","og_title":"Cites atl\u00e8tiques este dissabte a D\u00e9nia | R\u00e0dio Litoral","og_description":"La pista d'atletisme acollir\u00e0 el provincial Sub 12 per equips i un control federatiu","og_url":"https:\/\/radiolitoral.com\/ca\/2025\/01\/cites-atletiques-aquest-dissabte-a-denia\/","og_site_name":"R\u00e0dio Litoral","article_publisher":"https:\/\/www.facebook.com\/Laradiolitoral\/","article_published_time":"2025-01-24T11:56:12+00:00","og_image":[{"width":1024,"height":697,"url":"https:\/\/media.radiolitoral.com\/wp-content\/uploads\/2025\/01\/24125546\/Cartell_dissabte_25-1.jpg","type":"image\/jpeg"}],"author":"Javier Zamora","twitter_card":"summary_large_image","twitter_misc":{"Escrit per":"Javier Zamora","Temps estimat de lectura":"2 minuts"},"schema":{"@context":"https:\/\/schema.org","@graph":[{"@type":"NewsArticle","@id":"https:\/\/radiolitoral.com\/2025\/01\/cites-atletiques-este-dissabte-a-denia\/#article","isPartOf":{"@id":"https:\/\/radiolitoral.com\/2025\/01\/cites-atletiques-este-dissabte-a-denia\/"},"author":{"name":"Javier Zamora","@id":"https:\/\/radiolitoral.com\/#\/schema\/person\/7b1480b5caeb5acdd4ec6379caf62b22"},"headline":"Cites atl\u00e8tiques este dissabte a D\u00e9nia","datePublished":"2025-01-24T11:56:12+00:00","mainEntityOfPage":{"@id":"https:\/\/radiolitoral.com\/2025\/01\/cites-atletiques-este-dissabte-a-denia\/"},"wordCount":205,"commentCount":0,"publisher":{"@id":"https:\/\/radiolitoral.com\/#organization"},"image":{"@id":"https:\/\/radiolitoral.com\/2025\/01\/cites-atletiques-este-dissabte-a-denia\/#primaryimage"},"thumbnailUrl":"https:\/\/media.radiolitoral.com\/wp-content\/uploads\/2025\/01\/24125546\/Cartell_dissabte_25-1.jpg","keywords":["atletisme Comunitat Valenciana","atletisme D\u00e9nia","C.A. Bale\u00e0ria Di\u00e0nium","CA Bale\u00e0ria Di\u00e0nium","campionat provincial sub12 d'equips","campionats auton\u00f2mics atletisme","competicions atl\u00e8tiques D\u00e9nia","competicions esportives D\u00e9nia","control federat atletisme","deportes","esport a D\u00e9nia","llan\u00e7ament de javelina femen\u00ed","llan\u00e7ament de martell","Poliesportiu Municipal de D\u00e9nia","proves d'atletisme sub12","Regidoria d'Esports D\u00e9nia","salt d'al\u00e7ada","triple salt mascul\u00ed"],"articleSection":["Deportes"],"inLanguage":"ca","potentialAction":[{"@type":"CommentAction","name":"Comment","target":["https:\/\/radiolitoral.com\/2025\/01\/cites-atletiques-este-dissabte-a-denia\/#respond"]}]},{"@type":["WebPage","ItemPage"],"@id":"https:\/\/radiolitoral.com\/2025\/01\/cites-atletiques-este-dissabte-a-denia\/","url":"https:\/\/radiolitoral.com\/2025\/01\/cites-atletiques-este-dissabte-a-denia\/","name":"Cites atl\u00e8tiques aquest dissabte a D\u00e9nia |","isPartOf":{"@id":"https:\/\/radiolitoral.com\/#website"},"primaryImageOfPage":{"@id":"https:\/\/radiolitoral.com\/2025\/01\/cites-atletiques-este-dissabte-a-denia\/#primaryimage"},"image":{"@id":"https:\/\/radiolitoral.com\/2025\/01\/cites-atletiques-este-dissabte-a-denia\/#primaryimage"},"thumbnailUrl":"https:\/\/media.radiolitoral.com\/wp-content\/uploads\/2025\/01\/24125546\/Cartell_dissabte_25-1.jpg","datePublished":"2025-01-24T11:56:12+00:00","description":"La pista d&#039;atletisme acollir\u00e0 el provincial Sub 12 per equips i un control federatiu","breadcrumb":{"@id":"https:\/\/radiolitoral.com\/2025\/01\/cites-atletiques-este-dissabte-a-denia\/#breadcrumb"},"inLanguage":"ca","potentialAction":[{"@type":"ReadAction","target":["https:\/\/radiolitoral.com\/2025\/01\/cites-atletiques-este-dissabte-a-denia\/"]}]},{"@type":"ImageObject","inLanguage":"ca","@id":"https:\/\/radiolitoral.com\/2025\/01\/cites-atletiques-este-dissabte-a-denia\/#primaryimage","url":"https:\/\/media.radiolitoral.com\/wp-content\/uploads\/2025\/01\/24125546\/Cartell_dissabte_25-1.jpg","contentUrl":"https:\/\/media.radiolitoral.com\/wp-content\/uploads\/2025\/01\/24125546\/Cartell_dissabte_25-1.jpg","width":1024,"height":697},{"@type":"BreadcrumbList","@id":"https:\/\/radiolitoral.com\/2025\/01\/cites-atletiques-este-dissabte-a-denia\/#breadcrumb","itemListElement":[{"@type":"ListItem","position":1,"name":"Portada","item":"https:\/\/radiolitoral.com\/"},{"@type":"ListItem","position":2,"name":"Cites atl\u00e8tiques este dissabte a D\u00e9nia"}]},{"@type":"WebSite","@id":"https:\/\/radiolitoral.com\/#website","url":"https:\/\/radiolitoral.com\/","name":"R\u00e0dio Litoral","description":"La r\u00e0dio local de la Marina Alta","publisher":{"@id":"https:\/\/radiolitoral.com\/#organization"},"alternateName":"Litoral FM","potentialAction":[{"@type":"SearchAction","target":{"@type":"EntryPoint","urlTemplate":"https:\/\/radiolitoral.com\/?s={search_term_string}"},"query-input":{"@type":"PropertyValueSpecification","valueRequired":true,"valueName":"search_term_string"}}],"inLanguage":"ca"},{"@type":"Organization","@id":"https:\/\/radiolitoral.com\/#organization","name":"R\u00e0dio Litoral","url":"https:\/\/radiolitoral.com\/","logo":{"@type":"ImageObject","inLanguage":"ca","@id":"https:\/\/radiolitoral.com\/#\/schema\/logo\/image\/","url":"https:\/\/media.radiolitoral.com\/wp-content\/uploads\/2023\/02\/24143238\/CL-V-RadioLitoral696.png","contentUrl":"https:\/\/media.radiolitoral.com\/wp-content\/uploads\/2023\/02\/24143238\/CL-V-RadioLitoral696.png","width":696,"height":696,"caption":"Radio Litoral"},"image":{"@id":"https:\/\/radiolitoral.com\/#\/schema\/logo\/image\/"},"sameAs":["https:\/\/www.facebook.com\/Laradiolitoral\/"]},{"@type":"Person","@id":"https:\/\/radiolitoral.com\/#\/schema\/person\/7b1480b5caeb5acdd4ec6379caf62b22","name":"Javier Zamora","image":{"@type":"ImageObject","inLanguage":"ca","@id":"https:\/\/secure.gravatar.com\/avatar\/467a11f6918c7d619c4043fc6fa2d3853053107973f05b6e9c04ea6c4e3a7b3f?s=96&d=mm&r=g","url":"https:\/\/secure.gravatar.com\/avatar\/467a11f6918c7d619c4043fc6fa2d3853053107973f05b6e9c04ea6c4e3a7b3f?s=96&d=mm&r=g","contentUrl":"https:\/\/secure.gravatar.com\/avatar\/467a11f6918c7d619c4043fc6fa2d3853053107973f05b6e9c04ea6c4e3a7b3f?s=96&d=mm&r=g","caption":"Javier Zamora"},"url":"https:\/\/radiolitoral.com\/ca\/author\/javier-zamora\/"}]}},"_links":{"self":[{"href":"https:\/\/radiolitoral.com\/ca\/wp-json\/wp\/v2\/posts\/14567","targetHints":{"allow":["GET"]}}],"collection":[{"href":"https:\/\/radiolitoral.com\/ca\/wp-json\/wp\/v2\/posts"}],"about":[{"href":"https:\/\/radiolitoral.com\/ca\/wp-json\/wp\/v2\/types\/post"}],"author":[{"embeddable":true,"href":"https:\/\/radiolitoral.com\/ca\/wp-json\/wp\/v2\/users\/12"}],"replies":[{"embeddable":true,"href":"https:\/\/radiolitoral.com\/ca\/wp-json\/wp\/v2\/comments?post=14567"}],"version-history":[{"count":3,"href":"https:\/\/radiolitoral.com\/ca\/wp-json\/wp\/v2\/posts\/14567\/revisions"}],"predecessor-version":[{"id":14572,"href":"https:\/\/radiolitoral.com\/ca\/wp-json\/wp\/v2\/posts\/14567\/revisions\/14572"}],"wp:featuredmedia":[{"embeddable":true,"href":"https:\/\/radiolitoral.com\/ca\/wp-json\/wp\/v2\/media\/14570"}],"wp:attachment":[{"href":"https:\/\/radiolitoral.com\/ca\/wp-json\/wp\/v2\/media?parent=14567"}],"wp:term":[{"taxonomy":"category","embeddable":true,"href":"https:\/\/radiolitoral.com\/ca\/wp-json\/wp\/v2\/categories?post=14567"},{"taxonomy":"post_tag","embeddable":true,"href":"https:\/\/radiolitoral.com\/ca\/wp-json\/wp\/v2\/tags?post=14567"}],"curies":[{"name":"wp","href":"https:\/\/api.w.org\/{rel}","templated":true}]}}