{"id":14539,"date":"2025-01-23T12:56:32","date_gmt":"2025-01-23T11:56:32","guid":{"rendered":"https:\/\/radiolitoral.com\/?p=14539"},"modified":"2025-01-23T13:00:17","modified_gmt":"2025-01-23T12:00:17","slug":"detinguts-quatre-joves-a-calp-per-robatoris-a-vivendes-duna-urbanitzacio","status":"publish","type":"post","link":"https:\/\/radiolitoral.com\/ca\/2025\/01\/detinguts-quatre-jovens-a-calp-per-robatoris-en-vivendes-duna-urbanitzacio\/","title":{"rendered":"Detinguts quatre joves a Calp per robatoris a vivendes d&#039;una urbanitzaci\u00f3"},"content":{"rendered":"<p>La <strong>Guardia Civil,<\/strong> en el marc del pla contra el robatori en vivendes, va procedir a la detenci\u00f3 de <strong>quatre <span class=\"hiddenSuggestion\">joves<\/span><\/strong> com a <strong>presumptes autors de diversos robatoris<\/strong> amb for\u00e7a comesos en una urbanitzaci\u00f3 de <strong>resid\u00e8ncies independents al municipi de Calp<\/strong>.<\/p>\n<p>La investigaci\u00f3, anomenada \u00ab<strong>Operaci\u00f3 <span class=\"hiddenSpellError\">Rabenka<\/span><\/strong>Es va iniciar per l&#039;\u00c0rea d&#039;Investigaci\u00f3 del Lloc Principal de Calp despr\u00e9s d&#039;una s\u00e8rie de robatoris registrats els dies 6 i 8 de gener, coincidint alguns d&#039;ells amb la festivitat dels Reis Mags.<\/p>\n<p>Els delinq\u00fcents accedien a les vivendes <strong>for\u00e7ant ports i finestres amb tornavisos i ferramentes similars,<\/strong> sostreien diners en efectiu, objectes de valor i, en un dels casos, arribaren fins i tot a consumir begudes alcoh\u00f2liques i menjar al sal\u00f3 d&#039;una de les cases.<\/p>\n<p>En una <strong>primera fase de la investigaci\u00f3<\/strong>, membres de la Companyia de Calp van identificar a <strong>un dels principals sospechosos<\/strong> durant un control a una carretera del municipi. Al seu poder van trobar <strong>180 lliures esterlines en efectiu<\/strong> i altres objectes la proced\u00e8ncia dels quals no va poder justificar. Posteriorment, es va confirmar que les lliures provenen d&#039;un dels robatoris comesos en un xalet de la urbanitzaci\u00f3.<\/p>\n<p>Despr\u00e9s d&#039;intensificar les perquisicions, els agents van aconseguir vincular els sospechosos amb al menys quatre robatoris amb for\u00e7a a vivendes i un furt a l&#039;interior d&#039;un vehicle estacionat dins d&#039;una parcel\u00b7la, tots ells a la mateixa urbanitzaci\u00f3.<\/p>\n<p>El 8 de gener, la Gu\u00e0rdia Civil va rebre un avis sobre un intent de robatori en un altre xalet de Calp. Diverses unitats es van despla\u00e7ar al lloc i van detenir tres dels autors <span class=\"hiddenSuggestion\">mentres<\/span> intentaven fugir.<\/p>\n<p>Entre ells hi havia el principal objectiu de l&#039;operaci\u00f3, a qui se li va <strong>intervenir un tornav\u00eds<\/strong> de grans dimensions utilitzat per forzar els accessos als immobles, <strong>195 euros en efectiu i una <span class=\"hiddenSuggestion\">navaixa<\/span>.<\/strong> L&#039;endem\u00e0, va ser detingut una habitaci\u00f3 sospechosa.<\/p>\n<p><img loading=\"lazy\" decoding=\"async\" class=\"alignnone wp-image-14537 size-full\" src=\"https:\/\/media.radiolitoral.com\/wp-content\/uploads\/2025\/01\/23124942\/Guardia-Civil-detencion-robos-viviendas-CAlp-1.jpg\" alt=\"\" width=\"960\" height=\"720\" srcset=\"https:\/\/media.radiolitoral.com\/wp-content\/uploads\/2025\/01\/23124942\/Guardia-Civil-detencion-robos-viviendas-CAlp-1.jpg 960w, https:\/\/media.radiolitoral.com\/wp-content\/uploads\/2025\/01\/23124942\/Guardia-Civil-detencion-robos-viviendas-CAlp-1-300x225.jpg 300w, https:\/\/media.radiolitoral.com\/wp-content\/uploads\/2025\/01\/23124942\/Guardia-Civil-detencion-robos-viviendas-CAlp-1-768x576.jpg 768w, https:\/\/media.radiolitoral.com\/wp-content\/uploads\/2025\/01\/23124942\/Guardia-Civil-detencion-robos-viviendas-CAlp-1-16x12.jpg 16w, https:\/\/media.radiolitoral.com\/wp-content\/uploads\/2025\/01\/23124942\/Guardia-Civil-detencion-robos-viviendas-CAlp-1-100x75.jpg 100w, https:\/\/media.radiolitoral.com\/wp-content\/uploads\/2025\/01\/23124942\/Guardia-Civil-detencion-robos-viviendas-CAlp-1-200x150.jpg 200w\" sizes=\"auto, (max-width: 960px) 100vw, 960px\" \/><\/p>\n<p>En una segona fase de l&#039;operaci\u00f3, es va descobrir que part dels diners sostrets havia estat canviat en <strong>un establiment de canvi de divises a Calp per un jove de 21 any<\/strong>s, qui va ser investigat com a presumpte autor d&#039;un delit de receptaci\u00f3.<\/p>\n<p>Els <strong>quatre detinguts<\/strong>, acusats de <strong>quatre delits de robatori amb for\u00e7a i un delit de furt<\/strong>, van ser posats a disposici\u00f3 del Jutjat d&#039;Instrucci\u00f3 n\u00fam. 1 de D\u00e9nia.<\/p>\n<p>El jutge va ordenar l&#039;<strong>ingr\u00e9s a la pres\u00f3 del principal responsable<\/strong>, un jove de 25 anys amb nombrosos antecedents per robatoris i furts, que hauria obtingut un bot\u00ed superior a 6.000 euros.<\/p>\n<p>Els <strong>altres tres detinguts<\/strong> van quedar a <strong>llibertat amb mesures cautelars<\/strong>.<\/p>\n<p>A m\u00e9s, al principal autor se li imputa un robatori amb for\u00e7a com\u00e8s en una gelateria el 31 de desembre i un delit de danys a l&#039;interior d&#039;un edifici residencial la madrugada del 25 de desembre.<\/p>\n<p>La Guardia Civil, tot i que ha esclarit els delits, continua investigant per determinar si aquest grup criminal podria estar vinculat amb altres robatoris a la zona.<\/p>","protected":false},"excerpt":{"rendered":"<p>La Gu\u00e0rdia Civil, en el marc del pla contra el robatori en vivendes, va procedir a la detenci\u00f3 de quatre j\u00f3vens com a presumptes autors de diversos robatoris amb for\u00e7a comesos en una urbanitzaci\u00f3 de resid\u00e8ncies independents en el municipi de Calp. La investigaci\u00f3, denominada \u00abOperaci\u00f3 Rabenka\u00ab, es va iniciar per l&#8217;\u00c0rea d&#8217;Investigaci\u00f3 del Lloc [&#8230;]<\/p>\n<p><a class=\"btn btn-secondary understrap-read-more-link\" href=\"https:\/\/radiolitoral.com\/ca\/2025\/01\/detinguts-quatre-jovens-a-calp-per-robatoris-en-vivendes-duna-urbanitzacio\/\">Continua llegint&#8230;<span class=\"screen-reader-text\"> from Detinguts quatre j\u00f3vens a Calp per robatoris en vivendes d&#8217;una urbanitzaci\u00f3<\/span><\/a><\/p>\n","protected":false},"author":13,"featured_media":14538,"comment_status":"open","ping_status":"closed","sticky":false,"template":"","format":"standard","meta":{"_acf_changed":false,"inline_featured_image":false,"footnotes":""},"categories":[8],"tags":[122,11,3412,2623,1023,363],"class_list":["post-14539","post","type-post","status-publish","format-standard","has-post-thumbnail","hentry","category-sucesos","tag-calp","tag-guardia-civil","tag-robos-con-fuerza","tag-robos-en-viviendas","tag-sucesos","tag-sucesos-calp","cobertura-calp"],"acf":[],"yoast_head":"<!-- This site is optimized with the Yoast SEO plugin v27.5 - https:\/\/yoast.com\/product\/yoast-seo-wordpress\/ -->\n<title>Detinguts quatre j\u00f3vens a Calp per robatoris en vivendes d&#039;una urbanitzaci\u00f3 | R\u00e0dio Litoral<\/title>\n<meta name=\"description\" content=\"La Gu\u00e0rdia Civil captura als presumptes autors, els qui es van entretindre en una de les vivendes prenent begudes i menjar La Gu\u00e0rdia Civil captura als presumptes autors, els qui es van entretindre en una de les vivendes prenent begudes i menjar\" \/>\n<meta name=\"robots\" content=\"index, follow, max-snippet:-1, max-image-preview:large, max-video-preview:-1\" \/>\n<link rel=\"canonical\" href=\"https:\/\/radiolitoral.com\/ca\/2025\/01\/detinguts-quatre-joves-a-calp-per-robatoris-a-vivendes-duna-urbanitzacio\/\" \/>\n<meta property=\"og:locale\" content=\"ca_ES\" \/>\n<meta property=\"og:type\" content=\"article\" \/>\n<meta property=\"og:title\" content=\"Detinguts quatre j\u00f3vens a Calp per robatoris en vivendes d&#039;una urbanitzaci\u00f3 | R\u00e0dio Litoral\" \/>\n<meta property=\"og:description\" content=\"La Gu\u00e0rdia Civil captura als presumptes autors, els qui es van entretindre en una de les vivendes prenent begudes i menjar La Gu\u00e0rdia Civil captura als presumptes autors, els qui es van entretindre en una de les vivendes prenent begudes i menjar\" \/>\n<meta property=\"og:url\" content=\"https:\/\/radiolitoral.com\/ca\/2025\/01\/detinguts-quatre-joves-a-calp-per-robatoris-a-vivendes-duna-urbanitzacio\/\" \/>\n<meta property=\"og:site_name\" content=\"R\u00e0dio Litoral\" \/>\n<meta property=\"article:publisher\" content=\"https:\/\/www.facebook.com\/Laradiolitoral\/\" \/>\n<meta property=\"article:published_time\" content=\"2025-01-23T11:56:32+00:00\" \/>\n<meta property=\"article:modified_time\" content=\"2025-01-23T12:00:17+00:00\" \/>\n<meta property=\"og:image\" content=\"https:\/\/media.radiolitoral.com\/wp-content\/uploads\/2025\/01\/23124945\/Guardia-Civil-detencion-robos-viviendas-CAlp-2.jpg\" \/>\n\t<meta property=\"og:image:width\" content=\"960\" \/>\n\t<meta property=\"og:image:height\" content=\"720\" \/>\n\t<meta property=\"og:image:type\" content=\"image\/jpeg\" \/>\n<meta name=\"author\" content=\"Redacci\u00f3n\" \/>\n<meta name=\"twitter:card\" content=\"summary_large_image\" \/>\n<meta name=\"twitter:label1\" content=\"Escrit per\" \/>\n\t<meta name=\"twitter:data1\" content=\"Redacci\u00f3n\" \/>\n\t<meta name=\"twitter:label2\" content=\"Temps estimat de lectura\" \/>\n\t<meta name=\"twitter:data2\" content=\"3 minuts\" \/>\n<script type=\"application\/ld+json\" class=\"yoast-schema-graph\">{\"@context\":\"https:\\\/\\\/schema.org\",\"@graph\":[{\"@type\":\"NewsArticle\",\"@id\":\"https:\\\/\\\/radiolitoral.com\\\/2025\\\/01\\\/detinguts-quatre-jovens-a-calp-per-robatoris-en-vivendes-duna-urbanitzacio\\\/#article\",\"isPartOf\":{\"@id\":\"https:\\\/\\\/radiolitoral.com\\\/2025\\\/01\\\/detinguts-quatre-jovens-a-calp-per-robatoris-en-vivendes-duna-urbanitzacio\\\/\"},\"author\":{\"name\":\"Redacci\u00f3n\",\"@id\":\"https:\\\/\\\/radiolitoral.com\\\/#\\\/schema\\\/person\\\/f2b2343c49b5d721857cc1002bfdb151\"},\"headline\":\"Detinguts quatre j\u00f3vens a Calp per robatoris en vivendes d&#8217;una urbanitzaci\u00f3\",\"datePublished\":\"2025-01-23T11:56:32+00:00\",\"dateModified\":\"2025-01-23T12:00:17+00:00\",\"mainEntityOfPage\":{\"@id\":\"https:\\\/\\\/radiolitoral.com\\\/2025\\\/01\\\/detinguts-quatre-jovens-a-calp-per-robatoris-en-vivendes-duna-urbanitzacio\\\/\"},\"wordCount\":535,\"commentCount\":0,\"publisher\":{\"@id\":\"https:\\\/\\\/radiolitoral.com\\\/#organization\"},\"image\":{\"@id\":\"https:\\\/\\\/radiolitoral.com\\\/2025\\\/01\\\/detinguts-quatre-jovens-a-calp-per-robatoris-en-vivendes-duna-urbanitzacio\\\/#primaryimage\"},\"thumbnailUrl\":\"https:\\\/\\\/media.radiolitoral.com\\\/wp-content\\\/uploads\\\/2025\\\/01\\\/23124945\\\/Guardia-Civil-detencion-robos-viviendas-CAlp-2.jpg\",\"keywords\":[\"Calp\",\"Guardia Civil\",\"robos con fuerza\",\"robos en viviendas\",\"sucesos\",\"sucesos Calp\"],\"articleSection\":[\"Sucesos\"],\"inLanguage\":\"ca\",\"potentialAction\":[{\"@type\":\"CommentAction\",\"name\":\"Comment\",\"target\":[\"https:\\\/\\\/radiolitoral.com\\\/2025\\\/01\\\/detinguts-quatre-jovens-a-calp-per-robatoris-en-vivendes-duna-urbanitzacio\\\/#respond\"]}]},{\"@type\":[\"WebPage\",\"ItemPage\"],\"@id\":\"https:\\\/\\\/radiolitoral.com\\\/2025\\\/01\\\/detinguts-quatre-jovens-a-calp-per-robatoris-en-vivendes-duna-urbanitzacio\\\/\",\"url\":\"https:\\\/\\\/radiolitoral.com\\\/2025\\\/01\\\/detinguts-quatre-jovens-a-calp-per-robatoris-en-vivendes-duna-urbanitzacio\\\/\",\"name\":\"Detinguts quatre j\u00f3vens a Calp per robatoris en vivendes d'una urbanitzaci\u00f3 | R\u00e0dio Litoral\",\"isPartOf\":{\"@id\":\"https:\\\/\\\/radiolitoral.com\\\/#website\"},\"primaryImageOfPage\":{\"@id\":\"https:\\\/\\\/radiolitoral.com\\\/2025\\\/01\\\/detinguts-quatre-jovens-a-calp-per-robatoris-en-vivendes-duna-urbanitzacio\\\/#primaryimage\"},\"image\":{\"@id\":\"https:\\\/\\\/radiolitoral.com\\\/2025\\\/01\\\/detinguts-quatre-jovens-a-calp-per-robatoris-en-vivendes-duna-urbanitzacio\\\/#primaryimage\"},\"thumbnailUrl\":\"https:\\\/\\\/media.radiolitoral.com\\\/wp-content\\\/uploads\\\/2025\\\/01\\\/23124945\\\/Guardia-Civil-detencion-robos-viviendas-CAlp-2.jpg\",\"datePublished\":\"2025-01-23T11:56:32+00:00\",\"dateModified\":\"2025-01-23T12:00:17+00:00\",\"description\":\"La Gu\u00e0rdia Civil captura als presumptes autors, els qui es van entretindre en una de les vivendes prenent begudes i menjar La Gu\u00e0rdia Civil captura als presumptes autors, els qui es van entretindre en una de les vivendes prenent begudes i menjar\",\"breadcrumb\":{\"@id\":\"https:\\\/\\\/radiolitoral.com\\\/2025\\\/01\\\/detinguts-quatre-jovens-a-calp-per-robatoris-en-vivendes-duna-urbanitzacio\\\/#breadcrumb\"},\"inLanguage\":\"ca\",\"potentialAction\":[{\"@type\":\"ReadAction\",\"target\":[\"https:\\\/\\\/radiolitoral.com\\\/2025\\\/01\\\/detinguts-quatre-jovens-a-calp-per-robatoris-en-vivendes-duna-urbanitzacio\\\/\"]}]},{\"@type\":\"ImageObject\",\"inLanguage\":\"ca\",\"@id\":\"https:\\\/\\\/radiolitoral.com\\\/2025\\\/01\\\/detinguts-quatre-jovens-a-calp-per-robatoris-en-vivendes-duna-urbanitzacio\\\/#primaryimage\",\"url\":\"https:\\\/\\\/media.radiolitoral.com\\\/wp-content\\\/uploads\\\/2025\\\/01\\\/23124945\\\/Guardia-Civil-detencion-robos-viviendas-CAlp-2.jpg\",\"contentUrl\":\"https:\\\/\\\/media.radiolitoral.com\\\/wp-content\\\/uploads\\\/2025\\\/01\\\/23124945\\\/Guardia-Civil-detencion-robos-viviendas-CAlp-2.jpg\",\"width\":960,\"height\":720},{\"@type\":\"BreadcrumbList\",\"@id\":\"https:\\\/\\\/radiolitoral.com\\\/2025\\\/01\\\/detinguts-quatre-jovens-a-calp-per-robatoris-en-vivendes-duna-urbanitzacio\\\/#breadcrumb\",\"itemListElement\":[{\"@type\":\"ListItem\",\"position\":1,\"name\":\"Portada\",\"item\":\"https:\\\/\\\/radiolitoral.com\\\/\"},{\"@type\":\"ListItem\",\"position\":2,\"name\":\"Detinguts quatre j\u00f3vens a Calp per robatoris en vivendes d&#8217;una urbanitzaci\u00f3\"}]},{\"@type\":\"WebSite\",\"@id\":\"https:\\\/\\\/radiolitoral.com\\\/#website\",\"url\":\"https:\\\/\\\/radiolitoral.com\\\/\",\"name\":\"Radio Litoral\",\"description\":\"La radio local de la Marina Alta\",\"publisher\":{\"@id\":\"https:\\\/\\\/radiolitoral.com\\\/#organization\"},\"alternateName\":\"Litoral FM\",\"potentialAction\":[{\"@type\":\"SearchAction\",\"target\":{\"@type\":\"EntryPoint\",\"urlTemplate\":\"https:\\\/\\\/radiolitoral.com\\\/?s={search_term_string}\"},\"query-input\":{\"@type\":\"PropertyValueSpecification\",\"valueRequired\":true,\"valueName\":\"search_term_string\"}}],\"inLanguage\":\"ca\"},{\"@type\":\"Organization\",\"@id\":\"https:\\\/\\\/radiolitoral.com\\\/#organization\",\"name\":\"Radio Litoral\",\"url\":\"https:\\\/\\\/radiolitoral.com\\\/\",\"logo\":{\"@type\":\"ImageObject\",\"inLanguage\":\"ca\",\"@id\":\"https:\\\/\\\/radiolitoral.com\\\/#\\\/schema\\\/logo\\\/image\\\/\",\"url\":\"https:\\\/\\\/media.radiolitoral.com\\\/wp-content\\\/uploads\\\/2023\\\/02\\\/24143238\\\/CL-V-RadioLitoral696.png\",\"contentUrl\":\"https:\\\/\\\/media.radiolitoral.com\\\/wp-content\\\/uploads\\\/2023\\\/02\\\/24143238\\\/CL-V-RadioLitoral696.png\",\"width\":696,\"height\":696,\"caption\":\"Radio Litoral\"},\"image\":{\"@id\":\"https:\\\/\\\/radiolitoral.com\\\/#\\\/schema\\\/logo\\\/image\\\/\"},\"sameAs\":[\"https:\\\/\\\/www.facebook.com\\\/Laradiolitoral\\\/\"]},{\"@type\":\"Person\",\"@id\":\"https:\\\/\\\/radiolitoral.com\\\/#\\\/schema\\\/person\\\/f2b2343c49b5d721857cc1002bfdb151\",\"name\":\"Redacci\u00f3n\",\"image\":{\"@type\":\"ImageObject\",\"inLanguage\":\"ca\",\"@id\":\"https:\\\/\\\/secure.gravatar.com\\\/avatar\\\/f771d896c203ad8b3382d7905cfcce5a5c9b008b84b3cd9114e9b9f4cb63f789?s=96&d=mm&r=g\",\"url\":\"https:\\\/\\\/secure.gravatar.com\\\/avatar\\\/f771d896c203ad8b3382d7905cfcce5a5c9b008b84b3cd9114e9b9f4cb63f789?s=96&d=mm&r=g\",\"contentUrl\":\"https:\\\/\\\/secure.gravatar.com\\\/avatar\\\/f771d896c203ad8b3382d7905cfcce5a5c9b008b84b3cd9114e9b9f4cb63f789?s=96&d=mm&r=g\",\"caption\":\"Redacci\u00f3n\"},\"url\":\"https:\\\/\\\/radiolitoral.com\\\/ca\\\/author\\\/miriam-pagan\\\/\"}]}<\/script>\n<!-- \/ Yoast SEO plugin. -->","yoast_head_json":{"title":"Detinguts quatre joves a Calp per robatoris a vivendes d&#039;una urbanitzaci\u00f3 | R\u00e0dio Litoral","description":"La Gu\u00e0rdia Civil captura els presumptes autors, els qui es van entretindre en una de les vivendes prenent begudes i menjar La Gu\u00e0rdia Civil captura els presumptes autors, els qui se&#039;n van entretindre en una","robots":{"index":"index","follow":"follow","max-snippet":"max-snippet:-1","max-image-preview":"max-image-preview:large","max-video-preview":"max-video-preview:-1"},"canonical":"https:\/\/radiolitoral.com\/ca\/2025\/01\/detinguts-quatre-joves-a-calp-per-robatoris-a-vivendes-duna-urbanitzacio\/","og_locale":"ca_ES","og_type":"article","og_title":"Detinguts quatre j\u00f3vens a Calp per robatoris en vivendes d'una urbanitzaci\u00f3 | R\u00e0dio Litoral","og_description":"La Gu\u00e0rdia Civil captura als presumptes autors, els qui es van entretindre en una de les vivendes prenent begudes i menjar La Gu\u00e0rdia Civil captura als presumptes autors, els qui es van entretindre en una de les vivendes prenent begudes i menjar","og_url":"https:\/\/radiolitoral.com\/ca\/2025\/01\/detinguts-quatre-joves-a-calp-per-robatoris-a-vivendes-duna-urbanitzacio\/","og_site_name":"R\u00e0dio Litoral","article_publisher":"https:\/\/www.facebook.com\/Laradiolitoral\/","article_published_time":"2025-01-23T11:56:32+00:00","article_modified_time":"2025-01-23T12:00:17+00:00","og_image":[{"width":960,"height":720,"url":"https:\/\/media.radiolitoral.com\/wp-content\/uploads\/2025\/01\/23124945\/Guardia-Civil-detencion-robos-viviendas-CAlp-2.jpg","type":"image\/jpeg"}],"author":"Redacci\u00f3n","twitter_card":"summary_large_image","twitter_misc":{"Escrit per":"Redacci\u00f3n","Temps estimat de lectura":"3 minuts"},"schema":{"@context":"https:\/\/schema.org","@graph":[{"@type":"NewsArticle","@id":"https:\/\/radiolitoral.com\/2025\/01\/detinguts-quatre-jovens-a-calp-per-robatoris-en-vivendes-duna-urbanitzacio\/#article","isPartOf":{"@id":"https:\/\/radiolitoral.com\/2025\/01\/detinguts-quatre-jovens-a-calp-per-robatoris-en-vivendes-duna-urbanitzacio\/"},"author":{"name":"Redacci\u00f3n","@id":"https:\/\/radiolitoral.com\/#\/schema\/person\/f2b2343c49b5d721857cc1002bfdb151"},"headline":"Detinguts quatre j\u00f3vens a Calp per robatoris en vivendes d&#8217;una urbanitzaci\u00f3","datePublished":"2025-01-23T11:56:32+00:00","dateModified":"2025-01-23T12:00:17+00:00","mainEntityOfPage":{"@id":"https:\/\/radiolitoral.com\/2025\/01\/detinguts-quatre-jovens-a-calp-per-robatoris-en-vivendes-duna-urbanitzacio\/"},"wordCount":535,"commentCount":0,"publisher":{"@id":"https:\/\/radiolitoral.com\/#organization"},"image":{"@id":"https:\/\/radiolitoral.com\/2025\/01\/detinguts-quatre-jovens-a-calp-per-robatoris-en-vivendes-duna-urbanitzacio\/#primaryimage"},"thumbnailUrl":"https:\/\/media.radiolitoral.com\/wp-content\/uploads\/2025\/01\/23124945\/Guardia-Civil-detencion-robos-viviendas-CAlp-2.jpg","keywords":["Calp","Guardia Civil","robos con fuerza","robos en viviendas","sucesos","sucesos Calp"],"articleSection":["Sucesos"],"inLanguage":"ca","potentialAction":[{"@type":"CommentAction","name":"Comment","target":["https:\/\/radiolitoral.com\/2025\/01\/detinguts-quatre-jovens-a-calp-per-robatoris-en-vivendes-duna-urbanitzacio\/#respond"]}]},{"@type":["WebPage","ItemPage"],"@id":"https:\/\/radiolitoral.com\/2025\/01\/detinguts-quatre-jovens-a-calp-per-robatoris-en-vivendes-duna-urbanitzacio\/","url":"https:\/\/radiolitoral.com\/2025\/01\/detinguts-quatre-jovens-a-calp-per-robatoris-en-vivendes-duna-urbanitzacio\/","name":"Detinguts quatre joves a Calp per robatoris a vivendes d&#039;una urbanitzaci\u00f3 | R\u00e0dio Litoral","isPartOf":{"@id":"https:\/\/radiolitoral.com\/#website"},"primaryImageOfPage":{"@id":"https:\/\/radiolitoral.com\/2025\/01\/detinguts-quatre-jovens-a-calp-per-robatoris-en-vivendes-duna-urbanitzacio\/#primaryimage"},"image":{"@id":"https:\/\/radiolitoral.com\/2025\/01\/detinguts-quatre-jovens-a-calp-per-robatoris-en-vivendes-duna-urbanitzacio\/#primaryimage"},"thumbnailUrl":"https:\/\/media.radiolitoral.com\/wp-content\/uploads\/2025\/01\/23124945\/Guardia-Civil-detencion-robos-viviendas-CAlp-2.jpg","datePublished":"2025-01-23T11:56:32+00:00","dateModified":"2025-01-23T12:00:17+00:00","description":"La Gu\u00e0rdia Civil captura els presumptes autors, els qui es van entretindre en una de les vivendes prenent begudes i menjar La Gu\u00e0rdia Civil captura els presumptes autors, els qui se&#039;n van entretindre en una","breadcrumb":{"@id":"https:\/\/radiolitoral.com\/2025\/01\/detinguts-quatre-jovens-a-calp-per-robatoris-en-vivendes-duna-urbanitzacio\/#breadcrumb"},"inLanguage":"ca","potentialAction":[{"@type":"ReadAction","target":["https:\/\/radiolitoral.com\/2025\/01\/detinguts-quatre-jovens-a-calp-per-robatoris-en-vivendes-duna-urbanitzacio\/"]}]},{"@type":"ImageObject","inLanguage":"ca","@id":"https:\/\/radiolitoral.com\/2025\/01\/detinguts-quatre-jovens-a-calp-per-robatoris-en-vivendes-duna-urbanitzacio\/#primaryimage","url":"https:\/\/media.radiolitoral.com\/wp-content\/uploads\/2025\/01\/23124945\/Guardia-Civil-detencion-robos-viviendas-CAlp-2.jpg","contentUrl":"https:\/\/media.radiolitoral.com\/wp-content\/uploads\/2025\/01\/23124945\/Guardia-Civil-detencion-robos-viviendas-CAlp-2.jpg","width":960,"height":720},{"@type":"BreadcrumbList","@id":"https:\/\/radiolitoral.com\/2025\/01\/detinguts-quatre-jovens-a-calp-per-robatoris-en-vivendes-duna-urbanitzacio\/#breadcrumb","itemListElement":[{"@type":"ListItem","position":1,"name":"Portada","item":"https:\/\/radiolitoral.com\/"},{"@type":"ListItem","position":2,"name":"Detinguts quatre j\u00f3vens a Calp per robatoris en vivendes d&#8217;una urbanitzaci\u00f3"}]},{"@type":"WebSite","@id":"https:\/\/radiolitoral.com\/#website","url":"https:\/\/radiolitoral.com\/","name":"R\u00e0dio Litoral","description":"La r\u00e0dio local de la Marina Alta","publisher":{"@id":"https:\/\/radiolitoral.com\/#organization"},"alternateName":"Litoral FM","potentialAction":[{"@type":"SearchAction","target":{"@type":"EntryPoint","urlTemplate":"https:\/\/radiolitoral.com\/?s={search_term_string}"},"query-input":{"@type":"PropertyValueSpecification","valueRequired":true,"valueName":"search_term_string"}}],"inLanguage":"ca"},{"@type":"Organization","@id":"https:\/\/radiolitoral.com\/#organization","name":"R\u00e0dio Litoral","url":"https:\/\/radiolitoral.com\/","logo":{"@type":"ImageObject","inLanguage":"ca","@id":"https:\/\/radiolitoral.com\/#\/schema\/logo\/image\/","url":"https:\/\/media.radiolitoral.com\/wp-content\/uploads\/2023\/02\/24143238\/CL-V-RadioLitoral696.png","contentUrl":"https:\/\/media.radiolitoral.com\/wp-content\/uploads\/2023\/02\/24143238\/CL-V-RadioLitoral696.png","width":696,"height":696,"caption":"Radio Litoral"},"image":{"@id":"https:\/\/radiolitoral.com\/#\/schema\/logo\/image\/"},"sameAs":["https:\/\/www.facebook.com\/Laradiolitoral\/"]},{"@type":"Person","@id":"https:\/\/radiolitoral.com\/#\/schema\/person\/f2b2343c49b5d721857cc1002bfdb151","name":"Redacci\u00f3","image":{"@type":"ImageObject","inLanguage":"ca","@id":"https:\/\/secure.gravatar.com\/avatar\/f771d896c203ad8b3382d7905cfcce5a5c9b008b84b3cd9114e9b9f4cb63f789?s=96&d=mm&r=g","url":"https:\/\/secure.gravatar.com\/avatar\/f771d896c203ad8b3382d7905cfcce5a5c9b008b84b3cd9114e9b9f4cb63f789?s=96&d=mm&r=g","contentUrl":"https:\/\/secure.gravatar.com\/avatar\/f771d896c203ad8b3382d7905cfcce5a5c9b008b84b3cd9114e9b9f4cb63f789?s=96&d=mm&r=g","caption":"Redacci\u00f3n"},"url":"https:\/\/radiolitoral.com\/ca\/author\/miriam-pagan\/"}]}},"_links":{"self":[{"href":"https:\/\/radiolitoral.com\/ca\/wp-json\/wp\/v2\/posts\/14539","targetHints":{"allow":["GET"]}}],"collection":[{"href":"https:\/\/radiolitoral.com\/ca\/wp-json\/wp\/v2\/posts"}],"about":[{"href":"https:\/\/radiolitoral.com\/ca\/wp-json\/wp\/v2\/types\/post"}],"author":[{"embeddable":true,"href":"https:\/\/radiolitoral.com\/ca\/wp-json\/wp\/v2\/users\/13"}],"replies":[{"embeddable":true,"href":"https:\/\/radiolitoral.com\/ca\/wp-json\/wp\/v2\/comments?post=14539"}],"version-history":[{"count":3,"href":"https:\/\/radiolitoral.com\/ca\/wp-json\/wp\/v2\/posts\/14539\/revisions"}],"predecessor-version":[{"id":14542,"href":"https:\/\/radiolitoral.com\/ca\/wp-json\/wp\/v2\/posts\/14539\/revisions\/14542"}],"wp:featuredmedia":[{"embeddable":true,"href":"https:\/\/radiolitoral.com\/ca\/wp-json\/wp\/v2\/media\/14538"}],"wp:attachment":[{"href":"https:\/\/radiolitoral.com\/ca\/wp-json\/wp\/v2\/media?parent=14539"}],"wp:term":[{"taxonomy":"category","embeddable":true,"href":"https:\/\/radiolitoral.com\/ca\/wp-json\/wp\/v2\/categories?post=14539"},{"taxonomy":"post_tag","embeddable":true,"href":"https:\/\/radiolitoral.com\/ca\/wp-json\/wp\/v2\/tags?post=14539"}],"curies":[{"name":"wp","href":"https:\/\/api.w.org\/{rel}","templated":true}]}}