{"id":14513,"date":"2025-01-23T10:04:01","date_gmt":"2025-01-23T09:04:01","guid":{"rendered":"https:\/\/radiolitoral.com\/?p=14513"},"modified":"2025-01-23T10:04:01","modified_gmt":"2025-01-23T09:04:01","slug":"relleu-de-jugadors-al-denia-bc","status":"publish","type":"post","link":"https:\/\/radiolitoral.com\/ca\/2025\/01\/relleu-de-jugadors-al-denia-bc\/","title":{"rendered":"Relleu de jugadors al D\u00e9nia BC"},"content":{"rendered":"<p>El <strong>D\u00e9nia B\u00e0squet<\/strong> ha anunciat la incorporaci\u00f3 de <strong>Miguel Server <span class=\"hiddenSpellError\">Pasqual<\/span><\/strong>, escorta de 34 anys nascut i format a Pego, per al seu equip\u00a0<span class=\"hiddenSpellError\">S\u00e8nior<\/span>\u00a0Mascul\u00ed de <strong>Tercera\u00a0<span class=\"hiddenSpellError\">FEB<\/span><\/strong>.\u00a0<span class=\"hiddenSuggestion\">Aquesta<\/span>\u00a0arribada \u00e9s produ\u00eft despr\u00e9s de la marxa de <strong>Santiago\u00a0<span class=\"hiddenSpellError\">Fedele<\/span><\/strong>, que per motius professionals ha deixat de residir a D\u00e9nia i de formar part de l&#039;equip.<\/p>\n<p>Miquel Server compta amb una \u00e0mplia traject\u00f2ria al m\u00f3n del b\u00e0squet. Ja va formar part del D\u00e9nia B\u00e0squet la temporada 2015-16 en categoria auton\u00f2mica. Posteriorment, va defensar els colors de l&#039;<strong>Oliva<\/strong> i, durant diversos anys, els del <strong>Club\u00a0<span class=\"hiddenSpellError\">Petraher<\/span>\u00a0de Val\u00e8ncia<\/strong> a\u00a0<span class=\"hiddenGrammarError\">1a<\/span>\u00a0Nacional, on va estar molt a prop d&#039;aconseguir l&#039;ascens a la Lliga\u00a0<span class=\"hiddenSpellError\">EBA<\/span>. Aquesta temporada havia estat jugant amb el <strong>CB Pego<\/strong> en categoria Preferent, entitat a la qual el D\u00e9nia B\u00e0squet\u00a0<span class=\"hiddenSuggestion\">agraeix<\/span> la seva col\u00b7laboraci\u00f3 per facilitar l&#039;arribada de Server al club.<\/p>\n<p>Amb\u00a0<span class=\"hiddenSuggestion\">aquesta<\/span>\u00a0incorporaci\u00f3, el t\u00e8cnic\u00a0<span class=\"hiddenSpellError\">Eduardo<\/span>\u00a0<span class=\"hiddenSpellError\">Clavero<\/span>\u00a0i Xavier D\u00edaz esperen refor\u00e7ar el conjunt en un moment crucial de la temporada. Miquel Server es posar\u00e0 immediatament a disposici\u00f3 de l&#039;equip per afrontar el transcendent despla\u00e7ament a Novelda, on el D\u00e9nia B\u00e0squet buscar\u00e0 consolidar la seva posici\u00f3 a la competici\u00f3.<\/p>\n<p>Aquest moviment reafirma el comprom\u00eds del D\u00e9nia B\u00e0squet amb un projecte ambicioso que combina talent local i experi\u00e8ncia per assolir els m\u00e0xims \u00e8xits a Tercera\u00a0<span class=\"hiddenSpellError\">FEB<\/span>.<\/p>\n<p><script src=\"chrome-extension:\/\/flbolonkboilcbnohjlchlfgdalomdpl\/iFrame.js\" type=\"text\/javascript\"><\/script><\/p>","protected":false},"excerpt":{"rendered":"<p>El D\u00e9nia B\u00e0squet ha anunciat la incorporaci\u00f3 de Miguel Server Pascual, escolta de 34 anys nascut i format a Pego, per al seu equip\u00a0Senior\u00a0Mascul\u00ed de Tercera\u00a0FEB.\u00a0Aquesta\u00a0arribada es produ\u00efx despr\u00e9s de la marxa de Santiago\u00a0Fedele, que per motius professionals ha deixat de residir a D\u00e9nia i de formar part de l&#8217;equip. Miquel Server compta amb una [&#8230;]<\/p>\n<p><a class=\"btn btn-secondary understrap-read-more-link\" href=\"https:\/\/radiolitoral.com\/ca\/2025\/01\/relleu-de-jugadors-al-denia-bc\/\">Continua llegint&#8230;<span class=\"screen-reader-text\"> from Relleu de jugadors al D\u00e9nia BC<\/span><\/a><\/p>\n","protected":false},"author":12,"featured_media":14514,"comment_status":"open","ping_status":"closed","sticky":false,"template":"","format":"standard","meta":{"_acf_changed":false,"inline_featured_image":false,"footnotes":""},"categories":[5],"tags":[3390,3389,1788,1355,6,3387,3388],"class_list":["post-14513","post","type-post","status-publish","format-standard","has-post-thumbnail","hentry","category-deportes","tag-cb-pego","tag-club-petraher-de-valencia","tag-denia-basquet","tag-denia-bc","tag-deportes","tag-miguel-server","tag-santiago-fedele","cobertura-denia"],"acf":[],"yoast_head":"<!-- This site is optimized with the Yoast SEO plugin v27.5 - https:\/\/yoast.com\/product\/yoast-seo-wordpress\/ -->\n<title>Relleu de jugadors al D\u00e9nia BC | R\u00e0dio Litoral<\/title>\n<meta name=\"description\" content=\"Miguel Server procedent del CB Pego cobrix la baixa de Santiago Fedele que abandona el club per motius professionalsMiguel Server procedent del CB Pego cobrix la baixa de Santiago Fedele que abandona el club per motius professionals\" \/>\n<meta name=\"robots\" content=\"index, follow, max-snippet:-1, max-image-preview:large, max-video-preview:-1\" \/>\n<link rel=\"canonical\" href=\"https:\/\/radiolitoral.com\/ca\/2025\/01\/relleu-de-jugadors-al-denia-bc\/\" \/>\n<meta property=\"og:locale\" content=\"ca_ES\" \/>\n<meta property=\"og:type\" content=\"article\" \/>\n<meta property=\"og:title\" content=\"Relleu de jugadors al D\u00e9nia BC | R\u00e0dio Litoral\" \/>\n<meta property=\"og:description\" content=\"Miguel Server procedent del CB Pego cobrix la baixa de Santiago Fedele que abandona el club per motius professionalsMiguel Server procedent del CB Pego cobrix la baixa de Santiago Fedele que abandona el club per motius professionals\" \/>\n<meta property=\"og:url\" content=\"https:\/\/radiolitoral.com\/ca\/2025\/01\/relleu-de-jugadors-al-denia-bc\/\" \/>\n<meta property=\"og:site_name\" content=\"R\u00e0dio Litoral\" \/>\n<meta property=\"article:publisher\" content=\"https:\/\/www.facebook.com\/Laradiolitoral\/\" \/>\n<meta property=\"article:published_time\" content=\"2025-01-23T09:04:01+00:00\" \/>\n<meta property=\"og:image\" content=\"https:\/\/media.radiolitoral.com\/wp-content\/uploads\/2025\/01\/23100343\/Miquel-Server-en-el-Denia-BC.jpg\" \/>\n\t<meta property=\"og:image:width\" content=\"1024\" \/>\n\t<meta property=\"og:image:height\" content=\"659\" \/>\n\t<meta property=\"og:image:type\" content=\"image\/jpeg\" \/>\n<meta name=\"author\" content=\"Javier Zamora\" \/>\n<meta name=\"twitter:card\" content=\"summary_large_image\" \/>\n<meta name=\"twitter:label1\" content=\"Escrit per\" \/>\n\t<meta name=\"twitter:data1\" content=\"Javier Zamora\" \/>\n\t<meta name=\"twitter:label2\" content=\"Temps estimat de lectura\" \/>\n\t<meta name=\"twitter:data2\" content=\"2 minuts\" \/>\n<script type=\"application\/ld+json\" class=\"yoast-schema-graph\">{\"@context\":\"https:\\\/\\\/schema.org\",\"@graph\":[{\"@type\":\"NewsArticle\",\"@id\":\"https:\\\/\\\/radiolitoral.com\\\/2025\\\/01\\\/relleu-de-jugadors-al-denia-bc\\\/#article\",\"isPartOf\":{\"@id\":\"https:\\\/\\\/radiolitoral.com\\\/2025\\\/01\\\/relleu-de-jugadors-al-denia-bc\\\/\"},\"author\":{\"name\":\"Javier Zamora\",\"@id\":\"https:\\\/\\\/radiolitoral.com\\\/#\\\/schema\\\/person\\\/7b1480b5caeb5acdd4ec6379caf62b22\"},\"headline\":\"Relleu de jugadors al D\u00e9nia BC\",\"datePublished\":\"2025-01-23T09:04:01+00:00\",\"mainEntityOfPage\":{\"@id\":\"https:\\\/\\\/radiolitoral.com\\\/2025\\\/01\\\/relleu-de-jugadors-al-denia-bc\\\/\"},\"wordCount\":256,\"commentCount\":0,\"publisher\":{\"@id\":\"https:\\\/\\\/radiolitoral.com\\\/#organization\"},\"image\":{\"@id\":\"https:\\\/\\\/radiolitoral.com\\\/2025\\\/01\\\/relleu-de-jugadors-al-denia-bc\\\/#primaryimage\"},\"thumbnailUrl\":\"https:\\\/\\\/media.radiolitoral.com\\\/wp-content\\\/uploads\\\/2025\\\/01\\\/23100343\\\/Miquel-Server-en-el-Denia-BC.jpg\",\"keywords\":[\"CB Pego\",\"Club\u00a0Petraher\u00a0de Val\u00e8ncia\",\"D\u00e9nia B\u00e0squet\",\"D\u00e9nia BC\",\"deportes\",\"Miguel Server\",\"Santiago\u00a0Fedele\"],\"articleSection\":[\"Deportes\"],\"inLanguage\":\"ca\",\"potentialAction\":[{\"@type\":\"CommentAction\",\"name\":\"Comment\",\"target\":[\"https:\\\/\\\/radiolitoral.com\\\/2025\\\/01\\\/relleu-de-jugadors-al-denia-bc\\\/#respond\"]}]},{\"@type\":[\"WebPage\",\"ItemPage\"],\"@id\":\"https:\\\/\\\/radiolitoral.com\\\/2025\\\/01\\\/relleu-de-jugadors-al-denia-bc\\\/\",\"url\":\"https:\\\/\\\/radiolitoral.com\\\/2025\\\/01\\\/relleu-de-jugadors-al-denia-bc\\\/\",\"name\":\"Relleu de jugadors al D\u00e9nia BC | R\u00e0dio Litoral\",\"isPartOf\":{\"@id\":\"https:\\\/\\\/radiolitoral.com\\\/#website\"},\"primaryImageOfPage\":{\"@id\":\"https:\\\/\\\/radiolitoral.com\\\/2025\\\/01\\\/relleu-de-jugadors-al-denia-bc\\\/#primaryimage\"},\"image\":{\"@id\":\"https:\\\/\\\/radiolitoral.com\\\/2025\\\/01\\\/relleu-de-jugadors-al-denia-bc\\\/#primaryimage\"},\"thumbnailUrl\":\"https:\\\/\\\/media.radiolitoral.com\\\/wp-content\\\/uploads\\\/2025\\\/01\\\/23100343\\\/Miquel-Server-en-el-Denia-BC.jpg\",\"datePublished\":\"2025-01-23T09:04:01+00:00\",\"description\":\"Miguel Server procedent del CB Pego cobrix la baixa de Santiago Fedele que abandona el club per motius professionalsMiguel Server procedent del CB Pego cobrix la baixa de Santiago Fedele que abandona el club per motius professionals\",\"breadcrumb\":{\"@id\":\"https:\\\/\\\/radiolitoral.com\\\/2025\\\/01\\\/relleu-de-jugadors-al-denia-bc\\\/#breadcrumb\"},\"inLanguage\":\"ca\",\"potentialAction\":[{\"@type\":\"ReadAction\",\"target\":[\"https:\\\/\\\/radiolitoral.com\\\/2025\\\/01\\\/relleu-de-jugadors-al-denia-bc\\\/\"]}]},{\"@type\":\"ImageObject\",\"inLanguage\":\"ca\",\"@id\":\"https:\\\/\\\/radiolitoral.com\\\/2025\\\/01\\\/relleu-de-jugadors-al-denia-bc\\\/#primaryimage\",\"url\":\"https:\\\/\\\/media.radiolitoral.com\\\/wp-content\\\/uploads\\\/2025\\\/01\\\/23100343\\\/Miquel-Server-en-el-Denia-BC.jpg\",\"contentUrl\":\"https:\\\/\\\/media.radiolitoral.com\\\/wp-content\\\/uploads\\\/2025\\\/01\\\/23100343\\\/Miquel-Server-en-el-Denia-BC.jpg\",\"width\":1024,\"height\":659},{\"@type\":\"BreadcrumbList\",\"@id\":\"https:\\\/\\\/radiolitoral.com\\\/2025\\\/01\\\/relleu-de-jugadors-al-denia-bc\\\/#breadcrumb\",\"itemListElement\":[{\"@type\":\"ListItem\",\"position\":1,\"name\":\"Portada\",\"item\":\"https:\\\/\\\/radiolitoral.com\\\/\"},{\"@type\":\"ListItem\",\"position\":2,\"name\":\"Relleu de jugadors al D\u00e9nia BC\"}]},{\"@type\":\"WebSite\",\"@id\":\"https:\\\/\\\/radiolitoral.com\\\/#website\",\"url\":\"https:\\\/\\\/radiolitoral.com\\\/\",\"name\":\"Radio Litoral\",\"description\":\"La radio local de la Marina Alta\",\"publisher\":{\"@id\":\"https:\\\/\\\/radiolitoral.com\\\/#organization\"},\"alternateName\":\"Litoral FM\",\"potentialAction\":[{\"@type\":\"SearchAction\",\"target\":{\"@type\":\"EntryPoint\",\"urlTemplate\":\"https:\\\/\\\/radiolitoral.com\\\/?s={search_term_string}\"},\"query-input\":{\"@type\":\"PropertyValueSpecification\",\"valueRequired\":true,\"valueName\":\"search_term_string\"}}],\"inLanguage\":\"ca\"},{\"@type\":\"Organization\",\"@id\":\"https:\\\/\\\/radiolitoral.com\\\/#organization\",\"name\":\"Radio Litoral\",\"url\":\"https:\\\/\\\/radiolitoral.com\\\/\",\"logo\":{\"@type\":\"ImageObject\",\"inLanguage\":\"ca\",\"@id\":\"https:\\\/\\\/radiolitoral.com\\\/#\\\/schema\\\/logo\\\/image\\\/\",\"url\":\"https:\\\/\\\/media.radiolitoral.com\\\/wp-content\\\/uploads\\\/2023\\\/02\\\/24143238\\\/CL-V-RadioLitoral696.png\",\"contentUrl\":\"https:\\\/\\\/media.radiolitoral.com\\\/wp-content\\\/uploads\\\/2023\\\/02\\\/24143238\\\/CL-V-RadioLitoral696.png\",\"width\":696,\"height\":696,\"caption\":\"Radio Litoral\"},\"image\":{\"@id\":\"https:\\\/\\\/radiolitoral.com\\\/#\\\/schema\\\/logo\\\/image\\\/\"},\"sameAs\":[\"https:\\\/\\\/www.facebook.com\\\/Laradiolitoral\\\/\"]},{\"@type\":\"Person\",\"@id\":\"https:\\\/\\\/radiolitoral.com\\\/#\\\/schema\\\/person\\\/7b1480b5caeb5acdd4ec6379caf62b22\",\"name\":\"Javier Zamora\",\"image\":{\"@type\":\"ImageObject\",\"inLanguage\":\"ca\",\"@id\":\"https:\\\/\\\/secure.gravatar.com\\\/avatar\\\/467a11f6918c7d619c4043fc6fa2d3853053107973f05b6e9c04ea6c4e3a7b3f?s=96&d=mm&r=g\",\"url\":\"https:\\\/\\\/secure.gravatar.com\\\/avatar\\\/467a11f6918c7d619c4043fc6fa2d3853053107973f05b6e9c04ea6c4e3a7b3f?s=96&d=mm&r=g\",\"contentUrl\":\"https:\\\/\\\/secure.gravatar.com\\\/avatar\\\/467a11f6918c7d619c4043fc6fa2d3853053107973f05b6e9c04ea6c4e3a7b3f?s=96&d=mm&r=g\",\"caption\":\"Javier Zamora\"},\"url\":\"https:\\\/\\\/radiolitoral.com\\\/ca\\\/author\\\/javier-zamora\\\/\"}]}<\/script>\n<!-- \/ Yoast SEO plugin. -->","yoast_head_json":{"title":"Relleu de jugadors al D\u00e9nia BC | R\u00e0dio Litoral","description":"Miguel Server procedent del CB Pego cobrix la baixa de Santiago Fedele que abandona el club per motius professionals","robots":{"index":"index","follow":"follow","max-snippet":"max-snippet:-1","max-image-preview":"max-image-preview:large","max-video-preview":"max-video-preview:-1"},"canonical":"https:\/\/radiolitoral.com\/ca\/2025\/01\/relleu-de-jugadors-al-denia-bc\/","og_locale":"ca_ES","og_type":"article","og_title":"Relleu de jugadors al D\u00e9nia BC | R\u00e0dio Litoral","og_description":"Miguel Server procedent del CB Pego cobrix la baixa de Santiago Fedele que abandona el club per motius professionalsMiguel Server procedent del CB Pego cobrix la baixa de Santiago Fedele que abandona el club per motius professionals","og_url":"https:\/\/radiolitoral.com\/ca\/2025\/01\/relleu-de-jugadors-al-denia-bc\/","og_site_name":"R\u00e0dio Litoral","article_publisher":"https:\/\/www.facebook.com\/Laradiolitoral\/","article_published_time":"2025-01-23T09:04:01+00:00","og_image":[{"width":1024,"height":659,"url":"https:\/\/media.radiolitoral.com\/wp-content\/uploads\/2025\/01\/23100343\/Miquel-Server-en-el-Denia-BC.jpg","type":"image\/jpeg"}],"author":"Javier Zamora","twitter_card":"summary_large_image","twitter_misc":{"Escrit per":"Javier Zamora","Temps estimat de lectura":"2 minuts"},"schema":{"@context":"https:\/\/schema.org","@graph":[{"@type":"NewsArticle","@id":"https:\/\/radiolitoral.com\/2025\/01\/relleu-de-jugadors-al-denia-bc\/#article","isPartOf":{"@id":"https:\/\/radiolitoral.com\/2025\/01\/relleu-de-jugadors-al-denia-bc\/"},"author":{"name":"Javier Zamora","@id":"https:\/\/radiolitoral.com\/#\/schema\/person\/7b1480b5caeb5acdd4ec6379caf62b22"},"headline":"Relleu de jugadors al D\u00e9nia BC","datePublished":"2025-01-23T09:04:01+00:00","mainEntityOfPage":{"@id":"https:\/\/radiolitoral.com\/2025\/01\/relleu-de-jugadors-al-denia-bc\/"},"wordCount":256,"commentCount":0,"publisher":{"@id":"https:\/\/radiolitoral.com\/#organization"},"image":{"@id":"https:\/\/radiolitoral.com\/2025\/01\/relleu-de-jugadors-al-denia-bc\/#primaryimage"},"thumbnailUrl":"https:\/\/media.radiolitoral.com\/wp-content\/uploads\/2025\/01\/23100343\/Miquel-Server-en-el-Denia-BC.jpg","keywords":["CB Pego","Club\u00a0Petraher\u00a0de Val\u00e8ncia","D\u00e9nia B\u00e0squet","D\u00e9nia BC","deportes","Miguel Server","Santiago\u00a0Fedele"],"articleSection":["Deportes"],"inLanguage":"ca","potentialAction":[{"@type":"CommentAction","name":"Comment","target":["https:\/\/radiolitoral.com\/2025\/01\/relleu-de-jugadors-al-denia-bc\/#respond"]}]},{"@type":["WebPage","ItemPage"],"@id":"https:\/\/radiolitoral.com\/2025\/01\/relleu-de-jugadors-al-denia-bc\/","url":"https:\/\/radiolitoral.com\/2025\/01\/relleu-de-jugadors-al-denia-bc\/","name":"Relleu de jugadors al D\u00e9nia BC | R\u00e0dio Litoral","isPartOf":{"@id":"https:\/\/radiolitoral.com\/#website"},"primaryImageOfPage":{"@id":"https:\/\/radiolitoral.com\/2025\/01\/relleu-de-jugadors-al-denia-bc\/#primaryimage"},"image":{"@id":"https:\/\/radiolitoral.com\/2025\/01\/relleu-de-jugadors-al-denia-bc\/#primaryimage"},"thumbnailUrl":"https:\/\/media.radiolitoral.com\/wp-content\/uploads\/2025\/01\/23100343\/Miquel-Server-en-el-Denia-BC.jpg","datePublished":"2025-01-23T09:04:01+00:00","description":"Miguel Server procedent del CB Pego cobrix la baixa de Santiago Fedele que abandona el club per motius professionals","breadcrumb":{"@id":"https:\/\/radiolitoral.com\/2025\/01\/relleu-de-jugadors-al-denia-bc\/#breadcrumb"},"inLanguage":"ca","potentialAction":[{"@type":"ReadAction","target":["https:\/\/radiolitoral.com\/2025\/01\/relleu-de-jugadors-al-denia-bc\/"]}]},{"@type":"ImageObject","inLanguage":"ca","@id":"https:\/\/radiolitoral.com\/2025\/01\/relleu-de-jugadors-al-denia-bc\/#primaryimage","url":"https:\/\/media.radiolitoral.com\/wp-content\/uploads\/2025\/01\/23100343\/Miquel-Server-en-el-Denia-BC.jpg","contentUrl":"https:\/\/media.radiolitoral.com\/wp-content\/uploads\/2025\/01\/23100343\/Miquel-Server-en-el-Denia-BC.jpg","width":1024,"height":659},{"@type":"BreadcrumbList","@id":"https:\/\/radiolitoral.com\/2025\/01\/relleu-de-jugadors-al-denia-bc\/#breadcrumb","itemListElement":[{"@type":"ListItem","position":1,"name":"Portada","item":"https:\/\/radiolitoral.com\/"},{"@type":"ListItem","position":2,"name":"Relleu de jugadors al D\u00e9nia BC"}]},{"@type":"WebSite","@id":"https:\/\/radiolitoral.com\/#website","url":"https:\/\/radiolitoral.com\/","name":"R\u00e0dio Litoral","description":"La r\u00e0dio local de la Marina Alta","publisher":{"@id":"https:\/\/radiolitoral.com\/#organization"},"alternateName":"Litoral FM","potentialAction":[{"@type":"SearchAction","target":{"@type":"EntryPoint","urlTemplate":"https:\/\/radiolitoral.com\/?s={search_term_string}"},"query-input":{"@type":"PropertyValueSpecification","valueRequired":true,"valueName":"search_term_string"}}],"inLanguage":"ca"},{"@type":"Organization","@id":"https:\/\/radiolitoral.com\/#organization","name":"R\u00e0dio Litoral","url":"https:\/\/radiolitoral.com\/","logo":{"@type":"ImageObject","inLanguage":"ca","@id":"https:\/\/radiolitoral.com\/#\/schema\/logo\/image\/","url":"https:\/\/media.radiolitoral.com\/wp-content\/uploads\/2023\/02\/24143238\/CL-V-RadioLitoral696.png","contentUrl":"https:\/\/media.radiolitoral.com\/wp-content\/uploads\/2023\/02\/24143238\/CL-V-RadioLitoral696.png","width":696,"height":696,"caption":"Radio Litoral"},"image":{"@id":"https:\/\/radiolitoral.com\/#\/schema\/logo\/image\/"},"sameAs":["https:\/\/www.facebook.com\/Laradiolitoral\/"]},{"@type":"Person","@id":"https:\/\/radiolitoral.com\/#\/schema\/person\/7b1480b5caeb5acdd4ec6379caf62b22","name":"Javier Zamora","image":{"@type":"ImageObject","inLanguage":"ca","@id":"https:\/\/secure.gravatar.com\/avatar\/467a11f6918c7d619c4043fc6fa2d3853053107973f05b6e9c04ea6c4e3a7b3f?s=96&d=mm&r=g","url":"https:\/\/secure.gravatar.com\/avatar\/467a11f6918c7d619c4043fc6fa2d3853053107973f05b6e9c04ea6c4e3a7b3f?s=96&d=mm&r=g","contentUrl":"https:\/\/secure.gravatar.com\/avatar\/467a11f6918c7d619c4043fc6fa2d3853053107973f05b6e9c04ea6c4e3a7b3f?s=96&d=mm&r=g","caption":"Javier Zamora"},"url":"https:\/\/radiolitoral.com\/ca\/author\/javier-zamora\/"}]}},"_links":{"self":[{"href":"https:\/\/radiolitoral.com\/ca\/wp-json\/wp\/v2\/posts\/14513","targetHints":{"allow":["GET"]}}],"collection":[{"href":"https:\/\/radiolitoral.com\/ca\/wp-json\/wp\/v2\/posts"}],"about":[{"href":"https:\/\/radiolitoral.com\/ca\/wp-json\/wp\/v2\/types\/post"}],"author":[{"embeddable":true,"href":"https:\/\/radiolitoral.com\/ca\/wp-json\/wp\/v2\/users\/12"}],"replies":[{"embeddable":true,"href":"https:\/\/radiolitoral.com\/ca\/wp-json\/wp\/v2\/comments?post=14513"}],"version-history":[{"count":2,"href":"https:\/\/radiolitoral.com\/ca\/wp-json\/wp\/v2\/posts\/14513\/revisions"}],"predecessor-version":[{"id":14516,"href":"https:\/\/radiolitoral.com\/ca\/wp-json\/wp\/v2\/posts\/14513\/revisions\/14516"}],"wp:featuredmedia":[{"embeddable":true,"href":"https:\/\/radiolitoral.com\/ca\/wp-json\/wp\/v2\/media\/14514"}],"wp:attachment":[{"href":"https:\/\/radiolitoral.com\/ca\/wp-json\/wp\/v2\/media?parent=14513"}],"wp:term":[{"taxonomy":"category","embeddable":true,"href":"https:\/\/radiolitoral.com\/ca\/wp-json\/wp\/v2\/categories?post=14513"},{"taxonomy":"post_tag","embeddable":true,"href":"https:\/\/radiolitoral.com\/ca\/wp-json\/wp\/v2\/tags?post=14513"}],"curies":[{"name":"wp","href":"https:\/\/api.w.org\/{rel}","templated":true}]}}