{"id":14502,"date":"2025-01-22T20:07:52","date_gmt":"2025-01-22T19:07:52","guid":{"rendered":"https:\/\/radiolitoral.com\/?p=14502"},"modified":"2025-01-22T20:07:52","modified_gmt":"2025-01-22T19:07:52","slug":"calp-fitur-2025","status":"publish","type":"post","link":"https:\/\/radiolitoral.com\/ca\/2025\/01\/calp-fitur-2025\/","title":{"rendered":"Calp brilla a FITUR 2025 amb la Setmana Santa i el projecte de Banys de la Reina"},"content":{"rendered":"<p>&nbsp;<\/p>\n<p>A FITUR 2025, Calp est\u00e0 deixant una empremta destacada amb dues de les seves propostes m\u00e9s representatives: la <strong>Setmana Santa calpina<\/strong> i el projecte de restauraci\u00f3 i visita al conjunt arqueol\u00f2gic dels <strong>Banys de la Reina<\/strong>. L&#039;alcaldessa <strong>Ana Sala<\/strong> ha compartit en una entrevista amb R\u00e0dio Litoral els detalls d&#039;aquestes iniciatives que continuen posicionant la ciutat com un dest\u00ed tur\u00edstic \u00fanic i culturalment ric.<\/p>\n<p>Tot i la pluja que va posar en perill el desfili de la Setmana Santa calpina al centre de Madrid, el municipi no va deixar passar l&#039;oportunitat de mostrar la seva tradici\u00f3 amb un emotiu <strong>v\u00eddeo que va ser projectat als assistents.<\/strong> \u00abTot i la pluja, podrem compartir la devoci\u00f3 i el fervor dels nostres germandats i cofraries\u00bb, va comentar Sala. Aquest acte \u00e9s nom\u00e9s una petita mostra del que la Setmana Santa de Calp representa, una celebraci\u00f3 religiosa que ha estat declarada festa d&#039;inter\u00e8s tur\u00edstic auton\u00f2mic i que continua creixent en nom d&#039;aficionats i participants.<\/p>\n<p>A m\u00e9s, Calp va presentar el seu <strong>projecte de restauraci\u00f3 i promoci\u00f3 del jaciment dels Banys de la Reina<\/strong>. Despr\u00e9s de m\u00e9s de 20 anys d&#039;excavacions i investigacions, finalment el museu i el jaciment estan oberts al p\u00fablic des de desembre de 2024, amb visites guiades que es mantindran durant tot l&#039;any. &quot;\u00c9s un projecte que ens fa molta il\u00b7lusi\u00f3, perqu\u00e8 \u00e9s una part del nostre patrimoni que hem estat cuidant i restaurat amb molta paci\u00e8ncia&quot;, va explicar l&#039;alcaldessa. Aquest jaciment, descobert fa m\u00e9s de 20 anys, \u00e9s un dels atractius tur\u00edstics m\u00e9s importants de la ciutat.<\/p>\n<p>A l&#039;estand de <strong>Costa Blanca<\/strong>, on Calp est\u00e0 present, l&#039;alcaldessa va destacar que, tot i els canvis en la distribuci\u00f3 del pavell\u00f3, la Marina Alta est\u00e0 sent molt visible i valorada en aquesta edici\u00f3 de FITUR, tot i les dificultats de localitzaci\u00f3 dins de l&#039;espai. \u00abM&#039;agradaria que els municipis de la Costa Blanca tingueren m\u00e9s visibilitat i personalitat\u00bb, va expressar, fent refer\u00e8ncia a les dificultats per destacar a la nova configuraci\u00f3 del recinte.<\/p>\n<p>Amb una oferta cultural i patrimonial renovada, Calp continua posicionant-se com un dest\u00ed tur\u00edstic essencial a la Costa Blanca. &quot;Estem treballant per mostrar el millor de Calp, el nostre patrimoni, les nostres festes i la nostra gent&quot;, va concloure l&#039;alcaldessa.<\/p>\n<audio class=\"wp-audio-shortcode\" id=\"audio-14502-1\" preload=\"none\" style=\"width: 100%;\" controls=\"controls\"><source type=\"audio\/mpeg\" src=\"https:\/\/media.radiolitoral.com\/wp-content\/uploads\/2025\/01\/22164931\/20250122-Informativo-RL.mp3?_=1\" \/><a href=\"https:\/\/media.radiolitoral.com\/wp-content\/uploads\/2025\/01\/22164931\/20250122-Informativo-RL.mp3\">https:\/\/media.radiolitoral.com\/wp-content\/uploads\/2025\/01\/22164931\/20250122-Informativo-RL.mp3<\/a><\/audio>","protected":false},"excerpt":{"rendered":"<p>&nbsp; A FITUR 2025, Calp est\u00e0 deixant una empremta destacada amb dues de les seues propostes m\u00e9s representatives: la Setmana Santa calpina i el projecte de restauraci\u00f3 i visita al conjunt arqueol\u00f2gic dels Ba\u00f1os de la Reina. L\u2019alcaldessa Ana Sala ha compartit en una entrevista amb Radio Litoral els detalls d\u2019aquestes iniciatives que continuen posicionant [&#8230;]<\/p>\n<p><a class=\"btn btn-secondary understrap-read-more-link\" href=\"https:\/\/radiolitoral.com\/ca\/2025\/01\/calp-fitur-2025\/\">Continua llegint&#8230;<span class=\"screen-reader-text\"> from Calp brilla en FITUR 2025 amb la seua Setmana Santa i el projecte de Ba\u00f1os de la Reina<\/span><\/a><\/p>\n","protected":false},"author":11,"featured_media":14503,"comment_status":"open","ping_status":"closed","sticky":false,"template":"","format":"standard","meta":{"_acf_changed":false,"inline_featured_image":false,"footnotes":""},"categories":[55],"tags":[],"class_list":["post-14502","post","type-post","status-publish","format-standard","has-post-thumbnail","hentry","category-cultura","cobertura-calp"],"acf":[],"yoast_head":"<!-- This site is optimized with the Yoast SEO plugin v27.5 - https:\/\/yoast.com\/product\/yoast-seo-wordpress\/ -->\n<title>Calp brilla en FITUR 2025 amb la seua Setmana Santa i el projecte de Ba\u00f1os de la Reina | R\u00e0dio Litoral<\/title>\n<meta name=\"description\" content=\"L\u2019alcaldessa Ana Sala destaca la devoci\u00f3 de la Setmana Santa calpina i la nova oferta cultural amb l\u2019obertura del museu dels Ba\u00f1os de la Reina\" \/>\n<meta name=\"robots\" content=\"index, follow, max-snippet:-1, max-image-preview:large, max-video-preview:-1\" \/>\n<link rel=\"canonical\" href=\"https:\/\/radiolitoral.com\/ca\/2025\/01\/calp-fitur-2025\/\" \/>\n<meta property=\"og:locale\" content=\"ca_ES\" \/>\n<meta property=\"og:type\" content=\"article\" \/>\n<meta property=\"og:title\" content=\"Calp brilla en FITUR 2025 amb la seua Setmana Santa i el projecte de Ba\u00f1os de la Reina | R\u00e0dio Litoral\" \/>\n<meta property=\"og:description\" content=\"L\u2019alcaldessa Ana Sala destaca la devoci\u00f3 de la Setmana Santa calpina i la nova oferta cultural amb l\u2019obertura del museu dels Ba\u00f1os de la Reina\" \/>\n<meta property=\"og:url\" content=\"https:\/\/radiolitoral.com\/ca\/2025\/01\/calp-fitur-2025\/\" \/>\n<meta property=\"og:site_name\" content=\"R\u00e0dio Litoral\" \/>\n<meta property=\"article:publisher\" content=\"https:\/\/www.facebook.com\/Laradiolitoral\/\" \/>\n<meta property=\"article:published_time\" content=\"2025-01-22T19:07:52+00:00\" \/>\n<meta property=\"og:image\" content=\"https:\/\/media.radiolitoral.com\/wp-content\/uploads\/2025\/01\/22200743\/474896433_1033643572137762_8119567231988405271_n.jpg\" \/>\n\t<meta property=\"og:image:width\" content=\"1280\" \/>\n\t<meta property=\"og:image:height\" content=\"960\" \/>\n\t<meta property=\"og:image:type\" content=\"image\/jpeg\" \/>\n<meta name=\"author\" content=\"Redacci\u00f3n\" \/>\n<meta name=\"twitter:card\" content=\"summary_large_image\" \/>\n<meta name=\"twitter:label1\" content=\"Escrit per\" \/>\n\t<meta name=\"twitter:data1\" content=\"Redacci\u00f3n\" \/>\n\t<meta name=\"twitter:label2\" content=\"Temps estimat de lectura\" \/>\n\t<meta name=\"twitter:data2\" content=\"3 minuts\" \/>\n<script type=\"application\/ld+json\" class=\"yoast-schema-graph\">{\"@context\":\"https:\\\/\\\/schema.org\",\"@graph\":[{\"@type\":\"NewsArticle\",\"@id\":\"https:\\\/\\\/radiolitoral.com\\\/2025\\\/01\\\/calp-fitur-2025\\\/#article\",\"isPartOf\":{\"@id\":\"https:\\\/\\\/radiolitoral.com\\\/2025\\\/01\\\/calp-fitur-2025\\\/\"},\"author\":{\"name\":\"Redacci\u00f3n\",\"@id\":\"https:\\\/\\\/radiolitoral.com\\\/#\\\/schema\\\/person\\\/aaadc9e35663a92bd94a05f5816f296d\"},\"headline\":\"Calp brilla en FITUR 2025 amb la seua Setmana Santa i el projecte de Ba\u00f1os de la Reina\",\"datePublished\":\"2025-01-22T19:07:52+00:00\",\"mainEntityOfPage\":{\"@id\":\"https:\\\/\\\/radiolitoral.com\\\/2025\\\/01\\\/calp-fitur-2025\\\/\"},\"wordCount\":433,\"commentCount\":0,\"publisher\":{\"@id\":\"https:\\\/\\\/radiolitoral.com\\\/#organization\"},\"image\":{\"@id\":\"https:\\\/\\\/radiolitoral.com\\\/2025\\\/01\\\/calp-fitur-2025\\\/#primaryimage\"},\"thumbnailUrl\":\"https:\\\/\\\/media.radiolitoral.com\\\/wp-content\\\/uploads\\\/2025\\\/01\\\/22200743\\\/474896433_1033643572137762_8119567231988405271_n.jpg\",\"articleSection\":[\"Cultura\"],\"inLanguage\":\"ca\",\"potentialAction\":[{\"@type\":\"CommentAction\",\"name\":\"Comment\",\"target\":[\"https:\\\/\\\/radiolitoral.com\\\/2025\\\/01\\\/calp-fitur-2025\\\/#respond\"]}]},{\"@type\":[\"WebPage\",\"ItemPage\"],\"@id\":\"https:\\\/\\\/radiolitoral.com\\\/2025\\\/01\\\/calp-fitur-2025\\\/\",\"url\":\"https:\\\/\\\/radiolitoral.com\\\/2025\\\/01\\\/calp-fitur-2025\\\/\",\"name\":\"Calp brilla en FITUR 2025 amb la seua Setmana Santa i el projecte de Ba\u00f1os de la Reina | R\u00e0dio Litoral\",\"isPartOf\":{\"@id\":\"https:\\\/\\\/radiolitoral.com\\\/#website\"},\"primaryImageOfPage\":{\"@id\":\"https:\\\/\\\/radiolitoral.com\\\/2025\\\/01\\\/calp-fitur-2025\\\/#primaryimage\"},\"image\":{\"@id\":\"https:\\\/\\\/radiolitoral.com\\\/2025\\\/01\\\/calp-fitur-2025\\\/#primaryimage\"},\"thumbnailUrl\":\"https:\\\/\\\/media.radiolitoral.com\\\/wp-content\\\/uploads\\\/2025\\\/01\\\/22200743\\\/474896433_1033643572137762_8119567231988405271_n.jpg\",\"datePublished\":\"2025-01-22T19:07:52+00:00\",\"description\":\"L\u2019alcaldessa Ana Sala destaca la devoci\u00f3 de la Setmana Santa calpina i la nova oferta cultural amb l\u2019obertura del museu dels Ba\u00f1os de la Reina\",\"breadcrumb\":{\"@id\":\"https:\\\/\\\/radiolitoral.com\\\/2025\\\/01\\\/calp-fitur-2025\\\/#breadcrumb\"},\"inLanguage\":\"ca\",\"potentialAction\":[{\"@type\":\"ReadAction\",\"target\":[\"https:\\\/\\\/radiolitoral.com\\\/2025\\\/01\\\/calp-fitur-2025\\\/\"]}]},{\"@type\":\"ImageObject\",\"inLanguage\":\"ca\",\"@id\":\"https:\\\/\\\/radiolitoral.com\\\/2025\\\/01\\\/calp-fitur-2025\\\/#primaryimage\",\"url\":\"https:\\\/\\\/media.radiolitoral.com\\\/wp-content\\\/uploads\\\/2025\\\/01\\\/22200743\\\/474896433_1033643572137762_8119567231988405271_n.jpg\",\"contentUrl\":\"https:\\\/\\\/media.radiolitoral.com\\\/wp-content\\\/uploads\\\/2025\\\/01\\\/22200743\\\/474896433_1033643572137762_8119567231988405271_n.jpg\",\"width\":1280,\"height\":960},{\"@type\":\"BreadcrumbList\",\"@id\":\"https:\\\/\\\/radiolitoral.com\\\/2025\\\/01\\\/calp-fitur-2025\\\/#breadcrumb\",\"itemListElement\":[{\"@type\":\"ListItem\",\"position\":1,\"name\":\"Portada\",\"item\":\"https:\\\/\\\/radiolitoral.com\\\/\"},{\"@type\":\"ListItem\",\"position\":2,\"name\":\"Calp brilla en FITUR 2025 amb la seua Setmana Santa i el projecte de Ba\u00f1os de la Reina\"}]},{\"@type\":\"WebSite\",\"@id\":\"https:\\\/\\\/radiolitoral.com\\\/#website\",\"url\":\"https:\\\/\\\/radiolitoral.com\\\/\",\"name\":\"Radio Litoral\",\"description\":\"La radio local de la Marina Alta\",\"publisher\":{\"@id\":\"https:\\\/\\\/radiolitoral.com\\\/#organization\"},\"alternateName\":\"Litoral FM\",\"potentialAction\":[{\"@type\":\"SearchAction\",\"target\":{\"@type\":\"EntryPoint\",\"urlTemplate\":\"https:\\\/\\\/radiolitoral.com\\\/?s={search_term_string}\"},\"query-input\":{\"@type\":\"PropertyValueSpecification\",\"valueRequired\":true,\"valueName\":\"search_term_string\"}}],\"inLanguage\":\"ca\"},{\"@type\":\"Organization\",\"@id\":\"https:\\\/\\\/radiolitoral.com\\\/#organization\",\"name\":\"Radio Litoral\",\"url\":\"https:\\\/\\\/radiolitoral.com\\\/\",\"logo\":{\"@type\":\"ImageObject\",\"inLanguage\":\"ca\",\"@id\":\"https:\\\/\\\/radiolitoral.com\\\/#\\\/schema\\\/logo\\\/image\\\/\",\"url\":\"https:\\\/\\\/media.radiolitoral.com\\\/wp-content\\\/uploads\\\/2023\\\/02\\\/24143238\\\/CL-V-RadioLitoral696.png\",\"contentUrl\":\"https:\\\/\\\/media.radiolitoral.com\\\/wp-content\\\/uploads\\\/2023\\\/02\\\/24143238\\\/CL-V-RadioLitoral696.png\",\"width\":696,\"height\":696,\"caption\":\"Radio Litoral\"},\"image\":{\"@id\":\"https:\\\/\\\/radiolitoral.com\\\/#\\\/schema\\\/logo\\\/image\\\/\"},\"sameAs\":[\"https:\\\/\\\/www.facebook.com\\\/Laradiolitoral\\\/\"]},{\"@type\":\"Person\",\"@id\":\"https:\\\/\\\/radiolitoral.com\\\/#\\\/schema\\\/person\\\/aaadc9e35663a92bd94a05f5816f296d\",\"name\":\"Redacci\u00f3n\",\"image\":{\"@type\":\"ImageObject\",\"inLanguage\":\"ca\",\"@id\":\"https:\\\/\\\/secure.gravatar.com\\\/avatar\\\/e4e253cf49afb8c76a2aca487577f1ff5c098c82b3cf2b0a85f03f83dcb96c31?s=96&d=mm&r=g\",\"url\":\"https:\\\/\\\/secure.gravatar.com\\\/avatar\\\/e4e253cf49afb8c76a2aca487577f1ff5c098c82b3cf2b0a85f03f83dcb96c31?s=96&d=mm&r=g\",\"contentUrl\":\"https:\\\/\\\/secure.gravatar.com\\\/avatar\\\/e4e253cf49afb8c76a2aca487577f1ff5c098c82b3cf2b0a85f03f83dcb96c31?s=96&d=mm&r=g\",\"caption\":\"Redacci\u00f3n\"},\"url\":\"https:\\\/\\\/radiolitoral.com\\\/ca\\\/author\\\/alba-alborch\\\/\"}]}<\/script>\n<!-- \/ Yoast SEO plugin. -->","yoast_head_json":{"title":"Calp brilla a FITUR 2025 amb la Setmana Santa i el projecte de Banys de la Reina | R\u00e0dio Litoral","description":"L\u00b4alcaldessa Ana Sala destaca la devoci\u00f3 de la Setmana Santa calpina i la nova oferta cultural amb l\u00b4obertura del museu dels Banys de la Reina","robots":{"index":"index","follow":"follow","max-snippet":"max-snippet:-1","max-image-preview":"max-image-preview:large","max-video-preview":"max-video-preview:-1"},"canonical":"https:\/\/radiolitoral.com\/ca\/2025\/01\/calp-fitur-2025\/","og_locale":"ca_ES","og_type":"article","og_title":"Calp brilla en FITUR 2025 amb la seua Setmana Santa i el projecte de Ba\u00f1os de la Reina | R\u00e0dio Litoral","og_description":"L\u2019alcaldessa Ana Sala destaca la devoci\u00f3 de la Setmana Santa calpina i la nova oferta cultural amb l\u2019obertura del museu dels Ba\u00f1os de la Reina","og_url":"https:\/\/radiolitoral.com\/ca\/2025\/01\/calp-fitur-2025\/","og_site_name":"R\u00e0dio Litoral","article_publisher":"https:\/\/www.facebook.com\/Laradiolitoral\/","article_published_time":"2025-01-22T19:07:52+00:00","og_image":[{"width":1280,"height":960,"url":"https:\/\/media.radiolitoral.com\/wp-content\/uploads\/2025\/01\/22200743\/474896433_1033643572137762_8119567231988405271_n.jpg","type":"image\/jpeg"}],"author":"Redacci\u00f3n","twitter_card":"summary_large_image","twitter_misc":{"Escrit per":"Redacci\u00f3n","Temps estimat de lectura":"3 minuts"},"schema":{"@context":"https:\/\/schema.org","@graph":[{"@type":"NewsArticle","@id":"https:\/\/radiolitoral.com\/2025\/01\/calp-fitur-2025\/#article","isPartOf":{"@id":"https:\/\/radiolitoral.com\/2025\/01\/calp-fitur-2025\/"},"author":{"name":"Redacci\u00f3n","@id":"https:\/\/radiolitoral.com\/#\/schema\/person\/aaadc9e35663a92bd94a05f5816f296d"},"headline":"Calp brilla en FITUR 2025 amb la seua Setmana Santa i el projecte de Ba\u00f1os de la Reina","datePublished":"2025-01-22T19:07:52+00:00","mainEntityOfPage":{"@id":"https:\/\/radiolitoral.com\/2025\/01\/calp-fitur-2025\/"},"wordCount":433,"commentCount":0,"publisher":{"@id":"https:\/\/radiolitoral.com\/#organization"},"image":{"@id":"https:\/\/radiolitoral.com\/2025\/01\/calp-fitur-2025\/#primaryimage"},"thumbnailUrl":"https:\/\/media.radiolitoral.com\/wp-content\/uploads\/2025\/01\/22200743\/474896433_1033643572137762_8119567231988405271_n.jpg","articleSection":["Cultura"],"inLanguage":"ca","potentialAction":[{"@type":"CommentAction","name":"Comment","target":["https:\/\/radiolitoral.com\/2025\/01\/calp-fitur-2025\/#respond"]}]},{"@type":["WebPage","ItemPage"],"@id":"https:\/\/radiolitoral.com\/2025\/01\/calp-fitur-2025\/","url":"https:\/\/radiolitoral.com\/2025\/01\/calp-fitur-2025\/","name":"Calp brilla a FITUR 2025 amb la Setmana Santa i el projecte de Banys de la Reina | R\u00e0dio Litoral","isPartOf":{"@id":"https:\/\/radiolitoral.com\/#website"},"primaryImageOfPage":{"@id":"https:\/\/radiolitoral.com\/2025\/01\/calp-fitur-2025\/#primaryimage"},"image":{"@id":"https:\/\/radiolitoral.com\/2025\/01\/calp-fitur-2025\/#primaryimage"},"thumbnailUrl":"https:\/\/media.radiolitoral.com\/wp-content\/uploads\/2025\/01\/22200743\/474896433_1033643572137762_8119567231988405271_n.jpg","datePublished":"2025-01-22T19:07:52+00:00","description":"L\u00b4alcaldessa Ana Sala destaca la devoci\u00f3 de la Setmana Santa calpina i la nova oferta cultural amb l\u00b4obertura del museu dels Banys de la Reina","breadcrumb":{"@id":"https:\/\/radiolitoral.com\/2025\/01\/calp-fitur-2025\/#breadcrumb"},"inLanguage":"ca","potentialAction":[{"@type":"ReadAction","target":["https:\/\/radiolitoral.com\/2025\/01\/calp-fitur-2025\/"]}]},{"@type":"ImageObject","inLanguage":"ca","@id":"https:\/\/radiolitoral.com\/2025\/01\/calp-fitur-2025\/#primaryimage","url":"https:\/\/media.radiolitoral.com\/wp-content\/uploads\/2025\/01\/22200743\/474896433_1033643572137762_8119567231988405271_n.jpg","contentUrl":"https:\/\/media.radiolitoral.com\/wp-content\/uploads\/2025\/01\/22200743\/474896433_1033643572137762_8119567231988405271_n.jpg","width":1280,"height":960},{"@type":"BreadcrumbList","@id":"https:\/\/radiolitoral.com\/2025\/01\/calp-fitur-2025\/#breadcrumb","itemListElement":[{"@type":"ListItem","position":1,"name":"Portada","item":"https:\/\/radiolitoral.com\/"},{"@type":"ListItem","position":2,"name":"Calp brilla en FITUR 2025 amb la seua Setmana Santa i el projecte de Ba\u00f1os de la Reina"}]},{"@type":"WebSite","@id":"https:\/\/radiolitoral.com\/#website","url":"https:\/\/radiolitoral.com\/","name":"R\u00e0dio Litoral","description":"La r\u00e0dio local de la Marina Alta","publisher":{"@id":"https:\/\/radiolitoral.com\/#organization"},"alternateName":"Litoral FM","potentialAction":[{"@type":"SearchAction","target":{"@type":"EntryPoint","urlTemplate":"https:\/\/radiolitoral.com\/?s={search_term_string}"},"query-input":{"@type":"PropertyValueSpecification","valueRequired":true,"valueName":"search_term_string"}}],"inLanguage":"ca"},{"@type":"Organization","@id":"https:\/\/radiolitoral.com\/#organization","name":"R\u00e0dio Litoral","url":"https:\/\/radiolitoral.com\/","logo":{"@type":"ImageObject","inLanguage":"ca","@id":"https:\/\/radiolitoral.com\/#\/schema\/logo\/image\/","url":"https:\/\/media.radiolitoral.com\/wp-content\/uploads\/2023\/02\/24143238\/CL-V-RadioLitoral696.png","contentUrl":"https:\/\/media.radiolitoral.com\/wp-content\/uploads\/2023\/02\/24143238\/CL-V-RadioLitoral696.png","width":696,"height":696,"caption":"Radio Litoral"},"image":{"@id":"https:\/\/radiolitoral.com\/#\/schema\/logo\/image\/"},"sameAs":["https:\/\/www.facebook.com\/Laradiolitoral\/"]},{"@type":"Person","@id":"https:\/\/radiolitoral.com\/#\/schema\/person\/aaadc9e35663a92bd94a05f5816f296d","name":"Redacci\u00f3","image":{"@type":"ImageObject","inLanguage":"ca","@id":"https:\/\/secure.gravatar.com\/avatar\/e4e253cf49afb8c76a2aca487577f1ff5c098c82b3cf2b0a85f03f83dcb96c31?s=96&d=mm&r=g","url":"https:\/\/secure.gravatar.com\/avatar\/e4e253cf49afb8c76a2aca487577f1ff5c098c82b3cf2b0a85f03f83dcb96c31?s=96&d=mm&r=g","contentUrl":"https:\/\/secure.gravatar.com\/avatar\/e4e253cf49afb8c76a2aca487577f1ff5c098c82b3cf2b0a85f03f83dcb96c31?s=96&d=mm&r=g","caption":"Redacci\u00f3n"},"url":"https:\/\/radiolitoral.com\/ca\/author\/alba-alborch\/"}]}},"_links":{"self":[{"href":"https:\/\/radiolitoral.com\/ca\/wp-json\/wp\/v2\/posts\/14502","targetHints":{"allow":["GET"]}}],"collection":[{"href":"https:\/\/radiolitoral.com\/ca\/wp-json\/wp\/v2\/posts"}],"about":[{"href":"https:\/\/radiolitoral.com\/ca\/wp-json\/wp\/v2\/types\/post"}],"author":[{"embeddable":true,"href":"https:\/\/radiolitoral.com\/ca\/wp-json\/wp\/v2\/users\/11"}],"replies":[{"embeddable":true,"href":"https:\/\/radiolitoral.com\/ca\/wp-json\/wp\/v2\/comments?post=14502"}],"version-history":[{"count":1,"href":"https:\/\/radiolitoral.com\/ca\/wp-json\/wp\/v2\/posts\/14502\/revisions"}],"predecessor-version":[{"id":14504,"href":"https:\/\/radiolitoral.com\/ca\/wp-json\/wp\/v2\/posts\/14502\/revisions\/14504"}],"wp:featuredmedia":[{"embeddable":true,"href":"https:\/\/radiolitoral.com\/ca\/wp-json\/wp\/v2\/media\/14503"}],"wp:attachment":[{"href":"https:\/\/radiolitoral.com\/ca\/wp-json\/wp\/v2\/media?parent=14502"}],"wp:term":[{"taxonomy":"category","embeddable":true,"href":"https:\/\/radiolitoral.com\/ca\/wp-json\/wp\/v2\/categories?post=14502"},{"taxonomy":"post_tag","embeddable":true,"href":"https:\/\/radiolitoral.com\/ca\/wp-json\/wp\/v2\/tags?post=14502"}],"curies":[{"name":"wp","href":"https:\/\/api.w.org\/{rel}","templated":true}]}}