{"id":14483,"date":"2025-01-22T10:39:36","date_gmt":"2025-01-22T09:39:36","guid":{"rendered":"https:\/\/radiolitoral.com\/?p=14483"},"modified":"2025-01-22T10:39:36","modified_gmt":"2025-01-22T09:39:36","slug":"el-cb-altea-imposa-la-seva-llei-a-xabia-86-100","status":"publish","type":"post","link":"https:\/\/radiolitoral.com\/ca\/2025\/01\/el-cb-altea-va-imposar-la-seua-llei-a-xabia-86-100\/","title":{"rendered":"El CB Altea impos\u00e0 la seva llei a X\u00e0bia (86-100)"},"content":{"rendered":"<p>El pavell\u00f3\u00a0<span class=\"hiddenSpellError\">Miquel<\/span>\u00a0<span class=\"hiddenSpellError\">Buigues<\/span> de X\u00e0bia va ser escenari d&#039;un aut\u00e8ntic partid\u00e0s entre el <strong>CB Joventut X\u00e0bia<\/strong> i el <strong>CB Altea<\/strong>, l\u00edder invicte de la lliga. El partit va acabar amb el marcador de <strong>86 a 100<\/strong>, no reflectint la igualtat que hi va haver sobre la pista. Els joves entrenats per\u00a0<span class=\"hiddenSpellError\">\u00d3scar<\/span>\u00a0<span class=\"hiddenSpellError\">Majordom<\/span> van posar contra les cordes un rival que nom\u00e9s va poder decantar el partit a favor seu gr\u00e0cies al gran encert des de la l\u00ednia de tres al tram final.<\/p>\n<p>El CB Altea va comen\u00e7ar amb for\u00e7a, intentant sentenciar per la via r\u00e0pida amb un 4-14 inicial. Despr\u00e9s d&#039;un temps mort, els verd-i-negres van canviar el xip, apostant pel ritme r\u00e0pid per contrarestar l&#039;avantatge f\u00edsic dels visitants. Els parcials de 20-22 i 21-17 permetran arribar al descans amb avantatge local de 41-39, deixant clara la igualtat a la pista.<\/p>\n<h2>Lluita fins al final i un desenlla\u00e7 decidit pels triples<\/h2>\n<p>A la segona meitat, el partit es va convertir en un intercanvi de cistelles. L&#039;Altea va aprofitar la seva superioritat f\u00edsica dins la zona i l&#039;encert des del triple, mentre els locals mantenien el pols amb r\u00e0pids contraatacs i una lectura intel\u00b7ligent de la defensa zonal plantejada pel l\u00edder.<\/p>\n<p>A l&#039;\u00faltim quart, els 7 triples anotats per l&#039;Altea van ser decisius per evitar la seva primera derrota de la temporada. Tot i la derrota, el Joventut X\u00e0bia va mostrar una intensitat i una lluita que augurin una segona volta emocionant.<\/p>\n<p><script src=\"chrome-extension:\/\/flbolonkboilcbnohjlchlfgdalomdpl\/iFrame.js\" type=\"text\/javascript\"><\/script><\/p>","protected":false},"excerpt":{"rendered":"<p>El pavell\u00f3\u00a0Miguel\u00a0Buigues de X\u00e0bia va ser escenari d\u2019un aut\u00e8ntic partid\u00e0s entre el CB Joventut X\u00e0bia i el CB Altea, l\u00edder invicte de la lliga. El partit va acabar amb el marcador de 86 a 100, no reflectint la igualtat que va haver-hi sobre la pista.\u00a0 Els joves entrenats per\u00a0\u00d3scar\u00a0Mayordomo van posar contra les cordes un [&#8230;]<\/p>\n<p><a class=\"btn btn-secondary understrap-read-more-link\" href=\"https:\/\/radiolitoral.com\/ca\/2025\/01\/el-cb-altea-va-imposar-la-seua-llei-a-xabia-86-100\/\">Continua llegint&#8230;<span class=\"screen-reader-text\"> from El CB Altea va imposar la seua llei a X\u00e0bia (86-100)<\/span><\/a><\/p>\n","protected":false},"author":12,"featured_media":14484,"comment_status":"open","ping_status":"closed","sticky":false,"template":"","format":"standard","meta":{"_acf_changed":false,"inline_featured_image":false,"footnotes":""},"categories":[5],"tags":[1383,1702,6,3062],"class_list":["post-14483","post","type-post","status-publish","format-standard","has-post-thumbnail","hentry","category-deportes","tag-cb-altea","tag-cb-joventut-xabia","tag-deportes","tag-oscar-mayordomo","cobertura-xabia"],"acf":[],"yoast_head":"<!-- This site is optimized with the Yoast SEO plugin v27.5 - https:\/\/yoast.com\/product\/yoast-seo-wordpress\/ -->\n<title>El CB Altea va imposar la seua llei a X\u00e0bia (86-100) | R\u00e0dio Litoral<\/title>\n<meta name=\"description\" content=\"El CB Joventut X\u00e0bia va ser un rival digne que va obligar als alteanos a haver d&#039;emprar-se a fons per a guanyar el partitEl CB Joventut X\u00e0bia va ser un rival digne que va obligar als alteanos a haver d&#039;emprar-se a fons per a guanyar el partit\" \/>\n<meta name=\"robots\" content=\"index, follow, max-snippet:-1, max-image-preview:large, max-video-preview:-1\" \/>\n<link rel=\"canonical\" href=\"https:\/\/radiolitoral.com\/ca\/2025\/01\/el-cb-altea-imposa-la-seva-llei-a-xabia-86-100\/\" \/>\n<meta property=\"og:locale\" content=\"ca_ES\" \/>\n<meta property=\"og:type\" content=\"article\" \/>\n<meta property=\"og:title\" content=\"El CB Altea va imposar la seua llei a X\u00e0bia (86-100) | R\u00e0dio Litoral\" \/>\n<meta property=\"og:description\" content=\"El CB Joventut X\u00e0bia va ser un rival digne que va obligar als alteanos a haver d&#039;emprar-se a fons per a guanyar el partitEl CB Joventut X\u00e0bia va ser un rival digne que va obligar als alteanos a haver d&#039;emprar-se a fons per a guanyar el partit\" \/>\n<meta property=\"og:url\" content=\"https:\/\/radiolitoral.com\/ca\/2025\/01\/el-cb-altea-imposa-la-seva-llei-a-xabia-86-100\/\" \/>\n<meta property=\"og:site_name\" content=\"R\u00e0dio Litoral\" \/>\n<meta property=\"article:publisher\" content=\"https:\/\/www.facebook.com\/Laradiolitoral\/\" \/>\n<meta property=\"article:published_time\" content=\"2025-01-22T09:39:36+00:00\" \/>\n<meta property=\"og:image\" content=\"https:\/\/media.radiolitoral.com\/wp-content\/uploads\/2025\/01\/22103726\/CB-Joventut-Xabia-ante-el-CB-Altea.jpg\" \/>\n\t<meta property=\"og:image:width\" content=\"1024\" \/>\n\t<meta property=\"og:image:height\" content=\"650\" \/>\n\t<meta property=\"og:image:type\" content=\"image\/jpeg\" \/>\n<meta name=\"author\" content=\"Javier Zamora\" \/>\n<meta name=\"twitter:card\" content=\"summary_large_image\" \/>\n<meta name=\"twitter:label1\" content=\"Escrit per\" \/>\n\t<meta name=\"twitter:data1\" content=\"Javier Zamora\" \/>\n\t<meta name=\"twitter:label2\" content=\"Temps estimat de lectura\" \/>\n\t<meta name=\"twitter:data2\" content=\"2 minuts\" \/>\n<script type=\"application\/ld+json\" class=\"yoast-schema-graph\">{\"@context\":\"https:\\\/\\\/schema.org\",\"@graph\":[{\"@type\":\"NewsArticle\",\"@id\":\"https:\\\/\\\/radiolitoral.com\\\/2025\\\/01\\\/el-cb-altea-va-imposar-la-seua-llei-a-xabia-86-100\\\/#article\",\"isPartOf\":{\"@id\":\"https:\\\/\\\/radiolitoral.com\\\/2025\\\/01\\\/el-cb-altea-va-imposar-la-seua-llei-a-xabia-86-100\\\/\"},\"author\":{\"name\":\"Javier Zamora\",\"@id\":\"https:\\\/\\\/radiolitoral.com\\\/#\\\/schema\\\/person\\\/7b1480b5caeb5acdd4ec6379caf62b22\"},\"headline\":\"El CB Altea va imposar la seua llei a X\u00e0bia (86-100)\",\"datePublished\":\"2025-01-22T09:39:36+00:00\",\"mainEntityOfPage\":{\"@id\":\"https:\\\/\\\/radiolitoral.com\\\/2025\\\/01\\\/el-cb-altea-va-imposar-la-seua-llei-a-xabia-86-100\\\/\"},\"wordCount\":279,\"commentCount\":0,\"publisher\":{\"@id\":\"https:\\\/\\\/radiolitoral.com\\\/#organization\"},\"image\":{\"@id\":\"https:\\\/\\\/radiolitoral.com\\\/2025\\\/01\\\/el-cb-altea-va-imposar-la-seua-llei-a-xabia-86-100\\\/#primaryimage\"},\"thumbnailUrl\":\"https:\\\/\\\/media.radiolitoral.com\\\/wp-content\\\/uploads\\\/2025\\\/01\\\/22103726\\\/CB-Joventut-Xabia-ante-el-CB-Altea.jpg\",\"keywords\":[\"CB Altea\",\"CB Joventut X\u00e0bia\",\"deportes\",\"\u00d3scar\u00a0Mayordomo\"],\"articleSection\":[\"Deportes\"],\"inLanguage\":\"ca\",\"potentialAction\":[{\"@type\":\"CommentAction\",\"name\":\"Comment\",\"target\":[\"https:\\\/\\\/radiolitoral.com\\\/2025\\\/01\\\/el-cb-altea-va-imposar-la-seua-llei-a-xabia-86-100\\\/#respond\"]}]},{\"@type\":[\"WebPage\",\"ItemPage\"],\"@id\":\"https:\\\/\\\/radiolitoral.com\\\/2025\\\/01\\\/el-cb-altea-va-imposar-la-seua-llei-a-xabia-86-100\\\/\",\"url\":\"https:\\\/\\\/radiolitoral.com\\\/2025\\\/01\\\/el-cb-altea-va-imposar-la-seua-llei-a-xabia-86-100\\\/\",\"name\":\"El CB Altea va imposar la seua llei a X\u00e0bia (86-100) | R\u00e0dio Litoral\",\"isPartOf\":{\"@id\":\"https:\\\/\\\/radiolitoral.com\\\/#website\"},\"primaryImageOfPage\":{\"@id\":\"https:\\\/\\\/radiolitoral.com\\\/2025\\\/01\\\/el-cb-altea-va-imposar-la-seua-llei-a-xabia-86-100\\\/#primaryimage\"},\"image\":{\"@id\":\"https:\\\/\\\/radiolitoral.com\\\/2025\\\/01\\\/el-cb-altea-va-imposar-la-seua-llei-a-xabia-86-100\\\/#primaryimage\"},\"thumbnailUrl\":\"https:\\\/\\\/media.radiolitoral.com\\\/wp-content\\\/uploads\\\/2025\\\/01\\\/22103726\\\/CB-Joventut-Xabia-ante-el-CB-Altea.jpg\",\"datePublished\":\"2025-01-22T09:39:36+00:00\",\"description\":\"El CB Joventut X\u00e0bia va ser un rival digne que va obligar als alteanos a haver d'emprar-se a fons per a guanyar el partitEl CB Joventut X\u00e0bia va ser un rival digne que va obligar als alteanos a haver d'emprar-se a fons per a guanyar el partit\",\"breadcrumb\":{\"@id\":\"https:\\\/\\\/radiolitoral.com\\\/2025\\\/01\\\/el-cb-altea-va-imposar-la-seua-llei-a-xabia-86-100\\\/#breadcrumb\"},\"inLanguage\":\"ca\",\"potentialAction\":[{\"@type\":\"ReadAction\",\"target\":[\"https:\\\/\\\/radiolitoral.com\\\/2025\\\/01\\\/el-cb-altea-va-imposar-la-seua-llei-a-xabia-86-100\\\/\"]}]},{\"@type\":\"ImageObject\",\"inLanguage\":\"ca\",\"@id\":\"https:\\\/\\\/radiolitoral.com\\\/2025\\\/01\\\/el-cb-altea-va-imposar-la-seua-llei-a-xabia-86-100\\\/#primaryimage\",\"url\":\"https:\\\/\\\/media.radiolitoral.com\\\/wp-content\\\/uploads\\\/2025\\\/01\\\/22103726\\\/CB-Joventut-Xabia-ante-el-CB-Altea.jpg\",\"contentUrl\":\"https:\\\/\\\/media.radiolitoral.com\\\/wp-content\\\/uploads\\\/2025\\\/01\\\/22103726\\\/CB-Joventut-Xabia-ante-el-CB-Altea.jpg\",\"width\":1024,\"height\":650},{\"@type\":\"BreadcrumbList\",\"@id\":\"https:\\\/\\\/radiolitoral.com\\\/2025\\\/01\\\/el-cb-altea-va-imposar-la-seua-llei-a-xabia-86-100\\\/#breadcrumb\",\"itemListElement\":[{\"@type\":\"ListItem\",\"position\":1,\"name\":\"Portada\",\"item\":\"https:\\\/\\\/radiolitoral.com\\\/\"},{\"@type\":\"ListItem\",\"position\":2,\"name\":\"El CB Altea va imposar la seua llei a X\u00e0bia (86-100)\"}]},{\"@type\":\"WebSite\",\"@id\":\"https:\\\/\\\/radiolitoral.com\\\/#website\",\"url\":\"https:\\\/\\\/radiolitoral.com\\\/\",\"name\":\"Radio Litoral\",\"description\":\"La radio local de la Marina Alta\",\"publisher\":{\"@id\":\"https:\\\/\\\/radiolitoral.com\\\/#organization\"},\"alternateName\":\"Litoral FM\",\"potentialAction\":[{\"@type\":\"SearchAction\",\"target\":{\"@type\":\"EntryPoint\",\"urlTemplate\":\"https:\\\/\\\/radiolitoral.com\\\/?s={search_term_string}\"},\"query-input\":{\"@type\":\"PropertyValueSpecification\",\"valueRequired\":true,\"valueName\":\"search_term_string\"}}],\"inLanguage\":\"ca\"},{\"@type\":\"Organization\",\"@id\":\"https:\\\/\\\/radiolitoral.com\\\/#organization\",\"name\":\"Radio Litoral\",\"url\":\"https:\\\/\\\/radiolitoral.com\\\/\",\"logo\":{\"@type\":\"ImageObject\",\"inLanguage\":\"ca\",\"@id\":\"https:\\\/\\\/radiolitoral.com\\\/#\\\/schema\\\/logo\\\/image\\\/\",\"url\":\"https:\\\/\\\/media.radiolitoral.com\\\/wp-content\\\/uploads\\\/2023\\\/02\\\/24143238\\\/CL-V-RadioLitoral696.png\",\"contentUrl\":\"https:\\\/\\\/media.radiolitoral.com\\\/wp-content\\\/uploads\\\/2023\\\/02\\\/24143238\\\/CL-V-RadioLitoral696.png\",\"width\":696,\"height\":696,\"caption\":\"Radio Litoral\"},\"image\":{\"@id\":\"https:\\\/\\\/radiolitoral.com\\\/#\\\/schema\\\/logo\\\/image\\\/\"},\"sameAs\":[\"https:\\\/\\\/www.facebook.com\\\/Laradiolitoral\\\/\"]},{\"@type\":\"Person\",\"@id\":\"https:\\\/\\\/radiolitoral.com\\\/#\\\/schema\\\/person\\\/7b1480b5caeb5acdd4ec6379caf62b22\",\"name\":\"Javier Zamora\",\"image\":{\"@type\":\"ImageObject\",\"inLanguage\":\"ca\",\"@id\":\"https:\\\/\\\/secure.gravatar.com\\\/avatar\\\/467a11f6918c7d619c4043fc6fa2d3853053107973f05b6e9c04ea6c4e3a7b3f?s=96&d=mm&r=g\",\"url\":\"https:\\\/\\\/secure.gravatar.com\\\/avatar\\\/467a11f6918c7d619c4043fc6fa2d3853053107973f05b6e9c04ea6c4e3a7b3f?s=96&d=mm&r=g\",\"contentUrl\":\"https:\\\/\\\/secure.gravatar.com\\\/avatar\\\/467a11f6918c7d619c4043fc6fa2d3853053107973f05b6e9c04ea6c4e3a7b3f?s=96&d=mm&r=g\",\"caption\":\"Javier Zamora\"},\"url\":\"https:\\\/\\\/radiolitoral.com\\\/ca\\\/author\\\/javier-zamora\\\/\"}]}<\/script>\n<!-- \/ Yoast SEO plugin. -->","yoast_head_json":{"title":"El CB Altea impos\u00e0 la seva llei a X\u00e0bia (86-100) | R\u00e0dio Litoral","description":"El CB Joventut X\u00e0bia va ser un rival digne que va obligar els alteans a haver d&#039;emprar-se a fons per guanyar el partitEl CB Joventut X\u00e0bia va ser un rival digne que va obligar els alteans a haver d&#039;emprar-se a fons per guanyar el partit","robots":{"index":"index","follow":"follow","max-snippet":"max-snippet:-1","max-image-preview":"max-image-preview:large","max-video-preview":"max-video-preview:-1"},"canonical":"https:\/\/radiolitoral.com\/ca\/2025\/01\/el-cb-altea-imposa-la-seva-llei-a-xabia-86-100\/","og_locale":"ca_ES","og_type":"article","og_title":"El CB Altea va imposar la seua llei a X\u00e0bia (86-100) | R\u00e0dio Litoral","og_description":"El CB Joventut X\u00e0bia va ser un rival digne que va obligar als alteanos a haver d'emprar-se a fons per a guanyar el partitEl CB Joventut X\u00e0bia va ser un rival digne que va obligar als alteanos a haver d'emprar-se a fons per a guanyar el partit","og_url":"https:\/\/radiolitoral.com\/ca\/2025\/01\/el-cb-altea-imposa-la-seva-llei-a-xabia-86-100\/","og_site_name":"R\u00e0dio Litoral","article_publisher":"https:\/\/www.facebook.com\/Laradiolitoral\/","article_published_time":"2025-01-22T09:39:36+00:00","og_image":[{"width":1024,"height":650,"url":"https:\/\/media.radiolitoral.com\/wp-content\/uploads\/2025\/01\/22103726\/CB-Joventut-Xabia-ante-el-CB-Altea.jpg","type":"image\/jpeg"}],"author":"Javier Zamora","twitter_card":"summary_large_image","twitter_misc":{"Escrit per":"Javier Zamora","Temps estimat de lectura":"2 minuts"},"schema":{"@context":"https:\/\/schema.org","@graph":[{"@type":"NewsArticle","@id":"https:\/\/radiolitoral.com\/2025\/01\/el-cb-altea-va-imposar-la-seua-llei-a-xabia-86-100\/#article","isPartOf":{"@id":"https:\/\/radiolitoral.com\/2025\/01\/el-cb-altea-va-imposar-la-seua-llei-a-xabia-86-100\/"},"author":{"name":"Javier Zamora","@id":"https:\/\/radiolitoral.com\/#\/schema\/person\/7b1480b5caeb5acdd4ec6379caf62b22"},"headline":"El CB Altea va imposar la seua llei a X\u00e0bia (86-100)","datePublished":"2025-01-22T09:39:36+00:00","mainEntityOfPage":{"@id":"https:\/\/radiolitoral.com\/2025\/01\/el-cb-altea-va-imposar-la-seua-llei-a-xabia-86-100\/"},"wordCount":279,"commentCount":0,"publisher":{"@id":"https:\/\/radiolitoral.com\/#organization"},"image":{"@id":"https:\/\/radiolitoral.com\/2025\/01\/el-cb-altea-va-imposar-la-seua-llei-a-xabia-86-100\/#primaryimage"},"thumbnailUrl":"https:\/\/media.radiolitoral.com\/wp-content\/uploads\/2025\/01\/22103726\/CB-Joventut-Xabia-ante-el-CB-Altea.jpg","keywords":["CB Altea","CB Joventut X\u00e0bia","deportes","\u00d3scar\u00a0Mayordomo"],"articleSection":["Deportes"],"inLanguage":"ca","potentialAction":[{"@type":"CommentAction","name":"Comment","target":["https:\/\/radiolitoral.com\/2025\/01\/el-cb-altea-va-imposar-la-seua-llei-a-xabia-86-100\/#respond"]}]},{"@type":["WebPage","ItemPage"],"@id":"https:\/\/radiolitoral.com\/2025\/01\/el-cb-altea-va-imposar-la-seua-llei-a-xabia-86-100\/","url":"https:\/\/radiolitoral.com\/2025\/01\/el-cb-altea-va-imposar-la-seua-llei-a-xabia-86-100\/","name":"El CB Altea impos\u00e0 la seva llei a X\u00e0bia (86-100) | R\u00e0dio Litoral","isPartOf":{"@id":"https:\/\/radiolitoral.com\/#website"},"primaryImageOfPage":{"@id":"https:\/\/radiolitoral.com\/2025\/01\/el-cb-altea-va-imposar-la-seua-llei-a-xabia-86-100\/#primaryimage"},"image":{"@id":"https:\/\/radiolitoral.com\/2025\/01\/el-cb-altea-va-imposar-la-seua-llei-a-xabia-86-100\/#primaryimage"},"thumbnailUrl":"https:\/\/media.radiolitoral.com\/wp-content\/uploads\/2025\/01\/22103726\/CB-Joventut-Xabia-ante-el-CB-Altea.jpg","datePublished":"2025-01-22T09:39:36+00:00","description":"El CB Joventut X\u00e0bia va ser un rival digne que va obligar els alteans a haver d&#039;emprar-se a fons per guanyar el partitEl CB Joventut X\u00e0bia va ser un rival digne que va obligar els alteans a haver d&#039;emprar-se a fons per guanyar el partit","breadcrumb":{"@id":"https:\/\/radiolitoral.com\/2025\/01\/el-cb-altea-va-imposar-la-seua-llei-a-xabia-86-100\/#breadcrumb"},"inLanguage":"ca","potentialAction":[{"@type":"ReadAction","target":["https:\/\/radiolitoral.com\/2025\/01\/el-cb-altea-va-imposar-la-seua-llei-a-xabia-86-100\/"]}]},{"@type":"ImageObject","inLanguage":"ca","@id":"https:\/\/radiolitoral.com\/2025\/01\/el-cb-altea-va-imposar-la-seua-llei-a-xabia-86-100\/#primaryimage","url":"https:\/\/media.radiolitoral.com\/wp-content\/uploads\/2025\/01\/22103726\/CB-Joventut-Xabia-ante-el-CB-Altea.jpg","contentUrl":"https:\/\/media.radiolitoral.com\/wp-content\/uploads\/2025\/01\/22103726\/CB-Joventut-Xabia-ante-el-CB-Altea.jpg","width":1024,"height":650},{"@type":"BreadcrumbList","@id":"https:\/\/radiolitoral.com\/2025\/01\/el-cb-altea-va-imposar-la-seua-llei-a-xabia-86-100\/#breadcrumb","itemListElement":[{"@type":"ListItem","position":1,"name":"Portada","item":"https:\/\/radiolitoral.com\/"},{"@type":"ListItem","position":2,"name":"El CB Altea va imposar la seua llei a X\u00e0bia (86-100)"}]},{"@type":"WebSite","@id":"https:\/\/radiolitoral.com\/#website","url":"https:\/\/radiolitoral.com\/","name":"R\u00e0dio Litoral","description":"La r\u00e0dio local de la Marina Alta","publisher":{"@id":"https:\/\/radiolitoral.com\/#organization"},"alternateName":"Litoral FM","potentialAction":[{"@type":"SearchAction","target":{"@type":"EntryPoint","urlTemplate":"https:\/\/radiolitoral.com\/?s={search_term_string}"},"query-input":{"@type":"PropertyValueSpecification","valueRequired":true,"valueName":"search_term_string"}}],"inLanguage":"ca"},{"@type":"Organization","@id":"https:\/\/radiolitoral.com\/#organization","name":"R\u00e0dio Litoral","url":"https:\/\/radiolitoral.com\/","logo":{"@type":"ImageObject","inLanguage":"ca","@id":"https:\/\/radiolitoral.com\/#\/schema\/logo\/image\/","url":"https:\/\/media.radiolitoral.com\/wp-content\/uploads\/2023\/02\/24143238\/CL-V-RadioLitoral696.png","contentUrl":"https:\/\/media.radiolitoral.com\/wp-content\/uploads\/2023\/02\/24143238\/CL-V-RadioLitoral696.png","width":696,"height":696,"caption":"Radio Litoral"},"image":{"@id":"https:\/\/radiolitoral.com\/#\/schema\/logo\/image\/"},"sameAs":["https:\/\/www.facebook.com\/Laradiolitoral\/"]},{"@type":"Person","@id":"https:\/\/radiolitoral.com\/#\/schema\/person\/7b1480b5caeb5acdd4ec6379caf62b22","name":"Javier Zamora","image":{"@type":"ImageObject","inLanguage":"ca","@id":"https:\/\/secure.gravatar.com\/avatar\/467a11f6918c7d619c4043fc6fa2d3853053107973f05b6e9c04ea6c4e3a7b3f?s=96&d=mm&r=g","url":"https:\/\/secure.gravatar.com\/avatar\/467a11f6918c7d619c4043fc6fa2d3853053107973f05b6e9c04ea6c4e3a7b3f?s=96&d=mm&r=g","contentUrl":"https:\/\/secure.gravatar.com\/avatar\/467a11f6918c7d619c4043fc6fa2d3853053107973f05b6e9c04ea6c4e3a7b3f?s=96&d=mm&r=g","caption":"Javier Zamora"},"url":"https:\/\/radiolitoral.com\/ca\/author\/javier-zamora\/"}]}},"_links":{"self":[{"href":"https:\/\/radiolitoral.com\/ca\/wp-json\/wp\/v2\/posts\/14483","targetHints":{"allow":["GET"]}}],"collection":[{"href":"https:\/\/radiolitoral.com\/ca\/wp-json\/wp\/v2\/posts"}],"about":[{"href":"https:\/\/radiolitoral.com\/ca\/wp-json\/wp\/v2\/types\/post"}],"author":[{"embeddable":true,"href":"https:\/\/radiolitoral.com\/ca\/wp-json\/wp\/v2\/users\/12"}],"replies":[{"embeddable":true,"href":"https:\/\/radiolitoral.com\/ca\/wp-json\/wp\/v2\/comments?post=14483"}],"version-history":[{"count":2,"href":"https:\/\/radiolitoral.com\/ca\/wp-json\/wp\/v2\/posts\/14483\/revisions"}],"predecessor-version":[{"id":14487,"href":"https:\/\/radiolitoral.com\/ca\/wp-json\/wp\/v2\/posts\/14483\/revisions\/14487"}],"wp:featuredmedia":[{"embeddable":true,"href":"https:\/\/radiolitoral.com\/ca\/wp-json\/wp\/v2\/media\/14484"}],"wp:attachment":[{"href":"https:\/\/radiolitoral.com\/ca\/wp-json\/wp\/v2\/media?parent=14483"}],"wp:term":[{"taxonomy":"category","embeddable":true,"href":"https:\/\/radiolitoral.com\/ca\/wp-json\/wp\/v2\/categories?post=14483"},{"taxonomy":"post_tag","embeddable":true,"href":"https:\/\/radiolitoral.com\/ca\/wp-json\/wp\/v2\/tags?post=14483"}],"curies":[{"name":"wp","href":"https:\/\/api.w.org\/{rel}","templated":true}]}}