{"id":14473,"date":"2025-01-21T17:46:39","date_gmt":"2025-01-21T16:46:39","guid":{"rendered":"https:\/\/radiolitoral.com\/?p=14473"},"modified":"2025-01-21T17:46:39","modified_gmt":"2025-01-21T16:46:39","slug":"arturo-poquet-magraria-dir-que-el-centre-de-dia-sera-una-realitat-aquest-2025","status":"publish","type":"post","link":"https:\/\/radiolitoral.com\/ca\/2025\/01\/arturo-poquet-magradaria-dir-que-el-centre-de-dia-sera-una-realitat-este-2025\/","title":{"rendered":"Arturo Poquet: \u00abM&#039;agradaria dir que el Centre de Dia ser\u00e0 una realitat aquest 2025\u00bb"},"content":{"rendered":"<p><strong>Benissa<\/strong> ha volgut arrencar aquest 2025 amb importants<strong> actuacions sobre el teixit d&#039;infraestructures i carreteres<\/strong> de la ciutat. L&#039;\u00faltima que hem pogut con\u00e8ixer ha estat <strong>l&#039;asfaltat de gran part dels camins<\/strong>, carrers i avingudes de la zona costera, tan afectades pel desgast en els darrers anys.<\/p>\n<p>Per\u00f2 hi ha m\u00e9s mesures al punt de mira, per parlar d&#039;elles i de l&#039;evoluci\u00f3 que s&#039;espera de <strong>Benissa el 2025<\/strong>, hem pogut conversar amb el seu<strong> alcalde Arturo Poquet<\/strong>. Sobre aquesta primera mesura, l&#039;asfaltat, la inversi\u00f3 prov\u00e9 de la Diputaci\u00f3 d&#039;Alacant, on el Poquet \u00e9s diputat de Carreteres. \u00abBenissa t\u00e9 un dels terrenys municipals m\u00e9s amplis de la comarca i t\u00e9 molts quil\u00f2metres de camins, per la qual cosa \u00e9s una inversi\u00f3 regular i una responsabilitat tenir-los en condicions \u00f2ptimes\u00bb, assegurava el municipi.<\/p>\n<p>Sobre el <strong>Centre de Dia<\/strong>, Poquet afirma que han rebut la cessi\u00f3 de compet\u00e8ncies i tenen la possibilitat d&#039;executar aquesta inversi\u00f3. \u00abEstem treballant al projecte i properament comen\u00e7aran les obres, m&#039;agradaria dir que ser\u00e0 una realitat per a finals d&#039;any\u00bb, afirma el diputat provincial.<\/p>\n<p>Pots escortar l&#039;entrevista al complet al<strong> seg\u00fcent podcast<\/strong>.<\/p>\n<audio class=\"wp-audio-shortcode\" id=\"audio-14473-1\" preload=\"none\" style=\"width: 100%;\" controls=\"controls\"><source type=\"audio\/mpeg\" src=\"https:\/\/media.radiolitoral.com\/wp-content\/uploads\/2025\/01\/21174627\/Entevista-Arturo-Poquet-asfaltado-carreteras.mp3?_=1\" \/><a href=\"https:\/\/media.radiolitoral.com\/wp-content\/uploads\/2025\/01\/21174627\/Entevista-Arturo-Poquet-asfaltado-carreteras.mp3\">https:\/\/media.radiolitoral.com\/wp-content\/uploads\/2025\/01\/21174627\/Entevista-Arturo-Poquet-asfaltado-carreteras.mp3<\/a><\/audio>","protected":false},"excerpt":{"rendered":"<p>Benissa ha volgut arrancar este 2025 amb importants actuacions sobre el teixit d&#8217;infraestructures i carreteres de la ciutat. L&#8217;\u00faltima que hem pogut con\u00e9ixer ha sigut l&#8217;asfaltat de gran part dels camins, carrers i avingudes de la zona costanera, tan afectades pel desgast en els \u00faltims anys. Per\u00f2 hi ha m\u00e9s mesures en el punt de [&#8230;]<\/p>\n<p><a class=\"btn btn-secondary understrap-read-more-link\" href=\"https:\/\/radiolitoral.com\/ca\/2025\/01\/arturo-poquet-magradaria-dir-que-el-centre-de-dia-sera-una-realitat-este-2025\/\">Continua llegint&#8230;<span class=\"screen-reader-text\"> from Arturo Poquet: \u00abM&#8217;agradaria dir que el Centre de Dia ser\u00e0 una realitat este 2025\u00bb<\/span><\/a><\/p>\n","protected":false},"author":14,"featured_media":3568,"comment_status":"open","ping_status":"closed","sticky":false,"template":"","format":"standard","meta":{"_acf_changed":false,"inline_featured_image":false,"footnotes":""},"categories":[2753],"tags":[1209,126,1608,1450],"class_list":["post-14473","post","type-post","status-publish","format-standard","has-post-thumbnail","hentry","category-entrevistas","tag-arturo-poquet","tag-benissa","tag-entrevista","tag-radio-litoral","cobertura-benissa"],"acf":[],"yoast_head":"<!-- This site is optimized with the Yoast SEO plugin v27.5 - https:\/\/yoast.com\/product\/yoast-seo-wordpress\/ -->\n<title>Arturo Poquet: &quot;M&#039;agradaria dir que el Centre de Dia ser\u00e0 una realitat este 2025&quot; | R\u00e0dio Litoral<\/title>\n<meta name=\"description\" content=\"L&#039;alcalde de Benissa repassa les \u00faltimes actuacions de la localitat i els projectes futurs\" \/>\n<meta name=\"robots\" content=\"index, follow, max-snippet:-1, max-image-preview:large, max-video-preview:-1\" \/>\n<link rel=\"canonical\" href=\"https:\/\/radiolitoral.com\/ca\/2025\/01\/arturo-poquet-magraria-dir-que-el-centre-de-dia-sera-una-realitat-aquest-2025\/\" \/>\n<meta property=\"og:locale\" content=\"ca_ES\" \/>\n<meta property=\"og:type\" content=\"article\" \/>\n<meta property=\"og:title\" content=\"Arturo Poquet: &quot;M&#039;agradaria dir que el Centre de Dia ser\u00e0 una realitat este 2025&quot; | R\u00e0dio Litoral\" \/>\n<meta property=\"og:description\" content=\"L&#039;alcalde de Benissa repassa les \u00faltimes actuacions de la localitat i els projectes futurs\" \/>\n<meta property=\"og:url\" content=\"https:\/\/radiolitoral.com\/ca\/2025\/01\/arturo-poquet-magraria-dir-que-el-centre-de-dia-sera-una-realitat-aquest-2025\/\" \/>\n<meta property=\"og:site_name\" content=\"R\u00e0dio Litoral\" \/>\n<meta property=\"article:publisher\" content=\"https:\/\/www.facebook.com\/Laradiolitoral\/\" \/>\n<meta property=\"article:published_time\" content=\"2025-01-21T16:46:39+00:00\" \/>\n<meta property=\"og:image\" content=\"https:\/\/media.radiolitoral.com\/wp-content\/uploads\/2023\/05\/29170854\/Arturo-Poquet-e1685374511209.jpeg\" \/>\n\t<meta property=\"og:image:width\" content=\"683\" \/>\n\t<meta property=\"og:image:height\" content=\"470\" \/>\n\t<meta property=\"og:image:type\" content=\"image\/jpeg\" \/>\n<meta name=\"author\" content=\"Redacci\u00f3n\" \/>\n<meta name=\"twitter:card\" content=\"summary_large_image\" \/>\n<meta name=\"twitter:label1\" content=\"Escrit per\" \/>\n\t<meta name=\"twitter:data1\" content=\"Redacci\u00f3n\" \/>\n\t<meta name=\"twitter:label2\" content=\"Temps estimat de lectura\" \/>\n\t<meta name=\"twitter:data2\" content=\"2 minuts\" \/>\n<script type=\"application\/ld+json\" class=\"yoast-schema-graph\">{\"@context\":\"https:\\\/\\\/schema.org\",\"@graph\":[{\"@type\":\"NewsArticle\",\"@id\":\"https:\\\/\\\/radiolitoral.com\\\/2025\\\/01\\\/arturo-poquet-magradaria-dir-que-el-centre-de-dia-sera-una-realitat-este-2025\\\/#article\",\"isPartOf\":{\"@id\":\"https:\\\/\\\/radiolitoral.com\\\/2025\\\/01\\\/arturo-poquet-magradaria-dir-que-el-centre-de-dia-sera-una-realitat-este-2025\\\/\"},\"author\":{\"name\":\"Redacci\u00f3n\",\"@id\":\"https:\\\/\\\/radiolitoral.com\\\/#\\\/schema\\\/person\\\/96b739642eb3bedb532aac3812d23307\"},\"headline\":\"Arturo Poquet: \u00abM&#8217;agradaria dir que el Centre de Dia ser\u00e0 una realitat este 2025\u00bb\",\"datePublished\":\"2025-01-21T16:46:39+00:00\",\"mainEntityOfPage\":{\"@id\":\"https:\\\/\\\/radiolitoral.com\\\/2025\\\/01\\\/arturo-poquet-magradaria-dir-que-el-centre-de-dia-sera-una-realitat-este-2025\\\/\"},\"wordCount\":231,\"commentCount\":0,\"publisher\":{\"@id\":\"https:\\\/\\\/radiolitoral.com\\\/#organization\"},\"image\":{\"@id\":\"https:\\\/\\\/radiolitoral.com\\\/2025\\\/01\\\/arturo-poquet-magradaria-dir-que-el-centre-de-dia-sera-una-realitat-este-2025\\\/#primaryimage\"},\"thumbnailUrl\":\"https:\\\/\\\/media.radiolitoral.com\\\/wp-content\\\/uploads\\\/2023\\\/05\\\/29170854\\\/Arturo-Poquet-e1685374511209.jpeg\",\"keywords\":[\"Arturo Poquet\",\"Benissa\",\"Entrevista\",\"Radio Litoral\"],\"articleSection\":[\"Entrevistas\"],\"inLanguage\":\"ca\",\"potentialAction\":[{\"@type\":\"CommentAction\",\"name\":\"Comment\",\"target\":[\"https:\\\/\\\/radiolitoral.com\\\/2025\\\/01\\\/arturo-poquet-magradaria-dir-que-el-centre-de-dia-sera-una-realitat-este-2025\\\/#respond\"]}]},{\"@type\":[\"WebPage\",\"ItemPage\"],\"@id\":\"https:\\\/\\\/radiolitoral.com\\\/2025\\\/01\\\/arturo-poquet-magradaria-dir-que-el-centre-de-dia-sera-una-realitat-este-2025\\\/\",\"url\":\"https:\\\/\\\/radiolitoral.com\\\/2025\\\/01\\\/arturo-poquet-magradaria-dir-que-el-centre-de-dia-sera-una-realitat-este-2025\\\/\",\"name\":\"Arturo Poquet: \\\"M'agradaria dir que el Centre de Dia ser\u00e0 una realitat este 2025\\\" | R\u00e0dio Litoral\",\"isPartOf\":{\"@id\":\"https:\\\/\\\/radiolitoral.com\\\/#website\"},\"primaryImageOfPage\":{\"@id\":\"https:\\\/\\\/radiolitoral.com\\\/2025\\\/01\\\/arturo-poquet-magradaria-dir-que-el-centre-de-dia-sera-una-realitat-este-2025\\\/#primaryimage\"},\"image\":{\"@id\":\"https:\\\/\\\/radiolitoral.com\\\/2025\\\/01\\\/arturo-poquet-magradaria-dir-que-el-centre-de-dia-sera-una-realitat-este-2025\\\/#primaryimage\"},\"thumbnailUrl\":\"https:\\\/\\\/media.radiolitoral.com\\\/wp-content\\\/uploads\\\/2023\\\/05\\\/29170854\\\/Arturo-Poquet-e1685374511209.jpeg\",\"datePublished\":\"2025-01-21T16:46:39+00:00\",\"description\":\"L'alcalde de Benissa repassa les \u00faltimes actuacions de la localitat i els projectes futurs\",\"breadcrumb\":{\"@id\":\"https:\\\/\\\/radiolitoral.com\\\/2025\\\/01\\\/arturo-poquet-magradaria-dir-que-el-centre-de-dia-sera-una-realitat-este-2025\\\/#breadcrumb\"},\"inLanguage\":\"ca\",\"potentialAction\":[{\"@type\":\"ReadAction\",\"target\":[\"https:\\\/\\\/radiolitoral.com\\\/2025\\\/01\\\/arturo-poquet-magradaria-dir-que-el-centre-de-dia-sera-una-realitat-este-2025\\\/\"]}]},{\"@type\":\"ImageObject\",\"inLanguage\":\"ca\",\"@id\":\"https:\\\/\\\/radiolitoral.com\\\/2025\\\/01\\\/arturo-poquet-magradaria-dir-que-el-centre-de-dia-sera-una-realitat-este-2025\\\/#primaryimage\",\"url\":\"https:\\\/\\\/media.radiolitoral.com\\\/wp-content\\\/uploads\\\/2023\\\/05\\\/29170854\\\/Arturo-Poquet-e1685374511209.jpeg\",\"contentUrl\":\"https:\\\/\\\/media.radiolitoral.com\\\/wp-content\\\/uploads\\\/2023\\\/05\\\/29170854\\\/Arturo-Poquet-e1685374511209.jpeg\",\"width\":683,\"height\":470},{\"@type\":\"BreadcrumbList\",\"@id\":\"https:\\\/\\\/radiolitoral.com\\\/2025\\\/01\\\/arturo-poquet-magradaria-dir-que-el-centre-de-dia-sera-una-realitat-este-2025\\\/#breadcrumb\",\"itemListElement\":[{\"@type\":\"ListItem\",\"position\":1,\"name\":\"Portada\",\"item\":\"https:\\\/\\\/radiolitoral.com\\\/\"},{\"@type\":\"ListItem\",\"position\":2,\"name\":\"Arturo Poquet: \u00abM&#8217;agradaria dir que el Centre de Dia ser\u00e0 una realitat este 2025\u00bb\"}]},{\"@type\":\"WebSite\",\"@id\":\"https:\\\/\\\/radiolitoral.com\\\/#website\",\"url\":\"https:\\\/\\\/radiolitoral.com\\\/\",\"name\":\"Radio Litoral\",\"description\":\"La radio local de la Marina Alta\",\"publisher\":{\"@id\":\"https:\\\/\\\/radiolitoral.com\\\/#organization\"},\"alternateName\":\"Litoral FM\",\"potentialAction\":[{\"@type\":\"SearchAction\",\"target\":{\"@type\":\"EntryPoint\",\"urlTemplate\":\"https:\\\/\\\/radiolitoral.com\\\/?s={search_term_string}\"},\"query-input\":{\"@type\":\"PropertyValueSpecification\",\"valueRequired\":true,\"valueName\":\"search_term_string\"}}],\"inLanguage\":\"ca\"},{\"@type\":\"Organization\",\"@id\":\"https:\\\/\\\/radiolitoral.com\\\/#organization\",\"name\":\"Radio Litoral\",\"url\":\"https:\\\/\\\/radiolitoral.com\\\/\",\"logo\":{\"@type\":\"ImageObject\",\"inLanguage\":\"ca\",\"@id\":\"https:\\\/\\\/radiolitoral.com\\\/#\\\/schema\\\/logo\\\/image\\\/\",\"url\":\"https:\\\/\\\/media.radiolitoral.com\\\/wp-content\\\/uploads\\\/2023\\\/02\\\/24143238\\\/CL-V-RadioLitoral696.png\",\"contentUrl\":\"https:\\\/\\\/media.radiolitoral.com\\\/wp-content\\\/uploads\\\/2023\\\/02\\\/24143238\\\/CL-V-RadioLitoral696.png\",\"width\":696,\"height\":696,\"caption\":\"Radio Litoral\"},\"image\":{\"@id\":\"https:\\\/\\\/radiolitoral.com\\\/#\\\/schema\\\/logo\\\/image\\\/\"},\"sameAs\":[\"https:\\\/\\\/www.facebook.com\\\/Laradiolitoral\\\/\"]},{\"@type\":\"Person\",\"@id\":\"https:\\\/\\\/radiolitoral.com\\\/#\\\/schema\\\/person\\\/96b739642eb3bedb532aac3812d23307\",\"name\":\"Redacci\u00f3n\",\"image\":{\"@type\":\"ImageObject\",\"inLanguage\":\"ca\",\"@id\":\"https:\\\/\\\/secure.gravatar.com\\\/avatar\\\/30cd06129ee90411dd9c7cbdcf17464181d1a3c7b072e92070ea75a25cf0097e?s=96&d=mm&r=g\",\"url\":\"https:\\\/\\\/secure.gravatar.com\\\/avatar\\\/30cd06129ee90411dd9c7cbdcf17464181d1a3c7b072e92070ea75a25cf0097e?s=96&d=mm&r=g\",\"contentUrl\":\"https:\\\/\\\/secure.gravatar.com\\\/avatar\\\/30cd06129ee90411dd9c7cbdcf17464181d1a3c7b072e92070ea75a25cf0097e?s=96&d=mm&r=g\",\"caption\":\"Redacci\u00f3n\"},\"url\":\"https:\\\/\\\/radiolitoral.com\\\/ca\\\/author\\\/kevin-carrio\\\/\"}]}<\/script>\n<!-- \/ Yoast SEO plugin. -->","yoast_head_json":{"title":"Arturo Poquet: &quot;M&#039;agradaria dir que el Centre de Dia ser\u00e0 una realitat aquest 2025&quot; | R\u00e0dio Litoral","description":"L&#039;alcalde de Benissa repassa les darreres actuacions de la localitat i els projectes futurs","robots":{"index":"index","follow":"follow","max-snippet":"max-snippet:-1","max-image-preview":"max-image-preview:large","max-video-preview":"max-video-preview:-1"},"canonical":"https:\/\/radiolitoral.com\/ca\/2025\/01\/arturo-poquet-magraria-dir-que-el-centre-de-dia-sera-una-realitat-aquest-2025\/","og_locale":"ca_ES","og_type":"article","og_title":"Arturo Poquet: \"M'agradaria dir que el Centre de Dia ser\u00e0 una realitat este 2025\" | R\u00e0dio Litoral","og_description":"L'alcalde de Benissa repassa les \u00faltimes actuacions de la localitat i els projectes futurs","og_url":"https:\/\/radiolitoral.com\/ca\/2025\/01\/arturo-poquet-magraria-dir-que-el-centre-de-dia-sera-una-realitat-aquest-2025\/","og_site_name":"R\u00e0dio Litoral","article_publisher":"https:\/\/www.facebook.com\/Laradiolitoral\/","article_published_time":"2025-01-21T16:46:39+00:00","og_image":[{"width":683,"height":470,"url":"https:\/\/media.radiolitoral.com\/wp-content\/uploads\/2023\/05\/29170854\/Arturo-Poquet-e1685374511209.jpeg","type":"image\/jpeg"}],"author":"Redacci\u00f3n","twitter_card":"summary_large_image","twitter_misc":{"Escrit per":"Redacci\u00f3n","Temps estimat de lectura":"2 minuts"},"schema":{"@context":"https:\/\/schema.org","@graph":[{"@type":"NewsArticle","@id":"https:\/\/radiolitoral.com\/2025\/01\/arturo-poquet-magradaria-dir-que-el-centre-de-dia-sera-una-realitat-este-2025\/#article","isPartOf":{"@id":"https:\/\/radiolitoral.com\/2025\/01\/arturo-poquet-magradaria-dir-que-el-centre-de-dia-sera-una-realitat-este-2025\/"},"author":{"name":"Redacci\u00f3n","@id":"https:\/\/radiolitoral.com\/#\/schema\/person\/96b739642eb3bedb532aac3812d23307"},"headline":"Arturo Poquet: \u00abM&#8217;agradaria dir que el Centre de Dia ser\u00e0 una realitat este 2025\u00bb","datePublished":"2025-01-21T16:46:39+00:00","mainEntityOfPage":{"@id":"https:\/\/radiolitoral.com\/2025\/01\/arturo-poquet-magradaria-dir-que-el-centre-de-dia-sera-una-realitat-este-2025\/"},"wordCount":231,"commentCount":0,"publisher":{"@id":"https:\/\/radiolitoral.com\/#organization"},"image":{"@id":"https:\/\/radiolitoral.com\/2025\/01\/arturo-poquet-magradaria-dir-que-el-centre-de-dia-sera-una-realitat-este-2025\/#primaryimage"},"thumbnailUrl":"https:\/\/media.radiolitoral.com\/wp-content\/uploads\/2023\/05\/29170854\/Arturo-Poquet-e1685374511209.jpeg","keywords":["Arturo Poquet","Benissa","Entrevista","Radio Litoral"],"articleSection":["Entrevistas"],"inLanguage":"ca","potentialAction":[{"@type":"CommentAction","name":"Comment","target":["https:\/\/radiolitoral.com\/2025\/01\/arturo-poquet-magradaria-dir-que-el-centre-de-dia-sera-una-realitat-este-2025\/#respond"]}]},{"@type":["WebPage","ItemPage"],"@id":"https:\/\/radiolitoral.com\/2025\/01\/arturo-poquet-magradaria-dir-que-el-centre-de-dia-sera-una-realitat-este-2025\/","url":"https:\/\/radiolitoral.com\/2025\/01\/arturo-poquet-magradaria-dir-que-el-centre-de-dia-sera-una-realitat-este-2025\/","name":"Arturo Poquet: &quot;M&#039;agradaria dir que el Centre de Dia ser\u00e0 una realitat aquest 2025&quot; | R\u00e0dio Litoral","isPartOf":{"@id":"https:\/\/radiolitoral.com\/#website"},"primaryImageOfPage":{"@id":"https:\/\/radiolitoral.com\/2025\/01\/arturo-poquet-magradaria-dir-que-el-centre-de-dia-sera-una-realitat-este-2025\/#primaryimage"},"image":{"@id":"https:\/\/radiolitoral.com\/2025\/01\/arturo-poquet-magradaria-dir-que-el-centre-de-dia-sera-una-realitat-este-2025\/#primaryimage"},"thumbnailUrl":"https:\/\/media.radiolitoral.com\/wp-content\/uploads\/2023\/05\/29170854\/Arturo-Poquet-e1685374511209.jpeg","datePublished":"2025-01-21T16:46:39+00:00","description":"L&#039;alcalde de Benissa repassa les darreres actuacions de la localitat i els projectes futurs","breadcrumb":{"@id":"https:\/\/radiolitoral.com\/2025\/01\/arturo-poquet-magradaria-dir-que-el-centre-de-dia-sera-una-realitat-este-2025\/#breadcrumb"},"inLanguage":"ca","potentialAction":[{"@type":"ReadAction","target":["https:\/\/radiolitoral.com\/2025\/01\/arturo-poquet-magradaria-dir-que-el-centre-de-dia-sera-una-realitat-este-2025\/"]}]},{"@type":"ImageObject","inLanguage":"ca","@id":"https:\/\/radiolitoral.com\/2025\/01\/arturo-poquet-magradaria-dir-que-el-centre-de-dia-sera-una-realitat-este-2025\/#primaryimage","url":"https:\/\/media.radiolitoral.com\/wp-content\/uploads\/2023\/05\/29170854\/Arturo-Poquet-e1685374511209.jpeg","contentUrl":"https:\/\/media.radiolitoral.com\/wp-content\/uploads\/2023\/05\/29170854\/Arturo-Poquet-e1685374511209.jpeg","width":683,"height":470},{"@type":"BreadcrumbList","@id":"https:\/\/radiolitoral.com\/2025\/01\/arturo-poquet-magradaria-dir-que-el-centre-de-dia-sera-una-realitat-este-2025\/#breadcrumb","itemListElement":[{"@type":"ListItem","position":1,"name":"Portada","item":"https:\/\/radiolitoral.com\/"},{"@type":"ListItem","position":2,"name":"Arturo Poquet: \u00abM&#8217;agradaria dir que el Centre de Dia ser\u00e0 una realitat este 2025\u00bb"}]},{"@type":"WebSite","@id":"https:\/\/radiolitoral.com\/#website","url":"https:\/\/radiolitoral.com\/","name":"R\u00e0dio Litoral","description":"La r\u00e0dio local de la Marina Alta","publisher":{"@id":"https:\/\/radiolitoral.com\/#organization"},"alternateName":"Litoral FM","potentialAction":[{"@type":"SearchAction","target":{"@type":"EntryPoint","urlTemplate":"https:\/\/radiolitoral.com\/?s={search_term_string}"},"query-input":{"@type":"PropertyValueSpecification","valueRequired":true,"valueName":"search_term_string"}}],"inLanguage":"ca"},{"@type":"Organization","@id":"https:\/\/radiolitoral.com\/#organization","name":"R\u00e0dio Litoral","url":"https:\/\/radiolitoral.com\/","logo":{"@type":"ImageObject","inLanguage":"ca","@id":"https:\/\/radiolitoral.com\/#\/schema\/logo\/image\/","url":"https:\/\/media.radiolitoral.com\/wp-content\/uploads\/2023\/02\/24143238\/CL-V-RadioLitoral696.png","contentUrl":"https:\/\/media.radiolitoral.com\/wp-content\/uploads\/2023\/02\/24143238\/CL-V-RadioLitoral696.png","width":696,"height":696,"caption":"Radio Litoral"},"image":{"@id":"https:\/\/radiolitoral.com\/#\/schema\/logo\/image\/"},"sameAs":["https:\/\/www.facebook.com\/Laradiolitoral\/"]},{"@type":"Person","@id":"https:\/\/radiolitoral.com\/#\/schema\/person\/96b739642eb3bedb532aac3812d23307","name":"Redacci\u00f3","image":{"@type":"ImageObject","inLanguage":"ca","@id":"https:\/\/secure.gravatar.com\/avatar\/30cd06129ee90411dd9c7cbdcf17464181d1a3c7b072e92070ea75a25cf0097e?s=96&d=mm&r=g","url":"https:\/\/secure.gravatar.com\/avatar\/30cd06129ee90411dd9c7cbdcf17464181d1a3c7b072e92070ea75a25cf0097e?s=96&d=mm&r=g","contentUrl":"https:\/\/secure.gravatar.com\/avatar\/30cd06129ee90411dd9c7cbdcf17464181d1a3c7b072e92070ea75a25cf0097e?s=96&d=mm&r=g","caption":"Redacci\u00f3n"},"url":"https:\/\/radiolitoral.com\/ca\/author\/kevin-carrio\/"}]}},"_links":{"self":[{"href":"https:\/\/radiolitoral.com\/ca\/wp-json\/wp\/v2\/posts\/14473","targetHints":{"allow":["GET"]}}],"collection":[{"href":"https:\/\/radiolitoral.com\/ca\/wp-json\/wp\/v2\/posts"}],"about":[{"href":"https:\/\/radiolitoral.com\/ca\/wp-json\/wp\/v2\/types\/post"}],"author":[{"embeddable":true,"href":"https:\/\/radiolitoral.com\/ca\/wp-json\/wp\/v2\/users\/14"}],"replies":[{"embeddable":true,"href":"https:\/\/radiolitoral.com\/ca\/wp-json\/wp\/v2\/comments?post=14473"}],"version-history":[{"count":1,"href":"https:\/\/radiolitoral.com\/ca\/wp-json\/wp\/v2\/posts\/14473\/revisions"}],"predecessor-version":[{"id":14475,"href":"https:\/\/radiolitoral.com\/ca\/wp-json\/wp\/v2\/posts\/14473\/revisions\/14475"}],"wp:featuredmedia":[{"embeddable":true,"href":"https:\/\/radiolitoral.com\/ca\/wp-json\/wp\/v2\/media\/3568"}],"wp:attachment":[{"href":"https:\/\/radiolitoral.com\/ca\/wp-json\/wp\/v2\/media?parent=14473"}],"wp:term":[{"taxonomy":"category","embeddable":true,"href":"https:\/\/radiolitoral.com\/ca\/wp-json\/wp\/v2\/categories?post=14473"},{"taxonomy":"post_tag","embeddable":true,"href":"https:\/\/radiolitoral.com\/ca\/wp-json\/wp\/v2\/tags?post=14473"}],"curies":[{"name":"wp","href":"https:\/\/api.w.org\/{rel}","templated":true}]}}