{"id":14450,"date":"2025-01-21T10:14:10","date_gmt":"2025-01-21T09:14:10","guid":{"rendered":"https:\/\/radiolitoral.com\/?p=14450"},"modified":"2025-01-21T10:14:10","modified_gmt":"2025-01-21T09:14:10","slug":"les-tripulacions-denieres-entre-les-millors-a-la-lliga-suma","status":"publish","type":"post","link":"https:\/\/radiolitoral.com\/ca\/2025\/01\/les-tripulacions-denieres-entre-les-millors-a-la-lliga-suma\/","title":{"rendered":"Les tripulacions denieres entre les millors a la Lliga Suma"},"content":{"rendered":"<p>Aquest passat diumenge 19 de gener, el<strong> Club N\u00e0utic Benidorm<\/strong> va acollir la<strong> IV Regata de Lliga Suma de Banc Fix del Mediterrani<\/strong>, una cita en qu\u00e8 les embarcacions del <strong>Reial Club N\u00e0utic D\u00e9nia<\/strong> <strong>(<span class=\"hiddenSpellError\">RCN<\/span>\u00a0D\u00e9nia)<\/strong> tornaren a demostrar el seu gran nivell. La competici\u00f3, celebrada en un escenari privilegiat amb bon temps i mar tranquil\u00b7la, va deixar grans moments per als amants del rem.<\/p>\n<p>A la categoria masculina absoluta, l&#039;equip del\u00a0<span class=\"hiddenSpellError\">RCN<\/span> D\u00e9nia es va imposar amb autoritat al recorregut de 5.000 metres, superant al <strong>Reial Club N\u00e0utic Val\u00e8ncia<\/strong> i al <strong><span class=\"hiddenSpellError\">CN<\/span>\u00a0Santa Pola<\/strong>.\u00a0<span class=\"hiddenSuggestion\">Aquesta<\/span>\u00a0vict\u00f2ria no sols els va col\u00b7locar al capdamunt del podi, sin\u00f3 que tamb\u00e9 els permetr\u00e0 empatar amb el\u00a0<span class=\"hiddenSpellError\">RCN<\/span> Val\u00e8ncia a la classificaci\u00f3 general de la Lliga, un duel que promet emocions fins al final.<\/p>\n<p>A la categoria Veterans masculins, la tripulaci\u00f3 del <span class=\"hiddenSpellError\">RCN<\/span>\u00a0D\u00e9nia va aconseguir una merit\u00f2ria segona posici\u00f3 despr\u00e9s de remontar diverses places durant la prova. El triomf va ser per al <strong>Club Esportiu del Mar Clot de l&#039;Illot El Campello<\/strong>. Per altra banda, el <strong>Club Rem Marina D\u00e9nia<\/strong> va finalitzar en sexta posici\u00f3, mantenint un bon nivell competitiu.<\/p>\n<p>Els veterans del Club Rem Marina D\u00e9nia tamb\u00e9 van destacar amb una segona posici\u00f3 a la seva categoria, nom\u00e9s superades pel\u00a0<strong><span class=\"hiddenSpellError\">CN<\/span>\u00a0Benidorm<\/strong> i seguides pel\u00a0<strong><span class=\"hiddenSpellError\">RCN<\/span>\u00a0Torrevella<\/strong>. Cal destacar l&#039;esfor\u00e7 de l&#039;equip del\u00a0<span class=\"hiddenSpellError\">RCN<\/span>\u00a0D\u00e9nia, que va haver de competir amb una tripulaci\u00f3 d&#039;emerg\u00e8ncia formada per alumnes de la\u00a0<span class=\"hiddenSuggestion\">seva<\/span>\u00a0escola, debutants a\u00a0<span class=\"hiddenSuggestion\">aquesta<\/span> disciplina.<\/p>\n<p><script src=\"chrome-extension:\/\/flbolonkboilcbnohjlchlfgdalomdpl\/iFrame.js\" type=\"text\/javascript\"><\/script><\/p>","protected":false},"excerpt":{"rendered":"<p>Este passat diumenge 19 de gener, el Club N\u00e0utic Benidorm va acollir la IV Regata de Lliga Suma de Banc Fix del Mediterrani, una cita en qu\u00e8 les embarcacions del Real Club N\u00e1utico D\u00e9nia (RCN\u00a0D\u00e9nia) van tornar a demostrar el seu gran nivell. La competici\u00f3, celebrada en un escenari privilegiat amb bon temps i mar [&#8230;]<\/p>\n<p><a class=\"btn btn-secondary understrap-read-more-link\" href=\"https:\/\/radiolitoral.com\/ca\/2025\/01\/les-tripulacions-denieres-entre-les-millors-a-la-lliga-suma\/\">Continua llegint&#8230;<span class=\"screen-reader-text\"> from Les tripulacions denieres entre les millors a la Lliga Suma<\/span><\/a><\/p>\n","protected":false},"author":12,"featured_media":14451,"comment_status":"open","ping_status":"closed","sticky":false,"template":"","format":"standard","meta":{"_acf_changed":false,"inline_featured_image":false,"footnotes":""},"categories":[5],"tags":[3349,1049,3350,3348,6,1688,3351,2158,3347,3346],"class_list":["post-14450","post","type-post","status-publish","format-standard","has-post-thumbnail","hentry","category-deportes","tag-club-esportiu-de-mar-clot-de-lillot-el-campello","tag-club-rem-marina-denia","tag-cn-benidorm","tag-cn-santa-pola","tag-deportes","tag-rcn-denia","tag-rcn-torrevieja","tag-real-club-nautico-de-denia","tag-real-club-nautico-valencia","tag-regata-de-lliga-suma-de-banc-fix-del-mediterrani","cobertura-denia"],"acf":[],"yoast_head":"<!-- This site is optimized with the Yoast SEO plugin v27.5 - https:\/\/yoast.com\/product\/yoast-seo-wordpress\/ -->\n<title>Les tripulacions denieres entre les millors a la Lliga Suma | R\u00e0dio Litoral<\/title>\n<meta name=\"description\" content=\"Primer lloc en absolut mascul\u00ed i tercer en veterans per al RCN D\u00e9nia, el CR Marina D\u00e9nia va ser segon en veteranesPrimer lloc en absolut mascul\u00ed i tercer en veterans per al RCN D\u00e9nia, el CR Marina D\u00e9nia va ser segon en veteranes\" \/>\n<meta name=\"robots\" content=\"index, follow, max-snippet:-1, max-image-preview:large, max-video-preview:-1\" \/>\n<link rel=\"canonical\" href=\"https:\/\/radiolitoral.com\/ca\/2025\/01\/les-tripulacions-denieres-entre-les-millors-a-la-lliga-suma\/\" \/>\n<meta property=\"og:locale\" content=\"ca_ES\" \/>\n<meta property=\"og:type\" content=\"article\" \/>\n<meta property=\"og:title\" content=\"Les tripulacions denieres entre les millors a la Lliga Suma | R\u00e0dio Litoral\" \/>\n<meta property=\"og:description\" content=\"Primer lloc en absolut mascul\u00ed i tercer en veterans per al RCN D\u00e9nia, el CR Marina D\u00e9nia va ser segon en veteranesPrimer lloc en absolut mascul\u00ed i tercer en veterans per al RCN D\u00e9nia, el CR Marina D\u00e9nia va ser segon en veteranes\" \/>\n<meta property=\"og:url\" content=\"https:\/\/radiolitoral.com\/ca\/2025\/01\/les-tripulacions-denieres-entre-les-millors-a-la-lliga-suma\/\" \/>\n<meta property=\"og:site_name\" content=\"R\u00e0dio Litoral\" \/>\n<meta property=\"article:publisher\" content=\"https:\/\/www.facebook.com\/Laradiolitoral\/\" \/>\n<meta property=\"article:published_time\" content=\"2025-01-21T09:14:10+00:00\" \/>\n<meta property=\"og:image\" content=\"https:\/\/media.radiolitoral.com\/wp-content\/uploads\/2025\/01\/21101346\/Barco-del-RCN-Denia-en-Benidorm.jpg\" \/>\n\t<meta property=\"og:image:width\" content=\"1024\" \/>\n\t<meta property=\"og:image:height\" content=\"550\" \/>\n\t<meta property=\"og:image:type\" content=\"image\/jpeg\" \/>\n<meta name=\"author\" content=\"Javier Zamora\" \/>\n<meta name=\"twitter:card\" content=\"summary_large_image\" \/>\n<meta name=\"twitter:label1\" content=\"Escrit per\" \/>\n\t<meta name=\"twitter:data1\" content=\"Javier Zamora\" \/>\n\t<meta name=\"twitter:label2\" content=\"Temps estimat de lectura\" \/>\n\t<meta name=\"twitter:data2\" content=\"2 minuts\" \/>\n<script type=\"application\/ld+json\" class=\"yoast-schema-graph\">{\"@context\":\"https:\\\/\\\/schema.org\",\"@graph\":[{\"@type\":\"NewsArticle\",\"@id\":\"https:\\\/\\\/radiolitoral.com\\\/2025\\\/01\\\/les-tripulacions-denieres-entre-les-millors-a-la-lliga-suma\\\/#article\",\"isPartOf\":{\"@id\":\"https:\\\/\\\/radiolitoral.com\\\/2025\\\/01\\\/les-tripulacions-denieres-entre-les-millors-a-la-lliga-suma\\\/\"},\"author\":{\"name\":\"Javier Zamora\",\"@id\":\"https:\\\/\\\/radiolitoral.com\\\/#\\\/schema\\\/person\\\/7b1480b5caeb5acdd4ec6379caf62b22\"},\"headline\":\"Les tripulacions denieres entre les millors a la Lliga Suma\",\"datePublished\":\"2025-01-21T09:14:10+00:00\",\"mainEntityOfPage\":{\"@id\":\"https:\\\/\\\/radiolitoral.com\\\/2025\\\/01\\\/les-tripulacions-denieres-entre-les-millors-a-la-lliga-suma\\\/\"},\"wordCount\":279,\"commentCount\":0,\"publisher\":{\"@id\":\"https:\\\/\\\/radiolitoral.com\\\/#organization\"},\"image\":{\"@id\":\"https:\\\/\\\/radiolitoral.com\\\/2025\\\/01\\\/les-tripulacions-denieres-entre-les-millors-a-la-lliga-suma\\\/#primaryimage\"},\"thumbnailUrl\":\"https:\\\/\\\/media.radiolitoral.com\\\/wp-content\\\/uploads\\\/2025\\\/01\\\/21101346\\\/Barco-del-RCN-Denia-en-Benidorm.jpg\",\"keywords\":[\"Club Esportiu de Mar Clot de l\u2019Illot El Campello\",\"Club Rem Marina D\u00e9nia\",\"CN\u00a0Benidorm\",\"CN Santa Pola\",\"deportes\",\"RCN D\u00e9nia\",\"RCN Torrevieja\",\"Real Club N\u00e1utico de D\u00e9nia\",\"Real Club N\u00e1utico Val\u00e8ncia\",\"Regata de Lliga Suma de Banc Fix del Mediterrani\"],\"articleSection\":[\"Deportes\"],\"inLanguage\":\"ca\",\"potentialAction\":[{\"@type\":\"CommentAction\",\"name\":\"Comment\",\"target\":[\"https:\\\/\\\/radiolitoral.com\\\/2025\\\/01\\\/les-tripulacions-denieres-entre-les-millors-a-la-lliga-suma\\\/#respond\"]}]},{\"@type\":[\"WebPage\",\"ItemPage\"],\"@id\":\"https:\\\/\\\/radiolitoral.com\\\/2025\\\/01\\\/les-tripulacions-denieres-entre-les-millors-a-la-lliga-suma\\\/\",\"url\":\"https:\\\/\\\/radiolitoral.com\\\/2025\\\/01\\\/les-tripulacions-denieres-entre-les-millors-a-la-lliga-suma\\\/\",\"name\":\"Les tripulacions denieres entre les millors a la Lliga Suma | R\u00e0dio Litoral\",\"isPartOf\":{\"@id\":\"https:\\\/\\\/radiolitoral.com\\\/#website\"},\"primaryImageOfPage\":{\"@id\":\"https:\\\/\\\/radiolitoral.com\\\/2025\\\/01\\\/les-tripulacions-denieres-entre-les-millors-a-la-lliga-suma\\\/#primaryimage\"},\"image\":{\"@id\":\"https:\\\/\\\/radiolitoral.com\\\/2025\\\/01\\\/les-tripulacions-denieres-entre-les-millors-a-la-lliga-suma\\\/#primaryimage\"},\"thumbnailUrl\":\"https:\\\/\\\/media.radiolitoral.com\\\/wp-content\\\/uploads\\\/2025\\\/01\\\/21101346\\\/Barco-del-RCN-Denia-en-Benidorm.jpg\",\"datePublished\":\"2025-01-21T09:14:10+00:00\",\"description\":\"Primer lloc en absolut mascul\u00ed i tercer en veterans per al RCN D\u00e9nia, el CR Marina D\u00e9nia va ser segon en veteranesPrimer lloc en absolut mascul\u00ed i tercer en veterans per al RCN D\u00e9nia, el CR Marina D\u00e9nia va ser segon en veteranes\",\"breadcrumb\":{\"@id\":\"https:\\\/\\\/radiolitoral.com\\\/2025\\\/01\\\/les-tripulacions-denieres-entre-les-millors-a-la-lliga-suma\\\/#breadcrumb\"},\"inLanguage\":\"ca\",\"potentialAction\":[{\"@type\":\"ReadAction\",\"target\":[\"https:\\\/\\\/radiolitoral.com\\\/2025\\\/01\\\/les-tripulacions-denieres-entre-les-millors-a-la-lliga-suma\\\/\"]}]},{\"@type\":\"ImageObject\",\"inLanguage\":\"ca\",\"@id\":\"https:\\\/\\\/radiolitoral.com\\\/2025\\\/01\\\/les-tripulacions-denieres-entre-les-millors-a-la-lliga-suma\\\/#primaryimage\",\"url\":\"https:\\\/\\\/media.radiolitoral.com\\\/wp-content\\\/uploads\\\/2025\\\/01\\\/21101346\\\/Barco-del-RCN-Denia-en-Benidorm.jpg\",\"contentUrl\":\"https:\\\/\\\/media.radiolitoral.com\\\/wp-content\\\/uploads\\\/2025\\\/01\\\/21101346\\\/Barco-del-RCN-Denia-en-Benidorm.jpg\",\"width\":1024,\"height\":550},{\"@type\":\"BreadcrumbList\",\"@id\":\"https:\\\/\\\/radiolitoral.com\\\/2025\\\/01\\\/les-tripulacions-denieres-entre-les-millors-a-la-lliga-suma\\\/#breadcrumb\",\"itemListElement\":[{\"@type\":\"ListItem\",\"position\":1,\"name\":\"Portada\",\"item\":\"https:\\\/\\\/radiolitoral.com\\\/\"},{\"@type\":\"ListItem\",\"position\":2,\"name\":\"Les tripulacions denieres entre les millors a la Lliga Suma\"}]},{\"@type\":\"WebSite\",\"@id\":\"https:\\\/\\\/radiolitoral.com\\\/#website\",\"url\":\"https:\\\/\\\/radiolitoral.com\\\/\",\"name\":\"Radio Litoral\",\"description\":\"La radio local de la Marina Alta\",\"publisher\":{\"@id\":\"https:\\\/\\\/radiolitoral.com\\\/#organization\"},\"alternateName\":\"Litoral FM\",\"potentialAction\":[{\"@type\":\"SearchAction\",\"target\":{\"@type\":\"EntryPoint\",\"urlTemplate\":\"https:\\\/\\\/radiolitoral.com\\\/?s={search_term_string}\"},\"query-input\":{\"@type\":\"PropertyValueSpecification\",\"valueRequired\":true,\"valueName\":\"search_term_string\"}}],\"inLanguage\":\"ca\"},{\"@type\":\"Organization\",\"@id\":\"https:\\\/\\\/radiolitoral.com\\\/#organization\",\"name\":\"Radio Litoral\",\"url\":\"https:\\\/\\\/radiolitoral.com\\\/\",\"logo\":{\"@type\":\"ImageObject\",\"inLanguage\":\"ca\",\"@id\":\"https:\\\/\\\/radiolitoral.com\\\/#\\\/schema\\\/logo\\\/image\\\/\",\"url\":\"https:\\\/\\\/media.radiolitoral.com\\\/wp-content\\\/uploads\\\/2023\\\/02\\\/24143238\\\/CL-V-RadioLitoral696.png\",\"contentUrl\":\"https:\\\/\\\/media.radiolitoral.com\\\/wp-content\\\/uploads\\\/2023\\\/02\\\/24143238\\\/CL-V-RadioLitoral696.png\",\"width\":696,\"height\":696,\"caption\":\"Radio Litoral\"},\"image\":{\"@id\":\"https:\\\/\\\/radiolitoral.com\\\/#\\\/schema\\\/logo\\\/image\\\/\"},\"sameAs\":[\"https:\\\/\\\/www.facebook.com\\\/Laradiolitoral\\\/\"]},{\"@type\":\"Person\",\"@id\":\"https:\\\/\\\/radiolitoral.com\\\/#\\\/schema\\\/person\\\/7b1480b5caeb5acdd4ec6379caf62b22\",\"name\":\"Javier Zamora\",\"image\":{\"@type\":\"ImageObject\",\"inLanguage\":\"ca\",\"@id\":\"https:\\\/\\\/secure.gravatar.com\\\/avatar\\\/467a11f6918c7d619c4043fc6fa2d3853053107973f05b6e9c04ea6c4e3a7b3f?s=96&d=mm&r=g\",\"url\":\"https:\\\/\\\/secure.gravatar.com\\\/avatar\\\/467a11f6918c7d619c4043fc6fa2d3853053107973f05b6e9c04ea6c4e3a7b3f?s=96&d=mm&r=g\",\"contentUrl\":\"https:\\\/\\\/secure.gravatar.com\\\/avatar\\\/467a11f6918c7d619c4043fc6fa2d3853053107973f05b6e9c04ea6c4e3a7b3f?s=96&d=mm&r=g\",\"caption\":\"Javier Zamora\"},\"url\":\"https:\\\/\\\/radiolitoral.com\\\/ca\\\/author\\\/javier-zamora\\\/\"}]}<\/script>\n<!-- \/ Yoast SEO plugin. -->","yoast_head_json":{"title":"Les tripulacions denieres entre les millors a la Lliga Suma | R\u00e0dio Litoral","description":"Primer lloc en absolut mascul\u00ed i tercer en veterans per al RCN D\u00e9nia, el CR Marina D\u00e9nia va ser segon en veteransPrimer lloc en absolut mascul\u00ed i tercer en veterans per al RCN D\u00e9nia, el CR Marina D\u00e9nia va ser segon en veterans","robots":{"index":"index","follow":"follow","max-snippet":"max-snippet:-1","max-image-preview":"max-image-preview:large","max-video-preview":"max-video-preview:-1"},"canonical":"https:\/\/radiolitoral.com\/ca\/2025\/01\/les-tripulacions-denieres-entre-les-millors-a-la-lliga-suma\/","og_locale":"ca_ES","og_type":"article","og_title":"Les tripulacions denieres entre les millors a la Lliga Suma | R\u00e0dio Litoral","og_description":"Primer lloc en absolut mascul\u00ed i tercer en veterans per al RCN D\u00e9nia, el CR Marina D\u00e9nia va ser segon en veteranesPrimer lloc en absolut mascul\u00ed i tercer en veterans per al RCN D\u00e9nia, el CR Marina D\u00e9nia va ser segon en veteranes","og_url":"https:\/\/radiolitoral.com\/ca\/2025\/01\/les-tripulacions-denieres-entre-les-millors-a-la-lliga-suma\/","og_site_name":"R\u00e0dio Litoral","article_publisher":"https:\/\/www.facebook.com\/Laradiolitoral\/","article_published_time":"2025-01-21T09:14:10+00:00","og_image":[{"width":1024,"height":550,"url":"https:\/\/media.radiolitoral.com\/wp-content\/uploads\/2025\/01\/21101346\/Barco-del-RCN-Denia-en-Benidorm.jpg","type":"image\/jpeg"}],"author":"Javier Zamora","twitter_card":"summary_large_image","twitter_misc":{"Escrit per":"Javier Zamora","Temps estimat de lectura":"2 minuts"},"schema":{"@context":"https:\/\/schema.org","@graph":[{"@type":"NewsArticle","@id":"https:\/\/radiolitoral.com\/2025\/01\/les-tripulacions-denieres-entre-les-millors-a-la-lliga-suma\/#article","isPartOf":{"@id":"https:\/\/radiolitoral.com\/2025\/01\/les-tripulacions-denieres-entre-les-millors-a-la-lliga-suma\/"},"author":{"name":"Javier Zamora","@id":"https:\/\/radiolitoral.com\/#\/schema\/person\/7b1480b5caeb5acdd4ec6379caf62b22"},"headline":"Les tripulacions denieres entre les millors a la Lliga Suma","datePublished":"2025-01-21T09:14:10+00:00","mainEntityOfPage":{"@id":"https:\/\/radiolitoral.com\/2025\/01\/les-tripulacions-denieres-entre-les-millors-a-la-lliga-suma\/"},"wordCount":279,"commentCount":0,"publisher":{"@id":"https:\/\/radiolitoral.com\/#organization"},"image":{"@id":"https:\/\/radiolitoral.com\/2025\/01\/les-tripulacions-denieres-entre-les-millors-a-la-lliga-suma\/#primaryimage"},"thumbnailUrl":"https:\/\/media.radiolitoral.com\/wp-content\/uploads\/2025\/01\/21101346\/Barco-del-RCN-Denia-en-Benidorm.jpg","keywords":["Club Esportiu de Mar Clot de l\u2019Illot El Campello","Club Rem Marina D\u00e9nia","CN\u00a0Benidorm","CN Santa Pola","deportes","RCN D\u00e9nia","RCN Torrevieja","Real Club N\u00e1utico de D\u00e9nia","Real Club N\u00e1utico Val\u00e8ncia","Regata de Lliga Suma de Banc Fix del Mediterrani"],"articleSection":["Deportes"],"inLanguage":"ca","potentialAction":[{"@type":"CommentAction","name":"Comment","target":["https:\/\/radiolitoral.com\/2025\/01\/les-tripulacions-denieres-entre-les-millors-a-la-lliga-suma\/#respond"]}]},{"@type":["WebPage","ItemPage"],"@id":"https:\/\/radiolitoral.com\/2025\/01\/les-tripulacions-denieres-entre-les-millors-a-la-lliga-suma\/","url":"https:\/\/radiolitoral.com\/2025\/01\/les-tripulacions-denieres-entre-les-millors-a-la-lliga-suma\/","name":"Les tripulacions denieres entre les millors a la Lliga Suma | R\u00e0dio Litoral","isPartOf":{"@id":"https:\/\/radiolitoral.com\/#website"},"primaryImageOfPage":{"@id":"https:\/\/radiolitoral.com\/2025\/01\/les-tripulacions-denieres-entre-les-millors-a-la-lliga-suma\/#primaryimage"},"image":{"@id":"https:\/\/radiolitoral.com\/2025\/01\/les-tripulacions-denieres-entre-les-millors-a-la-lliga-suma\/#primaryimage"},"thumbnailUrl":"https:\/\/media.radiolitoral.com\/wp-content\/uploads\/2025\/01\/21101346\/Barco-del-RCN-Denia-en-Benidorm.jpg","datePublished":"2025-01-21T09:14:10+00:00","description":"Primer lloc en absolut mascul\u00ed i tercer en veterans per al RCN D\u00e9nia, el CR Marina D\u00e9nia va ser segon en veteransPrimer lloc en absolut mascul\u00ed i tercer en veterans per al RCN D\u00e9nia, el CR Marina D\u00e9nia va ser segon en veterans","breadcrumb":{"@id":"https:\/\/radiolitoral.com\/2025\/01\/les-tripulacions-denieres-entre-les-millors-a-la-lliga-suma\/#breadcrumb"},"inLanguage":"ca","potentialAction":[{"@type":"ReadAction","target":["https:\/\/radiolitoral.com\/2025\/01\/les-tripulacions-denieres-entre-les-millors-a-la-lliga-suma\/"]}]},{"@type":"ImageObject","inLanguage":"ca","@id":"https:\/\/radiolitoral.com\/2025\/01\/les-tripulacions-denieres-entre-les-millors-a-la-lliga-suma\/#primaryimage","url":"https:\/\/media.radiolitoral.com\/wp-content\/uploads\/2025\/01\/21101346\/Barco-del-RCN-Denia-en-Benidorm.jpg","contentUrl":"https:\/\/media.radiolitoral.com\/wp-content\/uploads\/2025\/01\/21101346\/Barco-del-RCN-Denia-en-Benidorm.jpg","width":1024,"height":550},{"@type":"BreadcrumbList","@id":"https:\/\/radiolitoral.com\/2025\/01\/les-tripulacions-denieres-entre-les-millors-a-la-lliga-suma\/#breadcrumb","itemListElement":[{"@type":"ListItem","position":1,"name":"Portada","item":"https:\/\/radiolitoral.com\/"},{"@type":"ListItem","position":2,"name":"Les tripulacions denieres entre les millors a la Lliga Suma"}]},{"@type":"WebSite","@id":"https:\/\/radiolitoral.com\/#website","url":"https:\/\/radiolitoral.com\/","name":"R\u00e0dio Litoral","description":"La r\u00e0dio local de la Marina Alta","publisher":{"@id":"https:\/\/radiolitoral.com\/#organization"},"alternateName":"Litoral FM","potentialAction":[{"@type":"SearchAction","target":{"@type":"EntryPoint","urlTemplate":"https:\/\/radiolitoral.com\/?s={search_term_string}"},"query-input":{"@type":"PropertyValueSpecification","valueRequired":true,"valueName":"search_term_string"}}],"inLanguage":"ca"},{"@type":"Organization","@id":"https:\/\/radiolitoral.com\/#organization","name":"R\u00e0dio Litoral","url":"https:\/\/radiolitoral.com\/","logo":{"@type":"ImageObject","inLanguage":"ca","@id":"https:\/\/radiolitoral.com\/#\/schema\/logo\/image\/","url":"https:\/\/media.radiolitoral.com\/wp-content\/uploads\/2023\/02\/24143238\/CL-V-RadioLitoral696.png","contentUrl":"https:\/\/media.radiolitoral.com\/wp-content\/uploads\/2023\/02\/24143238\/CL-V-RadioLitoral696.png","width":696,"height":696,"caption":"Radio Litoral"},"image":{"@id":"https:\/\/radiolitoral.com\/#\/schema\/logo\/image\/"},"sameAs":["https:\/\/www.facebook.com\/Laradiolitoral\/"]},{"@type":"Person","@id":"https:\/\/radiolitoral.com\/#\/schema\/person\/7b1480b5caeb5acdd4ec6379caf62b22","name":"Javier Zamora","image":{"@type":"ImageObject","inLanguage":"ca","@id":"https:\/\/secure.gravatar.com\/avatar\/467a11f6918c7d619c4043fc6fa2d3853053107973f05b6e9c04ea6c4e3a7b3f?s=96&d=mm&r=g","url":"https:\/\/secure.gravatar.com\/avatar\/467a11f6918c7d619c4043fc6fa2d3853053107973f05b6e9c04ea6c4e3a7b3f?s=96&d=mm&r=g","contentUrl":"https:\/\/secure.gravatar.com\/avatar\/467a11f6918c7d619c4043fc6fa2d3853053107973f05b6e9c04ea6c4e3a7b3f?s=96&d=mm&r=g","caption":"Javier Zamora"},"url":"https:\/\/radiolitoral.com\/ca\/author\/javier-zamora\/"}]}},"_links":{"self":[{"href":"https:\/\/radiolitoral.com\/ca\/wp-json\/wp\/v2\/posts\/14450","targetHints":{"allow":["GET"]}}],"collection":[{"href":"https:\/\/radiolitoral.com\/ca\/wp-json\/wp\/v2\/posts"}],"about":[{"href":"https:\/\/radiolitoral.com\/ca\/wp-json\/wp\/v2\/types\/post"}],"author":[{"embeddable":true,"href":"https:\/\/radiolitoral.com\/ca\/wp-json\/wp\/v2\/users\/12"}],"replies":[{"embeddable":true,"href":"https:\/\/radiolitoral.com\/ca\/wp-json\/wp\/v2\/comments?post=14450"}],"version-history":[{"count":2,"href":"https:\/\/radiolitoral.com\/ca\/wp-json\/wp\/v2\/posts\/14450\/revisions"}],"predecessor-version":[{"id":14453,"href":"https:\/\/radiolitoral.com\/ca\/wp-json\/wp\/v2\/posts\/14450\/revisions\/14453"}],"wp:featuredmedia":[{"embeddable":true,"href":"https:\/\/radiolitoral.com\/ca\/wp-json\/wp\/v2\/media\/14451"}],"wp:attachment":[{"href":"https:\/\/radiolitoral.com\/ca\/wp-json\/wp\/v2\/media?parent=14450"}],"wp:term":[{"taxonomy":"category","embeddable":true,"href":"https:\/\/radiolitoral.com\/ca\/wp-json\/wp\/v2\/categories?post=14450"},{"taxonomy":"post_tag","embeddable":true,"href":"https:\/\/radiolitoral.com\/ca\/wp-json\/wp\/v2\/tags?post=14450"}],"curies":[{"name":"wp","href":"https:\/\/api.w.org\/{rel}","templated":true}]}}