{"id":14392,"date":"2025-01-18T08:27:02","date_gmt":"2025-01-18T07:27:02","guid":{"rendered":"https:\/\/radiolitoral.com\/?p=14392"},"modified":"2025-01-18T08:27:02","modified_gmt":"2025-01-18T07:27:02","slug":"el-cd-denia-vol-comencar-be-la-2a-volta-de-la-lliga","status":"publish","type":"post","link":"https:\/\/radiolitoral.com\/ca\/2025\/01\/el-cd-denia-vol-comencar-be-la-2a-volta-de-la-lliga\/","title":{"rendered":"El CD D\u00e9nia vol comen\u00e7ar b\u00e9 la 2a volta de la lliga"},"content":{"rendered":"<p>El <strong>CD D\u00e9nia<\/strong>, dirigit per\u00a0<strong><span class=\"hiddenSpellError\">Juanjo<\/span>\u00a0Antol\u00ed<\/strong>, a dalt al duel de <strong>dissabte<\/strong> amb la necessitat urgent de recuperar sensacions despr\u00e9s de dos derrotas consecutives. El partit davant <strong>CD Ol\u00edmpic X\u00e0tiva<\/strong> \u00e9s disputar\u00e0 al <strong>camp Diego Mena a les 19 hores<\/strong>, amb l&#039;arbitratge de <strong>L\u00f3pez Toral<\/strong>.<\/p>\n<p>Els deniers han mostrat clares car\u00e8ncies ofensives durant la primera part del campionat, amb nom\u00e9s 15 gols marcats, una de les xifres m\u00e9s baixes de la categoria. Per aix\u00f2, es preveuen canvis a l&#039;onze inicial per intentar revertir\u00a0<span class=\"hiddenSuggestion\">aquesta<\/span>\u00a0situaci\u00f3.<\/p>\n<p>El rival, el CD Ol\u00edmpic X\u00e0tiva, es presenta com un conjunt perill\u00f3s que no perd des de l&#039;1 de desembre, quan la\u00a0<strong><span class=\"hiddenSpellError\">UD<\/span>\u00a0<span class=\"hiddenSpellError\">Calp<\/span><\/strong>\u00a0el va superar al seu propi camp.<\/p>\n<p><script src=\"chrome-extension:\/\/flbolonkboilcbnohjlchlfgdalomdpl\/iFrame.js\" type=\"text\/javascript\"><\/script><\/p>\n<p><script src=\"chrome-extension:\/\/flbolonkboilcbnohjlchlfgdalomdpl\/iFrame.js\" type=\"text\/javascript\"><\/script><\/p>\n<p><script src=\"chrome-extension:\/\/flbolonkboilcbnohjlchlfgdalomdpl\/iFrame.js\" type=\"text\/javascript\"><\/script><\/p>","protected":false},"excerpt":{"rendered":"<p>El CD D\u00e9nia, dirigit per\u00a0Juanjo\u00a0Antol\u00ed, arriba al duel de dissabte amb la necessitat urgent de recuperar sensacions despr\u00e9s de dos derrotes consecutives. El partit davant CD Ol\u00edmpic X\u00e0tiva es disputar\u00e0 al camp Diego Mena a les 19 hores, amb l\u2019arbitratge de L\u00f3pez Toral. Els deniers\u00a0han mostrat clares mancances ofensives durant la primera part del campionat, [&#8230;]<\/p>\n<p><a class=\"btn btn-secondary understrap-read-more-link\" href=\"https:\/\/radiolitoral.com\/ca\/2025\/01\/el-cd-denia-vol-comencar-be-la-2a-volta-de-la-lliga\/\">Continua llegint&#8230;<span class=\"screen-reader-text\"> from El CD D\u00e9nia vol comen\u00e7ar b\u00e9 la 2a volta de la lliga<\/span><\/a><\/p>\n","protected":false},"author":12,"featured_media":14393,"comment_status":"open","ping_status":"closed","sticky":false,"template":"","format":"standard","meta":{"_acf_changed":false,"inline_featured_image":false,"footnotes":""},"categories":[5],"tags":[2714,893,1256,6,895,889],"class_list":["post-14392","post","type-post","status-publish","format-standard","has-post-thumbnail","hentry","category-deportes","tag-camp-diego-mena","tag-cd-denia","tag-cd-olimpic-xativa","tag-deportes","tag-juanjo-antoli","tag-ud-calpe","cobertura-denia"],"acf":[],"yoast_head":"<!-- This site is optimized with the Yoast SEO plugin v27.5 - https:\/\/yoast.com\/product\/yoast-seo-wordpress\/ -->\n<title>El CD D\u00e9nia vol comen\u00e7ar b\u00e9 la 2a volta de la lliga | R\u00e0dio Litoral<\/title>\n<meta name=\"description\" content=\"Despr\u00e9s de la derrota a Rojales s&#039;esperen canvis en l&#039;onze del combinat que entrena Juanjo Antol\u00ed Despr\u00e9s de la derrota a Rojales s&#039;esperen canvis en l&#039;onze del combinat que entrena Juanjo Antol\u00ed\" \/>\n<meta name=\"robots\" content=\"index, follow, max-snippet:-1, max-image-preview:large, max-video-preview:-1\" \/>\n<link rel=\"canonical\" href=\"https:\/\/radiolitoral.com\/ca\/2025\/01\/el-cd-denia-vol-comencar-be-la-2a-volta-de-la-lliga\/\" \/>\n<meta property=\"og:locale\" content=\"ca_ES\" \/>\n<meta property=\"og:type\" content=\"article\" \/>\n<meta property=\"og:title\" content=\"El CD D\u00e9nia vol comen\u00e7ar b\u00e9 la 2a volta de la lliga | R\u00e0dio Litoral\" \/>\n<meta property=\"og:description\" content=\"Despr\u00e9s de la derrota a Rojales s&#039;esperen canvis en l&#039;onze del combinat que entrena Juanjo Antol\u00ed Despr\u00e9s de la derrota a Rojales s&#039;esperen canvis en l&#039;onze del combinat que entrena Juanjo Antol\u00ed\" \/>\n<meta property=\"og:url\" content=\"https:\/\/radiolitoral.com\/ca\/2025\/01\/el-cd-denia-vol-comencar-be-la-2a-volta-de-la-lliga\/\" \/>\n<meta property=\"og:site_name\" content=\"R\u00e0dio Litoral\" \/>\n<meta property=\"article:publisher\" content=\"https:\/\/www.facebook.com\/Laradiolitoral\/\" \/>\n<meta property=\"article:published_time\" content=\"2025-01-18T07:27:02+00:00\" \/>\n<meta property=\"og:image\" content=\"https:\/\/media.radiolitoral.com\/wp-content\/uploads\/2025\/01\/17120542\/DSC_0529-scaled.jpg\" \/>\n\t<meta property=\"og:image:width\" content=\"2560\" \/>\n\t<meta property=\"og:image:height\" content=\"1707\" \/>\n\t<meta property=\"og:image:type\" content=\"image\/jpeg\" \/>\n<meta name=\"author\" content=\"Javier Zamora\" \/>\n<meta name=\"twitter:card\" content=\"summary_large_image\" \/>\n<meta name=\"twitter:label1\" content=\"Escrit per\" \/>\n\t<meta name=\"twitter:data1\" content=\"Javier Zamora\" \/>\n\t<meta name=\"twitter:label2\" content=\"Temps estimat de lectura\" \/>\n\t<meta name=\"twitter:data2\" content=\"1 minut\" \/>\n<script type=\"application\/ld+json\" class=\"yoast-schema-graph\">{\"@context\":\"https:\\\/\\\/schema.org\",\"@graph\":[{\"@type\":\"NewsArticle\",\"@id\":\"https:\\\/\\\/radiolitoral.com\\\/2025\\\/01\\\/el-cd-denia-vol-comencar-be-la-2a-volta-de-la-lliga\\\/#article\",\"isPartOf\":{\"@id\":\"https:\\\/\\\/radiolitoral.com\\\/2025\\\/01\\\/el-cd-denia-vol-comencar-be-la-2a-volta-de-la-lliga\\\/\"},\"author\":{\"name\":\"Javier Zamora\",\"@id\":\"https:\\\/\\\/radiolitoral.com\\\/#\\\/schema\\\/person\\\/7b1480b5caeb5acdd4ec6379caf62b22\"},\"headline\":\"El CD D\u00e9nia vol comen\u00e7ar b\u00e9 la 2a volta de la lliga\",\"datePublished\":\"2025-01-18T07:27:02+00:00\",\"mainEntityOfPage\":{\"@id\":\"https:\\\/\\\/radiolitoral.com\\\/2025\\\/01\\\/el-cd-denia-vol-comencar-be-la-2a-volta-de-la-lliga\\\/\"},\"wordCount\":141,\"commentCount\":0,\"publisher\":{\"@id\":\"https:\\\/\\\/radiolitoral.com\\\/#organization\"},\"image\":{\"@id\":\"https:\\\/\\\/radiolitoral.com\\\/2025\\\/01\\\/el-cd-denia-vol-comencar-be-la-2a-volta-de-la-lliga\\\/#primaryimage\"},\"thumbnailUrl\":\"https:\\\/\\\/media.radiolitoral.com\\\/wp-content\\\/uploads\\\/2025\\\/01\\\/17120542\\\/DSC_0529-scaled.jpg\",\"keywords\":[\"camp Diego Mena\",\"CD D\u00e9nia\",\"CD Ol\u00edmpic X\u00e0tiva\",\"deportes\",\"Juanjo Antol\u00ed.\",\"UD Calpe\"],\"articleSection\":[\"Deportes\"],\"inLanguage\":\"ca\",\"potentialAction\":[{\"@type\":\"CommentAction\",\"name\":\"Comment\",\"target\":[\"https:\\\/\\\/radiolitoral.com\\\/2025\\\/01\\\/el-cd-denia-vol-comencar-be-la-2a-volta-de-la-lliga\\\/#respond\"]}]},{\"@type\":[\"WebPage\",\"ItemPage\"],\"@id\":\"https:\\\/\\\/radiolitoral.com\\\/2025\\\/01\\\/el-cd-denia-vol-comencar-be-la-2a-volta-de-la-lliga\\\/\",\"url\":\"https:\\\/\\\/radiolitoral.com\\\/2025\\\/01\\\/el-cd-denia-vol-comencar-be-la-2a-volta-de-la-lliga\\\/\",\"name\":\"El CD D\u00e9nia vol comen\u00e7ar b\u00e9 la 2a volta de la lliga | R\u00e0dio Litoral\",\"isPartOf\":{\"@id\":\"https:\\\/\\\/radiolitoral.com\\\/#website\"},\"primaryImageOfPage\":{\"@id\":\"https:\\\/\\\/radiolitoral.com\\\/2025\\\/01\\\/el-cd-denia-vol-comencar-be-la-2a-volta-de-la-lliga\\\/#primaryimage\"},\"image\":{\"@id\":\"https:\\\/\\\/radiolitoral.com\\\/2025\\\/01\\\/el-cd-denia-vol-comencar-be-la-2a-volta-de-la-lliga\\\/#primaryimage\"},\"thumbnailUrl\":\"https:\\\/\\\/media.radiolitoral.com\\\/wp-content\\\/uploads\\\/2025\\\/01\\\/17120542\\\/DSC_0529-scaled.jpg\",\"datePublished\":\"2025-01-18T07:27:02+00:00\",\"description\":\"Despr\u00e9s de la derrota a Rojales s'esperen canvis en l'onze del combinat que entrena Juanjo Antol\u00ed Despr\u00e9s de la derrota a Rojales s'esperen canvis en l'onze del combinat que entrena Juanjo Antol\u00ed\",\"breadcrumb\":{\"@id\":\"https:\\\/\\\/radiolitoral.com\\\/2025\\\/01\\\/el-cd-denia-vol-comencar-be-la-2a-volta-de-la-lliga\\\/#breadcrumb\"},\"inLanguage\":\"ca\",\"potentialAction\":[{\"@type\":\"ReadAction\",\"target\":[\"https:\\\/\\\/radiolitoral.com\\\/2025\\\/01\\\/el-cd-denia-vol-comencar-be-la-2a-volta-de-la-lliga\\\/\"]}]},{\"@type\":\"ImageObject\",\"inLanguage\":\"ca\",\"@id\":\"https:\\\/\\\/radiolitoral.com\\\/2025\\\/01\\\/el-cd-denia-vol-comencar-be-la-2a-volta-de-la-lliga\\\/#primaryimage\",\"url\":\"https:\\\/\\\/media.radiolitoral.com\\\/wp-content\\\/uploads\\\/2025\\\/01\\\/17120542\\\/DSC_0529-scaled.jpg\",\"contentUrl\":\"https:\\\/\\\/media.radiolitoral.com\\\/wp-content\\\/uploads\\\/2025\\\/01\\\/17120542\\\/DSC_0529-scaled.jpg\",\"width\":2560,\"height\":1707},{\"@type\":\"BreadcrumbList\",\"@id\":\"https:\\\/\\\/radiolitoral.com\\\/2025\\\/01\\\/el-cd-denia-vol-comencar-be-la-2a-volta-de-la-lliga\\\/#breadcrumb\",\"itemListElement\":[{\"@type\":\"ListItem\",\"position\":1,\"name\":\"Portada\",\"item\":\"https:\\\/\\\/radiolitoral.com\\\/\"},{\"@type\":\"ListItem\",\"position\":2,\"name\":\"El CD D\u00e9nia vol comen\u00e7ar b\u00e9 la 2a volta de la lliga\"}]},{\"@type\":\"WebSite\",\"@id\":\"https:\\\/\\\/radiolitoral.com\\\/#website\",\"url\":\"https:\\\/\\\/radiolitoral.com\\\/\",\"name\":\"Radio Litoral\",\"description\":\"La radio local de la Marina Alta\",\"publisher\":{\"@id\":\"https:\\\/\\\/radiolitoral.com\\\/#organization\"},\"alternateName\":\"Litoral FM\",\"potentialAction\":[{\"@type\":\"SearchAction\",\"target\":{\"@type\":\"EntryPoint\",\"urlTemplate\":\"https:\\\/\\\/radiolitoral.com\\\/?s={search_term_string}\"},\"query-input\":{\"@type\":\"PropertyValueSpecification\",\"valueRequired\":true,\"valueName\":\"search_term_string\"}}],\"inLanguage\":\"ca\"},{\"@type\":\"Organization\",\"@id\":\"https:\\\/\\\/radiolitoral.com\\\/#organization\",\"name\":\"Radio Litoral\",\"url\":\"https:\\\/\\\/radiolitoral.com\\\/\",\"logo\":{\"@type\":\"ImageObject\",\"inLanguage\":\"ca\",\"@id\":\"https:\\\/\\\/radiolitoral.com\\\/#\\\/schema\\\/logo\\\/image\\\/\",\"url\":\"https:\\\/\\\/media.radiolitoral.com\\\/wp-content\\\/uploads\\\/2023\\\/02\\\/24143238\\\/CL-V-RadioLitoral696.png\",\"contentUrl\":\"https:\\\/\\\/media.radiolitoral.com\\\/wp-content\\\/uploads\\\/2023\\\/02\\\/24143238\\\/CL-V-RadioLitoral696.png\",\"width\":696,\"height\":696,\"caption\":\"Radio Litoral\"},\"image\":{\"@id\":\"https:\\\/\\\/radiolitoral.com\\\/#\\\/schema\\\/logo\\\/image\\\/\"},\"sameAs\":[\"https:\\\/\\\/www.facebook.com\\\/Laradiolitoral\\\/\"]},{\"@type\":\"Person\",\"@id\":\"https:\\\/\\\/radiolitoral.com\\\/#\\\/schema\\\/person\\\/7b1480b5caeb5acdd4ec6379caf62b22\",\"name\":\"Javier Zamora\",\"image\":{\"@type\":\"ImageObject\",\"inLanguage\":\"ca\",\"@id\":\"https:\\\/\\\/secure.gravatar.com\\\/avatar\\\/467a11f6918c7d619c4043fc6fa2d3853053107973f05b6e9c04ea6c4e3a7b3f?s=96&d=mm&r=g\",\"url\":\"https:\\\/\\\/secure.gravatar.com\\\/avatar\\\/467a11f6918c7d619c4043fc6fa2d3853053107973f05b6e9c04ea6c4e3a7b3f?s=96&d=mm&r=g\",\"contentUrl\":\"https:\\\/\\\/secure.gravatar.com\\\/avatar\\\/467a11f6918c7d619c4043fc6fa2d3853053107973f05b6e9c04ea6c4e3a7b3f?s=96&d=mm&r=g\",\"caption\":\"Javier Zamora\"},\"url\":\"https:\\\/\\\/radiolitoral.com\\\/ca\\\/author\\\/javier-zamora\\\/\"}]}<\/script>\n<!-- \/ Yoast SEO plugin. -->","yoast_head_json":{"title":"El CD D\u00e9nia vol comen\u00e7ar b\u00e9 la 2a volta de la lliga | R\u00e0dio Litoral","description":"Despr\u00e9s de la derrota a Rojals s&#039;esperin canvis a l&#039;onze del combinat que entrena Juanjo Antol\u00ed Despr\u00e9s de la derrota a Rojals s&#039;esperin canvis a l&#039;onze del combinat que entrena Juanjo Antol\u00ed","robots":{"index":"index","follow":"follow","max-snippet":"max-snippet:-1","max-image-preview":"max-image-preview:large","max-video-preview":"max-video-preview:-1"},"canonical":"https:\/\/radiolitoral.com\/ca\/2025\/01\/el-cd-denia-vol-comencar-be-la-2a-volta-de-la-lliga\/","og_locale":"ca_ES","og_type":"article","og_title":"El CD D\u00e9nia vol comen\u00e7ar b\u00e9 la 2a volta de la lliga | R\u00e0dio Litoral","og_description":"Despr\u00e9s de la derrota a Rojales s'esperen canvis en l'onze del combinat que entrena Juanjo Antol\u00ed Despr\u00e9s de la derrota a Rojales s'esperen canvis en l'onze del combinat que entrena Juanjo Antol\u00ed","og_url":"https:\/\/radiolitoral.com\/ca\/2025\/01\/el-cd-denia-vol-comencar-be-la-2a-volta-de-la-lliga\/","og_site_name":"R\u00e0dio Litoral","article_publisher":"https:\/\/www.facebook.com\/Laradiolitoral\/","article_published_time":"2025-01-18T07:27:02+00:00","og_image":[{"width":2560,"height":1707,"url":"https:\/\/media.radiolitoral.com\/wp-content\/uploads\/2025\/01\/17120542\/DSC_0529-scaled.jpg","type":"image\/jpeg"}],"author":"Javier Zamora","twitter_card":"summary_large_image","twitter_misc":{"Escrit per":"Javier Zamora","Temps estimat de lectura":"1 minut"},"schema":{"@context":"https:\/\/schema.org","@graph":[{"@type":"NewsArticle","@id":"https:\/\/radiolitoral.com\/2025\/01\/el-cd-denia-vol-comencar-be-la-2a-volta-de-la-lliga\/#article","isPartOf":{"@id":"https:\/\/radiolitoral.com\/2025\/01\/el-cd-denia-vol-comencar-be-la-2a-volta-de-la-lliga\/"},"author":{"name":"Javier Zamora","@id":"https:\/\/radiolitoral.com\/#\/schema\/person\/7b1480b5caeb5acdd4ec6379caf62b22"},"headline":"El CD D\u00e9nia vol comen\u00e7ar b\u00e9 la 2a volta de la lliga","datePublished":"2025-01-18T07:27:02+00:00","mainEntityOfPage":{"@id":"https:\/\/radiolitoral.com\/2025\/01\/el-cd-denia-vol-comencar-be-la-2a-volta-de-la-lliga\/"},"wordCount":141,"commentCount":0,"publisher":{"@id":"https:\/\/radiolitoral.com\/#organization"},"image":{"@id":"https:\/\/radiolitoral.com\/2025\/01\/el-cd-denia-vol-comencar-be-la-2a-volta-de-la-lliga\/#primaryimage"},"thumbnailUrl":"https:\/\/media.radiolitoral.com\/wp-content\/uploads\/2025\/01\/17120542\/DSC_0529-scaled.jpg","keywords":["camp Diego Mena","CD D\u00e9nia","CD Ol\u00edmpic X\u00e0tiva","deportes","Juanjo Antol\u00ed.","UD Calpe"],"articleSection":["Deportes"],"inLanguage":"ca","potentialAction":[{"@type":"CommentAction","name":"Comment","target":["https:\/\/radiolitoral.com\/2025\/01\/el-cd-denia-vol-comencar-be-la-2a-volta-de-la-lliga\/#respond"]}]},{"@type":["WebPage","ItemPage"],"@id":"https:\/\/radiolitoral.com\/2025\/01\/el-cd-denia-vol-comencar-be-la-2a-volta-de-la-lliga\/","url":"https:\/\/radiolitoral.com\/2025\/01\/el-cd-denia-vol-comencar-be-la-2a-volta-de-la-lliga\/","name":"El CD D\u00e9nia vol comen\u00e7ar b\u00e9 la 2a volta de la lliga | R\u00e0dio Litoral","isPartOf":{"@id":"https:\/\/radiolitoral.com\/#website"},"primaryImageOfPage":{"@id":"https:\/\/radiolitoral.com\/2025\/01\/el-cd-denia-vol-comencar-be-la-2a-volta-de-la-lliga\/#primaryimage"},"image":{"@id":"https:\/\/radiolitoral.com\/2025\/01\/el-cd-denia-vol-comencar-be-la-2a-volta-de-la-lliga\/#primaryimage"},"thumbnailUrl":"https:\/\/media.radiolitoral.com\/wp-content\/uploads\/2025\/01\/17120542\/DSC_0529-scaled.jpg","datePublished":"2025-01-18T07:27:02+00:00","description":"Despr\u00e9s de la derrota a Rojals s&#039;esperin canvis a l&#039;onze del combinat que entrena Juanjo Antol\u00ed Despr\u00e9s de la derrota a Rojals s&#039;esperin canvis a l&#039;onze del combinat que entrena Juanjo Antol\u00ed","breadcrumb":{"@id":"https:\/\/radiolitoral.com\/2025\/01\/el-cd-denia-vol-comencar-be-la-2a-volta-de-la-lliga\/#breadcrumb"},"inLanguage":"ca","potentialAction":[{"@type":"ReadAction","target":["https:\/\/radiolitoral.com\/2025\/01\/el-cd-denia-vol-comencar-be-la-2a-volta-de-la-lliga\/"]}]},{"@type":"ImageObject","inLanguage":"ca","@id":"https:\/\/radiolitoral.com\/2025\/01\/el-cd-denia-vol-comencar-be-la-2a-volta-de-la-lliga\/#primaryimage","url":"https:\/\/media.radiolitoral.com\/wp-content\/uploads\/2025\/01\/17120542\/DSC_0529-scaled.jpg","contentUrl":"https:\/\/media.radiolitoral.com\/wp-content\/uploads\/2025\/01\/17120542\/DSC_0529-scaled.jpg","width":2560,"height":1707},{"@type":"BreadcrumbList","@id":"https:\/\/radiolitoral.com\/2025\/01\/el-cd-denia-vol-comencar-be-la-2a-volta-de-la-lliga\/#breadcrumb","itemListElement":[{"@type":"ListItem","position":1,"name":"Portada","item":"https:\/\/radiolitoral.com\/"},{"@type":"ListItem","position":2,"name":"El CD D\u00e9nia vol comen\u00e7ar b\u00e9 la 2a volta de la lliga"}]},{"@type":"WebSite","@id":"https:\/\/radiolitoral.com\/#website","url":"https:\/\/radiolitoral.com\/","name":"R\u00e0dio Litoral","description":"La r\u00e0dio local de la Marina Alta","publisher":{"@id":"https:\/\/radiolitoral.com\/#organization"},"alternateName":"Litoral FM","potentialAction":[{"@type":"SearchAction","target":{"@type":"EntryPoint","urlTemplate":"https:\/\/radiolitoral.com\/?s={search_term_string}"},"query-input":{"@type":"PropertyValueSpecification","valueRequired":true,"valueName":"search_term_string"}}],"inLanguage":"ca"},{"@type":"Organization","@id":"https:\/\/radiolitoral.com\/#organization","name":"R\u00e0dio Litoral","url":"https:\/\/radiolitoral.com\/","logo":{"@type":"ImageObject","inLanguage":"ca","@id":"https:\/\/radiolitoral.com\/#\/schema\/logo\/image\/","url":"https:\/\/media.radiolitoral.com\/wp-content\/uploads\/2023\/02\/24143238\/CL-V-RadioLitoral696.png","contentUrl":"https:\/\/media.radiolitoral.com\/wp-content\/uploads\/2023\/02\/24143238\/CL-V-RadioLitoral696.png","width":696,"height":696,"caption":"Radio Litoral"},"image":{"@id":"https:\/\/radiolitoral.com\/#\/schema\/logo\/image\/"},"sameAs":["https:\/\/www.facebook.com\/Laradiolitoral\/"]},{"@type":"Person","@id":"https:\/\/radiolitoral.com\/#\/schema\/person\/7b1480b5caeb5acdd4ec6379caf62b22","name":"Javier Zamora","image":{"@type":"ImageObject","inLanguage":"ca","@id":"https:\/\/secure.gravatar.com\/avatar\/467a11f6918c7d619c4043fc6fa2d3853053107973f05b6e9c04ea6c4e3a7b3f?s=96&d=mm&r=g","url":"https:\/\/secure.gravatar.com\/avatar\/467a11f6918c7d619c4043fc6fa2d3853053107973f05b6e9c04ea6c4e3a7b3f?s=96&d=mm&r=g","contentUrl":"https:\/\/secure.gravatar.com\/avatar\/467a11f6918c7d619c4043fc6fa2d3853053107973f05b6e9c04ea6c4e3a7b3f?s=96&d=mm&r=g","caption":"Javier Zamora"},"url":"https:\/\/radiolitoral.com\/ca\/author\/javier-zamora\/"}]}},"_links":{"self":[{"href":"https:\/\/radiolitoral.com\/ca\/wp-json\/wp\/v2\/posts\/14392","targetHints":{"allow":["GET"]}}],"collection":[{"href":"https:\/\/radiolitoral.com\/ca\/wp-json\/wp\/v2\/posts"}],"about":[{"href":"https:\/\/radiolitoral.com\/ca\/wp-json\/wp\/v2\/types\/post"}],"author":[{"embeddable":true,"href":"https:\/\/radiolitoral.com\/ca\/wp-json\/wp\/v2\/users\/12"}],"replies":[{"embeddable":true,"href":"https:\/\/radiolitoral.com\/ca\/wp-json\/wp\/v2\/comments?post=14392"}],"version-history":[{"count":3,"href":"https:\/\/radiolitoral.com\/ca\/wp-json\/wp\/v2\/posts\/14392\/revisions"}],"predecessor-version":[{"id":14417,"href":"https:\/\/radiolitoral.com\/ca\/wp-json\/wp\/v2\/posts\/14392\/revisions\/14417"}],"wp:featuredmedia":[{"embeddable":true,"href":"https:\/\/radiolitoral.com\/ca\/wp-json\/wp\/v2\/media\/14393"}],"wp:attachment":[{"href":"https:\/\/radiolitoral.com\/ca\/wp-json\/wp\/v2\/media?parent=14392"}],"wp:term":[{"taxonomy":"category","embeddable":true,"href":"https:\/\/radiolitoral.com\/ca\/wp-json\/wp\/v2\/categories?post=14392"},{"taxonomy":"post_tag","embeddable":true,"href":"https:\/\/radiolitoral.com\/ca\/wp-json\/wp\/v2\/tags?post=14392"}],"curies":[{"name":"wp","href":"https:\/\/api.w.org\/{rel}","templated":true}]}}