{"id":14355,"date":"2025-01-16T12:48:52","date_gmt":"2025-01-16T11:48:52","guid":{"rendered":"https:\/\/radiolitoral.com\/?p=14355"},"modified":"2025-01-16T12:48:52","modified_gmt":"2025-01-16T11:48:52","slug":"naix-benissa-a-curt-el-festival-de-cinema-que-posa-benissa-al-mapa-cinematografic","status":"publish","type":"post","link":"https:\/\/radiolitoral.com\/ca\/2025\/01\/naix-benissa-en-curt-el-festival-de-cinema-que-posa-benissa-en-el-mapa-cinematografic\/","title":{"rendered":"Naix Benissa a Curt, el Festival de Cinema que posa Benissa al mapa cinematogr\u00e0fic"},"content":{"rendered":"<p>El municipi de <strong>Benissa<\/strong> \u00e9s prepara per <strong>convertir-se en un referent del set\u00e8 art<\/strong> amb el naixement del<strong> festival Benissa a Curt<\/strong>, una iniciativa que ja genera gran expectaci\u00f3.<\/p>\n<p>Liderat per<strong> Pedro Font, figura destacada amb m\u00e9s de 25 anys al capdavant del cinema municipal<\/strong> i<strong> m\u00e9s de 50 col\u00b7laboracions<\/strong> en projectes audiovisuals, <span class=\"hiddenSuggestion\">aquest<\/span> projecte promet donar un impuls cultural sense precedents a la comarca.<\/p>\n<p>Per a <span class=\"hiddenSuggestion\">aquesta<\/span> aventura, Font compta amb dos grans aliats: <span class=\"hiddenSpellError\">Maria<\/span> Mes i <span class=\"hiddenSpellError\">Ra\u00fal<\/span> Mart\u00ednez. <span class=\"hiddenSpellError\">Maria Mas<\/span>, coneguda i estimada actriu de Benissa, aporta la seva experi\u00e8ncia teatral i cinematogr\u00e0fica a <span class=\"hiddenSuggestion\">aquest<\/span> ambicioso projecte. Per part seva, <span class=\"hiddenSpellError\">Ra\u00fal<\/span> Mart\u00ednez, locutor de r\u00e0dio i guionista del guardonat curtmetratge \u00ab<span class=\"hiddenSpellError\">D\u00e9u<\/span> <span class=\"hiddenGrammarError\">et Salvi<\/span> <span class=\"hiddenSpellError\">Maria<\/span>\u00ab, afronta un nou repte amb el seu proper projecte, \u00ab<span class=\"hiddenSpellError\">Cicatrius<\/span>\u00ab, que es comen\u00e7ar\u00e0 a rodar en breu.<\/p>\n<h3>Un festival amb el suport de grans figures del cinema espanyol<\/h3>\n<p>El festival ja <strong>s&#039;est\u00e0 promocionant intensament a les xarxes socials<\/strong>, comptant amb el suport de reconeguts actors, actrius i directors del cinema espanyol. La resposta ha estat aclaparadora: en nom\u00e9s 7 dies, <strong>m\u00e9s de 100 curtmetratges han estat enviats<\/strong> per participar a <span class=\"hiddenSuggestion\">aquesta<\/span> primera edici\u00f3.<\/p>\n<p><span class=\"hiddenSuggestion\">Aquest<\/span> projecte, <strong>presentat a l&#039;Ajuntament de Benissa, ha despertat l&#039;inter\u00e8s de les autoritats locals<\/strong>, que s&#039;han mostrat disposades a donar suport i col\u00b7laborar per garantir l&#039;\u00e8xit del festival.<\/p>\n<p>La <strong>primera setmana de setembre<\/strong>, Benissa es transformar\u00e0 en un escenari cultural de primer nivell, acollint figures destacades del cinema espanyol i convertint-se en una parada obligada per als amants dels curtmetratges i del set\u00e8 art. Benissa a Curt no \u00e9s nom\u00e9s un festival, \u00e9s una declaraci\u00f3 d&#039;intencions que situa la localitat al centre del panorama cinematogr\u00e0fic.<\/p>","protected":false},"excerpt":{"rendered":"<p>El municipi de Benissa es prepara per a convertir-se en un referent del set\u00e9 art amb el naixement del festival \u00abBenissa en Curt\u00bb, una iniciativa que ja genera gran expectaci\u00f3. Liderat per Pedro Font, figura destacada amb m\u00e9s de 25 anys al capdavant del cinema municipal i m\u00e9s de 50 col\u00b7laboracions en projectes audiovisuals, aquest [&#8230;]<\/p>\n<p><a class=\"btn btn-secondary understrap-read-more-link\" href=\"https:\/\/radiolitoral.com\/ca\/2025\/01\/naix-benissa-en-curt-el-festival-de-cinema-que-posa-benissa-en-el-mapa-cinematografic\/\">Continua llegint&#8230;<span class=\"screen-reader-text\"> from Naix \u00abBenissa en Curt\u00bb, el Festival de Cinema que posa Benissa en el mapa cinematogr\u00e0fic<\/span><\/a><\/p>\n","protected":false},"author":13,"featured_media":14356,"comment_status":"open","ping_status":"closed","sticky":false,"template":"","format":"standard","meta":{"_acf_changed":false,"inline_featured_image":false,"footnotes":""},"categories":[628],"tags":[126,3302,3304,3306,3310,3305,3307,3309,3303,3311,3308],"class_list":["post-14355","post","type-post","status-publish","format-standard","has-post-thumbnail","hentry","category-cine","tag-benissa","tag-benissa-en-corto","tag-cine-en-benissa","tag-cine-espanol","tag-cine-municipal-de-benissa","tag-cortometrajes","tag-cortometrajes-espanoles","tag-cultura-en-benissa","tag-festival-de-cine-de-benissa","tag-festivales-de-cortometrajes","tag-septimo-arte","cobertura-benissa"],"acf":[],"yoast_head":"<!-- This site is optimized with the Yoast SEO plugin v27.5 - https:\/\/yoast.com\/product\/yoast-seo-wordpress\/ -->\n<title>Naix &quot;Benissa en Curt&quot;, el Festival de Cinema que posa Benissa en el mapa cinematogr\u00e0fic | R\u00e0dio Litoral<\/title>\n<meta name=\"description\" content=\"Un nou festival de curtmetratges amb el suport dels millors del cinema espanyol Un nou festival de curtmetratges amb el suport dels millors del cinema espanyol\" \/>\n<meta name=\"robots\" content=\"index, follow, max-snippet:-1, max-image-preview:large, max-video-preview:-1\" \/>\n<link rel=\"canonical\" href=\"https:\/\/radiolitoral.com\/ca\/2025\/01\/naix-benissa-a-curt-el-festival-de-cinema-que-posa-benissa-al-mapa-cinematografic\/\" \/>\n<meta property=\"og:locale\" content=\"ca_ES\" \/>\n<meta property=\"og:type\" content=\"article\" \/>\n<meta property=\"og:title\" content=\"Naix &quot;Benissa en Curt&quot;, el Festival de Cinema que posa Benissa en el mapa cinematogr\u00e0fic | R\u00e0dio Litoral\" \/>\n<meta property=\"og:description\" content=\"Un nou festival de curtmetratges amb el suport dels millors del cinema espanyol Un nou festival de curtmetratges amb el suport dels millors del cinema espanyol\" \/>\n<meta property=\"og:url\" content=\"https:\/\/radiolitoral.com\/ca\/2025\/01\/naix-benissa-a-curt-el-festival-de-cinema-que-posa-benissa-al-mapa-cinematografic\/\" \/>\n<meta property=\"og:site_name\" content=\"R\u00e0dio Litoral\" \/>\n<meta property=\"article:publisher\" content=\"https:\/\/www.facebook.com\/Laradiolitoral\/\" \/>\n<meta property=\"article:published_time\" content=\"2025-01-16T11:48:52+00:00\" \/>\n<meta property=\"og:image\" content=\"https:\/\/media.radiolitoral.com\/wp-content\/uploads\/2025\/01\/16124650\/Benissa-en-Corto-2-scaled.jpg\" \/>\n\t<meta property=\"og:image:width\" content=\"2560\" \/>\n\t<meta property=\"og:image:height\" content=\"1920\" \/>\n\t<meta property=\"og:image:type\" content=\"image\/jpeg\" \/>\n<meta name=\"author\" content=\"Redacci\u00f3n\" \/>\n<meta name=\"twitter:card\" content=\"summary_large_image\" \/>\n<meta name=\"twitter:label1\" content=\"Escrit per\" \/>\n\t<meta name=\"twitter:data1\" content=\"Redacci\u00f3n\" \/>\n\t<meta name=\"twitter:label2\" content=\"Temps estimat de lectura\" \/>\n\t<meta name=\"twitter:data2\" content=\"2 minuts\" \/>\n<script type=\"application\/ld+json\" class=\"yoast-schema-graph\">{\"@context\":\"https:\\\/\\\/schema.org\",\"@graph\":[{\"@type\":\"NewsArticle\",\"@id\":\"https:\\\/\\\/radiolitoral.com\\\/2025\\\/01\\\/naix-benissa-en-curt-el-festival-de-cinema-que-posa-benissa-en-el-mapa-cinematografic\\\/#article\",\"isPartOf\":{\"@id\":\"https:\\\/\\\/radiolitoral.com\\\/2025\\\/01\\\/naix-benissa-en-curt-el-festival-de-cinema-que-posa-benissa-en-el-mapa-cinematografic\\\/\"},\"author\":{\"name\":\"Redacci\u00f3n\",\"@id\":\"https:\\\/\\\/radiolitoral.com\\\/#\\\/schema\\\/person\\\/f2b2343c49b5d721857cc1002bfdb151\"},\"headline\":\"Naix \u00abBenissa en Curt\u00bb, el Festival de Cinema que posa Benissa en el mapa cinematogr\u00e0fic\",\"datePublished\":\"2025-01-16T11:48:52+00:00\",\"mainEntityOfPage\":{\"@id\":\"https:\\\/\\\/radiolitoral.com\\\/2025\\\/01\\\/naix-benissa-en-curt-el-festival-de-cinema-que-posa-benissa-en-el-mapa-cinematografic\\\/\"},\"wordCount\":317,\"commentCount\":0,\"publisher\":{\"@id\":\"https:\\\/\\\/radiolitoral.com\\\/#organization\"},\"image\":{\"@id\":\"https:\\\/\\\/radiolitoral.com\\\/2025\\\/01\\\/naix-benissa-en-curt-el-festival-de-cinema-que-posa-benissa-en-el-mapa-cinematografic\\\/#primaryimage\"},\"thumbnailUrl\":\"https:\\\/\\\/media.radiolitoral.com\\\/wp-content\\\/uploads\\\/2025\\\/01\\\/16124650\\\/Benissa-en-Corto-2-scaled.jpg\",\"keywords\":[\"Benissa\",\"Benissa en Corto\",\"cine en Benissa\",\"cine espa\u00f1ol\",\"cine municipal de Benissa\",\"cortometrajes\",\"cortometrajes espa\u00f1oles\",\"cultura en Benissa\",\"Festival de Cine de Benissa\",\"festivales de cortometrajes\",\"s\u00e9ptimo arte\"],\"articleSection\":[\"Cine\"],\"inLanguage\":\"ca\",\"potentialAction\":[{\"@type\":\"CommentAction\",\"name\":\"Comment\",\"target\":[\"https:\\\/\\\/radiolitoral.com\\\/2025\\\/01\\\/naix-benissa-en-curt-el-festival-de-cinema-que-posa-benissa-en-el-mapa-cinematografic\\\/#respond\"]}]},{\"@type\":[\"WebPage\",\"ItemPage\"],\"@id\":\"https:\\\/\\\/radiolitoral.com\\\/2025\\\/01\\\/naix-benissa-en-curt-el-festival-de-cinema-que-posa-benissa-en-el-mapa-cinematografic\\\/\",\"url\":\"https:\\\/\\\/radiolitoral.com\\\/2025\\\/01\\\/naix-benissa-en-curt-el-festival-de-cinema-que-posa-benissa-en-el-mapa-cinematografic\\\/\",\"name\":\"Naix \\\"Benissa en Curt\\\", el Festival de Cinema que posa Benissa en el mapa cinematogr\u00e0fic | R\u00e0dio Litoral\",\"isPartOf\":{\"@id\":\"https:\\\/\\\/radiolitoral.com\\\/#website\"},\"primaryImageOfPage\":{\"@id\":\"https:\\\/\\\/radiolitoral.com\\\/2025\\\/01\\\/naix-benissa-en-curt-el-festival-de-cinema-que-posa-benissa-en-el-mapa-cinematografic\\\/#primaryimage\"},\"image\":{\"@id\":\"https:\\\/\\\/radiolitoral.com\\\/2025\\\/01\\\/naix-benissa-en-curt-el-festival-de-cinema-que-posa-benissa-en-el-mapa-cinematografic\\\/#primaryimage\"},\"thumbnailUrl\":\"https:\\\/\\\/media.radiolitoral.com\\\/wp-content\\\/uploads\\\/2025\\\/01\\\/16124650\\\/Benissa-en-Corto-2-scaled.jpg\",\"datePublished\":\"2025-01-16T11:48:52+00:00\",\"description\":\"Un nou festival de curtmetratges amb el suport dels millors del cinema espanyol Un nou festival de curtmetratges amb el suport dels millors del cinema espanyol\",\"breadcrumb\":{\"@id\":\"https:\\\/\\\/radiolitoral.com\\\/2025\\\/01\\\/naix-benissa-en-curt-el-festival-de-cinema-que-posa-benissa-en-el-mapa-cinematografic\\\/#breadcrumb\"},\"inLanguage\":\"ca\",\"potentialAction\":[{\"@type\":\"ReadAction\",\"target\":[\"https:\\\/\\\/radiolitoral.com\\\/2025\\\/01\\\/naix-benissa-en-curt-el-festival-de-cinema-que-posa-benissa-en-el-mapa-cinematografic\\\/\"]}]},{\"@type\":\"ImageObject\",\"inLanguage\":\"ca\",\"@id\":\"https:\\\/\\\/radiolitoral.com\\\/2025\\\/01\\\/naix-benissa-en-curt-el-festival-de-cinema-que-posa-benissa-en-el-mapa-cinematografic\\\/#primaryimage\",\"url\":\"https:\\\/\\\/media.radiolitoral.com\\\/wp-content\\\/uploads\\\/2025\\\/01\\\/16124650\\\/Benissa-en-Corto-2-scaled.jpg\",\"contentUrl\":\"https:\\\/\\\/media.radiolitoral.com\\\/wp-content\\\/uploads\\\/2025\\\/01\\\/16124650\\\/Benissa-en-Corto-2-scaled.jpg\",\"width\":2560,\"height\":1920},{\"@type\":\"BreadcrumbList\",\"@id\":\"https:\\\/\\\/radiolitoral.com\\\/2025\\\/01\\\/naix-benissa-en-curt-el-festival-de-cinema-que-posa-benissa-en-el-mapa-cinematografic\\\/#breadcrumb\",\"itemListElement\":[{\"@type\":\"ListItem\",\"position\":1,\"name\":\"Portada\",\"item\":\"https:\\\/\\\/radiolitoral.com\\\/\"},{\"@type\":\"ListItem\",\"position\":2,\"name\":\"Naix \u00abBenissa en Curt\u00bb, el Festival de Cinema que posa Benissa en el mapa cinematogr\u00e0fic\"}]},{\"@type\":\"WebSite\",\"@id\":\"https:\\\/\\\/radiolitoral.com\\\/#website\",\"url\":\"https:\\\/\\\/radiolitoral.com\\\/\",\"name\":\"Radio Litoral\",\"description\":\"La radio local de la Marina Alta\",\"publisher\":{\"@id\":\"https:\\\/\\\/radiolitoral.com\\\/#organization\"},\"alternateName\":\"Litoral FM\",\"potentialAction\":[{\"@type\":\"SearchAction\",\"target\":{\"@type\":\"EntryPoint\",\"urlTemplate\":\"https:\\\/\\\/radiolitoral.com\\\/?s={search_term_string}\"},\"query-input\":{\"@type\":\"PropertyValueSpecification\",\"valueRequired\":true,\"valueName\":\"search_term_string\"}}],\"inLanguage\":\"ca\"},{\"@type\":\"Organization\",\"@id\":\"https:\\\/\\\/radiolitoral.com\\\/#organization\",\"name\":\"Radio Litoral\",\"url\":\"https:\\\/\\\/radiolitoral.com\\\/\",\"logo\":{\"@type\":\"ImageObject\",\"inLanguage\":\"ca\",\"@id\":\"https:\\\/\\\/radiolitoral.com\\\/#\\\/schema\\\/logo\\\/image\\\/\",\"url\":\"https:\\\/\\\/media.radiolitoral.com\\\/wp-content\\\/uploads\\\/2023\\\/02\\\/24143238\\\/CL-V-RadioLitoral696.png\",\"contentUrl\":\"https:\\\/\\\/media.radiolitoral.com\\\/wp-content\\\/uploads\\\/2023\\\/02\\\/24143238\\\/CL-V-RadioLitoral696.png\",\"width\":696,\"height\":696,\"caption\":\"Radio Litoral\"},\"image\":{\"@id\":\"https:\\\/\\\/radiolitoral.com\\\/#\\\/schema\\\/logo\\\/image\\\/\"},\"sameAs\":[\"https:\\\/\\\/www.facebook.com\\\/Laradiolitoral\\\/\"]},{\"@type\":\"Person\",\"@id\":\"https:\\\/\\\/radiolitoral.com\\\/#\\\/schema\\\/person\\\/f2b2343c49b5d721857cc1002bfdb151\",\"name\":\"Redacci\u00f3n\",\"image\":{\"@type\":\"ImageObject\",\"inLanguage\":\"ca\",\"@id\":\"https:\\\/\\\/secure.gravatar.com\\\/avatar\\\/f771d896c203ad8b3382d7905cfcce5a5c9b008b84b3cd9114e9b9f4cb63f789?s=96&d=mm&r=g\",\"url\":\"https:\\\/\\\/secure.gravatar.com\\\/avatar\\\/f771d896c203ad8b3382d7905cfcce5a5c9b008b84b3cd9114e9b9f4cb63f789?s=96&d=mm&r=g\",\"contentUrl\":\"https:\\\/\\\/secure.gravatar.com\\\/avatar\\\/f771d896c203ad8b3382d7905cfcce5a5c9b008b84b3cd9114e9b9f4cb63f789?s=96&d=mm&r=g\",\"caption\":\"Redacci\u00f3n\"},\"url\":\"https:\\\/\\\/radiolitoral.com\\\/ca\\\/author\\\/miriam-pagan\\\/\"}]}<\/script>\n<!-- \/ Yoast SEO plugin. -->","yoast_head_json":{"title":"Naix &quot;Benissa a Curt&quot;, el Festival de Cinema que posa Benissa al mapa cinematogr\u00e0fic | R\u00e0dio Litoral","description":"Un nou festival de curtmetratges amb el suport dels millors del cinema espanyol Un nou festival de curtmetratges amb el suport dels millors del cinema espanyol","robots":{"index":"index","follow":"follow","max-snippet":"max-snippet:-1","max-image-preview":"max-image-preview:large","max-video-preview":"max-video-preview:-1"},"canonical":"https:\/\/radiolitoral.com\/ca\/2025\/01\/naix-benissa-a-curt-el-festival-de-cinema-que-posa-benissa-al-mapa-cinematografic\/","og_locale":"ca_ES","og_type":"article","og_title":"Naix \"Benissa en Curt\", el Festival de Cinema que posa Benissa en el mapa cinematogr\u00e0fic | R\u00e0dio Litoral","og_description":"Un nou festival de curtmetratges amb el suport dels millors del cinema espanyol Un nou festival de curtmetratges amb el suport dels millors del cinema espanyol","og_url":"https:\/\/radiolitoral.com\/ca\/2025\/01\/naix-benissa-a-curt-el-festival-de-cinema-que-posa-benissa-al-mapa-cinematografic\/","og_site_name":"R\u00e0dio Litoral","article_publisher":"https:\/\/www.facebook.com\/Laradiolitoral\/","article_published_time":"2025-01-16T11:48:52+00:00","og_image":[{"width":2560,"height":1920,"url":"https:\/\/media.radiolitoral.com\/wp-content\/uploads\/2025\/01\/16124650\/Benissa-en-Corto-2-scaled.jpg","type":"image\/jpeg"}],"author":"Redacci\u00f3n","twitter_card":"summary_large_image","twitter_misc":{"Escrit per":"Redacci\u00f3n","Temps estimat de lectura":"2 minuts"},"schema":{"@context":"https:\/\/schema.org","@graph":[{"@type":"NewsArticle","@id":"https:\/\/radiolitoral.com\/2025\/01\/naix-benissa-en-curt-el-festival-de-cinema-que-posa-benissa-en-el-mapa-cinematografic\/#article","isPartOf":{"@id":"https:\/\/radiolitoral.com\/2025\/01\/naix-benissa-en-curt-el-festival-de-cinema-que-posa-benissa-en-el-mapa-cinematografic\/"},"author":{"name":"Redacci\u00f3n","@id":"https:\/\/radiolitoral.com\/#\/schema\/person\/f2b2343c49b5d721857cc1002bfdb151"},"headline":"Naix \u00abBenissa en Curt\u00bb, el Festival de Cinema que posa Benissa en el mapa cinematogr\u00e0fic","datePublished":"2025-01-16T11:48:52+00:00","mainEntityOfPage":{"@id":"https:\/\/radiolitoral.com\/2025\/01\/naix-benissa-en-curt-el-festival-de-cinema-que-posa-benissa-en-el-mapa-cinematografic\/"},"wordCount":317,"commentCount":0,"publisher":{"@id":"https:\/\/radiolitoral.com\/#organization"},"image":{"@id":"https:\/\/radiolitoral.com\/2025\/01\/naix-benissa-en-curt-el-festival-de-cinema-que-posa-benissa-en-el-mapa-cinematografic\/#primaryimage"},"thumbnailUrl":"https:\/\/media.radiolitoral.com\/wp-content\/uploads\/2025\/01\/16124650\/Benissa-en-Corto-2-scaled.jpg","keywords":["Benissa","Benissa en Corto","cine en Benissa","cine espa\u00f1ol","cine municipal de Benissa","cortometrajes","cortometrajes espa\u00f1oles","cultura en Benissa","Festival de Cine de Benissa","festivales de cortometrajes","s\u00e9ptimo arte"],"articleSection":["Cine"],"inLanguage":"ca","potentialAction":[{"@type":"CommentAction","name":"Comment","target":["https:\/\/radiolitoral.com\/2025\/01\/naix-benissa-en-curt-el-festival-de-cinema-que-posa-benissa-en-el-mapa-cinematografic\/#respond"]}]},{"@type":["WebPage","ItemPage"],"@id":"https:\/\/radiolitoral.com\/2025\/01\/naix-benissa-en-curt-el-festival-de-cinema-que-posa-benissa-en-el-mapa-cinematografic\/","url":"https:\/\/radiolitoral.com\/2025\/01\/naix-benissa-en-curt-el-festival-de-cinema-que-posa-benissa-en-el-mapa-cinematografic\/","name":"Naix &quot;Benissa a Curt&quot;, el Festival de Cinema que posa Benissa al mapa cinematogr\u00e0fic | R\u00e0dio Litoral","isPartOf":{"@id":"https:\/\/radiolitoral.com\/#website"},"primaryImageOfPage":{"@id":"https:\/\/radiolitoral.com\/2025\/01\/naix-benissa-en-curt-el-festival-de-cinema-que-posa-benissa-en-el-mapa-cinematografic\/#primaryimage"},"image":{"@id":"https:\/\/radiolitoral.com\/2025\/01\/naix-benissa-en-curt-el-festival-de-cinema-que-posa-benissa-en-el-mapa-cinematografic\/#primaryimage"},"thumbnailUrl":"https:\/\/media.radiolitoral.com\/wp-content\/uploads\/2025\/01\/16124650\/Benissa-en-Corto-2-scaled.jpg","datePublished":"2025-01-16T11:48:52+00:00","description":"Un nou festival de curtmetratges amb el suport dels millors del cinema espanyol Un nou festival de curtmetratges amb el suport dels millors del cinema espanyol","breadcrumb":{"@id":"https:\/\/radiolitoral.com\/2025\/01\/naix-benissa-en-curt-el-festival-de-cinema-que-posa-benissa-en-el-mapa-cinematografic\/#breadcrumb"},"inLanguage":"ca","potentialAction":[{"@type":"ReadAction","target":["https:\/\/radiolitoral.com\/2025\/01\/naix-benissa-en-curt-el-festival-de-cinema-que-posa-benissa-en-el-mapa-cinematografic\/"]}]},{"@type":"ImageObject","inLanguage":"ca","@id":"https:\/\/radiolitoral.com\/2025\/01\/naix-benissa-en-curt-el-festival-de-cinema-que-posa-benissa-en-el-mapa-cinematografic\/#primaryimage","url":"https:\/\/media.radiolitoral.com\/wp-content\/uploads\/2025\/01\/16124650\/Benissa-en-Corto-2-scaled.jpg","contentUrl":"https:\/\/media.radiolitoral.com\/wp-content\/uploads\/2025\/01\/16124650\/Benissa-en-Corto-2-scaled.jpg","width":2560,"height":1920},{"@type":"BreadcrumbList","@id":"https:\/\/radiolitoral.com\/2025\/01\/naix-benissa-en-curt-el-festival-de-cinema-que-posa-benissa-en-el-mapa-cinematografic\/#breadcrumb","itemListElement":[{"@type":"ListItem","position":1,"name":"Portada","item":"https:\/\/radiolitoral.com\/"},{"@type":"ListItem","position":2,"name":"Naix \u00abBenissa en Curt\u00bb, el Festival de Cinema que posa Benissa en el mapa cinematogr\u00e0fic"}]},{"@type":"WebSite","@id":"https:\/\/radiolitoral.com\/#website","url":"https:\/\/radiolitoral.com\/","name":"R\u00e0dio Litoral","description":"La r\u00e0dio local de la Marina Alta","publisher":{"@id":"https:\/\/radiolitoral.com\/#organization"},"alternateName":"Litoral FM","potentialAction":[{"@type":"SearchAction","target":{"@type":"EntryPoint","urlTemplate":"https:\/\/radiolitoral.com\/?s={search_term_string}"},"query-input":{"@type":"PropertyValueSpecification","valueRequired":true,"valueName":"search_term_string"}}],"inLanguage":"ca"},{"@type":"Organization","@id":"https:\/\/radiolitoral.com\/#organization","name":"R\u00e0dio Litoral","url":"https:\/\/radiolitoral.com\/","logo":{"@type":"ImageObject","inLanguage":"ca","@id":"https:\/\/radiolitoral.com\/#\/schema\/logo\/image\/","url":"https:\/\/media.radiolitoral.com\/wp-content\/uploads\/2023\/02\/24143238\/CL-V-RadioLitoral696.png","contentUrl":"https:\/\/media.radiolitoral.com\/wp-content\/uploads\/2023\/02\/24143238\/CL-V-RadioLitoral696.png","width":696,"height":696,"caption":"Radio Litoral"},"image":{"@id":"https:\/\/radiolitoral.com\/#\/schema\/logo\/image\/"},"sameAs":["https:\/\/www.facebook.com\/Laradiolitoral\/"]},{"@type":"Person","@id":"https:\/\/radiolitoral.com\/#\/schema\/person\/f2b2343c49b5d721857cc1002bfdb151","name":"Redacci\u00f3","image":{"@type":"ImageObject","inLanguage":"ca","@id":"https:\/\/secure.gravatar.com\/avatar\/f771d896c203ad8b3382d7905cfcce5a5c9b008b84b3cd9114e9b9f4cb63f789?s=96&d=mm&r=g","url":"https:\/\/secure.gravatar.com\/avatar\/f771d896c203ad8b3382d7905cfcce5a5c9b008b84b3cd9114e9b9f4cb63f789?s=96&d=mm&r=g","contentUrl":"https:\/\/secure.gravatar.com\/avatar\/f771d896c203ad8b3382d7905cfcce5a5c9b008b84b3cd9114e9b9f4cb63f789?s=96&d=mm&r=g","caption":"Redacci\u00f3n"},"url":"https:\/\/radiolitoral.com\/ca\/author\/miriam-pagan\/"}]}},"_links":{"self":[{"href":"https:\/\/radiolitoral.com\/ca\/wp-json\/wp\/v2\/posts\/14355","targetHints":{"allow":["GET"]}}],"collection":[{"href":"https:\/\/radiolitoral.com\/ca\/wp-json\/wp\/v2\/posts"}],"about":[{"href":"https:\/\/radiolitoral.com\/ca\/wp-json\/wp\/v2\/types\/post"}],"author":[{"embeddable":true,"href":"https:\/\/radiolitoral.com\/ca\/wp-json\/wp\/v2\/users\/13"}],"replies":[{"embeddable":true,"href":"https:\/\/radiolitoral.com\/ca\/wp-json\/wp\/v2\/comments?post=14355"}],"version-history":[{"count":1,"href":"https:\/\/radiolitoral.com\/ca\/wp-json\/wp\/v2\/posts\/14355\/revisions"}],"predecessor-version":[{"id":14357,"href":"https:\/\/radiolitoral.com\/ca\/wp-json\/wp\/v2\/posts\/14355\/revisions\/14357"}],"wp:featuredmedia":[{"embeddable":true,"href":"https:\/\/radiolitoral.com\/ca\/wp-json\/wp\/v2\/media\/14356"}],"wp:attachment":[{"href":"https:\/\/radiolitoral.com\/ca\/wp-json\/wp\/v2\/media?parent=14355"}],"wp:term":[{"taxonomy":"category","embeddable":true,"href":"https:\/\/radiolitoral.com\/ca\/wp-json\/wp\/v2\/categories?post=14355"},{"taxonomy":"post_tag","embeddable":true,"href":"https:\/\/radiolitoral.com\/ca\/wp-json\/wp\/v2\/tags?post=14355"}],"curies":[{"name":"wp","href":"https:\/\/api.w.org\/{rel}","templated":true}]}}