{"id":14349,"date":"2025-01-17T07:02:08","date_gmt":"2025-01-17T06:02:08","guid":{"rendered":"https:\/\/radiolitoral.com\/?p=14349"},"modified":"2025-01-17T16:16:32","modified_gmt":"2025-01-17T15:16:32","slug":"el-cd-paidos-denia-inicia-el-play-off-autonomic-de-futsal","status":"publish","type":"post","link":"https:\/\/radiolitoral.com\/ca\/2025\/01\/el-cd-paidos-denia-inicia-el-play-off-autonomic-de-futsal\/","title":{"rendered":"El CD Paidos D\u00e9nia inicia el play off auton\u00f2mic de Futsal"},"content":{"rendered":"<p>Aquest cap de setmana comen\u00e7a el Play-off Auton\u00f2mic Infantil i Cadet de futbol sala, una de les grans novetats de la temporada 2024\/2025 impulsada pel <strong>Comit\u00e8 T\u00e8cnic de Futbol Sala de la Federaci\u00f3 de futbol de la Comunitat Valenciana<\/strong> <strong>(<span class=\"hiddenSpellError\">FFCV)<\/span><\/strong>.<\/p>\n<h2>Un format dissenyat per elevar el nivell competitiu<\/h2>\n<p>El nou sistema de competici\u00f3 de la Lliga Preferent Infantil i Cadet va introduir aquest Play-off Auton\u00f2mic, en el qual participin els vuit millors equips de la primera fase. Aquest format, amb 14 partits a rellotge parat entre equips de nivell similar, promet augmentar la qualitat del joc, beneficiant tant els clubs com les seleccions auton\u00f2miques.<\/p>\n<h2>Debut del <strong>CD\u00a0<span class=\"hiddenSpellError\">Paidos<\/span> D\u00e9nia<\/strong><\/h2>\n<p>A <strong>categoria infantil<\/strong>, el CD\u00a0<span class=\"hiddenSpellError\">Paidos<\/span>\u00a0D\u00e9nia, dirigit per <strong>Juanma Puigcerver<\/strong>, s&#039;enfrontar\u00e0 aquest diumenge al <strong><span class=\"hiddenSpellError\">Val\u00e8ncia<\/span>\u00a0<span class=\"hiddenSpellError\">CF<\/span><\/strong>\u00a0al <strong>pavell\u00f3 Sant Isidre<\/strong>, a partir de les <strong>11 hores<\/strong>. Els joves jugadors confien a iniciar amb bon peu el cam\u00ed cap al Campionat d&#039;Espanya.<\/p>\n<p>Per part seva, l&#039;equip, <strong>cadet<\/strong> Del CD\u00a0<span class=\"hiddenSpellError\">Paidos<\/span>\u00a0D\u00e9nia, sota la direcci\u00f3 de <b>Nata Grimalt<\/b>, debutar\u00e0 aquest dissabte davant el <strong>CD Dominics<\/strong> al <strong>pavell\u00f3 del Cabanyal<\/strong>, a les <strong>16 hores<\/strong>.<\/p>\n<p>Amb aquest format innovador, la\u00a0<span class=\"hiddenSpellError\">FFCV<\/span>\u00a0aposta per un model que promet oferir un espectacle esportiu d&#039;alt nivell i refor\u00e7ar el desenvolupament de les\u00a0<span class=\"hiddenSpellError\">categories<\/span>\u00a0<span class=\"hiddenSpellError\">Futbol<\/span>\u00a0Sala Auton\u00f2mica.<\/p>\n<p>&nbsp;<\/p>\n<p><script src=\"chrome-extension:\/\/flbolonkboilcbnohjlchlfgdalomdpl\/iFrame.js\" type=\"text\/javascript\"><\/script><\/p>\n<p><script src=\"chrome-extension:\/\/flbolonkboilcbnohjlchlfgdalomdpl\/iFrame.js\" type=\"text\/javascript\"><\/script><\/p>\n<p><script src=\"chrome-extension:\/\/flbolonkboilcbnohjlchlfgdalomdpl\/iFrame.js\" type=\"text\/javascript\"><\/script><\/p>","protected":false},"excerpt":{"rendered":"<p>Este cap de setmana comen\u00e7a el Play-off Auton\u00f2mic Infantil i Cadet de futbol sala, una de les grans novetats de la temporada 2024\/2025 impulsada pel Comit\u00e9 T\u00e8cnic de Futbol Sala de la Federaci\u00f3 de futbol de la Comunitat Valenciana (FFCV). Un format dissenyat per a elevar el nivell competitiu El nou sistema de competici\u00f3 de [&#8230;]<\/p>\n<p><a class=\"btn btn-secondary understrap-read-more-link\" href=\"https:\/\/radiolitoral.com\/ca\/2025\/01\/el-cd-paidos-denia-inicia-el-play-off-autonomic-de-futsal\/\">Continua llegint&#8230;<span class=\"screen-reader-text\"> from El CD Paidos D\u00e9nia inicia el play off auton\u00f2mic de Futsal<\/span><\/a><\/p>\n","protected":false},"author":12,"featured_media":14402,"comment_status":"open","ping_status":"closed","sticky":false,"template":"","format":"standard","meta":{"_acf_changed":false,"inline_featured_image":false,"footnotes":""},"categories":[5],"tags":[916,3293,3292,3294,6,3301,3297,3299,3291,3296,3300,3295,3290,3289,3287,3298,3288],"class_list":["post-14349","post","type-post","status-publish","format-standard","has-post-thumbnail","hentry","category-deportes","tag-cd-paidos-denia","tag-cd-paidos-denia-categoria-cadete","tag-cd-paidos-denia-vs-valencia-cf","tag-debut-cd-paidos-denia-playoff","tag-deportes","tag-desarrollo-categorias-base-futbol-sala","tag-encuentros-a-reloj-parado-futbol-sala","tag-espectaculo-deportivo-futbol-sala","tag-formato-playoff-autonomico-futbol-sala","tag-futbol-sala-cabanal","tag-futbol-sala-comunidad-valenciana","tag-futbol-sala-san-isidro","tag-lliga-preferent-infantil-y-cadet","tag-novedades-ffcv-futbol-sala","tag-playoff-autonomico-infantil-y-cadete-futbol-sala","tag-selecciones-autonomicas-futbol-sala","tag-temporada-2024-2025-futbol-sala","cobertura-denia"],"acf":[],"yoast_head":"<!-- This site is optimized with the Yoast SEO plugin v27.5 - https:\/\/yoast.com\/product\/yoast-seo-wordpress\/ -->\n<title>El CD Paidos D\u00e9nia inicia el play off auton\u00f2mic de Futsal | R\u00e0dio Litoral<\/title>\n<meta name=\"description\" content=\"En categoria infantil es mesura al Val\u00e8ncia CF i en cadets al CD Dominicos Val\u00e8ncia En categoria infantil es mesura al Val\u00e8ncia CF i en cadets al CD Dominics Val\u00e8ncia\" \/>\n<meta name=\"robots\" content=\"index, follow, max-snippet:-1, max-image-preview:large, max-video-preview:-1\" \/>\n<link rel=\"canonical\" href=\"https:\/\/radiolitoral.com\/ca\/2025\/01\/el-cd-paidos-denia-inicia-el-play-off-autonomic-de-futsal\/\" \/>\n<meta property=\"og:locale\" content=\"ca_ES\" \/>\n<meta property=\"og:type\" content=\"article\" \/>\n<meta property=\"og:title\" content=\"El CD Paidos D\u00e9nia inicia el play off auton\u00f2mic de Futsal | R\u00e0dio Litoral\" \/>\n<meta property=\"og:description\" content=\"En categoria infantil es mesura al Val\u00e8ncia CF i en cadets al CD Dominicos Val\u00e8ncia En categoria infantil es mesura al Val\u00e8ncia CF i en cadets al CD Dominics Val\u00e8ncia\" \/>\n<meta property=\"og:url\" content=\"https:\/\/radiolitoral.com\/ca\/2025\/01\/el-cd-paidos-denia-inicia-el-play-off-autonomic-de-futsal\/\" \/>\n<meta property=\"og:site_name\" content=\"R\u00e0dio Litoral\" \/>\n<meta property=\"article:publisher\" content=\"https:\/\/www.facebook.com\/Laradiolitoral\/\" \/>\n<meta property=\"article:published_time\" content=\"2025-01-17T06:02:08+00:00\" \/>\n<meta property=\"article:modified_time\" content=\"2025-01-17T15:16:32+00:00\" \/>\n<meta property=\"og:image\" content=\"https:\/\/media.radiolitoral.com\/wp-content\/uploads\/2025\/01\/17161612\/Paidos-Cadete-Temporada-2024-25.jpg\" \/>\n\t<meta property=\"og:image:width\" content=\"1024\" \/>\n\t<meta property=\"og:image:height\" content=\"730\" \/>\n\t<meta property=\"og:image:type\" content=\"image\/jpeg\" \/>\n<meta name=\"author\" content=\"Javier Zamora\" \/>\n<meta name=\"twitter:card\" content=\"summary_large_image\" \/>\n<meta name=\"twitter:label1\" content=\"Escrit per\" \/>\n\t<meta name=\"twitter:data1\" content=\"Javier Zamora\" \/>\n\t<meta name=\"twitter:label2\" content=\"Temps estimat de lectura\" \/>\n\t<meta name=\"twitter:data2\" content=\"2 minuts\" \/>\n<script type=\"application\/ld+json\" class=\"yoast-schema-graph\">{\"@context\":\"https:\\\/\\\/schema.org\",\"@graph\":[{\"@type\":\"NewsArticle\",\"@id\":\"https:\\\/\\\/radiolitoral.com\\\/2025\\\/01\\\/el-cd-paidos-denia-inicia-el-play-off-autonomic-de-futsal\\\/#article\",\"isPartOf\":{\"@id\":\"https:\\\/\\\/radiolitoral.com\\\/2025\\\/01\\\/el-cd-paidos-denia-inicia-el-play-off-autonomic-de-futsal\\\/\"},\"author\":{\"name\":\"Javier Zamora\",\"@id\":\"https:\\\/\\\/radiolitoral.com\\\/#\\\/schema\\\/person\\\/7b1480b5caeb5acdd4ec6379caf62b22\"},\"headline\":\"El CD Paidos D\u00e9nia inicia el play off auton\u00f2mic de Futsal\",\"datePublished\":\"2025-01-17T06:02:08+00:00\",\"dateModified\":\"2025-01-17T15:16:32+00:00\",\"mainEntityOfPage\":{\"@id\":\"https:\\\/\\\/radiolitoral.com\\\/2025\\\/01\\\/el-cd-paidos-denia-inicia-el-play-off-autonomic-de-futsal\\\/\"},\"wordCount\":240,\"commentCount\":0,\"publisher\":{\"@id\":\"https:\\\/\\\/radiolitoral.com\\\/#organization\"},\"image\":{\"@id\":\"https:\\\/\\\/radiolitoral.com\\\/2025\\\/01\\\/el-cd-paidos-denia-inicia-el-play-off-autonomic-de-futsal\\\/#primaryimage\"},\"thumbnailUrl\":\"https:\\\/\\\/media.radiolitoral.com\\\/wp-content\\\/uploads\\\/2025\\\/01\\\/17161612\\\/Paidos-Cadete-Temporada-2024-25.jpg\",\"keywords\":[\"CD Paidos D\u00e9nia\",\"CD Paidos D\u00e9nia categor\u00eda cadete\",\"CD Paidos D\u00e9nia vs Valencia CF\",\"debut CD Paidos D\u00e9nia Playoff\",\"deportes\",\"desarrollo categor\u00edas base f\u00fatbol sala\",\"encuentros a reloj parado f\u00fatbol sala\",\"espect\u00e1culo deportivo f\u00fatbol sala\",\"formato Playoff Auton\u00f3mico f\u00fatbol sala\",\"f\u00fatbol sala Caba\u00f1al\",\"f\u00fatbol sala Comunidad Valenciana\",\"f\u00fatbol sala San Isidro\",\"Lliga Preferent Infantil y Cadet\",\"novedades FFCV f\u00fatbol sala\",\"Playoff Auton\u00f3mico Infantil y Cadete f\u00fatbol sala\",\"selecciones auton\u00f3micas f\u00fatbol sala\",\"temporada 2024\\\/2025 f\u00fatbol sala\"],\"articleSection\":[\"Deportes\"],\"inLanguage\":\"ca\",\"potentialAction\":[{\"@type\":\"CommentAction\",\"name\":\"Comment\",\"target\":[\"https:\\\/\\\/radiolitoral.com\\\/2025\\\/01\\\/el-cd-paidos-denia-inicia-el-play-off-autonomic-de-futsal\\\/#respond\"]}]},{\"@type\":[\"WebPage\",\"ItemPage\"],\"@id\":\"https:\\\/\\\/radiolitoral.com\\\/2025\\\/01\\\/el-cd-paidos-denia-inicia-el-play-off-autonomic-de-futsal\\\/\",\"url\":\"https:\\\/\\\/radiolitoral.com\\\/2025\\\/01\\\/el-cd-paidos-denia-inicia-el-play-off-autonomic-de-futsal\\\/\",\"name\":\"El CD Paidos D\u00e9nia inicia el play off auton\u00f2mic de Futsal | R\u00e0dio Litoral\",\"isPartOf\":{\"@id\":\"https:\\\/\\\/radiolitoral.com\\\/#website\"},\"primaryImageOfPage\":{\"@id\":\"https:\\\/\\\/radiolitoral.com\\\/2025\\\/01\\\/el-cd-paidos-denia-inicia-el-play-off-autonomic-de-futsal\\\/#primaryimage\"},\"image\":{\"@id\":\"https:\\\/\\\/radiolitoral.com\\\/2025\\\/01\\\/el-cd-paidos-denia-inicia-el-play-off-autonomic-de-futsal\\\/#primaryimage\"},\"thumbnailUrl\":\"https:\\\/\\\/media.radiolitoral.com\\\/wp-content\\\/uploads\\\/2025\\\/01\\\/17161612\\\/Paidos-Cadete-Temporada-2024-25.jpg\",\"datePublished\":\"2025-01-17T06:02:08+00:00\",\"dateModified\":\"2025-01-17T15:16:32+00:00\",\"description\":\"En categoria infantil es mesura al Val\u00e8ncia CF i en cadets al CD Dominicos Val\u00e8ncia En categoria infantil es mesura al Val\u00e8ncia CF i en cadets al CD Dominics Val\u00e8ncia\",\"breadcrumb\":{\"@id\":\"https:\\\/\\\/radiolitoral.com\\\/2025\\\/01\\\/el-cd-paidos-denia-inicia-el-play-off-autonomic-de-futsal\\\/#breadcrumb\"},\"inLanguage\":\"ca\",\"potentialAction\":[{\"@type\":\"ReadAction\",\"target\":[\"https:\\\/\\\/radiolitoral.com\\\/2025\\\/01\\\/el-cd-paidos-denia-inicia-el-play-off-autonomic-de-futsal\\\/\"]}]},{\"@type\":\"ImageObject\",\"inLanguage\":\"ca\",\"@id\":\"https:\\\/\\\/radiolitoral.com\\\/2025\\\/01\\\/el-cd-paidos-denia-inicia-el-play-off-autonomic-de-futsal\\\/#primaryimage\",\"url\":\"https:\\\/\\\/media.radiolitoral.com\\\/wp-content\\\/uploads\\\/2025\\\/01\\\/17161612\\\/Paidos-Cadete-Temporada-2024-25.jpg\",\"contentUrl\":\"https:\\\/\\\/media.radiolitoral.com\\\/wp-content\\\/uploads\\\/2025\\\/01\\\/17161612\\\/Paidos-Cadete-Temporada-2024-25.jpg\",\"width\":1024,\"height\":730},{\"@type\":\"BreadcrumbList\",\"@id\":\"https:\\\/\\\/radiolitoral.com\\\/2025\\\/01\\\/el-cd-paidos-denia-inicia-el-play-off-autonomic-de-futsal\\\/#breadcrumb\",\"itemListElement\":[{\"@type\":\"ListItem\",\"position\":1,\"name\":\"Portada\",\"item\":\"https:\\\/\\\/radiolitoral.com\\\/\"},{\"@type\":\"ListItem\",\"position\":2,\"name\":\"El CD Paidos D\u00e9nia inicia el play off auton\u00f2mic de Futsal\"}]},{\"@type\":\"WebSite\",\"@id\":\"https:\\\/\\\/radiolitoral.com\\\/#website\",\"url\":\"https:\\\/\\\/radiolitoral.com\\\/\",\"name\":\"Radio Litoral\",\"description\":\"La radio local de la Marina Alta\",\"publisher\":{\"@id\":\"https:\\\/\\\/radiolitoral.com\\\/#organization\"},\"alternateName\":\"Litoral FM\",\"potentialAction\":[{\"@type\":\"SearchAction\",\"target\":{\"@type\":\"EntryPoint\",\"urlTemplate\":\"https:\\\/\\\/radiolitoral.com\\\/?s={search_term_string}\"},\"query-input\":{\"@type\":\"PropertyValueSpecification\",\"valueRequired\":true,\"valueName\":\"search_term_string\"}}],\"inLanguage\":\"ca\"},{\"@type\":\"Organization\",\"@id\":\"https:\\\/\\\/radiolitoral.com\\\/#organization\",\"name\":\"Radio Litoral\",\"url\":\"https:\\\/\\\/radiolitoral.com\\\/\",\"logo\":{\"@type\":\"ImageObject\",\"inLanguage\":\"ca\",\"@id\":\"https:\\\/\\\/radiolitoral.com\\\/#\\\/schema\\\/logo\\\/image\\\/\",\"url\":\"https:\\\/\\\/media.radiolitoral.com\\\/wp-content\\\/uploads\\\/2023\\\/02\\\/24143238\\\/CL-V-RadioLitoral696.png\",\"contentUrl\":\"https:\\\/\\\/media.radiolitoral.com\\\/wp-content\\\/uploads\\\/2023\\\/02\\\/24143238\\\/CL-V-RadioLitoral696.png\",\"width\":696,\"height\":696,\"caption\":\"Radio Litoral\"},\"image\":{\"@id\":\"https:\\\/\\\/radiolitoral.com\\\/#\\\/schema\\\/logo\\\/image\\\/\"},\"sameAs\":[\"https:\\\/\\\/www.facebook.com\\\/Laradiolitoral\\\/\"]},{\"@type\":\"Person\",\"@id\":\"https:\\\/\\\/radiolitoral.com\\\/#\\\/schema\\\/person\\\/7b1480b5caeb5acdd4ec6379caf62b22\",\"name\":\"Javier Zamora\",\"image\":{\"@type\":\"ImageObject\",\"inLanguage\":\"ca\",\"@id\":\"https:\\\/\\\/secure.gravatar.com\\\/avatar\\\/467a11f6918c7d619c4043fc6fa2d3853053107973f05b6e9c04ea6c4e3a7b3f?s=96&d=mm&r=g\",\"url\":\"https:\\\/\\\/secure.gravatar.com\\\/avatar\\\/467a11f6918c7d619c4043fc6fa2d3853053107973f05b6e9c04ea6c4e3a7b3f?s=96&d=mm&r=g\",\"contentUrl\":\"https:\\\/\\\/secure.gravatar.com\\\/avatar\\\/467a11f6918c7d619c4043fc6fa2d3853053107973f05b6e9c04ea6c4e3a7b3f?s=96&d=mm&r=g\",\"caption\":\"Javier Zamora\"},\"url\":\"https:\\\/\\\/radiolitoral.com\\\/ca\\\/author\\\/javier-zamora\\\/\"}]}<\/script>\n<!-- \/ Yoast SEO plugin. -->","yoast_head_json":{"title":"El CD Paidos D\u00e9nia inicia el play off auton\u00f2mic de Futsal | R\u00e0dio Litoral","description":"En categoria infantil \u00e9s mesura al Val\u00e8ncia CF i en cadets al CD Dominics Val\u00e8ncia En categoria infantil \u00e9s mesura al Val\u00e8ncia CF i en cadets al CD Dominics Val\u00e8ncia","robots":{"index":"index","follow":"follow","max-snippet":"max-snippet:-1","max-image-preview":"max-image-preview:large","max-video-preview":"max-video-preview:-1"},"canonical":"https:\/\/radiolitoral.com\/ca\/2025\/01\/el-cd-paidos-denia-inicia-el-play-off-autonomic-de-futsal\/","og_locale":"ca_ES","og_type":"article","og_title":"El CD Paidos D\u00e9nia inicia el play off auton\u00f2mic de Futsal | R\u00e0dio Litoral","og_description":"En categoria infantil es mesura al Val\u00e8ncia CF i en cadets al CD Dominicos Val\u00e8ncia En categoria infantil es mesura al Val\u00e8ncia CF i en cadets al CD Dominics Val\u00e8ncia","og_url":"https:\/\/radiolitoral.com\/ca\/2025\/01\/el-cd-paidos-denia-inicia-el-play-off-autonomic-de-futsal\/","og_site_name":"R\u00e0dio Litoral","article_publisher":"https:\/\/www.facebook.com\/Laradiolitoral\/","article_published_time":"2025-01-17T06:02:08+00:00","article_modified_time":"2025-01-17T15:16:32+00:00","og_image":[{"width":1024,"height":730,"url":"https:\/\/media.radiolitoral.com\/wp-content\/uploads\/2025\/01\/17161612\/Paidos-Cadete-Temporada-2024-25.jpg","type":"image\/jpeg"}],"author":"Javier Zamora","twitter_card":"summary_large_image","twitter_misc":{"Escrit per":"Javier Zamora","Temps estimat de lectura":"2 minuts"},"schema":{"@context":"https:\/\/schema.org","@graph":[{"@type":"NewsArticle","@id":"https:\/\/radiolitoral.com\/2025\/01\/el-cd-paidos-denia-inicia-el-play-off-autonomic-de-futsal\/#article","isPartOf":{"@id":"https:\/\/radiolitoral.com\/2025\/01\/el-cd-paidos-denia-inicia-el-play-off-autonomic-de-futsal\/"},"author":{"name":"Javier Zamora","@id":"https:\/\/radiolitoral.com\/#\/schema\/person\/7b1480b5caeb5acdd4ec6379caf62b22"},"headline":"El CD Paidos D\u00e9nia inicia el play off auton\u00f2mic de Futsal","datePublished":"2025-01-17T06:02:08+00:00","dateModified":"2025-01-17T15:16:32+00:00","mainEntityOfPage":{"@id":"https:\/\/radiolitoral.com\/2025\/01\/el-cd-paidos-denia-inicia-el-play-off-autonomic-de-futsal\/"},"wordCount":240,"commentCount":0,"publisher":{"@id":"https:\/\/radiolitoral.com\/#organization"},"image":{"@id":"https:\/\/radiolitoral.com\/2025\/01\/el-cd-paidos-denia-inicia-el-play-off-autonomic-de-futsal\/#primaryimage"},"thumbnailUrl":"https:\/\/media.radiolitoral.com\/wp-content\/uploads\/2025\/01\/17161612\/Paidos-Cadete-Temporada-2024-25.jpg","keywords":["CD Paidos D\u00e9nia","CD Paidos D\u00e9nia categor\u00eda cadete","CD Paidos D\u00e9nia vs Valencia CF","debut CD Paidos D\u00e9nia Playoff","deportes","desarrollo categor\u00edas base f\u00fatbol sala","encuentros a reloj parado f\u00fatbol sala","espect\u00e1culo deportivo f\u00fatbol sala","formato Playoff Auton\u00f3mico f\u00fatbol sala","f\u00fatbol sala Caba\u00f1al","f\u00fatbol sala Comunidad Valenciana","f\u00fatbol sala San Isidro","Lliga Preferent Infantil y Cadet","novedades FFCV f\u00fatbol sala","Playoff Auton\u00f3mico Infantil y Cadete f\u00fatbol sala","selecciones auton\u00f3micas f\u00fatbol sala","temporada 2024\/2025 f\u00fatbol sala"],"articleSection":["Deportes"],"inLanguage":"ca","potentialAction":[{"@type":"CommentAction","name":"Comment","target":["https:\/\/radiolitoral.com\/2025\/01\/el-cd-paidos-denia-inicia-el-play-off-autonomic-de-futsal\/#respond"]}]},{"@type":["WebPage","ItemPage"],"@id":"https:\/\/radiolitoral.com\/2025\/01\/el-cd-paidos-denia-inicia-el-play-off-autonomic-de-futsal\/","url":"https:\/\/radiolitoral.com\/2025\/01\/el-cd-paidos-denia-inicia-el-play-off-autonomic-de-futsal\/","name":"El CD Paidos D\u00e9nia inicia el play off auton\u00f2mic de Futsal | R\u00e0dio Litoral","isPartOf":{"@id":"https:\/\/radiolitoral.com\/#website"},"primaryImageOfPage":{"@id":"https:\/\/radiolitoral.com\/2025\/01\/el-cd-paidos-denia-inicia-el-play-off-autonomic-de-futsal\/#primaryimage"},"image":{"@id":"https:\/\/radiolitoral.com\/2025\/01\/el-cd-paidos-denia-inicia-el-play-off-autonomic-de-futsal\/#primaryimage"},"thumbnailUrl":"https:\/\/media.radiolitoral.com\/wp-content\/uploads\/2025\/01\/17161612\/Paidos-Cadete-Temporada-2024-25.jpg","datePublished":"2025-01-17T06:02:08+00:00","dateModified":"2025-01-17T15:16:32+00:00","description":"En categoria infantil \u00e9s mesura al Val\u00e8ncia CF i en cadets al CD Dominics Val\u00e8ncia En categoria infantil \u00e9s mesura al Val\u00e8ncia CF i en cadets al CD Dominics Val\u00e8ncia","breadcrumb":{"@id":"https:\/\/radiolitoral.com\/2025\/01\/el-cd-paidos-denia-inicia-el-play-off-autonomic-de-futsal\/#breadcrumb"},"inLanguage":"ca","potentialAction":[{"@type":"ReadAction","target":["https:\/\/radiolitoral.com\/2025\/01\/el-cd-paidos-denia-inicia-el-play-off-autonomic-de-futsal\/"]}]},{"@type":"ImageObject","inLanguage":"ca","@id":"https:\/\/radiolitoral.com\/2025\/01\/el-cd-paidos-denia-inicia-el-play-off-autonomic-de-futsal\/#primaryimage","url":"https:\/\/media.radiolitoral.com\/wp-content\/uploads\/2025\/01\/17161612\/Paidos-Cadete-Temporada-2024-25.jpg","contentUrl":"https:\/\/media.radiolitoral.com\/wp-content\/uploads\/2025\/01\/17161612\/Paidos-Cadete-Temporada-2024-25.jpg","width":1024,"height":730},{"@type":"BreadcrumbList","@id":"https:\/\/radiolitoral.com\/2025\/01\/el-cd-paidos-denia-inicia-el-play-off-autonomic-de-futsal\/#breadcrumb","itemListElement":[{"@type":"ListItem","position":1,"name":"Portada","item":"https:\/\/radiolitoral.com\/"},{"@type":"ListItem","position":2,"name":"El CD Paidos D\u00e9nia inicia el play off auton\u00f2mic de Futsal"}]},{"@type":"WebSite","@id":"https:\/\/radiolitoral.com\/#website","url":"https:\/\/radiolitoral.com\/","name":"R\u00e0dio Litoral","description":"La r\u00e0dio local de la Marina Alta","publisher":{"@id":"https:\/\/radiolitoral.com\/#organization"},"alternateName":"Litoral FM","potentialAction":[{"@type":"SearchAction","target":{"@type":"EntryPoint","urlTemplate":"https:\/\/radiolitoral.com\/?s={search_term_string}"},"query-input":{"@type":"PropertyValueSpecification","valueRequired":true,"valueName":"search_term_string"}}],"inLanguage":"ca"},{"@type":"Organization","@id":"https:\/\/radiolitoral.com\/#organization","name":"R\u00e0dio Litoral","url":"https:\/\/radiolitoral.com\/","logo":{"@type":"ImageObject","inLanguage":"ca","@id":"https:\/\/radiolitoral.com\/#\/schema\/logo\/image\/","url":"https:\/\/media.radiolitoral.com\/wp-content\/uploads\/2023\/02\/24143238\/CL-V-RadioLitoral696.png","contentUrl":"https:\/\/media.radiolitoral.com\/wp-content\/uploads\/2023\/02\/24143238\/CL-V-RadioLitoral696.png","width":696,"height":696,"caption":"Radio Litoral"},"image":{"@id":"https:\/\/radiolitoral.com\/#\/schema\/logo\/image\/"},"sameAs":["https:\/\/www.facebook.com\/Laradiolitoral\/"]},{"@type":"Person","@id":"https:\/\/radiolitoral.com\/#\/schema\/person\/7b1480b5caeb5acdd4ec6379caf62b22","name":"Javier Zamora","image":{"@type":"ImageObject","inLanguage":"ca","@id":"https:\/\/secure.gravatar.com\/avatar\/467a11f6918c7d619c4043fc6fa2d3853053107973f05b6e9c04ea6c4e3a7b3f?s=96&d=mm&r=g","url":"https:\/\/secure.gravatar.com\/avatar\/467a11f6918c7d619c4043fc6fa2d3853053107973f05b6e9c04ea6c4e3a7b3f?s=96&d=mm&r=g","contentUrl":"https:\/\/secure.gravatar.com\/avatar\/467a11f6918c7d619c4043fc6fa2d3853053107973f05b6e9c04ea6c4e3a7b3f?s=96&d=mm&r=g","caption":"Javier Zamora"},"url":"https:\/\/radiolitoral.com\/ca\/author\/javier-zamora\/"}]}},"_links":{"self":[{"href":"https:\/\/radiolitoral.com\/ca\/wp-json\/wp\/v2\/posts\/14349","targetHints":{"allow":["GET"]}}],"collection":[{"href":"https:\/\/radiolitoral.com\/ca\/wp-json\/wp\/v2\/posts"}],"about":[{"href":"https:\/\/radiolitoral.com\/ca\/wp-json\/wp\/v2\/types\/post"}],"author":[{"embeddable":true,"href":"https:\/\/radiolitoral.com\/ca\/wp-json\/wp\/v2\/users\/12"}],"replies":[{"embeddable":true,"href":"https:\/\/radiolitoral.com\/ca\/wp-json\/wp\/v2\/comments?post=14349"}],"version-history":[{"count":4,"href":"https:\/\/radiolitoral.com\/ca\/wp-json\/wp\/v2\/posts\/14349\/revisions"}],"predecessor-version":[{"id":14403,"href":"https:\/\/radiolitoral.com\/ca\/wp-json\/wp\/v2\/posts\/14349\/revisions\/14403"}],"wp:featuredmedia":[{"embeddable":true,"href":"https:\/\/radiolitoral.com\/ca\/wp-json\/wp\/v2\/media\/14402"}],"wp:attachment":[{"href":"https:\/\/radiolitoral.com\/ca\/wp-json\/wp\/v2\/media?parent=14349"}],"wp:term":[{"taxonomy":"category","embeddable":true,"href":"https:\/\/radiolitoral.com\/ca\/wp-json\/wp\/v2\/categories?post=14349"},{"taxonomy":"post_tag","embeddable":true,"href":"https:\/\/radiolitoral.com\/ca\/wp-json\/wp\/v2\/tags?post=14349"}],"curies":[{"name":"wp","href":"https:\/\/api.w.org\/{rel}","templated":true}]}}