{"id":14311,"date":"2025-01-15T10:18:12","date_gmt":"2025-01-15T09:18:12","guid":{"rendered":"https:\/\/radiolitoral.com\/?p=14311"},"modified":"2025-01-15T10:18:12","modified_gmt":"2025-01-15T09:18:12","slug":"joan-ceba-lider-a-la-volta-ciclista-a-la-marina","status":"publish","type":"post","link":"https:\/\/radiolitoral.com\/ca\/2025\/01\/joan-cebolla-lider-en-la-volta-ciclista-a-la-marina\/","title":{"rendered":"Joan Ceba l\u00edder a la Volta Ciclista a la Marina"},"content":{"rendered":"<p>La <strong>Volta Ciclista La Marina 2025<\/strong> ha comen\u00e7at amb una brillant vict\u00f2ria de <strong>Joan\u00a0<span class=\"hiddenSpellError\">Ceba<\/span><\/strong>\u00a0(<strong><span class=\"hiddenSpellError\">Hem\u00f3<\/span>\u00a0<span class=\"hiddenSpellError\">Restaurant<\/span>\u00a0Benavent<\/strong>) a la primera etapa disputada a Bolulla sobre un tra\u00e7at exigent de 55 quil\u00f2metres.\u00a0<span class=\"hiddenSpellError\">Ceba<\/span>, que va arribar en solitari, \u00e9s vestix com a primer l\u00edder de la competici\u00f3.<\/p>\n<h2>Un domini de principi a fi<\/h2>\n<p><span class=\"hiddenSpellError\">Ceba<\/span>\u00a0travessar\u00e0 la meta amb una ventaja de 9 segons respecte al segon classificat,\u00a0<strong><span class=\"hiddenSpellError\">Amadeu<\/span>\u00a0Ferrer<\/strong> (CC Algar). El tercer lloc va ser per a\u00a0<strong><span class=\"hiddenSpellError\">Ade<\/span>\u00a0Moll<\/strong> (101\u00a0<span class=\"hiddenSpellError\">Faster<\/span>\u00a0<span class=\"hiddenSpellError\">Team<\/span>), que va finalitzar a 1 minut i 1 segon del vencedor.<\/p>\n<p>El protagonisme de l&#039;equip\u00a0<span class=\"hiddenSpellError\">Hem\u00f3<\/span>\u00a0<span class=\"hiddenSpellError\">Restaurant<\/span>\u00a0Benavent va ser evident al llarg de la jornada.\u00a0<strong><span class=\"hiddenSpellError\">Miquel<\/span>\u00a0<span class=\"hiddenSpellError\">Joan<\/span>\u00a0P\u00e9rez<\/strong> es va adjudicar el <strong>Premi de la Muntanya<\/strong>, mentre que els <strong>Metes Volants<\/strong> van ser per a\u00a0<span class=\"hiddenSpellError\">Ade<\/span>\u00a0Moll. A la classificaci\u00f3 per equips, tamb\u00e9 triomfar\u00e0 l&#039;esquadra de l&#039;Hem\u00f3.\u00a0<span class=\"hiddenSpellError\">Restaurant<\/span> Benavent, confirmant una actuaci\u00f3 col\u00b7lectiva impecable.<\/p>\n<h2>Propera cita a X\u00e0bia<\/h2>\n<p>La segona etapa de la Volta Ciclista La Marina tindr\u00e0 lloc el proper diumenge 12 de gener, amb sortida i arribada a X\u00e0bia. Es preveu una jornada emocionant que continuar\u00e0 posant a prova els millors ciclistes de la competici\u00f3.<\/p>\n<p>Amb\u00a0<span class=\"hiddenSuggestion\">aquesta<\/span>\u00a0arrancada espectacular, la Volta Ciclista La Marina promet emocions fortes i una lluita intensa pel lideratge.<\/p>\n<p><script src=\"chrome-extension:\/\/flbolonkboilcbnohjlchlfgdalomdpl\/iFrame.js\" type=\"text\/javascript\"><\/script><\/p>","protected":false},"excerpt":{"rendered":"<p>La Volta Ciclista La Marina 2025 ha comen\u00e7at amb una brillant vict\u00f2ria de Joan\u00a0Cebolla\u00a0(Hem\u00f3n\u00a0Restaurante\u00a0Benavent) en la primera etapa disputada a Bolulla sobre un tra\u00e7at exigent de 55 quil\u00f2metres.\u00a0Cebolla, que va arribar en solitari, es vestix com a primer l\u00edder de la competici\u00f3. Un domini de principi a fi Cebolla\u00a0va travessar la meta amb un avantatge [&#8230;]<\/p>\n<p><a class=\"btn btn-secondary understrap-read-more-link\" href=\"https:\/\/radiolitoral.com\/ca\/2025\/01\/joan-cebolla-lider-en-la-volta-ciclista-a-la-marina\/\">Continua llegint&#8230;<span class=\"screen-reader-text\"> from Joan Cebolla lider en la Volta Ciclista a la Marina<\/span><\/a><\/p>\n","protected":false},"author":12,"featured_media":14312,"comment_status":"open","ping_status":"closed","sticky":false,"template":"","format":"standard","meta":{"_acf_changed":false,"inline_featured_image":false,"footnotes":""},"categories":[5],"tags":[3221,3220,6,3219,3222,3140,3218],"class_list":["post-14311","post","type-post","status-publish","format-standard","has-post-thumbnail","hentry","category-deportes","tag-ade-moll","tag-amadeo-ferrer","tag-deportes","tag-joan-cebolla","tag-miguel-juan-perez","tag-volta-ciclista-a-la-marina","tag-volta-ciclista-la-marina-2025","cobertura-marina-alta"],"acf":[],"yoast_head":"<!-- This site is optimized with the Yoast SEO plugin v27.5 - https:\/\/yoast.com\/product\/yoast-seo-wordpress\/ -->\n<title>Joan Cebolla lider en la Volta Ciclista a la Marina | R\u00e0dio Litoral<\/title>\n<meta name=\"description\" content=\"En la classificaci\u00f3 de la Muntanya mana Miguel Juan i en les Metes Volants el l\u00edder \u00e9s Ade MollEn la classificaci\u00f3 de la Muntanya mana Miguel Juan i en les Metes Volants el l\u00edder \u00e9s Ade Moll\" \/>\n<meta name=\"robots\" content=\"index, follow, max-snippet:-1, max-image-preview:large, max-video-preview:-1\" \/>\n<link rel=\"canonical\" href=\"https:\/\/radiolitoral.com\/ca\/2025\/01\/joan-ceba-lider-a-la-volta-ciclista-a-la-marina\/\" \/>\n<meta property=\"og:locale\" content=\"ca_ES\" \/>\n<meta property=\"og:type\" content=\"article\" \/>\n<meta property=\"og:title\" content=\"Joan Cebolla lider en la Volta Ciclista a la Marina | R\u00e0dio Litoral\" \/>\n<meta property=\"og:description\" content=\"En la classificaci\u00f3 de la Muntanya mana Miguel Juan i en les Metes Volants el l\u00edder \u00e9s Ade MollEn la classificaci\u00f3 de la Muntanya mana Miguel Juan i en les Metes Volants el l\u00edder \u00e9s Ade Moll\" \/>\n<meta property=\"og:url\" content=\"https:\/\/radiolitoral.com\/ca\/2025\/01\/joan-ceba-lider-a-la-volta-ciclista-a-la-marina\/\" \/>\n<meta property=\"og:site_name\" content=\"R\u00e0dio Litoral\" \/>\n<meta property=\"article:publisher\" content=\"https:\/\/www.facebook.com\/Laradiolitoral\/\" \/>\n<meta property=\"article:published_time\" content=\"2025-01-15T09:18:12+00:00\" \/>\n<meta property=\"og:image\" content=\"https:\/\/media.radiolitoral.com\/wp-content\/uploads\/2025\/01\/15101704\/Podio-en-Bolulla.jpg\" \/>\n\t<meta property=\"og:image:width\" content=\"1024\" \/>\n\t<meta property=\"og:image:height\" content=\"641\" \/>\n\t<meta property=\"og:image:type\" content=\"image\/jpeg\" \/>\n<meta name=\"author\" content=\"Javier Zamora\" \/>\n<meta name=\"twitter:card\" content=\"summary_large_image\" \/>\n<meta name=\"twitter:label1\" content=\"Escrit per\" \/>\n\t<meta name=\"twitter:data1\" content=\"Javier Zamora\" \/>\n\t<meta name=\"twitter:label2\" content=\"Temps estimat de lectura\" \/>\n\t<meta name=\"twitter:data2\" content=\"2 minuts\" \/>\n<script type=\"application\/ld+json\" class=\"yoast-schema-graph\">{\"@context\":\"https:\\\/\\\/schema.org\",\"@graph\":[{\"@type\":\"NewsArticle\",\"@id\":\"https:\\\/\\\/radiolitoral.com\\\/2025\\\/01\\\/joan-cebolla-lider-en-la-volta-ciclista-a-la-marina\\\/#article\",\"isPartOf\":{\"@id\":\"https:\\\/\\\/radiolitoral.com\\\/2025\\\/01\\\/joan-cebolla-lider-en-la-volta-ciclista-a-la-marina\\\/\"},\"author\":{\"name\":\"Javier Zamora\",\"@id\":\"https:\\\/\\\/radiolitoral.com\\\/#\\\/schema\\\/person\\\/7b1480b5caeb5acdd4ec6379caf62b22\"},\"headline\":\"Joan Cebolla lider en la Volta Ciclista a la Marina\",\"datePublished\":\"2025-01-15T09:18:12+00:00\",\"mainEntityOfPage\":{\"@id\":\"https:\\\/\\\/radiolitoral.com\\\/2025\\\/01\\\/joan-cebolla-lider-en-la-volta-ciclista-a-la-marina\\\/\"},\"wordCount\":231,\"commentCount\":0,\"publisher\":{\"@id\":\"https:\\\/\\\/radiolitoral.com\\\/#organization\"},\"image\":{\"@id\":\"https:\\\/\\\/radiolitoral.com\\\/2025\\\/01\\\/joan-cebolla-lider-en-la-volta-ciclista-a-la-marina\\\/#primaryimage\"},\"thumbnailUrl\":\"https:\\\/\\\/media.radiolitoral.com\\\/wp-content\\\/uploads\\\/2025\\\/01\\\/15101704\\\/Podio-en-Bolulla.jpg\",\"keywords\":[\"Ade Moll\",\"Amadeo\u00a0Ferrer\",\"deportes\",\"Joan Cebolla\",\"Miguel Juan P\u00e9rez\",\"Volta Ciclista a la Marina\",\"Volta Ciclista La Marina 2025\"],\"articleSection\":[\"Deportes\"],\"inLanguage\":\"ca\",\"potentialAction\":[{\"@type\":\"CommentAction\",\"name\":\"Comment\",\"target\":[\"https:\\\/\\\/radiolitoral.com\\\/2025\\\/01\\\/joan-cebolla-lider-en-la-volta-ciclista-a-la-marina\\\/#respond\"]}]},{\"@type\":[\"WebPage\",\"ItemPage\"],\"@id\":\"https:\\\/\\\/radiolitoral.com\\\/2025\\\/01\\\/joan-cebolla-lider-en-la-volta-ciclista-a-la-marina\\\/\",\"url\":\"https:\\\/\\\/radiolitoral.com\\\/2025\\\/01\\\/joan-cebolla-lider-en-la-volta-ciclista-a-la-marina\\\/\",\"name\":\"Joan Cebolla lider en la Volta Ciclista a la Marina | R\u00e0dio Litoral\",\"isPartOf\":{\"@id\":\"https:\\\/\\\/radiolitoral.com\\\/#website\"},\"primaryImageOfPage\":{\"@id\":\"https:\\\/\\\/radiolitoral.com\\\/2025\\\/01\\\/joan-cebolla-lider-en-la-volta-ciclista-a-la-marina\\\/#primaryimage\"},\"image\":{\"@id\":\"https:\\\/\\\/radiolitoral.com\\\/2025\\\/01\\\/joan-cebolla-lider-en-la-volta-ciclista-a-la-marina\\\/#primaryimage\"},\"thumbnailUrl\":\"https:\\\/\\\/media.radiolitoral.com\\\/wp-content\\\/uploads\\\/2025\\\/01\\\/15101704\\\/Podio-en-Bolulla.jpg\",\"datePublished\":\"2025-01-15T09:18:12+00:00\",\"description\":\"En la classificaci\u00f3 de la Muntanya mana Miguel Juan i en les Metes Volants el l\u00edder \u00e9s Ade MollEn la classificaci\u00f3 de la Muntanya mana Miguel Juan i en les Metes Volants el l\u00edder \u00e9s Ade Moll\",\"breadcrumb\":{\"@id\":\"https:\\\/\\\/radiolitoral.com\\\/2025\\\/01\\\/joan-cebolla-lider-en-la-volta-ciclista-a-la-marina\\\/#breadcrumb\"},\"inLanguage\":\"ca\",\"potentialAction\":[{\"@type\":\"ReadAction\",\"target\":[\"https:\\\/\\\/radiolitoral.com\\\/2025\\\/01\\\/joan-cebolla-lider-en-la-volta-ciclista-a-la-marina\\\/\"]}]},{\"@type\":\"ImageObject\",\"inLanguage\":\"ca\",\"@id\":\"https:\\\/\\\/radiolitoral.com\\\/2025\\\/01\\\/joan-cebolla-lider-en-la-volta-ciclista-a-la-marina\\\/#primaryimage\",\"url\":\"https:\\\/\\\/media.radiolitoral.com\\\/wp-content\\\/uploads\\\/2025\\\/01\\\/15101704\\\/Podio-en-Bolulla.jpg\",\"contentUrl\":\"https:\\\/\\\/media.radiolitoral.com\\\/wp-content\\\/uploads\\\/2025\\\/01\\\/15101704\\\/Podio-en-Bolulla.jpg\",\"width\":1024,\"height\":641},{\"@type\":\"BreadcrumbList\",\"@id\":\"https:\\\/\\\/radiolitoral.com\\\/2025\\\/01\\\/joan-cebolla-lider-en-la-volta-ciclista-a-la-marina\\\/#breadcrumb\",\"itemListElement\":[{\"@type\":\"ListItem\",\"position\":1,\"name\":\"Portada\",\"item\":\"https:\\\/\\\/radiolitoral.com\\\/\"},{\"@type\":\"ListItem\",\"position\":2,\"name\":\"Joan Cebolla lider en la Volta Ciclista a la Marina\"}]},{\"@type\":\"WebSite\",\"@id\":\"https:\\\/\\\/radiolitoral.com\\\/#website\",\"url\":\"https:\\\/\\\/radiolitoral.com\\\/\",\"name\":\"Radio Litoral\",\"description\":\"La radio local de la Marina Alta\",\"publisher\":{\"@id\":\"https:\\\/\\\/radiolitoral.com\\\/#organization\"},\"alternateName\":\"Litoral FM\",\"potentialAction\":[{\"@type\":\"SearchAction\",\"target\":{\"@type\":\"EntryPoint\",\"urlTemplate\":\"https:\\\/\\\/radiolitoral.com\\\/?s={search_term_string}\"},\"query-input\":{\"@type\":\"PropertyValueSpecification\",\"valueRequired\":true,\"valueName\":\"search_term_string\"}}],\"inLanguage\":\"ca\"},{\"@type\":\"Organization\",\"@id\":\"https:\\\/\\\/radiolitoral.com\\\/#organization\",\"name\":\"Radio Litoral\",\"url\":\"https:\\\/\\\/radiolitoral.com\\\/\",\"logo\":{\"@type\":\"ImageObject\",\"inLanguage\":\"ca\",\"@id\":\"https:\\\/\\\/radiolitoral.com\\\/#\\\/schema\\\/logo\\\/image\\\/\",\"url\":\"https:\\\/\\\/media.radiolitoral.com\\\/wp-content\\\/uploads\\\/2023\\\/02\\\/24143238\\\/CL-V-RadioLitoral696.png\",\"contentUrl\":\"https:\\\/\\\/media.radiolitoral.com\\\/wp-content\\\/uploads\\\/2023\\\/02\\\/24143238\\\/CL-V-RadioLitoral696.png\",\"width\":696,\"height\":696,\"caption\":\"Radio Litoral\"},\"image\":{\"@id\":\"https:\\\/\\\/radiolitoral.com\\\/#\\\/schema\\\/logo\\\/image\\\/\"},\"sameAs\":[\"https:\\\/\\\/www.facebook.com\\\/Laradiolitoral\\\/\"]},{\"@type\":\"Person\",\"@id\":\"https:\\\/\\\/radiolitoral.com\\\/#\\\/schema\\\/person\\\/7b1480b5caeb5acdd4ec6379caf62b22\",\"name\":\"Javier Zamora\",\"image\":{\"@type\":\"ImageObject\",\"inLanguage\":\"ca\",\"@id\":\"https:\\\/\\\/secure.gravatar.com\\\/avatar\\\/467a11f6918c7d619c4043fc6fa2d3853053107973f05b6e9c04ea6c4e3a7b3f?s=96&d=mm&r=g\",\"url\":\"https:\\\/\\\/secure.gravatar.com\\\/avatar\\\/467a11f6918c7d619c4043fc6fa2d3853053107973f05b6e9c04ea6c4e3a7b3f?s=96&d=mm&r=g\",\"contentUrl\":\"https:\\\/\\\/secure.gravatar.com\\\/avatar\\\/467a11f6918c7d619c4043fc6fa2d3853053107973f05b6e9c04ea6c4e3a7b3f?s=96&d=mm&r=g\",\"caption\":\"Javier Zamora\"},\"url\":\"https:\\\/\\\/radiolitoral.com\\\/ca\\\/author\\\/javier-zamora\\\/\"}]}<\/script>\n<!-- \/ Yoast SEO plugin. -->","yoast_head_json":{"title":"Joan Ceba l\u00edder a la Volta Ciclista a la Marina | R\u00e0dio Litoral","description":"A la classificaci\u00f3 de la Muntanya raja Miguel Juan ia les Metes Volants el l\u00edder \u00e9s Ade MollA la classificaci\u00f3 de la Muntanya raja Miguel Juan ia les Metes Volants el l\u00edder \u00e9s Ade Moll","robots":{"index":"index","follow":"follow","max-snippet":"max-snippet:-1","max-image-preview":"max-image-preview:large","max-video-preview":"max-video-preview:-1"},"canonical":"https:\/\/radiolitoral.com\/ca\/2025\/01\/joan-ceba-lider-a-la-volta-ciclista-a-la-marina\/","og_locale":"ca_ES","og_type":"article","og_title":"Joan Cebolla lider en la Volta Ciclista a la Marina | R\u00e0dio Litoral","og_description":"En la classificaci\u00f3 de la Muntanya mana Miguel Juan i en les Metes Volants el l\u00edder \u00e9s Ade MollEn la classificaci\u00f3 de la Muntanya mana Miguel Juan i en les Metes Volants el l\u00edder \u00e9s Ade Moll","og_url":"https:\/\/radiolitoral.com\/ca\/2025\/01\/joan-ceba-lider-a-la-volta-ciclista-a-la-marina\/","og_site_name":"R\u00e0dio Litoral","article_publisher":"https:\/\/www.facebook.com\/Laradiolitoral\/","article_published_time":"2025-01-15T09:18:12+00:00","og_image":[{"width":1024,"height":641,"url":"https:\/\/media.radiolitoral.com\/wp-content\/uploads\/2025\/01\/15101704\/Podio-en-Bolulla.jpg","type":"image\/jpeg"}],"author":"Javier Zamora","twitter_card":"summary_large_image","twitter_misc":{"Escrit per":"Javier Zamora","Temps estimat de lectura":"2 minuts"},"schema":{"@context":"https:\/\/schema.org","@graph":[{"@type":"NewsArticle","@id":"https:\/\/radiolitoral.com\/2025\/01\/joan-cebolla-lider-en-la-volta-ciclista-a-la-marina\/#article","isPartOf":{"@id":"https:\/\/radiolitoral.com\/2025\/01\/joan-cebolla-lider-en-la-volta-ciclista-a-la-marina\/"},"author":{"name":"Javier Zamora","@id":"https:\/\/radiolitoral.com\/#\/schema\/person\/7b1480b5caeb5acdd4ec6379caf62b22"},"headline":"Joan Cebolla lider en la Volta Ciclista a la Marina","datePublished":"2025-01-15T09:18:12+00:00","mainEntityOfPage":{"@id":"https:\/\/radiolitoral.com\/2025\/01\/joan-cebolla-lider-en-la-volta-ciclista-a-la-marina\/"},"wordCount":231,"commentCount":0,"publisher":{"@id":"https:\/\/radiolitoral.com\/#organization"},"image":{"@id":"https:\/\/radiolitoral.com\/2025\/01\/joan-cebolla-lider-en-la-volta-ciclista-a-la-marina\/#primaryimage"},"thumbnailUrl":"https:\/\/media.radiolitoral.com\/wp-content\/uploads\/2025\/01\/15101704\/Podio-en-Bolulla.jpg","keywords":["Ade Moll","Amadeo\u00a0Ferrer","deportes","Joan Cebolla","Miguel Juan P\u00e9rez","Volta Ciclista a la Marina","Volta Ciclista La Marina 2025"],"articleSection":["Deportes"],"inLanguage":"ca","potentialAction":[{"@type":"CommentAction","name":"Comment","target":["https:\/\/radiolitoral.com\/2025\/01\/joan-cebolla-lider-en-la-volta-ciclista-a-la-marina\/#respond"]}]},{"@type":["WebPage","ItemPage"],"@id":"https:\/\/radiolitoral.com\/2025\/01\/joan-cebolla-lider-en-la-volta-ciclista-a-la-marina\/","url":"https:\/\/radiolitoral.com\/2025\/01\/joan-cebolla-lider-en-la-volta-ciclista-a-la-marina\/","name":"Joan Ceba l\u00edder a la Volta Ciclista a la Marina | R\u00e0dio Litoral","isPartOf":{"@id":"https:\/\/radiolitoral.com\/#website"},"primaryImageOfPage":{"@id":"https:\/\/radiolitoral.com\/2025\/01\/joan-cebolla-lider-en-la-volta-ciclista-a-la-marina\/#primaryimage"},"image":{"@id":"https:\/\/radiolitoral.com\/2025\/01\/joan-cebolla-lider-en-la-volta-ciclista-a-la-marina\/#primaryimage"},"thumbnailUrl":"https:\/\/media.radiolitoral.com\/wp-content\/uploads\/2025\/01\/15101704\/Podio-en-Bolulla.jpg","datePublished":"2025-01-15T09:18:12+00:00","description":"A la classificaci\u00f3 de la Muntanya raja Miguel Juan ia les Metes Volants el l\u00edder \u00e9s Ade MollA la classificaci\u00f3 de la Muntanya raja Miguel Juan ia les Metes Volants el l\u00edder \u00e9s Ade Moll","breadcrumb":{"@id":"https:\/\/radiolitoral.com\/2025\/01\/joan-cebolla-lider-en-la-volta-ciclista-a-la-marina\/#breadcrumb"},"inLanguage":"ca","potentialAction":[{"@type":"ReadAction","target":["https:\/\/radiolitoral.com\/2025\/01\/joan-cebolla-lider-en-la-volta-ciclista-a-la-marina\/"]}]},{"@type":"ImageObject","inLanguage":"ca","@id":"https:\/\/radiolitoral.com\/2025\/01\/joan-cebolla-lider-en-la-volta-ciclista-a-la-marina\/#primaryimage","url":"https:\/\/media.radiolitoral.com\/wp-content\/uploads\/2025\/01\/15101704\/Podio-en-Bolulla.jpg","contentUrl":"https:\/\/media.radiolitoral.com\/wp-content\/uploads\/2025\/01\/15101704\/Podio-en-Bolulla.jpg","width":1024,"height":641},{"@type":"BreadcrumbList","@id":"https:\/\/radiolitoral.com\/2025\/01\/joan-cebolla-lider-en-la-volta-ciclista-a-la-marina\/#breadcrumb","itemListElement":[{"@type":"ListItem","position":1,"name":"Portada","item":"https:\/\/radiolitoral.com\/"},{"@type":"ListItem","position":2,"name":"Joan Cebolla lider en la Volta Ciclista a la Marina"}]},{"@type":"WebSite","@id":"https:\/\/radiolitoral.com\/#website","url":"https:\/\/radiolitoral.com\/","name":"R\u00e0dio Litoral","description":"La r\u00e0dio local de la Marina Alta","publisher":{"@id":"https:\/\/radiolitoral.com\/#organization"},"alternateName":"Litoral FM","potentialAction":[{"@type":"SearchAction","target":{"@type":"EntryPoint","urlTemplate":"https:\/\/radiolitoral.com\/?s={search_term_string}"},"query-input":{"@type":"PropertyValueSpecification","valueRequired":true,"valueName":"search_term_string"}}],"inLanguage":"ca"},{"@type":"Organization","@id":"https:\/\/radiolitoral.com\/#organization","name":"R\u00e0dio Litoral","url":"https:\/\/radiolitoral.com\/","logo":{"@type":"ImageObject","inLanguage":"ca","@id":"https:\/\/radiolitoral.com\/#\/schema\/logo\/image\/","url":"https:\/\/media.radiolitoral.com\/wp-content\/uploads\/2023\/02\/24143238\/CL-V-RadioLitoral696.png","contentUrl":"https:\/\/media.radiolitoral.com\/wp-content\/uploads\/2023\/02\/24143238\/CL-V-RadioLitoral696.png","width":696,"height":696,"caption":"Radio Litoral"},"image":{"@id":"https:\/\/radiolitoral.com\/#\/schema\/logo\/image\/"},"sameAs":["https:\/\/www.facebook.com\/Laradiolitoral\/"]},{"@type":"Person","@id":"https:\/\/radiolitoral.com\/#\/schema\/person\/7b1480b5caeb5acdd4ec6379caf62b22","name":"Javier Zamora","image":{"@type":"ImageObject","inLanguage":"ca","@id":"https:\/\/secure.gravatar.com\/avatar\/467a11f6918c7d619c4043fc6fa2d3853053107973f05b6e9c04ea6c4e3a7b3f?s=96&d=mm&r=g","url":"https:\/\/secure.gravatar.com\/avatar\/467a11f6918c7d619c4043fc6fa2d3853053107973f05b6e9c04ea6c4e3a7b3f?s=96&d=mm&r=g","contentUrl":"https:\/\/secure.gravatar.com\/avatar\/467a11f6918c7d619c4043fc6fa2d3853053107973f05b6e9c04ea6c4e3a7b3f?s=96&d=mm&r=g","caption":"Javier Zamora"},"url":"https:\/\/radiolitoral.com\/ca\/author\/javier-zamora\/"}]}},"_links":{"self":[{"href":"https:\/\/radiolitoral.com\/ca\/wp-json\/wp\/v2\/posts\/14311","targetHints":{"allow":["GET"]}}],"collection":[{"href":"https:\/\/radiolitoral.com\/ca\/wp-json\/wp\/v2\/posts"}],"about":[{"href":"https:\/\/radiolitoral.com\/ca\/wp-json\/wp\/v2\/types\/post"}],"author":[{"embeddable":true,"href":"https:\/\/radiolitoral.com\/ca\/wp-json\/wp\/v2\/users\/12"}],"replies":[{"embeddable":true,"href":"https:\/\/radiolitoral.com\/ca\/wp-json\/wp\/v2\/comments?post=14311"}],"version-history":[{"count":2,"href":"https:\/\/radiolitoral.com\/ca\/wp-json\/wp\/v2\/posts\/14311\/revisions"}],"predecessor-version":[{"id":14314,"href":"https:\/\/radiolitoral.com\/ca\/wp-json\/wp\/v2\/posts\/14311\/revisions\/14314"}],"wp:featuredmedia":[{"embeddable":true,"href":"https:\/\/radiolitoral.com\/ca\/wp-json\/wp\/v2\/media\/14312"}],"wp:attachment":[{"href":"https:\/\/radiolitoral.com\/ca\/wp-json\/wp\/v2\/media?parent=14311"}],"wp:term":[{"taxonomy":"category","embeddable":true,"href":"https:\/\/radiolitoral.com\/ca\/wp-json\/wp\/v2\/categories?post=14311"},{"taxonomy":"post_tag","embeddable":true,"href":"https:\/\/radiolitoral.com\/ca\/wp-json\/wp\/v2\/tags?post=14311"}],"curies":[{"name":"wp","href":"https:\/\/api.w.org\/{rel}","templated":true}]}}