{"id":14274,"date":"2025-01-13T17:07:40","date_gmt":"2025-01-13T16:07:40","guid":{"rendered":"https:\/\/radiolitoral.com\/?p=14274"},"modified":"2025-01-13T17:07:40","modified_gmt":"2025-01-13T16:07:40","slug":"josep-ivars-convida-a-tots-per-gaudir-de-sant-antoni-i-els-dimonis","status":"publish","type":"post","link":"https:\/\/radiolitoral.com\/ca\/2025\/01\/josep-ivars-convide-a-tots-per-a-gaudir-de-sant-antoni-i-els-dimonis\/","title":{"rendered":"Josep Ivars: \u00abConvideu a tots per gaudir de Sant Antoni i els Dimonis\u00bb"},"content":{"rendered":"<p><strong>Moraira<\/strong> dona el tret d&#039;eixida a la <strong>festivitat de Sant Antoni<\/strong>, patr\u00f3 dels animals, amb un intens programa d&#039;actes que s&#039;estendr\u00e0 del <strong>17 al 19 de gener<\/strong>. L&#039;organitzaci\u00f3, liderada pel<strong> Grup de Teatre El Portitxolet<\/strong> i el suport de l&#039;Ajuntament de Teulada, ofereix una proposta cultural i tradicional per a ve\u00efns i visitants.<\/p>\n<p>Per parlar sobre la seva <strong>programaci\u00f3<\/strong>, hem xarrat amb el regidor de Joventut, <strong>Josep Ivars<\/strong>. Despr\u00e9s de repassar la programaci\u00f3, que arrenca el divendres amb <strong>l&#039;entrada del pi<\/strong>, un dels esdeveniments m\u00e9s destacats que arrenca des del Fort\u00ed, Ivars ha remarcat la import\u00e0ncia de l&#039;esdeveniment per a la ciutat. &quot;Tant el teatre El Portitxolet com els seus acompanyants portaran el pi fins a la pla\u00e7a de l&#039;Esgl\u00e9sia a les 12 hores del dissabte&quot;, ha comentat el regidor.<\/p>\n<p>Ivars ha destacat la representaci\u00f3 teatral de \u00ab<strong>Sant Antoni i els dimonis<\/strong>\u00ab, que se celebra el dissabte a les 20 hores a la pla\u00e7a de l&#039;Esgl\u00e9sia. \u00ab\u00c9s una de les celebracions m\u00e9s curioses i convida a tothom que vulgui descobrir una mica m\u00e9s a venir a gaudir-la\u00bb, va assegurar Ivars.<\/p>\n<p>Podeu escortar l&#039;entrevista \u00edntegra en aquest enlla\u00e7.<\/p>\n<audio class=\"wp-audio-shortcode\" id=\"audio-14274-1\" preload=\"none\" style=\"width: 100%;\" controls=\"controls\"><source type=\"audio\/mpeg\" src=\"https:\/\/media.radiolitoral.com\/wp-content\/uploads\/2025\/01\/13165704\/Josep-Vives-Entrevista-Sant-Antoni-Moraira.mp3?_=1\" \/><a href=\"https:\/\/media.radiolitoral.com\/wp-content\/uploads\/2025\/01\/13165704\/Josep-Vives-Entrevista-Sant-Antoni-Moraira.mp3\">https:\/\/media.radiolitoral.com\/wp-content\/uploads\/2025\/01\/13165704\/Josep-Vives-Entrevista-Sant-Antoni-Moraira.mp3<\/a><\/audio>","protected":false},"excerpt":{"rendered":"<p>Moraira dona el tret d&#8217;eixida a la festivitat de Sant Antoni, patr\u00f3 dels animals, amb un intens programa d&#8217;actes que s&#8217;estendr\u00e0 del 17 al 19 de gener. L&#8217;organitzaci\u00f3, liderada pel Grup de Teatre El Portitxolet i el suport de l&#8217;Ajuntament de Teulada, oferix una proposta cultural i tradicional per a ve\u00efns i visitants. Per a [&#8230;]<\/p>\n<p><a class=\"btn btn-secondary understrap-read-more-link\" href=\"https:\/\/radiolitoral.com\/ca\/2025\/01\/josep-ivars-convide-a-tots-per-a-gaudir-de-sant-antoni-i-els-dimonis\/\">Continua llegint&#8230;<span class=\"screen-reader-text\"> from Josep Ivars: \u00abConvide a tots per a gaudir de Sant Antoni i els Dimonis\u00bb<\/span><\/a><\/p>\n","protected":false},"author":14,"featured_media":14276,"comment_status":"open","ping_status":"closed","sticky":false,"template":"","format":"standard","meta":{"_acf_changed":false,"inline_featured_image":false,"footnotes":""},"categories":[276],"tags":[3185,147,1744,3184,195],"class_list":["post-14274","post","type-post","status-publish","format-standard","has-post-thumbnail","hentry","category-fiestas","tag-dimonis-moraira","tag-moraira","tag-sant-antoni","tag-sant-antoni-moraira","tag-teulada-moraira","cobertura-teulada-moraira"],"acf":[],"yoast_head":"<!-- This site is optimized with the Yoast SEO plugin v27.5 - https:\/\/yoast.com\/product\/yoast-seo-wordpress\/ -->\n<title>Josep Ivars: &quot;Convide a tots per a gaudir de Sant Antoni i els Dimonis&quot; | R\u00e0dio Litoral<\/title>\n<meta name=\"description\" content=\"La festivitat del patr\u00f3 dels animals es celebra del 17 al 19 de gener a Moraira\" \/>\n<meta name=\"robots\" content=\"index, follow, max-snippet:-1, max-image-preview:large, max-video-preview:-1\" \/>\n<link rel=\"canonical\" href=\"https:\/\/radiolitoral.com\/ca\/2025\/01\/josep-ivars-convida-a-tots-per-gaudir-de-sant-antoni-i-els-dimonis\/\" \/>\n<meta property=\"og:locale\" content=\"ca_ES\" \/>\n<meta property=\"og:type\" content=\"article\" \/>\n<meta property=\"og:title\" content=\"Josep Ivars: &quot;Convide a tots per a gaudir de Sant Antoni i els Dimonis&quot; | R\u00e0dio Litoral\" \/>\n<meta property=\"og:description\" content=\"La festivitat del patr\u00f3 dels animals es celebra del 17 al 19 de gener a Moraira\" \/>\n<meta property=\"og:url\" content=\"https:\/\/radiolitoral.com\/ca\/2025\/01\/josep-ivars-convida-a-tots-per-gaudir-de-sant-antoni-i-els-dimonis\/\" \/>\n<meta property=\"og:site_name\" content=\"R\u00e0dio Litoral\" \/>\n<meta property=\"article:publisher\" content=\"https:\/\/www.facebook.com\/Laradiolitoral\/\" \/>\n<meta property=\"article:published_time\" content=\"2025-01-13T16:07:40+00:00\" \/>\n<meta property=\"og:image\" content=\"https:\/\/media.radiolitoral.com\/wp-content\/uploads\/2025\/01\/13170729\/sant-antoni-moraira.jpg\" \/>\n\t<meta property=\"og:image:width\" content=\"2048\" \/>\n\t<meta property=\"og:image:height\" content=\"1365\" \/>\n\t<meta property=\"og:image:type\" content=\"image\/jpeg\" \/>\n<meta name=\"author\" content=\"Redacci\u00f3n\" \/>\n<meta name=\"twitter:card\" content=\"summary_large_image\" \/>\n<meta name=\"twitter:label1\" content=\"Escrit per\" \/>\n\t<meta name=\"twitter:data1\" content=\"Redacci\u00f3n\" \/>\n\t<meta name=\"twitter:label2\" content=\"Temps estimat de lectura\" \/>\n\t<meta name=\"twitter:data2\" content=\"2 minuts\" \/>\n<script type=\"application\/ld+json\" class=\"yoast-schema-graph\">{\"@context\":\"https:\\\/\\\/schema.org\",\"@graph\":[{\"@type\":\"NewsArticle\",\"@id\":\"https:\\\/\\\/radiolitoral.com\\\/2025\\\/01\\\/josep-ivars-convide-a-tots-per-a-gaudir-de-sant-antoni-i-els-dimonis\\\/#article\",\"isPartOf\":{\"@id\":\"https:\\\/\\\/radiolitoral.com\\\/2025\\\/01\\\/josep-ivars-convide-a-tots-per-a-gaudir-de-sant-antoni-i-els-dimonis\\\/\"},\"author\":{\"name\":\"Redacci\u00f3n\",\"@id\":\"https:\\\/\\\/radiolitoral.com\\\/#\\\/schema\\\/person\\\/96b739642eb3bedb532aac3812d23307\"},\"headline\":\"Josep Ivars: \u00abConvide a tots per a gaudir de Sant Antoni i els Dimonis\u00bb\",\"datePublished\":\"2025-01-13T16:07:40+00:00\",\"mainEntityOfPage\":{\"@id\":\"https:\\\/\\\/radiolitoral.com\\\/2025\\\/01\\\/josep-ivars-convide-a-tots-per-a-gaudir-de-sant-antoni-i-els-dimonis\\\/\"},\"wordCount\":228,\"commentCount\":0,\"publisher\":{\"@id\":\"https:\\\/\\\/radiolitoral.com\\\/#organization\"},\"image\":{\"@id\":\"https:\\\/\\\/radiolitoral.com\\\/2025\\\/01\\\/josep-ivars-convide-a-tots-per-a-gaudir-de-sant-antoni-i-els-dimonis\\\/#primaryimage\"},\"thumbnailUrl\":\"https:\\\/\\\/media.radiolitoral.com\\\/wp-content\\\/uploads\\\/2025\\\/01\\\/13170729\\\/sant-antoni-moraira.jpg\",\"keywords\":[\"dimonis Moraira\",\"Moraira\",\"Sant Antoni\",\"Sant Antoni Moraira\",\"Teulada-Moraira\"],\"articleSection\":[\"Fiestas\"],\"inLanguage\":\"ca\",\"potentialAction\":[{\"@type\":\"CommentAction\",\"name\":\"Comment\",\"target\":[\"https:\\\/\\\/radiolitoral.com\\\/2025\\\/01\\\/josep-ivars-convide-a-tots-per-a-gaudir-de-sant-antoni-i-els-dimonis\\\/#respond\"]}]},{\"@type\":[\"WebPage\",\"ItemPage\"],\"@id\":\"https:\\\/\\\/radiolitoral.com\\\/2025\\\/01\\\/josep-ivars-convide-a-tots-per-a-gaudir-de-sant-antoni-i-els-dimonis\\\/\",\"url\":\"https:\\\/\\\/radiolitoral.com\\\/2025\\\/01\\\/josep-ivars-convide-a-tots-per-a-gaudir-de-sant-antoni-i-els-dimonis\\\/\",\"name\":\"Josep Ivars: \\\"Convide a tots per a gaudir de Sant Antoni i els Dimonis\\\" | R\u00e0dio Litoral\",\"isPartOf\":{\"@id\":\"https:\\\/\\\/radiolitoral.com\\\/#website\"},\"primaryImageOfPage\":{\"@id\":\"https:\\\/\\\/radiolitoral.com\\\/2025\\\/01\\\/josep-ivars-convide-a-tots-per-a-gaudir-de-sant-antoni-i-els-dimonis\\\/#primaryimage\"},\"image\":{\"@id\":\"https:\\\/\\\/radiolitoral.com\\\/2025\\\/01\\\/josep-ivars-convide-a-tots-per-a-gaudir-de-sant-antoni-i-els-dimonis\\\/#primaryimage\"},\"thumbnailUrl\":\"https:\\\/\\\/media.radiolitoral.com\\\/wp-content\\\/uploads\\\/2025\\\/01\\\/13170729\\\/sant-antoni-moraira.jpg\",\"datePublished\":\"2025-01-13T16:07:40+00:00\",\"description\":\"La festivitat del patr\u00f3 dels animals es celebra del 17 al 19 de gener a Moraira\",\"breadcrumb\":{\"@id\":\"https:\\\/\\\/radiolitoral.com\\\/2025\\\/01\\\/josep-ivars-convide-a-tots-per-a-gaudir-de-sant-antoni-i-els-dimonis\\\/#breadcrumb\"},\"inLanguage\":\"ca\",\"potentialAction\":[{\"@type\":\"ReadAction\",\"target\":[\"https:\\\/\\\/radiolitoral.com\\\/2025\\\/01\\\/josep-ivars-convide-a-tots-per-a-gaudir-de-sant-antoni-i-els-dimonis\\\/\"]}]},{\"@type\":\"ImageObject\",\"inLanguage\":\"ca\",\"@id\":\"https:\\\/\\\/radiolitoral.com\\\/2025\\\/01\\\/josep-ivars-convide-a-tots-per-a-gaudir-de-sant-antoni-i-els-dimonis\\\/#primaryimage\",\"url\":\"https:\\\/\\\/media.radiolitoral.com\\\/wp-content\\\/uploads\\\/2025\\\/01\\\/13170729\\\/sant-antoni-moraira.jpg\",\"contentUrl\":\"https:\\\/\\\/media.radiolitoral.com\\\/wp-content\\\/uploads\\\/2025\\\/01\\\/13170729\\\/sant-antoni-moraira.jpg\",\"width\":2048,\"height\":1365},{\"@type\":\"BreadcrumbList\",\"@id\":\"https:\\\/\\\/radiolitoral.com\\\/2025\\\/01\\\/josep-ivars-convide-a-tots-per-a-gaudir-de-sant-antoni-i-els-dimonis\\\/#breadcrumb\",\"itemListElement\":[{\"@type\":\"ListItem\",\"position\":1,\"name\":\"Portada\",\"item\":\"https:\\\/\\\/radiolitoral.com\\\/\"},{\"@type\":\"ListItem\",\"position\":2,\"name\":\"Josep Ivars: \u00abConvide a tots per a gaudir de Sant Antoni i els Dimonis\u00bb\"}]},{\"@type\":\"WebSite\",\"@id\":\"https:\\\/\\\/radiolitoral.com\\\/#website\",\"url\":\"https:\\\/\\\/radiolitoral.com\\\/\",\"name\":\"Radio Litoral\",\"description\":\"La radio local de la Marina Alta\",\"publisher\":{\"@id\":\"https:\\\/\\\/radiolitoral.com\\\/#organization\"},\"alternateName\":\"Litoral FM\",\"potentialAction\":[{\"@type\":\"SearchAction\",\"target\":{\"@type\":\"EntryPoint\",\"urlTemplate\":\"https:\\\/\\\/radiolitoral.com\\\/?s={search_term_string}\"},\"query-input\":{\"@type\":\"PropertyValueSpecification\",\"valueRequired\":true,\"valueName\":\"search_term_string\"}}],\"inLanguage\":\"ca\"},{\"@type\":\"Organization\",\"@id\":\"https:\\\/\\\/radiolitoral.com\\\/#organization\",\"name\":\"Radio Litoral\",\"url\":\"https:\\\/\\\/radiolitoral.com\\\/\",\"logo\":{\"@type\":\"ImageObject\",\"inLanguage\":\"ca\",\"@id\":\"https:\\\/\\\/radiolitoral.com\\\/#\\\/schema\\\/logo\\\/image\\\/\",\"url\":\"https:\\\/\\\/media.radiolitoral.com\\\/wp-content\\\/uploads\\\/2023\\\/02\\\/24143238\\\/CL-V-RadioLitoral696.png\",\"contentUrl\":\"https:\\\/\\\/media.radiolitoral.com\\\/wp-content\\\/uploads\\\/2023\\\/02\\\/24143238\\\/CL-V-RadioLitoral696.png\",\"width\":696,\"height\":696,\"caption\":\"Radio Litoral\"},\"image\":{\"@id\":\"https:\\\/\\\/radiolitoral.com\\\/#\\\/schema\\\/logo\\\/image\\\/\"},\"sameAs\":[\"https:\\\/\\\/www.facebook.com\\\/Laradiolitoral\\\/\"]},{\"@type\":\"Person\",\"@id\":\"https:\\\/\\\/radiolitoral.com\\\/#\\\/schema\\\/person\\\/96b739642eb3bedb532aac3812d23307\",\"name\":\"Redacci\u00f3n\",\"image\":{\"@type\":\"ImageObject\",\"inLanguage\":\"ca\",\"@id\":\"https:\\\/\\\/secure.gravatar.com\\\/avatar\\\/30cd06129ee90411dd9c7cbdcf17464181d1a3c7b072e92070ea75a25cf0097e?s=96&d=mm&r=g\",\"url\":\"https:\\\/\\\/secure.gravatar.com\\\/avatar\\\/30cd06129ee90411dd9c7cbdcf17464181d1a3c7b072e92070ea75a25cf0097e?s=96&d=mm&r=g\",\"contentUrl\":\"https:\\\/\\\/secure.gravatar.com\\\/avatar\\\/30cd06129ee90411dd9c7cbdcf17464181d1a3c7b072e92070ea75a25cf0097e?s=96&d=mm&r=g\",\"caption\":\"Redacci\u00f3n\"},\"url\":\"https:\\\/\\\/radiolitoral.com\\\/ca\\\/author\\\/kevin-carrio\\\/\"}]}<\/script>\n<!-- \/ Yoast SEO plugin. -->","yoast_head_json":{"title":"Josep Ivars: &quot;Convideu a tots per gaudir de Sant Antoni i els Dimonis&quot; | R\u00e0dio Litoral","description":"La festivitat del patr\u00f3 dels animals \u00e9s celebra del 17 al 19 de gener a Moraira","robots":{"index":"index","follow":"follow","max-snippet":"max-snippet:-1","max-image-preview":"max-image-preview:large","max-video-preview":"max-video-preview:-1"},"canonical":"https:\/\/radiolitoral.com\/ca\/2025\/01\/josep-ivars-convida-a-tots-per-gaudir-de-sant-antoni-i-els-dimonis\/","og_locale":"ca_ES","og_type":"article","og_title":"Josep Ivars: \"Convide a tots per a gaudir de Sant Antoni i els Dimonis\" | R\u00e0dio Litoral","og_description":"La festivitat del patr\u00f3 dels animals es celebra del 17 al 19 de gener a Moraira","og_url":"https:\/\/radiolitoral.com\/ca\/2025\/01\/josep-ivars-convida-a-tots-per-gaudir-de-sant-antoni-i-els-dimonis\/","og_site_name":"R\u00e0dio Litoral","article_publisher":"https:\/\/www.facebook.com\/Laradiolitoral\/","article_published_time":"2025-01-13T16:07:40+00:00","og_image":[{"width":2048,"height":1365,"url":"https:\/\/media.radiolitoral.com\/wp-content\/uploads\/2025\/01\/13170729\/sant-antoni-moraira.jpg","type":"image\/jpeg"}],"author":"Redacci\u00f3n","twitter_card":"summary_large_image","twitter_misc":{"Escrit per":"Redacci\u00f3n","Temps estimat de lectura":"2 minuts"},"schema":{"@context":"https:\/\/schema.org","@graph":[{"@type":"NewsArticle","@id":"https:\/\/radiolitoral.com\/2025\/01\/josep-ivars-convide-a-tots-per-a-gaudir-de-sant-antoni-i-els-dimonis\/#article","isPartOf":{"@id":"https:\/\/radiolitoral.com\/2025\/01\/josep-ivars-convide-a-tots-per-a-gaudir-de-sant-antoni-i-els-dimonis\/"},"author":{"name":"Redacci\u00f3n","@id":"https:\/\/radiolitoral.com\/#\/schema\/person\/96b739642eb3bedb532aac3812d23307"},"headline":"Josep Ivars: \u00abConvide a tots per a gaudir de Sant Antoni i els Dimonis\u00bb","datePublished":"2025-01-13T16:07:40+00:00","mainEntityOfPage":{"@id":"https:\/\/radiolitoral.com\/2025\/01\/josep-ivars-convide-a-tots-per-a-gaudir-de-sant-antoni-i-els-dimonis\/"},"wordCount":228,"commentCount":0,"publisher":{"@id":"https:\/\/radiolitoral.com\/#organization"},"image":{"@id":"https:\/\/radiolitoral.com\/2025\/01\/josep-ivars-convide-a-tots-per-a-gaudir-de-sant-antoni-i-els-dimonis\/#primaryimage"},"thumbnailUrl":"https:\/\/media.radiolitoral.com\/wp-content\/uploads\/2025\/01\/13170729\/sant-antoni-moraira.jpg","keywords":["dimonis Moraira","Moraira","Sant Antoni","Sant Antoni Moraira","Teulada-Moraira"],"articleSection":["Fiestas"],"inLanguage":"ca","potentialAction":[{"@type":"CommentAction","name":"Comment","target":["https:\/\/radiolitoral.com\/2025\/01\/josep-ivars-convide-a-tots-per-a-gaudir-de-sant-antoni-i-els-dimonis\/#respond"]}]},{"@type":["WebPage","ItemPage"],"@id":"https:\/\/radiolitoral.com\/2025\/01\/josep-ivars-convide-a-tots-per-a-gaudir-de-sant-antoni-i-els-dimonis\/","url":"https:\/\/radiolitoral.com\/2025\/01\/josep-ivars-convide-a-tots-per-a-gaudir-de-sant-antoni-i-els-dimonis\/","name":"Josep Ivars: &quot;Convideu a tots per gaudir de Sant Antoni i els Dimonis&quot; | R\u00e0dio Litoral","isPartOf":{"@id":"https:\/\/radiolitoral.com\/#website"},"primaryImageOfPage":{"@id":"https:\/\/radiolitoral.com\/2025\/01\/josep-ivars-convide-a-tots-per-a-gaudir-de-sant-antoni-i-els-dimonis\/#primaryimage"},"image":{"@id":"https:\/\/radiolitoral.com\/2025\/01\/josep-ivars-convide-a-tots-per-a-gaudir-de-sant-antoni-i-els-dimonis\/#primaryimage"},"thumbnailUrl":"https:\/\/media.radiolitoral.com\/wp-content\/uploads\/2025\/01\/13170729\/sant-antoni-moraira.jpg","datePublished":"2025-01-13T16:07:40+00:00","description":"La festivitat del patr\u00f3 dels animals \u00e9s celebra del 17 al 19 de gener a Moraira","breadcrumb":{"@id":"https:\/\/radiolitoral.com\/2025\/01\/josep-ivars-convide-a-tots-per-a-gaudir-de-sant-antoni-i-els-dimonis\/#breadcrumb"},"inLanguage":"ca","potentialAction":[{"@type":"ReadAction","target":["https:\/\/radiolitoral.com\/2025\/01\/josep-ivars-convide-a-tots-per-a-gaudir-de-sant-antoni-i-els-dimonis\/"]}]},{"@type":"ImageObject","inLanguage":"ca","@id":"https:\/\/radiolitoral.com\/2025\/01\/josep-ivars-convide-a-tots-per-a-gaudir-de-sant-antoni-i-els-dimonis\/#primaryimage","url":"https:\/\/media.radiolitoral.com\/wp-content\/uploads\/2025\/01\/13170729\/sant-antoni-moraira.jpg","contentUrl":"https:\/\/media.radiolitoral.com\/wp-content\/uploads\/2025\/01\/13170729\/sant-antoni-moraira.jpg","width":2048,"height":1365},{"@type":"BreadcrumbList","@id":"https:\/\/radiolitoral.com\/2025\/01\/josep-ivars-convide-a-tots-per-a-gaudir-de-sant-antoni-i-els-dimonis\/#breadcrumb","itemListElement":[{"@type":"ListItem","position":1,"name":"Portada","item":"https:\/\/radiolitoral.com\/"},{"@type":"ListItem","position":2,"name":"Josep Ivars: \u00abConvide a tots per a gaudir de Sant Antoni i els Dimonis\u00bb"}]},{"@type":"WebSite","@id":"https:\/\/radiolitoral.com\/#website","url":"https:\/\/radiolitoral.com\/","name":"R\u00e0dio Litoral","description":"La r\u00e0dio local de la Marina Alta","publisher":{"@id":"https:\/\/radiolitoral.com\/#organization"},"alternateName":"Litoral FM","potentialAction":[{"@type":"SearchAction","target":{"@type":"EntryPoint","urlTemplate":"https:\/\/radiolitoral.com\/?s={search_term_string}"},"query-input":{"@type":"PropertyValueSpecification","valueRequired":true,"valueName":"search_term_string"}}],"inLanguage":"ca"},{"@type":"Organization","@id":"https:\/\/radiolitoral.com\/#organization","name":"R\u00e0dio Litoral","url":"https:\/\/radiolitoral.com\/","logo":{"@type":"ImageObject","inLanguage":"ca","@id":"https:\/\/radiolitoral.com\/#\/schema\/logo\/image\/","url":"https:\/\/media.radiolitoral.com\/wp-content\/uploads\/2023\/02\/24143238\/CL-V-RadioLitoral696.png","contentUrl":"https:\/\/media.radiolitoral.com\/wp-content\/uploads\/2023\/02\/24143238\/CL-V-RadioLitoral696.png","width":696,"height":696,"caption":"Radio Litoral"},"image":{"@id":"https:\/\/radiolitoral.com\/#\/schema\/logo\/image\/"},"sameAs":["https:\/\/www.facebook.com\/Laradiolitoral\/"]},{"@type":"Person","@id":"https:\/\/radiolitoral.com\/#\/schema\/person\/96b739642eb3bedb532aac3812d23307","name":"Redacci\u00f3","image":{"@type":"ImageObject","inLanguage":"ca","@id":"https:\/\/secure.gravatar.com\/avatar\/30cd06129ee90411dd9c7cbdcf17464181d1a3c7b072e92070ea75a25cf0097e?s=96&d=mm&r=g","url":"https:\/\/secure.gravatar.com\/avatar\/30cd06129ee90411dd9c7cbdcf17464181d1a3c7b072e92070ea75a25cf0097e?s=96&d=mm&r=g","contentUrl":"https:\/\/secure.gravatar.com\/avatar\/30cd06129ee90411dd9c7cbdcf17464181d1a3c7b072e92070ea75a25cf0097e?s=96&d=mm&r=g","caption":"Redacci\u00f3n"},"url":"https:\/\/radiolitoral.com\/ca\/author\/kevin-carrio\/"}]}},"_links":{"self":[{"href":"https:\/\/radiolitoral.com\/ca\/wp-json\/wp\/v2\/posts\/14274","targetHints":{"allow":["GET"]}}],"collection":[{"href":"https:\/\/radiolitoral.com\/ca\/wp-json\/wp\/v2\/posts"}],"about":[{"href":"https:\/\/radiolitoral.com\/ca\/wp-json\/wp\/v2\/types\/post"}],"author":[{"embeddable":true,"href":"https:\/\/radiolitoral.com\/ca\/wp-json\/wp\/v2\/users\/14"}],"replies":[{"embeddable":true,"href":"https:\/\/radiolitoral.com\/ca\/wp-json\/wp\/v2\/comments?post=14274"}],"version-history":[{"count":1,"href":"https:\/\/radiolitoral.com\/ca\/wp-json\/wp\/v2\/posts\/14274\/revisions"}],"predecessor-version":[{"id":14277,"href":"https:\/\/radiolitoral.com\/ca\/wp-json\/wp\/v2\/posts\/14274\/revisions\/14277"}],"wp:featuredmedia":[{"embeddable":true,"href":"https:\/\/radiolitoral.com\/ca\/wp-json\/wp\/v2\/media\/14276"}],"wp:attachment":[{"href":"https:\/\/radiolitoral.com\/ca\/wp-json\/wp\/v2\/media?parent=14274"}],"wp:term":[{"taxonomy":"category","embeddable":true,"href":"https:\/\/radiolitoral.com\/ca\/wp-json\/wp\/v2\/categories?post=14274"},{"taxonomy":"post_tag","embeddable":true,"href":"https:\/\/radiolitoral.com\/ca\/wp-json\/wp\/v2\/tags?post=14274"}],"curies":[{"name":"wp","href":"https:\/\/api.w.org\/{rel}","templated":true}]}}