{"id":14240,"date":"2025-01-13T11:19:55","date_gmt":"2025-01-13T10:19:55","guid":{"rendered":"https:\/\/radiolitoral.com\/?p=14240"},"modified":"2025-01-13T11:19:55","modified_gmt":"2025-01-13T10:19:55","slug":"victoria-important-de-la-ut-calp-sobre-el-cf-gandia","status":"publish","type":"post","link":"https:\/\/radiolitoral.com\/ca\/2025\/01\/victoria-important-de-la-ud-calpe-sobre-el-cf-gandia\/","title":{"rendered":"Vict\u00f2ria important de la UD Calp sobre el CF Gandia"},"content":{"rendered":"<p>La\u00a0<strong>UD Calp<\/strong>\u00a0va obrir el 2025 amb un triomf important al seu camp davant el\u00a0<strong>CF Gandia<\/strong>\u00a0per\u00a0<strong>1-0<\/strong>, un resultat que permet a l&#039;equip recuperar confian\u00e7a i tallar una din\u00e0mica negativa de resultats. Tot i que no ser\u00e0 un partit brillant, la vict\u00f2ria suposa un impuls per als calpins en aquesta segona part de la temporada.<\/p>\n<p>El partit va comen\u00e7ar amb molta irregularitat al joc per part dels dos equips, per\u00f2 els locals van aprofitar la seva primera arribada clara.\u00a0<strong>Xabi<\/strong>, atent a un bal\u00f3 solt a l&#039;\u00e0rea, batre el porter\u00a0<strong>Maxi<\/strong>\u00a0per posar l&#039;<strong>1-0<\/strong>\u00a0al marcador. Despr\u00e9s del gol, el\u00a0<strong>CF Gandia<\/strong>\u00a0va mostrar m\u00e9s profunditat en atac, per\u00f2 va evidenciar greus problemes d&#039;encert a les seves rematades.<\/p>\n<p>A la segona meitat, el\u00a0<strong>CF Gandia<\/strong>, dirigit per\u00a0<strong>Diego Mi\u00f1ana<\/strong>, va buscar l&#039;empat amb insist\u00e8ncia i intensitat. Els calpins van cedir metres, replegant-se amb ordre i intentant sorprendre el contraatac. Tot i la seva ambici\u00f3, els visitants pagaren la manca d&#039;ordre i definici\u00f3, deixant escapar oportunitats per igualar el partit.<\/p>\n<p>Amb el xiulet final, la\u00a0<strong>UD Calp<\/strong>\u00a0va celebrar una vict\u00f2ria molt necess\u00e0ria que pot marcar un punt d&#039;inflexi\u00f3. Tot i les debilitats encara presents, aquest triomf permet als calpins agafar aire i afrontar amb m\u00e9s confian\u00e7a els propers compromisos.\u00a0<strong>Un pas endavant per a un equip que busca consolidar-se i superar les adversitats.<\/strong><\/p>\n<p><script src=\"chrome-extension:\/\/flbolonkboilcbnohjlchlfgdalomdpl\/iFrame.js\" type=\"text\/javascript\"><\/script><\/p>","protected":false},"excerpt":{"rendered":"<p>La\u00a0UD Calpe\u00a0va obrir el 2025 amb un triomf important al seu camp davant el\u00a0CF Gandia\u00a0per\u00a01-0, un resultat que permet a l\u2019equip recuperar confian\u00e7a i tallar una din\u00e0mica negativa de resultats. Tot i que no va ser un partit brillant, la vict\u00f2ria suposa un impuls per als calpins en aquesta segona part de la temporada. El [&#8230;]<\/p>\n<p><a class=\"btn btn-secondary understrap-read-more-link\" href=\"https:\/\/radiolitoral.com\/ca\/2025\/01\/victoria-important-de-la-ud-calpe-sobre-el-cf-gandia\/\">Continua llegint&#8230;<span class=\"screen-reader-text\"> from Vict\u00f2ria important de la UD Calpe sobre el CF Gandia<\/span><\/a><\/p>\n","protected":false},"author":12,"featured_media":14241,"comment_status":"open","ping_status":"closed","sticky":false,"template":"","format":"standard","meta":{"_acf_changed":false,"inline_featured_image":false,"footnotes":""},"categories":[5],"tags":[2003,6,1663,892,889],"class_list":["post-14240","post","type-post","status-publish","format-standard","has-post-thumbnail","hentry","category-deportes","tag-cf-gandia","tag-deportes","tag-diego-minana","tag-lauro-techeira","tag-ud-calpe","cobertura-calp"],"acf":[],"yoast_head":"<!-- This site is optimized with the Yoast SEO plugin v27.5 - https:\/\/yoast.com\/product\/yoast-seo-wordpress\/ -->\n<title>Vict\u00f2ria important de la UD Calpe sobre el CF Gandia | R\u00e0dio Litoral<\/title>\n<meta name=\"description\" content=\"La formaci\u00f3 que dirigix Lauro Techeira es va emportar els tres punts gr\u00e0cies al gol marcador per XabiLa formaci\u00f3 que dirigix Lauro Techeira es va emportar els tres punts gr\u00e0cies al gol marcador per Xabi\" \/>\n<meta name=\"robots\" content=\"index, follow, max-snippet:-1, max-image-preview:large, max-video-preview:-1\" \/>\n<link rel=\"canonical\" href=\"https:\/\/radiolitoral.com\/ca\/2025\/01\/victoria-important-de-la-ut-calp-sobre-el-cf-gandia\/\" \/>\n<meta property=\"og:locale\" content=\"ca_ES\" \/>\n<meta property=\"og:type\" content=\"article\" \/>\n<meta property=\"og:title\" content=\"Vict\u00f2ria important de la UD Calpe sobre el CF Gandia | R\u00e0dio Litoral\" \/>\n<meta property=\"og:description\" content=\"La formaci\u00f3 que dirigix Lauro Techeira es va emportar els tres punts gr\u00e0cies al gol marcador per XabiLa formaci\u00f3 que dirigix Lauro Techeira es va emportar els tres punts gr\u00e0cies al gol marcador per Xabi\" \/>\n<meta property=\"og:url\" content=\"https:\/\/radiolitoral.com\/ca\/2025\/01\/victoria-important-de-la-ut-calp-sobre-el-cf-gandia\/\" \/>\n<meta property=\"og:site_name\" content=\"R\u00e0dio Litoral\" \/>\n<meta property=\"article:publisher\" content=\"https:\/\/www.facebook.com\/Laradiolitoral\/\" \/>\n<meta property=\"article:published_time\" content=\"2025-01-13T10:19:55+00:00\" \/>\n<meta property=\"og:image\" content=\"https:\/\/media.radiolitoral.com\/wp-content\/uploads\/2025\/01\/13111920\/UD-calpe-ante-CF-Gandia-scaled.jpg\" \/>\n\t<meta property=\"og:image:width\" content=\"2560\" \/>\n\t<meta property=\"og:image:height\" content=\"1707\" \/>\n\t<meta property=\"og:image:type\" content=\"image\/jpeg\" \/>\n<meta name=\"author\" content=\"Javier Zamora\" \/>\n<meta name=\"twitter:card\" content=\"summary_large_image\" \/>\n<meta name=\"twitter:label1\" content=\"Escrit per\" \/>\n\t<meta name=\"twitter:data1\" content=\"Javier Zamora\" \/>\n\t<meta name=\"twitter:label2\" content=\"Temps estimat de lectura\" \/>\n\t<meta name=\"twitter:data2\" content=\"2 minuts\" \/>\n<script type=\"application\/ld+json\" class=\"yoast-schema-graph\">{\"@context\":\"https:\\\/\\\/schema.org\",\"@graph\":[{\"@type\":\"NewsArticle\",\"@id\":\"https:\\\/\\\/radiolitoral.com\\\/2025\\\/01\\\/victoria-important-de-la-ud-calpe-sobre-el-cf-gandia\\\/#article\",\"isPartOf\":{\"@id\":\"https:\\\/\\\/radiolitoral.com\\\/2025\\\/01\\\/victoria-important-de-la-ud-calpe-sobre-el-cf-gandia\\\/\"},\"author\":{\"name\":\"Javier Zamora\",\"@id\":\"https:\\\/\\\/radiolitoral.com\\\/#\\\/schema\\\/person\\\/7b1480b5caeb5acdd4ec6379caf62b22\"},\"headline\":\"Vict\u00f2ria important de la UD Calpe sobre el CF Gandia\",\"datePublished\":\"2025-01-13T10:19:55+00:00\",\"mainEntityOfPage\":{\"@id\":\"https:\\\/\\\/radiolitoral.com\\\/2025\\\/01\\\/victoria-important-de-la-ud-calpe-sobre-el-cf-gandia\\\/\"},\"wordCount\":258,\"commentCount\":0,\"publisher\":{\"@id\":\"https:\\\/\\\/radiolitoral.com\\\/#organization\"},\"image\":{\"@id\":\"https:\\\/\\\/radiolitoral.com\\\/2025\\\/01\\\/victoria-important-de-la-ud-calpe-sobre-el-cf-gandia\\\/#primaryimage\"},\"thumbnailUrl\":\"https:\\\/\\\/media.radiolitoral.com\\\/wp-content\\\/uploads\\\/2025\\\/01\\\/13111920\\\/UD-calpe-ante-CF-Gandia-scaled.jpg\",\"keywords\":[\"CF Gand\u00eda\",\"deportes\",\"Diego\u00a0Mi\u00f1ana\",\"Lauro Techeira\",\"UD Calpe\"],\"articleSection\":[\"Deportes\"],\"inLanguage\":\"ca\",\"potentialAction\":[{\"@type\":\"CommentAction\",\"name\":\"Comment\",\"target\":[\"https:\\\/\\\/radiolitoral.com\\\/2025\\\/01\\\/victoria-important-de-la-ud-calpe-sobre-el-cf-gandia\\\/#respond\"]}]},{\"@type\":[\"WebPage\",\"ItemPage\"],\"@id\":\"https:\\\/\\\/radiolitoral.com\\\/2025\\\/01\\\/victoria-important-de-la-ud-calpe-sobre-el-cf-gandia\\\/\",\"url\":\"https:\\\/\\\/radiolitoral.com\\\/2025\\\/01\\\/victoria-important-de-la-ud-calpe-sobre-el-cf-gandia\\\/\",\"name\":\"Vict\u00f2ria important de la UD Calpe sobre el CF Gandia | R\u00e0dio Litoral\",\"isPartOf\":{\"@id\":\"https:\\\/\\\/radiolitoral.com\\\/#website\"},\"primaryImageOfPage\":{\"@id\":\"https:\\\/\\\/radiolitoral.com\\\/2025\\\/01\\\/victoria-important-de-la-ud-calpe-sobre-el-cf-gandia\\\/#primaryimage\"},\"image\":{\"@id\":\"https:\\\/\\\/radiolitoral.com\\\/2025\\\/01\\\/victoria-important-de-la-ud-calpe-sobre-el-cf-gandia\\\/#primaryimage\"},\"thumbnailUrl\":\"https:\\\/\\\/media.radiolitoral.com\\\/wp-content\\\/uploads\\\/2025\\\/01\\\/13111920\\\/UD-calpe-ante-CF-Gandia-scaled.jpg\",\"datePublished\":\"2025-01-13T10:19:55+00:00\",\"description\":\"La formaci\u00f3 que dirigix Lauro Techeira es va emportar els tres punts gr\u00e0cies al gol marcador per XabiLa formaci\u00f3 que dirigix Lauro Techeira es va emportar els tres punts gr\u00e0cies al gol marcador per Xabi\",\"breadcrumb\":{\"@id\":\"https:\\\/\\\/radiolitoral.com\\\/2025\\\/01\\\/victoria-important-de-la-ud-calpe-sobre-el-cf-gandia\\\/#breadcrumb\"},\"inLanguage\":\"ca\",\"potentialAction\":[{\"@type\":\"ReadAction\",\"target\":[\"https:\\\/\\\/radiolitoral.com\\\/2025\\\/01\\\/victoria-important-de-la-ud-calpe-sobre-el-cf-gandia\\\/\"]}]},{\"@type\":\"ImageObject\",\"inLanguage\":\"ca\",\"@id\":\"https:\\\/\\\/radiolitoral.com\\\/2025\\\/01\\\/victoria-important-de-la-ud-calpe-sobre-el-cf-gandia\\\/#primaryimage\",\"url\":\"https:\\\/\\\/media.radiolitoral.com\\\/wp-content\\\/uploads\\\/2025\\\/01\\\/13111920\\\/UD-calpe-ante-CF-Gandia-scaled.jpg\",\"contentUrl\":\"https:\\\/\\\/media.radiolitoral.com\\\/wp-content\\\/uploads\\\/2025\\\/01\\\/13111920\\\/UD-calpe-ante-CF-Gandia-scaled.jpg\",\"width\":2560,\"height\":1707},{\"@type\":\"BreadcrumbList\",\"@id\":\"https:\\\/\\\/radiolitoral.com\\\/2025\\\/01\\\/victoria-important-de-la-ud-calpe-sobre-el-cf-gandia\\\/#breadcrumb\",\"itemListElement\":[{\"@type\":\"ListItem\",\"position\":1,\"name\":\"Portada\",\"item\":\"https:\\\/\\\/radiolitoral.com\\\/\"},{\"@type\":\"ListItem\",\"position\":2,\"name\":\"Vict\u00f2ria important de la UD Calpe sobre el CF Gandia\"}]},{\"@type\":\"WebSite\",\"@id\":\"https:\\\/\\\/radiolitoral.com\\\/#website\",\"url\":\"https:\\\/\\\/radiolitoral.com\\\/\",\"name\":\"Radio Litoral\",\"description\":\"La radio local de la Marina Alta\",\"publisher\":{\"@id\":\"https:\\\/\\\/radiolitoral.com\\\/#organization\"},\"alternateName\":\"Litoral FM\",\"potentialAction\":[{\"@type\":\"SearchAction\",\"target\":{\"@type\":\"EntryPoint\",\"urlTemplate\":\"https:\\\/\\\/radiolitoral.com\\\/?s={search_term_string}\"},\"query-input\":{\"@type\":\"PropertyValueSpecification\",\"valueRequired\":true,\"valueName\":\"search_term_string\"}}],\"inLanguage\":\"ca\"},{\"@type\":\"Organization\",\"@id\":\"https:\\\/\\\/radiolitoral.com\\\/#organization\",\"name\":\"Radio Litoral\",\"url\":\"https:\\\/\\\/radiolitoral.com\\\/\",\"logo\":{\"@type\":\"ImageObject\",\"inLanguage\":\"ca\",\"@id\":\"https:\\\/\\\/radiolitoral.com\\\/#\\\/schema\\\/logo\\\/image\\\/\",\"url\":\"https:\\\/\\\/media.radiolitoral.com\\\/wp-content\\\/uploads\\\/2023\\\/02\\\/24143238\\\/CL-V-RadioLitoral696.png\",\"contentUrl\":\"https:\\\/\\\/media.radiolitoral.com\\\/wp-content\\\/uploads\\\/2023\\\/02\\\/24143238\\\/CL-V-RadioLitoral696.png\",\"width\":696,\"height\":696,\"caption\":\"Radio Litoral\"},\"image\":{\"@id\":\"https:\\\/\\\/radiolitoral.com\\\/#\\\/schema\\\/logo\\\/image\\\/\"},\"sameAs\":[\"https:\\\/\\\/www.facebook.com\\\/Laradiolitoral\\\/\"]},{\"@type\":\"Person\",\"@id\":\"https:\\\/\\\/radiolitoral.com\\\/#\\\/schema\\\/person\\\/7b1480b5caeb5acdd4ec6379caf62b22\",\"name\":\"Javier Zamora\",\"image\":{\"@type\":\"ImageObject\",\"inLanguage\":\"ca\",\"@id\":\"https:\\\/\\\/secure.gravatar.com\\\/avatar\\\/467a11f6918c7d619c4043fc6fa2d3853053107973f05b6e9c04ea6c4e3a7b3f?s=96&d=mm&r=g\",\"url\":\"https:\\\/\\\/secure.gravatar.com\\\/avatar\\\/467a11f6918c7d619c4043fc6fa2d3853053107973f05b6e9c04ea6c4e3a7b3f?s=96&d=mm&r=g\",\"contentUrl\":\"https:\\\/\\\/secure.gravatar.com\\\/avatar\\\/467a11f6918c7d619c4043fc6fa2d3853053107973f05b6e9c04ea6c4e3a7b3f?s=96&d=mm&r=g\",\"caption\":\"Javier Zamora\"},\"url\":\"https:\\\/\\\/radiolitoral.com\\\/ca\\\/author\\\/javier-zamora\\\/\"}]}<\/script>\n<!-- \/ Yoast SEO plugin. -->","yoast_head_json":{"title":"Vict\u00f2ria important de la UD Calp sobre el CF Gandia | R\u00e0dio Litoral","description":"La formaci\u00f3 que dirigeix Lauro Techeira es va portar els tres punts gr\u00e0cies al gol marcador per XabiLa formaci\u00f3 que dirigeix Lauro Techeira es va portar els tres punts gr\u00e0cies al gol marcador per Xabi","robots":{"index":"index","follow":"follow","max-snippet":"max-snippet:-1","max-image-preview":"max-image-preview:large","max-video-preview":"max-video-preview:-1"},"canonical":"https:\/\/radiolitoral.com\/ca\/2025\/01\/victoria-important-de-la-ut-calp-sobre-el-cf-gandia\/","og_locale":"ca_ES","og_type":"article","og_title":"Vict\u00f2ria important de la UD Calpe sobre el CF Gandia | R\u00e0dio Litoral","og_description":"La formaci\u00f3 que dirigix Lauro Techeira es va emportar els tres punts gr\u00e0cies al gol marcador per XabiLa formaci\u00f3 que dirigix Lauro Techeira es va emportar els tres punts gr\u00e0cies al gol marcador per Xabi","og_url":"https:\/\/radiolitoral.com\/ca\/2025\/01\/victoria-important-de-la-ut-calp-sobre-el-cf-gandia\/","og_site_name":"R\u00e0dio Litoral","article_publisher":"https:\/\/www.facebook.com\/Laradiolitoral\/","article_published_time":"2025-01-13T10:19:55+00:00","og_image":[{"width":2560,"height":1707,"url":"https:\/\/media.radiolitoral.com\/wp-content\/uploads\/2025\/01\/13111920\/UD-calpe-ante-CF-Gandia-scaled.jpg","type":"image\/jpeg"}],"author":"Javier Zamora","twitter_card":"summary_large_image","twitter_misc":{"Escrit per":"Javier Zamora","Temps estimat de lectura":"2 minuts"},"schema":{"@context":"https:\/\/schema.org","@graph":[{"@type":"NewsArticle","@id":"https:\/\/radiolitoral.com\/2025\/01\/victoria-important-de-la-ud-calpe-sobre-el-cf-gandia\/#article","isPartOf":{"@id":"https:\/\/radiolitoral.com\/2025\/01\/victoria-important-de-la-ud-calpe-sobre-el-cf-gandia\/"},"author":{"name":"Javier Zamora","@id":"https:\/\/radiolitoral.com\/#\/schema\/person\/7b1480b5caeb5acdd4ec6379caf62b22"},"headline":"Vict\u00f2ria important de la UD Calpe sobre el CF Gandia","datePublished":"2025-01-13T10:19:55+00:00","mainEntityOfPage":{"@id":"https:\/\/radiolitoral.com\/2025\/01\/victoria-important-de-la-ud-calpe-sobre-el-cf-gandia\/"},"wordCount":258,"commentCount":0,"publisher":{"@id":"https:\/\/radiolitoral.com\/#organization"},"image":{"@id":"https:\/\/radiolitoral.com\/2025\/01\/victoria-important-de-la-ud-calpe-sobre-el-cf-gandia\/#primaryimage"},"thumbnailUrl":"https:\/\/media.radiolitoral.com\/wp-content\/uploads\/2025\/01\/13111920\/UD-calpe-ante-CF-Gandia-scaled.jpg","keywords":["CF Gand\u00eda","deportes","Diego\u00a0Mi\u00f1ana","Lauro Techeira","UD Calpe"],"articleSection":["Deportes"],"inLanguage":"ca","potentialAction":[{"@type":"CommentAction","name":"Comment","target":["https:\/\/radiolitoral.com\/2025\/01\/victoria-important-de-la-ud-calpe-sobre-el-cf-gandia\/#respond"]}]},{"@type":["WebPage","ItemPage"],"@id":"https:\/\/radiolitoral.com\/2025\/01\/victoria-important-de-la-ud-calpe-sobre-el-cf-gandia\/","url":"https:\/\/radiolitoral.com\/2025\/01\/victoria-important-de-la-ud-calpe-sobre-el-cf-gandia\/","name":"Vict\u00f2ria important de la UD Calp sobre el CF Gandia | R\u00e0dio Litoral","isPartOf":{"@id":"https:\/\/radiolitoral.com\/#website"},"primaryImageOfPage":{"@id":"https:\/\/radiolitoral.com\/2025\/01\/victoria-important-de-la-ud-calpe-sobre-el-cf-gandia\/#primaryimage"},"image":{"@id":"https:\/\/radiolitoral.com\/2025\/01\/victoria-important-de-la-ud-calpe-sobre-el-cf-gandia\/#primaryimage"},"thumbnailUrl":"https:\/\/media.radiolitoral.com\/wp-content\/uploads\/2025\/01\/13111920\/UD-calpe-ante-CF-Gandia-scaled.jpg","datePublished":"2025-01-13T10:19:55+00:00","description":"La formaci\u00f3 que dirigeix Lauro Techeira es va portar els tres punts gr\u00e0cies al gol marcador per XabiLa formaci\u00f3 que dirigeix Lauro Techeira es va portar els tres punts gr\u00e0cies al gol marcador per Xabi","breadcrumb":{"@id":"https:\/\/radiolitoral.com\/2025\/01\/victoria-important-de-la-ud-calpe-sobre-el-cf-gandia\/#breadcrumb"},"inLanguage":"ca","potentialAction":[{"@type":"ReadAction","target":["https:\/\/radiolitoral.com\/2025\/01\/victoria-important-de-la-ud-calpe-sobre-el-cf-gandia\/"]}]},{"@type":"ImageObject","inLanguage":"ca","@id":"https:\/\/radiolitoral.com\/2025\/01\/victoria-important-de-la-ud-calpe-sobre-el-cf-gandia\/#primaryimage","url":"https:\/\/media.radiolitoral.com\/wp-content\/uploads\/2025\/01\/13111920\/UD-calpe-ante-CF-Gandia-scaled.jpg","contentUrl":"https:\/\/media.radiolitoral.com\/wp-content\/uploads\/2025\/01\/13111920\/UD-calpe-ante-CF-Gandia-scaled.jpg","width":2560,"height":1707},{"@type":"BreadcrumbList","@id":"https:\/\/radiolitoral.com\/2025\/01\/victoria-important-de-la-ud-calpe-sobre-el-cf-gandia\/#breadcrumb","itemListElement":[{"@type":"ListItem","position":1,"name":"Portada","item":"https:\/\/radiolitoral.com\/"},{"@type":"ListItem","position":2,"name":"Vict\u00f2ria important de la UD Calpe sobre el CF Gandia"}]},{"@type":"WebSite","@id":"https:\/\/radiolitoral.com\/#website","url":"https:\/\/radiolitoral.com\/","name":"R\u00e0dio Litoral","description":"La r\u00e0dio local de la Marina Alta","publisher":{"@id":"https:\/\/radiolitoral.com\/#organization"},"alternateName":"Litoral FM","potentialAction":[{"@type":"SearchAction","target":{"@type":"EntryPoint","urlTemplate":"https:\/\/radiolitoral.com\/?s={search_term_string}"},"query-input":{"@type":"PropertyValueSpecification","valueRequired":true,"valueName":"search_term_string"}}],"inLanguage":"ca"},{"@type":"Organization","@id":"https:\/\/radiolitoral.com\/#organization","name":"R\u00e0dio Litoral","url":"https:\/\/radiolitoral.com\/","logo":{"@type":"ImageObject","inLanguage":"ca","@id":"https:\/\/radiolitoral.com\/#\/schema\/logo\/image\/","url":"https:\/\/media.radiolitoral.com\/wp-content\/uploads\/2023\/02\/24143238\/CL-V-RadioLitoral696.png","contentUrl":"https:\/\/media.radiolitoral.com\/wp-content\/uploads\/2023\/02\/24143238\/CL-V-RadioLitoral696.png","width":696,"height":696,"caption":"Radio Litoral"},"image":{"@id":"https:\/\/radiolitoral.com\/#\/schema\/logo\/image\/"},"sameAs":["https:\/\/www.facebook.com\/Laradiolitoral\/"]},{"@type":"Person","@id":"https:\/\/radiolitoral.com\/#\/schema\/person\/7b1480b5caeb5acdd4ec6379caf62b22","name":"Javier Zamora","image":{"@type":"ImageObject","inLanguage":"ca","@id":"https:\/\/secure.gravatar.com\/avatar\/467a11f6918c7d619c4043fc6fa2d3853053107973f05b6e9c04ea6c4e3a7b3f?s=96&d=mm&r=g","url":"https:\/\/secure.gravatar.com\/avatar\/467a11f6918c7d619c4043fc6fa2d3853053107973f05b6e9c04ea6c4e3a7b3f?s=96&d=mm&r=g","contentUrl":"https:\/\/secure.gravatar.com\/avatar\/467a11f6918c7d619c4043fc6fa2d3853053107973f05b6e9c04ea6c4e3a7b3f?s=96&d=mm&r=g","caption":"Javier Zamora"},"url":"https:\/\/radiolitoral.com\/ca\/author\/javier-zamora\/"}]}},"_links":{"self":[{"href":"https:\/\/radiolitoral.com\/ca\/wp-json\/wp\/v2\/posts\/14240","targetHints":{"allow":["GET"]}}],"collection":[{"href":"https:\/\/radiolitoral.com\/ca\/wp-json\/wp\/v2\/posts"}],"about":[{"href":"https:\/\/radiolitoral.com\/ca\/wp-json\/wp\/v2\/types\/post"}],"author":[{"embeddable":true,"href":"https:\/\/radiolitoral.com\/ca\/wp-json\/wp\/v2\/users\/12"}],"replies":[{"embeddable":true,"href":"https:\/\/radiolitoral.com\/ca\/wp-json\/wp\/v2\/comments?post=14240"}],"version-history":[{"count":2,"href":"https:\/\/radiolitoral.com\/ca\/wp-json\/wp\/v2\/posts\/14240\/revisions"}],"predecessor-version":[{"id":14243,"href":"https:\/\/radiolitoral.com\/ca\/wp-json\/wp\/v2\/posts\/14240\/revisions\/14243"}],"wp:featuredmedia":[{"embeddable":true,"href":"https:\/\/radiolitoral.com\/ca\/wp-json\/wp\/v2\/media\/14241"}],"wp:attachment":[{"href":"https:\/\/radiolitoral.com\/ca\/wp-json\/wp\/v2\/media?parent=14240"}],"wp:term":[{"taxonomy":"category","embeddable":true,"href":"https:\/\/radiolitoral.com\/ca\/wp-json\/wp\/v2\/categories?post=14240"},{"taxonomy":"post_tag","embeddable":true,"href":"https:\/\/radiolitoral.com\/ca\/wp-json\/wp\/v2\/tags?post=14240"}],"curies":[{"name":"wp","href":"https:\/\/api.w.org\/{rel}","templated":true}]}}