{"id":14224,"date":"2025-01-10T18:11:44","date_gmt":"2025-01-10T17:11:44","guid":{"rendered":"https:\/\/radiolitoral.com\/?p=14224"},"modified":"2025-01-10T18:11:44","modified_gmt":"2025-01-10T17:11:44","slug":"mascares-centre-de-salut","status":"publish","type":"post","link":"https:\/\/radiolitoral.com\/ca\/2025\/01\/mascarillas-centro-de-salud\/","title":{"rendered":"Sanitat recomana mascarets als centres de salut per l&#039;augment de virus respiratoris"},"content":{"rendered":"<p>La <strong>Conselleria de Sanitat<\/strong> ha em\u00e8s noves directrius als departaments de salut de la Comunitat Valenciana per fomentar l&#039;\u00fas de <strong>mascarets<\/strong> a centres sanitaris i sociosanitaris. Aquesta acci\u00f3 preventiva respon a l&#039;augment de casos de <strong>virus respiratoris<\/strong>, que han arribat a una incid\u00e8ncia de 905 casos per cada 100.000 habitants durant la primera setmana epidemiol\u00f2gica de 2025.<\/p>\n<p>Tot i que aquesta xifra \u00e9s m\u00e9s baixa que la del mateix per\u00edode de l&#039;any passat (1.318 casos per 100.000 habitants), Sanitat considera essencial prendre mesures davant l&#039;impacte de les infeccions respirat\u00f2ries. A la instrucci\u00f3 \u00e9s recomana portar <strong>mascareta<\/strong> en les seg\u00fcents situacions:<\/p>\n<ul>\n<li>Persones amb s\u00edmptomes respiratoris a espais compartits.<\/li>\n<li>Professionals de la salut que tractin pacients sintom\u00e0tics.<\/li>\n<li>Qualsevol persona en \u00e0rees vulnerables, com a unitats de quimioter\u00e0pia, trasplantaments i curas intensives.<\/li>\n<li>Zona d&#039;urg\u00e8ncies hospital\u00e0ries i centres d&#039;atenci\u00f3 prim\u00e0ria.<\/li>\n<\/ul>\n<h3>Mesures per a la continu\u00eftat asistencial<\/h3>\n<p>La Conselleria tamb\u00e9 ha dif\u00f3s el Pla de Conting\u00e8ncia davant l&#039;augment de les <strong>infeccions respirat\u00f2ries agudes<\/strong> (IRA), que inclou estrat\u00e8gies per mantenir l&#039;atenci\u00f3 sanitaria en tots els nivells asistencials.<\/p>\n<p>Aquest pla t\u00e9 com a objectiu establir protocols adaptats segons el nivell de risc, basant-se en dades sobre la transmissibilitat i les capacitats dels centres sanitaris. Entre altres accions, cal destacar la implementaci\u00f3 de circuits interns de control per minimitzar la transmissi\u00f3 de virus, seguint les recomanacions del Servei de Medicina Preventiva.<\/p>\n<p>A m\u00e9s, Sanitat ha recordat que la <strong>vacunaci\u00f3<\/strong> continua sent una eina fonamental per prevenir les infeccions respirat\u00f2ries. Des del 4 de novembre, els centres de salut de la Comunitat Valenciana estan vacunant contra la <strong>grip<\/strong> i la <strong>COVID-19<\/strong> sense necessitat de cita pr\u00e8via. Fins ara s&#039;han administrat un total de 1.730.548 dosis.<\/p>\n<h3>Recomanacions per a la poblaci\u00f3<\/h3>\n<p>Salut P\u00fablica tamb\u00e9 ofereix consells per prevenir aquestes infeccions entre la poblaci\u00f3 general, entre els quals destaquen:<\/p>\n<ul>\n<li>Lavar-se les mans amb freq\u00fc\u00e8ncia amb aigua i sab\u00f3 o gel hidroalcoh\u00f2lic.<\/li>\n<li>Portar mascareta en cas de presentar s\u00edmptomes o si \u00e9s forma part d&#039;un col\u00b7lectiu vulnerable.<\/li>\n<li>Evitar llocs amb aglomeracions si es tenen s\u00edmptomes i desinfectar superf\u00edcies d\u00fas com\u00fa.<\/li>\n<li>En cas de fibre alta o dificultats respirat\u00f2ries, acudiu a un professional sanitari i eviteu l&#039;automedicaci\u00f3 amb antibi\u00f2tics.<\/li>\n<\/ul>\n<p>Per a m\u00e9s informaci\u00f3, la Conselleria posa a disposici\u00f3 de la ciutadania el seu portal web i els seus perfils a xarxes socials. La prevenci\u00f3 es va mantenir com a pe\u00e7a clau per frenar el repunt de les infeccions respirat\u00f2ries i protegir la salut p\u00fablica.<\/p>","protected":false},"excerpt":{"rendered":"<p>La Conselleria de Sanitat ha em\u00e8s noves directrius als departaments de salut de la Comunitat Valenciana per a fomentar l\u2019\u00fas de mascaretes en centres sanitaris i sociosanitaris. Aquesta acci\u00f3 preventiva respon a l\u2019augment de casos de virus respiratoris, que han arribat a una incid\u00e8ncia de 905 casos per cada 100.000 habitants durant la primera setmana [&#8230;]<\/p>\n<p><a class=\"btn btn-secondary understrap-read-more-link\" href=\"https:\/\/radiolitoral.com\/ca\/2025\/01\/mascarillas-centro-de-salud\/\">Continua llegint&#8230;<span class=\"screen-reader-text\"> from Sanitat recomana mascaretes als centres de salut per l\u2019augment de virus respiratoris<\/span><\/a><\/p>\n","protected":false},"author":14,"featured_media":14225,"comment_status":"open","ping_status":"closed","sticky":false,"template":"","format":"standard","meta":{"_acf_changed":false,"inline_featured_image":false,"footnotes":""},"categories":[380],"tags":[502,3166,3168,3167,65],"class_list":["post-14224","post","type-post","status-publish","format-standard","has-post-thumbnail","hentry","category-sanidad","tag-centro-de-salud","tag-centros-de-salud","tag-gripe","tag-mascarillas","tag-sanidad","cobertura-marina-alta"],"acf":[],"yoast_head":"<!-- This site is optimized with the Yoast SEO plugin v27.5 - https:\/\/yoast.com\/product\/yoast-seo-wordpress\/ -->\n<title>Sanitat recomana mascaretes als centres de salut per l\u2019augment de virus respiratoris | R\u00e0dio Litoral<\/title>\n<meta name=\"description\" content=\"La vacunaci\u00f3 continua sent una eina fonamental per a prevenir les infeccions\" \/>\n<meta name=\"robots\" content=\"index, follow, max-snippet:-1, max-image-preview:large, max-video-preview:-1\" \/>\n<link rel=\"canonical\" href=\"https:\/\/radiolitoral.com\/ca\/2025\/01\/mascares-centre-de-salut\/\" \/>\n<meta property=\"og:locale\" content=\"ca_ES\" \/>\n<meta property=\"og:type\" content=\"article\" \/>\n<meta property=\"og:title\" content=\"Sanitat recomana mascaretes als centres de salut per l\u2019augment de virus respiratoris | R\u00e0dio Litoral\" \/>\n<meta property=\"og:description\" content=\"La vacunaci\u00f3 continua sent una eina fonamental per a prevenir les infeccions\" \/>\n<meta property=\"og:url\" content=\"https:\/\/radiolitoral.com\/ca\/2025\/01\/mascares-centre-de-salut\/\" \/>\n<meta property=\"og:site_name\" content=\"R\u00e0dio Litoral\" \/>\n<meta property=\"article:publisher\" content=\"https:\/\/www.facebook.com\/Laradiolitoral\/\" \/>\n<meta property=\"article:published_time\" content=\"2025-01-10T17:11:44+00:00\" \/>\n<meta property=\"og:image\" content=\"https:\/\/media.radiolitoral.com\/wp-content\/uploads\/2025\/01\/10181130\/Centro-de-Salud-Denia-1-700x350-1.jpg\" \/>\n\t<meta property=\"og:image:width\" content=\"700\" \/>\n\t<meta property=\"og:image:height\" content=\"350\" \/>\n\t<meta property=\"og:image:type\" content=\"image\/jpeg\" \/>\n<meta name=\"author\" content=\"Redacci\u00f3n\" \/>\n<meta name=\"twitter:card\" content=\"summary_large_image\" \/>\n<meta name=\"twitter:label1\" content=\"Escrit per\" \/>\n\t<meta name=\"twitter:data1\" content=\"Redacci\u00f3n\" \/>\n\t<meta name=\"twitter:label2\" content=\"Temps estimat de lectura\" \/>\n\t<meta name=\"twitter:data2\" content=\"3 minuts\" \/>\n<script type=\"application\/ld+json\" class=\"yoast-schema-graph\">{\"@context\":\"https:\\\/\\\/schema.org\",\"@graph\":[{\"@type\":\"NewsArticle\",\"@id\":\"https:\\\/\\\/radiolitoral.com\\\/2025\\\/01\\\/mascarillas-centro-de-salud\\\/#article\",\"isPartOf\":{\"@id\":\"https:\\\/\\\/radiolitoral.com\\\/2025\\\/01\\\/mascarillas-centro-de-salud\\\/\"},\"author\":{\"name\":\"Redacci\u00f3n\",\"@id\":\"https:\\\/\\\/radiolitoral.com\\\/#\\\/schema\\\/person\\\/96b739642eb3bedb532aac3812d23307\"},\"headline\":\"Sanitat recomana mascaretes als centres de salut per l\u2019augment de virus respiratoris\",\"datePublished\":\"2025-01-10T17:11:44+00:00\",\"mainEntityOfPage\":{\"@id\":\"https:\\\/\\\/radiolitoral.com\\\/2025\\\/01\\\/mascarillas-centro-de-salud\\\/\"},\"wordCount\":458,\"commentCount\":0,\"publisher\":{\"@id\":\"https:\\\/\\\/radiolitoral.com\\\/#organization\"},\"image\":{\"@id\":\"https:\\\/\\\/radiolitoral.com\\\/2025\\\/01\\\/mascarillas-centro-de-salud\\\/#primaryimage\"},\"thumbnailUrl\":\"https:\\\/\\\/media.radiolitoral.com\\\/wp-content\\\/uploads\\\/2025\\\/01\\\/10181130\\\/Centro-de-Salud-Denia-1-700x350-1.jpg\",\"keywords\":[\"centro de salud\",\"centros de salud\",\"gripe\",\"mascarillas\",\"Sanidad\"],\"articleSection\":[\"Sanidad\"],\"inLanguage\":\"ca\",\"potentialAction\":[{\"@type\":\"CommentAction\",\"name\":\"Comment\",\"target\":[\"https:\\\/\\\/radiolitoral.com\\\/2025\\\/01\\\/mascarillas-centro-de-salud\\\/#respond\"]}]},{\"@type\":[\"WebPage\",\"ItemPage\"],\"@id\":\"https:\\\/\\\/radiolitoral.com\\\/2025\\\/01\\\/mascarillas-centro-de-salud\\\/\",\"url\":\"https:\\\/\\\/radiolitoral.com\\\/2025\\\/01\\\/mascarillas-centro-de-salud\\\/\",\"name\":\"Sanitat recomana mascaretes als centres de salut per l\u2019augment de virus respiratoris | R\u00e0dio Litoral\",\"isPartOf\":{\"@id\":\"https:\\\/\\\/radiolitoral.com\\\/#website\"},\"primaryImageOfPage\":{\"@id\":\"https:\\\/\\\/radiolitoral.com\\\/2025\\\/01\\\/mascarillas-centro-de-salud\\\/#primaryimage\"},\"image\":{\"@id\":\"https:\\\/\\\/radiolitoral.com\\\/2025\\\/01\\\/mascarillas-centro-de-salud\\\/#primaryimage\"},\"thumbnailUrl\":\"https:\\\/\\\/media.radiolitoral.com\\\/wp-content\\\/uploads\\\/2025\\\/01\\\/10181130\\\/Centro-de-Salud-Denia-1-700x350-1.jpg\",\"datePublished\":\"2025-01-10T17:11:44+00:00\",\"description\":\"La vacunaci\u00f3 continua sent una eina fonamental per a prevenir les infeccions\",\"breadcrumb\":{\"@id\":\"https:\\\/\\\/radiolitoral.com\\\/2025\\\/01\\\/mascarillas-centro-de-salud\\\/#breadcrumb\"},\"inLanguage\":\"ca\",\"potentialAction\":[{\"@type\":\"ReadAction\",\"target\":[\"https:\\\/\\\/radiolitoral.com\\\/2025\\\/01\\\/mascarillas-centro-de-salud\\\/\"]}]},{\"@type\":\"ImageObject\",\"inLanguage\":\"ca\",\"@id\":\"https:\\\/\\\/radiolitoral.com\\\/2025\\\/01\\\/mascarillas-centro-de-salud\\\/#primaryimage\",\"url\":\"https:\\\/\\\/media.radiolitoral.com\\\/wp-content\\\/uploads\\\/2025\\\/01\\\/10181130\\\/Centro-de-Salud-Denia-1-700x350-1.jpg\",\"contentUrl\":\"https:\\\/\\\/media.radiolitoral.com\\\/wp-content\\\/uploads\\\/2025\\\/01\\\/10181130\\\/Centro-de-Salud-Denia-1-700x350-1.jpg\",\"width\":700,\"height\":350},{\"@type\":\"BreadcrumbList\",\"@id\":\"https:\\\/\\\/radiolitoral.com\\\/2025\\\/01\\\/mascarillas-centro-de-salud\\\/#breadcrumb\",\"itemListElement\":[{\"@type\":\"ListItem\",\"position\":1,\"name\":\"Portada\",\"item\":\"https:\\\/\\\/radiolitoral.com\\\/\"},{\"@type\":\"ListItem\",\"position\":2,\"name\":\"Sanitat recomana mascaretes als centres de salut per l\u2019augment de virus respiratoris\"}]},{\"@type\":\"WebSite\",\"@id\":\"https:\\\/\\\/radiolitoral.com\\\/#website\",\"url\":\"https:\\\/\\\/radiolitoral.com\\\/\",\"name\":\"Radio Litoral\",\"description\":\"La radio local de la Marina Alta\",\"publisher\":{\"@id\":\"https:\\\/\\\/radiolitoral.com\\\/#organization\"},\"alternateName\":\"Litoral FM\",\"potentialAction\":[{\"@type\":\"SearchAction\",\"target\":{\"@type\":\"EntryPoint\",\"urlTemplate\":\"https:\\\/\\\/radiolitoral.com\\\/?s={search_term_string}\"},\"query-input\":{\"@type\":\"PropertyValueSpecification\",\"valueRequired\":true,\"valueName\":\"search_term_string\"}}],\"inLanguage\":\"ca\"},{\"@type\":\"Organization\",\"@id\":\"https:\\\/\\\/radiolitoral.com\\\/#organization\",\"name\":\"Radio Litoral\",\"url\":\"https:\\\/\\\/radiolitoral.com\\\/\",\"logo\":{\"@type\":\"ImageObject\",\"inLanguage\":\"ca\",\"@id\":\"https:\\\/\\\/radiolitoral.com\\\/#\\\/schema\\\/logo\\\/image\\\/\",\"url\":\"https:\\\/\\\/media.radiolitoral.com\\\/wp-content\\\/uploads\\\/2023\\\/02\\\/24143238\\\/CL-V-RadioLitoral696.png\",\"contentUrl\":\"https:\\\/\\\/media.radiolitoral.com\\\/wp-content\\\/uploads\\\/2023\\\/02\\\/24143238\\\/CL-V-RadioLitoral696.png\",\"width\":696,\"height\":696,\"caption\":\"Radio Litoral\"},\"image\":{\"@id\":\"https:\\\/\\\/radiolitoral.com\\\/#\\\/schema\\\/logo\\\/image\\\/\"},\"sameAs\":[\"https:\\\/\\\/www.facebook.com\\\/Laradiolitoral\\\/\"]},{\"@type\":\"Person\",\"@id\":\"https:\\\/\\\/radiolitoral.com\\\/#\\\/schema\\\/person\\\/96b739642eb3bedb532aac3812d23307\",\"name\":\"Redacci\u00f3n\",\"image\":{\"@type\":\"ImageObject\",\"inLanguage\":\"ca\",\"@id\":\"https:\\\/\\\/secure.gravatar.com\\\/avatar\\\/30cd06129ee90411dd9c7cbdcf17464181d1a3c7b072e92070ea75a25cf0097e?s=96&d=mm&r=g\",\"url\":\"https:\\\/\\\/secure.gravatar.com\\\/avatar\\\/30cd06129ee90411dd9c7cbdcf17464181d1a3c7b072e92070ea75a25cf0097e?s=96&d=mm&r=g\",\"contentUrl\":\"https:\\\/\\\/secure.gravatar.com\\\/avatar\\\/30cd06129ee90411dd9c7cbdcf17464181d1a3c7b072e92070ea75a25cf0097e?s=96&d=mm&r=g\",\"caption\":\"Redacci\u00f3n\"},\"url\":\"https:\\\/\\\/radiolitoral.com\\\/ca\\\/author\\\/kevin-carrio\\\/\"}]}<\/script>\n<!-- \/ Yoast SEO plugin. -->","yoast_head_json":{"title":"Sanitat recomana mascarets als centres de salut per l&#039;augment de virus respiratoris | R\u00e0dio Litoral","description":"La vacunaci\u00f3 continua sent una eina fonamental per prevenir les infeccions","robots":{"index":"index","follow":"follow","max-snippet":"max-snippet:-1","max-image-preview":"max-image-preview:large","max-video-preview":"max-video-preview:-1"},"canonical":"https:\/\/radiolitoral.com\/ca\/2025\/01\/mascares-centre-de-salut\/","og_locale":"ca_ES","og_type":"article","og_title":"Sanitat recomana mascaretes als centres de salut per l\u2019augment de virus respiratoris | R\u00e0dio Litoral","og_description":"La vacunaci\u00f3 continua sent una eina fonamental per a prevenir les infeccions","og_url":"https:\/\/radiolitoral.com\/ca\/2025\/01\/mascares-centre-de-salut\/","og_site_name":"R\u00e0dio Litoral","article_publisher":"https:\/\/www.facebook.com\/Laradiolitoral\/","article_published_time":"2025-01-10T17:11:44+00:00","og_image":[{"width":700,"height":350,"url":"https:\/\/media.radiolitoral.com\/wp-content\/uploads\/2025\/01\/10181130\/Centro-de-Salud-Denia-1-700x350-1.jpg","type":"image\/jpeg"}],"author":"Redacci\u00f3n","twitter_card":"summary_large_image","twitter_misc":{"Escrit per":"Redacci\u00f3n","Temps estimat de lectura":"3 minuts"},"schema":{"@context":"https:\/\/schema.org","@graph":[{"@type":"NewsArticle","@id":"https:\/\/radiolitoral.com\/2025\/01\/mascarillas-centro-de-salud\/#article","isPartOf":{"@id":"https:\/\/radiolitoral.com\/2025\/01\/mascarillas-centro-de-salud\/"},"author":{"name":"Redacci\u00f3n","@id":"https:\/\/radiolitoral.com\/#\/schema\/person\/96b739642eb3bedb532aac3812d23307"},"headline":"Sanitat recomana mascaretes als centres de salut per l\u2019augment de virus respiratoris","datePublished":"2025-01-10T17:11:44+00:00","mainEntityOfPage":{"@id":"https:\/\/radiolitoral.com\/2025\/01\/mascarillas-centro-de-salud\/"},"wordCount":458,"commentCount":0,"publisher":{"@id":"https:\/\/radiolitoral.com\/#organization"},"image":{"@id":"https:\/\/radiolitoral.com\/2025\/01\/mascarillas-centro-de-salud\/#primaryimage"},"thumbnailUrl":"https:\/\/media.radiolitoral.com\/wp-content\/uploads\/2025\/01\/10181130\/Centro-de-Salud-Denia-1-700x350-1.jpg","keywords":["centro de salud","centros de salud","gripe","mascarillas","Sanidad"],"articleSection":["Sanidad"],"inLanguage":"ca","potentialAction":[{"@type":"CommentAction","name":"Comment","target":["https:\/\/radiolitoral.com\/2025\/01\/mascarillas-centro-de-salud\/#respond"]}]},{"@type":["WebPage","ItemPage"],"@id":"https:\/\/radiolitoral.com\/2025\/01\/mascarillas-centro-de-salud\/","url":"https:\/\/radiolitoral.com\/2025\/01\/mascarillas-centro-de-salud\/","name":"Sanitat recomana mascarets als centres de salut per l&#039;augment de virus respiratoris | R\u00e0dio Litoral","isPartOf":{"@id":"https:\/\/radiolitoral.com\/#website"},"primaryImageOfPage":{"@id":"https:\/\/radiolitoral.com\/2025\/01\/mascarillas-centro-de-salud\/#primaryimage"},"image":{"@id":"https:\/\/radiolitoral.com\/2025\/01\/mascarillas-centro-de-salud\/#primaryimage"},"thumbnailUrl":"https:\/\/media.radiolitoral.com\/wp-content\/uploads\/2025\/01\/10181130\/Centro-de-Salud-Denia-1-700x350-1.jpg","datePublished":"2025-01-10T17:11:44+00:00","description":"La vacunaci\u00f3 continua sent una eina fonamental per prevenir les infeccions","breadcrumb":{"@id":"https:\/\/radiolitoral.com\/2025\/01\/mascarillas-centro-de-salud\/#breadcrumb"},"inLanguage":"ca","potentialAction":[{"@type":"ReadAction","target":["https:\/\/radiolitoral.com\/2025\/01\/mascarillas-centro-de-salud\/"]}]},{"@type":"ImageObject","inLanguage":"ca","@id":"https:\/\/radiolitoral.com\/2025\/01\/mascarillas-centro-de-salud\/#primaryimage","url":"https:\/\/media.radiolitoral.com\/wp-content\/uploads\/2025\/01\/10181130\/Centro-de-Salud-Denia-1-700x350-1.jpg","contentUrl":"https:\/\/media.radiolitoral.com\/wp-content\/uploads\/2025\/01\/10181130\/Centro-de-Salud-Denia-1-700x350-1.jpg","width":700,"height":350},{"@type":"BreadcrumbList","@id":"https:\/\/radiolitoral.com\/2025\/01\/mascarillas-centro-de-salud\/#breadcrumb","itemListElement":[{"@type":"ListItem","position":1,"name":"Portada","item":"https:\/\/radiolitoral.com\/"},{"@type":"ListItem","position":2,"name":"Sanitat recomana mascaretes als centres de salut per l\u2019augment de virus respiratoris"}]},{"@type":"WebSite","@id":"https:\/\/radiolitoral.com\/#website","url":"https:\/\/radiolitoral.com\/","name":"R\u00e0dio Litoral","description":"La r\u00e0dio local de la Marina Alta","publisher":{"@id":"https:\/\/radiolitoral.com\/#organization"},"alternateName":"Litoral FM","potentialAction":[{"@type":"SearchAction","target":{"@type":"EntryPoint","urlTemplate":"https:\/\/radiolitoral.com\/?s={search_term_string}"},"query-input":{"@type":"PropertyValueSpecification","valueRequired":true,"valueName":"search_term_string"}}],"inLanguage":"ca"},{"@type":"Organization","@id":"https:\/\/radiolitoral.com\/#organization","name":"R\u00e0dio Litoral","url":"https:\/\/radiolitoral.com\/","logo":{"@type":"ImageObject","inLanguage":"ca","@id":"https:\/\/radiolitoral.com\/#\/schema\/logo\/image\/","url":"https:\/\/media.radiolitoral.com\/wp-content\/uploads\/2023\/02\/24143238\/CL-V-RadioLitoral696.png","contentUrl":"https:\/\/media.radiolitoral.com\/wp-content\/uploads\/2023\/02\/24143238\/CL-V-RadioLitoral696.png","width":696,"height":696,"caption":"Radio Litoral"},"image":{"@id":"https:\/\/radiolitoral.com\/#\/schema\/logo\/image\/"},"sameAs":["https:\/\/www.facebook.com\/Laradiolitoral\/"]},{"@type":"Person","@id":"https:\/\/radiolitoral.com\/#\/schema\/person\/96b739642eb3bedb532aac3812d23307","name":"Redacci\u00f3","image":{"@type":"ImageObject","inLanguage":"ca","@id":"https:\/\/secure.gravatar.com\/avatar\/30cd06129ee90411dd9c7cbdcf17464181d1a3c7b072e92070ea75a25cf0097e?s=96&d=mm&r=g","url":"https:\/\/secure.gravatar.com\/avatar\/30cd06129ee90411dd9c7cbdcf17464181d1a3c7b072e92070ea75a25cf0097e?s=96&d=mm&r=g","contentUrl":"https:\/\/secure.gravatar.com\/avatar\/30cd06129ee90411dd9c7cbdcf17464181d1a3c7b072e92070ea75a25cf0097e?s=96&d=mm&r=g","caption":"Redacci\u00f3n"},"url":"https:\/\/radiolitoral.com\/ca\/author\/kevin-carrio\/"}]}},"_links":{"self":[{"href":"https:\/\/radiolitoral.com\/ca\/wp-json\/wp\/v2\/posts\/14224","targetHints":{"allow":["GET"]}}],"collection":[{"href":"https:\/\/radiolitoral.com\/ca\/wp-json\/wp\/v2\/posts"}],"about":[{"href":"https:\/\/radiolitoral.com\/ca\/wp-json\/wp\/v2\/types\/post"}],"author":[{"embeddable":true,"href":"https:\/\/radiolitoral.com\/ca\/wp-json\/wp\/v2\/users\/14"}],"replies":[{"embeddable":true,"href":"https:\/\/radiolitoral.com\/ca\/wp-json\/wp\/v2\/comments?post=14224"}],"version-history":[{"count":1,"href":"https:\/\/radiolitoral.com\/ca\/wp-json\/wp\/v2\/posts\/14224\/revisions"}],"predecessor-version":[{"id":14226,"href":"https:\/\/radiolitoral.com\/ca\/wp-json\/wp\/v2\/posts\/14224\/revisions\/14226"}],"wp:featuredmedia":[{"embeddable":true,"href":"https:\/\/radiolitoral.com\/ca\/wp-json\/wp\/v2\/media\/14225"}],"wp:attachment":[{"href":"https:\/\/radiolitoral.com\/ca\/wp-json\/wp\/v2\/media?parent=14224"}],"wp:term":[{"taxonomy":"category","embeddable":true,"href":"https:\/\/radiolitoral.com\/ca\/wp-json\/wp\/v2\/categories?post=14224"},{"taxonomy":"post_tag","embeddable":true,"href":"https:\/\/radiolitoral.com\/ca\/wp-json\/wp\/v2\/tags?post=14224"}],"curies":[{"name":"wp","href":"https:\/\/api.w.org\/{rel}","templated":true}]}}