{"id":14211,"date":"2025-01-10T11:10:48","date_gmt":"2025-01-10T10:10:48","guid":{"rendered":"https:\/\/radiolitoral.com\/?p=14211"},"modified":"2025-01-10T11:10:48","modified_gmt":"2025-01-10T10:10:48","slug":"torna-la-competicio-a-la-lliga-autonomica-juvenil-de-futbol-sala","status":"publish","type":"post","link":"https:\/\/radiolitoral.com\/ca\/2025\/01\/torna-la-competicio-en-la-lliga-autonomica-juvenil-de-futbol-sala\/","title":{"rendered":"Torna la competici\u00f3 a la Lliga Auton\u00f2mica Juvenil de Futbol Sala"},"content":{"rendered":"<p>Aquest cap de setmana, la <strong>Lliga Auton\u00f2mica Juvenil de Futbol Sala<\/strong> repr\u00e8n la competici\u00f3 amb enfrontaments interessants per als equips de la <strong>Marina Alta<\/strong>, que buscaran fer valdre el factor camp per sumar punts clau.<\/p>\n<p>El dissabte, a les <strong>18 hores<\/strong>, el <strong>Calp Futsal<\/strong> jugar\u00e0 al <strong>pavell\u00f3 municipal d&#039;Ifach<\/strong> contra el <strong>CD Dominics<\/strong>, un rival complicat que arriba ocupant la setena pla\u00e7a de la classificaci\u00f3. Els verd-i-blancs hauran de desplegar la seva millor versi\u00f3, jugant amb intensitat i concentraci\u00f3, per evitar que els punts s&#039;escapin del seu pavell\u00f3. El duel ser\u00e0 un repte per als calpins, que volen comen\u00e7ar l&#039;any amb una vict\u00f2ria davant la seva afici\u00f3.<\/p>\n<h4>Doble comprom\u00eds per al Paidos-F. Fern\u00e1ndez Luna<\/h4>\n<p>Avui el conjunt col\u00b7legial jugar\u00e0 al <strong>pavell\u00f3 municipal de Beniarbeig<\/strong>, a les,<strong> 20<\/strong> hores davant l&#039;el <strong>Pin\u00f3s Atlethic FS<\/strong>, el xoc corresponent a la jornada 12 que en el seu moment va ser ajornat<\/p>\n<p>El diumenge, a les <strong>12:30 hores<\/strong>, al <strong>pavell\u00f3 municipal de D\u00e9nia<\/strong>, ser\u00e0 el torn del <strong>CD Paidos-F. Fern\u00e1ndez Luna<\/strong>, que s&#039;enfrontar\u00e0 al <strong>Ribeco Castalla<\/strong>. Per als jugadors dirigits per <strong>Luis Llinares<\/strong> i <strong>Paco Pastos<\/strong>, aquest partit \u00e9s de gran import\u00e0ncia, ja que necessiten una vict\u00f2ria per mantenir-se als primers llocs de la classificaci\u00f3.<\/p>\n<p>El partit es preveu intens i emocionant, amb els deniers lluitant per no perdre el ritme dels equips capdavanters en aquesta segona part de la temporada.<\/p>\n<p>&nbsp;<\/p>\n<p><script src=\"chrome-extension:\/\/flbolonkboilcbnohjlchlfgdalomdpl\/iFrame.js\" type=\"text\/javascript\"><\/script><\/p>","protected":false},"excerpt":{"rendered":"<p>Aquest cap de setmana, la Lliga Auton\u00f2mica Juvenil de Futbol Sala repr\u00e9n la competici\u00f3 amb enfrontaments interessants per als equips de la Marina Alta, que buscaran fer valdre el factor camp per sumar punts clau. El dissabte, a les 18 hores, el Calpe F\u00fatsal jugar\u00e0 al pavell\u00f3 municipal d\u2019Ifach contra el CD Dominicos, un rival [&#8230;]<\/p>\n<p><a class=\"btn btn-secondary understrap-read-more-link\" href=\"https:\/\/radiolitoral.com\/ca\/2025\/01\/torna-la-competicio-en-la-lliga-autonomica-juvenil-de-futbol-sala\/\">Continua llegint&#8230;<span class=\"screen-reader-text\"> from Torna la competici\u00f3 en la Lliga Auton\u00f2mica Juvenil de Futbol Sala<\/span><\/a><\/p>\n","protected":false},"author":12,"featured_media":14214,"comment_status":"open","ping_status":"closed","sticky":false,"template":"","format":"standard","meta":{"_acf_changed":false,"inline_featured_image":false,"footnotes":""},"categories":[5],"tags":[3161,3154,3155,3157,6,3165,3160,3163,3156,3153,3162,3164,3159,3158],"class_list":["post-14211","post","type-post","status-publish","format-standard","has-post-thumbnail","hentry","category-deportes","tag-calpe-futsal-intensitat","tag-calpe-futsal-vs-cd-dominicos","tag-cd-paidos-f-fernandez-luna-vs-ribeco-castalla","tag-competicio-juvenil-futbol-sala","tag-deportes","tag-equips-marina-alta-futbol-sala","tag-esport-base-marina-alta","tag-futbol-sala-comunitat-valenciana","tag-futbol-sala-marina-alta","tag-lliga-autonomica-juvenil-futbol-sala","tag-paidos-denia-classificacio","tag-partits-juvenils-futbol-sala","tag-pavello-municipal-denia","tag-pavello-municipal-ifach-calpe","cobertura-calp","cobertura-denia"],"acf":[],"yoast_head":"<!-- This site is optimized with the Yoast SEO plugin v27.5 - https:\/\/yoast.com\/product\/yoast-seo-wordpress\/ -->\n<title>Torna la competici\u00f3 en la Lliga Auton\u00f2mica Juvenil de Futbol Sala | R\u00e0dio Litoral<\/title>\n<meta name=\"description\" content=\"El Calpe Futsal rep al Dominics mentres que el CD Paidos D\u00e9nia afronta 2 partits claus\" \/>\n<meta name=\"robots\" content=\"index, follow, max-snippet:-1, max-image-preview:large, max-video-preview:-1\" \/>\n<link rel=\"canonical\" href=\"https:\/\/radiolitoral.com\/ca\/2025\/01\/torna-la-competicio-a-la-lliga-autonomica-juvenil-de-futbol-sala\/\" \/>\n<meta property=\"og:locale\" content=\"ca_ES\" \/>\n<meta property=\"og:type\" content=\"article\" \/>\n<meta property=\"og:title\" content=\"Torna la competici\u00f3 en la Lliga Auton\u00f2mica Juvenil de Futbol Sala | R\u00e0dio Litoral\" \/>\n<meta property=\"og:description\" content=\"El Calpe Futsal rep al Dominics mentres que el CD Paidos D\u00e9nia afronta 2 partits claus\" \/>\n<meta property=\"og:url\" content=\"https:\/\/radiolitoral.com\/ca\/2025\/01\/torna-la-competicio-a-la-lliga-autonomica-juvenil-de-futbol-sala\/\" \/>\n<meta property=\"og:site_name\" content=\"R\u00e0dio Litoral\" \/>\n<meta property=\"article:publisher\" content=\"https:\/\/www.facebook.com\/Laradiolitoral\/\" \/>\n<meta property=\"article:published_time\" content=\"2025-01-10T10:10:48+00:00\" \/>\n<meta property=\"og:image\" content=\"https:\/\/media.radiolitoral.com\/wp-content\/uploads\/2025\/01\/10111020\/Calpe-Futsal-Juvenil.jpg\" \/>\n\t<meta property=\"og:image:width\" content=\"1600\" \/>\n\t<meta property=\"og:image:height\" content=\"1131\" \/>\n\t<meta property=\"og:image:type\" content=\"image\/jpeg\" \/>\n<meta name=\"author\" content=\"Javier Zamora\" \/>\n<meta name=\"twitter:card\" content=\"summary_large_image\" \/>\n<meta name=\"twitter:label1\" content=\"Escrit per\" \/>\n\t<meta name=\"twitter:data1\" content=\"Javier Zamora\" \/>\n\t<meta name=\"twitter:label2\" content=\"Temps estimat de lectura\" \/>\n\t<meta name=\"twitter:data2\" content=\"2 minuts\" \/>\n<script type=\"application\/ld+json\" class=\"yoast-schema-graph\">{\"@context\":\"https:\\\/\\\/schema.org\",\"@graph\":[{\"@type\":\"NewsArticle\",\"@id\":\"https:\\\/\\\/radiolitoral.com\\\/2025\\\/01\\\/torna-la-competicio-en-la-lliga-autonomica-juvenil-de-futbol-sala\\\/#article\",\"isPartOf\":{\"@id\":\"https:\\\/\\\/radiolitoral.com\\\/2025\\\/01\\\/torna-la-competicio-en-la-lliga-autonomica-juvenil-de-futbol-sala\\\/\"},\"author\":{\"name\":\"Javier Zamora\",\"@id\":\"https:\\\/\\\/radiolitoral.com\\\/#\\\/schema\\\/person\\\/7b1480b5caeb5acdd4ec6379caf62b22\"},\"headline\":\"Torna la competici\u00f3 en la Lliga Auton\u00f2mica Juvenil de Futbol Sala\",\"datePublished\":\"2025-01-10T10:10:48+00:00\",\"mainEntityOfPage\":{\"@id\":\"https:\\\/\\\/radiolitoral.com\\\/2025\\\/01\\\/torna-la-competicio-en-la-lliga-autonomica-juvenil-de-futbol-sala\\\/\"},\"wordCount\":257,\"commentCount\":0,\"publisher\":{\"@id\":\"https:\\\/\\\/radiolitoral.com\\\/#organization\"},\"image\":{\"@id\":\"https:\\\/\\\/radiolitoral.com\\\/2025\\\/01\\\/torna-la-competicio-en-la-lliga-autonomica-juvenil-de-futbol-sala\\\/#primaryimage\"},\"thumbnailUrl\":\"https:\\\/\\\/media.radiolitoral.com\\\/wp-content\\\/uploads\\\/2025\\\/01\\\/10111020\\\/Calpe-Futsal-Juvenil.jpg\",\"keywords\":[\"Calpe F\u00fatsal intensitat\",\"Calpe F\u00fatsal vs CD Dominicos\",\"CD Paidos-F. Fern\u00e1ndez Luna vs Ribeco Castalla\",\"competici\u00f3 juvenil futbol sala\",\"deportes\",\"equips Marina Alta futbol sala\",\"esport base Marina Alta\",\"futbol sala Comunitat Valenciana\",\"futbol sala Marina Alta\",\"Lliga Auton\u00f2mica Juvenil Futbol Sala\",\"Paidos D\u00e9nia classificaci\u00f3\",\"partits juvenils futbol sala\",\"pavell\u00f3 municipal D\u00e9nia\",\"pavell\u00f3 municipal Ifach Calpe\"],\"articleSection\":[\"Deportes\"],\"inLanguage\":\"ca\",\"potentialAction\":[{\"@type\":\"CommentAction\",\"name\":\"Comment\",\"target\":[\"https:\\\/\\\/radiolitoral.com\\\/2025\\\/01\\\/torna-la-competicio-en-la-lliga-autonomica-juvenil-de-futbol-sala\\\/#respond\"]}]},{\"@type\":[\"WebPage\",\"ItemPage\"],\"@id\":\"https:\\\/\\\/radiolitoral.com\\\/2025\\\/01\\\/torna-la-competicio-en-la-lliga-autonomica-juvenil-de-futbol-sala\\\/\",\"url\":\"https:\\\/\\\/radiolitoral.com\\\/2025\\\/01\\\/torna-la-competicio-en-la-lliga-autonomica-juvenil-de-futbol-sala\\\/\",\"name\":\"Torna la competici\u00f3 en la Lliga Auton\u00f2mica Juvenil de Futbol Sala | R\u00e0dio Litoral\",\"isPartOf\":{\"@id\":\"https:\\\/\\\/radiolitoral.com\\\/#website\"},\"primaryImageOfPage\":{\"@id\":\"https:\\\/\\\/radiolitoral.com\\\/2025\\\/01\\\/torna-la-competicio-en-la-lliga-autonomica-juvenil-de-futbol-sala\\\/#primaryimage\"},\"image\":{\"@id\":\"https:\\\/\\\/radiolitoral.com\\\/2025\\\/01\\\/torna-la-competicio-en-la-lliga-autonomica-juvenil-de-futbol-sala\\\/#primaryimage\"},\"thumbnailUrl\":\"https:\\\/\\\/media.radiolitoral.com\\\/wp-content\\\/uploads\\\/2025\\\/01\\\/10111020\\\/Calpe-Futsal-Juvenil.jpg\",\"datePublished\":\"2025-01-10T10:10:48+00:00\",\"description\":\"El Calpe Futsal rep al Dominics mentres que el CD Paidos D\u00e9nia afronta 2 partits claus\",\"breadcrumb\":{\"@id\":\"https:\\\/\\\/radiolitoral.com\\\/2025\\\/01\\\/torna-la-competicio-en-la-lliga-autonomica-juvenil-de-futbol-sala\\\/#breadcrumb\"},\"inLanguage\":\"ca\",\"potentialAction\":[{\"@type\":\"ReadAction\",\"target\":[\"https:\\\/\\\/radiolitoral.com\\\/2025\\\/01\\\/torna-la-competicio-en-la-lliga-autonomica-juvenil-de-futbol-sala\\\/\"]}]},{\"@type\":\"ImageObject\",\"inLanguage\":\"ca\",\"@id\":\"https:\\\/\\\/radiolitoral.com\\\/2025\\\/01\\\/torna-la-competicio-en-la-lliga-autonomica-juvenil-de-futbol-sala\\\/#primaryimage\",\"url\":\"https:\\\/\\\/media.radiolitoral.com\\\/wp-content\\\/uploads\\\/2025\\\/01\\\/10111020\\\/Calpe-Futsal-Juvenil.jpg\",\"contentUrl\":\"https:\\\/\\\/media.radiolitoral.com\\\/wp-content\\\/uploads\\\/2025\\\/01\\\/10111020\\\/Calpe-Futsal-Juvenil.jpg\",\"width\":1600,\"height\":1131},{\"@type\":\"BreadcrumbList\",\"@id\":\"https:\\\/\\\/radiolitoral.com\\\/2025\\\/01\\\/torna-la-competicio-en-la-lliga-autonomica-juvenil-de-futbol-sala\\\/#breadcrumb\",\"itemListElement\":[{\"@type\":\"ListItem\",\"position\":1,\"name\":\"Portada\",\"item\":\"https:\\\/\\\/radiolitoral.com\\\/\"},{\"@type\":\"ListItem\",\"position\":2,\"name\":\"Torna la competici\u00f3 en la Lliga Auton\u00f2mica Juvenil de Futbol Sala\"}]},{\"@type\":\"WebSite\",\"@id\":\"https:\\\/\\\/radiolitoral.com\\\/#website\",\"url\":\"https:\\\/\\\/radiolitoral.com\\\/\",\"name\":\"Radio Litoral\",\"description\":\"La radio local de la Marina Alta\",\"publisher\":{\"@id\":\"https:\\\/\\\/radiolitoral.com\\\/#organization\"},\"alternateName\":\"Litoral FM\",\"potentialAction\":[{\"@type\":\"SearchAction\",\"target\":{\"@type\":\"EntryPoint\",\"urlTemplate\":\"https:\\\/\\\/radiolitoral.com\\\/?s={search_term_string}\"},\"query-input\":{\"@type\":\"PropertyValueSpecification\",\"valueRequired\":true,\"valueName\":\"search_term_string\"}}],\"inLanguage\":\"ca\"},{\"@type\":\"Organization\",\"@id\":\"https:\\\/\\\/radiolitoral.com\\\/#organization\",\"name\":\"Radio Litoral\",\"url\":\"https:\\\/\\\/radiolitoral.com\\\/\",\"logo\":{\"@type\":\"ImageObject\",\"inLanguage\":\"ca\",\"@id\":\"https:\\\/\\\/radiolitoral.com\\\/#\\\/schema\\\/logo\\\/image\\\/\",\"url\":\"https:\\\/\\\/media.radiolitoral.com\\\/wp-content\\\/uploads\\\/2023\\\/02\\\/24143238\\\/CL-V-RadioLitoral696.png\",\"contentUrl\":\"https:\\\/\\\/media.radiolitoral.com\\\/wp-content\\\/uploads\\\/2023\\\/02\\\/24143238\\\/CL-V-RadioLitoral696.png\",\"width\":696,\"height\":696,\"caption\":\"Radio Litoral\"},\"image\":{\"@id\":\"https:\\\/\\\/radiolitoral.com\\\/#\\\/schema\\\/logo\\\/image\\\/\"},\"sameAs\":[\"https:\\\/\\\/www.facebook.com\\\/Laradiolitoral\\\/\"]},{\"@type\":\"Person\",\"@id\":\"https:\\\/\\\/radiolitoral.com\\\/#\\\/schema\\\/person\\\/7b1480b5caeb5acdd4ec6379caf62b22\",\"name\":\"Javier Zamora\",\"image\":{\"@type\":\"ImageObject\",\"inLanguage\":\"ca\",\"@id\":\"https:\\\/\\\/secure.gravatar.com\\\/avatar\\\/467a11f6918c7d619c4043fc6fa2d3853053107973f05b6e9c04ea6c4e3a7b3f?s=96&d=mm&r=g\",\"url\":\"https:\\\/\\\/secure.gravatar.com\\\/avatar\\\/467a11f6918c7d619c4043fc6fa2d3853053107973f05b6e9c04ea6c4e3a7b3f?s=96&d=mm&r=g\",\"contentUrl\":\"https:\\\/\\\/secure.gravatar.com\\\/avatar\\\/467a11f6918c7d619c4043fc6fa2d3853053107973f05b6e9c04ea6c4e3a7b3f?s=96&d=mm&r=g\",\"caption\":\"Javier Zamora\"},\"url\":\"https:\\\/\\\/radiolitoral.com\\\/ca\\\/author\\\/javier-zamora\\\/\"}]}<\/script>\n<!-- \/ Yoast SEO plugin. -->","yoast_head_json":{"title":"Torna la competici\u00f3 a la Lliga Auton\u00f2mica Juvenil de Futbol Sala | R\u00e0dio Litoral","description":"El Calp Futsal rep el Dominics mentre que el CD Paidos D\u00e9nia afronta 2 partits claus","robots":{"index":"index","follow":"follow","max-snippet":"max-snippet:-1","max-image-preview":"max-image-preview:large","max-video-preview":"max-video-preview:-1"},"canonical":"https:\/\/radiolitoral.com\/ca\/2025\/01\/torna-la-competicio-a-la-lliga-autonomica-juvenil-de-futbol-sala\/","og_locale":"ca_ES","og_type":"article","og_title":"Torna la competici\u00f3 en la Lliga Auton\u00f2mica Juvenil de Futbol Sala | R\u00e0dio Litoral","og_description":"El Calpe Futsal rep al Dominics mentres que el CD Paidos D\u00e9nia afronta 2 partits claus","og_url":"https:\/\/radiolitoral.com\/ca\/2025\/01\/torna-la-competicio-a-la-lliga-autonomica-juvenil-de-futbol-sala\/","og_site_name":"R\u00e0dio Litoral","article_publisher":"https:\/\/www.facebook.com\/Laradiolitoral\/","article_published_time":"2025-01-10T10:10:48+00:00","og_image":[{"width":1600,"height":1131,"url":"https:\/\/media.radiolitoral.com\/wp-content\/uploads\/2025\/01\/10111020\/Calpe-Futsal-Juvenil.jpg","type":"image\/jpeg"}],"author":"Javier Zamora","twitter_card":"summary_large_image","twitter_misc":{"Escrit per":"Javier Zamora","Temps estimat de lectura":"2 minuts"},"schema":{"@context":"https:\/\/schema.org","@graph":[{"@type":"NewsArticle","@id":"https:\/\/radiolitoral.com\/2025\/01\/torna-la-competicio-en-la-lliga-autonomica-juvenil-de-futbol-sala\/#article","isPartOf":{"@id":"https:\/\/radiolitoral.com\/2025\/01\/torna-la-competicio-en-la-lliga-autonomica-juvenil-de-futbol-sala\/"},"author":{"name":"Javier Zamora","@id":"https:\/\/radiolitoral.com\/#\/schema\/person\/7b1480b5caeb5acdd4ec6379caf62b22"},"headline":"Torna la competici\u00f3 en la Lliga Auton\u00f2mica Juvenil de Futbol Sala","datePublished":"2025-01-10T10:10:48+00:00","mainEntityOfPage":{"@id":"https:\/\/radiolitoral.com\/2025\/01\/torna-la-competicio-en-la-lliga-autonomica-juvenil-de-futbol-sala\/"},"wordCount":257,"commentCount":0,"publisher":{"@id":"https:\/\/radiolitoral.com\/#organization"},"image":{"@id":"https:\/\/radiolitoral.com\/2025\/01\/torna-la-competicio-en-la-lliga-autonomica-juvenil-de-futbol-sala\/#primaryimage"},"thumbnailUrl":"https:\/\/media.radiolitoral.com\/wp-content\/uploads\/2025\/01\/10111020\/Calpe-Futsal-Juvenil.jpg","keywords":["Calpe F\u00fatsal intensitat","Calpe F\u00fatsal vs CD Dominicos","CD Paidos-F. Fern\u00e1ndez Luna vs Ribeco Castalla","competici\u00f3 juvenil futbol sala","deportes","equips Marina Alta futbol sala","esport base Marina Alta","futbol sala Comunitat Valenciana","futbol sala Marina Alta","Lliga Auton\u00f2mica Juvenil Futbol Sala","Paidos D\u00e9nia classificaci\u00f3","partits juvenils futbol sala","pavell\u00f3 municipal D\u00e9nia","pavell\u00f3 municipal Ifach Calpe"],"articleSection":["Deportes"],"inLanguage":"ca","potentialAction":[{"@type":"CommentAction","name":"Comment","target":["https:\/\/radiolitoral.com\/2025\/01\/torna-la-competicio-en-la-lliga-autonomica-juvenil-de-futbol-sala\/#respond"]}]},{"@type":["WebPage","ItemPage"],"@id":"https:\/\/radiolitoral.com\/2025\/01\/torna-la-competicio-en-la-lliga-autonomica-juvenil-de-futbol-sala\/","url":"https:\/\/radiolitoral.com\/2025\/01\/torna-la-competicio-en-la-lliga-autonomica-juvenil-de-futbol-sala\/","name":"Torna la competici\u00f3 a la Lliga Auton\u00f2mica Juvenil de Futbol Sala | R\u00e0dio Litoral","isPartOf":{"@id":"https:\/\/radiolitoral.com\/#website"},"primaryImageOfPage":{"@id":"https:\/\/radiolitoral.com\/2025\/01\/torna-la-competicio-en-la-lliga-autonomica-juvenil-de-futbol-sala\/#primaryimage"},"image":{"@id":"https:\/\/radiolitoral.com\/2025\/01\/torna-la-competicio-en-la-lliga-autonomica-juvenil-de-futbol-sala\/#primaryimage"},"thumbnailUrl":"https:\/\/media.radiolitoral.com\/wp-content\/uploads\/2025\/01\/10111020\/Calpe-Futsal-Juvenil.jpg","datePublished":"2025-01-10T10:10:48+00:00","description":"El Calp Futsal rep el Dominics mentre que el CD Paidos D\u00e9nia afronta 2 partits claus","breadcrumb":{"@id":"https:\/\/radiolitoral.com\/2025\/01\/torna-la-competicio-en-la-lliga-autonomica-juvenil-de-futbol-sala\/#breadcrumb"},"inLanguage":"ca","potentialAction":[{"@type":"ReadAction","target":["https:\/\/radiolitoral.com\/2025\/01\/torna-la-competicio-en-la-lliga-autonomica-juvenil-de-futbol-sala\/"]}]},{"@type":"ImageObject","inLanguage":"ca","@id":"https:\/\/radiolitoral.com\/2025\/01\/torna-la-competicio-en-la-lliga-autonomica-juvenil-de-futbol-sala\/#primaryimage","url":"https:\/\/media.radiolitoral.com\/wp-content\/uploads\/2025\/01\/10111020\/Calpe-Futsal-Juvenil.jpg","contentUrl":"https:\/\/media.radiolitoral.com\/wp-content\/uploads\/2025\/01\/10111020\/Calpe-Futsal-Juvenil.jpg","width":1600,"height":1131},{"@type":"BreadcrumbList","@id":"https:\/\/radiolitoral.com\/2025\/01\/torna-la-competicio-en-la-lliga-autonomica-juvenil-de-futbol-sala\/#breadcrumb","itemListElement":[{"@type":"ListItem","position":1,"name":"Portada","item":"https:\/\/radiolitoral.com\/"},{"@type":"ListItem","position":2,"name":"Torna la competici\u00f3 en la Lliga Auton\u00f2mica Juvenil de Futbol Sala"}]},{"@type":"WebSite","@id":"https:\/\/radiolitoral.com\/#website","url":"https:\/\/radiolitoral.com\/","name":"R\u00e0dio Litoral","description":"La r\u00e0dio local de la Marina Alta","publisher":{"@id":"https:\/\/radiolitoral.com\/#organization"},"alternateName":"Litoral FM","potentialAction":[{"@type":"SearchAction","target":{"@type":"EntryPoint","urlTemplate":"https:\/\/radiolitoral.com\/?s={search_term_string}"},"query-input":{"@type":"PropertyValueSpecification","valueRequired":true,"valueName":"search_term_string"}}],"inLanguage":"ca"},{"@type":"Organization","@id":"https:\/\/radiolitoral.com\/#organization","name":"R\u00e0dio Litoral","url":"https:\/\/radiolitoral.com\/","logo":{"@type":"ImageObject","inLanguage":"ca","@id":"https:\/\/radiolitoral.com\/#\/schema\/logo\/image\/","url":"https:\/\/media.radiolitoral.com\/wp-content\/uploads\/2023\/02\/24143238\/CL-V-RadioLitoral696.png","contentUrl":"https:\/\/media.radiolitoral.com\/wp-content\/uploads\/2023\/02\/24143238\/CL-V-RadioLitoral696.png","width":696,"height":696,"caption":"Radio Litoral"},"image":{"@id":"https:\/\/radiolitoral.com\/#\/schema\/logo\/image\/"},"sameAs":["https:\/\/www.facebook.com\/Laradiolitoral\/"]},{"@type":"Person","@id":"https:\/\/radiolitoral.com\/#\/schema\/person\/7b1480b5caeb5acdd4ec6379caf62b22","name":"Javier Zamora","image":{"@type":"ImageObject","inLanguage":"ca","@id":"https:\/\/secure.gravatar.com\/avatar\/467a11f6918c7d619c4043fc6fa2d3853053107973f05b6e9c04ea6c4e3a7b3f?s=96&d=mm&r=g","url":"https:\/\/secure.gravatar.com\/avatar\/467a11f6918c7d619c4043fc6fa2d3853053107973f05b6e9c04ea6c4e3a7b3f?s=96&d=mm&r=g","contentUrl":"https:\/\/secure.gravatar.com\/avatar\/467a11f6918c7d619c4043fc6fa2d3853053107973f05b6e9c04ea6c4e3a7b3f?s=96&d=mm&r=g","caption":"Javier Zamora"},"url":"https:\/\/radiolitoral.com\/ca\/author\/javier-zamora\/"}]}},"_links":{"self":[{"href":"https:\/\/radiolitoral.com\/ca\/wp-json\/wp\/v2\/posts\/14211","targetHints":{"allow":["GET"]}}],"collection":[{"href":"https:\/\/radiolitoral.com\/ca\/wp-json\/wp\/v2\/posts"}],"about":[{"href":"https:\/\/radiolitoral.com\/ca\/wp-json\/wp\/v2\/types\/post"}],"author":[{"embeddable":true,"href":"https:\/\/radiolitoral.com\/ca\/wp-json\/wp\/v2\/users\/12"}],"replies":[{"embeddable":true,"href":"https:\/\/radiolitoral.com\/ca\/wp-json\/wp\/v2\/comments?post=14211"}],"version-history":[{"count":2,"href":"https:\/\/radiolitoral.com\/ca\/wp-json\/wp\/v2\/posts\/14211\/revisions"}],"predecessor-version":[{"id":14216,"href":"https:\/\/radiolitoral.com\/ca\/wp-json\/wp\/v2\/posts\/14211\/revisions\/14216"}],"wp:featuredmedia":[{"embeddable":true,"href":"https:\/\/radiolitoral.com\/ca\/wp-json\/wp\/v2\/media\/14214"}],"wp:attachment":[{"href":"https:\/\/radiolitoral.com\/ca\/wp-json\/wp\/v2\/media?parent=14211"}],"wp:term":[{"taxonomy":"category","embeddable":true,"href":"https:\/\/radiolitoral.com\/ca\/wp-json\/wp\/v2\/categories?post=14211"},{"taxonomy":"post_tag","embeddable":true,"href":"https:\/\/radiolitoral.com\/ca\/wp-json\/wp\/v2\/tags?post=14211"}],"curies":[{"name":"wp","href":"https:\/\/api.w.org\/{rel}","templated":true}]}}