{"id":14190,"date":"2025-01-09T12:41:09","date_gmt":"2025-01-09T11:41:09","guid":{"rendered":"https:\/\/radiolitoral.com\/?p=14190"},"modified":"2025-01-09T12:41:33","modified_gmt":"2025-01-09T11:41:33","slug":"benissa-aposta-per-la-sostenibilitat-amb-una-xarxa-de-sensors-per-a-la-qualitat-de-laire","status":"publish","type":"post","link":"https:\/\/radiolitoral.com\/ca\/2025\/01\/benissa-aposta-per-la-sostenibilitat-amb-una-xarxa-de-sensors-per-a-la-qualitat-de-laire\/","title":{"rendered":"Benissa aposta per la sostenibilitat amb una xarxa de sensors per a la qualitat de l&#039;aire"},"content":{"rendered":"<p>L&#039;Ajuntament de Benissa ha instal\u00b7lat una xarxa de sensors per monitoritzar la qualitat de l&#039;aire a cinc punts estrat\u00e8gics del municipi. Aquesta acci\u00f3 s&#039;integra dins de les 20 iniciatives del<strong> Pla de Sostenibilitat Tur\u00edstica a Destinaci\u00f3<\/strong> (PSTD), finan\u00e7at al 100 % amb fons europeus Next Generation.<\/p>\n<p>Els sensors mesuraran la concentraci\u00f3 de <strong>gasos contaminants<\/strong> com el di\u00f2xid de carboni (CO2) i el di\u00f2xid de nitrogen (NO2), enviant dades en temps real a una plataforma digital que estar\u00e0 accessible a la web oficial de Turisme Benissa (benissa.es). Aix\u00ed, els ciutadans podran consultar f\u00e0cilment la qualitat de l&#039;aire a diferents zones del municipi.<\/p>\n<p>Amb una inversi\u00f3 de 23.113,84 \u20ac, gestionada per l&#039;empresa Libelium Comunicacions Distribu\u00efdes, el projecte cerca fer de Benissa un municipi m\u00e9s saludable i transparent. El regidor de Projectes Europeus, <strong>Adri\u00e1n Cabrera<\/strong>, ha destacat que aquesta iniciativa \u201cens permet avan\u00e7ar en sostenibilitat ambiental i millorar la qualitat de vida dels nostres ve\u00efns\u201d. Per la seva banda, l&#039;alcalde, <strong>Arturo Poquet<\/strong>, ha valorat &quot;l\u00b4esfor\u00e7 de tot l\u00b4equip municipal a executar les 20 accions del PSTD, que ha suposat la major subvenci\u00f3 a la hist\u00f2ria de Benissa, amb un total de 2,4 milions d\u00b4euros&quot;.<\/p>","protected":false},"excerpt":{"rendered":"<p>L\u2019Ajuntament de Benissa ha instal\u00b7lat una xarxa de sensors per a monitoritzar la qualitat de l\u2019aire en cinc punts estrat\u00e8gics del municipi. Aquesta acci\u00f3 s\u2019integra dins de les 20 iniciatives del Pla de Sostenibilitat Tur\u00edstica en Destinaci\u00f3 (PSTD), finan\u00e7at al 100 % amb fons europeus Next Generation. Els sensors mesuraran la concentraci\u00f3 de gasos contaminants [&#8230;]<\/p>\n<p><a class=\"btn btn-secondary understrap-read-more-link\" href=\"https:\/\/radiolitoral.com\/ca\/2025\/01\/benissa-aposta-per-la-sostenibilitat-amb-una-xarxa-de-sensors-per-a-la-qualitat-de-laire\/\">Continua llegint&#8230;<span class=\"screen-reader-text\"> from Benissa aposta per la sostenibilitat amb una xarxa de sensors per a la qualitat de l\u2019aire<\/span><\/a><\/p>\n","protected":false},"author":11,"featured_media":14191,"comment_status":"open","ping_status":"closed","sticky":false,"template":"","format":"standard","meta":{"_acf_changed":false,"inline_featured_image":false,"footnotes":""},"categories":[46],"tags":[],"class_list":["post-14190","post","type-post","status-publish","format-standard","has-post-thumbnail","hentry","category-sociedad","cobertura-benissa"],"acf":[],"yoast_head":"<!-- This site is optimized with the Yoast SEO plugin v27.5 - https:\/\/yoast.com\/product\/yoast-seo-wordpress\/ -->\n<title>Benissa aposta per la sostenibilitat amb una xarxa de sensors per a la qualitat de l\u2019aire | R\u00e0dio Litoral<\/title>\n<meta name=\"description\" content=\"Els dispositius mesuraran en temps real els nivells de contaminants, avan\u00e7ant en transpar\u00e8ncia ambiental i salut p\u00fablica\" \/>\n<meta name=\"robots\" content=\"index, follow, max-snippet:-1, max-image-preview:large, max-video-preview:-1\" \/>\n<link rel=\"canonical\" href=\"https:\/\/radiolitoral.com\/ca\/2025\/01\/benissa-aposta-per-la-sostenibilitat-amb-una-xarxa-de-sensors-per-a-la-qualitat-de-laire\/\" \/>\n<meta property=\"og:locale\" content=\"ca_ES\" \/>\n<meta property=\"og:type\" content=\"article\" \/>\n<meta property=\"og:title\" content=\"Benissa aposta per la sostenibilitat amb una xarxa de sensors per a la qualitat de l\u2019aire | R\u00e0dio Litoral\" \/>\n<meta property=\"og:description\" content=\"Els dispositius mesuraran en temps real els nivells de contaminants, avan\u00e7ant en transpar\u00e8ncia ambiental i salut p\u00fablica\" \/>\n<meta property=\"og:url\" content=\"https:\/\/radiolitoral.com\/ca\/2025\/01\/benissa-aposta-per-la-sostenibilitat-amb-una-xarxa-de-sensors-per-a-la-qualitat-de-laire\/\" \/>\n<meta property=\"og:site_name\" content=\"R\u00e0dio Litoral\" \/>\n<meta property=\"article:publisher\" content=\"https:\/\/www.facebook.com\/Laradiolitoral\/\" \/>\n<meta property=\"article:published_time\" content=\"2025-01-09T11:41:09+00:00\" \/>\n<meta property=\"article:modified_time\" content=\"2025-01-09T11:41:33+00:00\" \/>\n<meta property=\"og:image\" content=\"https:\/\/media.radiolitoral.com\/wp-content\/uploads\/2025\/01\/09123744\/Imagen-archivo_Fachada-Ayuntamiento-de-Benissa-scaled.jpg\" \/>\n\t<meta property=\"og:image:width\" content=\"2560\" \/>\n\t<meta property=\"og:image:height\" content=\"1920\" \/>\n\t<meta property=\"og:image:type\" content=\"image\/jpeg\" \/>\n<meta name=\"author\" content=\"Redacci\u00f3n\" \/>\n<meta name=\"twitter:card\" content=\"summary_large_image\" \/>\n<meta name=\"twitter:label1\" content=\"Escrit per\" \/>\n\t<meta name=\"twitter:data1\" content=\"Redacci\u00f3n\" \/>\n\t<meta name=\"twitter:label2\" content=\"Temps estimat de lectura\" \/>\n\t<meta name=\"twitter:data2\" content=\"2 minuts\" \/>\n<script type=\"application\/ld+json\" class=\"yoast-schema-graph\">{\"@context\":\"https:\\\/\\\/schema.org\",\"@graph\":[{\"@type\":\"NewsArticle\",\"@id\":\"https:\\\/\\\/radiolitoral.com\\\/2025\\\/01\\\/benissa-aposta-per-la-sostenibilitat-amb-una-xarxa-de-sensors-per-a-la-qualitat-de-laire\\\/#article\",\"isPartOf\":{\"@id\":\"https:\\\/\\\/radiolitoral.com\\\/2025\\\/01\\\/benissa-aposta-per-la-sostenibilitat-amb-una-xarxa-de-sensors-per-a-la-qualitat-de-laire\\\/\"},\"author\":{\"name\":\"Redacci\u00f3n\",\"@id\":\"https:\\\/\\\/radiolitoral.com\\\/#\\\/schema\\\/person\\\/aaadc9e35663a92bd94a05f5816f296d\"},\"headline\":\"Benissa aposta per la sostenibilitat amb una xarxa de sensors per a la qualitat de l\u2019aire\",\"datePublished\":\"2025-01-09T11:41:09+00:00\",\"dateModified\":\"2025-01-09T11:41:33+00:00\",\"mainEntityOfPage\":{\"@id\":\"https:\\\/\\\/radiolitoral.com\\\/2025\\\/01\\\/benissa-aposta-per-la-sostenibilitat-amb-una-xarxa-de-sensors-per-a-la-qualitat-de-laire\\\/\"},\"wordCount\":224,\"commentCount\":0,\"publisher\":{\"@id\":\"https:\\\/\\\/radiolitoral.com\\\/#organization\"},\"image\":{\"@id\":\"https:\\\/\\\/radiolitoral.com\\\/2025\\\/01\\\/benissa-aposta-per-la-sostenibilitat-amb-una-xarxa-de-sensors-per-a-la-qualitat-de-laire\\\/#primaryimage\"},\"thumbnailUrl\":\"https:\\\/\\\/media.radiolitoral.com\\\/wp-content\\\/uploads\\\/2025\\\/01\\\/09123744\\\/Imagen-archivo_Fachada-Ayuntamiento-de-Benissa-scaled.jpg\",\"articleSection\":[\"Sociedad\"],\"inLanguage\":\"ca\",\"potentialAction\":[{\"@type\":\"CommentAction\",\"name\":\"Comment\",\"target\":[\"https:\\\/\\\/radiolitoral.com\\\/2025\\\/01\\\/benissa-aposta-per-la-sostenibilitat-amb-una-xarxa-de-sensors-per-a-la-qualitat-de-laire\\\/#respond\"]}]},{\"@type\":[\"WebPage\",\"ItemPage\"],\"@id\":\"https:\\\/\\\/radiolitoral.com\\\/2025\\\/01\\\/benissa-aposta-per-la-sostenibilitat-amb-una-xarxa-de-sensors-per-a-la-qualitat-de-laire\\\/\",\"url\":\"https:\\\/\\\/radiolitoral.com\\\/2025\\\/01\\\/benissa-aposta-per-la-sostenibilitat-amb-una-xarxa-de-sensors-per-a-la-qualitat-de-laire\\\/\",\"name\":\"Benissa aposta per la sostenibilitat amb una xarxa de sensors per a la qualitat de l\u2019aire | R\u00e0dio Litoral\",\"isPartOf\":{\"@id\":\"https:\\\/\\\/radiolitoral.com\\\/#website\"},\"primaryImageOfPage\":{\"@id\":\"https:\\\/\\\/radiolitoral.com\\\/2025\\\/01\\\/benissa-aposta-per-la-sostenibilitat-amb-una-xarxa-de-sensors-per-a-la-qualitat-de-laire\\\/#primaryimage\"},\"image\":{\"@id\":\"https:\\\/\\\/radiolitoral.com\\\/2025\\\/01\\\/benissa-aposta-per-la-sostenibilitat-amb-una-xarxa-de-sensors-per-a-la-qualitat-de-laire\\\/#primaryimage\"},\"thumbnailUrl\":\"https:\\\/\\\/media.radiolitoral.com\\\/wp-content\\\/uploads\\\/2025\\\/01\\\/09123744\\\/Imagen-archivo_Fachada-Ayuntamiento-de-Benissa-scaled.jpg\",\"datePublished\":\"2025-01-09T11:41:09+00:00\",\"dateModified\":\"2025-01-09T11:41:33+00:00\",\"description\":\"Els dispositius mesuraran en temps real els nivells de contaminants, avan\u00e7ant en transpar\u00e8ncia ambiental i salut p\u00fablica\",\"breadcrumb\":{\"@id\":\"https:\\\/\\\/radiolitoral.com\\\/2025\\\/01\\\/benissa-aposta-per-la-sostenibilitat-amb-una-xarxa-de-sensors-per-a-la-qualitat-de-laire\\\/#breadcrumb\"},\"inLanguage\":\"ca\",\"potentialAction\":[{\"@type\":\"ReadAction\",\"target\":[\"https:\\\/\\\/radiolitoral.com\\\/2025\\\/01\\\/benissa-aposta-per-la-sostenibilitat-amb-una-xarxa-de-sensors-per-a-la-qualitat-de-laire\\\/\"]}]},{\"@type\":\"ImageObject\",\"inLanguage\":\"ca\",\"@id\":\"https:\\\/\\\/radiolitoral.com\\\/2025\\\/01\\\/benissa-aposta-per-la-sostenibilitat-amb-una-xarxa-de-sensors-per-a-la-qualitat-de-laire\\\/#primaryimage\",\"url\":\"https:\\\/\\\/media.radiolitoral.com\\\/wp-content\\\/uploads\\\/2025\\\/01\\\/09123744\\\/Imagen-archivo_Fachada-Ayuntamiento-de-Benissa-scaled.jpg\",\"contentUrl\":\"https:\\\/\\\/media.radiolitoral.com\\\/wp-content\\\/uploads\\\/2025\\\/01\\\/09123744\\\/Imagen-archivo_Fachada-Ayuntamiento-de-Benissa-scaled.jpg\",\"width\":2560,\"height\":1920},{\"@type\":\"BreadcrumbList\",\"@id\":\"https:\\\/\\\/radiolitoral.com\\\/2025\\\/01\\\/benissa-aposta-per-la-sostenibilitat-amb-una-xarxa-de-sensors-per-a-la-qualitat-de-laire\\\/#breadcrumb\",\"itemListElement\":[{\"@type\":\"ListItem\",\"position\":1,\"name\":\"Portada\",\"item\":\"https:\\\/\\\/radiolitoral.com\\\/\"},{\"@type\":\"ListItem\",\"position\":2,\"name\":\"Benissa aposta per la sostenibilitat amb una xarxa de sensors per a la qualitat de l\u2019aire\"}]},{\"@type\":\"WebSite\",\"@id\":\"https:\\\/\\\/radiolitoral.com\\\/#website\",\"url\":\"https:\\\/\\\/radiolitoral.com\\\/\",\"name\":\"Radio Litoral\",\"description\":\"La radio local de la Marina Alta\",\"publisher\":{\"@id\":\"https:\\\/\\\/radiolitoral.com\\\/#organization\"},\"alternateName\":\"Litoral FM\",\"potentialAction\":[{\"@type\":\"SearchAction\",\"target\":{\"@type\":\"EntryPoint\",\"urlTemplate\":\"https:\\\/\\\/radiolitoral.com\\\/?s={search_term_string}\"},\"query-input\":{\"@type\":\"PropertyValueSpecification\",\"valueRequired\":true,\"valueName\":\"search_term_string\"}}],\"inLanguage\":\"ca\"},{\"@type\":\"Organization\",\"@id\":\"https:\\\/\\\/radiolitoral.com\\\/#organization\",\"name\":\"Radio Litoral\",\"url\":\"https:\\\/\\\/radiolitoral.com\\\/\",\"logo\":{\"@type\":\"ImageObject\",\"inLanguage\":\"ca\",\"@id\":\"https:\\\/\\\/radiolitoral.com\\\/#\\\/schema\\\/logo\\\/image\\\/\",\"url\":\"https:\\\/\\\/media.radiolitoral.com\\\/wp-content\\\/uploads\\\/2023\\\/02\\\/24143238\\\/CL-V-RadioLitoral696.png\",\"contentUrl\":\"https:\\\/\\\/media.radiolitoral.com\\\/wp-content\\\/uploads\\\/2023\\\/02\\\/24143238\\\/CL-V-RadioLitoral696.png\",\"width\":696,\"height\":696,\"caption\":\"Radio Litoral\"},\"image\":{\"@id\":\"https:\\\/\\\/radiolitoral.com\\\/#\\\/schema\\\/logo\\\/image\\\/\"},\"sameAs\":[\"https:\\\/\\\/www.facebook.com\\\/Laradiolitoral\\\/\"]},{\"@type\":\"Person\",\"@id\":\"https:\\\/\\\/radiolitoral.com\\\/#\\\/schema\\\/person\\\/aaadc9e35663a92bd94a05f5816f296d\",\"name\":\"Redacci\u00f3n\",\"image\":{\"@type\":\"ImageObject\",\"inLanguage\":\"ca\",\"@id\":\"https:\\\/\\\/secure.gravatar.com\\\/avatar\\\/e4e253cf49afb8c76a2aca487577f1ff5c098c82b3cf2b0a85f03f83dcb96c31?s=96&d=mm&r=g\",\"url\":\"https:\\\/\\\/secure.gravatar.com\\\/avatar\\\/e4e253cf49afb8c76a2aca487577f1ff5c098c82b3cf2b0a85f03f83dcb96c31?s=96&d=mm&r=g\",\"contentUrl\":\"https:\\\/\\\/secure.gravatar.com\\\/avatar\\\/e4e253cf49afb8c76a2aca487577f1ff5c098c82b3cf2b0a85f03f83dcb96c31?s=96&d=mm&r=g\",\"caption\":\"Redacci\u00f3n\"},\"url\":\"https:\\\/\\\/radiolitoral.com\\\/ca\\\/author\\\/alba-alborch\\\/\"}]}<\/script>\n<!-- \/ Yoast SEO plugin. -->","yoast_head_json":{"title":"Benissa aposta per la sostenibilitat amb una xarxa de sensors per a la qualitat de l&#039;aire | R\u00e0dio Litoral","description":"Els dispositius mesuraran en temps real els nivells de contaminants, avan\u00e7ant en transpar\u00e8ncia ambiental i salut p\u00fablica","robots":{"index":"index","follow":"follow","max-snippet":"max-snippet:-1","max-image-preview":"max-image-preview:large","max-video-preview":"max-video-preview:-1"},"canonical":"https:\/\/radiolitoral.com\/ca\/2025\/01\/benissa-aposta-per-la-sostenibilitat-amb-una-xarxa-de-sensors-per-a-la-qualitat-de-laire\/","og_locale":"ca_ES","og_type":"article","og_title":"Benissa aposta per la sostenibilitat amb una xarxa de sensors per a la qualitat de l\u2019aire | R\u00e0dio Litoral","og_description":"Els dispositius mesuraran en temps real els nivells de contaminants, avan\u00e7ant en transpar\u00e8ncia ambiental i salut p\u00fablica","og_url":"https:\/\/radiolitoral.com\/ca\/2025\/01\/benissa-aposta-per-la-sostenibilitat-amb-una-xarxa-de-sensors-per-a-la-qualitat-de-laire\/","og_site_name":"R\u00e0dio Litoral","article_publisher":"https:\/\/www.facebook.com\/Laradiolitoral\/","article_published_time":"2025-01-09T11:41:09+00:00","article_modified_time":"2025-01-09T11:41:33+00:00","og_image":[{"width":2560,"height":1920,"url":"https:\/\/media.radiolitoral.com\/wp-content\/uploads\/2025\/01\/09123744\/Imagen-archivo_Fachada-Ayuntamiento-de-Benissa-scaled.jpg","type":"image\/jpeg"}],"author":"Redacci\u00f3n","twitter_card":"summary_large_image","twitter_misc":{"Escrit per":"Redacci\u00f3n","Temps estimat de lectura":"2 minuts"},"schema":{"@context":"https:\/\/schema.org","@graph":[{"@type":"NewsArticle","@id":"https:\/\/radiolitoral.com\/2025\/01\/benissa-aposta-per-la-sostenibilitat-amb-una-xarxa-de-sensors-per-a-la-qualitat-de-laire\/#article","isPartOf":{"@id":"https:\/\/radiolitoral.com\/2025\/01\/benissa-aposta-per-la-sostenibilitat-amb-una-xarxa-de-sensors-per-a-la-qualitat-de-laire\/"},"author":{"name":"Redacci\u00f3n","@id":"https:\/\/radiolitoral.com\/#\/schema\/person\/aaadc9e35663a92bd94a05f5816f296d"},"headline":"Benissa aposta per la sostenibilitat amb una xarxa de sensors per a la qualitat de l\u2019aire","datePublished":"2025-01-09T11:41:09+00:00","dateModified":"2025-01-09T11:41:33+00:00","mainEntityOfPage":{"@id":"https:\/\/radiolitoral.com\/2025\/01\/benissa-aposta-per-la-sostenibilitat-amb-una-xarxa-de-sensors-per-a-la-qualitat-de-laire\/"},"wordCount":224,"commentCount":0,"publisher":{"@id":"https:\/\/radiolitoral.com\/#organization"},"image":{"@id":"https:\/\/radiolitoral.com\/2025\/01\/benissa-aposta-per-la-sostenibilitat-amb-una-xarxa-de-sensors-per-a-la-qualitat-de-laire\/#primaryimage"},"thumbnailUrl":"https:\/\/media.radiolitoral.com\/wp-content\/uploads\/2025\/01\/09123744\/Imagen-archivo_Fachada-Ayuntamiento-de-Benissa-scaled.jpg","articleSection":["Sociedad"],"inLanguage":"ca","potentialAction":[{"@type":"CommentAction","name":"Comment","target":["https:\/\/radiolitoral.com\/2025\/01\/benissa-aposta-per-la-sostenibilitat-amb-una-xarxa-de-sensors-per-a-la-qualitat-de-laire\/#respond"]}]},{"@type":["WebPage","ItemPage"],"@id":"https:\/\/radiolitoral.com\/2025\/01\/benissa-aposta-per-la-sostenibilitat-amb-una-xarxa-de-sensors-per-a-la-qualitat-de-laire\/","url":"https:\/\/radiolitoral.com\/2025\/01\/benissa-aposta-per-la-sostenibilitat-amb-una-xarxa-de-sensors-per-a-la-qualitat-de-laire\/","name":"Benissa aposta per la sostenibilitat amb una xarxa de sensors per a la qualitat de l&#039;aire | R\u00e0dio Litoral","isPartOf":{"@id":"https:\/\/radiolitoral.com\/#website"},"primaryImageOfPage":{"@id":"https:\/\/radiolitoral.com\/2025\/01\/benissa-aposta-per-la-sostenibilitat-amb-una-xarxa-de-sensors-per-a-la-qualitat-de-laire\/#primaryimage"},"image":{"@id":"https:\/\/radiolitoral.com\/2025\/01\/benissa-aposta-per-la-sostenibilitat-amb-una-xarxa-de-sensors-per-a-la-qualitat-de-laire\/#primaryimage"},"thumbnailUrl":"https:\/\/media.radiolitoral.com\/wp-content\/uploads\/2025\/01\/09123744\/Imagen-archivo_Fachada-Ayuntamiento-de-Benissa-scaled.jpg","datePublished":"2025-01-09T11:41:09+00:00","dateModified":"2025-01-09T11:41:33+00:00","description":"Els dispositius mesuraran en temps real els nivells de contaminants, avan\u00e7ant en transpar\u00e8ncia ambiental i salut p\u00fablica","breadcrumb":{"@id":"https:\/\/radiolitoral.com\/2025\/01\/benissa-aposta-per-la-sostenibilitat-amb-una-xarxa-de-sensors-per-a-la-qualitat-de-laire\/#breadcrumb"},"inLanguage":"ca","potentialAction":[{"@type":"ReadAction","target":["https:\/\/radiolitoral.com\/2025\/01\/benissa-aposta-per-la-sostenibilitat-amb-una-xarxa-de-sensors-per-a-la-qualitat-de-laire\/"]}]},{"@type":"ImageObject","inLanguage":"ca","@id":"https:\/\/radiolitoral.com\/2025\/01\/benissa-aposta-per-la-sostenibilitat-amb-una-xarxa-de-sensors-per-a-la-qualitat-de-laire\/#primaryimage","url":"https:\/\/media.radiolitoral.com\/wp-content\/uploads\/2025\/01\/09123744\/Imagen-archivo_Fachada-Ayuntamiento-de-Benissa-scaled.jpg","contentUrl":"https:\/\/media.radiolitoral.com\/wp-content\/uploads\/2025\/01\/09123744\/Imagen-archivo_Fachada-Ayuntamiento-de-Benissa-scaled.jpg","width":2560,"height":1920},{"@type":"BreadcrumbList","@id":"https:\/\/radiolitoral.com\/2025\/01\/benissa-aposta-per-la-sostenibilitat-amb-una-xarxa-de-sensors-per-a-la-qualitat-de-laire\/#breadcrumb","itemListElement":[{"@type":"ListItem","position":1,"name":"Portada","item":"https:\/\/radiolitoral.com\/"},{"@type":"ListItem","position":2,"name":"Benissa aposta per la sostenibilitat amb una xarxa de sensors per a la qualitat de l\u2019aire"}]},{"@type":"WebSite","@id":"https:\/\/radiolitoral.com\/#website","url":"https:\/\/radiolitoral.com\/","name":"R\u00e0dio Litoral","description":"La r\u00e0dio local de la Marina Alta","publisher":{"@id":"https:\/\/radiolitoral.com\/#organization"},"alternateName":"Litoral FM","potentialAction":[{"@type":"SearchAction","target":{"@type":"EntryPoint","urlTemplate":"https:\/\/radiolitoral.com\/?s={search_term_string}"},"query-input":{"@type":"PropertyValueSpecification","valueRequired":true,"valueName":"search_term_string"}}],"inLanguage":"ca"},{"@type":"Organization","@id":"https:\/\/radiolitoral.com\/#organization","name":"R\u00e0dio Litoral","url":"https:\/\/radiolitoral.com\/","logo":{"@type":"ImageObject","inLanguage":"ca","@id":"https:\/\/radiolitoral.com\/#\/schema\/logo\/image\/","url":"https:\/\/media.radiolitoral.com\/wp-content\/uploads\/2023\/02\/24143238\/CL-V-RadioLitoral696.png","contentUrl":"https:\/\/media.radiolitoral.com\/wp-content\/uploads\/2023\/02\/24143238\/CL-V-RadioLitoral696.png","width":696,"height":696,"caption":"Radio Litoral"},"image":{"@id":"https:\/\/radiolitoral.com\/#\/schema\/logo\/image\/"},"sameAs":["https:\/\/www.facebook.com\/Laradiolitoral\/"]},{"@type":"Person","@id":"https:\/\/radiolitoral.com\/#\/schema\/person\/aaadc9e35663a92bd94a05f5816f296d","name":"Redacci\u00f3","image":{"@type":"ImageObject","inLanguage":"ca","@id":"https:\/\/secure.gravatar.com\/avatar\/e4e253cf49afb8c76a2aca487577f1ff5c098c82b3cf2b0a85f03f83dcb96c31?s=96&d=mm&r=g","url":"https:\/\/secure.gravatar.com\/avatar\/e4e253cf49afb8c76a2aca487577f1ff5c098c82b3cf2b0a85f03f83dcb96c31?s=96&d=mm&r=g","contentUrl":"https:\/\/secure.gravatar.com\/avatar\/e4e253cf49afb8c76a2aca487577f1ff5c098c82b3cf2b0a85f03f83dcb96c31?s=96&d=mm&r=g","caption":"Redacci\u00f3n"},"url":"https:\/\/radiolitoral.com\/ca\/author\/alba-alborch\/"}]}},"_links":{"self":[{"href":"https:\/\/radiolitoral.com\/ca\/wp-json\/wp\/v2\/posts\/14190","targetHints":{"allow":["GET"]}}],"collection":[{"href":"https:\/\/radiolitoral.com\/ca\/wp-json\/wp\/v2\/posts"}],"about":[{"href":"https:\/\/radiolitoral.com\/ca\/wp-json\/wp\/v2\/types\/post"}],"author":[{"embeddable":true,"href":"https:\/\/radiolitoral.com\/ca\/wp-json\/wp\/v2\/users\/11"}],"replies":[{"embeddable":true,"href":"https:\/\/radiolitoral.com\/ca\/wp-json\/wp\/v2\/comments?post=14190"}],"version-history":[{"count":1,"href":"https:\/\/radiolitoral.com\/ca\/wp-json\/wp\/v2\/posts\/14190\/revisions"}],"predecessor-version":[{"id":14192,"href":"https:\/\/radiolitoral.com\/ca\/wp-json\/wp\/v2\/posts\/14190\/revisions\/14192"}],"wp:featuredmedia":[{"embeddable":true,"href":"https:\/\/radiolitoral.com\/ca\/wp-json\/wp\/v2\/media\/14191"}],"wp:attachment":[{"href":"https:\/\/radiolitoral.com\/ca\/wp-json\/wp\/v2\/media?parent=14190"}],"wp:term":[{"taxonomy":"category","embeddable":true,"href":"https:\/\/radiolitoral.com\/ca\/wp-json\/wp\/v2\/categories?post=14190"},{"taxonomy":"post_tag","embeddable":true,"href":"https:\/\/radiolitoral.com\/ca\/wp-json\/wp\/v2\/tags?post=14190"}],"curies":[{"name":"wp","href":"https:\/\/api.w.org\/{rel}","templated":true}]}}