{"id":14165,"date":"2025-01-08T11:25:43","date_gmt":"2025-01-08T10:25:43","guid":{"rendered":"https:\/\/radiolitoral.com\/?p=14165"},"modified":"2025-01-08T11:25:43","modified_gmt":"2025-01-08T10:25:43","slug":"la-xxxix-volta-ciclista-a-la-marina-arrenca-a-bolulla","status":"publish","type":"post","link":"https:\/\/radiolitoral.com\/ca\/2025\/01\/la-xxxix-volta-ciclista-a-la-marina-arranca-a-bolulla\/","title":{"rendered":"La XXXIX Volta Ciclista a la Marina arrenca a Bolulla"},"content":{"rendered":"<p>La <strong>XXXIX Volta Ciclista a la Marina<\/strong> donar\u00e0 el tret d&#039;eixida\u00a0<span class=\"hiddenSuggestion\">aquest<\/span>\u00a0diumenge a Bolulla, marcant l\u00b4inici d\u00b4una competici\u00f3 que s\u00b4ha convertit en un referent del ciclisme a la Marina Alta i Baixa. La primera etapa, amb un recorregut de 66,40 quil\u00f2metres, posar\u00e0 a prova els participants amb\u00a0<span class=\"hiddenGrammarError\">dues<\/span>\u00a0ascensions destacades: el m\u00edtic Coll de Rates (km 18,5) i el repte final de\u00a0<span class=\"hiddenSpellError\">Bixauca<\/span>\u00a0(km 53,5).<\/p>\n<p>La cursa comen\u00e7ar\u00e0 a les 10 de la matinada, amb una arribada estimada pels voltants de les 11:39, segons el ritme m\u00e9s r\u00e0pid previst per l&#039;organitzaci\u00f3. Aquesta primera etapa promet emocions des de l&#039;inici, amb un perfil trencacames que podria decidir els primers favorits de la competici\u00f3.<\/p>\n<h4>Un recorregut exigent amb set etapes clau<\/h4>\n<p>La Volta d&#039;aquest any constar\u00e0 de set etapes, oferint una combinaci\u00f3 de recorreguts t\u00e8cnics i escenaris espectaculars per als amants del ciclisme. Despr\u00e9s de l&#039;obertura a Bolulla, la competici\u00f3 es traslladar\u00e0 a X\u00e0bia el 19 de gener, seguida per l&#039;etapa a Parcent el 2 de febrer.<\/p>\n<p>El 23 de febrer, els ciclistes arribaran a l&#039;equador de la volta amb una etapa a Barxeta, mentre que l&#039;1 de mar\u00e7 s&#039;estrenar\u00e0 la novetat d&#039;agost com a seu d&#039;una de les etapes. La pen\u00faltima prova tindr\u00e0 lloc a Gata de Gorgos el 16 de mar\u00e7, abans de la gran final a D\u00e9nia, programada per al 23 de mar\u00e7.<\/p>\n<h4>Un esdeveniment de refer\u00e8ncia<\/h4>\n<p>Amb gaireb\u00e9 quatre d\u00e8cades d&#039;hist\u00f2ria, la Volta a la Marina s&#039;ha consolidat com una cita ineludible per a ciclistes i aficionats, oferint un espai de competici\u00f3 d&#039;alt nivell al marc incomparable de les comarques de la Marina Alta i Baixa. L&#039;organitzaci\u00f3 preveu una gran aflu\u00e8ncia de p\u00fablic i ciclistes, tots preparats per viure un espectacle ple de lluita, resist\u00e8ncia i estrat\u00e8gia.<\/p>\n<p>Aquest diumenge, a Bolulla, comen\u00e7a una nova p\u00e0gina d&#039;<span class=\"hiddenSuggestion\">aquesta<\/span>\u00a0hist\u00f2rica competici\u00f3, amb el repte de superar l&#039;arribada de les edicions anteriors i oferir una experi\u00e8ncia inoblidable a tots els participants.<\/p>","protected":false},"excerpt":{"rendered":"<p>La XXXIX Volta Ciclista a la Marina donar\u00e0 el tret d&#8217;eixida\u00a0aquest\u00a0diumenge a Bolulla, marcant l&#8217;inici d&#8217;una competici\u00f3 que s&#8217;ha convertit en un referent del ciclisme a la Marina Alta i Baixa. La primera etapa, amb un recorregut de 66,40 quil\u00f2metres, posar\u00e0 a prova els participants amb\u00a0dues\u00a0ascensions destacades: el m\u00edtic Coll de Rates (km 18,5) i [&#8230;]<\/p>\n<p><a class=\"btn btn-secondary understrap-read-more-link\" href=\"https:\/\/radiolitoral.com\/ca\/2025\/01\/la-xxxix-volta-ciclista-a-la-marina-arranca-a-bolulla\/\">Continua llegint&#8230;<span class=\"screen-reader-text\"> from La XXXIX Volta Ciclista a la Marina arranca a Bolulla<\/span><\/a><\/p>\n","protected":false},"author":12,"featured_media":14166,"comment_status":"open","ping_status":"closed","sticky":false,"template":"","format":"standard","meta":{"_acf_changed":false,"inline_featured_image":false,"footnotes":""},"categories":[5],"tags":[74,6,3140,3139],"class_list":["post-14165","post","type-post","status-publish","format-standard","has-post-thumbnail","hentry","category-deportes","tag-ciclismo","tag-deportes","tag-volta-ciclista-a-la-marina","tag-xxxix-volta-ciclista-a-la-marina","cobertura-marina-alta"],"acf":[],"yoast_head":"<!-- This site is optimized with the Yoast SEO plugin v27.5 - https:\/\/yoast.com\/product\/yoast-seo-wordpress\/ -->\n<title>La XXXIX Volta Ciclista a la Marina arranca a Bolulla | R\u00e0dio Litoral<\/title>\n<meta name=\"description\" content=\"Set etapes plenes de reptes per als ciclistes en l&#039;inici de la temporadaSet etapes plenes de reptes per als ciclistes en l&#039;inici de la temporada\" \/>\n<meta name=\"robots\" content=\"index, follow, max-snippet:-1, max-image-preview:large, max-video-preview:-1\" \/>\n<link rel=\"canonical\" href=\"https:\/\/radiolitoral.com\/ca\/2025\/01\/la-xxxix-volta-ciclista-a-la-marina-arrenca-a-bolulla\/\" \/>\n<meta property=\"og:locale\" content=\"ca_ES\" \/>\n<meta property=\"og:type\" content=\"article\" \/>\n<meta property=\"og:title\" content=\"La XXXIX Volta Ciclista a la Marina arranca a Bolulla | R\u00e0dio Litoral\" \/>\n<meta property=\"og:description\" content=\"Set etapes plenes de reptes per als ciclistes en l&#039;inici de la temporadaSet etapes plenes de reptes per als ciclistes en l&#039;inici de la temporada\" \/>\n<meta property=\"og:url\" content=\"https:\/\/radiolitoral.com\/ca\/2025\/01\/la-xxxix-volta-ciclista-a-la-marina-arrenca-a-bolulla\/\" \/>\n<meta property=\"og:site_name\" content=\"R\u00e0dio Litoral\" \/>\n<meta property=\"article:publisher\" content=\"https:\/\/www.facebook.com\/Laradiolitoral\/\" \/>\n<meta property=\"article:published_time\" content=\"2025-01-08T10:25:43+00:00\" \/>\n<meta property=\"og:image\" content=\"https:\/\/media.radiolitoral.com\/wp-content\/uploads\/2025\/01\/08112157\/Volta-ciclista-a-la-Marina.jpg\" \/>\n\t<meta property=\"og:image:width\" content=\"1024\" \/>\n\t<meta property=\"og:image:height\" content=\"612\" \/>\n\t<meta property=\"og:image:type\" content=\"image\/jpeg\" \/>\n<meta name=\"author\" content=\"Javier Zamora\" \/>\n<meta name=\"twitter:card\" content=\"summary_large_image\" \/>\n<meta name=\"twitter:label1\" content=\"Escrit per\" \/>\n\t<meta name=\"twitter:data1\" content=\"Javier Zamora\" \/>\n\t<meta name=\"twitter:label2\" content=\"Temps estimat de lectura\" \/>\n\t<meta name=\"twitter:data2\" content=\"2 minuts\" \/>\n<script type=\"application\/ld+json\" class=\"yoast-schema-graph\">{\"@context\":\"https:\\\/\\\/schema.org\",\"@graph\":[{\"@type\":\"NewsArticle\",\"@id\":\"https:\\\/\\\/radiolitoral.com\\\/2025\\\/01\\\/la-xxxix-volta-ciclista-a-la-marina-arranca-a-bolulla\\\/#article\",\"isPartOf\":{\"@id\":\"https:\\\/\\\/radiolitoral.com\\\/2025\\\/01\\\/la-xxxix-volta-ciclista-a-la-marina-arranca-a-bolulla\\\/\"},\"author\":{\"name\":\"Javier Zamora\",\"@id\":\"https:\\\/\\\/radiolitoral.com\\\/#\\\/schema\\\/person\\\/7b1480b5caeb5acdd4ec6379caf62b22\"},\"headline\":\"La XXXIX Volta Ciclista a la Marina arranca a Bolulla\",\"datePublished\":\"2025-01-08T10:25:43+00:00\",\"mainEntityOfPage\":{\"@id\":\"https:\\\/\\\/radiolitoral.com\\\/2025\\\/01\\\/la-xxxix-volta-ciclista-a-la-marina-arranca-a-bolulla\\\/\"},\"wordCount\":359,\"commentCount\":0,\"publisher\":{\"@id\":\"https:\\\/\\\/radiolitoral.com\\\/#organization\"},\"image\":{\"@id\":\"https:\\\/\\\/radiolitoral.com\\\/2025\\\/01\\\/la-xxxix-volta-ciclista-a-la-marina-arranca-a-bolulla\\\/#primaryimage\"},\"thumbnailUrl\":\"https:\\\/\\\/media.radiolitoral.com\\\/wp-content\\\/uploads\\\/2025\\\/01\\\/08112157\\\/Volta-ciclista-a-la-Marina.jpg\",\"keywords\":[\"Ciclismo\",\"deportes\",\"Volta Ciclista a la Marina\",\"XXXIX Volta Ciclista a la Marina\"],\"articleSection\":[\"Deportes\"],\"inLanguage\":\"ca\",\"potentialAction\":[{\"@type\":\"CommentAction\",\"name\":\"Comment\",\"target\":[\"https:\\\/\\\/radiolitoral.com\\\/2025\\\/01\\\/la-xxxix-volta-ciclista-a-la-marina-arranca-a-bolulla\\\/#respond\"]}]},{\"@type\":[\"WebPage\",\"ItemPage\"],\"@id\":\"https:\\\/\\\/radiolitoral.com\\\/2025\\\/01\\\/la-xxxix-volta-ciclista-a-la-marina-arranca-a-bolulla\\\/\",\"url\":\"https:\\\/\\\/radiolitoral.com\\\/2025\\\/01\\\/la-xxxix-volta-ciclista-a-la-marina-arranca-a-bolulla\\\/\",\"name\":\"La XXXIX Volta Ciclista a la Marina arranca a Bolulla | R\u00e0dio Litoral\",\"isPartOf\":{\"@id\":\"https:\\\/\\\/radiolitoral.com\\\/#website\"},\"primaryImageOfPage\":{\"@id\":\"https:\\\/\\\/radiolitoral.com\\\/2025\\\/01\\\/la-xxxix-volta-ciclista-a-la-marina-arranca-a-bolulla\\\/#primaryimage\"},\"image\":{\"@id\":\"https:\\\/\\\/radiolitoral.com\\\/2025\\\/01\\\/la-xxxix-volta-ciclista-a-la-marina-arranca-a-bolulla\\\/#primaryimage\"},\"thumbnailUrl\":\"https:\\\/\\\/media.radiolitoral.com\\\/wp-content\\\/uploads\\\/2025\\\/01\\\/08112157\\\/Volta-ciclista-a-la-Marina.jpg\",\"datePublished\":\"2025-01-08T10:25:43+00:00\",\"description\":\"Set etapes plenes de reptes per als ciclistes en l'inici de la temporadaSet etapes plenes de reptes per als ciclistes en l'inici de la temporada\",\"breadcrumb\":{\"@id\":\"https:\\\/\\\/radiolitoral.com\\\/2025\\\/01\\\/la-xxxix-volta-ciclista-a-la-marina-arranca-a-bolulla\\\/#breadcrumb\"},\"inLanguage\":\"ca\",\"potentialAction\":[{\"@type\":\"ReadAction\",\"target\":[\"https:\\\/\\\/radiolitoral.com\\\/2025\\\/01\\\/la-xxxix-volta-ciclista-a-la-marina-arranca-a-bolulla\\\/\"]}]},{\"@type\":\"ImageObject\",\"inLanguage\":\"ca\",\"@id\":\"https:\\\/\\\/radiolitoral.com\\\/2025\\\/01\\\/la-xxxix-volta-ciclista-a-la-marina-arranca-a-bolulla\\\/#primaryimage\",\"url\":\"https:\\\/\\\/media.radiolitoral.com\\\/wp-content\\\/uploads\\\/2025\\\/01\\\/08112157\\\/Volta-ciclista-a-la-Marina.jpg\",\"contentUrl\":\"https:\\\/\\\/media.radiolitoral.com\\\/wp-content\\\/uploads\\\/2025\\\/01\\\/08112157\\\/Volta-ciclista-a-la-Marina.jpg\",\"width\":1024,\"height\":612},{\"@type\":\"BreadcrumbList\",\"@id\":\"https:\\\/\\\/radiolitoral.com\\\/2025\\\/01\\\/la-xxxix-volta-ciclista-a-la-marina-arranca-a-bolulla\\\/#breadcrumb\",\"itemListElement\":[{\"@type\":\"ListItem\",\"position\":1,\"name\":\"Portada\",\"item\":\"https:\\\/\\\/radiolitoral.com\\\/\"},{\"@type\":\"ListItem\",\"position\":2,\"name\":\"La XXXIX Volta Ciclista a la Marina arranca a Bolulla\"}]},{\"@type\":\"WebSite\",\"@id\":\"https:\\\/\\\/radiolitoral.com\\\/#website\",\"url\":\"https:\\\/\\\/radiolitoral.com\\\/\",\"name\":\"Radio Litoral\",\"description\":\"La radio local de la Marina Alta\",\"publisher\":{\"@id\":\"https:\\\/\\\/radiolitoral.com\\\/#organization\"},\"alternateName\":\"Litoral FM\",\"potentialAction\":[{\"@type\":\"SearchAction\",\"target\":{\"@type\":\"EntryPoint\",\"urlTemplate\":\"https:\\\/\\\/radiolitoral.com\\\/?s={search_term_string}\"},\"query-input\":{\"@type\":\"PropertyValueSpecification\",\"valueRequired\":true,\"valueName\":\"search_term_string\"}}],\"inLanguage\":\"ca\"},{\"@type\":\"Organization\",\"@id\":\"https:\\\/\\\/radiolitoral.com\\\/#organization\",\"name\":\"Radio Litoral\",\"url\":\"https:\\\/\\\/radiolitoral.com\\\/\",\"logo\":{\"@type\":\"ImageObject\",\"inLanguage\":\"ca\",\"@id\":\"https:\\\/\\\/radiolitoral.com\\\/#\\\/schema\\\/logo\\\/image\\\/\",\"url\":\"https:\\\/\\\/media.radiolitoral.com\\\/wp-content\\\/uploads\\\/2023\\\/02\\\/24143238\\\/CL-V-RadioLitoral696.png\",\"contentUrl\":\"https:\\\/\\\/media.radiolitoral.com\\\/wp-content\\\/uploads\\\/2023\\\/02\\\/24143238\\\/CL-V-RadioLitoral696.png\",\"width\":696,\"height\":696,\"caption\":\"Radio Litoral\"},\"image\":{\"@id\":\"https:\\\/\\\/radiolitoral.com\\\/#\\\/schema\\\/logo\\\/image\\\/\"},\"sameAs\":[\"https:\\\/\\\/www.facebook.com\\\/Laradiolitoral\\\/\"]},{\"@type\":\"Person\",\"@id\":\"https:\\\/\\\/radiolitoral.com\\\/#\\\/schema\\\/person\\\/7b1480b5caeb5acdd4ec6379caf62b22\",\"name\":\"Javier Zamora\",\"image\":{\"@type\":\"ImageObject\",\"inLanguage\":\"ca\",\"@id\":\"https:\\\/\\\/secure.gravatar.com\\\/avatar\\\/467a11f6918c7d619c4043fc6fa2d3853053107973f05b6e9c04ea6c4e3a7b3f?s=96&d=mm&r=g\",\"url\":\"https:\\\/\\\/secure.gravatar.com\\\/avatar\\\/467a11f6918c7d619c4043fc6fa2d3853053107973f05b6e9c04ea6c4e3a7b3f?s=96&d=mm&r=g\",\"contentUrl\":\"https:\\\/\\\/secure.gravatar.com\\\/avatar\\\/467a11f6918c7d619c4043fc6fa2d3853053107973f05b6e9c04ea6c4e3a7b3f?s=96&d=mm&r=g\",\"caption\":\"Javier Zamora\"},\"url\":\"https:\\\/\\\/radiolitoral.com\\\/ca\\\/author\\\/javier-zamora\\\/\"}]}<\/script>\n<!-- \/ Yoast SEO plugin. -->","yoast_head_json":{"title":"La XXXIX Volta Ciclista a la Marina arrenca a Bolulla | R\u00e0dio Litoral","description":"Set etapes plens de reptes per als ciclistes a l&#039;inici de la temporadaSet etapes plens de reptes per als ciclistes a l&#039;inici de la temporada","robots":{"index":"index","follow":"follow","max-snippet":"max-snippet:-1","max-image-preview":"max-image-preview:large","max-video-preview":"max-video-preview:-1"},"canonical":"https:\/\/radiolitoral.com\/ca\/2025\/01\/la-xxxix-volta-ciclista-a-la-marina-arrenca-a-bolulla\/","og_locale":"ca_ES","og_type":"article","og_title":"La XXXIX Volta Ciclista a la Marina arranca a Bolulla | R\u00e0dio Litoral","og_description":"Set etapes plenes de reptes per als ciclistes en l'inici de la temporadaSet etapes plenes de reptes per als ciclistes en l'inici de la temporada","og_url":"https:\/\/radiolitoral.com\/ca\/2025\/01\/la-xxxix-volta-ciclista-a-la-marina-arrenca-a-bolulla\/","og_site_name":"R\u00e0dio Litoral","article_publisher":"https:\/\/www.facebook.com\/Laradiolitoral\/","article_published_time":"2025-01-08T10:25:43+00:00","og_image":[{"width":1024,"height":612,"url":"https:\/\/media.radiolitoral.com\/wp-content\/uploads\/2025\/01\/08112157\/Volta-ciclista-a-la-Marina.jpg","type":"image\/jpeg"}],"author":"Javier Zamora","twitter_card":"summary_large_image","twitter_misc":{"Escrit per":"Javier Zamora","Temps estimat de lectura":"2 minuts"},"schema":{"@context":"https:\/\/schema.org","@graph":[{"@type":"NewsArticle","@id":"https:\/\/radiolitoral.com\/2025\/01\/la-xxxix-volta-ciclista-a-la-marina-arranca-a-bolulla\/#article","isPartOf":{"@id":"https:\/\/radiolitoral.com\/2025\/01\/la-xxxix-volta-ciclista-a-la-marina-arranca-a-bolulla\/"},"author":{"name":"Javier Zamora","@id":"https:\/\/radiolitoral.com\/#\/schema\/person\/7b1480b5caeb5acdd4ec6379caf62b22"},"headline":"La XXXIX Volta Ciclista a la Marina arranca a Bolulla","datePublished":"2025-01-08T10:25:43+00:00","mainEntityOfPage":{"@id":"https:\/\/radiolitoral.com\/2025\/01\/la-xxxix-volta-ciclista-a-la-marina-arranca-a-bolulla\/"},"wordCount":359,"commentCount":0,"publisher":{"@id":"https:\/\/radiolitoral.com\/#organization"},"image":{"@id":"https:\/\/radiolitoral.com\/2025\/01\/la-xxxix-volta-ciclista-a-la-marina-arranca-a-bolulla\/#primaryimage"},"thumbnailUrl":"https:\/\/media.radiolitoral.com\/wp-content\/uploads\/2025\/01\/08112157\/Volta-ciclista-a-la-Marina.jpg","keywords":["Ciclismo","deportes","Volta Ciclista a la Marina","XXXIX Volta Ciclista a la Marina"],"articleSection":["Deportes"],"inLanguage":"ca","potentialAction":[{"@type":"CommentAction","name":"Comment","target":["https:\/\/radiolitoral.com\/2025\/01\/la-xxxix-volta-ciclista-a-la-marina-arranca-a-bolulla\/#respond"]}]},{"@type":["WebPage","ItemPage"],"@id":"https:\/\/radiolitoral.com\/2025\/01\/la-xxxix-volta-ciclista-a-la-marina-arranca-a-bolulla\/","url":"https:\/\/radiolitoral.com\/2025\/01\/la-xxxix-volta-ciclista-a-la-marina-arranca-a-bolulla\/","name":"La XXXIX Volta Ciclista a la Marina arrenca a Bolulla | R\u00e0dio Litoral","isPartOf":{"@id":"https:\/\/radiolitoral.com\/#website"},"primaryImageOfPage":{"@id":"https:\/\/radiolitoral.com\/2025\/01\/la-xxxix-volta-ciclista-a-la-marina-arranca-a-bolulla\/#primaryimage"},"image":{"@id":"https:\/\/radiolitoral.com\/2025\/01\/la-xxxix-volta-ciclista-a-la-marina-arranca-a-bolulla\/#primaryimage"},"thumbnailUrl":"https:\/\/media.radiolitoral.com\/wp-content\/uploads\/2025\/01\/08112157\/Volta-ciclista-a-la-Marina.jpg","datePublished":"2025-01-08T10:25:43+00:00","description":"Set etapes plens de reptes per als ciclistes a l&#039;inici de la temporadaSet etapes plens de reptes per als ciclistes a l&#039;inici de la temporada","breadcrumb":{"@id":"https:\/\/radiolitoral.com\/2025\/01\/la-xxxix-volta-ciclista-a-la-marina-arranca-a-bolulla\/#breadcrumb"},"inLanguage":"ca","potentialAction":[{"@type":"ReadAction","target":["https:\/\/radiolitoral.com\/2025\/01\/la-xxxix-volta-ciclista-a-la-marina-arranca-a-bolulla\/"]}]},{"@type":"ImageObject","inLanguage":"ca","@id":"https:\/\/radiolitoral.com\/2025\/01\/la-xxxix-volta-ciclista-a-la-marina-arranca-a-bolulla\/#primaryimage","url":"https:\/\/media.radiolitoral.com\/wp-content\/uploads\/2025\/01\/08112157\/Volta-ciclista-a-la-Marina.jpg","contentUrl":"https:\/\/media.radiolitoral.com\/wp-content\/uploads\/2025\/01\/08112157\/Volta-ciclista-a-la-Marina.jpg","width":1024,"height":612},{"@type":"BreadcrumbList","@id":"https:\/\/radiolitoral.com\/2025\/01\/la-xxxix-volta-ciclista-a-la-marina-arranca-a-bolulla\/#breadcrumb","itemListElement":[{"@type":"ListItem","position":1,"name":"Portada","item":"https:\/\/radiolitoral.com\/"},{"@type":"ListItem","position":2,"name":"La XXXIX Volta Ciclista a la Marina arranca a Bolulla"}]},{"@type":"WebSite","@id":"https:\/\/radiolitoral.com\/#website","url":"https:\/\/radiolitoral.com\/","name":"R\u00e0dio Litoral","description":"La r\u00e0dio local de la Marina Alta","publisher":{"@id":"https:\/\/radiolitoral.com\/#organization"},"alternateName":"Litoral FM","potentialAction":[{"@type":"SearchAction","target":{"@type":"EntryPoint","urlTemplate":"https:\/\/radiolitoral.com\/?s={search_term_string}"},"query-input":{"@type":"PropertyValueSpecification","valueRequired":true,"valueName":"search_term_string"}}],"inLanguage":"ca"},{"@type":"Organization","@id":"https:\/\/radiolitoral.com\/#organization","name":"R\u00e0dio Litoral","url":"https:\/\/radiolitoral.com\/","logo":{"@type":"ImageObject","inLanguage":"ca","@id":"https:\/\/radiolitoral.com\/#\/schema\/logo\/image\/","url":"https:\/\/media.radiolitoral.com\/wp-content\/uploads\/2023\/02\/24143238\/CL-V-RadioLitoral696.png","contentUrl":"https:\/\/media.radiolitoral.com\/wp-content\/uploads\/2023\/02\/24143238\/CL-V-RadioLitoral696.png","width":696,"height":696,"caption":"Radio Litoral"},"image":{"@id":"https:\/\/radiolitoral.com\/#\/schema\/logo\/image\/"},"sameAs":["https:\/\/www.facebook.com\/Laradiolitoral\/"]},{"@type":"Person","@id":"https:\/\/radiolitoral.com\/#\/schema\/person\/7b1480b5caeb5acdd4ec6379caf62b22","name":"Javier Zamora","image":{"@type":"ImageObject","inLanguage":"ca","@id":"https:\/\/secure.gravatar.com\/avatar\/467a11f6918c7d619c4043fc6fa2d3853053107973f05b6e9c04ea6c4e3a7b3f?s=96&d=mm&r=g","url":"https:\/\/secure.gravatar.com\/avatar\/467a11f6918c7d619c4043fc6fa2d3853053107973f05b6e9c04ea6c4e3a7b3f?s=96&d=mm&r=g","contentUrl":"https:\/\/secure.gravatar.com\/avatar\/467a11f6918c7d619c4043fc6fa2d3853053107973f05b6e9c04ea6c4e3a7b3f?s=96&d=mm&r=g","caption":"Javier Zamora"},"url":"https:\/\/radiolitoral.com\/ca\/author\/javier-zamora\/"}]}},"_links":{"self":[{"href":"https:\/\/radiolitoral.com\/ca\/wp-json\/wp\/v2\/posts\/14165","targetHints":{"allow":["GET"]}}],"collection":[{"href":"https:\/\/radiolitoral.com\/ca\/wp-json\/wp\/v2\/posts"}],"about":[{"href":"https:\/\/radiolitoral.com\/ca\/wp-json\/wp\/v2\/types\/post"}],"author":[{"embeddable":true,"href":"https:\/\/radiolitoral.com\/ca\/wp-json\/wp\/v2\/users\/12"}],"replies":[{"embeddable":true,"href":"https:\/\/radiolitoral.com\/ca\/wp-json\/wp\/v2\/comments?post=14165"}],"version-history":[{"count":2,"href":"https:\/\/radiolitoral.com\/ca\/wp-json\/wp\/v2\/posts\/14165\/revisions"}],"predecessor-version":[{"id":14168,"href":"https:\/\/radiolitoral.com\/ca\/wp-json\/wp\/v2\/posts\/14165\/revisions\/14168"}],"wp:featuredmedia":[{"embeddable":true,"href":"https:\/\/radiolitoral.com\/ca\/wp-json\/wp\/v2\/media\/14166"}],"wp:attachment":[{"href":"https:\/\/radiolitoral.com\/ca\/wp-json\/wp\/v2\/media?parent=14165"}],"wp:term":[{"taxonomy":"category","embeddable":true,"href":"https:\/\/radiolitoral.com\/ca\/wp-json\/wp\/v2\/categories?post=14165"},{"taxonomy":"post_tag","embeddable":true,"href":"https:\/\/radiolitoral.com\/ca\/wp-json\/wp\/v2\/tags?post=14165"}],"curies":[{"name":"wp","href":"https:\/\/api.w.org\/{rel}","templated":true}]}}