{"id":14138,"date":"2025-01-07T11:14:19","date_gmt":"2025-01-07T10:14:19","guid":{"rendered":"https:\/\/radiolitoral.com\/?p=14138"},"modified":"2025-01-07T11:16:42","modified_gmt":"2025-01-07T10:16:42","slug":"sol%c2%b7licitin-6-anys-de-pres-per-un-intent-dassassinat-a-benissa","status":"publish","type":"post","link":"https:\/\/radiolitoral.com\/ca\/2025\/01\/soliciten-6-anys-de-preso-per-un-intent-dassassinat-a-benissa\/","title":{"rendered":"Sol\u00b7licitin 6 anys de pres\u00f3 per un intent d&#039;assassinat a Benissa"},"content":{"rendered":"<p>El proper jueves 9 de gener, l&#039;<strong>Audi\u00e8ncia Provincial d&#039;Alacant<\/strong> celebrar\u00e0 el <strong>judici contra un home acusat d&#039;un presumpte delit d&#039;assassinat en grau de temptativa a Benissa<\/strong>. Segons el Ministeri <span class=\"hiddenGrammarError\">Fiscal<\/span>, els fets van passar el 27 d&#039;agost de 2023, quan el processat presumptament va atacar el seu company de pis amb un ganivet.<\/p>\n<p>Segons l&#039;acusaci\u00f3, l&#039;incident es va produir de madrugada. L&#039;acusat, que havia consumit alcohol, va comen\u00e7ar a cridar des del balc\u00f3 de la seva habitaci\u00f3, increpant les persones que passejaven pel carrer. La v\u00edctima, molesta pel ruid, va colpejar la porta de l&#039;habitaci\u00f3 pident silenci per poder dormir.<\/p>\n<p>Posteriorment, la v\u00edctima va baixar al bany, ubicat a la planta baixa de l&#039;immoble, i en tornar es va trobar amb <strong>l&#039;acusat<\/strong>, que, de manera sobtada i sense mediar paraula,<strong> li va clavar un ganivet a l&#039;abdomen<\/strong>. El processat va intentar assestar-li una segona punyalada, tot i que sense \u00e8xit.<\/p>\n<p>El ferit va ser traslladat d&#039;urg\u00e8ncia a l&#039;hospital, on va ser operat. Les lesions trigaran 20 dies a curar. La fiscalia sol\u00b7licita una condena de seis anys de pres\u00f3 per a l&#039;acusat pel delit d&#039;assassinat en grau de temptativa.<\/p>","protected":false},"excerpt":{"rendered":"<p>El pr\u00f2xim dijous 9 de gener, l\u2019Audi\u00e8ncia Provincial d\u2019Alacant celebrar\u00e0 el judici contra un home acusat d\u2019un presumpte delicte d\u2019assassinat en grau de temptativa a Benissa. Segons el Ministeri Fiscal, els fets van oc\u00f3rrer el 27 d\u2019agost de 2023, quan el processat presumptament va atacar el seu company de pis amb un ganivet. Segons l\u2019acusaci\u00f3, [&#8230;]<\/p>\n<p><a class=\"btn btn-secondary understrap-read-more-link\" href=\"https:\/\/radiolitoral.com\/ca\/2025\/01\/soliciten-6-anys-de-preso-per-un-intent-dassassinat-a-benissa\/\">Continua llegint&#8230;<span class=\"screen-reader-text\"> from Sol\u00b7liciten 6 anys de pres\u00f3 per un intent d\u2019assassinat a Benissa<\/span><\/a><\/p>\n","protected":false},"author":13,"featured_media":11181,"comment_status":"open","ping_status":"closed","sticky":false,"template":"","format":"standard","meta":{"_acf_changed":false,"inline_featured_image":false,"footnotes":""},"categories":[21],"tags":[3116,126,3115,3117,1766],"class_list":["post-14138","post","type-post","status-publish","format-standard","has-post-thumbnail","hentry","category-tribunales","tag-audiencia-provincial-de-alicante","tag-benissa","tag-delito-en-benissa","tag-noticias-de-benissa","tag-tribunales","cobertura-benissa"],"acf":[],"yoast_head":"<!-- This site is optimized with the Yoast SEO plugin v27.5 - https:\/\/yoast.com\/product\/yoast-seo-wordpress\/ -->\n<title>Sol\u00b7liciten 6 anys de pres\u00f3 per un intent d\u2019assassinat a Benissa | R\u00e0dio Litoral<\/title>\n<meta name=\"description\" content=\"L&#039;acusat suposadament va apunyalar el seu company de pis a l\u2019abdomen i va intentar atacar-lo de nou L&#039;acusat suposadament va apunyalar el seu company de pis a l\u2019abdomen i va intentar atacar-lo de nou\" \/>\n<meta name=\"robots\" content=\"index, follow, max-snippet:-1, max-image-preview:large, max-video-preview:-1\" \/>\n<link rel=\"canonical\" href=\"https:\/\/radiolitoral.com\/ca\/2025\/01\/sol\u00b7licitin-6-anys-de-pres-per-un-intent-dassassinat-a-benissa\/\" \/>\n<meta property=\"og:locale\" content=\"ca_ES\" \/>\n<meta property=\"og:type\" content=\"article\" \/>\n<meta property=\"og:title\" content=\"Sol\u00b7liciten 6 anys de pres\u00f3 per un intent d\u2019assassinat a Benissa | R\u00e0dio Litoral\" \/>\n<meta property=\"og:description\" content=\"L&#039;acusat suposadament va apunyalar el seu company de pis a l\u2019abdomen i va intentar atacar-lo de nou L&#039;acusat suposadament va apunyalar el seu company de pis a l\u2019abdomen i va intentar atacar-lo de nou\" \/>\n<meta property=\"og:url\" content=\"https:\/\/radiolitoral.com\/ca\/2025\/01\/sol\u00b7licitin-6-anys-de-pres-per-un-intent-dassassinat-a-benissa\/\" \/>\n<meta property=\"og:site_name\" content=\"R\u00e0dio Litoral\" \/>\n<meta property=\"article:publisher\" content=\"https:\/\/www.facebook.com\/Laradiolitoral\/\" \/>\n<meta property=\"article:published_time\" content=\"2025-01-07T10:14:19+00:00\" \/>\n<meta property=\"article:modified_time\" content=\"2025-01-07T10:16:42+00:00\" \/>\n<meta property=\"og:image\" content=\"https:\/\/media.radiolitoral.com\/wp-content\/uploads\/2024\/09\/10142908\/Audiencia-Provincial-de-Alicante.jpg\" \/>\n\t<meta property=\"og:image:width\" content=\"500\" \/>\n\t<meta property=\"og:image:height\" content=\"375\" \/>\n\t<meta property=\"og:image:type\" content=\"image\/jpeg\" \/>\n<meta name=\"author\" content=\"Redacci\u00f3n\" \/>\n<meta name=\"twitter:card\" content=\"summary_large_image\" \/>\n<meta name=\"twitter:label1\" content=\"Escrit per\" \/>\n\t<meta name=\"twitter:data1\" content=\"Redacci\u00f3n\" \/>\n\t<meta name=\"twitter:label2\" content=\"Temps estimat de lectura\" \/>\n\t<meta name=\"twitter:data2\" content=\"2 minuts\" \/>\n<script type=\"application\/ld+json\" class=\"yoast-schema-graph\">{\"@context\":\"https:\\\/\\\/schema.org\",\"@graph\":[{\"@type\":\"NewsArticle\",\"@id\":\"https:\\\/\\\/radiolitoral.com\\\/2025\\\/01\\\/soliciten-6-anys-de-preso-per-un-intent-dassassinat-a-benissa\\\/#article\",\"isPartOf\":{\"@id\":\"https:\\\/\\\/radiolitoral.com\\\/2025\\\/01\\\/soliciten-6-anys-de-preso-per-un-intent-dassassinat-a-benissa\\\/\"},\"author\":{\"name\":\"Redacci\u00f3n\",\"@id\":\"https:\\\/\\\/radiolitoral.com\\\/#\\\/schema\\\/person\\\/f2b2343c49b5d721857cc1002bfdb151\"},\"headline\":\"Sol\u00b7liciten 6 anys de pres\u00f3 per un intent d\u2019assassinat a Benissa\",\"datePublished\":\"2025-01-07T10:14:19+00:00\",\"dateModified\":\"2025-01-07T10:16:42+00:00\",\"mainEntityOfPage\":{\"@id\":\"https:\\\/\\\/radiolitoral.com\\\/2025\\\/01\\\/soliciten-6-anys-de-preso-per-un-intent-dassassinat-a-benissa\\\/\"},\"wordCount\":223,\"commentCount\":0,\"publisher\":{\"@id\":\"https:\\\/\\\/radiolitoral.com\\\/#organization\"},\"image\":{\"@id\":\"https:\\\/\\\/radiolitoral.com\\\/2025\\\/01\\\/soliciten-6-anys-de-preso-per-un-intent-dassassinat-a-benissa\\\/#primaryimage\"},\"thumbnailUrl\":\"https:\\\/\\\/media.radiolitoral.com\\\/wp-content\\\/uploads\\\/2024\\\/09\\\/10142908\\\/Audiencia-Provincial-de-Alicante.jpg\",\"keywords\":[\"audiencia provincial de Alicante\",\"Benissa\",\"delito en Benissa\",\"noticias de Benissa\",\"tribunales\"],\"articleSection\":[\"Tribunales\"],\"inLanguage\":\"ca\",\"potentialAction\":[{\"@type\":\"CommentAction\",\"name\":\"Comment\",\"target\":[\"https:\\\/\\\/radiolitoral.com\\\/2025\\\/01\\\/soliciten-6-anys-de-preso-per-un-intent-dassassinat-a-benissa\\\/#respond\"]}]},{\"@type\":[\"WebPage\",\"ItemPage\"],\"@id\":\"https:\\\/\\\/radiolitoral.com\\\/2025\\\/01\\\/soliciten-6-anys-de-preso-per-un-intent-dassassinat-a-benissa\\\/\",\"url\":\"https:\\\/\\\/radiolitoral.com\\\/2025\\\/01\\\/soliciten-6-anys-de-preso-per-un-intent-dassassinat-a-benissa\\\/\",\"name\":\"Sol\u00b7liciten 6 anys de pres\u00f3 per un intent d\u2019assassinat a Benissa | R\u00e0dio Litoral\",\"isPartOf\":{\"@id\":\"https:\\\/\\\/radiolitoral.com\\\/#website\"},\"primaryImageOfPage\":{\"@id\":\"https:\\\/\\\/radiolitoral.com\\\/2025\\\/01\\\/soliciten-6-anys-de-preso-per-un-intent-dassassinat-a-benissa\\\/#primaryimage\"},\"image\":{\"@id\":\"https:\\\/\\\/radiolitoral.com\\\/2025\\\/01\\\/soliciten-6-anys-de-preso-per-un-intent-dassassinat-a-benissa\\\/#primaryimage\"},\"thumbnailUrl\":\"https:\\\/\\\/media.radiolitoral.com\\\/wp-content\\\/uploads\\\/2024\\\/09\\\/10142908\\\/Audiencia-Provincial-de-Alicante.jpg\",\"datePublished\":\"2025-01-07T10:14:19+00:00\",\"dateModified\":\"2025-01-07T10:16:42+00:00\",\"description\":\"L'acusat suposadament va apunyalar el seu company de pis a l\u2019abdomen i va intentar atacar-lo de nou L'acusat suposadament va apunyalar el seu company de pis a l\u2019abdomen i va intentar atacar-lo de nou\",\"breadcrumb\":{\"@id\":\"https:\\\/\\\/radiolitoral.com\\\/2025\\\/01\\\/soliciten-6-anys-de-preso-per-un-intent-dassassinat-a-benissa\\\/#breadcrumb\"},\"inLanguage\":\"ca\",\"potentialAction\":[{\"@type\":\"ReadAction\",\"target\":[\"https:\\\/\\\/radiolitoral.com\\\/2025\\\/01\\\/soliciten-6-anys-de-preso-per-un-intent-dassassinat-a-benissa\\\/\"]}]},{\"@type\":\"ImageObject\",\"inLanguage\":\"ca\",\"@id\":\"https:\\\/\\\/radiolitoral.com\\\/2025\\\/01\\\/soliciten-6-anys-de-preso-per-un-intent-dassassinat-a-benissa\\\/#primaryimage\",\"url\":\"https:\\\/\\\/media.radiolitoral.com\\\/wp-content\\\/uploads\\\/2024\\\/09\\\/10142908\\\/Audiencia-Provincial-de-Alicante.jpg\",\"contentUrl\":\"https:\\\/\\\/media.radiolitoral.com\\\/wp-content\\\/uploads\\\/2024\\\/09\\\/10142908\\\/Audiencia-Provincial-de-Alicante.jpg\",\"width\":500,\"height\":375},{\"@type\":\"BreadcrumbList\",\"@id\":\"https:\\\/\\\/radiolitoral.com\\\/2025\\\/01\\\/soliciten-6-anys-de-preso-per-un-intent-dassassinat-a-benissa\\\/#breadcrumb\",\"itemListElement\":[{\"@type\":\"ListItem\",\"position\":1,\"name\":\"Portada\",\"item\":\"https:\\\/\\\/radiolitoral.com\\\/\"},{\"@type\":\"ListItem\",\"position\":2,\"name\":\"Sol\u00b7liciten 6 anys de pres\u00f3 per un intent d\u2019assassinat a Benissa\"}]},{\"@type\":\"WebSite\",\"@id\":\"https:\\\/\\\/radiolitoral.com\\\/#website\",\"url\":\"https:\\\/\\\/radiolitoral.com\\\/\",\"name\":\"Radio Litoral\",\"description\":\"La radio local de la Marina Alta\",\"publisher\":{\"@id\":\"https:\\\/\\\/radiolitoral.com\\\/#organization\"},\"alternateName\":\"Litoral FM\",\"potentialAction\":[{\"@type\":\"SearchAction\",\"target\":{\"@type\":\"EntryPoint\",\"urlTemplate\":\"https:\\\/\\\/radiolitoral.com\\\/?s={search_term_string}\"},\"query-input\":{\"@type\":\"PropertyValueSpecification\",\"valueRequired\":true,\"valueName\":\"search_term_string\"}}],\"inLanguage\":\"ca\"},{\"@type\":\"Organization\",\"@id\":\"https:\\\/\\\/radiolitoral.com\\\/#organization\",\"name\":\"Radio Litoral\",\"url\":\"https:\\\/\\\/radiolitoral.com\\\/\",\"logo\":{\"@type\":\"ImageObject\",\"inLanguage\":\"ca\",\"@id\":\"https:\\\/\\\/radiolitoral.com\\\/#\\\/schema\\\/logo\\\/image\\\/\",\"url\":\"https:\\\/\\\/media.radiolitoral.com\\\/wp-content\\\/uploads\\\/2023\\\/02\\\/24143238\\\/CL-V-RadioLitoral696.png\",\"contentUrl\":\"https:\\\/\\\/media.radiolitoral.com\\\/wp-content\\\/uploads\\\/2023\\\/02\\\/24143238\\\/CL-V-RadioLitoral696.png\",\"width\":696,\"height\":696,\"caption\":\"Radio Litoral\"},\"image\":{\"@id\":\"https:\\\/\\\/radiolitoral.com\\\/#\\\/schema\\\/logo\\\/image\\\/\"},\"sameAs\":[\"https:\\\/\\\/www.facebook.com\\\/Laradiolitoral\\\/\"]},{\"@type\":\"Person\",\"@id\":\"https:\\\/\\\/radiolitoral.com\\\/#\\\/schema\\\/person\\\/f2b2343c49b5d721857cc1002bfdb151\",\"name\":\"Redacci\u00f3n\",\"image\":{\"@type\":\"ImageObject\",\"inLanguage\":\"ca\",\"@id\":\"https:\\\/\\\/secure.gravatar.com\\\/avatar\\\/f771d896c203ad8b3382d7905cfcce5a5c9b008b84b3cd9114e9b9f4cb63f789?s=96&d=mm&r=g\",\"url\":\"https:\\\/\\\/secure.gravatar.com\\\/avatar\\\/f771d896c203ad8b3382d7905cfcce5a5c9b008b84b3cd9114e9b9f4cb63f789?s=96&d=mm&r=g\",\"contentUrl\":\"https:\\\/\\\/secure.gravatar.com\\\/avatar\\\/f771d896c203ad8b3382d7905cfcce5a5c9b008b84b3cd9114e9b9f4cb63f789?s=96&d=mm&r=g\",\"caption\":\"Redacci\u00f3n\"},\"url\":\"https:\\\/\\\/radiolitoral.com\\\/ca\\\/author\\\/miriam-pagan\\\/\"}]}<\/script>\n<!-- \/ Yoast SEO plugin. -->","yoast_head_json":{"title":"Sol\u00b7liciten 6 anys de pres\u00f3 per un intent d&#039;assassinat a Benissa | R\u00e0dio Litoral","description":"L&#039;acusat suposadament va apunyalar el seu company de pis a l&#039;abdomen i va intentar atacar-lo de nou","robots":{"index":"index","follow":"follow","max-snippet":"max-snippet:-1","max-image-preview":"max-image-preview:large","max-video-preview":"max-video-preview:-1"},"canonical":"https:\/\/radiolitoral.com\/ca\/2025\/01\/sol\u00b7licitin-6-anys-de-pres-per-un-intent-dassassinat-a-benissa\/","og_locale":"ca_ES","og_type":"article","og_title":"Sol\u00b7liciten 6 anys de pres\u00f3 per un intent d\u2019assassinat a Benissa | R\u00e0dio Litoral","og_description":"L'acusat suposadament va apunyalar el seu company de pis a l\u2019abdomen i va intentar atacar-lo de nou L'acusat suposadament va apunyalar el seu company de pis a l\u2019abdomen i va intentar atacar-lo de nou","og_url":"https:\/\/radiolitoral.com\/ca\/2025\/01\/sol\u00b7licitin-6-anys-de-pres-per-un-intent-dassassinat-a-benissa\/","og_site_name":"R\u00e0dio Litoral","article_publisher":"https:\/\/www.facebook.com\/Laradiolitoral\/","article_published_time":"2025-01-07T10:14:19+00:00","article_modified_time":"2025-01-07T10:16:42+00:00","og_image":[{"width":500,"height":375,"url":"https:\/\/media.radiolitoral.com\/wp-content\/uploads\/2024\/09\/10142908\/Audiencia-Provincial-de-Alicante.jpg","type":"image\/jpeg"}],"author":"Redacci\u00f3n","twitter_card":"summary_large_image","twitter_misc":{"Escrit per":"Redacci\u00f3n","Temps estimat de lectura":"2 minuts"},"schema":{"@context":"https:\/\/schema.org","@graph":[{"@type":"NewsArticle","@id":"https:\/\/radiolitoral.com\/2025\/01\/soliciten-6-anys-de-preso-per-un-intent-dassassinat-a-benissa\/#article","isPartOf":{"@id":"https:\/\/radiolitoral.com\/2025\/01\/soliciten-6-anys-de-preso-per-un-intent-dassassinat-a-benissa\/"},"author":{"name":"Redacci\u00f3n","@id":"https:\/\/radiolitoral.com\/#\/schema\/person\/f2b2343c49b5d721857cc1002bfdb151"},"headline":"Sol\u00b7liciten 6 anys de pres\u00f3 per un intent d\u2019assassinat a Benissa","datePublished":"2025-01-07T10:14:19+00:00","dateModified":"2025-01-07T10:16:42+00:00","mainEntityOfPage":{"@id":"https:\/\/radiolitoral.com\/2025\/01\/soliciten-6-anys-de-preso-per-un-intent-dassassinat-a-benissa\/"},"wordCount":223,"commentCount":0,"publisher":{"@id":"https:\/\/radiolitoral.com\/#organization"},"image":{"@id":"https:\/\/radiolitoral.com\/2025\/01\/soliciten-6-anys-de-preso-per-un-intent-dassassinat-a-benissa\/#primaryimage"},"thumbnailUrl":"https:\/\/media.radiolitoral.com\/wp-content\/uploads\/2024\/09\/10142908\/Audiencia-Provincial-de-Alicante.jpg","keywords":["audiencia provincial de Alicante","Benissa","delito en Benissa","noticias de Benissa","tribunales"],"articleSection":["Tribunales"],"inLanguage":"ca","potentialAction":[{"@type":"CommentAction","name":"Comment","target":["https:\/\/radiolitoral.com\/2025\/01\/soliciten-6-anys-de-preso-per-un-intent-dassassinat-a-benissa\/#respond"]}]},{"@type":["WebPage","ItemPage"],"@id":"https:\/\/radiolitoral.com\/2025\/01\/soliciten-6-anys-de-preso-per-un-intent-dassassinat-a-benissa\/","url":"https:\/\/radiolitoral.com\/2025\/01\/soliciten-6-anys-de-preso-per-un-intent-dassassinat-a-benissa\/","name":"Sol\u00b7liciten 6 anys de pres\u00f3 per un intent d&#039;assassinat a Benissa | R\u00e0dio Litoral","isPartOf":{"@id":"https:\/\/radiolitoral.com\/#website"},"primaryImageOfPage":{"@id":"https:\/\/radiolitoral.com\/2025\/01\/soliciten-6-anys-de-preso-per-un-intent-dassassinat-a-benissa\/#primaryimage"},"image":{"@id":"https:\/\/radiolitoral.com\/2025\/01\/soliciten-6-anys-de-preso-per-un-intent-dassassinat-a-benissa\/#primaryimage"},"thumbnailUrl":"https:\/\/media.radiolitoral.com\/wp-content\/uploads\/2024\/09\/10142908\/Audiencia-Provincial-de-Alicante.jpg","datePublished":"2025-01-07T10:14:19+00:00","dateModified":"2025-01-07T10:16:42+00:00","description":"L&#039;acusat suposadament va apunyalar el seu company de pis a l&#039;abdomen i va intentar atacar-lo de nou","breadcrumb":{"@id":"https:\/\/radiolitoral.com\/2025\/01\/soliciten-6-anys-de-preso-per-un-intent-dassassinat-a-benissa\/#breadcrumb"},"inLanguage":"ca","potentialAction":[{"@type":"ReadAction","target":["https:\/\/radiolitoral.com\/2025\/01\/soliciten-6-anys-de-preso-per-un-intent-dassassinat-a-benissa\/"]}]},{"@type":"ImageObject","inLanguage":"ca","@id":"https:\/\/radiolitoral.com\/2025\/01\/soliciten-6-anys-de-preso-per-un-intent-dassassinat-a-benissa\/#primaryimage","url":"https:\/\/media.radiolitoral.com\/wp-content\/uploads\/2024\/09\/10142908\/Audiencia-Provincial-de-Alicante.jpg","contentUrl":"https:\/\/media.radiolitoral.com\/wp-content\/uploads\/2024\/09\/10142908\/Audiencia-Provincial-de-Alicante.jpg","width":500,"height":375},{"@type":"BreadcrumbList","@id":"https:\/\/radiolitoral.com\/2025\/01\/soliciten-6-anys-de-preso-per-un-intent-dassassinat-a-benissa\/#breadcrumb","itemListElement":[{"@type":"ListItem","position":1,"name":"Portada","item":"https:\/\/radiolitoral.com\/"},{"@type":"ListItem","position":2,"name":"Sol\u00b7liciten 6 anys de pres\u00f3 per un intent d\u2019assassinat a Benissa"}]},{"@type":"WebSite","@id":"https:\/\/radiolitoral.com\/#website","url":"https:\/\/radiolitoral.com\/","name":"R\u00e0dio Litoral","description":"La r\u00e0dio local de la Marina Alta","publisher":{"@id":"https:\/\/radiolitoral.com\/#organization"},"alternateName":"Litoral FM","potentialAction":[{"@type":"SearchAction","target":{"@type":"EntryPoint","urlTemplate":"https:\/\/radiolitoral.com\/?s={search_term_string}"},"query-input":{"@type":"PropertyValueSpecification","valueRequired":true,"valueName":"search_term_string"}}],"inLanguage":"ca"},{"@type":"Organization","@id":"https:\/\/radiolitoral.com\/#organization","name":"R\u00e0dio Litoral","url":"https:\/\/radiolitoral.com\/","logo":{"@type":"ImageObject","inLanguage":"ca","@id":"https:\/\/radiolitoral.com\/#\/schema\/logo\/image\/","url":"https:\/\/media.radiolitoral.com\/wp-content\/uploads\/2023\/02\/24143238\/CL-V-RadioLitoral696.png","contentUrl":"https:\/\/media.radiolitoral.com\/wp-content\/uploads\/2023\/02\/24143238\/CL-V-RadioLitoral696.png","width":696,"height":696,"caption":"Radio Litoral"},"image":{"@id":"https:\/\/radiolitoral.com\/#\/schema\/logo\/image\/"},"sameAs":["https:\/\/www.facebook.com\/Laradiolitoral\/"]},{"@type":"Person","@id":"https:\/\/radiolitoral.com\/#\/schema\/person\/f2b2343c49b5d721857cc1002bfdb151","name":"Redacci\u00f3","image":{"@type":"ImageObject","inLanguage":"ca","@id":"https:\/\/secure.gravatar.com\/avatar\/f771d896c203ad8b3382d7905cfcce5a5c9b008b84b3cd9114e9b9f4cb63f789?s=96&d=mm&r=g","url":"https:\/\/secure.gravatar.com\/avatar\/f771d896c203ad8b3382d7905cfcce5a5c9b008b84b3cd9114e9b9f4cb63f789?s=96&d=mm&r=g","contentUrl":"https:\/\/secure.gravatar.com\/avatar\/f771d896c203ad8b3382d7905cfcce5a5c9b008b84b3cd9114e9b9f4cb63f789?s=96&d=mm&r=g","caption":"Redacci\u00f3n"},"url":"https:\/\/radiolitoral.com\/ca\/author\/miriam-pagan\/"}]}},"_links":{"self":[{"href":"https:\/\/radiolitoral.com\/ca\/wp-json\/wp\/v2\/posts\/14138","targetHints":{"allow":["GET"]}}],"collection":[{"href":"https:\/\/radiolitoral.com\/ca\/wp-json\/wp\/v2\/posts"}],"about":[{"href":"https:\/\/radiolitoral.com\/ca\/wp-json\/wp\/v2\/types\/post"}],"author":[{"embeddable":true,"href":"https:\/\/radiolitoral.com\/ca\/wp-json\/wp\/v2\/users\/13"}],"replies":[{"embeddable":true,"href":"https:\/\/radiolitoral.com\/ca\/wp-json\/wp\/v2\/comments?post=14138"}],"version-history":[{"count":1,"href":"https:\/\/radiolitoral.com\/ca\/wp-json\/wp\/v2\/posts\/14138\/revisions"}],"predecessor-version":[{"id":14139,"href":"https:\/\/radiolitoral.com\/ca\/wp-json\/wp\/v2\/posts\/14138\/revisions\/14139"}],"wp:featuredmedia":[{"embeddable":true,"href":"https:\/\/radiolitoral.com\/ca\/wp-json\/wp\/v2\/media\/11181"}],"wp:attachment":[{"href":"https:\/\/radiolitoral.com\/ca\/wp-json\/wp\/v2\/media?parent=14138"}],"wp:term":[{"taxonomy":"category","embeddable":true,"href":"https:\/\/radiolitoral.com\/ca\/wp-json\/wp\/v2\/categories?post=14138"},{"taxonomy":"post_tag","embeddable":true,"href":"https:\/\/radiolitoral.com\/ca\/wp-json\/wp\/v2\/tags?post=14138"}],"curies":[{"name":"wp","href":"https:\/\/api.w.org\/{rel}","templated":true}]}}