{"id":14136,"date":"2025-01-07T11:26:29","date_gmt":"2025-01-07T10:26:29","guid":{"rendered":"https:\/\/radiolitoral.com\/?p=14136"},"modified":"2025-01-07T11:26:29","modified_gmt":"2025-01-07T10:26:29","slug":"maria-sendra-la-nina-es-la-representacio-de-nosaltres-mateixa-un-bon-objecte-per-regalar-colleccionar-o-jugar","status":"publish","type":"post","link":"https:\/\/radiolitoral.com\/ca\/2025\/01\/maria-sendra-la-nina-es-la-representacio-de-nosaltres-mateixa-un-bon-objecte-per-a-regalar-colleccionar-o-jugar\/","title":{"rendered":"Mar\u00eda Sendra: \u201cLa nena \u00e9s la representaci\u00f3 de nosaltres mateixa, un bon objecte per regalar, col\u00b7leccionar o jugar\u201d"},"content":{"rendered":"<p>Els <strong>nens<\/strong> continuen sent una de les peticions preferides a les cartes dels m\u00e9s menuts adre\u00e7ades als Reis Mags. Superada la festivitat de Reis, de rebre i obrir regals, hem dedicat el nostre <strong>Primer Caf\u00e8<\/strong> de hui a les nines, en concret a l&#039;extraordin\u00e0ria col\u00b7lecci\u00f3, amb m\u00e9s de<strong> 2.000 nens<\/strong> <strong>d&#039;arreu del m\u00f3n<\/strong> que acull una ve\u00efna de <strong>Calp<\/strong>, ara resident a Benissa, <strong>Maria Sendra<\/strong>. Una exposici\u00f3 visitable, al carrer \u00d2scar Espl\u00e0, al centre urb\u00e0 calp\u00ed, i que \u00e9s el resultat de 40 anys com a col\u00b7leccionista.<\/p>\n<p>Amb Maria Sendra hem constatat que les nenes s\u00f3n m\u00e9s que un joguina clau per despertar la creativitat i la imaginaci\u00f3 dels m\u00e9s menuts.<\/p>\n<p>La Col\u00b7lecci\u00f3 de Maria Sendra va comen\u00e7ar amb una nena vestida de pagesa mallorquina que va arribar a casa en forma de regal quan nom\u00e9s era una nena. A ella s&#039;han anat sumant amb el pas dels anys altres nens. A dalt des del Jap\u00f3, R\u00fassia o Marroc. Amb vestits tradicionals, de fusta o tela, fins i tot porcelana. De mides diverses i diferents \u00e8poques.<\/p>\n<p>Entre les nenes m\u00e9s especials, per la seva proced\u00e8ncia, els seus vincles emocionals, la seva elaboraci\u00f3 artesanal o la manera com va arribar a la col\u00b7lecci\u00f3, Maria Sendra, ens ha parlat d&#039;una petita nena que pertanyia a una noia sahrau\u00ed que van acollir a sa casa, una nina amulet per a la fertilitat d&#039;origen ucra\u00efneso, o la vestida amb d&#039;indument\u00e0ria t\u00edpica de calpina, amb monyo natural i que representa la primera Miss Espanya d&#039;origen valenci\u00e0.<\/p>\n<p>Entre les darreres adquisicions s&#039;inclouen diferents nenes artesanals comprades a Egipte. Als que se sumin una donaci\u00f3 an\u00f2nima que sorprendr\u00e0 aquest Nadal a la nostra convidada.<\/p>\n<p>La mostra est\u00e0 oberta al p\u00fablic els dilluns, dimecres i divendres en horari de mat\u00ed, encara que la nostra convidada ens ha explicat que si algun interessat vol con\u00e8ixer aquesta amplia col\u00b7lecci\u00f3 pot contactar-hi.<\/p>\n<p>Podeu tornar a escortar l&#039;entrevista integra aqu\u00ed.<\/p>\n<audio class=\"wp-audio-shortcode\" id=\"audio-14136-1\" preload=\"none\" style=\"width: 100%;\" controls=\"controls\"><source type=\"audio\/mpeg\" src=\"https:\/\/media.radiolitoral.com\/wp-content\/uploads\/2025\/01\/07112030\/Primer-Cafe-Coleccion-Munecas.mp3?_=1\" \/><a href=\"https:\/\/media.radiolitoral.com\/wp-content\/uploads\/2025\/01\/07112030\/Primer-Cafe-Coleccion-Munecas.mp3\">https:\/\/media.radiolitoral.com\/wp-content\/uploads\/2025\/01\/07112030\/Primer-Cafe-Coleccion-Munecas.mp3<\/a><\/audio>","protected":false},"excerpt":{"rendered":"<p>Les nines continuen sent una de les peticions favorites a les cartes dels m\u00e9s menuts adre\u00e7ades als Reis Mags. Superada la festivitat de Reis, de rebre i obrir regals, hem dedicat el nostre Primer Caf\u00e9 de hui a les nines, en concret a l&#8217;extraordin\u00e0ria col\u00b7lecci\u00f3, amb m\u00e9s de 2.000 nines d\u2019arreu del m\u00f3n que acull [&#8230;]<\/p>\n<p><a class=\"btn btn-secondary understrap-read-more-link\" href=\"https:\/\/radiolitoral.com\/ca\/2025\/01\/maria-sendra-la-nina-es-la-representacio-de-nosaltres-mateixa-un-bon-objecte-per-a-regalar-colleccionar-o-jugar\/\">Continua llegint&#8230;<span class=\"screen-reader-text\"> from Mar\u00eda Sendra: \u201cLa nina \u00e9s la representaci\u00f3 de nosaltres mateixa, un bon objecte per a regalar, col\u00b7leccionar o jugar\u201d<\/span><\/a><\/p>\n","protected":false},"author":13,"featured_media":14142,"comment_status":"open","ping_status":"closed","sticky":false,"template":"","format":"standard","meta":{"_acf_changed":false,"inline_featured_image":false,"footnotes":""},"categories":[55,2753,46],"tags":[2862,3119,3120,3118,2312],"class_list":["post-14136","post","type-post","status-publish","format-standard","has-post-thumbnail","hentry","category-cultura","category-entrevistas","category-sociedad","tag-coleccionismo","tag-exposicio","tag-maria-sendra","tag-nines","tag-primer-cafe","cobertura-calp"],"acf":[],"yoast_head":"<!-- This site is optimized with the Yoast SEO plugin v27.5 - https:\/\/yoast.com\/product\/yoast-seo-wordpress\/ -->\n<title>Mar\u00eda Sendra: \u201cLa nina \u00e9s la representaci\u00f3 de nosaltres mateixa, un bon objecte per a regalar, col\u00b7leccionar o jugar\u201d | R\u00e0dio Litoral<\/title>\n<meta name=\"description\" content=\"Una ve\u00efna de Calp, Mar\u00eda Sendra, reuneix i exposa una mostra amb m\u00e9s de 2.000 nines del m\u00f3n fruit de 40 anys com a col\u00b7leccionista\" \/>\n<meta name=\"robots\" content=\"index, follow, max-snippet:-1, max-image-preview:large, max-video-preview:-1\" \/>\n<link rel=\"canonical\" href=\"https:\/\/radiolitoral.com\/ca\/2025\/01\/maria-sendra-la-nina-es-la-representacio-de-nosaltres-mateixa-un-bon-objecte-per-regalar-colleccionar-o-jugar\/\" \/>\n<meta property=\"og:locale\" content=\"ca_ES\" \/>\n<meta property=\"og:type\" content=\"article\" \/>\n<meta property=\"og:title\" content=\"Mar\u00eda Sendra: \u201cLa nina \u00e9s la representaci\u00f3 de nosaltres mateixa, un bon objecte per a regalar, col\u00b7leccionar o jugar\u201d | R\u00e0dio Litoral\" \/>\n<meta property=\"og:description\" content=\"Una ve\u00efna de Calp, Mar\u00eda Sendra, reuneix i exposa una mostra amb m\u00e9s de 2.000 nines del m\u00f3n fruit de 40 anys com a col\u00b7leccionista\" \/>\n<meta property=\"og:url\" content=\"https:\/\/radiolitoral.com\/ca\/2025\/01\/maria-sendra-la-nina-es-la-representacio-de-nosaltres-mateixa-un-bon-objecte-per-regalar-colleccionar-o-jugar\/\" \/>\n<meta property=\"og:site_name\" content=\"R\u00e0dio Litoral\" \/>\n<meta property=\"article:publisher\" content=\"https:\/\/www.facebook.com\/Laradiolitoral\/\" \/>\n<meta property=\"article:published_time\" content=\"2025-01-07T10:26:29+00:00\" \/>\n<meta property=\"og:image\" content=\"https:\/\/media.radiolitoral.com\/wp-content\/uploads\/2025\/01\/07112309\/Maria-Sendra-Primer-Cafe.jpg\" \/>\n\t<meta property=\"og:image:width\" content=\"2000\" \/>\n\t<meta property=\"og:image:height\" content=\"1500\" \/>\n\t<meta property=\"og:image:type\" content=\"image\/jpeg\" \/>\n<meta name=\"author\" content=\"Redacci\u00f3n\" \/>\n<meta name=\"twitter:card\" content=\"summary_large_image\" \/>\n<meta name=\"twitter:label1\" content=\"Escrit per\" \/>\n\t<meta name=\"twitter:data1\" content=\"Redacci\u00f3n\" \/>\n\t<meta name=\"twitter:label2\" content=\"Temps estimat de lectura\" \/>\n\t<meta name=\"twitter:data2\" content=\"2 minuts\" \/>\n<script type=\"application\/ld+json\" class=\"yoast-schema-graph\">{\"@context\":\"https:\\\/\\\/schema.org\",\"@graph\":[{\"@type\":\"NewsArticle\",\"@id\":\"https:\\\/\\\/radiolitoral.com\\\/2025\\\/01\\\/maria-sendra-la-nina-es-la-representacio-de-nosaltres-mateixa-un-bon-objecte-per-a-regalar-colleccionar-o-jugar\\\/#article\",\"isPartOf\":{\"@id\":\"https:\\\/\\\/radiolitoral.com\\\/2025\\\/01\\\/maria-sendra-la-nina-es-la-representacio-de-nosaltres-mateixa-un-bon-objecte-per-a-regalar-colleccionar-o-jugar\\\/\"},\"author\":{\"name\":\"Redacci\u00f3n\",\"@id\":\"https:\\\/\\\/radiolitoral.com\\\/#\\\/schema\\\/person\\\/f2b2343c49b5d721857cc1002bfdb151\"},\"headline\":\"Mar\u00eda Sendra: \u201cLa nina \u00e9s la representaci\u00f3 de nosaltres mateixa, un bon objecte per a regalar, col\u00b7leccionar o jugar\u201d\",\"datePublished\":\"2025-01-07T10:26:29+00:00\",\"mainEntityOfPage\":{\"@id\":\"https:\\\/\\\/radiolitoral.com\\\/2025\\\/01\\\/maria-sendra-la-nina-es-la-representacio-de-nosaltres-mateixa-un-bon-objecte-per-a-regalar-colleccionar-o-jugar\\\/\"},\"wordCount\":407,\"commentCount\":0,\"publisher\":{\"@id\":\"https:\\\/\\\/radiolitoral.com\\\/#organization\"},\"image\":{\"@id\":\"https:\\\/\\\/radiolitoral.com\\\/2025\\\/01\\\/maria-sendra-la-nina-es-la-representacio-de-nosaltres-mateixa-un-bon-objecte-per-a-regalar-colleccionar-o-jugar\\\/#primaryimage\"},\"thumbnailUrl\":\"https:\\\/\\\/media.radiolitoral.com\\\/wp-content\\\/uploads\\\/2025\\\/01\\\/07112309\\\/Maria-Sendra-Primer-Cafe.jpg\",\"keywords\":[\"coleccionismo\",\"Exposici\u00f3\",\"Mar\u00eda Sendra\",\"Nines\",\"Primer Caf\u00e9\"],\"articleSection\":[\"Cultura\",\"Entrevistas\",\"Sociedad\"],\"inLanguage\":\"ca\",\"potentialAction\":[{\"@type\":\"CommentAction\",\"name\":\"Comment\",\"target\":[\"https:\\\/\\\/radiolitoral.com\\\/2025\\\/01\\\/maria-sendra-la-nina-es-la-representacio-de-nosaltres-mateixa-un-bon-objecte-per-a-regalar-colleccionar-o-jugar\\\/#respond\"]}]},{\"@type\":[\"WebPage\",\"ItemPage\"],\"@id\":\"https:\\\/\\\/radiolitoral.com\\\/2025\\\/01\\\/maria-sendra-la-nina-es-la-representacio-de-nosaltres-mateixa-un-bon-objecte-per-a-regalar-colleccionar-o-jugar\\\/\",\"url\":\"https:\\\/\\\/radiolitoral.com\\\/2025\\\/01\\\/maria-sendra-la-nina-es-la-representacio-de-nosaltres-mateixa-un-bon-objecte-per-a-regalar-colleccionar-o-jugar\\\/\",\"name\":\"Mar\u00eda Sendra: \u201cLa nina \u00e9s la representaci\u00f3 de nosaltres mateixa, un bon objecte per a regalar, col\u00b7leccionar o jugar\u201d | R\u00e0dio Litoral\",\"isPartOf\":{\"@id\":\"https:\\\/\\\/radiolitoral.com\\\/#website\"},\"primaryImageOfPage\":{\"@id\":\"https:\\\/\\\/radiolitoral.com\\\/2025\\\/01\\\/maria-sendra-la-nina-es-la-representacio-de-nosaltres-mateixa-un-bon-objecte-per-a-regalar-colleccionar-o-jugar\\\/#primaryimage\"},\"image\":{\"@id\":\"https:\\\/\\\/radiolitoral.com\\\/2025\\\/01\\\/maria-sendra-la-nina-es-la-representacio-de-nosaltres-mateixa-un-bon-objecte-per-a-regalar-colleccionar-o-jugar\\\/#primaryimage\"},\"thumbnailUrl\":\"https:\\\/\\\/media.radiolitoral.com\\\/wp-content\\\/uploads\\\/2025\\\/01\\\/07112309\\\/Maria-Sendra-Primer-Cafe.jpg\",\"datePublished\":\"2025-01-07T10:26:29+00:00\",\"description\":\"Una ve\u00efna de Calp, Mar\u00eda Sendra, reuneix i exposa una mostra amb m\u00e9s de 2.000 nines del m\u00f3n fruit de 40 anys com a col\u00b7leccionista\",\"breadcrumb\":{\"@id\":\"https:\\\/\\\/radiolitoral.com\\\/2025\\\/01\\\/maria-sendra-la-nina-es-la-representacio-de-nosaltres-mateixa-un-bon-objecte-per-a-regalar-colleccionar-o-jugar\\\/#breadcrumb\"},\"inLanguage\":\"ca\",\"potentialAction\":[{\"@type\":\"ReadAction\",\"target\":[\"https:\\\/\\\/radiolitoral.com\\\/2025\\\/01\\\/maria-sendra-la-nina-es-la-representacio-de-nosaltres-mateixa-un-bon-objecte-per-a-regalar-colleccionar-o-jugar\\\/\"]}]},{\"@type\":\"ImageObject\",\"inLanguage\":\"ca\",\"@id\":\"https:\\\/\\\/radiolitoral.com\\\/2025\\\/01\\\/maria-sendra-la-nina-es-la-representacio-de-nosaltres-mateixa-un-bon-objecte-per-a-regalar-colleccionar-o-jugar\\\/#primaryimage\",\"url\":\"https:\\\/\\\/media.radiolitoral.com\\\/wp-content\\\/uploads\\\/2025\\\/01\\\/07112309\\\/Maria-Sendra-Primer-Cafe.jpg\",\"contentUrl\":\"https:\\\/\\\/media.radiolitoral.com\\\/wp-content\\\/uploads\\\/2025\\\/01\\\/07112309\\\/Maria-Sendra-Primer-Cafe.jpg\",\"width\":2000,\"height\":1500},{\"@type\":\"BreadcrumbList\",\"@id\":\"https:\\\/\\\/radiolitoral.com\\\/2025\\\/01\\\/maria-sendra-la-nina-es-la-representacio-de-nosaltres-mateixa-un-bon-objecte-per-a-regalar-colleccionar-o-jugar\\\/#breadcrumb\",\"itemListElement\":[{\"@type\":\"ListItem\",\"position\":1,\"name\":\"Portada\",\"item\":\"https:\\\/\\\/radiolitoral.com\\\/\"},{\"@type\":\"ListItem\",\"position\":2,\"name\":\"Mar\u00eda Sendra: \u201cLa nina \u00e9s la representaci\u00f3 de nosaltres mateixa, un bon objecte per a regalar, col\u00b7leccionar o jugar\u201d\"}]},{\"@type\":\"WebSite\",\"@id\":\"https:\\\/\\\/radiolitoral.com\\\/#website\",\"url\":\"https:\\\/\\\/radiolitoral.com\\\/\",\"name\":\"Radio Litoral\",\"description\":\"La radio local de la Marina Alta\",\"publisher\":{\"@id\":\"https:\\\/\\\/radiolitoral.com\\\/#organization\"},\"alternateName\":\"Litoral FM\",\"potentialAction\":[{\"@type\":\"SearchAction\",\"target\":{\"@type\":\"EntryPoint\",\"urlTemplate\":\"https:\\\/\\\/radiolitoral.com\\\/?s={search_term_string}\"},\"query-input\":{\"@type\":\"PropertyValueSpecification\",\"valueRequired\":true,\"valueName\":\"search_term_string\"}}],\"inLanguage\":\"ca\"},{\"@type\":\"Organization\",\"@id\":\"https:\\\/\\\/radiolitoral.com\\\/#organization\",\"name\":\"Radio Litoral\",\"url\":\"https:\\\/\\\/radiolitoral.com\\\/\",\"logo\":{\"@type\":\"ImageObject\",\"inLanguage\":\"ca\",\"@id\":\"https:\\\/\\\/radiolitoral.com\\\/#\\\/schema\\\/logo\\\/image\\\/\",\"url\":\"https:\\\/\\\/media.radiolitoral.com\\\/wp-content\\\/uploads\\\/2023\\\/02\\\/24143238\\\/CL-V-RadioLitoral696.png\",\"contentUrl\":\"https:\\\/\\\/media.radiolitoral.com\\\/wp-content\\\/uploads\\\/2023\\\/02\\\/24143238\\\/CL-V-RadioLitoral696.png\",\"width\":696,\"height\":696,\"caption\":\"Radio Litoral\"},\"image\":{\"@id\":\"https:\\\/\\\/radiolitoral.com\\\/#\\\/schema\\\/logo\\\/image\\\/\"},\"sameAs\":[\"https:\\\/\\\/www.facebook.com\\\/Laradiolitoral\\\/\"]},{\"@type\":\"Person\",\"@id\":\"https:\\\/\\\/radiolitoral.com\\\/#\\\/schema\\\/person\\\/f2b2343c49b5d721857cc1002bfdb151\",\"name\":\"Redacci\u00f3n\",\"image\":{\"@type\":\"ImageObject\",\"inLanguage\":\"ca\",\"@id\":\"https:\\\/\\\/secure.gravatar.com\\\/avatar\\\/f771d896c203ad8b3382d7905cfcce5a5c9b008b84b3cd9114e9b9f4cb63f789?s=96&d=mm&r=g\",\"url\":\"https:\\\/\\\/secure.gravatar.com\\\/avatar\\\/f771d896c203ad8b3382d7905cfcce5a5c9b008b84b3cd9114e9b9f4cb63f789?s=96&d=mm&r=g\",\"contentUrl\":\"https:\\\/\\\/secure.gravatar.com\\\/avatar\\\/f771d896c203ad8b3382d7905cfcce5a5c9b008b84b3cd9114e9b9f4cb63f789?s=96&d=mm&r=g\",\"caption\":\"Redacci\u00f3n\"},\"url\":\"https:\\\/\\\/radiolitoral.com\\\/ca\\\/author\\\/miriam-pagan\\\/\"}]}<\/script>\n<!-- \/ Yoast SEO plugin. -->","yoast_head_json":{"title":"Mar\u00eda Sendra: \u201cLa nena \u00e9s la representaci\u00f3 de nosaltres mateixa, un bon objecte per regalar, col\u00b7leccionar o jugar\u201d | R\u00e0dio Litoral","description":"Una ve\u00efna de Calp, Maria Sendra, reuneix i exposa una mostra amb m\u00e9s de 2.000 nens del m\u00f3n fruit de 40 anys com a col\u00b7leccionista","robots":{"index":"index","follow":"follow","max-snippet":"max-snippet:-1","max-image-preview":"max-image-preview:large","max-video-preview":"max-video-preview:-1"},"canonical":"https:\/\/radiolitoral.com\/ca\/2025\/01\/maria-sendra-la-nina-es-la-representacio-de-nosaltres-mateixa-un-bon-objecte-per-regalar-colleccionar-o-jugar\/","og_locale":"ca_ES","og_type":"article","og_title":"Mar\u00eda Sendra: \u201cLa nina \u00e9s la representaci\u00f3 de nosaltres mateixa, un bon objecte per a regalar, col\u00b7leccionar o jugar\u201d | R\u00e0dio Litoral","og_description":"Una ve\u00efna de Calp, Mar\u00eda Sendra, reuneix i exposa una mostra amb m\u00e9s de 2.000 nines del m\u00f3n fruit de 40 anys com a col\u00b7leccionista","og_url":"https:\/\/radiolitoral.com\/ca\/2025\/01\/maria-sendra-la-nina-es-la-representacio-de-nosaltres-mateixa-un-bon-objecte-per-regalar-colleccionar-o-jugar\/","og_site_name":"R\u00e0dio Litoral","article_publisher":"https:\/\/www.facebook.com\/Laradiolitoral\/","article_published_time":"2025-01-07T10:26:29+00:00","og_image":[{"width":2000,"height":1500,"url":"https:\/\/media.radiolitoral.com\/wp-content\/uploads\/2025\/01\/07112309\/Maria-Sendra-Primer-Cafe.jpg","type":"image\/jpeg"}],"author":"Redacci\u00f3n","twitter_card":"summary_large_image","twitter_misc":{"Escrit per":"Redacci\u00f3n","Temps estimat de lectura":"2 minuts"},"schema":{"@context":"https:\/\/schema.org","@graph":[{"@type":"NewsArticle","@id":"https:\/\/radiolitoral.com\/2025\/01\/maria-sendra-la-nina-es-la-representacio-de-nosaltres-mateixa-un-bon-objecte-per-a-regalar-colleccionar-o-jugar\/#article","isPartOf":{"@id":"https:\/\/radiolitoral.com\/2025\/01\/maria-sendra-la-nina-es-la-representacio-de-nosaltres-mateixa-un-bon-objecte-per-a-regalar-colleccionar-o-jugar\/"},"author":{"name":"Redacci\u00f3n","@id":"https:\/\/radiolitoral.com\/#\/schema\/person\/f2b2343c49b5d721857cc1002bfdb151"},"headline":"Mar\u00eda Sendra: \u201cLa nina \u00e9s la representaci\u00f3 de nosaltres mateixa, un bon objecte per a regalar, col\u00b7leccionar o jugar\u201d","datePublished":"2025-01-07T10:26:29+00:00","mainEntityOfPage":{"@id":"https:\/\/radiolitoral.com\/2025\/01\/maria-sendra-la-nina-es-la-representacio-de-nosaltres-mateixa-un-bon-objecte-per-a-regalar-colleccionar-o-jugar\/"},"wordCount":407,"commentCount":0,"publisher":{"@id":"https:\/\/radiolitoral.com\/#organization"},"image":{"@id":"https:\/\/radiolitoral.com\/2025\/01\/maria-sendra-la-nina-es-la-representacio-de-nosaltres-mateixa-un-bon-objecte-per-a-regalar-colleccionar-o-jugar\/#primaryimage"},"thumbnailUrl":"https:\/\/media.radiolitoral.com\/wp-content\/uploads\/2025\/01\/07112309\/Maria-Sendra-Primer-Cafe.jpg","keywords":["coleccionismo","Exposici\u00f3","Mar\u00eda Sendra","Nines","Primer Caf\u00e9"],"articleSection":["Cultura","Entrevistas","Sociedad"],"inLanguage":"ca","potentialAction":[{"@type":"CommentAction","name":"Comment","target":["https:\/\/radiolitoral.com\/2025\/01\/maria-sendra-la-nina-es-la-representacio-de-nosaltres-mateixa-un-bon-objecte-per-a-regalar-colleccionar-o-jugar\/#respond"]}]},{"@type":["WebPage","ItemPage"],"@id":"https:\/\/radiolitoral.com\/2025\/01\/maria-sendra-la-nina-es-la-representacio-de-nosaltres-mateixa-un-bon-objecte-per-a-regalar-colleccionar-o-jugar\/","url":"https:\/\/radiolitoral.com\/2025\/01\/maria-sendra-la-nina-es-la-representacio-de-nosaltres-mateixa-un-bon-objecte-per-a-regalar-colleccionar-o-jugar\/","name":"Mar\u00eda Sendra: \u201cLa nena \u00e9s la representaci\u00f3 de nosaltres mateixa, un bon objecte per regalar, col\u00b7leccionar o jugar\u201d | R\u00e0dio Litoral","isPartOf":{"@id":"https:\/\/radiolitoral.com\/#website"},"primaryImageOfPage":{"@id":"https:\/\/radiolitoral.com\/2025\/01\/maria-sendra-la-nina-es-la-representacio-de-nosaltres-mateixa-un-bon-objecte-per-a-regalar-colleccionar-o-jugar\/#primaryimage"},"image":{"@id":"https:\/\/radiolitoral.com\/2025\/01\/maria-sendra-la-nina-es-la-representacio-de-nosaltres-mateixa-un-bon-objecte-per-a-regalar-colleccionar-o-jugar\/#primaryimage"},"thumbnailUrl":"https:\/\/media.radiolitoral.com\/wp-content\/uploads\/2025\/01\/07112309\/Maria-Sendra-Primer-Cafe.jpg","datePublished":"2025-01-07T10:26:29+00:00","description":"Una ve\u00efna de Calp, Maria Sendra, reuneix i exposa una mostra amb m\u00e9s de 2.000 nens del m\u00f3n fruit de 40 anys com a col\u00b7leccionista","breadcrumb":{"@id":"https:\/\/radiolitoral.com\/2025\/01\/maria-sendra-la-nina-es-la-representacio-de-nosaltres-mateixa-un-bon-objecte-per-a-regalar-colleccionar-o-jugar\/#breadcrumb"},"inLanguage":"ca","potentialAction":[{"@type":"ReadAction","target":["https:\/\/radiolitoral.com\/2025\/01\/maria-sendra-la-nina-es-la-representacio-de-nosaltres-mateixa-un-bon-objecte-per-a-regalar-colleccionar-o-jugar\/"]}]},{"@type":"ImageObject","inLanguage":"ca","@id":"https:\/\/radiolitoral.com\/2025\/01\/maria-sendra-la-nina-es-la-representacio-de-nosaltres-mateixa-un-bon-objecte-per-a-regalar-colleccionar-o-jugar\/#primaryimage","url":"https:\/\/media.radiolitoral.com\/wp-content\/uploads\/2025\/01\/07112309\/Maria-Sendra-Primer-Cafe.jpg","contentUrl":"https:\/\/media.radiolitoral.com\/wp-content\/uploads\/2025\/01\/07112309\/Maria-Sendra-Primer-Cafe.jpg","width":2000,"height":1500},{"@type":"BreadcrumbList","@id":"https:\/\/radiolitoral.com\/2025\/01\/maria-sendra-la-nina-es-la-representacio-de-nosaltres-mateixa-un-bon-objecte-per-a-regalar-colleccionar-o-jugar\/#breadcrumb","itemListElement":[{"@type":"ListItem","position":1,"name":"Portada","item":"https:\/\/radiolitoral.com\/"},{"@type":"ListItem","position":2,"name":"Mar\u00eda Sendra: \u201cLa nina \u00e9s la representaci\u00f3 de nosaltres mateixa, un bon objecte per a regalar, col\u00b7leccionar o jugar\u201d"}]},{"@type":"WebSite","@id":"https:\/\/radiolitoral.com\/#website","url":"https:\/\/radiolitoral.com\/","name":"R\u00e0dio Litoral","description":"La r\u00e0dio local de la Marina Alta","publisher":{"@id":"https:\/\/radiolitoral.com\/#organization"},"alternateName":"Litoral FM","potentialAction":[{"@type":"SearchAction","target":{"@type":"EntryPoint","urlTemplate":"https:\/\/radiolitoral.com\/?s={search_term_string}"},"query-input":{"@type":"PropertyValueSpecification","valueRequired":true,"valueName":"search_term_string"}}],"inLanguage":"ca"},{"@type":"Organization","@id":"https:\/\/radiolitoral.com\/#organization","name":"R\u00e0dio Litoral","url":"https:\/\/radiolitoral.com\/","logo":{"@type":"ImageObject","inLanguage":"ca","@id":"https:\/\/radiolitoral.com\/#\/schema\/logo\/image\/","url":"https:\/\/media.radiolitoral.com\/wp-content\/uploads\/2023\/02\/24143238\/CL-V-RadioLitoral696.png","contentUrl":"https:\/\/media.radiolitoral.com\/wp-content\/uploads\/2023\/02\/24143238\/CL-V-RadioLitoral696.png","width":696,"height":696,"caption":"Radio Litoral"},"image":{"@id":"https:\/\/radiolitoral.com\/#\/schema\/logo\/image\/"},"sameAs":["https:\/\/www.facebook.com\/Laradiolitoral\/"]},{"@type":"Person","@id":"https:\/\/radiolitoral.com\/#\/schema\/person\/f2b2343c49b5d721857cc1002bfdb151","name":"Redacci\u00f3","image":{"@type":"ImageObject","inLanguage":"ca","@id":"https:\/\/secure.gravatar.com\/avatar\/f771d896c203ad8b3382d7905cfcce5a5c9b008b84b3cd9114e9b9f4cb63f789?s=96&d=mm&r=g","url":"https:\/\/secure.gravatar.com\/avatar\/f771d896c203ad8b3382d7905cfcce5a5c9b008b84b3cd9114e9b9f4cb63f789?s=96&d=mm&r=g","contentUrl":"https:\/\/secure.gravatar.com\/avatar\/f771d896c203ad8b3382d7905cfcce5a5c9b008b84b3cd9114e9b9f4cb63f789?s=96&d=mm&r=g","caption":"Redacci\u00f3n"},"url":"https:\/\/radiolitoral.com\/ca\/author\/miriam-pagan\/"}]}},"_links":{"self":[{"href":"https:\/\/radiolitoral.com\/ca\/wp-json\/wp\/v2\/posts\/14136","targetHints":{"allow":["GET"]}}],"collection":[{"href":"https:\/\/radiolitoral.com\/ca\/wp-json\/wp\/v2\/posts"}],"about":[{"href":"https:\/\/radiolitoral.com\/ca\/wp-json\/wp\/v2\/types\/post"}],"author":[{"embeddable":true,"href":"https:\/\/radiolitoral.com\/ca\/wp-json\/wp\/v2\/users\/13"}],"replies":[{"embeddable":true,"href":"https:\/\/radiolitoral.com\/ca\/wp-json\/wp\/v2\/comments?post=14136"}],"version-history":[{"count":2,"href":"https:\/\/radiolitoral.com\/ca\/wp-json\/wp\/v2\/posts\/14136\/revisions"}],"predecessor-version":[{"id":14144,"href":"https:\/\/radiolitoral.com\/ca\/wp-json\/wp\/v2\/posts\/14136\/revisions\/14144"}],"wp:featuredmedia":[{"embeddable":true,"href":"https:\/\/radiolitoral.com\/ca\/wp-json\/wp\/v2\/media\/14142"}],"wp:attachment":[{"href":"https:\/\/radiolitoral.com\/ca\/wp-json\/wp\/v2\/media?parent=14136"}],"wp:term":[{"taxonomy":"category","embeddable":true,"href":"https:\/\/radiolitoral.com\/ca\/wp-json\/wp\/v2\/categories?post=14136"},{"taxonomy":"post_tag","embeddable":true,"href":"https:\/\/radiolitoral.com\/ca\/wp-json\/wp\/v2\/tags?post=14136"}],"curies":[{"name":"wp","href":"https:\/\/api.w.org\/{rel}","templated":true}]}}