{"id":14117,"date":"2025-01-03T10:41:40","date_gmt":"2025-01-03T09:41:40","guid":{"rendered":"https:\/\/radiolitoral.com\/?p=14117"},"modified":"2025-01-03T10:41:40","modified_gmt":"2025-01-03T09:41:40","slug":"aliou-diop-va-debutar-amb-el-cd-javea-amb-2-gols","status":"publish","type":"post","link":"https:\/\/radiolitoral.com\/ca\/2025\/01\/aliou-diop-va-debutar-amb-el-cd-javea-amb-2-gols\/","title":{"rendered":"Aliou Diop va debutar amb el CD J\u00e1vea amb 2 gols"},"content":{"rendered":"<p>El <strong>CD X\u00e0bia<\/strong> va disputar ayer a la nit un partit amist\u00f3s davant el <strong>Reial de Gandia<\/strong> a qui va guanyar per 4 a 0, amb l&#039;objectiu de perfilar possibles incorporacions per a la segona volta de la temporada. Amb el fitxatge d&#039;<strong><span class=\"hiddenSpellError\">Aliou<\/span>\u00a0<span class=\"hiddenSpellError\">Diop<\/span><\/strong>\u00a0ja confirmat i la baixa de <strong>Llegeixo\u00a0<span class=\"hiddenSpellError\">Fagundesa<\/span><\/strong>\u00a0anunciada, la direcci\u00f3 t\u00e8cnica i esportiva va aprofitar el duel per observar en acci\u00f3 dos jugadors que podrien refor\u00e7ar l&#039;equip: el migcampista\u00a0<span class=\"hiddenSpellError\">Kiki<\/span>\u00a0i\u00a0<span class=\"hiddenSpellError\">Rodri<\/span>, qui ja va formar part de la plantilla la temporada passada.<\/p>\n<h2>Superioritat local i debut prometedor d&#039;<span class=\"hiddenSpellError\">Aliou<\/span>\u00a0<span class=\"hiddenSpellError\">Diop<\/span><\/h2>\n<p>El partit va ser un mon\u00f2leg del CD X\u00e0bia des de l&#039;inici. El Reial de Gandia nom\u00e9s va poder resistir durant els primers 30 minuts, fins que els locals van obrir el marcador. Al minut 26, un xut de Joan, desviat per un defensor rival, va significar l&#039;1-0. Nom\u00e9s quatre minuts despr\u00e9s, el debutant <span class=\"hiddenSpellError\">Aliou<\/span>\u00a0<span class=\"hiddenSpellError\">Diop<\/span>\u00a0va marcar el segon amb un tir ras i creuat, demostrant les seves qualitats com a refor\u00e7 clau.\u00a0<span class=\"hiddenSpellError\">Aliou<\/span> va repetir amb un altre gol que deixava el 3-0 al marcador.<\/p>\n<p>A la represa, tots dos entrenadors van aprofitar per fer nombrosos canvis, fet que va reduir la intensitat del joc. Tot i aix\u00f2, les ocasions es van repartir entre els dos equips. <span class=\"hiddenSpellError\">Aliou<\/span>\u00a0<span class=\"hiddenSpellError\">Diop<\/span>\u00a0va estar a punt de completar el seu hat-trick, per\u00f2 el seu potent remat es va estavellar al travessat. L&#039;\u00faltim gol del partit va arribar dels bots de Cabo, que va sentenciar el definitiu 4-0 amb un xut des del l\u00edmit de l&#039;\u00e0rea.<\/p>\n<p>Malgrat diverses baixes importants com les de Miller,\u00a0<span class=\"hiddenSpellError\">Lluc<\/span>, Leo Blasco,\u00a0<span class=\"hiddenSpellError\">Eli\u00e1n<\/span>,\u00a0<span class=\"hiddenSpellError\">Aldo<\/span>,\u00a0<span class=\"hiddenSpellError\">Javi<\/span>\u00a0i\u00a0<span class=\"hiddenSpellError\">Lautaro<\/span>, l&#039;entrenador\u00a0<strong><span class=\"hiddenSpellError\">Juliol<\/span>\u00a0Ivorra<\/strong> va poder extraure conclusions positives del partit. L&#039;equip continua mostrant solidesa i amb\u00a0<span class=\"hiddenSpellError\">Aliou<\/span>\u00a0<span class=\"hiddenSpellError\">Diop<\/span>\u00a0com a nova incorporaci\u00f3, el X\u00e0bia refor\u00e7a el seu atac de cara a una segona volta on aspirin a mantenir-se competitius.<\/p>","protected":false},"excerpt":{"rendered":"<p>El CD J\u00e1vea va disputar ahir a la nit un partit amist\u00f3s davant el Real de Gandia al que va guanyar per 4 a 0, amb l\u2019objectiu de perfilar possibles incorporacions per a la segona volta de la temporada. Amb el fitxatge d\u2019Aliou\u00a0Diop\u00a0ja confirmat i la baixa de Leo\u00a0Fagundez\u00a0anunciada, la direcci\u00f3 t\u00e8cnica i esportiva va [&#8230;]<\/p>\n<p><a class=\"btn btn-secondary understrap-read-more-link\" href=\"https:\/\/radiolitoral.com\/ca\/2025\/01\/aliou-diop-va-debutar-amb-el-cd-javea-amb-2-gols\/\">Continua llegint&#8230;<span class=\"screen-reader-text\"> from Aliou Diop va debutar amb el CD J\u00e1vea amb 2 gols<\/span><\/a><\/p>\n","protected":false},"author":12,"featured_media":14118,"comment_status":"open","ping_status":"closed","sticky":false,"template":"","format":"standard","meta":{"_acf_changed":false,"inline_featured_image":false,"footnotes":""},"categories":[5],"tags":[3108,1332,6,1503,3109,2598],"class_list":["post-14117","post","type-post","status-publish","format-standard","has-post-thumbnail","hentry","category-deportes","tag-aliou-diop","tag-cd-javea","tag-deportes","tag-julio-ivorra","tag-leo-fagundez","tag-real-de-gandia","cobertura-xabia"],"acf":[],"yoast_head":"<!-- This site is optimized with the Yoast SEO plugin v27.5 - https:\/\/yoast.com\/product\/yoast-seo-wordpress\/ -->\n<title>Aliou Diop va debutar amb el CD J\u00e1vea amb 2 gols | R\u00e0dio Litoral<\/title>\n<meta name=\"description\" content=\"L&#039;equip que dirigix Julio Ivorra va v\u00e9ncer per 4 a 0 a l&#039;el Real de Gandia en un partit amist\u00f3sL&#039;equip que dirigix Julio Ivorra va v\u00e9ncer per 4 a 0 a l&#039;el Real de Gandia en un partit amist\u00f3s\" \/>\n<meta name=\"robots\" content=\"index, follow, max-snippet:-1, max-image-preview:large, max-video-preview:-1\" \/>\n<link rel=\"canonical\" href=\"https:\/\/radiolitoral.com\/ca\/2025\/01\/aliou-diop-va-debutar-amb-el-cd-javea-amb-2-gols\/\" \/>\n<meta property=\"og:locale\" content=\"ca_ES\" \/>\n<meta property=\"og:type\" content=\"article\" \/>\n<meta property=\"og:title\" content=\"Aliou Diop va debutar amb el CD J\u00e1vea amb 2 gols | R\u00e0dio Litoral\" \/>\n<meta property=\"og:description\" content=\"L&#039;equip que dirigix Julio Ivorra va v\u00e9ncer per 4 a 0 a l&#039;el Real de Gandia en un partit amist\u00f3sL&#039;equip que dirigix Julio Ivorra va v\u00e9ncer per 4 a 0 a l&#039;el Real de Gandia en un partit amist\u00f3s\" \/>\n<meta property=\"og:url\" content=\"https:\/\/radiolitoral.com\/ca\/2025\/01\/aliou-diop-va-debutar-amb-el-cd-javea-amb-2-gols\/\" \/>\n<meta property=\"og:site_name\" content=\"R\u00e0dio Litoral\" \/>\n<meta property=\"article:publisher\" content=\"https:\/\/www.facebook.com\/Laradiolitoral\/\" \/>\n<meta property=\"article:published_time\" content=\"2025-01-03T09:41:40+00:00\" \/>\n<meta property=\"og:image\" content=\"https:\/\/media.radiolitoral.com\/wp-content\/uploads\/2025\/01\/03103921\/Aliu-Diop-con-el-CD-Javea.jpg\" \/>\n\t<meta property=\"og:image:width\" content=\"1024\" \/>\n\t<meta property=\"og:image:height\" content=\"606\" \/>\n\t<meta property=\"og:image:type\" content=\"image\/jpeg\" \/>\n<meta name=\"author\" content=\"Javier Zamora\" \/>\n<meta name=\"twitter:card\" content=\"summary_large_image\" \/>\n<meta name=\"twitter:label1\" content=\"Escrit per\" \/>\n\t<meta name=\"twitter:data1\" content=\"Javier Zamora\" \/>\n\t<meta name=\"twitter:label2\" content=\"Temps estimat de lectura\" \/>\n\t<meta name=\"twitter:data2\" content=\"2 minuts\" \/>\n<script type=\"application\/ld+json\" class=\"yoast-schema-graph\">{\"@context\":\"https:\\\/\\\/schema.org\",\"@graph\":[{\"@type\":\"NewsArticle\",\"@id\":\"https:\\\/\\\/radiolitoral.com\\\/2025\\\/01\\\/aliou-diop-va-debutar-amb-el-cd-javea-amb-2-gols\\\/#article\",\"isPartOf\":{\"@id\":\"https:\\\/\\\/radiolitoral.com\\\/2025\\\/01\\\/aliou-diop-va-debutar-amb-el-cd-javea-amb-2-gols\\\/\"},\"author\":{\"name\":\"Javier Zamora\",\"@id\":\"https:\\\/\\\/radiolitoral.com\\\/#\\\/schema\\\/person\\\/7b1480b5caeb5acdd4ec6379caf62b22\"},\"headline\":\"Aliou Diop va debutar amb el CD J\u00e1vea amb 2 gols\",\"datePublished\":\"2025-01-03T09:41:40+00:00\",\"mainEntityOfPage\":{\"@id\":\"https:\\\/\\\/radiolitoral.com\\\/2025\\\/01\\\/aliou-diop-va-debutar-amb-el-cd-javea-amb-2-gols\\\/\"},\"wordCount\":354,\"commentCount\":0,\"publisher\":{\"@id\":\"https:\\\/\\\/radiolitoral.com\\\/#organization\"},\"image\":{\"@id\":\"https:\\\/\\\/radiolitoral.com\\\/2025\\\/01\\\/aliou-diop-va-debutar-amb-el-cd-javea-amb-2-gols\\\/#primaryimage\"},\"thumbnailUrl\":\"https:\\\/\\\/media.radiolitoral.com\\\/wp-content\\\/uploads\\\/2025\\\/01\\\/03103921\\\/Aliu-Diop-con-el-CD-Javea.jpg\",\"keywords\":[\"Aliou Diop\",\"CD J\u00e1vea\",\"deportes\",\"Julio Ivorra\",\"Leo\u00a0Fagundez\",\"Real de Gandia\"],\"articleSection\":[\"Deportes\"],\"inLanguage\":\"ca\",\"potentialAction\":[{\"@type\":\"CommentAction\",\"name\":\"Comment\",\"target\":[\"https:\\\/\\\/radiolitoral.com\\\/2025\\\/01\\\/aliou-diop-va-debutar-amb-el-cd-javea-amb-2-gols\\\/#respond\"]}]},{\"@type\":[\"WebPage\",\"ItemPage\"],\"@id\":\"https:\\\/\\\/radiolitoral.com\\\/2025\\\/01\\\/aliou-diop-va-debutar-amb-el-cd-javea-amb-2-gols\\\/\",\"url\":\"https:\\\/\\\/radiolitoral.com\\\/2025\\\/01\\\/aliou-diop-va-debutar-amb-el-cd-javea-amb-2-gols\\\/\",\"name\":\"Aliou Diop va debutar amb el CD J\u00e1vea amb 2 gols | R\u00e0dio Litoral\",\"isPartOf\":{\"@id\":\"https:\\\/\\\/radiolitoral.com\\\/#website\"},\"primaryImageOfPage\":{\"@id\":\"https:\\\/\\\/radiolitoral.com\\\/2025\\\/01\\\/aliou-diop-va-debutar-amb-el-cd-javea-amb-2-gols\\\/#primaryimage\"},\"image\":{\"@id\":\"https:\\\/\\\/radiolitoral.com\\\/2025\\\/01\\\/aliou-diop-va-debutar-amb-el-cd-javea-amb-2-gols\\\/#primaryimage\"},\"thumbnailUrl\":\"https:\\\/\\\/media.radiolitoral.com\\\/wp-content\\\/uploads\\\/2025\\\/01\\\/03103921\\\/Aliu-Diop-con-el-CD-Javea.jpg\",\"datePublished\":\"2025-01-03T09:41:40+00:00\",\"description\":\"L'equip que dirigix Julio Ivorra va v\u00e9ncer per 4 a 0 a l'el Real de Gandia en un partit amist\u00f3sL'equip que dirigix Julio Ivorra va v\u00e9ncer per 4 a 0 a l'el Real de Gandia en un partit amist\u00f3s\",\"breadcrumb\":{\"@id\":\"https:\\\/\\\/radiolitoral.com\\\/2025\\\/01\\\/aliou-diop-va-debutar-amb-el-cd-javea-amb-2-gols\\\/#breadcrumb\"},\"inLanguage\":\"ca\",\"potentialAction\":[{\"@type\":\"ReadAction\",\"target\":[\"https:\\\/\\\/radiolitoral.com\\\/2025\\\/01\\\/aliou-diop-va-debutar-amb-el-cd-javea-amb-2-gols\\\/\"]}]},{\"@type\":\"ImageObject\",\"inLanguage\":\"ca\",\"@id\":\"https:\\\/\\\/radiolitoral.com\\\/2025\\\/01\\\/aliou-diop-va-debutar-amb-el-cd-javea-amb-2-gols\\\/#primaryimage\",\"url\":\"https:\\\/\\\/media.radiolitoral.com\\\/wp-content\\\/uploads\\\/2025\\\/01\\\/03103921\\\/Aliu-Diop-con-el-CD-Javea.jpg\",\"contentUrl\":\"https:\\\/\\\/media.radiolitoral.com\\\/wp-content\\\/uploads\\\/2025\\\/01\\\/03103921\\\/Aliu-Diop-con-el-CD-Javea.jpg\",\"width\":1024,\"height\":606},{\"@type\":\"BreadcrumbList\",\"@id\":\"https:\\\/\\\/radiolitoral.com\\\/2025\\\/01\\\/aliou-diop-va-debutar-amb-el-cd-javea-amb-2-gols\\\/#breadcrumb\",\"itemListElement\":[{\"@type\":\"ListItem\",\"position\":1,\"name\":\"Portada\",\"item\":\"https:\\\/\\\/radiolitoral.com\\\/\"},{\"@type\":\"ListItem\",\"position\":2,\"name\":\"Aliou Diop va debutar amb el CD J\u00e1vea amb 2 gols\"}]},{\"@type\":\"WebSite\",\"@id\":\"https:\\\/\\\/radiolitoral.com\\\/#website\",\"url\":\"https:\\\/\\\/radiolitoral.com\\\/\",\"name\":\"Radio Litoral\",\"description\":\"La radio local de la Marina Alta\",\"publisher\":{\"@id\":\"https:\\\/\\\/radiolitoral.com\\\/#organization\"},\"alternateName\":\"Litoral FM\",\"potentialAction\":[{\"@type\":\"SearchAction\",\"target\":{\"@type\":\"EntryPoint\",\"urlTemplate\":\"https:\\\/\\\/radiolitoral.com\\\/?s={search_term_string}\"},\"query-input\":{\"@type\":\"PropertyValueSpecification\",\"valueRequired\":true,\"valueName\":\"search_term_string\"}}],\"inLanguage\":\"ca\"},{\"@type\":\"Organization\",\"@id\":\"https:\\\/\\\/radiolitoral.com\\\/#organization\",\"name\":\"Radio Litoral\",\"url\":\"https:\\\/\\\/radiolitoral.com\\\/\",\"logo\":{\"@type\":\"ImageObject\",\"inLanguage\":\"ca\",\"@id\":\"https:\\\/\\\/radiolitoral.com\\\/#\\\/schema\\\/logo\\\/image\\\/\",\"url\":\"https:\\\/\\\/media.radiolitoral.com\\\/wp-content\\\/uploads\\\/2023\\\/02\\\/24143238\\\/CL-V-RadioLitoral696.png\",\"contentUrl\":\"https:\\\/\\\/media.radiolitoral.com\\\/wp-content\\\/uploads\\\/2023\\\/02\\\/24143238\\\/CL-V-RadioLitoral696.png\",\"width\":696,\"height\":696,\"caption\":\"Radio Litoral\"},\"image\":{\"@id\":\"https:\\\/\\\/radiolitoral.com\\\/#\\\/schema\\\/logo\\\/image\\\/\"},\"sameAs\":[\"https:\\\/\\\/www.facebook.com\\\/Laradiolitoral\\\/\"]},{\"@type\":\"Person\",\"@id\":\"https:\\\/\\\/radiolitoral.com\\\/#\\\/schema\\\/person\\\/7b1480b5caeb5acdd4ec6379caf62b22\",\"name\":\"Javier Zamora\",\"image\":{\"@type\":\"ImageObject\",\"inLanguage\":\"ca\",\"@id\":\"https:\\\/\\\/secure.gravatar.com\\\/avatar\\\/467a11f6918c7d619c4043fc6fa2d3853053107973f05b6e9c04ea6c4e3a7b3f?s=96&d=mm&r=g\",\"url\":\"https:\\\/\\\/secure.gravatar.com\\\/avatar\\\/467a11f6918c7d619c4043fc6fa2d3853053107973f05b6e9c04ea6c4e3a7b3f?s=96&d=mm&r=g\",\"contentUrl\":\"https:\\\/\\\/secure.gravatar.com\\\/avatar\\\/467a11f6918c7d619c4043fc6fa2d3853053107973f05b6e9c04ea6c4e3a7b3f?s=96&d=mm&r=g\",\"caption\":\"Javier Zamora\"},\"url\":\"https:\\\/\\\/radiolitoral.com\\\/ca\\\/author\\\/javier-zamora\\\/\"}]}<\/script>\n<!-- \/ Yoast SEO plugin. -->","yoast_head_json":{"title":"Aliou Diop va debutar amb el CD X\u00e0bia amb 2 gols |","description":"L&#039;equip que dirigeix Julio Ivorra va v\u00e8ncer per 4 a 0 el Reial de Gandia en un partit amist\u00f3s L&#039;equip que dirigeix Julio Ivorra va v\u00e8ncer per 4 a 0 el Reial de Gandia en un partit amist\u00f3s","robots":{"index":"index","follow":"follow","max-snippet":"max-snippet:-1","max-image-preview":"max-image-preview:large","max-video-preview":"max-video-preview:-1"},"canonical":"https:\/\/radiolitoral.com\/ca\/2025\/01\/aliou-diop-va-debutar-amb-el-cd-javea-amb-2-gols\/","og_locale":"ca_ES","og_type":"article","og_title":"Aliou Diop va debutar amb el CD J\u00e1vea amb 2 gols | R\u00e0dio Litoral","og_description":"L'equip que dirigix Julio Ivorra va v\u00e9ncer per 4 a 0 a l'el Real de Gandia en un partit amist\u00f3sL'equip que dirigix Julio Ivorra va v\u00e9ncer per 4 a 0 a l'el Real de Gandia en un partit amist\u00f3s","og_url":"https:\/\/radiolitoral.com\/ca\/2025\/01\/aliou-diop-va-debutar-amb-el-cd-javea-amb-2-gols\/","og_site_name":"R\u00e0dio Litoral","article_publisher":"https:\/\/www.facebook.com\/Laradiolitoral\/","article_published_time":"2025-01-03T09:41:40+00:00","og_image":[{"width":1024,"height":606,"url":"https:\/\/media.radiolitoral.com\/wp-content\/uploads\/2025\/01\/03103921\/Aliu-Diop-con-el-CD-Javea.jpg","type":"image\/jpeg"}],"author":"Javier Zamora","twitter_card":"summary_large_image","twitter_misc":{"Escrit per":"Javier Zamora","Temps estimat de lectura":"2 minuts"},"schema":{"@context":"https:\/\/schema.org","@graph":[{"@type":"NewsArticle","@id":"https:\/\/radiolitoral.com\/2025\/01\/aliou-diop-va-debutar-amb-el-cd-javea-amb-2-gols\/#article","isPartOf":{"@id":"https:\/\/radiolitoral.com\/2025\/01\/aliou-diop-va-debutar-amb-el-cd-javea-amb-2-gols\/"},"author":{"name":"Javier Zamora","@id":"https:\/\/radiolitoral.com\/#\/schema\/person\/7b1480b5caeb5acdd4ec6379caf62b22"},"headline":"Aliou Diop va debutar amb el CD J\u00e1vea amb 2 gols","datePublished":"2025-01-03T09:41:40+00:00","mainEntityOfPage":{"@id":"https:\/\/radiolitoral.com\/2025\/01\/aliou-diop-va-debutar-amb-el-cd-javea-amb-2-gols\/"},"wordCount":354,"commentCount":0,"publisher":{"@id":"https:\/\/radiolitoral.com\/#organization"},"image":{"@id":"https:\/\/radiolitoral.com\/2025\/01\/aliou-diop-va-debutar-amb-el-cd-javea-amb-2-gols\/#primaryimage"},"thumbnailUrl":"https:\/\/media.radiolitoral.com\/wp-content\/uploads\/2025\/01\/03103921\/Aliu-Diop-con-el-CD-Javea.jpg","keywords":["Aliou Diop","CD J\u00e1vea","deportes","Julio Ivorra","Leo\u00a0Fagundez","Real de Gandia"],"articleSection":["Deportes"],"inLanguage":"ca","potentialAction":[{"@type":"CommentAction","name":"Comment","target":["https:\/\/radiolitoral.com\/2025\/01\/aliou-diop-va-debutar-amb-el-cd-javea-amb-2-gols\/#respond"]}]},{"@type":["WebPage","ItemPage"],"@id":"https:\/\/radiolitoral.com\/2025\/01\/aliou-diop-va-debutar-amb-el-cd-javea-amb-2-gols\/","url":"https:\/\/radiolitoral.com\/2025\/01\/aliou-diop-va-debutar-amb-el-cd-javea-amb-2-gols\/","name":"Aliou Diop va debutar amb el CD X\u00e0bia amb 2 gols |","isPartOf":{"@id":"https:\/\/radiolitoral.com\/#website"},"primaryImageOfPage":{"@id":"https:\/\/radiolitoral.com\/2025\/01\/aliou-diop-va-debutar-amb-el-cd-javea-amb-2-gols\/#primaryimage"},"image":{"@id":"https:\/\/radiolitoral.com\/2025\/01\/aliou-diop-va-debutar-amb-el-cd-javea-amb-2-gols\/#primaryimage"},"thumbnailUrl":"https:\/\/media.radiolitoral.com\/wp-content\/uploads\/2025\/01\/03103921\/Aliu-Diop-con-el-CD-Javea.jpg","datePublished":"2025-01-03T09:41:40+00:00","description":"L&#039;equip que dirigeix Julio Ivorra va v\u00e8ncer per 4 a 0 el Reial de Gandia en un partit amist\u00f3s L&#039;equip que dirigeix Julio Ivorra va v\u00e8ncer per 4 a 0 el Reial de Gandia en un partit amist\u00f3s","breadcrumb":{"@id":"https:\/\/radiolitoral.com\/2025\/01\/aliou-diop-va-debutar-amb-el-cd-javea-amb-2-gols\/#breadcrumb"},"inLanguage":"ca","potentialAction":[{"@type":"ReadAction","target":["https:\/\/radiolitoral.com\/2025\/01\/aliou-diop-va-debutar-amb-el-cd-javea-amb-2-gols\/"]}]},{"@type":"ImageObject","inLanguage":"ca","@id":"https:\/\/radiolitoral.com\/2025\/01\/aliou-diop-va-debutar-amb-el-cd-javea-amb-2-gols\/#primaryimage","url":"https:\/\/media.radiolitoral.com\/wp-content\/uploads\/2025\/01\/03103921\/Aliu-Diop-con-el-CD-Javea.jpg","contentUrl":"https:\/\/media.radiolitoral.com\/wp-content\/uploads\/2025\/01\/03103921\/Aliu-Diop-con-el-CD-Javea.jpg","width":1024,"height":606},{"@type":"BreadcrumbList","@id":"https:\/\/radiolitoral.com\/2025\/01\/aliou-diop-va-debutar-amb-el-cd-javea-amb-2-gols\/#breadcrumb","itemListElement":[{"@type":"ListItem","position":1,"name":"Portada","item":"https:\/\/radiolitoral.com\/"},{"@type":"ListItem","position":2,"name":"Aliou Diop va debutar amb el CD J\u00e1vea amb 2 gols"}]},{"@type":"WebSite","@id":"https:\/\/radiolitoral.com\/#website","url":"https:\/\/radiolitoral.com\/","name":"R\u00e0dio Litoral","description":"La r\u00e0dio local de la Marina Alta","publisher":{"@id":"https:\/\/radiolitoral.com\/#organization"},"alternateName":"Litoral FM","potentialAction":[{"@type":"SearchAction","target":{"@type":"EntryPoint","urlTemplate":"https:\/\/radiolitoral.com\/?s={search_term_string}"},"query-input":{"@type":"PropertyValueSpecification","valueRequired":true,"valueName":"search_term_string"}}],"inLanguage":"ca"},{"@type":"Organization","@id":"https:\/\/radiolitoral.com\/#organization","name":"R\u00e0dio Litoral","url":"https:\/\/radiolitoral.com\/","logo":{"@type":"ImageObject","inLanguage":"ca","@id":"https:\/\/radiolitoral.com\/#\/schema\/logo\/image\/","url":"https:\/\/media.radiolitoral.com\/wp-content\/uploads\/2023\/02\/24143238\/CL-V-RadioLitoral696.png","contentUrl":"https:\/\/media.radiolitoral.com\/wp-content\/uploads\/2023\/02\/24143238\/CL-V-RadioLitoral696.png","width":696,"height":696,"caption":"Radio Litoral"},"image":{"@id":"https:\/\/radiolitoral.com\/#\/schema\/logo\/image\/"},"sameAs":["https:\/\/www.facebook.com\/Laradiolitoral\/"]},{"@type":"Person","@id":"https:\/\/radiolitoral.com\/#\/schema\/person\/7b1480b5caeb5acdd4ec6379caf62b22","name":"Javier Zamora","image":{"@type":"ImageObject","inLanguage":"ca","@id":"https:\/\/secure.gravatar.com\/avatar\/467a11f6918c7d619c4043fc6fa2d3853053107973f05b6e9c04ea6c4e3a7b3f?s=96&d=mm&r=g","url":"https:\/\/secure.gravatar.com\/avatar\/467a11f6918c7d619c4043fc6fa2d3853053107973f05b6e9c04ea6c4e3a7b3f?s=96&d=mm&r=g","contentUrl":"https:\/\/secure.gravatar.com\/avatar\/467a11f6918c7d619c4043fc6fa2d3853053107973f05b6e9c04ea6c4e3a7b3f?s=96&d=mm&r=g","caption":"Javier Zamora"},"url":"https:\/\/radiolitoral.com\/ca\/author\/javier-zamora\/"}]}},"_links":{"self":[{"href":"https:\/\/radiolitoral.com\/ca\/wp-json\/wp\/v2\/posts\/14117","targetHints":{"allow":["GET"]}}],"collection":[{"href":"https:\/\/radiolitoral.com\/ca\/wp-json\/wp\/v2\/posts"}],"about":[{"href":"https:\/\/radiolitoral.com\/ca\/wp-json\/wp\/v2\/types\/post"}],"author":[{"embeddable":true,"href":"https:\/\/radiolitoral.com\/ca\/wp-json\/wp\/v2\/users\/12"}],"replies":[{"embeddable":true,"href":"https:\/\/radiolitoral.com\/ca\/wp-json\/wp\/v2\/comments?post=14117"}],"version-history":[{"count":1,"href":"https:\/\/radiolitoral.com\/ca\/wp-json\/wp\/v2\/posts\/14117\/revisions"}],"predecessor-version":[{"id":14119,"href":"https:\/\/radiolitoral.com\/ca\/wp-json\/wp\/v2\/posts\/14117\/revisions\/14119"}],"wp:featuredmedia":[{"embeddable":true,"href":"https:\/\/radiolitoral.com\/ca\/wp-json\/wp\/v2\/media\/14118"}],"wp:attachment":[{"href":"https:\/\/radiolitoral.com\/ca\/wp-json\/wp\/v2\/media?parent=14117"}],"wp:term":[{"taxonomy":"category","embeddable":true,"href":"https:\/\/radiolitoral.com\/ca\/wp-json\/wp\/v2\/categories?post=14117"},{"taxonomy":"post_tag","embeddable":true,"href":"https:\/\/radiolitoral.com\/ca\/wp-json\/wp\/v2\/tags?post=14117"}],"curies":[{"name":"wp","href":"https:\/\/api.w.org\/{rel}","templated":true}]}}