{"id":14103,"date":"2025-01-02T11:30:13","date_gmt":"2025-01-02T10:30:13","guid":{"rendered":"https:\/\/radiolitoral.com\/?p=14103"},"modified":"2025-01-02T11:30:13","modified_gmt":"2025-01-02T10:30:13","slug":"els-dianencs-esglesies-i-pons-van-disputar-el-nacional-sub-16-de-futsal","status":"publish","type":"post","link":"https:\/\/radiolitoral.com\/ca\/2025\/01\/els-dianenses-iglesias-i-pons-van-disputar-el-nacional-sub-16-de-futsal\/","title":{"rendered":"Els dianencs Iglesias i Pons disputaran el Nacional Sub 16 de Futsal"},"content":{"rendered":"<p>La <strong>Selecci\u00f3 Valenciana masculina\u00a0<span class=\"hiddenSpellError\">sub16<\/span>\u00a0de futbol sala<\/strong> es va despedir de la forma m\u00e9s cruel de la <strong>Fase final del Campionat d&#039;Espanya<\/strong> que se celebra a C\u00f2rdova. El combinat auton\u00f2mic de <strong>Pau Tamarit<\/strong> va remontar amb orgull i valor davant de l&#039;amfitriona Andalusia en un partit superb i va veure com el rival igualava faltant un segon per forzar un torn de penals que va ser esquiva a la Selecci\u00f3. El resultat al final del partit va ser de <strong>4-4.<\/strong><\/p>\n<p>L&#039;equip, cadet posar\u00e0 aix\u00ed fi a un gran concurs al Campionat d&#039;Espanya, posant contra les cordes una de les grans favorites i lluitant fins al final.<\/p>\n<p>Els valencians van ser a remolc des de l&#039;inici del xoc, els andalusos es van avan\u00e7ar amb el gol de <strong>Rafa P\u00e9rez<\/strong>. Les coses empeoraran amb el 2 a 0 anotat per <strong>Crist<\/strong>. L&#039;esperan\u00e7a valenciana va arribar a faltar 20 segons per al descans amb el punt d&#039;<strong><span class=\"hiddenSpellError\">H\u00e8ctor<\/span>\u00a0<span class=\"hiddenSpellError\">Mart\u00ed<\/span><\/strong>.<\/p>\n<p>A la segona meitat, els valencians van sortir a la recerca de l&#039;empat que no va arribar per falta d&#039;encert al remat. El seu rival va obligar el\u00a0<span class=\"hiddenSpellError\">denier<\/span>\u00a0<strong><span class=\"hiddenSpellError\">Caiet\u00e0<\/span>\u00a0<span class=\"hiddenSpellError\">Esgl\u00e9sies<\/span><\/strong>\u00a0a aplicar-se al m\u00e0xim per evitar el tercer gol. En un servei a llarg del mateix\u00a0<span class=\"hiddenSpellError\">Caiet\u00e0<\/span>\u00a0una falta d&#039;entesa de la defensa andalusa i el seu porter permetr\u00e0\u00a0<strong><span class=\"hiddenSpellError\">Samu<\/span><\/strong>\u00a0aconseguir la igualada.<\/p>\n<p>En els darrers 10 minuts del partit hi va haver ocasions per a totes dues seleccions, per\u00f2 va anar Rafa P\u00e9rez qui va avan\u00e7ar el conjunt andal\u00fas amb el 3 a 2. <strong>Arnau Sala<\/strong> va assolir l&#039;empat a 3. Seguidament,\u00a0<span class=\"hiddenSpellError\">Samu<\/span> amb un prec\u00eds rematat de cap posar\u00e0 en ventaja els valencians amb el 3 a 4. Mancant 20 segons per al final, els andalusos obtingueren empatar amb el gol de <strong>V\u00edctor<\/strong>.<\/p>\n<p>A la tanda de\u00a0<span class=\"hiddenSpellError\">penals<\/span>\u00a0despr\u00e9s de 14 llan\u00e7aments va ser\u00a0<span class=\"hiddenSpellError\">Andalusia<\/span>\u00a0qui va seguir avant a la competici\u00f3.<\/p>","protected":false},"excerpt":{"rendered":"<p>La Selecci\u00f3 Valenciana masculina\u00a0sub16\u00a0de futbol sala es va acomiadar de la forma m\u00e9s cruel de la Fase Final del Campionat d&#8217;Espanya que se celebra a C\u00f2rdova. El combinat auton\u00f2mic de Pablo Tamarit va remuntar amb orgull i valor davant l&#8217;amfitriona Andalusia en un partit superb i va veure com el rival igualava mancant un segon [&#8230;]<\/p>\n<p><a class=\"btn btn-secondary understrap-read-more-link\" href=\"https:\/\/radiolitoral.com\/ca\/2025\/01\/els-dianenses-iglesias-i-pons-van-disputar-el-nacional-sub-16-de-futsal\/\">Continua llegint&#8230;<span class=\"screen-reader-text\"> from Els dianenses Iglesias i Pons van disputar el Nacional Sub 16 de F\u00fatsal<\/span><\/a><\/p>\n","protected":false},"author":12,"featured_media":14104,"comment_status":"open","ping_status":"closed","sticky":false,"template":"","format":"standard","meta":{"_acf_changed":false,"inline_featured_image":false,"footnotes":""},"categories":[5],"tags":[6,3105,2796,3104],"class_list":["post-14103","post","type-post","status-publish","format-standard","has-post-thumbnail","hentry","category-deportes","tag-deportes","tag-fase-final-del-campionat-despanya","tag-pablo-tamarit","tag-seleccio-valenciana-masculina-sub16-de-futbol-sala","cobertura-denia"],"acf":[],"yoast_head":"<!-- This site is optimized with the Yoast SEO plugin v27.5 - https:\/\/yoast.com\/product\/yoast-seo-wordpress\/ -->\n<title>Els dianenses Iglesias i Pons van disputar el Nacional Sub 16 de F\u00fatsal | R\u00e0dio Litoral<\/title>\n<meta name=\"description\" content=\"Van jugar amb la selecci\u00f3 Valenciana i van ser baixats per la Selecci\u00f3 Andalusa despr\u00e9s d&#039;una ag\u00f2nica tanda de penaltiesVan jugar amb la selecci\u00f3 Valenciana i van ser baixats per la Selecci\u00f3 Andalusa despr\u00e9s d&#039;una ag\u00f2nica tanda de penalties\" \/>\n<meta name=\"robots\" content=\"index, follow, max-snippet:-1, max-image-preview:large, max-video-preview:-1\" \/>\n<link rel=\"canonical\" href=\"https:\/\/radiolitoral.com\/ca\/2025\/01\/els-dianencs-esglesies-i-pons-van-disputar-el-nacional-sub-16-de-futsal\/\" \/>\n<meta property=\"og:locale\" content=\"ca_ES\" \/>\n<meta property=\"og:type\" content=\"article\" \/>\n<meta property=\"og:title\" content=\"Els dianenses Iglesias i Pons van disputar el Nacional Sub 16 de F\u00fatsal | R\u00e0dio Litoral\" \/>\n<meta property=\"og:description\" content=\"Van jugar amb la selecci\u00f3 Valenciana i van ser baixats per la Selecci\u00f3 Andalusa despr\u00e9s d&#039;una ag\u00f2nica tanda de penaltiesVan jugar amb la selecci\u00f3 Valenciana i van ser baixats per la Selecci\u00f3 Andalusa despr\u00e9s d&#039;una ag\u00f2nica tanda de penalties\" \/>\n<meta property=\"og:url\" content=\"https:\/\/radiolitoral.com\/ca\/2025\/01\/els-dianencs-esglesies-i-pons-van-disputar-el-nacional-sub-16-de-futsal\/\" \/>\n<meta property=\"og:site_name\" content=\"R\u00e0dio Litoral\" \/>\n<meta property=\"article:publisher\" content=\"https:\/\/www.facebook.com\/Laradiolitoral\/\" \/>\n<meta property=\"article:published_time\" content=\"2025-01-02T10:30:13+00:00\" \/>\n<meta property=\"og:image\" content=\"https:\/\/media.radiolitoral.com\/wp-content\/uploads\/2025\/01\/02112350\/Cayetano-Iglesias-durante-el-partido.jpg\" \/>\n\t<meta property=\"og:image:width\" content=\"1024\" \/>\n\t<meta property=\"og:image:height\" content=\"683\" \/>\n\t<meta property=\"og:image:type\" content=\"image\/jpeg\" \/>\n<meta name=\"author\" content=\"Javier Zamora\" \/>\n<meta name=\"twitter:card\" content=\"summary_large_image\" \/>\n<meta name=\"twitter:label1\" content=\"Escrit per\" \/>\n\t<meta name=\"twitter:data1\" content=\"Javier Zamora\" \/>\n\t<meta name=\"twitter:label2\" content=\"Temps estimat de lectura\" \/>\n\t<meta name=\"twitter:data2\" content=\"2 minuts\" \/>\n<script type=\"application\/ld+json\" class=\"yoast-schema-graph\">{\"@context\":\"https:\\\/\\\/schema.org\",\"@graph\":[{\"@type\":\"NewsArticle\",\"@id\":\"https:\\\/\\\/radiolitoral.com\\\/2025\\\/01\\\/els-dianenses-iglesias-i-pons-van-disputar-el-nacional-sub-16-de-futsal\\\/#article\",\"isPartOf\":{\"@id\":\"https:\\\/\\\/radiolitoral.com\\\/2025\\\/01\\\/els-dianenses-iglesias-i-pons-van-disputar-el-nacional-sub-16-de-futsal\\\/\"},\"author\":{\"name\":\"Javier Zamora\",\"@id\":\"https:\\\/\\\/radiolitoral.com\\\/#\\\/schema\\\/person\\\/7b1480b5caeb5acdd4ec6379caf62b22\"},\"headline\":\"Els dianenses Iglesias i Pons van disputar el Nacional Sub 16 de F\u00fatsal\",\"datePublished\":\"2025-01-02T10:30:13+00:00\",\"mainEntityOfPage\":{\"@id\":\"https:\\\/\\\/radiolitoral.com\\\/2025\\\/01\\\/els-dianenses-iglesias-i-pons-van-disputar-el-nacional-sub-16-de-futsal\\\/\"},\"wordCount\":349,\"commentCount\":0,\"publisher\":{\"@id\":\"https:\\\/\\\/radiolitoral.com\\\/#organization\"},\"image\":{\"@id\":\"https:\\\/\\\/radiolitoral.com\\\/2025\\\/01\\\/els-dianenses-iglesias-i-pons-van-disputar-el-nacional-sub-16-de-futsal\\\/#primaryimage\"},\"thumbnailUrl\":\"https:\\\/\\\/media.radiolitoral.com\\\/wp-content\\\/uploads\\\/2025\\\/01\\\/02112350\\\/Cayetano-Iglesias-durante-el-partido.jpg\",\"keywords\":[\"deportes\",\"Fase Final del Campionat d'Espanya\",\"Pablo Tamarit\",\"Selecci\u00f3 Valenciana masculina\u00a0sub16\u00a0de futbol sala\"],\"articleSection\":[\"Deportes\"],\"inLanguage\":\"ca\",\"potentialAction\":[{\"@type\":\"CommentAction\",\"name\":\"Comment\",\"target\":[\"https:\\\/\\\/radiolitoral.com\\\/2025\\\/01\\\/els-dianenses-iglesias-i-pons-van-disputar-el-nacional-sub-16-de-futsal\\\/#respond\"]}]},{\"@type\":[\"WebPage\",\"ItemPage\"],\"@id\":\"https:\\\/\\\/radiolitoral.com\\\/2025\\\/01\\\/els-dianenses-iglesias-i-pons-van-disputar-el-nacional-sub-16-de-futsal\\\/\",\"url\":\"https:\\\/\\\/radiolitoral.com\\\/2025\\\/01\\\/els-dianenses-iglesias-i-pons-van-disputar-el-nacional-sub-16-de-futsal\\\/\",\"name\":\"Els dianenses Iglesias i Pons van disputar el Nacional Sub 16 de F\u00fatsal | R\u00e0dio Litoral\",\"isPartOf\":{\"@id\":\"https:\\\/\\\/radiolitoral.com\\\/#website\"},\"primaryImageOfPage\":{\"@id\":\"https:\\\/\\\/radiolitoral.com\\\/2025\\\/01\\\/els-dianenses-iglesias-i-pons-van-disputar-el-nacional-sub-16-de-futsal\\\/#primaryimage\"},\"image\":{\"@id\":\"https:\\\/\\\/radiolitoral.com\\\/2025\\\/01\\\/els-dianenses-iglesias-i-pons-van-disputar-el-nacional-sub-16-de-futsal\\\/#primaryimage\"},\"thumbnailUrl\":\"https:\\\/\\\/media.radiolitoral.com\\\/wp-content\\\/uploads\\\/2025\\\/01\\\/02112350\\\/Cayetano-Iglesias-durante-el-partido.jpg\",\"datePublished\":\"2025-01-02T10:30:13+00:00\",\"description\":\"Van jugar amb la selecci\u00f3 Valenciana i van ser baixats per la Selecci\u00f3 Andalusa despr\u00e9s d'una ag\u00f2nica tanda de penaltiesVan jugar amb la selecci\u00f3 Valenciana i van ser baixats per la Selecci\u00f3 Andalusa despr\u00e9s d'una ag\u00f2nica tanda de penalties\",\"breadcrumb\":{\"@id\":\"https:\\\/\\\/radiolitoral.com\\\/2025\\\/01\\\/els-dianenses-iglesias-i-pons-van-disputar-el-nacional-sub-16-de-futsal\\\/#breadcrumb\"},\"inLanguage\":\"ca\",\"potentialAction\":[{\"@type\":\"ReadAction\",\"target\":[\"https:\\\/\\\/radiolitoral.com\\\/2025\\\/01\\\/els-dianenses-iglesias-i-pons-van-disputar-el-nacional-sub-16-de-futsal\\\/\"]}]},{\"@type\":\"ImageObject\",\"inLanguage\":\"ca\",\"@id\":\"https:\\\/\\\/radiolitoral.com\\\/2025\\\/01\\\/els-dianenses-iglesias-i-pons-van-disputar-el-nacional-sub-16-de-futsal\\\/#primaryimage\",\"url\":\"https:\\\/\\\/media.radiolitoral.com\\\/wp-content\\\/uploads\\\/2025\\\/01\\\/02112350\\\/Cayetano-Iglesias-durante-el-partido.jpg\",\"contentUrl\":\"https:\\\/\\\/media.radiolitoral.com\\\/wp-content\\\/uploads\\\/2025\\\/01\\\/02112350\\\/Cayetano-Iglesias-durante-el-partido.jpg\",\"width\":1024,\"height\":683},{\"@type\":\"BreadcrumbList\",\"@id\":\"https:\\\/\\\/radiolitoral.com\\\/2025\\\/01\\\/els-dianenses-iglesias-i-pons-van-disputar-el-nacional-sub-16-de-futsal\\\/#breadcrumb\",\"itemListElement\":[{\"@type\":\"ListItem\",\"position\":1,\"name\":\"Portada\",\"item\":\"https:\\\/\\\/radiolitoral.com\\\/\"},{\"@type\":\"ListItem\",\"position\":2,\"name\":\"Els dianenses Iglesias i Pons van disputar el Nacional Sub 16 de F\u00fatsal\"}]},{\"@type\":\"WebSite\",\"@id\":\"https:\\\/\\\/radiolitoral.com\\\/#website\",\"url\":\"https:\\\/\\\/radiolitoral.com\\\/\",\"name\":\"Radio Litoral\",\"description\":\"La radio local de la Marina Alta\",\"publisher\":{\"@id\":\"https:\\\/\\\/radiolitoral.com\\\/#organization\"},\"alternateName\":\"Litoral FM\",\"potentialAction\":[{\"@type\":\"SearchAction\",\"target\":{\"@type\":\"EntryPoint\",\"urlTemplate\":\"https:\\\/\\\/radiolitoral.com\\\/?s={search_term_string}\"},\"query-input\":{\"@type\":\"PropertyValueSpecification\",\"valueRequired\":true,\"valueName\":\"search_term_string\"}}],\"inLanguage\":\"ca\"},{\"@type\":\"Organization\",\"@id\":\"https:\\\/\\\/radiolitoral.com\\\/#organization\",\"name\":\"Radio Litoral\",\"url\":\"https:\\\/\\\/radiolitoral.com\\\/\",\"logo\":{\"@type\":\"ImageObject\",\"inLanguage\":\"ca\",\"@id\":\"https:\\\/\\\/radiolitoral.com\\\/#\\\/schema\\\/logo\\\/image\\\/\",\"url\":\"https:\\\/\\\/media.radiolitoral.com\\\/wp-content\\\/uploads\\\/2023\\\/02\\\/24143238\\\/CL-V-RadioLitoral696.png\",\"contentUrl\":\"https:\\\/\\\/media.radiolitoral.com\\\/wp-content\\\/uploads\\\/2023\\\/02\\\/24143238\\\/CL-V-RadioLitoral696.png\",\"width\":696,\"height\":696,\"caption\":\"Radio Litoral\"},\"image\":{\"@id\":\"https:\\\/\\\/radiolitoral.com\\\/#\\\/schema\\\/logo\\\/image\\\/\"},\"sameAs\":[\"https:\\\/\\\/www.facebook.com\\\/Laradiolitoral\\\/\"]},{\"@type\":\"Person\",\"@id\":\"https:\\\/\\\/radiolitoral.com\\\/#\\\/schema\\\/person\\\/7b1480b5caeb5acdd4ec6379caf62b22\",\"name\":\"Javier Zamora\",\"image\":{\"@type\":\"ImageObject\",\"inLanguage\":\"ca\",\"@id\":\"https:\\\/\\\/secure.gravatar.com\\\/avatar\\\/467a11f6918c7d619c4043fc6fa2d3853053107973f05b6e9c04ea6c4e3a7b3f?s=96&d=mm&r=g\",\"url\":\"https:\\\/\\\/secure.gravatar.com\\\/avatar\\\/467a11f6918c7d619c4043fc6fa2d3853053107973f05b6e9c04ea6c4e3a7b3f?s=96&d=mm&r=g\",\"contentUrl\":\"https:\\\/\\\/secure.gravatar.com\\\/avatar\\\/467a11f6918c7d619c4043fc6fa2d3853053107973f05b6e9c04ea6c4e3a7b3f?s=96&d=mm&r=g\",\"caption\":\"Javier Zamora\"},\"url\":\"https:\\\/\\\/radiolitoral.com\\\/ca\\\/author\\\/javier-zamora\\\/\"}]}<\/script>\n<!-- \/ Yoast SEO plugin. -->","yoast_head_json":{"title":"Els dianencs Iglesias i Pons disputaran el Nacional Sub 16 de Futsal | R\u00e0dio Litoral","description":"Van jugar amb la selecci\u00f3 Valenciana i van ser baixats per la Selecci\u00f3 Andalusa despr\u00e9s d&#039;una ag\u00f2nica tanda de penals.","robots":{"index":"index","follow":"follow","max-snippet":"max-snippet:-1","max-image-preview":"max-image-preview:large","max-video-preview":"max-video-preview:-1"},"canonical":"https:\/\/radiolitoral.com\/ca\/2025\/01\/els-dianencs-esglesies-i-pons-van-disputar-el-nacional-sub-16-de-futsal\/","og_locale":"ca_ES","og_type":"article","og_title":"Els dianenses Iglesias i Pons van disputar el Nacional Sub 16 de F\u00fatsal | R\u00e0dio Litoral","og_description":"Van jugar amb la selecci\u00f3 Valenciana i van ser baixats per la Selecci\u00f3 Andalusa despr\u00e9s d'una ag\u00f2nica tanda de penaltiesVan jugar amb la selecci\u00f3 Valenciana i van ser baixats per la Selecci\u00f3 Andalusa despr\u00e9s d'una ag\u00f2nica tanda de penalties","og_url":"https:\/\/radiolitoral.com\/ca\/2025\/01\/els-dianencs-esglesies-i-pons-van-disputar-el-nacional-sub-16-de-futsal\/","og_site_name":"R\u00e0dio Litoral","article_publisher":"https:\/\/www.facebook.com\/Laradiolitoral\/","article_published_time":"2025-01-02T10:30:13+00:00","og_image":[{"width":1024,"height":683,"url":"https:\/\/media.radiolitoral.com\/wp-content\/uploads\/2025\/01\/02112350\/Cayetano-Iglesias-durante-el-partido.jpg","type":"image\/jpeg"}],"author":"Javier Zamora","twitter_card":"summary_large_image","twitter_misc":{"Escrit per":"Javier Zamora","Temps estimat de lectura":"2 minuts"},"schema":{"@context":"https:\/\/schema.org","@graph":[{"@type":"NewsArticle","@id":"https:\/\/radiolitoral.com\/2025\/01\/els-dianenses-iglesias-i-pons-van-disputar-el-nacional-sub-16-de-futsal\/#article","isPartOf":{"@id":"https:\/\/radiolitoral.com\/2025\/01\/els-dianenses-iglesias-i-pons-van-disputar-el-nacional-sub-16-de-futsal\/"},"author":{"name":"Javier Zamora","@id":"https:\/\/radiolitoral.com\/#\/schema\/person\/7b1480b5caeb5acdd4ec6379caf62b22"},"headline":"Els dianenses Iglesias i Pons van disputar el Nacional Sub 16 de F\u00fatsal","datePublished":"2025-01-02T10:30:13+00:00","mainEntityOfPage":{"@id":"https:\/\/radiolitoral.com\/2025\/01\/els-dianenses-iglesias-i-pons-van-disputar-el-nacional-sub-16-de-futsal\/"},"wordCount":349,"commentCount":0,"publisher":{"@id":"https:\/\/radiolitoral.com\/#organization"},"image":{"@id":"https:\/\/radiolitoral.com\/2025\/01\/els-dianenses-iglesias-i-pons-van-disputar-el-nacional-sub-16-de-futsal\/#primaryimage"},"thumbnailUrl":"https:\/\/media.radiolitoral.com\/wp-content\/uploads\/2025\/01\/02112350\/Cayetano-Iglesias-durante-el-partido.jpg","keywords":["deportes","Fase Final del Campionat d'Espanya","Pablo Tamarit","Selecci\u00f3 Valenciana masculina\u00a0sub16\u00a0de futbol sala"],"articleSection":["Deportes"],"inLanguage":"ca","potentialAction":[{"@type":"CommentAction","name":"Comment","target":["https:\/\/radiolitoral.com\/2025\/01\/els-dianenses-iglesias-i-pons-van-disputar-el-nacional-sub-16-de-futsal\/#respond"]}]},{"@type":["WebPage","ItemPage"],"@id":"https:\/\/radiolitoral.com\/2025\/01\/els-dianenses-iglesias-i-pons-van-disputar-el-nacional-sub-16-de-futsal\/","url":"https:\/\/radiolitoral.com\/2025\/01\/els-dianenses-iglesias-i-pons-van-disputar-el-nacional-sub-16-de-futsal\/","name":"Els dianencs Iglesias i Pons disputaran el Nacional Sub 16 de Futsal | R\u00e0dio Litoral","isPartOf":{"@id":"https:\/\/radiolitoral.com\/#website"},"primaryImageOfPage":{"@id":"https:\/\/radiolitoral.com\/2025\/01\/els-dianenses-iglesias-i-pons-van-disputar-el-nacional-sub-16-de-futsal\/#primaryimage"},"image":{"@id":"https:\/\/radiolitoral.com\/2025\/01\/els-dianenses-iglesias-i-pons-van-disputar-el-nacional-sub-16-de-futsal\/#primaryimage"},"thumbnailUrl":"https:\/\/media.radiolitoral.com\/wp-content\/uploads\/2025\/01\/02112350\/Cayetano-Iglesias-durante-el-partido.jpg","datePublished":"2025-01-02T10:30:13+00:00","description":"Van jugar amb la selecci\u00f3 Valenciana i van ser baixats per la Selecci\u00f3 Andalusa despr\u00e9s d&#039;una ag\u00f2nica tanda de penals.","breadcrumb":{"@id":"https:\/\/radiolitoral.com\/2025\/01\/els-dianenses-iglesias-i-pons-van-disputar-el-nacional-sub-16-de-futsal\/#breadcrumb"},"inLanguage":"ca","potentialAction":[{"@type":"ReadAction","target":["https:\/\/radiolitoral.com\/2025\/01\/els-dianenses-iglesias-i-pons-van-disputar-el-nacional-sub-16-de-futsal\/"]}]},{"@type":"ImageObject","inLanguage":"ca","@id":"https:\/\/radiolitoral.com\/2025\/01\/els-dianenses-iglesias-i-pons-van-disputar-el-nacional-sub-16-de-futsal\/#primaryimage","url":"https:\/\/media.radiolitoral.com\/wp-content\/uploads\/2025\/01\/02112350\/Cayetano-Iglesias-durante-el-partido.jpg","contentUrl":"https:\/\/media.radiolitoral.com\/wp-content\/uploads\/2025\/01\/02112350\/Cayetano-Iglesias-durante-el-partido.jpg","width":1024,"height":683},{"@type":"BreadcrumbList","@id":"https:\/\/radiolitoral.com\/2025\/01\/els-dianenses-iglesias-i-pons-van-disputar-el-nacional-sub-16-de-futsal\/#breadcrumb","itemListElement":[{"@type":"ListItem","position":1,"name":"Portada","item":"https:\/\/radiolitoral.com\/"},{"@type":"ListItem","position":2,"name":"Els dianenses Iglesias i Pons van disputar el Nacional Sub 16 de F\u00fatsal"}]},{"@type":"WebSite","@id":"https:\/\/radiolitoral.com\/#website","url":"https:\/\/radiolitoral.com\/","name":"R\u00e0dio Litoral","description":"La r\u00e0dio local de la Marina Alta","publisher":{"@id":"https:\/\/radiolitoral.com\/#organization"},"alternateName":"Litoral FM","potentialAction":[{"@type":"SearchAction","target":{"@type":"EntryPoint","urlTemplate":"https:\/\/radiolitoral.com\/?s={search_term_string}"},"query-input":{"@type":"PropertyValueSpecification","valueRequired":true,"valueName":"search_term_string"}}],"inLanguage":"ca"},{"@type":"Organization","@id":"https:\/\/radiolitoral.com\/#organization","name":"R\u00e0dio Litoral","url":"https:\/\/radiolitoral.com\/","logo":{"@type":"ImageObject","inLanguage":"ca","@id":"https:\/\/radiolitoral.com\/#\/schema\/logo\/image\/","url":"https:\/\/media.radiolitoral.com\/wp-content\/uploads\/2023\/02\/24143238\/CL-V-RadioLitoral696.png","contentUrl":"https:\/\/media.radiolitoral.com\/wp-content\/uploads\/2023\/02\/24143238\/CL-V-RadioLitoral696.png","width":696,"height":696,"caption":"Radio Litoral"},"image":{"@id":"https:\/\/radiolitoral.com\/#\/schema\/logo\/image\/"},"sameAs":["https:\/\/www.facebook.com\/Laradiolitoral\/"]},{"@type":"Person","@id":"https:\/\/radiolitoral.com\/#\/schema\/person\/7b1480b5caeb5acdd4ec6379caf62b22","name":"Javier Zamora","image":{"@type":"ImageObject","inLanguage":"ca","@id":"https:\/\/secure.gravatar.com\/avatar\/467a11f6918c7d619c4043fc6fa2d3853053107973f05b6e9c04ea6c4e3a7b3f?s=96&d=mm&r=g","url":"https:\/\/secure.gravatar.com\/avatar\/467a11f6918c7d619c4043fc6fa2d3853053107973f05b6e9c04ea6c4e3a7b3f?s=96&d=mm&r=g","contentUrl":"https:\/\/secure.gravatar.com\/avatar\/467a11f6918c7d619c4043fc6fa2d3853053107973f05b6e9c04ea6c4e3a7b3f?s=96&d=mm&r=g","caption":"Javier Zamora"},"url":"https:\/\/radiolitoral.com\/ca\/author\/javier-zamora\/"}]}},"_links":{"self":[{"href":"https:\/\/radiolitoral.com\/ca\/wp-json\/wp\/v2\/posts\/14103","targetHints":{"allow":["GET"]}}],"collection":[{"href":"https:\/\/radiolitoral.com\/ca\/wp-json\/wp\/v2\/posts"}],"about":[{"href":"https:\/\/radiolitoral.com\/ca\/wp-json\/wp\/v2\/types\/post"}],"author":[{"embeddable":true,"href":"https:\/\/radiolitoral.com\/ca\/wp-json\/wp\/v2\/users\/12"}],"replies":[{"embeddable":true,"href":"https:\/\/radiolitoral.com\/ca\/wp-json\/wp\/v2\/comments?post=14103"}],"version-history":[{"count":2,"href":"https:\/\/radiolitoral.com\/ca\/wp-json\/wp\/v2\/posts\/14103\/revisions"}],"predecessor-version":[{"id":14106,"href":"https:\/\/radiolitoral.com\/ca\/wp-json\/wp\/v2\/posts\/14103\/revisions\/14106"}],"wp:featuredmedia":[{"embeddable":true,"href":"https:\/\/radiolitoral.com\/ca\/wp-json\/wp\/v2\/media\/14104"}],"wp:attachment":[{"href":"https:\/\/radiolitoral.com\/ca\/wp-json\/wp\/v2\/media?parent=14103"}],"wp:term":[{"taxonomy":"category","embeddable":true,"href":"https:\/\/radiolitoral.com\/ca\/wp-json\/wp\/v2\/categories?post=14103"},{"taxonomy":"post_tag","embeddable":true,"href":"https:\/\/radiolitoral.com\/ca\/wp-json\/wp\/v2\/tags?post=14103"}],"curies":[{"name":"wp","href":"https:\/\/api.w.org\/{rel}","templated":true}]}}