{"id":14061,"date":"2024-12-27T19:14:16","date_gmt":"2024-12-27T18:14:16","guid":{"rendered":"https:\/\/radiolitoral.com\/?p=14061"},"modified":"2024-12-27T19:14:16","modified_gmt":"2024-12-27T18:14:16","slug":"naix-oficialment-lassociacio-autonomica-animacio-en-moviment","status":"publish","type":"post","link":"https:\/\/radiolitoral.com\/ca\/2024\/12\/naix-oficialment-lassociacio-autonomica-animacio-en-moviment\/","title":{"rendered":"Naix oficialment l&#039;Associaci\u00f3 auton\u00f2mica \u201cAnimaci\u00f3 en Moviment\u201d"},"content":{"rendered":"<p>Dijous passat, l&#039;associaci\u00f3 \u201c<strong>Animaci\u00f3 a Moviment<\/strong>\u201d, destinada a representar el perfil professional TASOCT, va celebrar amb \u00e8xit la seva presentaci\u00f3 oficial a l&#039;<strong>IES Jordi de Sant Jordi<\/strong>, Val\u00e8ncia.<\/p>\n<p>Durant la presentaci\u00f3, els representants de l&#039;associaci\u00f3 David Colomer i Noelia Cereceda, president i secretaria, van exposar les principals l\u00ednies de treball i van destacar la missi\u00f3 de visibilitzar i reivindicar el paper dels professionals de l&#039;animaci\u00f3 sociocultural com a agents clau el <strong>desenvolupament cultural i comunitari<\/strong>.<\/p>\n<p>Per aquest motiu, el teuladi David Colomer visita el Primer Caf\u00e8 de R\u00e0dio Litoral per con\u00e8ixer m\u00e9s d&#039;aprop aquesta associaci\u00f3.<\/p>\n<audio class=\"wp-audio-shortcode\" id=\"audio-14061-1\" preload=\"none\" style=\"width: 100%;\" controls=\"controls\"><source type=\"audio\/mpeg\" src=\"https:\/\/media.radiolitoral.com\/wp-content\/uploads\/2024\/12\/27191401\/WhatsApp-Audio-2024-12-27-at-18.59.24-online-audio-converter.com_.mp3?_=1\" \/><a href=\"https:\/\/media.radiolitoral.com\/wp-content\/uploads\/2024\/12\/27191401\/WhatsApp-Audio-2024-12-27-at-18.59.24-online-audio-converter.com_.mp3\">https:\/\/media.radiolitoral.com\/wp-content\/uploads\/2024\/12\/27191401\/WhatsApp-Audio-2024-12-27-at-18.59.24-online-audio-converter.com_.mp3<\/a><\/audio>","protected":false},"excerpt":{"rendered":"<p>Dijous passat, l&#8217;associaci\u00f3 \u201cAnimaci\u00f3 en Moviment\u201d, destinada a representar el perfil professional TASOCT, va celebrar amb \u00e8xit la seua presentaci\u00f3 oficial en l&#8217;IES Jordi de Sant Jordi, Val\u00e8ncia. Durant la presentaci\u00f3, els representants de l&#8217;associaci\u00f3 David Colomer i Noelia Cereceda, president i secret\u00e0ria, van exposar les principals l\u00ednies de treball i van destacar la missi\u00f3 [&#8230;]<\/p>\n<p><a class=\"btn btn-secondary understrap-read-more-link\" href=\"https:\/\/radiolitoral.com\/ca\/2024\/12\/naix-oficialment-lassociacio-autonomica-animacio-en-moviment\/\">Continua llegint&#8230;<span class=\"screen-reader-text\"> from Naix oficialment l&#8217;Associaci\u00f3 auton\u00f2mica \u201cAnimaci\u00f3 en Moviment\u201d<\/span><\/a><\/p>\n","protected":false},"author":14,"featured_media":14063,"comment_status":"open","ping_status":"closed","sticky":false,"template":"","format":"standard","meta":{"_acf_changed":false,"inline_featured_image":false,"footnotes":""},"categories":[46],"tags":[3096,2312,195],"class_list":["post-14061","post","type-post","status-publish","format-standard","has-post-thumbnail","hentry","category-sociedad","tag-david-colomer","tag-primer-cafe","tag-teulada-moraira","cobertura-teulada-moraira"],"acf":[],"yoast_head":"<!-- This site is optimized with the Yoast SEO plugin v27.5 - https:\/\/yoast.com\/product\/yoast-seo-wordpress\/ -->\n<title>Naix oficialment l&#039;Associaci\u00f3 auton\u00f2mica \u201cAnimaci\u00f3 en Moviment\u201d | R\u00e0dio Litoral<\/title>\n<meta name=\"description\" content=\"David Colomer, president de l\u2019Associaci\u00f3 auton\u00f3mica de t\u00e9cnics d\u2019animaci\u00f3 sociocultural ens contar\u00e0 m\u00e9s detalls\" \/>\n<meta name=\"robots\" content=\"index, follow, max-snippet:-1, max-image-preview:large, max-video-preview:-1\" \/>\n<link rel=\"canonical\" href=\"https:\/\/radiolitoral.com\/ca\/2024\/12\/naix-oficialment-lassociacio-autonomica-animacio-en-moviment\/\" \/>\n<meta property=\"og:locale\" content=\"ca_ES\" \/>\n<meta property=\"og:type\" content=\"article\" \/>\n<meta property=\"og:title\" content=\"Naix oficialment l&#039;Associaci\u00f3 auton\u00f2mica \u201cAnimaci\u00f3 en Moviment\u201d | R\u00e0dio Litoral\" \/>\n<meta property=\"og:description\" content=\"David Colomer, president de l\u2019Associaci\u00f3 auton\u00f3mica de t\u00e9cnics d\u2019animaci\u00f3 sociocultural ens contar\u00e0 m\u00e9s detalls\" \/>\n<meta property=\"og:url\" content=\"https:\/\/radiolitoral.com\/ca\/2024\/12\/naix-oficialment-lassociacio-autonomica-animacio-en-moviment\/\" \/>\n<meta property=\"og:site_name\" content=\"R\u00e0dio Litoral\" \/>\n<meta property=\"article:publisher\" content=\"https:\/\/www.facebook.com\/Laradiolitoral\/\" \/>\n<meta property=\"article:published_time\" content=\"2024-12-27T18:14:16+00:00\" \/>\n<meta property=\"og:image\" content=\"https:\/\/media.radiolitoral.com\/wp-content\/uploads\/2024\/12\/27190139\/David-Colomer.jpeg\" \/>\n\t<meta property=\"og:image:width\" content=\"2048\" \/>\n\t<meta property=\"og:image:height\" content=\"1536\" \/>\n\t<meta property=\"og:image:type\" content=\"image\/jpeg\" \/>\n<meta name=\"author\" content=\"Redacci\u00f3n\" \/>\n<meta name=\"twitter:card\" content=\"summary_large_image\" \/>\n<meta name=\"twitter:label1\" content=\"Escrit per\" \/>\n\t<meta name=\"twitter:data1\" content=\"Redacci\u00f3n\" \/>\n\t<meta name=\"twitter:label2\" content=\"Temps estimat de lectura\" \/>\n\t<meta name=\"twitter:data2\" content=\"1 minut\" \/>\n<script type=\"application\/ld+json\" class=\"yoast-schema-graph\">{\"@context\":\"https:\\\/\\\/schema.org\",\"@graph\":[{\"@type\":\"NewsArticle\",\"@id\":\"https:\\\/\\\/radiolitoral.com\\\/2024\\\/12\\\/naix-oficialment-lassociacio-autonomica-animacio-en-moviment\\\/#article\",\"isPartOf\":{\"@id\":\"https:\\\/\\\/radiolitoral.com\\\/2024\\\/12\\\/naix-oficialment-lassociacio-autonomica-animacio-en-moviment\\\/\"},\"author\":{\"name\":\"Redacci\u00f3n\",\"@id\":\"https:\\\/\\\/radiolitoral.com\\\/#\\\/schema\\\/person\\\/96b739642eb3bedb532aac3812d23307\"},\"headline\":\"Naix oficialment l&#8217;Associaci\u00f3 auton\u00f2mica \u201cAnimaci\u00f3 en Moviment\u201d\",\"datePublished\":\"2024-12-27T18:14:16+00:00\",\"mainEntityOfPage\":{\"@id\":\"https:\\\/\\\/radiolitoral.com\\\/2024\\\/12\\\/naix-oficialment-lassociacio-autonomica-animacio-en-moviment\\\/\"},\"wordCount\":130,\"commentCount\":0,\"publisher\":{\"@id\":\"https:\\\/\\\/radiolitoral.com\\\/#organization\"},\"image\":{\"@id\":\"https:\\\/\\\/radiolitoral.com\\\/2024\\\/12\\\/naix-oficialment-lassociacio-autonomica-animacio-en-moviment\\\/#primaryimage\"},\"thumbnailUrl\":\"https:\\\/\\\/media.radiolitoral.com\\\/wp-content\\\/uploads\\\/2024\\\/12\\\/27190139\\\/David-Colomer.jpeg\",\"keywords\":[\"David Colomer\",\"Primer Caf\u00e9\",\"Teulada-Moraira\"],\"articleSection\":[\"Sociedad\"],\"inLanguage\":\"ca\",\"potentialAction\":[{\"@type\":\"CommentAction\",\"name\":\"Comment\",\"target\":[\"https:\\\/\\\/radiolitoral.com\\\/2024\\\/12\\\/naix-oficialment-lassociacio-autonomica-animacio-en-moviment\\\/#respond\"]}]},{\"@type\":[\"WebPage\",\"ItemPage\"],\"@id\":\"https:\\\/\\\/radiolitoral.com\\\/2024\\\/12\\\/naix-oficialment-lassociacio-autonomica-animacio-en-moviment\\\/\",\"url\":\"https:\\\/\\\/radiolitoral.com\\\/2024\\\/12\\\/naix-oficialment-lassociacio-autonomica-animacio-en-moviment\\\/\",\"name\":\"Naix oficialment l'Associaci\u00f3 auton\u00f2mica \u201cAnimaci\u00f3 en Moviment\u201d | R\u00e0dio Litoral\",\"isPartOf\":{\"@id\":\"https:\\\/\\\/radiolitoral.com\\\/#website\"},\"primaryImageOfPage\":{\"@id\":\"https:\\\/\\\/radiolitoral.com\\\/2024\\\/12\\\/naix-oficialment-lassociacio-autonomica-animacio-en-moviment\\\/#primaryimage\"},\"image\":{\"@id\":\"https:\\\/\\\/radiolitoral.com\\\/2024\\\/12\\\/naix-oficialment-lassociacio-autonomica-animacio-en-moviment\\\/#primaryimage\"},\"thumbnailUrl\":\"https:\\\/\\\/media.radiolitoral.com\\\/wp-content\\\/uploads\\\/2024\\\/12\\\/27190139\\\/David-Colomer.jpeg\",\"datePublished\":\"2024-12-27T18:14:16+00:00\",\"description\":\"David Colomer, president de l\u2019Associaci\u00f3 auton\u00f3mica de t\u00e9cnics d\u2019animaci\u00f3 sociocultural ens contar\u00e0 m\u00e9s detalls\",\"breadcrumb\":{\"@id\":\"https:\\\/\\\/radiolitoral.com\\\/2024\\\/12\\\/naix-oficialment-lassociacio-autonomica-animacio-en-moviment\\\/#breadcrumb\"},\"inLanguage\":\"ca\",\"potentialAction\":[{\"@type\":\"ReadAction\",\"target\":[\"https:\\\/\\\/radiolitoral.com\\\/2024\\\/12\\\/naix-oficialment-lassociacio-autonomica-animacio-en-moviment\\\/\"]}]},{\"@type\":\"ImageObject\",\"inLanguage\":\"ca\",\"@id\":\"https:\\\/\\\/radiolitoral.com\\\/2024\\\/12\\\/naix-oficialment-lassociacio-autonomica-animacio-en-moviment\\\/#primaryimage\",\"url\":\"https:\\\/\\\/media.radiolitoral.com\\\/wp-content\\\/uploads\\\/2024\\\/12\\\/27190139\\\/David-Colomer.jpeg\",\"contentUrl\":\"https:\\\/\\\/media.radiolitoral.com\\\/wp-content\\\/uploads\\\/2024\\\/12\\\/27190139\\\/David-Colomer.jpeg\",\"width\":2048,\"height\":1536},{\"@type\":\"BreadcrumbList\",\"@id\":\"https:\\\/\\\/radiolitoral.com\\\/2024\\\/12\\\/naix-oficialment-lassociacio-autonomica-animacio-en-moviment\\\/#breadcrumb\",\"itemListElement\":[{\"@type\":\"ListItem\",\"position\":1,\"name\":\"Portada\",\"item\":\"https:\\\/\\\/radiolitoral.com\\\/\"},{\"@type\":\"ListItem\",\"position\":2,\"name\":\"Naix oficialment l&#8217;Associaci\u00f3 auton\u00f2mica \u201cAnimaci\u00f3 en Moviment\u201d\"}]},{\"@type\":\"WebSite\",\"@id\":\"https:\\\/\\\/radiolitoral.com\\\/#website\",\"url\":\"https:\\\/\\\/radiolitoral.com\\\/\",\"name\":\"Radio Litoral\",\"description\":\"La radio local de la Marina Alta\",\"publisher\":{\"@id\":\"https:\\\/\\\/radiolitoral.com\\\/#organization\"},\"alternateName\":\"Litoral FM\",\"potentialAction\":[{\"@type\":\"SearchAction\",\"target\":{\"@type\":\"EntryPoint\",\"urlTemplate\":\"https:\\\/\\\/radiolitoral.com\\\/?s={search_term_string}\"},\"query-input\":{\"@type\":\"PropertyValueSpecification\",\"valueRequired\":true,\"valueName\":\"search_term_string\"}}],\"inLanguage\":\"ca\"},{\"@type\":\"Organization\",\"@id\":\"https:\\\/\\\/radiolitoral.com\\\/#organization\",\"name\":\"Radio Litoral\",\"url\":\"https:\\\/\\\/radiolitoral.com\\\/\",\"logo\":{\"@type\":\"ImageObject\",\"inLanguage\":\"ca\",\"@id\":\"https:\\\/\\\/radiolitoral.com\\\/#\\\/schema\\\/logo\\\/image\\\/\",\"url\":\"https:\\\/\\\/media.radiolitoral.com\\\/wp-content\\\/uploads\\\/2023\\\/02\\\/24143238\\\/CL-V-RadioLitoral696.png\",\"contentUrl\":\"https:\\\/\\\/media.radiolitoral.com\\\/wp-content\\\/uploads\\\/2023\\\/02\\\/24143238\\\/CL-V-RadioLitoral696.png\",\"width\":696,\"height\":696,\"caption\":\"Radio Litoral\"},\"image\":{\"@id\":\"https:\\\/\\\/radiolitoral.com\\\/#\\\/schema\\\/logo\\\/image\\\/\"},\"sameAs\":[\"https:\\\/\\\/www.facebook.com\\\/Laradiolitoral\\\/\"]},{\"@type\":\"Person\",\"@id\":\"https:\\\/\\\/radiolitoral.com\\\/#\\\/schema\\\/person\\\/96b739642eb3bedb532aac3812d23307\",\"name\":\"Redacci\u00f3n\",\"image\":{\"@type\":\"ImageObject\",\"inLanguage\":\"ca\",\"@id\":\"https:\\\/\\\/secure.gravatar.com\\\/avatar\\\/30cd06129ee90411dd9c7cbdcf17464181d1a3c7b072e92070ea75a25cf0097e?s=96&d=mm&r=g\",\"url\":\"https:\\\/\\\/secure.gravatar.com\\\/avatar\\\/30cd06129ee90411dd9c7cbdcf17464181d1a3c7b072e92070ea75a25cf0097e?s=96&d=mm&r=g\",\"contentUrl\":\"https:\\\/\\\/secure.gravatar.com\\\/avatar\\\/30cd06129ee90411dd9c7cbdcf17464181d1a3c7b072e92070ea75a25cf0097e?s=96&d=mm&r=g\",\"caption\":\"Redacci\u00f3n\"},\"url\":\"https:\\\/\\\/radiolitoral.com\\\/ca\\\/author\\\/kevin-carrio\\\/\"}]}<\/script>\n<!-- \/ Yoast SEO plugin. -->","yoast_head_json":{"title":"Naix oficialment l&#039;Associaci\u00f3 auton\u00f2mica \u201cAnimaci\u00f3 a Moviment\u201d | R\u00e0dio Litoral","description":"David Colomer, president de l&#039;Associaci\u00f3 auton\u00f2mica de t\u00e8cnics d&#039;animaci\u00f3 sociocultural ens explicar\u00e0 m\u00e9s detalls","robots":{"index":"index","follow":"follow","max-snippet":"max-snippet:-1","max-image-preview":"max-image-preview:large","max-video-preview":"max-video-preview:-1"},"canonical":"https:\/\/radiolitoral.com\/ca\/2024\/12\/naix-oficialment-lassociacio-autonomica-animacio-en-moviment\/","og_locale":"ca_ES","og_type":"article","og_title":"Naix oficialment l'Associaci\u00f3 auton\u00f2mica \u201cAnimaci\u00f3 en Moviment\u201d | R\u00e0dio Litoral","og_description":"David Colomer, president de l\u2019Associaci\u00f3 auton\u00f3mica de t\u00e9cnics d\u2019animaci\u00f3 sociocultural ens contar\u00e0 m\u00e9s detalls","og_url":"https:\/\/radiolitoral.com\/ca\/2024\/12\/naix-oficialment-lassociacio-autonomica-animacio-en-moviment\/","og_site_name":"R\u00e0dio Litoral","article_publisher":"https:\/\/www.facebook.com\/Laradiolitoral\/","article_published_time":"2024-12-27T18:14:16+00:00","og_image":[{"width":2048,"height":1536,"url":"https:\/\/media.radiolitoral.com\/wp-content\/uploads\/2024\/12\/27190139\/David-Colomer.jpeg","type":"image\/jpeg"}],"author":"Redacci\u00f3n","twitter_card":"summary_large_image","twitter_misc":{"Escrit per":"Redacci\u00f3n","Temps estimat de lectura":"1 minut"},"schema":{"@context":"https:\/\/schema.org","@graph":[{"@type":"NewsArticle","@id":"https:\/\/radiolitoral.com\/2024\/12\/naix-oficialment-lassociacio-autonomica-animacio-en-moviment\/#article","isPartOf":{"@id":"https:\/\/radiolitoral.com\/2024\/12\/naix-oficialment-lassociacio-autonomica-animacio-en-moviment\/"},"author":{"name":"Redacci\u00f3n","@id":"https:\/\/radiolitoral.com\/#\/schema\/person\/96b739642eb3bedb532aac3812d23307"},"headline":"Naix oficialment l&#8217;Associaci\u00f3 auton\u00f2mica \u201cAnimaci\u00f3 en Moviment\u201d","datePublished":"2024-12-27T18:14:16+00:00","mainEntityOfPage":{"@id":"https:\/\/radiolitoral.com\/2024\/12\/naix-oficialment-lassociacio-autonomica-animacio-en-moviment\/"},"wordCount":130,"commentCount":0,"publisher":{"@id":"https:\/\/radiolitoral.com\/#organization"},"image":{"@id":"https:\/\/radiolitoral.com\/2024\/12\/naix-oficialment-lassociacio-autonomica-animacio-en-moviment\/#primaryimage"},"thumbnailUrl":"https:\/\/media.radiolitoral.com\/wp-content\/uploads\/2024\/12\/27190139\/David-Colomer.jpeg","keywords":["David Colomer","Primer Caf\u00e9","Teulada-Moraira"],"articleSection":["Sociedad"],"inLanguage":"ca","potentialAction":[{"@type":"CommentAction","name":"Comment","target":["https:\/\/radiolitoral.com\/2024\/12\/naix-oficialment-lassociacio-autonomica-animacio-en-moviment\/#respond"]}]},{"@type":["WebPage","ItemPage"],"@id":"https:\/\/radiolitoral.com\/2024\/12\/naix-oficialment-lassociacio-autonomica-animacio-en-moviment\/","url":"https:\/\/radiolitoral.com\/2024\/12\/naix-oficialment-lassociacio-autonomica-animacio-en-moviment\/","name":"Naix oficialment l&#039;Associaci\u00f3 auton\u00f2mica \u201cAnimaci\u00f3 a Moviment\u201d | R\u00e0dio Litoral","isPartOf":{"@id":"https:\/\/radiolitoral.com\/#website"},"primaryImageOfPage":{"@id":"https:\/\/radiolitoral.com\/2024\/12\/naix-oficialment-lassociacio-autonomica-animacio-en-moviment\/#primaryimage"},"image":{"@id":"https:\/\/radiolitoral.com\/2024\/12\/naix-oficialment-lassociacio-autonomica-animacio-en-moviment\/#primaryimage"},"thumbnailUrl":"https:\/\/media.radiolitoral.com\/wp-content\/uploads\/2024\/12\/27190139\/David-Colomer.jpeg","datePublished":"2024-12-27T18:14:16+00:00","description":"David Colomer, president de l&#039;Associaci\u00f3 auton\u00f2mica de t\u00e8cnics d&#039;animaci\u00f3 sociocultural ens explicar\u00e0 m\u00e9s detalls","breadcrumb":{"@id":"https:\/\/radiolitoral.com\/2024\/12\/naix-oficialment-lassociacio-autonomica-animacio-en-moviment\/#breadcrumb"},"inLanguage":"ca","potentialAction":[{"@type":"ReadAction","target":["https:\/\/radiolitoral.com\/2024\/12\/naix-oficialment-lassociacio-autonomica-animacio-en-moviment\/"]}]},{"@type":"ImageObject","inLanguage":"ca","@id":"https:\/\/radiolitoral.com\/2024\/12\/naix-oficialment-lassociacio-autonomica-animacio-en-moviment\/#primaryimage","url":"https:\/\/media.radiolitoral.com\/wp-content\/uploads\/2024\/12\/27190139\/David-Colomer.jpeg","contentUrl":"https:\/\/media.radiolitoral.com\/wp-content\/uploads\/2024\/12\/27190139\/David-Colomer.jpeg","width":2048,"height":1536},{"@type":"BreadcrumbList","@id":"https:\/\/radiolitoral.com\/2024\/12\/naix-oficialment-lassociacio-autonomica-animacio-en-moviment\/#breadcrumb","itemListElement":[{"@type":"ListItem","position":1,"name":"Portada","item":"https:\/\/radiolitoral.com\/"},{"@type":"ListItem","position":2,"name":"Naix oficialment l&#8217;Associaci\u00f3 auton\u00f2mica \u201cAnimaci\u00f3 en Moviment\u201d"}]},{"@type":"WebSite","@id":"https:\/\/radiolitoral.com\/#website","url":"https:\/\/radiolitoral.com\/","name":"R\u00e0dio Litoral","description":"La r\u00e0dio local de la Marina Alta","publisher":{"@id":"https:\/\/radiolitoral.com\/#organization"},"alternateName":"Litoral FM","potentialAction":[{"@type":"SearchAction","target":{"@type":"EntryPoint","urlTemplate":"https:\/\/radiolitoral.com\/?s={search_term_string}"},"query-input":{"@type":"PropertyValueSpecification","valueRequired":true,"valueName":"search_term_string"}}],"inLanguage":"ca"},{"@type":"Organization","@id":"https:\/\/radiolitoral.com\/#organization","name":"R\u00e0dio Litoral","url":"https:\/\/radiolitoral.com\/","logo":{"@type":"ImageObject","inLanguage":"ca","@id":"https:\/\/radiolitoral.com\/#\/schema\/logo\/image\/","url":"https:\/\/media.radiolitoral.com\/wp-content\/uploads\/2023\/02\/24143238\/CL-V-RadioLitoral696.png","contentUrl":"https:\/\/media.radiolitoral.com\/wp-content\/uploads\/2023\/02\/24143238\/CL-V-RadioLitoral696.png","width":696,"height":696,"caption":"Radio Litoral"},"image":{"@id":"https:\/\/radiolitoral.com\/#\/schema\/logo\/image\/"},"sameAs":["https:\/\/www.facebook.com\/Laradiolitoral\/"]},{"@type":"Person","@id":"https:\/\/radiolitoral.com\/#\/schema\/person\/96b739642eb3bedb532aac3812d23307","name":"Redacci\u00f3","image":{"@type":"ImageObject","inLanguage":"ca","@id":"https:\/\/secure.gravatar.com\/avatar\/30cd06129ee90411dd9c7cbdcf17464181d1a3c7b072e92070ea75a25cf0097e?s=96&d=mm&r=g","url":"https:\/\/secure.gravatar.com\/avatar\/30cd06129ee90411dd9c7cbdcf17464181d1a3c7b072e92070ea75a25cf0097e?s=96&d=mm&r=g","contentUrl":"https:\/\/secure.gravatar.com\/avatar\/30cd06129ee90411dd9c7cbdcf17464181d1a3c7b072e92070ea75a25cf0097e?s=96&d=mm&r=g","caption":"Redacci\u00f3n"},"url":"https:\/\/radiolitoral.com\/ca\/author\/kevin-carrio\/"}]}},"_links":{"self":[{"href":"https:\/\/radiolitoral.com\/ca\/wp-json\/wp\/v2\/posts\/14061","targetHints":{"allow":["GET"]}}],"collection":[{"href":"https:\/\/radiolitoral.com\/ca\/wp-json\/wp\/v2\/posts"}],"about":[{"href":"https:\/\/radiolitoral.com\/ca\/wp-json\/wp\/v2\/types\/post"}],"author":[{"embeddable":true,"href":"https:\/\/radiolitoral.com\/ca\/wp-json\/wp\/v2\/users\/14"}],"replies":[{"embeddable":true,"href":"https:\/\/radiolitoral.com\/ca\/wp-json\/wp\/v2\/comments?post=14061"}],"version-history":[{"count":2,"href":"https:\/\/radiolitoral.com\/ca\/wp-json\/wp\/v2\/posts\/14061\/revisions"}],"predecessor-version":[{"id":14066,"href":"https:\/\/radiolitoral.com\/ca\/wp-json\/wp\/v2\/posts\/14061\/revisions\/14066"}],"wp:featuredmedia":[{"embeddable":true,"href":"https:\/\/radiolitoral.com\/ca\/wp-json\/wp\/v2\/media\/14063"}],"wp:attachment":[{"href":"https:\/\/radiolitoral.com\/ca\/wp-json\/wp\/v2\/media?parent=14061"}],"wp:term":[{"taxonomy":"category","embeddable":true,"href":"https:\/\/radiolitoral.com\/ca\/wp-json\/wp\/v2\/categories?post=14061"},{"taxonomy":"post_tag","embeddable":true,"href":"https:\/\/radiolitoral.com\/ca\/wp-json\/wp\/v2\/tags?post=14061"}],"curies":[{"name":"wp","href":"https:\/\/api.w.org\/{rel}","templated":true}]}}