{"id":1406,"date":"2023-03-17T17:01:14","date_gmt":"2023-03-17T16:01:14","guid":{"rendered":"https:\/\/radiolitoral.com\/?p=1406"},"modified":"2024-03-27T18:42:41","modified_gmt":"2024-03-27T17:42:41","slug":"aitana-mes-vicepresidenta-de-la-generalitat-presentara-en-xalo-lavantprojecte-del-centre-de-dia","status":"publish","type":"post","link":"https:\/\/radiolitoral.com\/ca\/2023\/03\/aitana-mas-vicepresidenta-de-la-generalitat-presentara-en-xalo-el-anteproyecto-del-centro-de-dia\/","title":{"rendered":"Aitana Mas, vicepresidenta de Generalitat, presentar\u00e0 a Xal\u00f3 l&#039;avantprojecte del Centre de Dia"},"content":{"rendered":"<p>El proper <strong>dilluns, 20 de mar\u00e7, Aitana Mas, vicepresidenta de la Generalitat i Consellera d&#039;Igualtat i Pol\u00edtiques Inclusives, presentar\u00e0 a Xal\u00f3 l&#039;avantprojecte del futur Centre de Dia<\/strong> a construir a la localitat. Un acte obert a tota la ciutadania amb qu\u00e8 es pret\u00e9n acostar als ve\u00efns els detalls d&#039;aquest projecte per donar resposta a una demanda.<\/p>\n<p>La <strong>regidora de Sanitat, Lara Avell\u00e0<\/strong>, ja anunciava el passat mes d&#039;octubre que les escoles infantils, ubicades al centre del nucli urb\u00e0, havien de ser reconvertides en un Centre de Dia per a Majors. Una actuaci\u00f3 que podia esdevenir una realitat gr\u00e0cies a les negociacions obertes amb la Conselleria per a l&#039;adaptaci\u00f3 d&#039;aquesta edificaci\u00f3 i construcci\u00f3 del futur Centre de Dia.<\/p>\n<p>Un centre, que ser\u00e0 totalment p\u00fablic. Un projecte que implica una inversi\u00f3 de <strong>uns 2 milions d&#039;euros, dins del Pla Conviure, i que n&#039;aportar\u00e0 40<\/strong> places per a les fam\u00edlies que ho necessitin, segons les primeres previsions.<\/p>\n<p>Aix\u00ed ens ho explicava al seu dia la regidora Lara Avell\u00e0.<\/p>\n<audio class=\"wp-audio-shortcode\" id=\"audio-1406-1\" preload=\"none\" style=\"width: 100%;\" controls=\"controls\"><source type=\"audio\/mpeg\" src=\"https:\/\/media.radiolitoral.com\/wp-content\/uploads\/2023\/03\/17165646\/Lara-Avella-1.mp3?_=1\" \/><a href=\"https:\/\/media.radiolitoral.com\/wp-content\/uploads\/2023\/03\/17165646\/Lara-Avella-1.mp3\">https:\/\/media.radiolitoral.com\/wp-content\/uploads\/2023\/03\/17165646\/Lara-Avella-1.mp3<\/a><\/audio>\n<p>&nbsp;<\/p>\n<p>Les obres del futur Centre de Dia podrien comen\u00e7ar a finals del 2023. L&#039;objectiu que s&#039;ha marcat l&#039;ajuntament de Xal\u00f3 \u00e9s poder obrir les portes del nou Centre de Dia per a gent gran el 2024, aportant <strong>serveis de fisioter\u00e0pia, infermeria o ter\u00e0pies ocupacionals<\/strong>.<\/p>\n<audio class=\"wp-audio-shortcode\" id=\"audio-1406-2\" preload=\"none\" style=\"width: 100%;\" controls=\"controls\"><source type=\"audio\/mpeg\" src=\"https:\/\/media.radiolitoral.com\/wp-content\/uploads\/2023\/03\/17165705\/Lara-Avella-2.mp3?_=2\" \/><a href=\"https:\/\/media.radiolitoral.com\/wp-content\/uploads\/2023\/03\/17165705\/Lara-Avella-2.mp3\">https:\/\/media.radiolitoral.com\/wp-content\/uploads\/2023\/03\/17165705\/Lara-Avella-2.mp3<\/a><\/audio>\n<p>&nbsp;<\/p>","protected":false},"excerpt":{"rendered":"<p>El pr\u00f3ximo lunes, 20 de marzo, Aitana Mas, vicepresidenta de la Generalitat y Consellera de Igualdad y Pol\u00edticas Inclusivas, presentar\u00e1 en Xal\u00f3 el anteproyecto del futuro Centro de D\u00eda a construir en la localidad. Un acto abierto a toda la ciudadan\u00eda con el que se pretende acercar a los vecinos los detalles de este proyecto [&#8230;]<\/p>\n<p><a class=\"btn btn-secondary understrap-read-more-link\" href=\"https:\/\/radiolitoral.com\/ca\/2023\/03\/aitana-mas-vicepresidenta-de-la-generalitat-presentara-en-xalo-el-anteproyecto-del-centro-de-dia\/\">Continua llegint&#8230;<span class=\"screen-reader-text\"> from Aitana Mas, vicepresidenta de Generalitat, presentar\u00e1 en Xal\u00f3 el anteproyecto del Centro de D\u00eda<\/span><\/a><\/p>\n","protected":false},"author":13,"featured_media":1409,"comment_status":"open","ping_status":"closed","sticky":false,"template":"","format":"standard","meta":{"_acf_changed":false,"inline_featured_image":false,"footnotes":""},"categories":[85],"tags":[257,260,261,259,258,133],"class_list":["post-1406","post","type-post","status-publish","format-standard","has-post-thumbnail","hentry","category-servicios-publicos","tag-aitana-mas","tag-centro-de-dia","tag-centro-de-dia-xalo","tag-lara-avella","tag-pla-conviure","tag-xalo","cobertura-xalo"],"acf":[],"yoast_head":"<!-- This site is optimized with the Yoast SEO plugin v27.5 - https:\/\/yoast.com\/product\/yoast-seo-wordpress\/ -->\n<title>Aitana Mas, vicepresidenta de Generalitat, presentar\u00e1 en Xal\u00f3 el anteproyecto del Centro de D\u00eda | R\u00e0dio Litoral<\/title>\n<meta name=\"description\" content=\"Ser\u00e1 este pr\u00f3ximo lunes\" \/>\n<meta name=\"robots\" content=\"index, follow, max-snippet:-1, max-image-preview:large, max-video-preview:-1\" \/>\n<link rel=\"canonical\" href=\"https:\/\/radiolitoral.com\/ca\/2023\/03\/aitana-mes-vicepresidenta-de-la-generalitat-presentara-en-xalo-lavantprojecte-del-centre-de-dia\/\" \/>\n<meta property=\"og:locale\" content=\"ca_ES\" \/>\n<meta property=\"og:type\" content=\"article\" \/>\n<meta property=\"og:title\" content=\"Aitana Mas, vicepresidenta de Generalitat, presentar\u00e1 en Xal\u00f3 el anteproyecto del Centro de D\u00eda | R\u00e0dio Litoral\" \/>\n<meta property=\"og:description\" content=\"Ser\u00e1 este pr\u00f3ximo lunes\" \/>\n<meta property=\"og:url\" content=\"https:\/\/radiolitoral.com\/ca\/2023\/03\/aitana-mes-vicepresidenta-de-la-generalitat-presentara-en-xalo-lavantprojecte-del-centre-de-dia\/\" \/>\n<meta property=\"og:site_name\" content=\"R\u00e0dio Litoral\" \/>\n<meta property=\"article:publisher\" content=\"https:\/\/www.facebook.com\/Laradiolitoral\/\" \/>\n<meta property=\"article:published_time\" content=\"2023-03-17T16:01:14+00:00\" \/>\n<meta property=\"article:modified_time\" content=\"2024-03-27T17:42:41+00:00\" \/>\n<meta property=\"og:image\" content=\"https:\/\/media.radiolitoral.com\/wp-content\/uploads\/2023\/03\/17165950\/CENTRE-DE-DIA-XALO-FOTO-980x735-1.jpeg\" \/>\n\t<meta property=\"og:image:width\" content=\"980\" \/>\n\t<meta property=\"og:image:height\" content=\"735\" \/>\n\t<meta property=\"og:image:type\" content=\"image\/jpeg\" \/>\n<meta name=\"author\" content=\"Redacci\u00f3n\" \/>\n<meta name=\"twitter:card\" content=\"summary_large_image\" \/>\n<meta name=\"twitter:label1\" content=\"Escrit per\" \/>\n\t<meta name=\"twitter:data1\" content=\"Redacci\u00f3n\" \/>\n\t<meta name=\"twitter:label2\" content=\"Temps estimat de lectura\" \/>\n\t<meta name=\"twitter:data2\" content=\"2 minuts\" \/>\n<script type=\"application\/ld+json\" class=\"yoast-schema-graph\">{\"@context\":\"https:\\\/\\\/schema.org\",\"@graph\":[{\"@type\":\"NewsArticle\",\"@id\":\"https:\\\/\\\/radiolitoral.com\\\/2023\\\/03\\\/aitana-mas-vicepresidenta-de-la-generalitat-presentara-en-xalo-el-anteproyecto-del-centro-de-dia\\\/#article\",\"isPartOf\":{\"@id\":\"https:\\\/\\\/radiolitoral.com\\\/2023\\\/03\\\/aitana-mas-vicepresidenta-de-la-generalitat-presentara-en-xalo-el-anteproyecto-del-centro-de-dia\\\/\"},\"author\":{\"name\":\"Redacci\u00f3n\",\"@id\":\"https:\\\/\\\/radiolitoral.com\\\/#\\\/schema\\\/person\\\/f2b2343c49b5d721857cc1002bfdb151\"},\"headline\":\"Aitana Mas, vicepresidenta de Generalitat, presentar\u00e1 en Xal\u00f3 el anteproyecto del Centro de D\u00eda\",\"datePublished\":\"2023-03-17T16:01:14+00:00\",\"dateModified\":\"2024-03-27T17:42:41+00:00\",\"mainEntityOfPage\":{\"@id\":\"https:\\\/\\\/radiolitoral.com\\\/2023\\\/03\\\/aitana-mas-vicepresidenta-de-la-generalitat-presentara-en-xalo-el-anteproyecto-del-centro-de-dia\\\/\"},\"wordCount\":273,\"commentCount\":0,\"publisher\":{\"@id\":\"https:\\\/\\\/radiolitoral.com\\\/#organization\"},\"image\":{\"@id\":\"https:\\\/\\\/radiolitoral.com\\\/2023\\\/03\\\/aitana-mas-vicepresidenta-de-la-generalitat-presentara-en-xalo-el-anteproyecto-del-centro-de-dia\\\/#primaryimage\"},\"thumbnailUrl\":\"https:\\\/\\\/media.radiolitoral.com\\\/wp-content\\\/uploads\\\/2023\\\/03\\\/17165950\\\/CENTRE-DE-DIA-XALO-FOTO-980x735-1.jpeg\",\"keywords\":[\"Aitana Mas\",\"Centro de D\u00eda\",\"Centro de D\u00eda Xal\u00f3\",\"Lara Avell\u00e0\",\"Pla Conviure\",\"Xal\u00f3\"],\"articleSection\":[\"Servicios P\u00fablicos\"],\"inLanguage\":\"ca\",\"potentialAction\":[{\"@type\":\"CommentAction\",\"name\":\"Comment\",\"target\":[\"https:\\\/\\\/radiolitoral.com\\\/2023\\\/03\\\/aitana-mas-vicepresidenta-de-la-generalitat-presentara-en-xalo-el-anteproyecto-del-centro-de-dia\\\/#respond\"]}]},{\"@type\":[\"WebPage\",\"ItemPage\"],\"@id\":\"https:\\\/\\\/radiolitoral.com\\\/2023\\\/03\\\/aitana-mas-vicepresidenta-de-la-generalitat-presentara-en-xalo-el-anteproyecto-del-centro-de-dia\\\/\",\"url\":\"https:\\\/\\\/radiolitoral.com\\\/2023\\\/03\\\/aitana-mas-vicepresidenta-de-la-generalitat-presentara-en-xalo-el-anteproyecto-del-centro-de-dia\\\/\",\"name\":\"Aitana Mas, vicepresidenta de Generalitat, presentar\u00e1 en Xal\u00f3 el anteproyecto del Centro de D\u00eda | R\u00e0dio Litoral\",\"isPartOf\":{\"@id\":\"https:\\\/\\\/radiolitoral.com\\\/#website\"},\"primaryImageOfPage\":{\"@id\":\"https:\\\/\\\/radiolitoral.com\\\/2023\\\/03\\\/aitana-mas-vicepresidenta-de-la-generalitat-presentara-en-xalo-el-anteproyecto-del-centro-de-dia\\\/#primaryimage\"},\"image\":{\"@id\":\"https:\\\/\\\/radiolitoral.com\\\/2023\\\/03\\\/aitana-mas-vicepresidenta-de-la-generalitat-presentara-en-xalo-el-anteproyecto-del-centro-de-dia\\\/#primaryimage\"},\"thumbnailUrl\":\"https:\\\/\\\/media.radiolitoral.com\\\/wp-content\\\/uploads\\\/2023\\\/03\\\/17165950\\\/CENTRE-DE-DIA-XALO-FOTO-980x735-1.jpeg\",\"datePublished\":\"2023-03-17T16:01:14+00:00\",\"dateModified\":\"2024-03-27T17:42:41+00:00\",\"description\":\"Ser\u00e1 este pr\u00f3ximo lunes\",\"breadcrumb\":{\"@id\":\"https:\\\/\\\/radiolitoral.com\\\/2023\\\/03\\\/aitana-mas-vicepresidenta-de-la-generalitat-presentara-en-xalo-el-anteproyecto-del-centro-de-dia\\\/#breadcrumb\"},\"inLanguage\":\"ca\",\"potentialAction\":[{\"@type\":\"ReadAction\",\"target\":[\"https:\\\/\\\/radiolitoral.com\\\/2023\\\/03\\\/aitana-mas-vicepresidenta-de-la-generalitat-presentara-en-xalo-el-anteproyecto-del-centro-de-dia\\\/\"]}]},{\"@type\":\"ImageObject\",\"inLanguage\":\"ca\",\"@id\":\"https:\\\/\\\/radiolitoral.com\\\/2023\\\/03\\\/aitana-mas-vicepresidenta-de-la-generalitat-presentara-en-xalo-el-anteproyecto-del-centro-de-dia\\\/#primaryimage\",\"url\":\"https:\\\/\\\/media.radiolitoral.com\\\/wp-content\\\/uploads\\\/2023\\\/03\\\/17165950\\\/CENTRE-DE-DIA-XALO-FOTO-980x735-1.jpeg\",\"contentUrl\":\"https:\\\/\\\/media.radiolitoral.com\\\/wp-content\\\/uploads\\\/2023\\\/03\\\/17165950\\\/CENTRE-DE-DIA-XALO-FOTO-980x735-1.jpeg\",\"width\":980,\"height\":735},{\"@type\":\"BreadcrumbList\",\"@id\":\"https:\\\/\\\/radiolitoral.com\\\/2023\\\/03\\\/aitana-mas-vicepresidenta-de-la-generalitat-presentara-en-xalo-el-anteproyecto-del-centro-de-dia\\\/#breadcrumb\",\"itemListElement\":[{\"@type\":\"ListItem\",\"position\":1,\"name\":\"Portada\",\"item\":\"https:\\\/\\\/radiolitoral.com\\\/\"},{\"@type\":\"ListItem\",\"position\":2,\"name\":\"Aitana Mas, vicepresidenta de Generalitat, presentar\u00e1 en Xal\u00f3 el anteproyecto del Centro de D\u00eda\"}]},{\"@type\":\"WebSite\",\"@id\":\"https:\\\/\\\/radiolitoral.com\\\/#website\",\"url\":\"https:\\\/\\\/radiolitoral.com\\\/\",\"name\":\"Radio Litoral\",\"description\":\"La radio local de la Marina Alta\",\"publisher\":{\"@id\":\"https:\\\/\\\/radiolitoral.com\\\/#organization\"},\"alternateName\":\"Litoral FM\",\"potentialAction\":[{\"@type\":\"SearchAction\",\"target\":{\"@type\":\"EntryPoint\",\"urlTemplate\":\"https:\\\/\\\/radiolitoral.com\\\/?s={search_term_string}\"},\"query-input\":{\"@type\":\"PropertyValueSpecification\",\"valueRequired\":true,\"valueName\":\"search_term_string\"}}],\"inLanguage\":\"ca\"},{\"@type\":\"Organization\",\"@id\":\"https:\\\/\\\/radiolitoral.com\\\/#organization\",\"name\":\"Radio Litoral\",\"url\":\"https:\\\/\\\/radiolitoral.com\\\/\",\"logo\":{\"@type\":\"ImageObject\",\"inLanguage\":\"ca\",\"@id\":\"https:\\\/\\\/radiolitoral.com\\\/#\\\/schema\\\/logo\\\/image\\\/\",\"url\":\"https:\\\/\\\/media.radiolitoral.com\\\/wp-content\\\/uploads\\\/2023\\\/02\\\/24143238\\\/CL-V-RadioLitoral696.png\",\"contentUrl\":\"https:\\\/\\\/media.radiolitoral.com\\\/wp-content\\\/uploads\\\/2023\\\/02\\\/24143238\\\/CL-V-RadioLitoral696.png\",\"width\":696,\"height\":696,\"caption\":\"Radio Litoral\"},\"image\":{\"@id\":\"https:\\\/\\\/radiolitoral.com\\\/#\\\/schema\\\/logo\\\/image\\\/\"},\"sameAs\":[\"https:\\\/\\\/www.facebook.com\\\/Laradiolitoral\\\/\"]},{\"@type\":\"Person\",\"@id\":\"https:\\\/\\\/radiolitoral.com\\\/#\\\/schema\\\/person\\\/f2b2343c49b5d721857cc1002bfdb151\",\"name\":\"Redacci\u00f3n\",\"image\":{\"@type\":\"ImageObject\",\"inLanguage\":\"ca\",\"@id\":\"https:\\\/\\\/secure.gravatar.com\\\/avatar\\\/f771d896c203ad8b3382d7905cfcce5a5c9b008b84b3cd9114e9b9f4cb63f789?s=96&d=mm&r=g\",\"url\":\"https:\\\/\\\/secure.gravatar.com\\\/avatar\\\/f771d896c203ad8b3382d7905cfcce5a5c9b008b84b3cd9114e9b9f4cb63f789?s=96&d=mm&r=g\",\"contentUrl\":\"https:\\\/\\\/secure.gravatar.com\\\/avatar\\\/f771d896c203ad8b3382d7905cfcce5a5c9b008b84b3cd9114e9b9f4cb63f789?s=96&d=mm&r=g\",\"caption\":\"Redacci\u00f3n\"},\"url\":\"https:\\\/\\\/radiolitoral.com\\\/ca\\\/author\\\/miriam-pagan\\\/\"}]}<\/script>\n<!-- \/ Yoast SEO plugin. -->","yoast_head_json":{"title":"Aitana Mas, vicepresidenta de Generalitat, presentar\u00e0 a Xal\u00f3 l&#039;avantprojecte del Centre de Dia | R\u00e0dio Litoral","description":"Ser\u00e0 aquest proper dilluns","robots":{"index":"index","follow":"follow","max-snippet":"max-snippet:-1","max-image-preview":"max-image-preview:large","max-video-preview":"max-video-preview:-1"},"canonical":"https:\/\/radiolitoral.com\/ca\/2023\/03\/aitana-mes-vicepresidenta-de-la-generalitat-presentara-en-xalo-lavantprojecte-del-centre-de-dia\/","og_locale":"ca_ES","og_type":"article","og_title":"Aitana Mas, vicepresidenta de Generalitat, presentar\u00e1 en Xal\u00f3 el anteproyecto del Centro de D\u00eda | R\u00e0dio Litoral","og_description":"Ser\u00e1 este pr\u00f3ximo lunes","og_url":"https:\/\/radiolitoral.com\/ca\/2023\/03\/aitana-mes-vicepresidenta-de-la-generalitat-presentara-en-xalo-lavantprojecte-del-centre-de-dia\/","og_site_name":"R\u00e0dio Litoral","article_publisher":"https:\/\/www.facebook.com\/Laradiolitoral\/","article_published_time":"2023-03-17T16:01:14+00:00","article_modified_time":"2024-03-27T17:42:41+00:00","og_image":[{"width":980,"height":735,"url":"https:\/\/media.radiolitoral.com\/wp-content\/uploads\/2023\/03\/17165950\/CENTRE-DE-DIA-XALO-FOTO-980x735-1.jpeg","type":"image\/jpeg"}],"author":"Redacci\u00f3n","twitter_card":"summary_large_image","twitter_misc":{"Escrit per":"Redacci\u00f3n","Temps estimat de lectura":"2 minuts"},"schema":{"@context":"https:\/\/schema.org","@graph":[{"@type":"NewsArticle","@id":"https:\/\/radiolitoral.com\/2023\/03\/aitana-mas-vicepresidenta-de-la-generalitat-presentara-en-xalo-el-anteproyecto-del-centro-de-dia\/#article","isPartOf":{"@id":"https:\/\/radiolitoral.com\/2023\/03\/aitana-mas-vicepresidenta-de-la-generalitat-presentara-en-xalo-el-anteproyecto-del-centro-de-dia\/"},"author":{"name":"Redacci\u00f3n","@id":"https:\/\/radiolitoral.com\/#\/schema\/person\/f2b2343c49b5d721857cc1002bfdb151"},"headline":"Aitana Mas, vicepresidenta de Generalitat, presentar\u00e1 en Xal\u00f3 el anteproyecto del Centro de D\u00eda","datePublished":"2023-03-17T16:01:14+00:00","dateModified":"2024-03-27T17:42:41+00:00","mainEntityOfPage":{"@id":"https:\/\/radiolitoral.com\/2023\/03\/aitana-mas-vicepresidenta-de-la-generalitat-presentara-en-xalo-el-anteproyecto-del-centro-de-dia\/"},"wordCount":273,"commentCount":0,"publisher":{"@id":"https:\/\/radiolitoral.com\/#organization"},"image":{"@id":"https:\/\/radiolitoral.com\/2023\/03\/aitana-mas-vicepresidenta-de-la-generalitat-presentara-en-xalo-el-anteproyecto-del-centro-de-dia\/#primaryimage"},"thumbnailUrl":"https:\/\/media.radiolitoral.com\/wp-content\/uploads\/2023\/03\/17165950\/CENTRE-DE-DIA-XALO-FOTO-980x735-1.jpeg","keywords":["Aitana Mas","Centro de D\u00eda","Centro de D\u00eda Xal\u00f3","Lara Avell\u00e0","Pla Conviure","Xal\u00f3"],"articleSection":["Servicios P\u00fablicos"],"inLanguage":"ca","potentialAction":[{"@type":"CommentAction","name":"Comment","target":["https:\/\/radiolitoral.com\/2023\/03\/aitana-mas-vicepresidenta-de-la-generalitat-presentara-en-xalo-el-anteproyecto-del-centro-de-dia\/#respond"]}]},{"@type":["WebPage","ItemPage"],"@id":"https:\/\/radiolitoral.com\/2023\/03\/aitana-mas-vicepresidenta-de-la-generalitat-presentara-en-xalo-el-anteproyecto-del-centro-de-dia\/","url":"https:\/\/radiolitoral.com\/2023\/03\/aitana-mas-vicepresidenta-de-la-generalitat-presentara-en-xalo-el-anteproyecto-del-centro-de-dia\/","name":"Aitana Mas, vicepresidenta de Generalitat, presentar\u00e0 a Xal\u00f3 l&#039;avantprojecte del Centre de Dia | R\u00e0dio Litoral","isPartOf":{"@id":"https:\/\/radiolitoral.com\/#website"},"primaryImageOfPage":{"@id":"https:\/\/radiolitoral.com\/2023\/03\/aitana-mas-vicepresidenta-de-la-generalitat-presentara-en-xalo-el-anteproyecto-del-centro-de-dia\/#primaryimage"},"image":{"@id":"https:\/\/radiolitoral.com\/2023\/03\/aitana-mas-vicepresidenta-de-la-generalitat-presentara-en-xalo-el-anteproyecto-del-centro-de-dia\/#primaryimage"},"thumbnailUrl":"https:\/\/media.radiolitoral.com\/wp-content\/uploads\/2023\/03\/17165950\/CENTRE-DE-DIA-XALO-FOTO-980x735-1.jpeg","datePublished":"2023-03-17T16:01:14+00:00","dateModified":"2024-03-27T17:42:41+00:00","description":"Ser\u00e0 aquest proper dilluns","breadcrumb":{"@id":"https:\/\/radiolitoral.com\/2023\/03\/aitana-mas-vicepresidenta-de-la-generalitat-presentara-en-xalo-el-anteproyecto-del-centro-de-dia\/#breadcrumb"},"inLanguage":"ca","potentialAction":[{"@type":"ReadAction","target":["https:\/\/radiolitoral.com\/2023\/03\/aitana-mas-vicepresidenta-de-la-generalitat-presentara-en-xalo-el-anteproyecto-del-centro-de-dia\/"]}]},{"@type":"ImageObject","inLanguage":"ca","@id":"https:\/\/radiolitoral.com\/2023\/03\/aitana-mas-vicepresidenta-de-la-generalitat-presentara-en-xalo-el-anteproyecto-del-centro-de-dia\/#primaryimage","url":"https:\/\/media.radiolitoral.com\/wp-content\/uploads\/2023\/03\/17165950\/CENTRE-DE-DIA-XALO-FOTO-980x735-1.jpeg","contentUrl":"https:\/\/media.radiolitoral.com\/wp-content\/uploads\/2023\/03\/17165950\/CENTRE-DE-DIA-XALO-FOTO-980x735-1.jpeg","width":980,"height":735},{"@type":"BreadcrumbList","@id":"https:\/\/radiolitoral.com\/2023\/03\/aitana-mas-vicepresidenta-de-la-generalitat-presentara-en-xalo-el-anteproyecto-del-centro-de-dia\/#breadcrumb","itemListElement":[{"@type":"ListItem","position":1,"name":"Portada","item":"https:\/\/radiolitoral.com\/"},{"@type":"ListItem","position":2,"name":"Aitana Mas, vicepresidenta de Generalitat, presentar\u00e1 en Xal\u00f3 el anteproyecto del Centro de D\u00eda"}]},{"@type":"WebSite","@id":"https:\/\/radiolitoral.com\/#website","url":"https:\/\/radiolitoral.com\/","name":"R\u00e0dio Litoral","description":"La r\u00e0dio local de la Marina Alta","publisher":{"@id":"https:\/\/radiolitoral.com\/#organization"},"alternateName":"Litoral FM","potentialAction":[{"@type":"SearchAction","target":{"@type":"EntryPoint","urlTemplate":"https:\/\/radiolitoral.com\/?s={search_term_string}"},"query-input":{"@type":"PropertyValueSpecification","valueRequired":true,"valueName":"search_term_string"}}],"inLanguage":"ca"},{"@type":"Organization","@id":"https:\/\/radiolitoral.com\/#organization","name":"R\u00e0dio Litoral","url":"https:\/\/radiolitoral.com\/","logo":{"@type":"ImageObject","inLanguage":"ca","@id":"https:\/\/radiolitoral.com\/#\/schema\/logo\/image\/","url":"https:\/\/media.radiolitoral.com\/wp-content\/uploads\/2023\/02\/24143238\/CL-V-RadioLitoral696.png","contentUrl":"https:\/\/media.radiolitoral.com\/wp-content\/uploads\/2023\/02\/24143238\/CL-V-RadioLitoral696.png","width":696,"height":696,"caption":"Radio Litoral"},"image":{"@id":"https:\/\/radiolitoral.com\/#\/schema\/logo\/image\/"},"sameAs":["https:\/\/www.facebook.com\/Laradiolitoral\/"]},{"@type":"Person","@id":"https:\/\/radiolitoral.com\/#\/schema\/person\/f2b2343c49b5d721857cc1002bfdb151","name":"Redacci\u00f3","image":{"@type":"ImageObject","inLanguage":"ca","@id":"https:\/\/secure.gravatar.com\/avatar\/f771d896c203ad8b3382d7905cfcce5a5c9b008b84b3cd9114e9b9f4cb63f789?s=96&d=mm&r=g","url":"https:\/\/secure.gravatar.com\/avatar\/f771d896c203ad8b3382d7905cfcce5a5c9b008b84b3cd9114e9b9f4cb63f789?s=96&d=mm&r=g","contentUrl":"https:\/\/secure.gravatar.com\/avatar\/f771d896c203ad8b3382d7905cfcce5a5c9b008b84b3cd9114e9b9f4cb63f789?s=96&d=mm&r=g","caption":"Redacci\u00f3n"},"url":"https:\/\/radiolitoral.com\/ca\/author\/miriam-pagan\/"}]}},"_links":{"self":[{"href":"https:\/\/radiolitoral.com\/ca\/wp-json\/wp\/v2\/posts\/1406","targetHints":{"allow":["GET"]}}],"collection":[{"href":"https:\/\/radiolitoral.com\/ca\/wp-json\/wp\/v2\/posts"}],"about":[{"href":"https:\/\/radiolitoral.com\/ca\/wp-json\/wp\/v2\/types\/post"}],"author":[{"embeddable":true,"href":"https:\/\/radiolitoral.com\/ca\/wp-json\/wp\/v2\/users\/13"}],"replies":[{"embeddable":true,"href":"https:\/\/radiolitoral.com\/ca\/wp-json\/wp\/v2\/comments?post=1406"}],"version-history":[{"count":3,"href":"https:\/\/radiolitoral.com\/ca\/wp-json\/wp\/v2\/posts\/1406\/revisions"}],"predecessor-version":[{"id":7901,"href":"https:\/\/radiolitoral.com\/ca\/wp-json\/wp\/v2\/posts\/1406\/revisions\/7901"}],"wp:featuredmedia":[{"embeddable":true,"href":"https:\/\/radiolitoral.com\/ca\/wp-json\/wp\/v2\/media\/1409"}],"wp:attachment":[{"href":"https:\/\/radiolitoral.com\/ca\/wp-json\/wp\/v2\/media?parent=1406"}],"wp:term":[{"taxonomy":"category","embeddable":true,"href":"https:\/\/radiolitoral.com\/ca\/wp-json\/wp\/v2\/categories?post=1406"},{"taxonomy":"post_tag","embeddable":true,"href":"https:\/\/radiolitoral.com\/ca\/wp-json\/wp\/v2\/tags?post=1406"}],"curies":[{"name":"wp","href":"https:\/\/api.w.org\/{rel}","templated":true}]}}