{"id":14021,"date":"2024-12-23T11:22:45","date_gmt":"2024-12-23T10:22:45","guid":{"rendered":"https:\/\/radiolitoral.com\/?p=14021"},"modified":"2024-12-23T11:30:30","modified_gmt":"2024-12-23T10:30:30","slug":"la-ud-calp-seguix-amb-la-seva-mala-ratxa","status":"publish","type":"post","link":"https:\/\/radiolitoral.com\/ca\/2024\/12\/la-ud-calpe-seguix-amb-la-seua-mala-ratxa\/","title":{"rendered":"La UD Calp segueix amb la seva mala ratxa"},"content":{"rendered":"<p>La <strong>UD Calp<\/strong> va tancar el 2024 amb una derrota per 1 a 0 al camp del <strong>Paterna CF<\/strong>, en un partit que no estar\u00e0 a l&#039;al\u00e7ada de les expectatives.<\/p>\n<p>Els calpins van comen\u00e7ar controlant b\u00e9 el joc, per\u00f2 van fallar a l&#039;hora de generar perill. A la segona part, <strong>Lincoln<\/strong> va marcar per als locals al minut 50, un gol que va ser suficient perqu\u00e8 els valencians s&#039;emportessin els tres punts.<\/p>\n<p>Tot i els intents d&#039;igualar la situaci\u00f3, els <strong>aproximacions a l&#039;\u00e0rea<\/strong> rival van ser m\u00ednims, amb <strong>Pau Segu\u00ed<\/strong> intentant per banda dreta sense \u00e8xit. A m\u00e9s, la <strong>va expulsar d&#039;El\u00edas<\/strong> per doble targeta groga va complicar encara m\u00e9s la situaci\u00f3 per als de <strong>Lauro Techeira<\/strong>, que acabaran el partit amb <strong>mala imatge<\/strong> ia <strong>d\u00e8cim lloc<\/strong> a la classificaci\u00f3.<\/p>\n<h4>Bon cap d&#039;any per al CD D\u00e9nia<\/h4>\n<p>El <strong>CD D\u00e9nia<\/strong> va tancar l&#039;any amb una vict\u00f2ria treballada a la <strong>UD Carcaixent<\/strong> per 0 a 1, en un partit molt serios dels de <strong>Juanjo Antol\u00ed<\/strong>. Els dianencs van saber controlar els temps del partit, amb una primera meitat on el marcador es va mantenir inalterat.<\/p>\n<p>Ja a la segona part, quan el partit semblava abocat a l&#039;empat, <strong>\u00c0ngel<\/strong> va aprofitar una oportunitat al minut 90 per marcar el gol de la vict\u00f2ria. Aquesta vict\u00f2ria permet als dianencs despedir l&#039;any al <strong>nov\u00e8 lloc de la classificaci\u00f3<\/strong>, amb una bona sensaci\u00f3 de cara a les vacances.<\/p>","protected":false},"excerpt":{"rendered":"<p>La UD Calpe va tancar el 2024 amb una derrota per 1 a 0 al camp del Paterna CF, en un partit que no va estar a l&#8217;altura de les expectatives. Els calpins van comen\u00e7ar controlant b\u00e9 el joc, per\u00f2 van fallar a l&#8217;hora de generar perill. A la segona part, Lincoln va marcar per [&#8230;]<\/p>\n<p><a class=\"btn btn-secondary understrap-read-more-link\" href=\"https:\/\/radiolitoral.com\/ca\/2024\/12\/la-ud-calpe-seguix-amb-la-seua-mala-ratxa\/\">Continua llegint&#8230;<span class=\"screen-reader-text\"> from La UD Calpe seguix amb la seua mala ratxa<\/span><\/a><\/p>\n","protected":false},"author":12,"featured_media":14023,"comment_status":"open","ping_status":"closed","sticky":false,"template":"","format":"standard","meta":{"_acf_changed":false,"inline_featured_image":false,"footnotes":""},"categories":[5],"tags":[893,6,895,892,1761,889,1623],"class_list":["post-14021","post","type-post","status-publish","format-standard","has-post-thumbnail","hentry","category-deportes","tag-cd-denia","tag-deportes","tag-juanjo-antoli","tag-lauro-techeira","tag-paterna-cf","tag-ud-calpe","tag-ud-carcaixent","cobertura-calp"],"acf":[],"yoast_head":"<!-- This site is optimized with the Yoast SEO plugin v27.5 - https:\/\/yoast.com\/product\/yoast-seo-wordpress\/ -->\n<title>La UD Calpe seguix amb la seua mala ratxa | R\u00e0dio Litoral<\/title>\n<meta name=\"description\" content=\"L&#039;equip dirigit per Lauro Techeira no va estar a la seua altura i va perdre per 1 a 0 davant el Paterna CF L&#039;equip dirigit per Lauro Techeira no va estar a la seua altura i va perdre per 1 a 0 davant el Paterna CF\" \/>\n<meta name=\"robots\" content=\"index, follow, max-snippet:-1, max-image-preview:large, max-video-preview:-1\" \/>\n<link rel=\"canonical\" href=\"https:\/\/radiolitoral.com\/ca\/2024\/12\/la-ud-calp-seguix-amb-la-seva-mala-ratxa\/\" \/>\n<meta property=\"og:locale\" content=\"ca_ES\" \/>\n<meta property=\"og:type\" content=\"article\" \/>\n<meta property=\"og:title\" content=\"La UD Calpe seguix amb la seua mala ratxa | R\u00e0dio Litoral\" \/>\n<meta property=\"og:description\" content=\"L&#039;equip dirigit per Lauro Techeira no va estar a la seua altura i va perdre per 1 a 0 davant el Paterna CF L&#039;equip dirigit per Lauro Techeira no va estar a la seua altura i va perdre per 1 a 0 davant el Paterna CF\" \/>\n<meta property=\"og:url\" content=\"https:\/\/radiolitoral.com\/ca\/2024\/12\/la-ud-calp-seguix-amb-la-seva-mala-ratxa\/\" \/>\n<meta property=\"og:site_name\" content=\"R\u00e0dio Litoral\" \/>\n<meta property=\"article:publisher\" content=\"https:\/\/www.facebook.com\/Laradiolitoral\/\" \/>\n<meta property=\"article:published_time\" content=\"2024-12-23T10:22:45+00:00\" \/>\n<meta property=\"article:modified_time\" content=\"2024-12-23T10:30:30+00:00\" \/>\n<meta property=\"og:image\" content=\"https:\/\/media.radiolitoral.com\/wp-content\/uploads\/2024\/12\/23112018\/DSC_0911-scaled.jpg\" \/>\n\t<meta property=\"og:image:width\" content=\"2560\" \/>\n\t<meta property=\"og:image:height\" content=\"1707\" \/>\n\t<meta property=\"og:image:type\" content=\"image\/jpeg\" \/>\n<meta name=\"author\" content=\"Javier Zamora\" \/>\n<meta name=\"twitter:card\" content=\"summary_large_image\" \/>\n<meta name=\"twitter:label1\" content=\"Escrit per\" \/>\n\t<meta name=\"twitter:data1\" content=\"Javier Zamora\" \/>\n\t<meta name=\"twitter:label2\" content=\"Temps estimat de lectura\" \/>\n\t<meta name=\"twitter:data2\" content=\"2 minuts\" \/>\n<script type=\"application\/ld+json\" class=\"yoast-schema-graph\">{\"@context\":\"https:\\\/\\\/schema.org\",\"@graph\":[{\"@type\":\"NewsArticle\",\"@id\":\"https:\\\/\\\/radiolitoral.com\\\/2024\\\/12\\\/la-ud-calpe-seguix-amb-la-seua-mala-ratxa\\\/#article\",\"isPartOf\":{\"@id\":\"https:\\\/\\\/radiolitoral.com\\\/2024\\\/12\\\/la-ud-calpe-seguix-amb-la-seua-mala-ratxa\\\/\"},\"author\":{\"name\":\"Javier Zamora\",\"@id\":\"https:\\\/\\\/radiolitoral.com\\\/#\\\/schema\\\/person\\\/7b1480b5caeb5acdd4ec6379caf62b22\"},\"headline\":\"La UD Calpe seguix amb la seua mala ratxa\",\"datePublished\":\"2024-12-23T10:22:45+00:00\",\"dateModified\":\"2024-12-23T10:30:30+00:00\",\"mainEntityOfPage\":{\"@id\":\"https:\\\/\\\/radiolitoral.com\\\/2024\\\/12\\\/la-ud-calpe-seguix-amb-la-seua-mala-ratxa\\\/\"},\"wordCount\":262,\"commentCount\":0,\"publisher\":{\"@id\":\"https:\\\/\\\/radiolitoral.com\\\/#organization\"},\"image\":{\"@id\":\"https:\\\/\\\/radiolitoral.com\\\/2024\\\/12\\\/la-ud-calpe-seguix-amb-la-seua-mala-ratxa\\\/#primaryimage\"},\"thumbnailUrl\":\"https:\\\/\\\/media.radiolitoral.com\\\/wp-content\\\/uploads\\\/2024\\\/12\\\/23112018\\\/DSC_0911-scaled.jpg\",\"keywords\":[\"CD D\u00e9nia\",\"deportes\",\"Juanjo Antol\u00ed.\",\"Lauro Techeira\",\"Paterna CF\",\"UD Calpe\",\"UD Carcaixent\"],\"articleSection\":[\"Deportes\"],\"inLanguage\":\"ca\",\"potentialAction\":[{\"@type\":\"CommentAction\",\"name\":\"Comment\",\"target\":[\"https:\\\/\\\/radiolitoral.com\\\/2024\\\/12\\\/la-ud-calpe-seguix-amb-la-seua-mala-ratxa\\\/#respond\"]}]},{\"@type\":[\"WebPage\",\"ItemPage\"],\"@id\":\"https:\\\/\\\/radiolitoral.com\\\/2024\\\/12\\\/la-ud-calpe-seguix-amb-la-seua-mala-ratxa\\\/\",\"url\":\"https:\\\/\\\/radiolitoral.com\\\/2024\\\/12\\\/la-ud-calpe-seguix-amb-la-seua-mala-ratxa\\\/\",\"name\":\"La UD Calpe seguix amb la seua mala ratxa | R\u00e0dio Litoral\",\"isPartOf\":{\"@id\":\"https:\\\/\\\/radiolitoral.com\\\/#website\"},\"primaryImageOfPage\":{\"@id\":\"https:\\\/\\\/radiolitoral.com\\\/2024\\\/12\\\/la-ud-calpe-seguix-amb-la-seua-mala-ratxa\\\/#primaryimage\"},\"image\":{\"@id\":\"https:\\\/\\\/radiolitoral.com\\\/2024\\\/12\\\/la-ud-calpe-seguix-amb-la-seua-mala-ratxa\\\/#primaryimage\"},\"thumbnailUrl\":\"https:\\\/\\\/media.radiolitoral.com\\\/wp-content\\\/uploads\\\/2024\\\/12\\\/23112018\\\/DSC_0911-scaled.jpg\",\"datePublished\":\"2024-12-23T10:22:45+00:00\",\"dateModified\":\"2024-12-23T10:30:30+00:00\",\"description\":\"L'equip dirigit per Lauro Techeira no va estar a la seua altura i va perdre per 1 a 0 davant el Paterna CF L'equip dirigit per Lauro Techeira no va estar a la seua altura i va perdre per 1 a 0 davant el Paterna CF\",\"breadcrumb\":{\"@id\":\"https:\\\/\\\/radiolitoral.com\\\/2024\\\/12\\\/la-ud-calpe-seguix-amb-la-seua-mala-ratxa\\\/#breadcrumb\"},\"inLanguage\":\"ca\",\"potentialAction\":[{\"@type\":\"ReadAction\",\"target\":[\"https:\\\/\\\/radiolitoral.com\\\/2024\\\/12\\\/la-ud-calpe-seguix-amb-la-seua-mala-ratxa\\\/\"]}]},{\"@type\":\"ImageObject\",\"inLanguage\":\"ca\",\"@id\":\"https:\\\/\\\/radiolitoral.com\\\/2024\\\/12\\\/la-ud-calpe-seguix-amb-la-seua-mala-ratxa\\\/#primaryimage\",\"url\":\"https:\\\/\\\/media.radiolitoral.com\\\/wp-content\\\/uploads\\\/2024\\\/12\\\/23112018\\\/DSC_0911-scaled.jpg\",\"contentUrl\":\"https:\\\/\\\/media.radiolitoral.com\\\/wp-content\\\/uploads\\\/2024\\\/12\\\/23112018\\\/DSC_0911-scaled.jpg\",\"width\":2560,\"height\":1707},{\"@type\":\"BreadcrumbList\",\"@id\":\"https:\\\/\\\/radiolitoral.com\\\/2024\\\/12\\\/la-ud-calpe-seguix-amb-la-seua-mala-ratxa\\\/#breadcrumb\",\"itemListElement\":[{\"@type\":\"ListItem\",\"position\":1,\"name\":\"Portada\",\"item\":\"https:\\\/\\\/radiolitoral.com\\\/\"},{\"@type\":\"ListItem\",\"position\":2,\"name\":\"La UD Calpe seguix amb la seua mala ratxa\"}]},{\"@type\":\"WebSite\",\"@id\":\"https:\\\/\\\/radiolitoral.com\\\/#website\",\"url\":\"https:\\\/\\\/radiolitoral.com\\\/\",\"name\":\"Radio Litoral\",\"description\":\"La radio local de la Marina Alta\",\"publisher\":{\"@id\":\"https:\\\/\\\/radiolitoral.com\\\/#organization\"},\"alternateName\":\"Litoral FM\",\"potentialAction\":[{\"@type\":\"SearchAction\",\"target\":{\"@type\":\"EntryPoint\",\"urlTemplate\":\"https:\\\/\\\/radiolitoral.com\\\/?s={search_term_string}\"},\"query-input\":{\"@type\":\"PropertyValueSpecification\",\"valueRequired\":true,\"valueName\":\"search_term_string\"}}],\"inLanguage\":\"ca\"},{\"@type\":\"Organization\",\"@id\":\"https:\\\/\\\/radiolitoral.com\\\/#organization\",\"name\":\"Radio Litoral\",\"url\":\"https:\\\/\\\/radiolitoral.com\\\/\",\"logo\":{\"@type\":\"ImageObject\",\"inLanguage\":\"ca\",\"@id\":\"https:\\\/\\\/radiolitoral.com\\\/#\\\/schema\\\/logo\\\/image\\\/\",\"url\":\"https:\\\/\\\/media.radiolitoral.com\\\/wp-content\\\/uploads\\\/2023\\\/02\\\/24143238\\\/CL-V-RadioLitoral696.png\",\"contentUrl\":\"https:\\\/\\\/media.radiolitoral.com\\\/wp-content\\\/uploads\\\/2023\\\/02\\\/24143238\\\/CL-V-RadioLitoral696.png\",\"width\":696,\"height\":696,\"caption\":\"Radio Litoral\"},\"image\":{\"@id\":\"https:\\\/\\\/radiolitoral.com\\\/#\\\/schema\\\/logo\\\/image\\\/\"},\"sameAs\":[\"https:\\\/\\\/www.facebook.com\\\/Laradiolitoral\\\/\"]},{\"@type\":\"Person\",\"@id\":\"https:\\\/\\\/radiolitoral.com\\\/#\\\/schema\\\/person\\\/7b1480b5caeb5acdd4ec6379caf62b22\",\"name\":\"Javier Zamora\",\"image\":{\"@type\":\"ImageObject\",\"inLanguage\":\"ca\",\"@id\":\"https:\\\/\\\/secure.gravatar.com\\\/avatar\\\/467a11f6918c7d619c4043fc6fa2d3853053107973f05b6e9c04ea6c4e3a7b3f?s=96&d=mm&r=g\",\"url\":\"https:\\\/\\\/secure.gravatar.com\\\/avatar\\\/467a11f6918c7d619c4043fc6fa2d3853053107973f05b6e9c04ea6c4e3a7b3f?s=96&d=mm&r=g\",\"contentUrl\":\"https:\\\/\\\/secure.gravatar.com\\\/avatar\\\/467a11f6918c7d619c4043fc6fa2d3853053107973f05b6e9c04ea6c4e3a7b3f?s=96&d=mm&r=g\",\"caption\":\"Javier Zamora\"},\"url\":\"https:\\\/\\\/radiolitoral.com\\\/ca\\\/author\\\/javier-zamora\\\/\"}]}<\/script>\n<!-- \/ Yoast SEO plugin. -->","yoast_head_json":{"title":"La UD Calp segueix amb la seva mala ratxa | R\u00e0dio Litoral","description":"L&#039;equip dirigit per Lauro Techeira no va estar a la seva altura i va perdre per 1 a 0 davant el Paterna CF L&#039;equip dirigit per Lauro Techeira no va estar a la seva altura i va perdre per 1 a 0 davant el Paterna CF","robots":{"index":"index","follow":"follow","max-snippet":"max-snippet:-1","max-image-preview":"max-image-preview:large","max-video-preview":"max-video-preview:-1"},"canonical":"https:\/\/radiolitoral.com\/ca\/2024\/12\/la-ud-calp-seguix-amb-la-seva-mala-ratxa\/","og_locale":"ca_ES","og_type":"article","og_title":"La UD Calpe seguix amb la seua mala ratxa | R\u00e0dio Litoral","og_description":"L'equip dirigit per Lauro Techeira no va estar a la seua altura i va perdre per 1 a 0 davant el Paterna CF L'equip dirigit per Lauro Techeira no va estar a la seua altura i va perdre per 1 a 0 davant el Paterna CF","og_url":"https:\/\/radiolitoral.com\/ca\/2024\/12\/la-ud-calp-seguix-amb-la-seva-mala-ratxa\/","og_site_name":"R\u00e0dio Litoral","article_publisher":"https:\/\/www.facebook.com\/Laradiolitoral\/","article_published_time":"2024-12-23T10:22:45+00:00","article_modified_time":"2024-12-23T10:30:30+00:00","og_image":[{"width":2560,"height":1707,"url":"https:\/\/media.radiolitoral.com\/wp-content\/uploads\/2024\/12\/23112018\/DSC_0911-scaled.jpg","type":"image\/jpeg"}],"author":"Javier Zamora","twitter_card":"summary_large_image","twitter_misc":{"Escrit per":"Javier Zamora","Temps estimat de lectura":"2 minuts"},"schema":{"@context":"https:\/\/schema.org","@graph":[{"@type":"NewsArticle","@id":"https:\/\/radiolitoral.com\/2024\/12\/la-ud-calpe-seguix-amb-la-seua-mala-ratxa\/#article","isPartOf":{"@id":"https:\/\/radiolitoral.com\/2024\/12\/la-ud-calpe-seguix-amb-la-seua-mala-ratxa\/"},"author":{"name":"Javier Zamora","@id":"https:\/\/radiolitoral.com\/#\/schema\/person\/7b1480b5caeb5acdd4ec6379caf62b22"},"headline":"La UD Calpe seguix amb la seua mala ratxa","datePublished":"2024-12-23T10:22:45+00:00","dateModified":"2024-12-23T10:30:30+00:00","mainEntityOfPage":{"@id":"https:\/\/radiolitoral.com\/2024\/12\/la-ud-calpe-seguix-amb-la-seua-mala-ratxa\/"},"wordCount":262,"commentCount":0,"publisher":{"@id":"https:\/\/radiolitoral.com\/#organization"},"image":{"@id":"https:\/\/radiolitoral.com\/2024\/12\/la-ud-calpe-seguix-amb-la-seua-mala-ratxa\/#primaryimage"},"thumbnailUrl":"https:\/\/media.radiolitoral.com\/wp-content\/uploads\/2024\/12\/23112018\/DSC_0911-scaled.jpg","keywords":["CD D\u00e9nia","deportes","Juanjo Antol\u00ed.","Lauro Techeira","Paterna CF","UD Calpe","UD Carcaixent"],"articleSection":["Deportes"],"inLanguage":"ca","potentialAction":[{"@type":"CommentAction","name":"Comment","target":["https:\/\/radiolitoral.com\/2024\/12\/la-ud-calpe-seguix-amb-la-seua-mala-ratxa\/#respond"]}]},{"@type":["WebPage","ItemPage"],"@id":"https:\/\/radiolitoral.com\/2024\/12\/la-ud-calpe-seguix-amb-la-seua-mala-ratxa\/","url":"https:\/\/radiolitoral.com\/2024\/12\/la-ud-calpe-seguix-amb-la-seua-mala-ratxa\/","name":"La UD Calp segueix amb la seva mala ratxa | R\u00e0dio Litoral","isPartOf":{"@id":"https:\/\/radiolitoral.com\/#website"},"primaryImageOfPage":{"@id":"https:\/\/radiolitoral.com\/2024\/12\/la-ud-calpe-seguix-amb-la-seua-mala-ratxa\/#primaryimage"},"image":{"@id":"https:\/\/radiolitoral.com\/2024\/12\/la-ud-calpe-seguix-amb-la-seua-mala-ratxa\/#primaryimage"},"thumbnailUrl":"https:\/\/media.radiolitoral.com\/wp-content\/uploads\/2024\/12\/23112018\/DSC_0911-scaled.jpg","datePublished":"2024-12-23T10:22:45+00:00","dateModified":"2024-12-23T10:30:30+00:00","description":"L&#039;equip dirigit per Lauro Techeira no va estar a la seva altura i va perdre per 1 a 0 davant el Paterna CF L&#039;equip dirigit per Lauro Techeira no va estar a la seva altura i va perdre per 1 a 0 davant el Paterna CF","breadcrumb":{"@id":"https:\/\/radiolitoral.com\/2024\/12\/la-ud-calpe-seguix-amb-la-seua-mala-ratxa\/#breadcrumb"},"inLanguage":"ca","potentialAction":[{"@type":"ReadAction","target":["https:\/\/radiolitoral.com\/2024\/12\/la-ud-calpe-seguix-amb-la-seua-mala-ratxa\/"]}]},{"@type":"ImageObject","inLanguage":"ca","@id":"https:\/\/radiolitoral.com\/2024\/12\/la-ud-calpe-seguix-amb-la-seua-mala-ratxa\/#primaryimage","url":"https:\/\/media.radiolitoral.com\/wp-content\/uploads\/2024\/12\/23112018\/DSC_0911-scaled.jpg","contentUrl":"https:\/\/media.radiolitoral.com\/wp-content\/uploads\/2024\/12\/23112018\/DSC_0911-scaled.jpg","width":2560,"height":1707},{"@type":"BreadcrumbList","@id":"https:\/\/radiolitoral.com\/2024\/12\/la-ud-calpe-seguix-amb-la-seua-mala-ratxa\/#breadcrumb","itemListElement":[{"@type":"ListItem","position":1,"name":"Portada","item":"https:\/\/radiolitoral.com\/"},{"@type":"ListItem","position":2,"name":"La UD Calpe seguix amb la seua mala ratxa"}]},{"@type":"WebSite","@id":"https:\/\/radiolitoral.com\/#website","url":"https:\/\/radiolitoral.com\/","name":"R\u00e0dio Litoral","description":"La r\u00e0dio local de la Marina Alta","publisher":{"@id":"https:\/\/radiolitoral.com\/#organization"},"alternateName":"Litoral FM","potentialAction":[{"@type":"SearchAction","target":{"@type":"EntryPoint","urlTemplate":"https:\/\/radiolitoral.com\/?s={search_term_string}"},"query-input":{"@type":"PropertyValueSpecification","valueRequired":true,"valueName":"search_term_string"}}],"inLanguage":"ca"},{"@type":"Organization","@id":"https:\/\/radiolitoral.com\/#organization","name":"R\u00e0dio Litoral","url":"https:\/\/radiolitoral.com\/","logo":{"@type":"ImageObject","inLanguage":"ca","@id":"https:\/\/radiolitoral.com\/#\/schema\/logo\/image\/","url":"https:\/\/media.radiolitoral.com\/wp-content\/uploads\/2023\/02\/24143238\/CL-V-RadioLitoral696.png","contentUrl":"https:\/\/media.radiolitoral.com\/wp-content\/uploads\/2023\/02\/24143238\/CL-V-RadioLitoral696.png","width":696,"height":696,"caption":"Radio Litoral"},"image":{"@id":"https:\/\/radiolitoral.com\/#\/schema\/logo\/image\/"},"sameAs":["https:\/\/www.facebook.com\/Laradiolitoral\/"]},{"@type":"Person","@id":"https:\/\/radiolitoral.com\/#\/schema\/person\/7b1480b5caeb5acdd4ec6379caf62b22","name":"Javier Zamora","image":{"@type":"ImageObject","inLanguage":"ca","@id":"https:\/\/secure.gravatar.com\/avatar\/467a11f6918c7d619c4043fc6fa2d3853053107973f05b6e9c04ea6c4e3a7b3f?s=96&d=mm&r=g","url":"https:\/\/secure.gravatar.com\/avatar\/467a11f6918c7d619c4043fc6fa2d3853053107973f05b6e9c04ea6c4e3a7b3f?s=96&d=mm&r=g","contentUrl":"https:\/\/secure.gravatar.com\/avatar\/467a11f6918c7d619c4043fc6fa2d3853053107973f05b6e9c04ea6c4e3a7b3f?s=96&d=mm&r=g","caption":"Javier Zamora"},"url":"https:\/\/radiolitoral.com\/ca\/author\/javier-zamora\/"}]}},"_links":{"self":[{"href":"https:\/\/radiolitoral.com\/ca\/wp-json\/wp\/v2\/posts\/14021","targetHints":{"allow":["GET"]}}],"collection":[{"href":"https:\/\/radiolitoral.com\/ca\/wp-json\/wp\/v2\/posts"}],"about":[{"href":"https:\/\/radiolitoral.com\/ca\/wp-json\/wp\/v2\/types\/post"}],"author":[{"embeddable":true,"href":"https:\/\/radiolitoral.com\/ca\/wp-json\/wp\/v2\/users\/12"}],"replies":[{"embeddable":true,"href":"https:\/\/radiolitoral.com\/ca\/wp-json\/wp\/v2\/comments?post=14021"}],"version-history":[{"count":2,"href":"https:\/\/radiolitoral.com\/ca\/wp-json\/wp\/v2\/posts\/14021\/revisions"}],"predecessor-version":[{"id":14029,"href":"https:\/\/radiolitoral.com\/ca\/wp-json\/wp\/v2\/posts\/14021\/revisions\/14029"}],"wp:featuredmedia":[{"embeddable":true,"href":"https:\/\/radiolitoral.com\/ca\/wp-json\/wp\/v2\/media\/14023"}],"wp:attachment":[{"href":"https:\/\/radiolitoral.com\/ca\/wp-json\/wp\/v2\/media?parent=14021"}],"wp:term":[{"taxonomy":"category","embeddable":true,"href":"https:\/\/radiolitoral.com\/ca\/wp-json\/wp\/v2\/categories?post=14021"},{"taxonomy":"post_tag","embeddable":true,"href":"https:\/\/radiolitoral.com\/ca\/wp-json\/wp\/v2\/tags?post=14021"}],"curies":[{"name":"wp","href":"https:\/\/api.w.org\/{rel}","templated":true}]}}