{"id":13955,"date":"2024-12-19T17:20:41","date_gmt":"2024-12-19T16:20:41","guid":{"rendered":"https:\/\/radiolitoral.com\/?p=13955"},"modified":"2024-12-19T17:27:07","modified_gmt":"2024-12-19T16:27:07","slug":"el-poble-nou-de-benitatxell-certifica-la-seva-qualitat-turistica-amb-la-q","status":"publish","type":"post","link":"https:\/\/radiolitoral.com\/ca\/2024\/12\/el-poble-nou-de-benitatxell-certifica-la-seua-qualitat-turistica-amb-la-q\/","title":{"rendered":"El Poble Nou de Benitatxell certifica la seva qualitat tur\u00edstica amb la &#039;Q&#039;"},"content":{"rendered":"<p>Benitatxell ha assolit un gran \u00e8xit amb l&#039;obtenci\u00f3 del distintiu <strong>&#039;Q&#039; de qualitat tur\u00edstica<\/strong>, atorgat per l&#039;Institut per a la Qualitat Tur\u00edstica Espanyola (<strong>ICTE<\/strong>). Aquest reconeixement posa en valor l&#039;esfor\u00e7 realitzat en els darrers anys per millorar l&#039;experi\u00e8ncia dels visitants i posicionar-se com a referent al sector.<\/p>\n<p>El regidor de Turisme, <strong>V\u00edctor Bisquert<\/strong>, i la t\u00e8cnica de l&#039;\u00e0rea, <strong>Vanesa G\u00f3mez<\/strong>, van rebre la certificaci\u00f3, que tamb\u00e9 representa un pas clau per a la consecuci\u00f3 del t\u00edtol de <strong>Municipi Tur\u00edstic<\/strong>.<\/p>\n<h3><strong>Una aposta per la innovaci\u00f3 i l&#039;excel\u00b7l\u00e8ncia<\/strong><\/h3>\n<p>Entre els m\u00e8rits que han portat Benitatxell a aconseguir aquesta fita destaquin la qualitat a l&#039;atenci\u00f3 al visitant, la promoci\u00f3 del patrimoni natural i cultural a trav\u00e9s de campanyes com &#039;<strong>Turisme per respirar<\/strong>&#039;, l&#039;\u00fas de noves tecnologies amb punts d&#039;informaci\u00f3 digitals i el disseny d&#039;una p\u00e0gina web \u00fatil i accessible per a turistes.<\/p>\n<figure id=\"attachment_13959\" aria-describedby=\"caption-attachment-13959\" style=\"width: 640px\" class=\"wp-caption aligncenter\"><a href=\"https:\/\/media.radiolitoral.com\/wp-content\/uploads\/2024\/12\/19172513\/IMG_5693-1-scaled.jpg\"><img loading=\"lazy\" decoding=\"async\" class=\"wp-image-13959 size-large\" src=\"https:\/\/media.radiolitoral.com\/wp-content\/uploads\/2024\/12\/19172513\/IMG_5693-1-1024x683.jpg\" alt=\"\" width=\"640\" height=\"427\" srcset=\"https:\/\/media.radiolitoral.com\/wp-content\/uploads\/2024\/12\/19172513\/IMG_5693-1-1024x683.jpg 1024w, https:\/\/media.radiolitoral.com\/wp-content\/uploads\/2024\/12\/19172513\/IMG_5693-1-300x200.jpg 300w, https:\/\/media.radiolitoral.com\/wp-content\/uploads\/2024\/12\/19172513\/IMG_5693-1-768x512.jpg 768w, https:\/\/media.radiolitoral.com\/wp-content\/uploads\/2024\/12\/19172513\/IMG_5693-1-1536x1024.jpg 1536w, https:\/\/media.radiolitoral.com\/wp-content\/uploads\/2024\/12\/19172513\/IMG_5693-1-2048x1365.jpg 2048w, https:\/\/media.radiolitoral.com\/wp-content\/uploads\/2024\/12\/19172513\/IMG_5693-1-18x12.jpg 18w, https:\/\/media.radiolitoral.com\/wp-content\/uploads\/2024\/12\/19172513\/IMG_5693-1-1000x667.jpg 1000w, https:\/\/media.radiolitoral.com\/wp-content\/uploads\/2024\/12\/19172513\/IMG_5693-1-100x67.jpg 100w, https:\/\/media.radiolitoral.com\/wp-content\/uploads\/2024\/12\/19172513\/IMG_5693-1-200x133.jpg 200w\" sizes=\"auto, (max-width: 640px) 100vw, 640px\" \/><\/a><figcaption id=\"caption-attachment-13959\" class=\"wp-caption-text\">El regidor de Turisme, V\u00edctor Bisquert, i la t\u00e8cnica de l&#039;\u00e0rea, Vanesa G\u00f3mez | Aj. Benitatxell<\/figcaption><\/figure>\n<p>A m\u00e9s, els resultats favorables en encuestas realitzades entre ciutadans i visitants han demostrat l&#039;impacte positiu de totes aquestes iniciatives, consolidant la imatge de Benitatxell com a destinaci\u00f3 de qualitat.<\/p>\n<h3><strong>Cap a un futur sostenible<\/strong><\/h3>\n<p>El regidor V\u00edctor Bisquert va destacar que \u201caquest reconeixement \u00e9s el fruit d&#039;anys de treball intens en el desenvolupament de projectes estrat\u00e8gics com el <strong>Pla de Sostenibilitat Tur\u00edstica<\/strong> i el distintiu de <strong>Destinaci\u00f3 Tur\u00edstica Intel\u00b7ligent<\/strong>, que reflecteixen el nostre comprom\u00eds amb el territori, la nostra gent i les nostres tradicions\u201d. Aquest model de desenvolupament cerca garantir que el creixement tur\u00edstic segueixi compatible amb la protecci\u00f3 del medi ambient i els valors locals.<\/p>\n<p>La <strong>&#039;Q&#039; de qualitat tur\u00edstica<\/strong>, avalada pel Ministeri d&#039;Ind\u00fastria, Energia i Turisme, no \u00e9s nom\u00e9s un s\u00edmbol de confian\u00e7a per als visitants, sin\u00f3 tamb\u00e9 un referent de professionalitat al sector. Amb aquest distintiu, Benitatxell s&#039;afian\u00e7a com una destinaci\u00f3 que aposta per la qualitat, la innovaci\u00f3 i la sostenibilitat, refor\u00e7ant el seu paper com a model al turisme valenci\u00e0 i espanyol.<\/p>","protected":false},"excerpt":{"rendered":"<p>Benitatxell ha assolit un gran \u00e8xit amb l\u2019obtenci\u00f3 del distintiu \u2018Q\u2019 de qualitat tur\u00edstica, atorgat per l\u2019Institut per a la Qualitat Tur\u00edstica Espanyola (ICTE). Este reconeixement posa en valor l&#8217;esfor\u00e7 realitzat en els \u00faltims anys per millorar l\u2019experi\u00e8ncia dels visitants i posicionar-se com a referent en el sector. El regidor de Turisme, V\u00edctor Bisquert, i [&#8230;]<\/p>\n<p><a class=\"btn btn-secondary understrap-read-more-link\" href=\"https:\/\/radiolitoral.com\/ca\/2024\/12\/el-poble-nou-de-benitatxell-certifica-la-seua-qualitat-turistica-amb-la-q\/\">Continua llegint&#8230;<span class=\"screen-reader-text\"> from El Poble Nou de Benitatxell certifica la seua qualitat tur\u00edstica amb la \u2018Q\u2019<\/span><\/a><\/p>\n","protected":false},"author":14,"featured_media":6143,"comment_status":"open","ping_status":"closed","sticky":false,"template":"","format":"standard","meta":{"_acf_changed":false,"inline_featured_image":false,"footnotes":""},"categories":[144],"tags":[184,3077,163,3078],"class_list":["post-13955","post","type-post","status-publish","format-standard","has-post-thumbnail","hentry","category-turismo","tag-benitatxell","tag-reconocimiento-turismo","tag-turismo","tag-turismo-benitatxell","cobertura-poble-nou-de-benitatxell"],"acf":[],"yoast_head":"<!-- This site is optimized with the Yoast SEO plugin v27.5 - https:\/\/yoast.com\/product\/yoast-seo-wordpress\/ -->\n<title>El Poble Nou de Benitatxell certifica la seua qualitat tur\u00edstica amb la \u2018Q\u2019 | R\u00e0dio Litoral<\/title>\n<meta name=\"description\" content=\"Un reconeixement que avala l\u2019excel\u00b7l\u00e8ncia i la innovaci\u00f3 en l\u2019atenci\u00f3 al visitant\" \/>\n<meta name=\"robots\" content=\"index, follow, max-snippet:-1, max-image-preview:large, max-video-preview:-1\" \/>\n<link rel=\"canonical\" href=\"https:\/\/radiolitoral.com\/ca\/2024\/12\/el-poble-nou-de-benitatxell-certifica-la-seva-qualitat-turistica-amb-la-q\/\" \/>\n<meta property=\"og:locale\" content=\"ca_ES\" \/>\n<meta property=\"og:type\" content=\"article\" \/>\n<meta property=\"og:title\" content=\"El Poble Nou de Benitatxell certifica la seua qualitat tur\u00edstica amb la \u2018Q\u2019 | R\u00e0dio Litoral\" \/>\n<meta property=\"og:description\" content=\"Un reconeixement que avala l\u2019excel\u00b7l\u00e8ncia i la innovaci\u00f3 en l\u2019atenci\u00f3 al visitant\" \/>\n<meta property=\"og:url\" content=\"https:\/\/radiolitoral.com\/ca\/2024\/12\/el-poble-nou-de-benitatxell-certifica-la-seva-qualitat-turistica-amb-la-q\/\" \/>\n<meta property=\"og:site_name\" content=\"R\u00e0dio Litoral\" \/>\n<meta property=\"article:publisher\" content=\"https:\/\/www.facebook.com\/Laradiolitoral\/\" \/>\n<meta property=\"article:published_time\" content=\"2024-12-19T16:20:41+00:00\" \/>\n<meta property=\"article:modified_time\" content=\"2024-12-19T16:27:07+00:00\" \/>\n<meta property=\"og:image\" content=\"https:\/\/media.radiolitoral.com\/wp-content\/uploads\/2023\/12\/22115832\/Benitatxell-de-Navidad--scaled-e1734625155691.jpg\" \/>\n\t<meta property=\"og:image:width\" content=\"2116\" \/>\n\t<meta property=\"og:image:height\" content=\"1440\" \/>\n\t<meta property=\"og:image:type\" content=\"image\/jpeg\" \/>\n<meta name=\"author\" content=\"Redacci\u00f3n\" \/>\n<meta name=\"twitter:card\" content=\"summary_large_image\" \/>\n<meta name=\"twitter:label1\" content=\"Escrit per\" \/>\n\t<meta name=\"twitter:data1\" content=\"Redacci\u00f3n\" \/>\n\t<meta name=\"twitter:label2\" content=\"Temps estimat de lectura\" \/>\n\t<meta name=\"twitter:data2\" content=\"2 minuts\" \/>\n<script type=\"application\/ld+json\" class=\"yoast-schema-graph\">{\"@context\":\"https:\\\/\\\/schema.org\",\"@graph\":[{\"@type\":\"NewsArticle\",\"@id\":\"https:\\\/\\\/radiolitoral.com\\\/2024\\\/12\\\/el-poble-nou-de-benitatxell-certifica-la-seua-qualitat-turistica-amb-la-q\\\/#article\",\"isPartOf\":{\"@id\":\"https:\\\/\\\/radiolitoral.com\\\/2024\\\/12\\\/el-poble-nou-de-benitatxell-certifica-la-seua-qualitat-turistica-amb-la-q\\\/\"},\"author\":{\"name\":\"Redacci\u00f3n\",\"@id\":\"https:\\\/\\\/radiolitoral.com\\\/#\\\/schema\\\/person\\\/96b739642eb3bedb532aac3812d23307\"},\"headline\":\"El Poble Nou de Benitatxell certifica la seua qualitat tur\u00edstica amb la \u2018Q\u2019\",\"datePublished\":\"2024-12-19T16:20:41+00:00\",\"dateModified\":\"2024-12-19T16:27:07+00:00\",\"mainEntityOfPage\":{\"@id\":\"https:\\\/\\\/radiolitoral.com\\\/2024\\\/12\\\/el-poble-nou-de-benitatxell-certifica-la-seua-qualitat-turistica-amb-la-q\\\/\"},\"wordCount\":392,\"commentCount\":0,\"publisher\":{\"@id\":\"https:\\\/\\\/radiolitoral.com\\\/#organization\"},\"image\":{\"@id\":\"https:\\\/\\\/radiolitoral.com\\\/2024\\\/12\\\/el-poble-nou-de-benitatxell-certifica-la-seua-qualitat-turistica-amb-la-q\\\/#primaryimage\"},\"thumbnailUrl\":\"https:\\\/\\\/media.radiolitoral.com\\\/wp-content\\\/uploads\\\/2023\\\/12\\\/22115832\\\/Benitatxell-de-Navidad--scaled-e1734625155691.jpg\",\"keywords\":[\"Benitatxell\",\"reconocimiento turismo\",\"turismo\",\"turismo Benitatxell\"],\"articleSection\":[\"Turismo\"],\"inLanguage\":\"ca\",\"potentialAction\":[{\"@type\":\"CommentAction\",\"name\":\"Comment\",\"target\":[\"https:\\\/\\\/radiolitoral.com\\\/2024\\\/12\\\/el-poble-nou-de-benitatxell-certifica-la-seua-qualitat-turistica-amb-la-q\\\/#respond\"]}]},{\"@type\":[\"WebPage\",\"ItemPage\"],\"@id\":\"https:\\\/\\\/radiolitoral.com\\\/2024\\\/12\\\/el-poble-nou-de-benitatxell-certifica-la-seua-qualitat-turistica-amb-la-q\\\/\",\"url\":\"https:\\\/\\\/radiolitoral.com\\\/2024\\\/12\\\/el-poble-nou-de-benitatxell-certifica-la-seua-qualitat-turistica-amb-la-q\\\/\",\"name\":\"El Poble Nou de Benitatxell certifica la seua qualitat tur\u00edstica amb la \u2018Q\u2019 | R\u00e0dio Litoral\",\"isPartOf\":{\"@id\":\"https:\\\/\\\/radiolitoral.com\\\/#website\"},\"primaryImageOfPage\":{\"@id\":\"https:\\\/\\\/radiolitoral.com\\\/2024\\\/12\\\/el-poble-nou-de-benitatxell-certifica-la-seua-qualitat-turistica-amb-la-q\\\/#primaryimage\"},\"image\":{\"@id\":\"https:\\\/\\\/radiolitoral.com\\\/2024\\\/12\\\/el-poble-nou-de-benitatxell-certifica-la-seua-qualitat-turistica-amb-la-q\\\/#primaryimage\"},\"thumbnailUrl\":\"https:\\\/\\\/media.radiolitoral.com\\\/wp-content\\\/uploads\\\/2023\\\/12\\\/22115832\\\/Benitatxell-de-Navidad--scaled-e1734625155691.jpg\",\"datePublished\":\"2024-12-19T16:20:41+00:00\",\"dateModified\":\"2024-12-19T16:27:07+00:00\",\"description\":\"Un reconeixement que avala l\u2019excel\u00b7l\u00e8ncia i la innovaci\u00f3 en l\u2019atenci\u00f3 al visitant\",\"breadcrumb\":{\"@id\":\"https:\\\/\\\/radiolitoral.com\\\/2024\\\/12\\\/el-poble-nou-de-benitatxell-certifica-la-seua-qualitat-turistica-amb-la-q\\\/#breadcrumb\"},\"inLanguage\":\"ca\",\"potentialAction\":[{\"@type\":\"ReadAction\",\"target\":[\"https:\\\/\\\/radiolitoral.com\\\/2024\\\/12\\\/el-poble-nou-de-benitatxell-certifica-la-seua-qualitat-turistica-amb-la-q\\\/\"]}]},{\"@type\":\"ImageObject\",\"inLanguage\":\"ca\",\"@id\":\"https:\\\/\\\/radiolitoral.com\\\/2024\\\/12\\\/el-poble-nou-de-benitatxell-certifica-la-seua-qualitat-turistica-amb-la-q\\\/#primaryimage\",\"url\":\"https:\\\/\\\/media.radiolitoral.com\\\/wp-content\\\/uploads\\\/2023\\\/12\\\/22115832\\\/Benitatxell-de-Navidad--scaled-e1734625155691.jpg\",\"contentUrl\":\"https:\\\/\\\/media.radiolitoral.com\\\/wp-content\\\/uploads\\\/2023\\\/12\\\/22115832\\\/Benitatxell-de-Navidad--scaled-e1734625155691.jpg\",\"width\":2116,\"height\":1440},{\"@type\":\"BreadcrumbList\",\"@id\":\"https:\\\/\\\/radiolitoral.com\\\/2024\\\/12\\\/el-poble-nou-de-benitatxell-certifica-la-seua-qualitat-turistica-amb-la-q\\\/#breadcrumb\",\"itemListElement\":[{\"@type\":\"ListItem\",\"position\":1,\"name\":\"Portada\",\"item\":\"https:\\\/\\\/radiolitoral.com\\\/\"},{\"@type\":\"ListItem\",\"position\":2,\"name\":\"El Poble Nou de Benitatxell certifica la seua qualitat tur\u00edstica amb la \u2018Q\u2019\"}]},{\"@type\":\"WebSite\",\"@id\":\"https:\\\/\\\/radiolitoral.com\\\/#website\",\"url\":\"https:\\\/\\\/radiolitoral.com\\\/\",\"name\":\"Radio Litoral\",\"description\":\"La radio local de la Marina Alta\",\"publisher\":{\"@id\":\"https:\\\/\\\/radiolitoral.com\\\/#organization\"},\"alternateName\":\"Litoral FM\",\"potentialAction\":[{\"@type\":\"SearchAction\",\"target\":{\"@type\":\"EntryPoint\",\"urlTemplate\":\"https:\\\/\\\/radiolitoral.com\\\/?s={search_term_string}\"},\"query-input\":{\"@type\":\"PropertyValueSpecification\",\"valueRequired\":true,\"valueName\":\"search_term_string\"}}],\"inLanguage\":\"ca\"},{\"@type\":\"Organization\",\"@id\":\"https:\\\/\\\/radiolitoral.com\\\/#organization\",\"name\":\"Radio Litoral\",\"url\":\"https:\\\/\\\/radiolitoral.com\\\/\",\"logo\":{\"@type\":\"ImageObject\",\"inLanguage\":\"ca\",\"@id\":\"https:\\\/\\\/radiolitoral.com\\\/#\\\/schema\\\/logo\\\/image\\\/\",\"url\":\"https:\\\/\\\/media.radiolitoral.com\\\/wp-content\\\/uploads\\\/2023\\\/02\\\/24143238\\\/CL-V-RadioLitoral696.png\",\"contentUrl\":\"https:\\\/\\\/media.radiolitoral.com\\\/wp-content\\\/uploads\\\/2023\\\/02\\\/24143238\\\/CL-V-RadioLitoral696.png\",\"width\":696,\"height\":696,\"caption\":\"Radio Litoral\"},\"image\":{\"@id\":\"https:\\\/\\\/radiolitoral.com\\\/#\\\/schema\\\/logo\\\/image\\\/\"},\"sameAs\":[\"https:\\\/\\\/www.facebook.com\\\/Laradiolitoral\\\/\"]},{\"@type\":\"Person\",\"@id\":\"https:\\\/\\\/radiolitoral.com\\\/#\\\/schema\\\/person\\\/96b739642eb3bedb532aac3812d23307\",\"name\":\"Redacci\u00f3n\",\"image\":{\"@type\":\"ImageObject\",\"inLanguage\":\"ca\",\"@id\":\"https:\\\/\\\/secure.gravatar.com\\\/avatar\\\/30cd06129ee90411dd9c7cbdcf17464181d1a3c7b072e92070ea75a25cf0097e?s=96&d=mm&r=g\",\"url\":\"https:\\\/\\\/secure.gravatar.com\\\/avatar\\\/30cd06129ee90411dd9c7cbdcf17464181d1a3c7b072e92070ea75a25cf0097e?s=96&d=mm&r=g\",\"contentUrl\":\"https:\\\/\\\/secure.gravatar.com\\\/avatar\\\/30cd06129ee90411dd9c7cbdcf17464181d1a3c7b072e92070ea75a25cf0097e?s=96&d=mm&r=g\",\"caption\":\"Redacci\u00f3n\"},\"url\":\"https:\\\/\\\/radiolitoral.com\\\/ca\\\/author\\\/kevin-carrio\\\/\"}]}<\/script>\n<!-- \/ Yoast SEO plugin. -->","yoast_head_json":{"title":"El Poble Nou de Benitatxell certifica la seva qualitat tur\u00edstica amb la &#039;Q&#039; | R\u00e0dio Litoral","description":"Un reconeixement que avala l&#039;excel\u00b7l\u00e8ncia i la innovaci\u00f3 a l&#039;atenci\u00f3 al visitant","robots":{"index":"index","follow":"follow","max-snippet":"max-snippet:-1","max-image-preview":"max-image-preview:large","max-video-preview":"max-video-preview:-1"},"canonical":"https:\/\/radiolitoral.com\/ca\/2024\/12\/el-poble-nou-de-benitatxell-certifica-la-seva-qualitat-turistica-amb-la-q\/","og_locale":"ca_ES","og_type":"article","og_title":"El Poble Nou de Benitatxell certifica la seua qualitat tur\u00edstica amb la \u2018Q\u2019 | R\u00e0dio Litoral","og_description":"Un reconeixement que avala l\u2019excel\u00b7l\u00e8ncia i la innovaci\u00f3 en l\u2019atenci\u00f3 al visitant","og_url":"https:\/\/radiolitoral.com\/ca\/2024\/12\/el-poble-nou-de-benitatxell-certifica-la-seva-qualitat-turistica-amb-la-q\/","og_site_name":"R\u00e0dio Litoral","article_publisher":"https:\/\/www.facebook.com\/Laradiolitoral\/","article_published_time":"2024-12-19T16:20:41+00:00","article_modified_time":"2024-12-19T16:27:07+00:00","og_image":[{"width":2116,"height":1440,"url":"https:\/\/media.radiolitoral.com\/wp-content\/uploads\/2023\/12\/22115832\/Benitatxell-de-Navidad--scaled-e1734625155691.jpg","type":"image\/jpeg"}],"author":"Redacci\u00f3n","twitter_card":"summary_large_image","twitter_misc":{"Escrit per":"Redacci\u00f3n","Temps estimat de lectura":"2 minuts"},"schema":{"@context":"https:\/\/schema.org","@graph":[{"@type":"NewsArticle","@id":"https:\/\/radiolitoral.com\/2024\/12\/el-poble-nou-de-benitatxell-certifica-la-seua-qualitat-turistica-amb-la-q\/#article","isPartOf":{"@id":"https:\/\/radiolitoral.com\/2024\/12\/el-poble-nou-de-benitatxell-certifica-la-seua-qualitat-turistica-amb-la-q\/"},"author":{"name":"Redacci\u00f3n","@id":"https:\/\/radiolitoral.com\/#\/schema\/person\/96b739642eb3bedb532aac3812d23307"},"headline":"El Poble Nou de Benitatxell certifica la seua qualitat tur\u00edstica amb la \u2018Q\u2019","datePublished":"2024-12-19T16:20:41+00:00","dateModified":"2024-12-19T16:27:07+00:00","mainEntityOfPage":{"@id":"https:\/\/radiolitoral.com\/2024\/12\/el-poble-nou-de-benitatxell-certifica-la-seua-qualitat-turistica-amb-la-q\/"},"wordCount":392,"commentCount":0,"publisher":{"@id":"https:\/\/radiolitoral.com\/#organization"},"image":{"@id":"https:\/\/radiolitoral.com\/2024\/12\/el-poble-nou-de-benitatxell-certifica-la-seua-qualitat-turistica-amb-la-q\/#primaryimage"},"thumbnailUrl":"https:\/\/media.radiolitoral.com\/wp-content\/uploads\/2023\/12\/22115832\/Benitatxell-de-Navidad--scaled-e1734625155691.jpg","keywords":["Benitatxell","reconocimiento turismo","turismo","turismo Benitatxell"],"articleSection":["Turismo"],"inLanguage":"ca","potentialAction":[{"@type":"CommentAction","name":"Comment","target":["https:\/\/radiolitoral.com\/2024\/12\/el-poble-nou-de-benitatxell-certifica-la-seua-qualitat-turistica-amb-la-q\/#respond"]}]},{"@type":["WebPage","ItemPage"],"@id":"https:\/\/radiolitoral.com\/2024\/12\/el-poble-nou-de-benitatxell-certifica-la-seua-qualitat-turistica-amb-la-q\/","url":"https:\/\/radiolitoral.com\/2024\/12\/el-poble-nou-de-benitatxell-certifica-la-seua-qualitat-turistica-amb-la-q\/","name":"El Poble Nou de Benitatxell certifica la seva qualitat tur\u00edstica amb la &#039;Q&#039; | R\u00e0dio Litoral","isPartOf":{"@id":"https:\/\/radiolitoral.com\/#website"},"primaryImageOfPage":{"@id":"https:\/\/radiolitoral.com\/2024\/12\/el-poble-nou-de-benitatxell-certifica-la-seua-qualitat-turistica-amb-la-q\/#primaryimage"},"image":{"@id":"https:\/\/radiolitoral.com\/2024\/12\/el-poble-nou-de-benitatxell-certifica-la-seua-qualitat-turistica-amb-la-q\/#primaryimage"},"thumbnailUrl":"https:\/\/media.radiolitoral.com\/wp-content\/uploads\/2023\/12\/22115832\/Benitatxell-de-Navidad--scaled-e1734625155691.jpg","datePublished":"2024-12-19T16:20:41+00:00","dateModified":"2024-12-19T16:27:07+00:00","description":"Un reconeixement que avala l&#039;excel\u00b7l\u00e8ncia i la innovaci\u00f3 a l&#039;atenci\u00f3 al visitant","breadcrumb":{"@id":"https:\/\/radiolitoral.com\/2024\/12\/el-poble-nou-de-benitatxell-certifica-la-seua-qualitat-turistica-amb-la-q\/#breadcrumb"},"inLanguage":"ca","potentialAction":[{"@type":"ReadAction","target":["https:\/\/radiolitoral.com\/2024\/12\/el-poble-nou-de-benitatxell-certifica-la-seua-qualitat-turistica-amb-la-q\/"]}]},{"@type":"ImageObject","inLanguage":"ca","@id":"https:\/\/radiolitoral.com\/2024\/12\/el-poble-nou-de-benitatxell-certifica-la-seua-qualitat-turistica-amb-la-q\/#primaryimage","url":"https:\/\/media.radiolitoral.com\/wp-content\/uploads\/2023\/12\/22115832\/Benitatxell-de-Navidad--scaled-e1734625155691.jpg","contentUrl":"https:\/\/media.radiolitoral.com\/wp-content\/uploads\/2023\/12\/22115832\/Benitatxell-de-Navidad--scaled-e1734625155691.jpg","width":2116,"height":1440},{"@type":"BreadcrumbList","@id":"https:\/\/radiolitoral.com\/2024\/12\/el-poble-nou-de-benitatxell-certifica-la-seua-qualitat-turistica-amb-la-q\/#breadcrumb","itemListElement":[{"@type":"ListItem","position":1,"name":"Portada","item":"https:\/\/radiolitoral.com\/"},{"@type":"ListItem","position":2,"name":"El Poble Nou de Benitatxell certifica la seua qualitat tur\u00edstica amb la \u2018Q\u2019"}]},{"@type":"WebSite","@id":"https:\/\/radiolitoral.com\/#website","url":"https:\/\/radiolitoral.com\/","name":"R\u00e0dio Litoral","description":"La r\u00e0dio local de la Marina Alta","publisher":{"@id":"https:\/\/radiolitoral.com\/#organization"},"alternateName":"Litoral FM","potentialAction":[{"@type":"SearchAction","target":{"@type":"EntryPoint","urlTemplate":"https:\/\/radiolitoral.com\/?s={search_term_string}"},"query-input":{"@type":"PropertyValueSpecification","valueRequired":true,"valueName":"search_term_string"}}],"inLanguage":"ca"},{"@type":"Organization","@id":"https:\/\/radiolitoral.com\/#organization","name":"R\u00e0dio Litoral","url":"https:\/\/radiolitoral.com\/","logo":{"@type":"ImageObject","inLanguage":"ca","@id":"https:\/\/radiolitoral.com\/#\/schema\/logo\/image\/","url":"https:\/\/media.radiolitoral.com\/wp-content\/uploads\/2023\/02\/24143238\/CL-V-RadioLitoral696.png","contentUrl":"https:\/\/media.radiolitoral.com\/wp-content\/uploads\/2023\/02\/24143238\/CL-V-RadioLitoral696.png","width":696,"height":696,"caption":"Radio Litoral"},"image":{"@id":"https:\/\/radiolitoral.com\/#\/schema\/logo\/image\/"},"sameAs":["https:\/\/www.facebook.com\/Laradiolitoral\/"]},{"@type":"Person","@id":"https:\/\/radiolitoral.com\/#\/schema\/person\/96b739642eb3bedb532aac3812d23307","name":"Redacci\u00f3","image":{"@type":"ImageObject","inLanguage":"ca","@id":"https:\/\/secure.gravatar.com\/avatar\/30cd06129ee90411dd9c7cbdcf17464181d1a3c7b072e92070ea75a25cf0097e?s=96&d=mm&r=g","url":"https:\/\/secure.gravatar.com\/avatar\/30cd06129ee90411dd9c7cbdcf17464181d1a3c7b072e92070ea75a25cf0097e?s=96&d=mm&r=g","contentUrl":"https:\/\/secure.gravatar.com\/avatar\/30cd06129ee90411dd9c7cbdcf17464181d1a3c7b072e92070ea75a25cf0097e?s=96&d=mm&r=g","caption":"Redacci\u00f3n"},"url":"https:\/\/radiolitoral.com\/ca\/author\/kevin-carrio\/"}]}},"_links":{"self":[{"href":"https:\/\/radiolitoral.com\/ca\/wp-json\/wp\/v2\/posts\/13955","targetHints":{"allow":["GET"]}}],"collection":[{"href":"https:\/\/radiolitoral.com\/ca\/wp-json\/wp\/v2\/posts"}],"about":[{"href":"https:\/\/radiolitoral.com\/ca\/wp-json\/wp\/v2\/types\/post"}],"author":[{"embeddable":true,"href":"https:\/\/radiolitoral.com\/ca\/wp-json\/wp\/v2\/users\/14"}],"replies":[{"embeddable":true,"href":"https:\/\/radiolitoral.com\/ca\/wp-json\/wp\/v2\/comments?post=13955"}],"version-history":[{"count":3,"href":"https:\/\/radiolitoral.com\/ca\/wp-json\/wp\/v2\/posts\/13955\/revisions"}],"predecessor-version":[{"id":13960,"href":"https:\/\/radiolitoral.com\/ca\/wp-json\/wp\/v2\/posts\/13955\/revisions\/13960"}],"wp:featuredmedia":[{"embeddable":true,"href":"https:\/\/radiolitoral.com\/ca\/wp-json\/wp\/v2\/media\/6143"}],"wp:attachment":[{"href":"https:\/\/radiolitoral.com\/ca\/wp-json\/wp\/v2\/media?parent=13955"}],"wp:term":[{"taxonomy":"category","embeddable":true,"href":"https:\/\/radiolitoral.com\/ca\/wp-json\/wp\/v2\/categories?post=13955"},{"taxonomy":"post_tag","embeddable":true,"href":"https:\/\/radiolitoral.com\/ca\/wp-json\/wp\/v2\/tags?post=13955"}],"curies":[{"name":"wp","href":"https:\/\/api.w.org\/{rel}","templated":true}]}}