{"id":13949,"date":"2024-12-19T14:18:11","date_gmt":"2024-12-19T13:18:11","guid":{"rendered":"https:\/\/radiolitoral.com\/?p=13949"},"modified":"2024-12-19T14:18:11","modified_gmt":"2024-12-19T13:18:11","slug":"lhospital-de-denia-celebra-un-nadal-magic-dedicat-als-mes-menuts-amb-visites-regals-i-villancs","status":"publish","type":"post","link":"https:\/\/radiolitoral.com\/ca\/2024\/12\/lhospital-de-denia-celebra-un-nadal-magic-dedicat-als-mes-menuts-amb-visites-regals-i-nadales\/","title":{"rendered":"L&#039;Hospital de D\u00e9nia celebra un Nadal m\u00e0gic dedicat als m\u00e9s menuts amb visites, regals i nadals"},"content":{"rendered":"<p>L&#039;<strong>Hospital de D\u00e9nia<\/strong> ha vivit una<strong> jornada inoblidable<\/strong> <strong>dedicada als xiquets hospitalitzats<\/strong>, amb activitats nadalenques plenes d&#039;emoci\u00f3, creativitat i m\u00fasica.<\/p>\n<p>La celebraci\u00f3, organitzada pel Col\u00b7legi d&#039;Infermeria d&#039;Alacant i la Direcci\u00f3 d&#039;Infermeria, ha comptat amb la <strong>participaci\u00f3 del Capit\u00e0 Am\u00e8rica<\/strong>, <strong>regals<\/strong> elaborats pels petits pacients i una actuaci\u00f3 especial d&#039;<strong>alumnes del CEIP de <span class=\"hiddenGrammarError\">La<\/span> Xara<\/strong>.<\/p>\n<h3>Un superheroi a Pediatria: la visita del Capit\u00e0 Am\u00e8rica<\/h3>\n<p>La mat\u00ed ha comen\u00e7at amb l<strong>arribada inesperada del Capit\u00e0 Am\u00e8rica<\/strong>, que ha recorregut la <strong>planta d&#039;hospitalitzaci\u00f3 i les consultes externes de Pediatria,<\/strong> sorprenent els pacients pedi\u00e0trics i les seves fam\u00edlies amb la seva caracter\u00edstica energia positiva. Els sanitaris tamb\u00e9 han gaudit de la visita del fam\u00f3s personatge de Marvel, immortalitzant el moment amb fotografies.<\/p>\n<div id='gallery-1' class='gallery galleryid-13949 gallery-columns-2 gallery-size-full'><figure class='gallery-item'>\n\t\t\t<div class='gallery-icon landscape'>\n\t\t\t\t<a href='https:\/\/radiolitoral.com\/ca\/hospital-denia-navidad-capitan-america-2\/'><img loading=\"lazy\" decoding=\"async\" width=\"2000\" height=\"1333\" src=\"https:\/\/media.radiolitoral.com\/wp-content\/uploads\/2024\/12\/19141057\/Hospital-Denia-Navidad-Capitan-America-2.jpg\" class=\"attachment-full size-full\" alt=\"\" srcset=\"https:\/\/media.radiolitoral.com\/wp-content\/uploads\/2024\/12\/19141057\/Hospital-Denia-Navidad-Capitan-America-2.jpg 2000w, https:\/\/media.radiolitoral.com\/wp-content\/uploads\/2024\/12\/19141057\/Hospital-Denia-Navidad-Capitan-America-2-300x200.jpg 300w, https:\/\/media.radiolitoral.com\/wp-content\/uploads\/2024\/12\/19141057\/Hospital-Denia-Navidad-Capitan-America-2-1024x682.jpg 1024w, https:\/\/media.radiolitoral.com\/wp-content\/uploads\/2024\/12\/19141057\/Hospital-Denia-Navidad-Capitan-America-2-768x512.jpg 768w, https:\/\/media.radiolitoral.com\/wp-content\/uploads\/2024\/12\/19141057\/Hospital-Denia-Navidad-Capitan-America-2-1536x1024.jpg 1536w, https:\/\/media.radiolitoral.com\/wp-content\/uploads\/2024\/12\/19141057\/Hospital-Denia-Navidad-Capitan-America-2-18x12.jpg 18w, https:\/\/media.radiolitoral.com\/wp-content\/uploads\/2024\/12\/19141057\/Hospital-Denia-Navidad-Capitan-America-2-1000x667.jpg 1000w, https:\/\/media.radiolitoral.com\/wp-content\/uploads\/2024\/12\/19141057\/Hospital-Denia-Navidad-Capitan-America-2-100x67.jpg 100w, https:\/\/media.radiolitoral.com\/wp-content\/uploads\/2024\/12\/19141057\/Hospital-Denia-Navidad-Capitan-America-2-200x133.jpg 200w\" sizes=\"auto, (max-width: 2000px) 100vw, 2000px\" \/><\/a>\n\t\t\t<\/div><\/figure><figure class='gallery-item'>\n\t\t\t<div class='gallery-icon landscape'>\n\t\t\t\t<a href='https:\/\/radiolitoral.com\/ca\/hospital-denia-navidad-capitan-america\/'><img loading=\"lazy\" decoding=\"async\" width=\"2000\" height=\"1333\" src=\"https:\/\/media.radiolitoral.com\/wp-content\/uploads\/2024\/12\/19141051\/Hospital-Denia-Navidad-Capitan-America.jpg\" class=\"attachment-full size-full\" alt=\"\" srcset=\"https:\/\/media.radiolitoral.com\/wp-content\/uploads\/2024\/12\/19141051\/Hospital-Denia-Navidad-Capitan-America.jpg 2000w, https:\/\/media.radiolitoral.com\/wp-content\/uploads\/2024\/12\/19141051\/Hospital-Denia-Navidad-Capitan-America-300x200.jpg 300w, https:\/\/media.radiolitoral.com\/wp-content\/uploads\/2024\/12\/19141051\/Hospital-Denia-Navidad-Capitan-America-1024x682.jpg 1024w, https:\/\/media.radiolitoral.com\/wp-content\/uploads\/2024\/12\/19141051\/Hospital-Denia-Navidad-Capitan-America-768x512.jpg 768w, https:\/\/media.radiolitoral.com\/wp-content\/uploads\/2024\/12\/19141051\/Hospital-Denia-Navidad-Capitan-America-1536x1024.jpg 1536w, https:\/\/media.radiolitoral.com\/wp-content\/uploads\/2024\/12\/19141051\/Hospital-Denia-Navidad-Capitan-America-18x12.jpg 18w, https:\/\/media.radiolitoral.com\/wp-content\/uploads\/2024\/12\/19141051\/Hospital-Denia-Navidad-Capitan-America-1000x667.jpg 1000w, https:\/\/media.radiolitoral.com\/wp-content\/uploads\/2024\/12\/19141051\/Hospital-Denia-Navidad-Capitan-America-100x67.jpg 100w, https:\/\/media.radiolitoral.com\/wp-content\/uploads\/2024\/12\/19141051\/Hospital-Denia-Navidad-Capitan-America-200x133.jpg 200w\" sizes=\"auto, (max-width: 2000px) 100vw, 2000px\" \/><\/a>\n\t\t\t<\/div><\/figure>\n\t\t<\/div>\n\n<h3>Regals dels xiquets hospitalitzats als professionals sanitaris<\/h3>\n<p>A mig mat\u00ed, els xiquets ingressats han protagonitzat un gest entranyable a<strong> regalar als professionals de Pediatria i Maternitat unes manualitats fetes per ells mateixos<\/strong>. La iniciativa, coordinada per Sonia Osa Rodr\u00edguez, responsable de l&#039;Aula Hospital\u00e0ria, ha consistit en la creaci\u00f3 de caps de ninots de neu confeccionats amb pals depressors decorats amb ulls, nas i adorns navidencs.<\/p>\n<h3>Nadals al vest\u00edbul principal: un tancament musical per a una jornada nadalenca<\/h3>\n<p>Al migdia, el vest\u00edbul de l&#039;Hospital de D\u00e9nia s&#039;ha omplert de m\u00fasica i esperit nadalenc gr\u00e0cies a l&#039;actuaci\u00f3 de <strong>m\u00e9s de cent alumnes del CEIP de <span class=\"hiddenGrammarError\">La<\/span> Xara<\/strong>. Els xiquets, d&#039;Infantil i Prim\u00e0ria, n&#039;han interpretat una <strong>selecci\u00f3 de nadals<\/strong> que han emocionat tant pacients com professionals.<\/p>\n<p>Per agrader-ne la participaci\u00f3, els petits artistes han rebut un detall especial de l&#039;Aula Hospital\u00e0ria: un llapis decorat amb una estrella brillant de goma EVA, dissenyada i preparada especialment per a ells.<\/p>\n<p><img loading=\"lazy\" decoding=\"async\" class=\"alignnone wp-image-13945 size-full\" src=\"https:\/\/media.radiolitoral.com\/wp-content\/uploads\/2024\/12\/19141039\/Hospital-Denia-Navidad-Coro.jpg\" alt=\"\" width=\"2000\" height=\"1333\" srcset=\"https:\/\/media.radiolitoral.com\/wp-content\/uploads\/2024\/12\/19141039\/Hospital-Denia-Navidad-Coro.jpg 2000w, https:\/\/media.radiolitoral.com\/wp-content\/uploads\/2024\/12\/19141039\/Hospital-Denia-Navidad-Coro-300x200.jpg 300w, https:\/\/media.radiolitoral.com\/wp-content\/uploads\/2024\/12\/19141039\/Hospital-Denia-Navidad-Coro-1024x682.jpg 1024w, https:\/\/media.radiolitoral.com\/wp-content\/uploads\/2024\/12\/19141039\/Hospital-Denia-Navidad-Coro-768x512.jpg 768w, https:\/\/media.radiolitoral.com\/wp-content\/uploads\/2024\/12\/19141039\/Hospital-Denia-Navidad-Coro-1536x1024.jpg 1536w, https:\/\/media.radiolitoral.com\/wp-content\/uploads\/2024\/12\/19141039\/Hospital-Denia-Navidad-Coro-18x12.jpg 18w, https:\/\/media.radiolitoral.com\/wp-content\/uploads\/2024\/12\/19141039\/Hospital-Denia-Navidad-Coro-1000x667.jpg 1000w, https:\/\/media.radiolitoral.com\/wp-content\/uploads\/2024\/12\/19141039\/Hospital-Denia-Navidad-Coro-100x67.jpg 100w, https:\/\/media.radiolitoral.com\/wp-content\/uploads\/2024\/12\/19141039\/Hospital-Denia-Navidad-Coro-200x133.jpg 200w\" sizes=\"auto, (max-width: 2000px) 100vw, 2000px\" \/><\/p>","protected":false},"excerpt":{"rendered":"<p>L&#8217;Hospital de D\u00e9nia ha viscut una jornada inoblidable dedicada als xiquets hospitalitzats, amb activitats nadalenques plenes d&#8217;emoci\u00f3, creativitat i m\u00fasica. La celebraci\u00f3, organitzada pel Col\u00b7legi d&#8217;Infermeria d&#8217;Alacant i la Direcci\u00f3 d&#8217;Infermeria, ha comptat amb la participaci\u00f3 del Capit\u00e0 Am\u00e8rica, regals elaborats pels petits pacients i una actuaci\u00f3 especial d&#8217;alumnes del CEIP de La Xara. Un [&#8230;]<\/p>\n<p><a class=\"btn btn-secondary understrap-read-more-link\" href=\"https:\/\/radiolitoral.com\/ca\/2024\/12\/lhospital-de-denia-celebra-un-nadal-magic-dedicat-als-mes-menuts-amb-visites-regals-i-nadales\/\">Continua llegint&#8230;<span class=\"screen-reader-text\"> from L&#8217;Hospital de D\u00e9nia celebra un Nadal m\u00e0gic dedicat als m\u00e9s menuts amb visites, regals i nadales<\/span><\/a><\/p>\n","protected":false},"author":13,"featured_media":13946,"comment_status":"open","ping_status":"closed","sticky":false,"template":"","format":"standard","meta":{"_acf_changed":false,"inline_featured_image":false,"footnotes":""},"categories":[863],"tags":[490,314,2619,1160],"class_list":["post-13949","post","type-post","status-publish","format-standard","has-post-thumbnail","hentry","category-navidad","tag-hospital-denia","tag-marina-alta","tag-navidad","tag-sociedad","cobertura-marina-alta"],"acf":[],"yoast_head":"<!-- This site is optimized with the Yoast SEO plugin v27.5 - https:\/\/yoast.com\/product\/yoast-seo-wordpress\/ -->\n<title>L&#039;Hospital de D\u00e9nia celebra un Nadal m\u00e0gic dedicat als m\u00e9s menuts amb visites, regals i nadales | R\u00e0dio Litoral<\/title>\n<meta name=\"description\" content=\"El Capit\u00e0 Am\u00e8rica visita els xiquets ingressats, mentre alumnes del CEIP de La Xara omplin de m\u00fasica i esperit nadalenc el hall de l&#039;hospital El Capit\u00e0 Am\u00e8rica visita els xiquets ingressats, mentre alumnes del CEIP de La Xara omplin de m\u00fasica i esperit nadalenc el hall de l&#039;hospital\" \/>\n<meta name=\"robots\" content=\"index, follow, max-snippet:-1, max-image-preview:large, max-video-preview:-1\" \/>\n<link rel=\"canonical\" href=\"https:\/\/radiolitoral.com\/ca\/2024\/12\/lhospital-de-denia-celebra-un-nadal-magic-dedicat-als-mes-menuts-amb-visites-regals-i-villancs\/\" \/>\n<meta property=\"og:locale\" content=\"ca_ES\" \/>\n<meta property=\"og:type\" content=\"article\" \/>\n<meta property=\"og:title\" content=\"L&#039;Hospital de D\u00e9nia celebra un Nadal m\u00e0gic dedicat als m\u00e9s menuts amb visites, regals i nadales | R\u00e0dio Litoral\" \/>\n<meta property=\"og:description\" content=\"El Capit\u00e0 Am\u00e8rica visita els xiquets ingressats, mentre alumnes del CEIP de La Xara omplin de m\u00fasica i esperit nadalenc el hall de l&#039;hospital El Capit\u00e0 Am\u00e8rica visita els xiquets ingressats, mentre alumnes del CEIP de La Xara omplin de m\u00fasica i esperit nadalenc el hall de l&#039;hospital\" \/>\n<meta property=\"og:url\" content=\"https:\/\/radiolitoral.com\/ca\/2024\/12\/lhospital-de-denia-celebra-un-nadal-magic-dedicat-als-mes-menuts-amb-visites-regals-i-villancs\/\" \/>\n<meta property=\"og:site_name\" content=\"R\u00e0dio Litoral\" \/>\n<meta property=\"article:publisher\" content=\"https:\/\/www.facebook.com\/Laradiolitoral\/\" \/>\n<meta property=\"article:published_time\" content=\"2024-12-19T13:18:11+00:00\" \/>\n<meta property=\"og:image\" content=\"https:\/\/media.radiolitoral.com\/wp-content\/uploads\/2024\/12\/19141045\/Hospital-Denia-Navidad-Pediatria.jpg\" \/>\n\t<meta property=\"og:image:width\" content=\"2000\" \/>\n\t<meta property=\"og:image:height\" content=\"1333\" \/>\n\t<meta property=\"og:image:type\" content=\"image\/jpeg\" \/>\n<meta name=\"author\" content=\"Redacci\u00f3n\" \/>\n<meta name=\"twitter:card\" content=\"summary_large_image\" \/>\n<meta name=\"twitter:label1\" content=\"Escrit per\" \/>\n\t<meta name=\"twitter:data1\" content=\"Redacci\u00f3n\" \/>\n\t<meta name=\"twitter:label2\" content=\"Temps estimat de lectura\" \/>\n\t<meta name=\"twitter:data2\" content=\"2 minuts\" \/>\n<script type=\"application\/ld+json\" class=\"yoast-schema-graph\">{\"@context\":\"https:\\\/\\\/schema.org\",\"@graph\":[{\"@type\":\"NewsArticle\",\"@id\":\"https:\\\/\\\/radiolitoral.com\\\/2024\\\/12\\\/lhospital-de-denia-celebra-un-nadal-magic-dedicat-als-mes-menuts-amb-visites-regals-i-nadales\\\/#article\",\"isPartOf\":{\"@id\":\"https:\\\/\\\/radiolitoral.com\\\/2024\\\/12\\\/lhospital-de-denia-celebra-un-nadal-magic-dedicat-als-mes-menuts-amb-visites-regals-i-nadales\\\/\"},\"author\":{\"name\":\"Redacci\u00f3n\",\"@id\":\"https:\\\/\\\/radiolitoral.com\\\/#\\\/schema\\\/person\\\/f2b2343c49b5d721857cc1002bfdb151\"},\"headline\":\"L&#8217;Hospital de D\u00e9nia celebra un Nadal m\u00e0gic dedicat als m\u00e9s menuts amb visites, regals i nadales\",\"datePublished\":\"2024-12-19T13:18:11+00:00\",\"mainEntityOfPage\":{\"@id\":\"https:\\\/\\\/radiolitoral.com\\\/2024\\\/12\\\/lhospital-de-denia-celebra-un-nadal-magic-dedicat-als-mes-menuts-amb-visites-regals-i-nadales\\\/\"},\"wordCount\":334,\"commentCount\":0,\"publisher\":{\"@id\":\"https:\\\/\\\/radiolitoral.com\\\/#organization\"},\"image\":{\"@id\":\"https:\\\/\\\/radiolitoral.com\\\/2024\\\/12\\\/lhospital-de-denia-celebra-un-nadal-magic-dedicat-als-mes-menuts-amb-visites-regals-i-nadales\\\/#primaryimage\"},\"thumbnailUrl\":\"https:\\\/\\\/media.radiolitoral.com\\\/wp-content\\\/uploads\\\/2024\\\/12\\\/19141045\\\/Hospital-Denia-Navidad-Pediatria.jpg\",\"keywords\":[\"Hospital D\u00e9nia\",\"Marina Alta\",\"Navidad\",\"sociedad\"],\"articleSection\":[\"Navidad\"],\"inLanguage\":\"ca\",\"potentialAction\":[{\"@type\":\"CommentAction\",\"name\":\"Comment\",\"target\":[\"https:\\\/\\\/radiolitoral.com\\\/2024\\\/12\\\/lhospital-de-denia-celebra-un-nadal-magic-dedicat-als-mes-menuts-amb-visites-regals-i-nadales\\\/#respond\"]}]},{\"@type\":[\"WebPage\",\"ItemPage\"],\"@id\":\"https:\\\/\\\/radiolitoral.com\\\/2024\\\/12\\\/lhospital-de-denia-celebra-un-nadal-magic-dedicat-als-mes-menuts-amb-visites-regals-i-nadales\\\/\",\"url\":\"https:\\\/\\\/radiolitoral.com\\\/2024\\\/12\\\/lhospital-de-denia-celebra-un-nadal-magic-dedicat-als-mes-menuts-amb-visites-regals-i-nadales\\\/\",\"name\":\"L'Hospital de D\u00e9nia celebra un Nadal m\u00e0gic dedicat als m\u00e9s menuts amb visites, regals i nadales | R\u00e0dio Litoral\",\"isPartOf\":{\"@id\":\"https:\\\/\\\/radiolitoral.com\\\/#website\"},\"primaryImageOfPage\":{\"@id\":\"https:\\\/\\\/radiolitoral.com\\\/2024\\\/12\\\/lhospital-de-denia-celebra-un-nadal-magic-dedicat-als-mes-menuts-amb-visites-regals-i-nadales\\\/#primaryimage\"},\"image\":{\"@id\":\"https:\\\/\\\/radiolitoral.com\\\/2024\\\/12\\\/lhospital-de-denia-celebra-un-nadal-magic-dedicat-als-mes-menuts-amb-visites-regals-i-nadales\\\/#primaryimage\"},\"thumbnailUrl\":\"https:\\\/\\\/media.radiolitoral.com\\\/wp-content\\\/uploads\\\/2024\\\/12\\\/19141045\\\/Hospital-Denia-Navidad-Pediatria.jpg\",\"datePublished\":\"2024-12-19T13:18:11+00:00\",\"description\":\"El Capit\u00e0 Am\u00e8rica visita els xiquets ingressats, mentre alumnes del CEIP de La Xara omplin de m\u00fasica i esperit nadalenc el hall de l'hospital El Capit\u00e0 Am\u00e8rica visita els xiquets ingressats, mentre alumnes del CEIP de La Xara omplin de m\u00fasica i esperit nadalenc el hall de l'hospital\",\"breadcrumb\":{\"@id\":\"https:\\\/\\\/radiolitoral.com\\\/2024\\\/12\\\/lhospital-de-denia-celebra-un-nadal-magic-dedicat-als-mes-menuts-amb-visites-regals-i-nadales\\\/#breadcrumb\"},\"inLanguage\":\"ca\",\"potentialAction\":[{\"@type\":\"ReadAction\",\"target\":[\"https:\\\/\\\/radiolitoral.com\\\/2024\\\/12\\\/lhospital-de-denia-celebra-un-nadal-magic-dedicat-als-mes-menuts-amb-visites-regals-i-nadales\\\/\"]}]},{\"@type\":\"ImageObject\",\"inLanguage\":\"ca\",\"@id\":\"https:\\\/\\\/radiolitoral.com\\\/2024\\\/12\\\/lhospital-de-denia-celebra-un-nadal-magic-dedicat-als-mes-menuts-amb-visites-regals-i-nadales\\\/#primaryimage\",\"url\":\"https:\\\/\\\/media.radiolitoral.com\\\/wp-content\\\/uploads\\\/2024\\\/12\\\/19141045\\\/Hospital-Denia-Navidad-Pediatria.jpg\",\"contentUrl\":\"https:\\\/\\\/media.radiolitoral.com\\\/wp-content\\\/uploads\\\/2024\\\/12\\\/19141045\\\/Hospital-Denia-Navidad-Pediatria.jpg\",\"width\":2000,\"height\":1333},{\"@type\":\"BreadcrumbList\",\"@id\":\"https:\\\/\\\/radiolitoral.com\\\/2024\\\/12\\\/lhospital-de-denia-celebra-un-nadal-magic-dedicat-als-mes-menuts-amb-visites-regals-i-nadales\\\/#breadcrumb\",\"itemListElement\":[{\"@type\":\"ListItem\",\"position\":1,\"name\":\"Portada\",\"item\":\"https:\\\/\\\/radiolitoral.com\\\/\"},{\"@type\":\"ListItem\",\"position\":2,\"name\":\"L&#8217;Hospital de D\u00e9nia celebra un Nadal m\u00e0gic dedicat als m\u00e9s menuts amb visites, regals i nadales\"}]},{\"@type\":\"WebSite\",\"@id\":\"https:\\\/\\\/radiolitoral.com\\\/#website\",\"url\":\"https:\\\/\\\/radiolitoral.com\\\/\",\"name\":\"Radio Litoral\",\"description\":\"La radio local de la Marina Alta\",\"publisher\":{\"@id\":\"https:\\\/\\\/radiolitoral.com\\\/#organization\"},\"alternateName\":\"Litoral FM\",\"potentialAction\":[{\"@type\":\"SearchAction\",\"target\":{\"@type\":\"EntryPoint\",\"urlTemplate\":\"https:\\\/\\\/radiolitoral.com\\\/?s={search_term_string}\"},\"query-input\":{\"@type\":\"PropertyValueSpecification\",\"valueRequired\":true,\"valueName\":\"search_term_string\"}}],\"inLanguage\":\"ca\"},{\"@type\":\"Organization\",\"@id\":\"https:\\\/\\\/radiolitoral.com\\\/#organization\",\"name\":\"Radio Litoral\",\"url\":\"https:\\\/\\\/radiolitoral.com\\\/\",\"logo\":{\"@type\":\"ImageObject\",\"inLanguage\":\"ca\",\"@id\":\"https:\\\/\\\/radiolitoral.com\\\/#\\\/schema\\\/logo\\\/image\\\/\",\"url\":\"https:\\\/\\\/media.radiolitoral.com\\\/wp-content\\\/uploads\\\/2023\\\/02\\\/24143238\\\/CL-V-RadioLitoral696.png\",\"contentUrl\":\"https:\\\/\\\/media.radiolitoral.com\\\/wp-content\\\/uploads\\\/2023\\\/02\\\/24143238\\\/CL-V-RadioLitoral696.png\",\"width\":696,\"height\":696,\"caption\":\"Radio Litoral\"},\"image\":{\"@id\":\"https:\\\/\\\/radiolitoral.com\\\/#\\\/schema\\\/logo\\\/image\\\/\"},\"sameAs\":[\"https:\\\/\\\/www.facebook.com\\\/Laradiolitoral\\\/\"]},{\"@type\":\"Person\",\"@id\":\"https:\\\/\\\/radiolitoral.com\\\/#\\\/schema\\\/person\\\/f2b2343c49b5d721857cc1002bfdb151\",\"name\":\"Redacci\u00f3n\",\"image\":{\"@type\":\"ImageObject\",\"inLanguage\":\"ca\",\"@id\":\"https:\\\/\\\/secure.gravatar.com\\\/avatar\\\/f771d896c203ad8b3382d7905cfcce5a5c9b008b84b3cd9114e9b9f4cb63f789?s=96&d=mm&r=g\",\"url\":\"https:\\\/\\\/secure.gravatar.com\\\/avatar\\\/f771d896c203ad8b3382d7905cfcce5a5c9b008b84b3cd9114e9b9f4cb63f789?s=96&d=mm&r=g\",\"contentUrl\":\"https:\\\/\\\/secure.gravatar.com\\\/avatar\\\/f771d896c203ad8b3382d7905cfcce5a5c9b008b84b3cd9114e9b9f4cb63f789?s=96&d=mm&r=g\",\"caption\":\"Redacci\u00f3n\"},\"url\":\"https:\\\/\\\/radiolitoral.com\\\/ca\\\/author\\\/miriam-pagan\\\/\"}]}<\/script>\n<!-- \/ Yoast SEO plugin. -->","yoast_head_json":{"title":"L&#039;Hospital de D\u00e9nia celebra un Nadal m\u00e0gic dedicat als m\u00e9s menuts amb visites, regals i nadals | R\u00e0dio Litoral","description":"El Capit\u00e0 Am\u00e8rica visita els xiquets ingressats, mentre alumnes del CEIP de la Xara omplen de m\u00fasica i esperit nadalenc el vest\u00edbul de l&#039;hospital de l&#039;hospital","robots":{"index":"index","follow":"follow","max-snippet":"max-snippet:-1","max-image-preview":"max-image-preview:large","max-video-preview":"max-video-preview:-1"},"canonical":"https:\/\/radiolitoral.com\/ca\/2024\/12\/lhospital-de-denia-celebra-un-nadal-magic-dedicat-als-mes-menuts-amb-visites-regals-i-villancs\/","og_locale":"ca_ES","og_type":"article","og_title":"L'Hospital de D\u00e9nia celebra un Nadal m\u00e0gic dedicat als m\u00e9s menuts amb visites, regals i nadales | R\u00e0dio Litoral","og_description":"El Capit\u00e0 Am\u00e8rica visita els xiquets ingressats, mentre alumnes del CEIP de La Xara omplin de m\u00fasica i esperit nadalenc el hall de l'hospital El Capit\u00e0 Am\u00e8rica visita els xiquets ingressats, mentre alumnes del CEIP de La Xara omplin de m\u00fasica i esperit nadalenc el hall de l'hospital","og_url":"https:\/\/radiolitoral.com\/ca\/2024\/12\/lhospital-de-denia-celebra-un-nadal-magic-dedicat-als-mes-menuts-amb-visites-regals-i-villancs\/","og_site_name":"R\u00e0dio Litoral","article_publisher":"https:\/\/www.facebook.com\/Laradiolitoral\/","article_published_time":"2024-12-19T13:18:11+00:00","og_image":[{"width":2000,"height":1333,"url":"https:\/\/media.radiolitoral.com\/wp-content\/uploads\/2024\/12\/19141045\/Hospital-Denia-Navidad-Pediatria.jpg","type":"image\/jpeg"}],"author":"Redacci\u00f3n","twitter_card":"summary_large_image","twitter_misc":{"Escrit per":"Redacci\u00f3n","Temps estimat de lectura":"2 minuts"},"schema":{"@context":"https:\/\/schema.org","@graph":[{"@type":"NewsArticle","@id":"https:\/\/radiolitoral.com\/2024\/12\/lhospital-de-denia-celebra-un-nadal-magic-dedicat-als-mes-menuts-amb-visites-regals-i-nadales\/#article","isPartOf":{"@id":"https:\/\/radiolitoral.com\/2024\/12\/lhospital-de-denia-celebra-un-nadal-magic-dedicat-als-mes-menuts-amb-visites-regals-i-nadales\/"},"author":{"name":"Redacci\u00f3n","@id":"https:\/\/radiolitoral.com\/#\/schema\/person\/f2b2343c49b5d721857cc1002bfdb151"},"headline":"L&#8217;Hospital de D\u00e9nia celebra un Nadal m\u00e0gic dedicat als m\u00e9s menuts amb visites, regals i nadales","datePublished":"2024-12-19T13:18:11+00:00","mainEntityOfPage":{"@id":"https:\/\/radiolitoral.com\/2024\/12\/lhospital-de-denia-celebra-un-nadal-magic-dedicat-als-mes-menuts-amb-visites-regals-i-nadales\/"},"wordCount":334,"commentCount":0,"publisher":{"@id":"https:\/\/radiolitoral.com\/#organization"},"image":{"@id":"https:\/\/radiolitoral.com\/2024\/12\/lhospital-de-denia-celebra-un-nadal-magic-dedicat-als-mes-menuts-amb-visites-regals-i-nadales\/#primaryimage"},"thumbnailUrl":"https:\/\/media.radiolitoral.com\/wp-content\/uploads\/2024\/12\/19141045\/Hospital-Denia-Navidad-Pediatria.jpg","keywords":["Hospital D\u00e9nia","Marina Alta","Navidad","sociedad"],"articleSection":["Navidad"],"inLanguage":"ca","potentialAction":[{"@type":"CommentAction","name":"Comment","target":["https:\/\/radiolitoral.com\/2024\/12\/lhospital-de-denia-celebra-un-nadal-magic-dedicat-als-mes-menuts-amb-visites-regals-i-nadales\/#respond"]}]},{"@type":["WebPage","ItemPage"],"@id":"https:\/\/radiolitoral.com\/2024\/12\/lhospital-de-denia-celebra-un-nadal-magic-dedicat-als-mes-menuts-amb-visites-regals-i-nadales\/","url":"https:\/\/radiolitoral.com\/2024\/12\/lhospital-de-denia-celebra-un-nadal-magic-dedicat-als-mes-menuts-amb-visites-regals-i-nadales\/","name":"L&#039;Hospital de D\u00e9nia celebra un Nadal m\u00e0gic dedicat als m\u00e9s menuts amb visites, regals i nadals | R\u00e0dio Litoral","isPartOf":{"@id":"https:\/\/radiolitoral.com\/#website"},"primaryImageOfPage":{"@id":"https:\/\/radiolitoral.com\/2024\/12\/lhospital-de-denia-celebra-un-nadal-magic-dedicat-als-mes-menuts-amb-visites-regals-i-nadales\/#primaryimage"},"image":{"@id":"https:\/\/radiolitoral.com\/2024\/12\/lhospital-de-denia-celebra-un-nadal-magic-dedicat-als-mes-menuts-amb-visites-regals-i-nadales\/#primaryimage"},"thumbnailUrl":"https:\/\/media.radiolitoral.com\/wp-content\/uploads\/2024\/12\/19141045\/Hospital-Denia-Navidad-Pediatria.jpg","datePublished":"2024-12-19T13:18:11+00:00","description":"El Capit\u00e0 Am\u00e8rica visita els xiquets ingressats, mentre alumnes del CEIP de la Xara omplen de m\u00fasica i esperit nadalenc el vest\u00edbul de l&#039;hospital de l&#039;hospital","breadcrumb":{"@id":"https:\/\/radiolitoral.com\/2024\/12\/lhospital-de-denia-celebra-un-nadal-magic-dedicat-als-mes-menuts-amb-visites-regals-i-nadales\/#breadcrumb"},"inLanguage":"ca","potentialAction":[{"@type":"ReadAction","target":["https:\/\/radiolitoral.com\/2024\/12\/lhospital-de-denia-celebra-un-nadal-magic-dedicat-als-mes-menuts-amb-visites-regals-i-nadales\/"]}]},{"@type":"ImageObject","inLanguage":"ca","@id":"https:\/\/radiolitoral.com\/2024\/12\/lhospital-de-denia-celebra-un-nadal-magic-dedicat-als-mes-menuts-amb-visites-regals-i-nadales\/#primaryimage","url":"https:\/\/media.radiolitoral.com\/wp-content\/uploads\/2024\/12\/19141045\/Hospital-Denia-Navidad-Pediatria.jpg","contentUrl":"https:\/\/media.radiolitoral.com\/wp-content\/uploads\/2024\/12\/19141045\/Hospital-Denia-Navidad-Pediatria.jpg","width":2000,"height":1333},{"@type":"BreadcrumbList","@id":"https:\/\/radiolitoral.com\/2024\/12\/lhospital-de-denia-celebra-un-nadal-magic-dedicat-als-mes-menuts-amb-visites-regals-i-nadales\/#breadcrumb","itemListElement":[{"@type":"ListItem","position":1,"name":"Portada","item":"https:\/\/radiolitoral.com\/"},{"@type":"ListItem","position":2,"name":"L&#8217;Hospital de D\u00e9nia celebra un Nadal m\u00e0gic dedicat als m\u00e9s menuts amb visites, regals i nadales"}]},{"@type":"WebSite","@id":"https:\/\/radiolitoral.com\/#website","url":"https:\/\/radiolitoral.com\/","name":"R\u00e0dio Litoral","description":"La r\u00e0dio local de la Marina Alta","publisher":{"@id":"https:\/\/radiolitoral.com\/#organization"},"alternateName":"Litoral FM","potentialAction":[{"@type":"SearchAction","target":{"@type":"EntryPoint","urlTemplate":"https:\/\/radiolitoral.com\/?s={search_term_string}"},"query-input":{"@type":"PropertyValueSpecification","valueRequired":true,"valueName":"search_term_string"}}],"inLanguage":"ca"},{"@type":"Organization","@id":"https:\/\/radiolitoral.com\/#organization","name":"R\u00e0dio Litoral","url":"https:\/\/radiolitoral.com\/","logo":{"@type":"ImageObject","inLanguage":"ca","@id":"https:\/\/radiolitoral.com\/#\/schema\/logo\/image\/","url":"https:\/\/media.radiolitoral.com\/wp-content\/uploads\/2023\/02\/24143238\/CL-V-RadioLitoral696.png","contentUrl":"https:\/\/media.radiolitoral.com\/wp-content\/uploads\/2023\/02\/24143238\/CL-V-RadioLitoral696.png","width":696,"height":696,"caption":"Radio Litoral"},"image":{"@id":"https:\/\/radiolitoral.com\/#\/schema\/logo\/image\/"},"sameAs":["https:\/\/www.facebook.com\/Laradiolitoral\/"]},{"@type":"Person","@id":"https:\/\/radiolitoral.com\/#\/schema\/person\/f2b2343c49b5d721857cc1002bfdb151","name":"Redacci\u00f3","image":{"@type":"ImageObject","inLanguage":"ca","@id":"https:\/\/secure.gravatar.com\/avatar\/f771d896c203ad8b3382d7905cfcce5a5c9b008b84b3cd9114e9b9f4cb63f789?s=96&d=mm&r=g","url":"https:\/\/secure.gravatar.com\/avatar\/f771d896c203ad8b3382d7905cfcce5a5c9b008b84b3cd9114e9b9f4cb63f789?s=96&d=mm&r=g","contentUrl":"https:\/\/secure.gravatar.com\/avatar\/f771d896c203ad8b3382d7905cfcce5a5c9b008b84b3cd9114e9b9f4cb63f789?s=96&d=mm&r=g","caption":"Redacci\u00f3n"},"url":"https:\/\/radiolitoral.com\/ca\/author\/miriam-pagan\/"}]}},"_links":{"self":[{"href":"https:\/\/radiolitoral.com\/ca\/wp-json\/wp\/v2\/posts\/13949","targetHints":{"allow":["GET"]}}],"collection":[{"href":"https:\/\/radiolitoral.com\/ca\/wp-json\/wp\/v2\/posts"}],"about":[{"href":"https:\/\/radiolitoral.com\/ca\/wp-json\/wp\/v2\/types\/post"}],"author":[{"embeddable":true,"href":"https:\/\/radiolitoral.com\/ca\/wp-json\/wp\/v2\/users\/13"}],"replies":[{"embeddable":true,"href":"https:\/\/radiolitoral.com\/ca\/wp-json\/wp\/v2\/comments?post=13949"}],"version-history":[{"count":1,"href":"https:\/\/radiolitoral.com\/ca\/wp-json\/wp\/v2\/posts\/13949\/revisions"}],"predecessor-version":[{"id":13950,"href":"https:\/\/radiolitoral.com\/ca\/wp-json\/wp\/v2\/posts\/13949\/revisions\/13950"}],"wp:featuredmedia":[{"embeddable":true,"href":"https:\/\/radiolitoral.com\/ca\/wp-json\/wp\/v2\/media\/13946"}],"wp:attachment":[{"href":"https:\/\/radiolitoral.com\/ca\/wp-json\/wp\/v2\/media?parent=13949"}],"wp:term":[{"taxonomy":"category","embeddable":true,"href":"https:\/\/radiolitoral.com\/ca\/wp-json\/wp\/v2\/categories?post=13949"},{"taxonomy":"post_tag","embeddable":true,"href":"https:\/\/radiolitoral.com\/ca\/wp-json\/wp\/v2\/tags?post=13949"}],"curies":[{"name":"wp","href":"https:\/\/api.w.org\/{rel}","templated":true}]}}