{"id":1388,"date":"2023-03-16T14:59:01","date_gmt":"2023-03-16T13:59:01","guid":{"rendered":"https:\/\/radiolitoral.com\/?p=1388"},"modified":"2023-03-16T14:59:50","modified_gmt":"2023-03-16T13:59:50","slug":"claus-per-entendre-un-adolescent-i-pantalles-i-infancia-xerrades-per-als-pares-calpins","status":"publish","type":"post","link":"https:\/\/radiolitoral.com\/ca\/2023\/03\/claves-para-entender-a-un-adolescente-y-pantallas-e-infancia-charlas-para-los-padres-calpinos\/","title":{"rendered":"\u00abClaus per entendre un adolescent\u00bb i \u00abPantalles i inf\u00e0ncia\u00bb xerrades per als pares calpins"},"content":{"rendered":"<p>La <strong>Regidoria d&#039;Educaci\u00f3 de Calp<\/strong> posa en marxa aquest mes de mar\u00e7 un <strong>cicle de confer\u00e8ncies educatives gratu\u00eftes adre\u00e7ades a pares i mares<\/strong>. El cicle s&#039;estrena, el dia 23,<strong> amb la xerrada \u00abClaus per entendre un adolescent\u00bb a c\u00e0rrec del reconegut metge psicoterapeuta Antonio R\u00edos.<\/strong><\/p>\n<p>Antonio R\u00edos fa diverses d\u00e8cades que acompanya fam\u00edlies en el cam\u00ed de l&#039;educaci\u00f3 dels seus fills. El metge psicoterapeuta reconeix que \u201cels 20 anys que ens toca educar els fills s\u00f3n els m\u00e9s complicats de la vida i els darrers cinc s\u00f3n els m\u00e9s dif\u00edcils\u201d. Com a especialista en orientaci\u00f3 i psicoter\u00e0pia familiar, de parella i amb adolescents, R\u00edos ha afirmat que \u201cmolts dels conflictes es generen a les fam\u00edlies i s\u00f3n elles les que han de buscar les solucions\u201d.<\/p>\n<p>Amb aquesta proposta, des de la Regidoria d&#039;Educaci\u00f3 es vol apropar als pares i mares el testimoni d&#039;aquest professional de l&#039;educaci\u00f3 perqu\u00e8 les fam\u00edlies disposin de les eines necess\u00e0ries per al desenvolupament dels fills. El doctor oferir\u00e0 la seva visi\u00f3 sobre les claus, els errors i els l\u00edmits a l&#039;educaci\u00f3 dels adolescents. La confer\u00e8ncia tindr\u00e0 lloc el <strong>23 de mar\u00e7 a l&#039;Auditori a les 19.30 hores.<\/strong><\/p>\n<p>El cicle continuar\u00e0 el <strong>20 d&#039;abril amb una nova confer\u00e8ncia amb el t\u00edtol \u00abPantalles i inf\u00e0ncia\u00bb a c\u00e0rrec de les doctores Pilar Su\u00e1rez i Isabel Rubio.<\/strong> L&#039;augment de l&#039;\u00fas de les pantalles a les escoles i les llars per part de menors i adolescents suposa un repte per a pares i educadors i sorgeix la necessitat de posar l\u00edmits a l&#039;\u00fas que els nens i adolescents fan dels dispositius m\u00f2bils, i aix\u00f2 passa en primer lloc lloc per conscienciar les fam\u00edlies i la societat.<\/p>\n<p>La xerrada de les doctores Pilar Su\u00e1rez i Isabel Rubio se celebrar\u00e0 el 20 d&#039;abril a les <strong>20 hores al Sal\u00f3 Blau<\/strong>. Est\u00e0 previst continuar aquest cicle de xerrades en els propers mesos.<\/p>\n<p>&nbsp;<\/p>","protected":false},"excerpt":{"rendered":"<p>La Concejal\u00eda de Educaci\u00f3n de Calp pone en marcha este mes de marzo un ciclo de conferencias educativas gratuitas dirigidas a padres y madres. El ciclo se estrena, el d\u00eda 23, con la charla \u00abClaves para entender a un adolescente\u00bb a cargo del reconocido m\u00e9dico psicoterapeuta Antonio R\u00edos. Antonio R\u00edos lleva varias d\u00e9cadas acompa\u00f1ando a [&#8230;]<\/p>\n<p><a class=\"btn btn-secondary understrap-read-more-link\" href=\"https:\/\/radiolitoral.com\/ca\/2023\/03\/claves-para-entender-a-un-adolescente-y-pantallas-e-infancia-charlas-para-los-padres-calpinos\/\">Continua llegint&#8230;<span class=\"screen-reader-text\"> from \u00abClaves para entender a un adolescente\u00bb y \u00abPantallas e infancia\u00bb charlas para los padres calpinos<\/span><\/a><\/p>\n","protected":false},"author":21,"featured_media":1390,"comment_status":"open","ping_status":"closed","sticky":false,"template":"","format":"standard","meta":{"_acf_changed":false,"inline_featured_image":false,"footnotes":""},"categories":[130],"tags":[243,122,123,241,240,214,242,244],"class_list":["post-1388","post","type-post","status-publish","format-standard","has-post-thumbnail","hentry","category-educacion","tag-adolescencia","tag-calp","tag-calpe","tag-charlas-infancia","tag-conferencias-calp","tag-infancia","tag-pantallas-e-infancia","tag-problemas-adolescencia","cobertura-calp"],"acf":[],"yoast_head":"<!-- This site is optimized with the Yoast SEO plugin v27.5 - https:\/\/yoast.com\/product\/yoast-seo-wordpress\/ -->\n<title>&quot;Claves para entender a un adolescente&quot; y &quot;Pantallas e infancia&quot; charlas para los padres calpinos | R\u00e0dio Litoral<\/title>\n<meta name=\"description\" content=\"Ciclo de conferencias educativas gratuitas\" \/>\n<meta name=\"robots\" content=\"index, follow, max-snippet:-1, max-image-preview:large, max-video-preview:-1\" \/>\n<link rel=\"canonical\" href=\"https:\/\/radiolitoral.com\/ca\/2023\/03\/claus-per-entendre-un-adolescent-i-pantalles-i-infancia-xerrades-per-als-pares-calpins\/\" \/>\n<meta property=\"og:locale\" content=\"ca_ES\" \/>\n<meta property=\"og:type\" content=\"article\" \/>\n<meta property=\"og:title\" content=\"&quot;Claves para entender a un adolescente&quot; y &quot;Pantallas e infancia&quot; charlas para los padres calpinos | R\u00e0dio Litoral\" \/>\n<meta property=\"og:description\" content=\"Ciclo de conferencias educativas gratuitas\" \/>\n<meta property=\"og:url\" content=\"https:\/\/radiolitoral.com\/ca\/2023\/03\/claus-per-entendre-un-adolescent-i-pantalles-i-infancia-xerrades-per-als-pares-calpins\/\" \/>\n<meta property=\"og:site_name\" content=\"R\u00e0dio Litoral\" \/>\n<meta property=\"article:publisher\" content=\"https:\/\/www.facebook.com\/Laradiolitoral\/\" \/>\n<meta property=\"article:published_time\" content=\"2023-03-16T13:59:01+00:00\" \/>\n<meta property=\"article:modified_time\" content=\"2023-03-16T13:59:50+00:00\" \/>\n<meta property=\"og:image\" content=\"https:\/\/media.radiolitoral.com\/wp-content\/uploads\/2023\/03\/16145510\/telf.webp\" \/>\n\t<meta property=\"og:image:width\" content=\"1200\" \/>\n\t<meta property=\"og:image:height\" content=\"675\" \/>\n\t<meta property=\"og:image:type\" content=\"image\/webp\" \/>\n<meta name=\"author\" content=\"Mel Pescuezo\" \/>\n<meta name=\"twitter:card\" content=\"summary_large_image\" \/>\n<meta name=\"twitter:label1\" content=\"Escrit per\" \/>\n\t<meta name=\"twitter:data1\" content=\"Mel Pescuezo\" \/>\n\t<meta name=\"twitter:label2\" content=\"Temps estimat de lectura\" \/>\n\t<meta name=\"twitter:data2\" content=\"2 minuts\" \/>\n<script type=\"application\/ld+json\" class=\"yoast-schema-graph\">{\"@context\":\"https:\\\/\\\/schema.org\",\"@graph\":[{\"@type\":\"NewsArticle\",\"@id\":\"https:\\\/\\\/radiolitoral.com\\\/2023\\\/03\\\/claves-para-entender-a-un-adolescente-y-pantallas-e-infancia-charlas-para-los-padres-calpinos\\\/#article\",\"isPartOf\":{\"@id\":\"https:\\\/\\\/radiolitoral.com\\\/2023\\\/03\\\/claves-para-entender-a-un-adolescente-y-pantallas-e-infancia-charlas-para-los-padres-calpinos\\\/\"},\"author\":{\"name\":\"Mel Pescuezo\",\"@id\":\"https:\\\/\\\/radiolitoral.com\\\/#\\\/schema\\\/person\\\/aad4f72efa404f85b68e832d24cac059\"},\"headline\":\"\u00abClaves para entender a un adolescente\u00bb y \u00abPantallas e infancia\u00bb charlas para los padres calpinos\",\"datePublished\":\"2023-03-16T13:59:01+00:00\",\"dateModified\":\"2023-03-16T13:59:50+00:00\",\"mainEntityOfPage\":{\"@id\":\"https:\\\/\\\/radiolitoral.com\\\/2023\\\/03\\\/claves-para-entender-a-un-adolescente-y-pantallas-e-infancia-charlas-para-los-padres-calpinos\\\/\"},\"wordCount\":361,\"commentCount\":0,\"publisher\":{\"@id\":\"https:\\\/\\\/radiolitoral.com\\\/#organization\"},\"image\":{\"@id\":\"https:\\\/\\\/radiolitoral.com\\\/2023\\\/03\\\/claves-para-entender-a-un-adolescente-y-pantallas-e-infancia-charlas-para-los-padres-calpinos\\\/#primaryimage\"},\"thumbnailUrl\":\"https:\\\/\\\/media.radiolitoral.com\\\/wp-content\\\/uploads\\\/2023\\\/03\\\/16145510\\\/telf.webp\",\"keywords\":[\"adolescencia\",\"Calp\",\"Calpe\",\"charlas infancia\",\"conferencias Calp\",\"infancia\",\"pantallas e infancia\",\"problemas adolescencia\"],\"articleSection\":[\"Educaci\u00f3n\"],\"inLanguage\":\"ca\",\"potentialAction\":[{\"@type\":\"CommentAction\",\"name\":\"Comment\",\"target\":[\"https:\\\/\\\/radiolitoral.com\\\/2023\\\/03\\\/claves-para-entender-a-un-adolescente-y-pantallas-e-infancia-charlas-para-los-padres-calpinos\\\/#respond\"]}]},{\"@type\":[\"WebPage\",\"ItemPage\"],\"@id\":\"https:\\\/\\\/radiolitoral.com\\\/2023\\\/03\\\/claves-para-entender-a-un-adolescente-y-pantallas-e-infancia-charlas-para-los-padres-calpinos\\\/\",\"url\":\"https:\\\/\\\/radiolitoral.com\\\/2023\\\/03\\\/claves-para-entender-a-un-adolescente-y-pantallas-e-infancia-charlas-para-los-padres-calpinos\\\/\",\"name\":\"\\\"Claves para entender a un adolescente\\\" y \\\"Pantallas e infancia\\\" charlas para los padres calpinos | R\u00e0dio Litoral\",\"isPartOf\":{\"@id\":\"https:\\\/\\\/radiolitoral.com\\\/#website\"},\"primaryImageOfPage\":{\"@id\":\"https:\\\/\\\/radiolitoral.com\\\/2023\\\/03\\\/claves-para-entender-a-un-adolescente-y-pantallas-e-infancia-charlas-para-los-padres-calpinos\\\/#primaryimage\"},\"image\":{\"@id\":\"https:\\\/\\\/radiolitoral.com\\\/2023\\\/03\\\/claves-para-entender-a-un-adolescente-y-pantallas-e-infancia-charlas-para-los-padres-calpinos\\\/#primaryimage\"},\"thumbnailUrl\":\"https:\\\/\\\/media.radiolitoral.com\\\/wp-content\\\/uploads\\\/2023\\\/03\\\/16145510\\\/telf.webp\",\"datePublished\":\"2023-03-16T13:59:01+00:00\",\"dateModified\":\"2023-03-16T13:59:50+00:00\",\"description\":\"Ciclo de conferencias educativas gratuitas\",\"breadcrumb\":{\"@id\":\"https:\\\/\\\/radiolitoral.com\\\/2023\\\/03\\\/claves-para-entender-a-un-adolescente-y-pantallas-e-infancia-charlas-para-los-padres-calpinos\\\/#breadcrumb\"},\"inLanguage\":\"ca\",\"potentialAction\":[{\"@type\":\"ReadAction\",\"target\":[\"https:\\\/\\\/radiolitoral.com\\\/2023\\\/03\\\/claves-para-entender-a-un-adolescente-y-pantallas-e-infancia-charlas-para-los-padres-calpinos\\\/\"]}]},{\"@type\":\"ImageObject\",\"inLanguage\":\"ca\",\"@id\":\"https:\\\/\\\/radiolitoral.com\\\/2023\\\/03\\\/claves-para-entender-a-un-adolescente-y-pantallas-e-infancia-charlas-para-los-padres-calpinos\\\/#primaryimage\",\"url\":\"https:\\\/\\\/media.radiolitoral.com\\\/wp-content\\\/uploads\\\/2023\\\/03\\\/16145510\\\/telf.webp\",\"contentUrl\":\"https:\\\/\\\/media.radiolitoral.com\\\/wp-content\\\/uploads\\\/2023\\\/03\\\/16145510\\\/telf.webp\",\"width\":1200,\"height\":675},{\"@type\":\"BreadcrumbList\",\"@id\":\"https:\\\/\\\/radiolitoral.com\\\/2023\\\/03\\\/claves-para-entender-a-un-adolescente-y-pantallas-e-infancia-charlas-para-los-padres-calpinos\\\/#breadcrumb\",\"itemListElement\":[{\"@type\":\"ListItem\",\"position\":1,\"name\":\"Portada\",\"item\":\"https:\\\/\\\/radiolitoral.com\\\/\"},{\"@type\":\"ListItem\",\"position\":2,\"name\":\"\u00abClaves para entender a un adolescente\u00bb y \u00abPantallas e infancia\u00bb charlas para los padres calpinos\"}]},{\"@type\":\"WebSite\",\"@id\":\"https:\\\/\\\/radiolitoral.com\\\/#website\",\"url\":\"https:\\\/\\\/radiolitoral.com\\\/\",\"name\":\"Radio Litoral\",\"description\":\"La radio local de la Marina Alta\",\"publisher\":{\"@id\":\"https:\\\/\\\/radiolitoral.com\\\/#organization\"},\"alternateName\":\"Litoral FM\",\"potentialAction\":[{\"@type\":\"SearchAction\",\"target\":{\"@type\":\"EntryPoint\",\"urlTemplate\":\"https:\\\/\\\/radiolitoral.com\\\/?s={search_term_string}\"},\"query-input\":{\"@type\":\"PropertyValueSpecification\",\"valueRequired\":true,\"valueName\":\"search_term_string\"}}],\"inLanguage\":\"ca\"},{\"@type\":\"Organization\",\"@id\":\"https:\\\/\\\/radiolitoral.com\\\/#organization\",\"name\":\"Radio Litoral\",\"url\":\"https:\\\/\\\/radiolitoral.com\\\/\",\"logo\":{\"@type\":\"ImageObject\",\"inLanguage\":\"ca\",\"@id\":\"https:\\\/\\\/radiolitoral.com\\\/#\\\/schema\\\/logo\\\/image\\\/\",\"url\":\"https:\\\/\\\/media.radiolitoral.com\\\/wp-content\\\/uploads\\\/2023\\\/02\\\/24143238\\\/CL-V-RadioLitoral696.png\",\"contentUrl\":\"https:\\\/\\\/media.radiolitoral.com\\\/wp-content\\\/uploads\\\/2023\\\/02\\\/24143238\\\/CL-V-RadioLitoral696.png\",\"width\":696,\"height\":696,\"caption\":\"Radio Litoral\"},\"image\":{\"@id\":\"https:\\\/\\\/radiolitoral.com\\\/#\\\/schema\\\/logo\\\/image\\\/\"},\"sameAs\":[\"https:\\\/\\\/www.facebook.com\\\/Laradiolitoral\\\/\"]},{\"@type\":\"Person\",\"@id\":\"https:\\\/\\\/radiolitoral.com\\\/#\\\/schema\\\/person\\\/aad4f72efa404f85b68e832d24cac059\",\"name\":\"Mel Pescuezo\",\"image\":{\"@type\":\"ImageObject\",\"inLanguage\":\"ca\",\"@id\":\"https:\\\/\\\/secure.gravatar.com\\\/avatar\\\/993975ae489c70cb0dd9bfa9413a082f0bd276582dac13661af7b33f161e7eea?s=96&d=mm&r=g\",\"url\":\"https:\\\/\\\/secure.gravatar.com\\\/avatar\\\/993975ae489c70cb0dd9bfa9413a082f0bd276582dac13661af7b33f161e7eea?s=96&d=mm&r=g\",\"contentUrl\":\"https:\\\/\\\/secure.gravatar.com\\\/avatar\\\/993975ae489c70cb0dd9bfa9413a082f0bd276582dac13661af7b33f161e7eea?s=96&d=mm&r=g\",\"caption\":\"Mel Pescuezo\"},\"url\":\"https:\\\/\\\/radiolitoral.com\\\/ca\\\/author\\\/serviciospararadios\\\/\"}]}<\/script>\n<!-- \/ Yoast SEO plugin. -->","yoast_head_json":{"title":"&quot;Claus per entendre un adolescent&quot; i &quot;Pantalles i inf\u00e0ncia&quot; xerrades per als pares calpins | R\u00e0dio Litoral","description":"Cicle de confer\u00e8ncies educatives gratu\u00eftes","robots":{"index":"index","follow":"follow","max-snippet":"max-snippet:-1","max-image-preview":"max-image-preview:large","max-video-preview":"max-video-preview:-1"},"canonical":"https:\/\/radiolitoral.com\/ca\/2023\/03\/claus-per-entendre-un-adolescent-i-pantalles-i-infancia-xerrades-per-als-pares-calpins\/","og_locale":"ca_ES","og_type":"article","og_title":"\"Claves para entender a un adolescente\" y \"Pantallas e infancia\" charlas para los padres calpinos | R\u00e0dio Litoral","og_description":"Ciclo de conferencias educativas gratuitas","og_url":"https:\/\/radiolitoral.com\/ca\/2023\/03\/claus-per-entendre-un-adolescent-i-pantalles-i-infancia-xerrades-per-als-pares-calpins\/","og_site_name":"R\u00e0dio Litoral","article_publisher":"https:\/\/www.facebook.com\/Laradiolitoral\/","article_published_time":"2023-03-16T13:59:01+00:00","article_modified_time":"2023-03-16T13:59:50+00:00","og_image":[{"width":1200,"height":675,"url":"https:\/\/media.radiolitoral.com\/wp-content\/uploads\/2023\/03\/16145510\/telf.webp","type":"image\/webp"}],"author":"Mel Pescuezo","twitter_card":"summary_large_image","twitter_misc":{"Escrit per":"Mel Pescuezo","Temps estimat de lectura":"2 minuts"},"schema":{"@context":"https:\/\/schema.org","@graph":[{"@type":"NewsArticle","@id":"https:\/\/radiolitoral.com\/2023\/03\/claves-para-entender-a-un-adolescente-y-pantallas-e-infancia-charlas-para-los-padres-calpinos\/#article","isPartOf":{"@id":"https:\/\/radiolitoral.com\/2023\/03\/claves-para-entender-a-un-adolescente-y-pantallas-e-infancia-charlas-para-los-padres-calpinos\/"},"author":{"name":"Mel Pescuezo","@id":"https:\/\/radiolitoral.com\/#\/schema\/person\/aad4f72efa404f85b68e832d24cac059"},"headline":"\u00abClaves para entender a un adolescente\u00bb y \u00abPantallas e infancia\u00bb charlas para los padres calpinos","datePublished":"2023-03-16T13:59:01+00:00","dateModified":"2023-03-16T13:59:50+00:00","mainEntityOfPage":{"@id":"https:\/\/radiolitoral.com\/2023\/03\/claves-para-entender-a-un-adolescente-y-pantallas-e-infancia-charlas-para-los-padres-calpinos\/"},"wordCount":361,"commentCount":0,"publisher":{"@id":"https:\/\/radiolitoral.com\/#organization"},"image":{"@id":"https:\/\/radiolitoral.com\/2023\/03\/claves-para-entender-a-un-adolescente-y-pantallas-e-infancia-charlas-para-los-padres-calpinos\/#primaryimage"},"thumbnailUrl":"https:\/\/media.radiolitoral.com\/wp-content\/uploads\/2023\/03\/16145510\/telf.webp","keywords":["adolescencia","Calp","Calpe","charlas infancia","conferencias Calp","infancia","pantallas e infancia","problemas adolescencia"],"articleSection":["Educaci\u00f3n"],"inLanguage":"ca","potentialAction":[{"@type":"CommentAction","name":"Comment","target":["https:\/\/radiolitoral.com\/2023\/03\/claves-para-entender-a-un-adolescente-y-pantallas-e-infancia-charlas-para-los-padres-calpinos\/#respond"]}]},{"@type":["WebPage","ItemPage"],"@id":"https:\/\/radiolitoral.com\/2023\/03\/claves-para-entender-a-un-adolescente-y-pantallas-e-infancia-charlas-para-los-padres-calpinos\/","url":"https:\/\/radiolitoral.com\/2023\/03\/claves-para-entender-a-un-adolescente-y-pantallas-e-infancia-charlas-para-los-padres-calpinos\/","name":"&quot;Claus per entendre un adolescent&quot; i &quot;Pantalles i inf\u00e0ncia&quot; xerrades per als pares calpins | R\u00e0dio Litoral","isPartOf":{"@id":"https:\/\/radiolitoral.com\/#website"},"primaryImageOfPage":{"@id":"https:\/\/radiolitoral.com\/2023\/03\/claves-para-entender-a-un-adolescente-y-pantallas-e-infancia-charlas-para-los-padres-calpinos\/#primaryimage"},"image":{"@id":"https:\/\/radiolitoral.com\/2023\/03\/claves-para-entender-a-un-adolescente-y-pantallas-e-infancia-charlas-para-los-padres-calpinos\/#primaryimage"},"thumbnailUrl":"https:\/\/media.radiolitoral.com\/wp-content\/uploads\/2023\/03\/16145510\/telf.webp","datePublished":"2023-03-16T13:59:01+00:00","dateModified":"2023-03-16T13:59:50+00:00","description":"Cicle de confer\u00e8ncies educatives gratu\u00eftes","breadcrumb":{"@id":"https:\/\/radiolitoral.com\/2023\/03\/claves-para-entender-a-un-adolescente-y-pantallas-e-infancia-charlas-para-los-padres-calpinos\/#breadcrumb"},"inLanguage":"ca","potentialAction":[{"@type":"ReadAction","target":["https:\/\/radiolitoral.com\/2023\/03\/claves-para-entender-a-un-adolescente-y-pantallas-e-infancia-charlas-para-los-padres-calpinos\/"]}]},{"@type":"ImageObject","inLanguage":"ca","@id":"https:\/\/radiolitoral.com\/2023\/03\/claves-para-entender-a-un-adolescente-y-pantallas-e-infancia-charlas-para-los-padres-calpinos\/#primaryimage","url":"https:\/\/media.radiolitoral.com\/wp-content\/uploads\/2023\/03\/16145510\/telf.webp","contentUrl":"https:\/\/media.radiolitoral.com\/wp-content\/uploads\/2023\/03\/16145510\/telf.webp","width":1200,"height":675},{"@type":"BreadcrumbList","@id":"https:\/\/radiolitoral.com\/2023\/03\/claves-para-entender-a-un-adolescente-y-pantallas-e-infancia-charlas-para-los-padres-calpinos\/#breadcrumb","itemListElement":[{"@type":"ListItem","position":1,"name":"Portada","item":"https:\/\/radiolitoral.com\/"},{"@type":"ListItem","position":2,"name":"\u00abClaves para entender a un adolescente\u00bb y \u00abPantallas e infancia\u00bb charlas para los padres calpinos"}]},{"@type":"WebSite","@id":"https:\/\/radiolitoral.com\/#website","url":"https:\/\/radiolitoral.com\/","name":"R\u00e0dio Litoral","description":"La r\u00e0dio local de la Marina Alta","publisher":{"@id":"https:\/\/radiolitoral.com\/#organization"},"alternateName":"Litoral FM","potentialAction":[{"@type":"SearchAction","target":{"@type":"EntryPoint","urlTemplate":"https:\/\/radiolitoral.com\/?s={search_term_string}"},"query-input":{"@type":"PropertyValueSpecification","valueRequired":true,"valueName":"search_term_string"}}],"inLanguage":"ca"},{"@type":"Organization","@id":"https:\/\/radiolitoral.com\/#organization","name":"R\u00e0dio Litoral","url":"https:\/\/radiolitoral.com\/","logo":{"@type":"ImageObject","inLanguage":"ca","@id":"https:\/\/radiolitoral.com\/#\/schema\/logo\/image\/","url":"https:\/\/media.radiolitoral.com\/wp-content\/uploads\/2023\/02\/24143238\/CL-V-RadioLitoral696.png","contentUrl":"https:\/\/media.radiolitoral.com\/wp-content\/uploads\/2023\/02\/24143238\/CL-V-RadioLitoral696.png","width":696,"height":696,"caption":"Radio Litoral"},"image":{"@id":"https:\/\/radiolitoral.com\/#\/schema\/logo\/image\/"},"sameAs":["https:\/\/www.facebook.com\/Laradiolitoral\/"]},{"@type":"Person","@id":"https:\/\/radiolitoral.com\/#\/schema\/person\/aad4f72efa404f85b68e832d24cac059","name":"Mel Pescuezo","image":{"@type":"ImageObject","inLanguage":"ca","@id":"https:\/\/secure.gravatar.com\/avatar\/993975ae489c70cb0dd9bfa9413a082f0bd276582dac13661af7b33f161e7eea?s=96&d=mm&r=g","url":"https:\/\/secure.gravatar.com\/avatar\/993975ae489c70cb0dd9bfa9413a082f0bd276582dac13661af7b33f161e7eea?s=96&d=mm&r=g","contentUrl":"https:\/\/secure.gravatar.com\/avatar\/993975ae489c70cb0dd9bfa9413a082f0bd276582dac13661af7b33f161e7eea?s=96&d=mm&r=g","caption":"Mel Pescuezo"},"url":"https:\/\/radiolitoral.com\/ca\/author\/serviciospararadios\/"}]}},"_links":{"self":[{"href":"https:\/\/radiolitoral.com\/ca\/wp-json\/wp\/v2\/posts\/1388","targetHints":{"allow":["GET"]}}],"collection":[{"href":"https:\/\/radiolitoral.com\/ca\/wp-json\/wp\/v2\/posts"}],"about":[{"href":"https:\/\/radiolitoral.com\/ca\/wp-json\/wp\/v2\/types\/post"}],"author":[{"embeddable":true,"href":"https:\/\/radiolitoral.com\/ca\/wp-json\/wp\/v2\/users\/21"}],"replies":[{"embeddable":true,"href":"https:\/\/radiolitoral.com\/ca\/wp-json\/wp\/v2\/comments?post=1388"}],"version-history":[{"count":1,"href":"https:\/\/radiolitoral.com\/ca\/wp-json\/wp\/v2\/posts\/1388\/revisions"}],"predecessor-version":[{"id":1391,"href":"https:\/\/radiolitoral.com\/ca\/wp-json\/wp\/v2\/posts\/1388\/revisions\/1391"}],"wp:featuredmedia":[{"embeddable":true,"href":"https:\/\/radiolitoral.com\/ca\/wp-json\/wp\/v2\/media\/1390"}],"wp:attachment":[{"href":"https:\/\/radiolitoral.com\/ca\/wp-json\/wp\/v2\/media?parent=1388"}],"wp:term":[{"taxonomy":"category","embeddable":true,"href":"https:\/\/radiolitoral.com\/ca\/wp-json\/wp\/v2\/categories?post=1388"},{"taxonomy":"post_tag","embeddable":true,"href":"https:\/\/radiolitoral.com\/ca\/wp-json\/wp\/v2\/tags?post=1388"}],"curies":[{"name":"wp","href":"https:\/\/api.w.org\/{rel}","templated":true}]}}