{"id":13871,"date":"2024-12-17T11:41:55","date_gmt":"2024-12-17T10:41:55","guid":{"rendered":"https:\/\/radiolitoral.com\/?p=13871"},"modified":"2024-12-17T11:41:55","modified_gmt":"2024-12-17T10:41:55","slug":"jaume-escortell-no-cobrem-ni-un-centim-per-muntar-el-betlem-i-la-nostra-recompensa-es-veure-les-cares-de-satisfacci-de-la-gent","status":"publish","type":"post","link":"https:\/\/radiolitoral.com\/ca\/2024\/12\/jaume-escortell-no-cobrem-ni-un-centim-per-muntar-el-betlem-i-la-nostra-recompensa-es-veure-les-cares-de-satisfaccio-de-la-gent\/","title":{"rendered":"Jaume Escortell: \u201cNo cobrem ni un c\u00e8ntim per muntar el Betlem i la nostra recompensa \u00e9s veure les cares de satisfacci\u00f3 de la gent\u201d"},"content":{"rendered":"<p>Ens submergim de sobte a les festes nadalenques. En tan sols una setmana estarem celebrant la Nit de Nadal. Per aix\u00f2 al nostre <strong>Primer Caf\u00e8<\/strong> de hui hem dedicat aquest temps radiof\u00f2nic a un dels elements m\u00e9s tradicionals del Nadal: <strong>el betlem<\/strong>. Hem compartit el simbolisme, tradici\u00f3 i art que comporta muntar el betlem amb el jove <strong>president de l&#039;Associaci\u00f3 de Betlemistes de Calp, Jaume Escortell<\/strong>, col\u00b7lectiu responsable de la creaci\u00f3 del betlem municipal que des del pont de desembre es pot visitar a la <strong>Casa de Cultura Jaume Pastor i Fluix\u00e0<\/strong>.<\/p>\n<p>Una recreaci\u00f3 del naixement de Jes\u00fas, de 24 metres quadrats, que es pot visitar a la sala d&#039;exposicions de la Casa de Cultura. Escenificaci\u00f3 que, com ens ha explicat el nostre convidat, presta una atenci\u00f3 especial a la fugida a Egipte de la sagrada fam\u00edlia per evitar la persecuci\u00f3 d&#039;Herodes. Un Betlem que inclou entre les seves novetats la incorporaci\u00f3 de figures significatives, noves escenes i la possibilitat de poder veure&#039;l des de dues perspectives.<\/p>\n<p>Un treball de car\u00e0cter artesanal que comen\u00e7a fins i tot abans de l&#039;estiu i que requereix temps i dedicaci\u00f3. d&#039;elements, des de les cases fins a les muntanyes, passant pel palau d&#039;Herodes, s\u00f3n creacions pr\u00f2pies i artesanals.<\/p>\n<p>Jaume Escortell \u00e9s un jove betlemista, nom\u00e9s t\u00e9 18 anys, per\u00f2 com ens ha explicat a l&#039;entrevista, la seva gran afici\u00f3 i gust per l&#039;art de muntar el Betlem va comen\u00e7ar quan nom\u00e9s era un nen. De fet, va entrar a formar part de l&#039;Associaci\u00f3 de Betlemistes de Calp amb 8 anys. La seva afici\u00f3 i art tamb\u00e9 l&#039;executa amb la creaci\u00f3 del betlem familiar, de 10 metres quadrats. De moment no es pot visitar, encara que li agradaria poder traslladar-lo a un local per donar-lo a con\u00e8ixer al p\u00fablic en general.<\/p>\n<p>Escortell, com a president del col\u00b7lectiu de betlemistes de Calp, anima altres joves a introduir-se en aquesta tradici\u00f3 i evitar aix\u00ed que es perdi el costum de muntar el Betlem a les festes nadalenques.<\/p>\n<p>Podeu tornar a escortar l&#039;entrevista completa aqu\u00ed.<\/p>\n<audio class=\"wp-audio-shortcode\" id=\"audio-13871-1\" preload=\"none\" style=\"width: 100%;\" controls=\"controls\"><source type=\"audio\/mpeg\" src=\"https:\/\/media.radiolitoral.com\/wp-content\/uploads\/2024\/12\/17113724\/Primer-Cafe-Belen-de-Calp.mp3?_=1\" \/><a href=\"https:\/\/media.radiolitoral.com\/wp-content\/uploads\/2024\/12\/17113724\/Primer-Cafe-Belen-de-Calp.mp3\">https:\/\/media.radiolitoral.com\/wp-content\/uploads\/2024\/12\/17113724\/Primer-Cafe-Belen-de-Calp.mp3<\/a><\/audio>","protected":false},"excerpt":{"rendered":"<p>Ens submergim a correcuita a les festes nadalenques. En tan sols una setmana estarem celebrant la Nit de Nadal. Per aix\u00f2 al nostre Primer Caf\u00e9 de hui hem dedicat aquest temps radiof\u00f2nic a un dels elements m\u00e9s tradicionals del Nadal: el betlem. Hem compartit el simbolisme, tradici\u00f3 i art que comporta muntar el betlem amb [&#8230;]<\/p>\n<p><a class=\"btn btn-secondary understrap-read-more-link\" href=\"https:\/\/radiolitoral.com\/ca\/2024\/12\/jaume-escortell-no-cobrem-ni-un-centim-per-muntar-el-betlem-i-la-nostra-recompensa-es-veure-les-cares-de-satisfaccio-de-la-gent\/\">Continua llegint&#8230;<span class=\"screen-reader-text\"> from Jaume Escortell: \u201cNo cobrem ni un c\u00e8ntim per muntar el Betlem i la nostra recompensa \u00e9s veure les cares de satisfacci\u00f3 de la gent\u201d<\/span><\/a><\/p>\n","protected":false},"author":13,"featured_media":13873,"comment_status":"open","ping_status":"closed","sticky":false,"template":"","format":"standard","meta":{"_acf_changed":false,"inline_featured_image":false,"footnotes":""},"categories":[55,2753,863],"tags":[3046,2910,3048,3047,2312,2680],"class_list":["post-13871","post","type-post","status-publish","format-standard","has-post-thumbnail","hentry","category-cultura","category-entrevistas","category-navidad","tag-asociacion-de-belenistas-de-calp","tag-betlem","tag-casa-de-cultura-calp","tag-jaume-escortell","tag-primer-cafe","tag-tradicions","cobertura-calp"],"acf":[],"yoast_head":"<!-- This site is optimized with the Yoast SEO plugin v27.5 - https:\/\/yoast.com\/product\/yoast-seo-wordpress\/ -->\n<title>Jaume Escortell: \u201cNo cobrem ni un c\u00e8ntim per muntar el Betlem i la nostra recompensa \u00e9s veure les cares de satisfacci\u00f3 de la gent\u201d | R\u00e0dio Litoral<\/title>\n<meta name=\"description\" content=\"La Casa de Cultura de Calp acull el renovat betlem de 24 metres quadrats creat per l&#039;Associaci\u00f3 de Betlemistes local\" \/>\n<meta name=\"robots\" content=\"index, follow, max-snippet:-1, max-image-preview:large, max-video-preview:-1\" \/>\n<link rel=\"canonical\" href=\"https:\/\/radiolitoral.com\/ca\/2024\/12\/jaume-escortell-no-cobrem-ni-un-centim-per-muntar-el-betlem-i-la-nostra-recompensa-es-veure-les-cares-de-satisfacci-de-la-gent\/\" \/>\n<meta property=\"og:locale\" content=\"ca_ES\" \/>\n<meta property=\"og:type\" content=\"article\" \/>\n<meta property=\"og:title\" content=\"Jaume Escortell: \u201cNo cobrem ni un c\u00e8ntim per muntar el Betlem i la nostra recompensa \u00e9s veure les cares de satisfacci\u00f3 de la gent\u201d | R\u00e0dio Litoral\" \/>\n<meta property=\"og:description\" content=\"La Casa de Cultura de Calp acull el renovat betlem de 24 metres quadrats creat per l&#039;Associaci\u00f3 de Betlemistes local\" \/>\n<meta property=\"og:url\" content=\"https:\/\/radiolitoral.com\/ca\/2024\/12\/jaume-escortell-no-cobrem-ni-un-centim-per-muntar-el-betlem-i-la-nostra-recompensa-es-veure-les-cares-de-satisfacci-de-la-gent\/\" \/>\n<meta property=\"og:site_name\" content=\"R\u00e0dio Litoral\" \/>\n<meta property=\"article:publisher\" content=\"https:\/\/www.facebook.com\/Laradiolitoral\/\" \/>\n<meta property=\"article:published_time\" content=\"2024-12-17T10:41:55+00:00\" \/>\n<meta property=\"og:image\" content=\"https:\/\/media.radiolitoral.com\/wp-content\/uploads\/2024\/12\/17113855\/Jaume-Escortell-Primer-Cafe.jpg\" \/>\n\t<meta property=\"og:image:width\" content=\"2000\" \/>\n\t<meta property=\"og:image:height\" content=\"1125\" \/>\n\t<meta property=\"og:image:type\" content=\"image\/jpeg\" \/>\n<meta name=\"author\" content=\"Redacci\u00f3n\" \/>\n<meta name=\"twitter:card\" content=\"summary_large_image\" \/>\n<meta name=\"twitter:label1\" content=\"Escrit per\" \/>\n\t<meta name=\"twitter:data1\" content=\"Redacci\u00f3n\" \/>\n\t<meta name=\"twitter:label2\" content=\"Temps estimat de lectura\" \/>\n\t<meta name=\"twitter:data2\" content=\"3 minuts\" \/>\n<script type=\"application\/ld+json\" class=\"yoast-schema-graph\">{\"@context\":\"https:\\\/\\\/schema.org\",\"@graph\":[{\"@type\":\"NewsArticle\",\"@id\":\"https:\\\/\\\/radiolitoral.com\\\/2024\\\/12\\\/jaume-escortell-no-cobrem-ni-un-centim-per-muntar-el-betlem-i-la-nostra-recompensa-es-veure-les-cares-de-satisfaccio-de-la-gent\\\/#article\",\"isPartOf\":{\"@id\":\"https:\\\/\\\/radiolitoral.com\\\/2024\\\/12\\\/jaume-escortell-no-cobrem-ni-un-centim-per-muntar-el-betlem-i-la-nostra-recompensa-es-veure-les-cares-de-satisfaccio-de-la-gent\\\/\"},\"author\":{\"name\":\"Redacci\u00f3n\",\"@id\":\"https:\\\/\\\/radiolitoral.com\\\/#\\\/schema\\\/person\\\/f2b2343c49b5d721857cc1002bfdb151\"},\"headline\":\"Jaume Escortell: \u201cNo cobrem ni un c\u00e8ntim per muntar el Betlem i la nostra recompensa \u00e9s veure les cares de satisfacci\u00f3 de la gent\u201d\",\"datePublished\":\"2024-12-17T10:41:55+00:00\",\"mainEntityOfPage\":{\"@id\":\"https:\\\/\\\/radiolitoral.com\\\/2024\\\/12\\\/jaume-escortell-no-cobrem-ni-un-centim-per-muntar-el-betlem-i-la-nostra-recompensa-es-veure-les-cares-de-satisfaccio-de-la-gent\\\/\"},\"wordCount\":420,\"commentCount\":0,\"publisher\":{\"@id\":\"https:\\\/\\\/radiolitoral.com\\\/#organization\"},\"image\":{\"@id\":\"https:\\\/\\\/radiolitoral.com\\\/2024\\\/12\\\/jaume-escortell-no-cobrem-ni-un-centim-per-muntar-el-betlem-i-la-nostra-recompensa-es-veure-les-cares-de-satisfaccio-de-la-gent\\\/#primaryimage\"},\"thumbnailUrl\":\"https:\\\/\\\/media.radiolitoral.com\\\/wp-content\\\/uploads\\\/2024\\\/12\\\/17113855\\\/Jaume-Escortell-Primer-Cafe.jpg\",\"keywords\":[\"Asociaci\u00f3n de Belenistas de Calp\",\"Betlem\",\"Casa de Cultura Calp\",\"Jaume Escortell\",\"Primer Caf\u00e9\",\"Tradicions\"],\"articleSection\":[\"Cultura\",\"Entrevistas\",\"Navidad\"],\"inLanguage\":\"ca\",\"potentialAction\":[{\"@type\":\"CommentAction\",\"name\":\"Comment\",\"target\":[\"https:\\\/\\\/radiolitoral.com\\\/2024\\\/12\\\/jaume-escortell-no-cobrem-ni-un-centim-per-muntar-el-betlem-i-la-nostra-recompensa-es-veure-les-cares-de-satisfaccio-de-la-gent\\\/#respond\"]}]},{\"@type\":[\"WebPage\",\"ItemPage\"],\"@id\":\"https:\\\/\\\/radiolitoral.com\\\/2024\\\/12\\\/jaume-escortell-no-cobrem-ni-un-centim-per-muntar-el-betlem-i-la-nostra-recompensa-es-veure-les-cares-de-satisfaccio-de-la-gent\\\/\",\"url\":\"https:\\\/\\\/radiolitoral.com\\\/2024\\\/12\\\/jaume-escortell-no-cobrem-ni-un-centim-per-muntar-el-betlem-i-la-nostra-recompensa-es-veure-les-cares-de-satisfaccio-de-la-gent\\\/\",\"name\":\"Jaume Escortell: \u201cNo cobrem ni un c\u00e8ntim per muntar el Betlem i la nostra recompensa \u00e9s veure les cares de satisfacci\u00f3 de la gent\u201d | R\u00e0dio Litoral\",\"isPartOf\":{\"@id\":\"https:\\\/\\\/radiolitoral.com\\\/#website\"},\"primaryImageOfPage\":{\"@id\":\"https:\\\/\\\/radiolitoral.com\\\/2024\\\/12\\\/jaume-escortell-no-cobrem-ni-un-centim-per-muntar-el-betlem-i-la-nostra-recompensa-es-veure-les-cares-de-satisfaccio-de-la-gent\\\/#primaryimage\"},\"image\":{\"@id\":\"https:\\\/\\\/radiolitoral.com\\\/2024\\\/12\\\/jaume-escortell-no-cobrem-ni-un-centim-per-muntar-el-betlem-i-la-nostra-recompensa-es-veure-les-cares-de-satisfaccio-de-la-gent\\\/#primaryimage\"},\"thumbnailUrl\":\"https:\\\/\\\/media.radiolitoral.com\\\/wp-content\\\/uploads\\\/2024\\\/12\\\/17113855\\\/Jaume-Escortell-Primer-Cafe.jpg\",\"datePublished\":\"2024-12-17T10:41:55+00:00\",\"description\":\"La Casa de Cultura de Calp acull el renovat betlem de 24 metres quadrats creat per l'Associaci\u00f3 de Betlemistes local\",\"breadcrumb\":{\"@id\":\"https:\\\/\\\/radiolitoral.com\\\/2024\\\/12\\\/jaume-escortell-no-cobrem-ni-un-centim-per-muntar-el-betlem-i-la-nostra-recompensa-es-veure-les-cares-de-satisfaccio-de-la-gent\\\/#breadcrumb\"},\"inLanguage\":\"ca\",\"potentialAction\":[{\"@type\":\"ReadAction\",\"target\":[\"https:\\\/\\\/radiolitoral.com\\\/2024\\\/12\\\/jaume-escortell-no-cobrem-ni-un-centim-per-muntar-el-betlem-i-la-nostra-recompensa-es-veure-les-cares-de-satisfaccio-de-la-gent\\\/\"]}]},{\"@type\":\"ImageObject\",\"inLanguage\":\"ca\",\"@id\":\"https:\\\/\\\/radiolitoral.com\\\/2024\\\/12\\\/jaume-escortell-no-cobrem-ni-un-centim-per-muntar-el-betlem-i-la-nostra-recompensa-es-veure-les-cares-de-satisfaccio-de-la-gent\\\/#primaryimage\",\"url\":\"https:\\\/\\\/media.radiolitoral.com\\\/wp-content\\\/uploads\\\/2024\\\/12\\\/17113855\\\/Jaume-Escortell-Primer-Cafe.jpg\",\"contentUrl\":\"https:\\\/\\\/media.radiolitoral.com\\\/wp-content\\\/uploads\\\/2024\\\/12\\\/17113855\\\/Jaume-Escortell-Primer-Cafe.jpg\",\"width\":2000,\"height\":1125},{\"@type\":\"BreadcrumbList\",\"@id\":\"https:\\\/\\\/radiolitoral.com\\\/2024\\\/12\\\/jaume-escortell-no-cobrem-ni-un-centim-per-muntar-el-betlem-i-la-nostra-recompensa-es-veure-les-cares-de-satisfaccio-de-la-gent\\\/#breadcrumb\",\"itemListElement\":[{\"@type\":\"ListItem\",\"position\":1,\"name\":\"Portada\",\"item\":\"https:\\\/\\\/radiolitoral.com\\\/\"},{\"@type\":\"ListItem\",\"position\":2,\"name\":\"Jaume Escortell: \u201cNo cobrem ni un c\u00e8ntim per muntar el Betlem i la nostra recompensa \u00e9s veure les cares de satisfacci\u00f3 de la gent\u201d\"}]},{\"@type\":\"WebSite\",\"@id\":\"https:\\\/\\\/radiolitoral.com\\\/#website\",\"url\":\"https:\\\/\\\/radiolitoral.com\\\/\",\"name\":\"Radio Litoral\",\"description\":\"La radio local de la Marina Alta\",\"publisher\":{\"@id\":\"https:\\\/\\\/radiolitoral.com\\\/#organization\"},\"alternateName\":\"Litoral FM\",\"potentialAction\":[{\"@type\":\"SearchAction\",\"target\":{\"@type\":\"EntryPoint\",\"urlTemplate\":\"https:\\\/\\\/radiolitoral.com\\\/?s={search_term_string}\"},\"query-input\":{\"@type\":\"PropertyValueSpecification\",\"valueRequired\":true,\"valueName\":\"search_term_string\"}}],\"inLanguage\":\"ca\"},{\"@type\":\"Organization\",\"@id\":\"https:\\\/\\\/radiolitoral.com\\\/#organization\",\"name\":\"Radio Litoral\",\"url\":\"https:\\\/\\\/radiolitoral.com\\\/\",\"logo\":{\"@type\":\"ImageObject\",\"inLanguage\":\"ca\",\"@id\":\"https:\\\/\\\/radiolitoral.com\\\/#\\\/schema\\\/logo\\\/image\\\/\",\"url\":\"https:\\\/\\\/media.radiolitoral.com\\\/wp-content\\\/uploads\\\/2023\\\/02\\\/24143238\\\/CL-V-RadioLitoral696.png\",\"contentUrl\":\"https:\\\/\\\/media.radiolitoral.com\\\/wp-content\\\/uploads\\\/2023\\\/02\\\/24143238\\\/CL-V-RadioLitoral696.png\",\"width\":696,\"height\":696,\"caption\":\"Radio Litoral\"},\"image\":{\"@id\":\"https:\\\/\\\/radiolitoral.com\\\/#\\\/schema\\\/logo\\\/image\\\/\"},\"sameAs\":[\"https:\\\/\\\/www.facebook.com\\\/Laradiolitoral\\\/\"]},{\"@type\":\"Person\",\"@id\":\"https:\\\/\\\/radiolitoral.com\\\/#\\\/schema\\\/person\\\/f2b2343c49b5d721857cc1002bfdb151\",\"name\":\"Redacci\u00f3n\",\"image\":{\"@type\":\"ImageObject\",\"inLanguage\":\"ca\",\"@id\":\"https:\\\/\\\/secure.gravatar.com\\\/avatar\\\/f771d896c203ad8b3382d7905cfcce5a5c9b008b84b3cd9114e9b9f4cb63f789?s=96&d=mm&r=g\",\"url\":\"https:\\\/\\\/secure.gravatar.com\\\/avatar\\\/f771d896c203ad8b3382d7905cfcce5a5c9b008b84b3cd9114e9b9f4cb63f789?s=96&d=mm&r=g\",\"contentUrl\":\"https:\\\/\\\/secure.gravatar.com\\\/avatar\\\/f771d896c203ad8b3382d7905cfcce5a5c9b008b84b3cd9114e9b9f4cb63f789?s=96&d=mm&r=g\",\"caption\":\"Redacci\u00f3n\"},\"url\":\"https:\\\/\\\/radiolitoral.com\\\/ca\\\/author\\\/miriam-pagan\\\/\"}]}<\/script>\n<!-- \/ Yoast SEO plugin. -->","yoast_head_json":{"title":"Jaume Escortell: \u201cNo cobrem ni un c\u00e8ntim per muntar el Betlem i la nostra recompensa \u00e9s veure les cares de satisfacci\u00f3 de la gent\u201d | R\u00e0dio Litoral","description":"La Casa de Cultura de Calp acull el renovat betlem de 24 metres quadrats creat per l&#039;Associaci\u00f3 de Betlemistes local","robots":{"index":"index","follow":"follow","max-snippet":"max-snippet:-1","max-image-preview":"max-image-preview:large","max-video-preview":"max-video-preview:-1"},"canonical":"https:\/\/radiolitoral.com\/ca\/2024\/12\/jaume-escortell-no-cobrem-ni-un-centim-per-muntar-el-betlem-i-la-nostra-recompensa-es-veure-les-cares-de-satisfacci-de-la-gent\/","og_locale":"ca_ES","og_type":"article","og_title":"Jaume Escortell: \u201cNo cobrem ni un c\u00e8ntim per muntar el Betlem i la nostra recompensa \u00e9s veure les cares de satisfacci\u00f3 de la gent\u201d | R\u00e0dio Litoral","og_description":"La Casa de Cultura de Calp acull el renovat betlem de 24 metres quadrats creat per l'Associaci\u00f3 de Betlemistes local","og_url":"https:\/\/radiolitoral.com\/ca\/2024\/12\/jaume-escortell-no-cobrem-ni-un-centim-per-muntar-el-betlem-i-la-nostra-recompensa-es-veure-les-cares-de-satisfacci-de-la-gent\/","og_site_name":"R\u00e0dio Litoral","article_publisher":"https:\/\/www.facebook.com\/Laradiolitoral\/","article_published_time":"2024-12-17T10:41:55+00:00","og_image":[{"width":2000,"height":1125,"url":"https:\/\/media.radiolitoral.com\/wp-content\/uploads\/2024\/12\/17113855\/Jaume-Escortell-Primer-Cafe.jpg","type":"image\/jpeg"}],"author":"Redacci\u00f3n","twitter_card":"summary_large_image","twitter_misc":{"Escrit per":"Redacci\u00f3n","Temps estimat de lectura":"3 minuts"},"schema":{"@context":"https:\/\/schema.org","@graph":[{"@type":"NewsArticle","@id":"https:\/\/radiolitoral.com\/2024\/12\/jaume-escortell-no-cobrem-ni-un-centim-per-muntar-el-betlem-i-la-nostra-recompensa-es-veure-les-cares-de-satisfaccio-de-la-gent\/#article","isPartOf":{"@id":"https:\/\/radiolitoral.com\/2024\/12\/jaume-escortell-no-cobrem-ni-un-centim-per-muntar-el-betlem-i-la-nostra-recompensa-es-veure-les-cares-de-satisfaccio-de-la-gent\/"},"author":{"name":"Redacci\u00f3n","@id":"https:\/\/radiolitoral.com\/#\/schema\/person\/f2b2343c49b5d721857cc1002bfdb151"},"headline":"Jaume Escortell: \u201cNo cobrem ni un c\u00e8ntim per muntar el Betlem i la nostra recompensa \u00e9s veure les cares de satisfacci\u00f3 de la gent\u201d","datePublished":"2024-12-17T10:41:55+00:00","mainEntityOfPage":{"@id":"https:\/\/radiolitoral.com\/2024\/12\/jaume-escortell-no-cobrem-ni-un-centim-per-muntar-el-betlem-i-la-nostra-recompensa-es-veure-les-cares-de-satisfaccio-de-la-gent\/"},"wordCount":420,"commentCount":0,"publisher":{"@id":"https:\/\/radiolitoral.com\/#organization"},"image":{"@id":"https:\/\/radiolitoral.com\/2024\/12\/jaume-escortell-no-cobrem-ni-un-centim-per-muntar-el-betlem-i-la-nostra-recompensa-es-veure-les-cares-de-satisfaccio-de-la-gent\/#primaryimage"},"thumbnailUrl":"https:\/\/media.radiolitoral.com\/wp-content\/uploads\/2024\/12\/17113855\/Jaume-Escortell-Primer-Cafe.jpg","keywords":["Asociaci\u00f3n de Belenistas de Calp","Betlem","Casa de Cultura Calp","Jaume Escortell","Primer Caf\u00e9","Tradicions"],"articleSection":["Cultura","Entrevistas","Navidad"],"inLanguage":"ca","potentialAction":[{"@type":"CommentAction","name":"Comment","target":["https:\/\/radiolitoral.com\/2024\/12\/jaume-escortell-no-cobrem-ni-un-centim-per-muntar-el-betlem-i-la-nostra-recompensa-es-veure-les-cares-de-satisfaccio-de-la-gent\/#respond"]}]},{"@type":["WebPage","ItemPage"],"@id":"https:\/\/radiolitoral.com\/2024\/12\/jaume-escortell-no-cobrem-ni-un-centim-per-muntar-el-betlem-i-la-nostra-recompensa-es-veure-les-cares-de-satisfaccio-de-la-gent\/","url":"https:\/\/radiolitoral.com\/2024\/12\/jaume-escortell-no-cobrem-ni-un-centim-per-muntar-el-betlem-i-la-nostra-recompensa-es-veure-les-cares-de-satisfaccio-de-la-gent\/","name":"Jaume Escortell: \u201cNo cobrem ni un c\u00e8ntim per muntar el Betlem i la nostra recompensa \u00e9s veure les cares de satisfacci\u00f3 de la gent\u201d | R\u00e0dio Litoral","isPartOf":{"@id":"https:\/\/radiolitoral.com\/#website"},"primaryImageOfPage":{"@id":"https:\/\/radiolitoral.com\/2024\/12\/jaume-escortell-no-cobrem-ni-un-centim-per-muntar-el-betlem-i-la-nostra-recompensa-es-veure-les-cares-de-satisfaccio-de-la-gent\/#primaryimage"},"image":{"@id":"https:\/\/radiolitoral.com\/2024\/12\/jaume-escortell-no-cobrem-ni-un-centim-per-muntar-el-betlem-i-la-nostra-recompensa-es-veure-les-cares-de-satisfaccio-de-la-gent\/#primaryimage"},"thumbnailUrl":"https:\/\/media.radiolitoral.com\/wp-content\/uploads\/2024\/12\/17113855\/Jaume-Escortell-Primer-Cafe.jpg","datePublished":"2024-12-17T10:41:55+00:00","description":"La Casa de Cultura de Calp acull el renovat betlem de 24 metres quadrats creat per l&#039;Associaci\u00f3 de Betlemistes local","breadcrumb":{"@id":"https:\/\/radiolitoral.com\/2024\/12\/jaume-escortell-no-cobrem-ni-un-centim-per-muntar-el-betlem-i-la-nostra-recompensa-es-veure-les-cares-de-satisfaccio-de-la-gent\/#breadcrumb"},"inLanguage":"ca","potentialAction":[{"@type":"ReadAction","target":["https:\/\/radiolitoral.com\/2024\/12\/jaume-escortell-no-cobrem-ni-un-centim-per-muntar-el-betlem-i-la-nostra-recompensa-es-veure-les-cares-de-satisfaccio-de-la-gent\/"]}]},{"@type":"ImageObject","inLanguage":"ca","@id":"https:\/\/radiolitoral.com\/2024\/12\/jaume-escortell-no-cobrem-ni-un-centim-per-muntar-el-betlem-i-la-nostra-recompensa-es-veure-les-cares-de-satisfaccio-de-la-gent\/#primaryimage","url":"https:\/\/media.radiolitoral.com\/wp-content\/uploads\/2024\/12\/17113855\/Jaume-Escortell-Primer-Cafe.jpg","contentUrl":"https:\/\/media.radiolitoral.com\/wp-content\/uploads\/2024\/12\/17113855\/Jaume-Escortell-Primer-Cafe.jpg","width":2000,"height":1125},{"@type":"BreadcrumbList","@id":"https:\/\/radiolitoral.com\/2024\/12\/jaume-escortell-no-cobrem-ni-un-centim-per-muntar-el-betlem-i-la-nostra-recompensa-es-veure-les-cares-de-satisfaccio-de-la-gent\/#breadcrumb","itemListElement":[{"@type":"ListItem","position":1,"name":"Portada","item":"https:\/\/radiolitoral.com\/"},{"@type":"ListItem","position":2,"name":"Jaume Escortell: \u201cNo cobrem ni un c\u00e8ntim per muntar el Betlem i la nostra recompensa \u00e9s veure les cares de satisfacci\u00f3 de la gent\u201d"}]},{"@type":"WebSite","@id":"https:\/\/radiolitoral.com\/#website","url":"https:\/\/radiolitoral.com\/","name":"R\u00e0dio Litoral","description":"La r\u00e0dio local de la Marina Alta","publisher":{"@id":"https:\/\/radiolitoral.com\/#organization"},"alternateName":"Litoral FM","potentialAction":[{"@type":"SearchAction","target":{"@type":"EntryPoint","urlTemplate":"https:\/\/radiolitoral.com\/?s={search_term_string}"},"query-input":{"@type":"PropertyValueSpecification","valueRequired":true,"valueName":"search_term_string"}}],"inLanguage":"ca"},{"@type":"Organization","@id":"https:\/\/radiolitoral.com\/#organization","name":"R\u00e0dio Litoral","url":"https:\/\/radiolitoral.com\/","logo":{"@type":"ImageObject","inLanguage":"ca","@id":"https:\/\/radiolitoral.com\/#\/schema\/logo\/image\/","url":"https:\/\/media.radiolitoral.com\/wp-content\/uploads\/2023\/02\/24143238\/CL-V-RadioLitoral696.png","contentUrl":"https:\/\/media.radiolitoral.com\/wp-content\/uploads\/2023\/02\/24143238\/CL-V-RadioLitoral696.png","width":696,"height":696,"caption":"Radio Litoral"},"image":{"@id":"https:\/\/radiolitoral.com\/#\/schema\/logo\/image\/"},"sameAs":["https:\/\/www.facebook.com\/Laradiolitoral\/"]},{"@type":"Person","@id":"https:\/\/radiolitoral.com\/#\/schema\/person\/f2b2343c49b5d721857cc1002bfdb151","name":"Redacci\u00f3","image":{"@type":"ImageObject","inLanguage":"ca","@id":"https:\/\/secure.gravatar.com\/avatar\/f771d896c203ad8b3382d7905cfcce5a5c9b008b84b3cd9114e9b9f4cb63f789?s=96&d=mm&r=g","url":"https:\/\/secure.gravatar.com\/avatar\/f771d896c203ad8b3382d7905cfcce5a5c9b008b84b3cd9114e9b9f4cb63f789?s=96&d=mm&r=g","contentUrl":"https:\/\/secure.gravatar.com\/avatar\/f771d896c203ad8b3382d7905cfcce5a5c9b008b84b3cd9114e9b9f4cb63f789?s=96&d=mm&r=g","caption":"Redacci\u00f3n"},"url":"https:\/\/radiolitoral.com\/ca\/author\/miriam-pagan\/"}]}},"_links":{"self":[{"href":"https:\/\/radiolitoral.com\/ca\/wp-json\/wp\/v2\/posts\/13871","targetHints":{"allow":["GET"]}}],"collection":[{"href":"https:\/\/radiolitoral.com\/ca\/wp-json\/wp\/v2\/posts"}],"about":[{"href":"https:\/\/radiolitoral.com\/ca\/wp-json\/wp\/v2\/types\/post"}],"author":[{"embeddable":true,"href":"https:\/\/radiolitoral.com\/ca\/wp-json\/wp\/v2\/users\/13"}],"replies":[{"embeddable":true,"href":"https:\/\/radiolitoral.com\/ca\/wp-json\/wp\/v2\/comments?post=13871"}],"version-history":[{"count":2,"href":"https:\/\/radiolitoral.com\/ca\/wp-json\/wp\/v2\/posts\/13871\/revisions"}],"predecessor-version":[{"id":13875,"href":"https:\/\/radiolitoral.com\/ca\/wp-json\/wp\/v2\/posts\/13871\/revisions\/13875"}],"wp:featuredmedia":[{"embeddable":true,"href":"https:\/\/radiolitoral.com\/ca\/wp-json\/wp\/v2\/media\/13873"}],"wp:attachment":[{"href":"https:\/\/radiolitoral.com\/ca\/wp-json\/wp\/v2\/media?parent=13871"}],"wp:term":[{"taxonomy":"category","embeddable":true,"href":"https:\/\/radiolitoral.com\/ca\/wp-json\/wp\/v2\/categories?post=13871"},{"taxonomy":"post_tag","embeddable":true,"href":"https:\/\/radiolitoral.com\/ca\/wp-json\/wp\/v2\/tags?post=13871"}],"curies":[{"name":"wp","href":"https:\/\/api.w.org\/{rel}","templated":true}]}}