{"id":13856,"date":"2024-12-17T10:40:20","date_gmt":"2024-12-17T09:40:20","guid":{"rendered":"https:\/\/radiolitoral.com\/?p=13856"},"modified":"2024-12-17T10:40:20","modified_gmt":"2024-12-17T09:40:20","slug":"victoria-i-lideratge-per-al-paidos-f-fernandez-lluna","status":"publish","type":"post","link":"https:\/\/radiolitoral.com\/ca\/2024\/12\/victoria-i-lideratge-per-al-paidos-f-fernandez-luna\/","title":{"rendered":"Vict\u00f2ria i lideratge per al Paidos-F. Fern\u00e1ndez Luna"},"content":{"rendered":"<div class=\"flex max-w-full flex-col flex-grow\">\n<div class=\"min-h-8 text-message flex w-full flex-col items-end gap-2 whitespace-normal break-words text-start [.text-message+&amp;]:mt-5\" dir=\"auto\" data-message-author-role=\"assistant\" data-message-id=\"8f4dd0b3-2e9e-483f-aa35-1789b13139d1\" data-message-model-slug=\"gpt-4o-mini\">\n<div class=\"flex w-full flex-col gap-1 empty:hidden first:pt-[3px]\">\n<div class=\"markdown prose w-full break-words dark:prose-invert light\">\n<p>El <strong>CD Paidos-F. Fern\u00e1ndez Luna<\/strong> va sumar una gran vict\u00f2ria a la seva visita al <strong>pavell\u00f3 municipal de Vilamarxant<\/strong>, guanyant per <strong>2-4<\/strong> davant el <strong>CFS Vilamarxant<\/strong> en un partit marcat per la concentraci\u00f3 i la gran intensitat dels dianens.<\/p>\n<p>Els dianenses van sortir a la pista molt concentrats i, des del primer moment, van imposar el seu ritme de joc amb una pressi\u00f3 alta que va dificultar que els locals poguessin mostrar el seu millor nivell. Aix\u00f2 va permetre als colegials prendre el control del partit i generar diverses ocasions clares de gol.<\/p>\n<p>El primer gol va arribar al minut 7, quan <strong>Miguel Cabrera<\/strong> va batre el porter local amb un xut prec\u00eds, fent que el marcador s&#8217;inclin\u00e9ssim a favor del CD Paidos-F. Fern\u00e1ndez Luna. Amb l&#8217;1-0, els visitants van guanyar confian\u00e7a i es van consolidar al control del joc, i poc despr\u00e9s, <strong>Vicente Rodr\u00edguez<\/strong> va fer el 0-2, castigant durament la porteria rival.<\/p>\n<p>Durant la resta de la primera part, el CFS Vilamarxant no va aconseguir generar perill sobre la porteria de <strong>Cayetano Iglesias<\/strong>, i els dianens es van mantenir s\u00f2lids en defensa i ferms en atac.<\/p>\n<p>A la segona part, els locals van aconseguir reduir dist\u00e0ncies amb un gol de <strong>Gonzalo<\/strong>, per\u00f2 el CD Paidos-F. Fern\u00e1ndez Luna, dirigit per <strong>Luis Llinares<\/strong> i <strong>Paco Pastor<\/strong>, va saber mantenir la calma i va segellar la vict\u00f2ria amb dos gols m\u00e9s. El primer va ser obra de <strong>Pau Avargues<\/strong>, i el segon el va fer <strong>Miguel Cabrera<\/strong>, qui va marcar el seu doblet de la nit.<\/p>\n<p>Amb un <strong>4-1<\/strong> en el marcador, els dianenses van optar per defensar-se en el seu propi camp, cedint m\u00e9s possessi\u00f3 als locals. Aquesta decisi\u00f3 va permetre que el CFS Vilamarxant tingu\u00e9s m\u00e9s control de la pilota, per\u00f2 a falta de 4 minuts, <strong>Fonseca<\/strong> va marcar el segon gol local, una darrera acci\u00f3 que va quedar sense conseq\u00fc\u00e8ncies per al resultat final.<\/p>\n<p>Amb aquesta vict\u00f2ria, els dianenses recuperen el lideratge de la classificaci\u00f3, despr\u00e9s que <strong>Alzira FS<\/strong> perd\u00e9s al seu camp davant el <strong>CDFS Segorbe<\/strong>, situant-se a 2 punts per davant de <strong>CFS L&#8217;Alcora<\/strong> i <strong>CFS Riba-Roja<\/strong>.<\/p>\n<\/div>\n<\/div>\n<\/div>\n<\/div>\n<div class=\"mb-2 flex gap-3 empty:hidden -ml-2\">\n<div class=\"items-center justify-start rounded-xl p-1 flex\">\n<div class=\"flex items-center\">\n<p>&nbsp;<\/p>\n<div class=\"flex\"><\/div>\n<\/div>\n<\/div>\n<\/div>\n","protected":false},"excerpt":{"rendered":"<p>El CD Paidos-F. Fern\u00e1ndez Luna va sumar una gran vict\u00f2ria a la seva visita al pavell\u00f3 municipal de Vilamarxant, guanyant per 2-4 davant el CFS Vilamarxant en un partit marcat per la concentraci\u00f3 i la gran intensitat dels dianens. Els dianenses van sortir a la pista molt concentrats i, des del primer moment, van imposar [&#8230;]<\/p>\n<p><a class=\"btn btn-secondary understrap-read-more-link\" href=\"https:\/\/radiolitoral.com\/ca\/2024\/12\/victoria-i-lideratge-per-al-paidos-f-fernandez-luna\/\">Continua llegint&#8230;<span class=\"screen-reader-text\"> from Victoria i lideratge per al Paidos-F. Fern\u00e1ndez Luna<\/span><\/a><\/p>\n","protected":false},"author":12,"featured_media":13857,"comment_status":"open","ping_status":"closed","sticky":false,"template":"","format":"standard","meta":{"_acf_changed":false,"inline_featured_image":false,"footnotes":""},"categories":[5],"tags":[2847,2242,3034,3035,3036,3033,6],"class_list":["post-13856","post","type-post","status-publish","format-standard","has-post-thumbnail","hentry","category-deportes","tag-alzira-fs","tag-cd-paidos-f-fernandez-luna","tag-cdfs-segorbe","tag-cfs-lalcora","tag-cfs-riba-roja","tag-cfs-vilamarxant","tag-deportes","cobertura-denia"],"acf":[],"yoast_head":"<!-- This site is optimized with the Yoast SEO plugin v27.5 - https:\/\/yoast.com\/product\/yoast-seo-wordpress\/ -->\n<title>Victoria i lideratge per al Paidos-F. Fern\u00e1ndez Luna | R\u00e0dio Litoral<\/title>\n<meta name=\"description\" content=\"Els dianenses van guanyar a Vilamarxant per 2 a 4 unit a la derrota de l&#039;Alzira FS els deixa al capdavant de la classificaci\u00f3Els dianenses van guanyar a Vilamarxant per 2 a 4 unit a la derrota de l&#039;Alzira FS els deixa al capdavant de la classificaci\u00f3\" \/>\n<meta name=\"robots\" content=\"index, follow, max-snippet:-1, max-image-preview:large, max-video-preview:-1\" \/>\n<link rel=\"canonical\" href=\"https:\/\/radiolitoral.com\/ca\/2024\/12\/victoria-i-lideratge-per-al-paidos-f-fernandez-lluna\/\" \/>\n<meta property=\"og:locale\" content=\"ca_ES\" \/>\n<meta property=\"og:type\" content=\"article\" \/>\n<meta property=\"og:title\" content=\"Victoria i lideratge per al Paidos-F. Fern\u00e1ndez Luna | R\u00e0dio Litoral\" \/>\n<meta property=\"og:description\" content=\"Els dianenses van guanyar a Vilamarxant per 2 a 4 unit a la derrota de l&#039;Alzira FS els deixa al capdavant de la classificaci\u00f3Els dianenses van guanyar a Vilamarxant per 2 a 4 unit a la derrota de l&#039;Alzira FS els deixa al capdavant de la classificaci\u00f3\" \/>\n<meta property=\"og:url\" content=\"https:\/\/radiolitoral.com\/ca\/2024\/12\/victoria-i-lideratge-per-al-paidos-f-fernandez-lluna\/\" \/>\n<meta property=\"og:site_name\" content=\"R\u00e0dio Litoral\" \/>\n<meta property=\"article:publisher\" content=\"https:\/\/www.facebook.com\/Laradiolitoral\/\" \/>\n<meta property=\"article:published_time\" content=\"2024-12-17T09:40:20+00:00\" \/>\n<meta property=\"og:image\" content=\"https:\/\/media.radiolitoral.com\/wp-content\/uploads\/2024\/12\/17103909\/DSC_0559-scaled.jpg\" \/>\n\t<meta property=\"og:image:width\" content=\"2560\" \/>\n\t<meta property=\"og:image:height\" content=\"1707\" \/>\n\t<meta property=\"og:image:type\" content=\"image\/jpeg\" \/>\n<meta name=\"author\" content=\"Javier Zamora\" \/>\n<meta name=\"twitter:card\" content=\"summary_large_image\" \/>\n<meta name=\"twitter:label1\" content=\"Escrit per\" \/>\n\t<meta name=\"twitter:data1\" content=\"Javier Zamora\" \/>\n\t<meta name=\"twitter:label2\" content=\"Temps estimat de lectura\" \/>\n\t<meta name=\"twitter:data2\" content=\"2 minuts\" \/>\n<script type=\"application\/ld+json\" class=\"yoast-schema-graph\">{\"@context\":\"https:\\\/\\\/schema.org\",\"@graph\":[{\"@type\":\"NewsArticle\",\"@id\":\"https:\\\/\\\/radiolitoral.com\\\/2024\\\/12\\\/victoria-i-lideratge-per-al-paidos-f-fernandez-luna\\\/#article\",\"isPartOf\":{\"@id\":\"https:\\\/\\\/radiolitoral.com\\\/2024\\\/12\\\/victoria-i-lideratge-per-al-paidos-f-fernandez-luna\\\/\"},\"author\":{\"name\":\"Javier Zamora\",\"@id\":\"https:\\\/\\\/radiolitoral.com\\\/#\\\/schema\\\/person\\\/7b1480b5caeb5acdd4ec6379caf62b22\"},\"headline\":\"Victoria i lideratge per al Paidos-F. Fern\u00e1ndez Luna\",\"datePublished\":\"2024-12-17T09:40:20+00:00\",\"mainEntityOfPage\":{\"@id\":\"https:\\\/\\\/radiolitoral.com\\\/2024\\\/12\\\/victoria-i-lideratge-per-al-paidos-f-fernandez-luna\\\/\"},\"wordCount\":381,\"commentCount\":0,\"publisher\":{\"@id\":\"https:\\\/\\\/radiolitoral.com\\\/#organization\"},\"image\":{\"@id\":\"https:\\\/\\\/radiolitoral.com\\\/2024\\\/12\\\/victoria-i-lideratge-per-al-paidos-f-fernandez-luna\\\/#primaryimage\"},\"thumbnailUrl\":\"https:\\\/\\\/media.radiolitoral.com\\\/wp-content\\\/uploads\\\/2024\\\/12\\\/17103909\\\/DSC_0559-scaled.jpg\",\"keywords\":[\"Alzira FS\",\"CD Paidos \u2013 F. Fern\u00e1ndez Luna\",\"CDFS Segorbe\",\"CFS L'Alcora\",\"CFS Riba-Roja\",\"CFS Vilamarxant\",\"deportes\"],\"articleSection\":[\"Deportes\"],\"inLanguage\":\"ca\",\"potentialAction\":[{\"@type\":\"CommentAction\",\"name\":\"Comment\",\"target\":[\"https:\\\/\\\/radiolitoral.com\\\/2024\\\/12\\\/victoria-i-lideratge-per-al-paidos-f-fernandez-luna\\\/#respond\"]}]},{\"@type\":[\"WebPage\",\"ItemPage\"],\"@id\":\"https:\\\/\\\/radiolitoral.com\\\/2024\\\/12\\\/victoria-i-lideratge-per-al-paidos-f-fernandez-luna\\\/\",\"url\":\"https:\\\/\\\/radiolitoral.com\\\/2024\\\/12\\\/victoria-i-lideratge-per-al-paidos-f-fernandez-luna\\\/\",\"name\":\"Victoria i lideratge per al Paidos-F. Fern\u00e1ndez Luna | R\u00e0dio Litoral\",\"isPartOf\":{\"@id\":\"https:\\\/\\\/radiolitoral.com\\\/#website\"},\"primaryImageOfPage\":{\"@id\":\"https:\\\/\\\/radiolitoral.com\\\/2024\\\/12\\\/victoria-i-lideratge-per-al-paidos-f-fernandez-luna\\\/#primaryimage\"},\"image\":{\"@id\":\"https:\\\/\\\/radiolitoral.com\\\/2024\\\/12\\\/victoria-i-lideratge-per-al-paidos-f-fernandez-luna\\\/#primaryimage\"},\"thumbnailUrl\":\"https:\\\/\\\/media.radiolitoral.com\\\/wp-content\\\/uploads\\\/2024\\\/12\\\/17103909\\\/DSC_0559-scaled.jpg\",\"datePublished\":\"2024-12-17T09:40:20+00:00\",\"description\":\"Els dianenses van guanyar a Vilamarxant per 2 a 4 unit a la derrota de l'Alzira FS els deixa al capdavant de la classificaci\u00f3Els dianenses van guanyar a Vilamarxant per 2 a 4 unit a la derrota de l'Alzira FS els deixa al capdavant de la classificaci\u00f3\",\"breadcrumb\":{\"@id\":\"https:\\\/\\\/radiolitoral.com\\\/2024\\\/12\\\/victoria-i-lideratge-per-al-paidos-f-fernandez-luna\\\/#breadcrumb\"},\"inLanguage\":\"ca\",\"potentialAction\":[{\"@type\":\"ReadAction\",\"target\":[\"https:\\\/\\\/radiolitoral.com\\\/2024\\\/12\\\/victoria-i-lideratge-per-al-paidos-f-fernandez-luna\\\/\"]}]},{\"@type\":\"ImageObject\",\"inLanguage\":\"ca\",\"@id\":\"https:\\\/\\\/radiolitoral.com\\\/2024\\\/12\\\/victoria-i-lideratge-per-al-paidos-f-fernandez-luna\\\/#primaryimage\",\"url\":\"https:\\\/\\\/media.radiolitoral.com\\\/wp-content\\\/uploads\\\/2024\\\/12\\\/17103909\\\/DSC_0559-scaled.jpg\",\"contentUrl\":\"https:\\\/\\\/media.radiolitoral.com\\\/wp-content\\\/uploads\\\/2024\\\/12\\\/17103909\\\/DSC_0559-scaled.jpg\",\"width\":2560,\"height\":1707},{\"@type\":\"BreadcrumbList\",\"@id\":\"https:\\\/\\\/radiolitoral.com\\\/2024\\\/12\\\/victoria-i-lideratge-per-al-paidos-f-fernandez-luna\\\/#breadcrumb\",\"itemListElement\":[{\"@type\":\"ListItem\",\"position\":1,\"name\":\"Portada\",\"item\":\"https:\\\/\\\/radiolitoral.com\\\/\"},{\"@type\":\"ListItem\",\"position\":2,\"name\":\"Victoria i lideratge per al Paidos-F. Fern\u00e1ndez Luna\"}]},{\"@type\":\"WebSite\",\"@id\":\"https:\\\/\\\/radiolitoral.com\\\/#website\",\"url\":\"https:\\\/\\\/radiolitoral.com\\\/\",\"name\":\"Radio Litoral\",\"description\":\"La radio local de la Marina Alta\",\"publisher\":{\"@id\":\"https:\\\/\\\/radiolitoral.com\\\/#organization\"},\"alternateName\":\"Litoral FM\",\"potentialAction\":[{\"@type\":\"SearchAction\",\"target\":{\"@type\":\"EntryPoint\",\"urlTemplate\":\"https:\\\/\\\/radiolitoral.com\\\/?s={search_term_string}\"},\"query-input\":{\"@type\":\"PropertyValueSpecification\",\"valueRequired\":true,\"valueName\":\"search_term_string\"}}],\"inLanguage\":\"ca\"},{\"@type\":\"Organization\",\"@id\":\"https:\\\/\\\/radiolitoral.com\\\/#organization\",\"name\":\"Radio Litoral\",\"url\":\"https:\\\/\\\/radiolitoral.com\\\/\",\"logo\":{\"@type\":\"ImageObject\",\"inLanguage\":\"ca\",\"@id\":\"https:\\\/\\\/radiolitoral.com\\\/#\\\/schema\\\/logo\\\/image\\\/\",\"url\":\"https:\\\/\\\/media.radiolitoral.com\\\/wp-content\\\/uploads\\\/2023\\\/02\\\/24143238\\\/CL-V-RadioLitoral696.png\",\"contentUrl\":\"https:\\\/\\\/media.radiolitoral.com\\\/wp-content\\\/uploads\\\/2023\\\/02\\\/24143238\\\/CL-V-RadioLitoral696.png\",\"width\":696,\"height\":696,\"caption\":\"Radio Litoral\"},\"image\":{\"@id\":\"https:\\\/\\\/radiolitoral.com\\\/#\\\/schema\\\/logo\\\/image\\\/\"},\"sameAs\":[\"https:\\\/\\\/www.facebook.com\\\/Laradiolitoral\\\/\"]},{\"@type\":\"Person\",\"@id\":\"https:\\\/\\\/radiolitoral.com\\\/#\\\/schema\\\/person\\\/7b1480b5caeb5acdd4ec6379caf62b22\",\"name\":\"Javier Zamora\",\"image\":{\"@type\":\"ImageObject\",\"inLanguage\":\"ca\",\"@id\":\"https:\\\/\\\/secure.gravatar.com\\\/avatar\\\/467a11f6918c7d619c4043fc6fa2d3853053107973f05b6e9c04ea6c4e3a7b3f?s=96&d=mm&r=g\",\"url\":\"https:\\\/\\\/secure.gravatar.com\\\/avatar\\\/467a11f6918c7d619c4043fc6fa2d3853053107973f05b6e9c04ea6c4e3a7b3f?s=96&d=mm&r=g\",\"contentUrl\":\"https:\\\/\\\/secure.gravatar.com\\\/avatar\\\/467a11f6918c7d619c4043fc6fa2d3853053107973f05b6e9c04ea6c4e3a7b3f?s=96&d=mm&r=g\",\"caption\":\"Javier Zamora\"},\"url\":\"https:\\\/\\\/radiolitoral.com\\\/ca\\\/author\\\/javier-zamora\\\/\"}]}<\/script>\n<!-- \/ Yoast SEO plugin. -->","yoast_head_json":{"title":"Vict\u00f2ria i lideratge per al Paidos-F. Fern\u00e1ndez Luna | R\u00e0dio Litoral","description":"Els dianencs van guanyar Vilamarxant per 2 a 4 unit a la derrota de l&#039;Alzira FS els deixa al capdavant de la classificaci\u00f3 Els dianencs van guanyar Vilamarxant per 2 a 4 unit a la derrota de l&#039;Alzira FS els deixa al capdavant de la classificaci\u00f3","robots":{"index":"index","follow":"follow","max-snippet":"max-snippet:-1","max-image-preview":"max-image-preview:large","max-video-preview":"max-video-preview:-1"},"canonical":"https:\/\/radiolitoral.com\/ca\/2024\/12\/victoria-i-lideratge-per-al-paidos-f-fernandez-lluna\/","og_locale":"ca_ES","og_type":"article","og_title":"Victoria i lideratge per al Paidos-F. Fern\u00e1ndez Luna | R\u00e0dio Litoral","og_description":"Els dianenses van guanyar a Vilamarxant per 2 a 4 unit a la derrota de l'Alzira FS els deixa al capdavant de la classificaci\u00f3Els dianenses van guanyar a Vilamarxant per 2 a 4 unit a la derrota de l'Alzira FS els deixa al capdavant de la classificaci\u00f3","og_url":"https:\/\/radiolitoral.com\/ca\/2024\/12\/victoria-i-lideratge-per-al-paidos-f-fernandez-lluna\/","og_site_name":"R\u00e0dio Litoral","article_publisher":"https:\/\/www.facebook.com\/Laradiolitoral\/","article_published_time":"2024-12-17T09:40:20+00:00","og_image":[{"width":2560,"height":1707,"url":"https:\/\/media.radiolitoral.com\/wp-content\/uploads\/2024\/12\/17103909\/DSC_0559-scaled.jpg","type":"image\/jpeg"}],"author":"Javier Zamora","twitter_card":"summary_large_image","twitter_misc":{"Escrit per":"Javier Zamora","Temps estimat de lectura":"2 minuts"},"schema":{"@context":"https:\/\/schema.org","@graph":[{"@type":"NewsArticle","@id":"https:\/\/radiolitoral.com\/2024\/12\/victoria-i-lideratge-per-al-paidos-f-fernandez-luna\/#article","isPartOf":{"@id":"https:\/\/radiolitoral.com\/2024\/12\/victoria-i-lideratge-per-al-paidos-f-fernandez-luna\/"},"author":{"name":"Javier Zamora","@id":"https:\/\/radiolitoral.com\/#\/schema\/person\/7b1480b5caeb5acdd4ec6379caf62b22"},"headline":"Victoria i lideratge per al Paidos-F. Fern\u00e1ndez Luna","datePublished":"2024-12-17T09:40:20+00:00","mainEntityOfPage":{"@id":"https:\/\/radiolitoral.com\/2024\/12\/victoria-i-lideratge-per-al-paidos-f-fernandez-luna\/"},"wordCount":381,"commentCount":0,"publisher":{"@id":"https:\/\/radiolitoral.com\/#organization"},"image":{"@id":"https:\/\/radiolitoral.com\/2024\/12\/victoria-i-lideratge-per-al-paidos-f-fernandez-luna\/#primaryimage"},"thumbnailUrl":"https:\/\/media.radiolitoral.com\/wp-content\/uploads\/2024\/12\/17103909\/DSC_0559-scaled.jpg","keywords":["Alzira FS","CD Paidos \u2013 F. Fern\u00e1ndez Luna","CDFS Segorbe","CFS L'Alcora","CFS Riba-Roja","CFS Vilamarxant","deportes"],"articleSection":["Deportes"],"inLanguage":"ca","potentialAction":[{"@type":"CommentAction","name":"Comment","target":["https:\/\/radiolitoral.com\/2024\/12\/victoria-i-lideratge-per-al-paidos-f-fernandez-luna\/#respond"]}]},{"@type":["WebPage","ItemPage"],"@id":"https:\/\/radiolitoral.com\/2024\/12\/victoria-i-lideratge-per-al-paidos-f-fernandez-luna\/","url":"https:\/\/radiolitoral.com\/2024\/12\/victoria-i-lideratge-per-al-paidos-f-fernandez-luna\/","name":"Vict\u00f2ria i lideratge per al Paidos-F. Fern\u00e1ndez Luna | R\u00e0dio Litoral","isPartOf":{"@id":"https:\/\/radiolitoral.com\/#website"},"primaryImageOfPage":{"@id":"https:\/\/radiolitoral.com\/2024\/12\/victoria-i-lideratge-per-al-paidos-f-fernandez-luna\/#primaryimage"},"image":{"@id":"https:\/\/radiolitoral.com\/2024\/12\/victoria-i-lideratge-per-al-paidos-f-fernandez-luna\/#primaryimage"},"thumbnailUrl":"https:\/\/media.radiolitoral.com\/wp-content\/uploads\/2024\/12\/17103909\/DSC_0559-scaled.jpg","datePublished":"2024-12-17T09:40:20+00:00","description":"Els dianencs van guanyar Vilamarxant per 2 a 4 unit a la derrota de l&#039;Alzira FS els deixa al capdavant de la classificaci\u00f3 Els dianencs van guanyar Vilamarxant per 2 a 4 unit a la derrota de l&#039;Alzira FS els deixa al capdavant de la classificaci\u00f3","breadcrumb":{"@id":"https:\/\/radiolitoral.com\/2024\/12\/victoria-i-lideratge-per-al-paidos-f-fernandez-luna\/#breadcrumb"},"inLanguage":"ca","potentialAction":[{"@type":"ReadAction","target":["https:\/\/radiolitoral.com\/2024\/12\/victoria-i-lideratge-per-al-paidos-f-fernandez-luna\/"]}]},{"@type":"ImageObject","inLanguage":"ca","@id":"https:\/\/radiolitoral.com\/2024\/12\/victoria-i-lideratge-per-al-paidos-f-fernandez-luna\/#primaryimage","url":"https:\/\/media.radiolitoral.com\/wp-content\/uploads\/2024\/12\/17103909\/DSC_0559-scaled.jpg","contentUrl":"https:\/\/media.radiolitoral.com\/wp-content\/uploads\/2024\/12\/17103909\/DSC_0559-scaled.jpg","width":2560,"height":1707},{"@type":"BreadcrumbList","@id":"https:\/\/radiolitoral.com\/2024\/12\/victoria-i-lideratge-per-al-paidos-f-fernandez-luna\/#breadcrumb","itemListElement":[{"@type":"ListItem","position":1,"name":"Portada","item":"https:\/\/radiolitoral.com\/"},{"@type":"ListItem","position":2,"name":"Victoria i lideratge per al Paidos-F. Fern\u00e1ndez Luna"}]},{"@type":"WebSite","@id":"https:\/\/radiolitoral.com\/#website","url":"https:\/\/radiolitoral.com\/","name":"R\u00e0dio Litoral","description":"La r\u00e0dio local de la Marina Alta","publisher":{"@id":"https:\/\/radiolitoral.com\/#organization"},"alternateName":"Litoral FM","potentialAction":[{"@type":"SearchAction","target":{"@type":"EntryPoint","urlTemplate":"https:\/\/radiolitoral.com\/?s={search_term_string}"},"query-input":{"@type":"PropertyValueSpecification","valueRequired":true,"valueName":"search_term_string"}}],"inLanguage":"ca"},{"@type":"Organization","@id":"https:\/\/radiolitoral.com\/#organization","name":"R\u00e0dio Litoral","url":"https:\/\/radiolitoral.com\/","logo":{"@type":"ImageObject","inLanguage":"ca","@id":"https:\/\/radiolitoral.com\/#\/schema\/logo\/image\/","url":"https:\/\/media.radiolitoral.com\/wp-content\/uploads\/2023\/02\/24143238\/CL-V-RadioLitoral696.png","contentUrl":"https:\/\/media.radiolitoral.com\/wp-content\/uploads\/2023\/02\/24143238\/CL-V-RadioLitoral696.png","width":696,"height":696,"caption":"Radio Litoral"},"image":{"@id":"https:\/\/radiolitoral.com\/#\/schema\/logo\/image\/"},"sameAs":["https:\/\/www.facebook.com\/Laradiolitoral\/"]},{"@type":"Person","@id":"https:\/\/radiolitoral.com\/#\/schema\/person\/7b1480b5caeb5acdd4ec6379caf62b22","name":"Javier Zamora","image":{"@type":"ImageObject","inLanguage":"ca","@id":"https:\/\/secure.gravatar.com\/avatar\/467a11f6918c7d619c4043fc6fa2d3853053107973f05b6e9c04ea6c4e3a7b3f?s=96&d=mm&r=g","url":"https:\/\/secure.gravatar.com\/avatar\/467a11f6918c7d619c4043fc6fa2d3853053107973f05b6e9c04ea6c4e3a7b3f?s=96&d=mm&r=g","contentUrl":"https:\/\/secure.gravatar.com\/avatar\/467a11f6918c7d619c4043fc6fa2d3853053107973f05b6e9c04ea6c4e3a7b3f?s=96&d=mm&r=g","caption":"Javier Zamora"},"url":"https:\/\/radiolitoral.com\/ca\/author\/javier-zamora\/"}]}},"_links":{"self":[{"href":"https:\/\/radiolitoral.com\/ca\/wp-json\/wp\/v2\/posts\/13856","targetHints":{"allow":["GET"]}}],"collection":[{"href":"https:\/\/radiolitoral.com\/ca\/wp-json\/wp\/v2\/posts"}],"about":[{"href":"https:\/\/radiolitoral.com\/ca\/wp-json\/wp\/v2\/types\/post"}],"author":[{"embeddable":true,"href":"https:\/\/radiolitoral.com\/ca\/wp-json\/wp\/v2\/users\/12"}],"replies":[{"embeddable":true,"href":"https:\/\/radiolitoral.com\/ca\/wp-json\/wp\/v2\/comments?post=13856"}],"version-history":[{"count":2,"href":"https:\/\/radiolitoral.com\/ca\/wp-json\/wp\/v2\/posts\/13856\/revisions"}],"predecessor-version":[{"id":13859,"href":"https:\/\/radiolitoral.com\/ca\/wp-json\/wp\/v2\/posts\/13856\/revisions\/13859"}],"wp:featuredmedia":[{"embeddable":true,"href":"https:\/\/radiolitoral.com\/ca\/wp-json\/wp\/v2\/media\/13857"}],"wp:attachment":[{"href":"https:\/\/radiolitoral.com\/ca\/wp-json\/wp\/v2\/media?parent=13856"}],"wp:term":[{"taxonomy":"category","embeddable":true,"href":"https:\/\/radiolitoral.com\/ca\/wp-json\/wp\/v2\/categories?post=13856"},{"taxonomy":"post_tag","embeddable":true,"href":"https:\/\/radiolitoral.com\/ca\/wp-json\/wp\/v2\/tags?post=13856"}],"curies":[{"name":"wp","href":"https:\/\/api.w.org\/{rel}","templated":true}]}}