{"id":13851,"date":"2024-12-17T10:29:59","date_gmt":"2024-12-17T09:29:59","guid":{"rendered":"https:\/\/radiolitoral.com\/?p=13851"},"modified":"2024-12-17T10:29:59","modified_gmt":"2024-12-17T09:29:59","slug":"la-ut-calp-va-sumar-un-valuos-punt-davant-el-lider-2","status":"publish","type":"post","link":"https:\/\/radiolitoral.com\/ca\/2024\/12\/la-ud-calpe-va-sumar-un-valuos-punt-davant-el-lider-2\/","title":{"rendered":"Consternaci\u00f3 i dolor al b\u00e0squet comarcal"},"content":{"rendered":"<p>El <strong>D\u00e9nia B\u00e0squet i el b\u00e0squet de la Marina Alta<\/strong> estan de dol despr\u00e9s de la defunci\u00f3 de <strong>Lidu Escudero Rold\u00e1n<\/strong>, qui despr\u00e9s d&#039;una valenta lluita contra una llarga malaltia ha deixat un arribat imborrable tant a l&#039;esport com a la vida.<\/p>\n<p>Lidu va ser part fonamental del club denier durant d\u00e8sset temporades, iniciant la seva traject\u00f2ria en categories de formaci\u00f3 el 1996 i debutant a l&#039;equip s\u00e8nior l&#039;any 2000, sent encara molt jove.<\/p>\n<p>El seu pas pel club va culminar la temporada 2013-14 com a integrant d&#039;aquell equip que va aconseguir l&#039;hist\u00f2ric ascens a la Nacional, un assoliment que va marcar un dels cap\u00edtols m\u00e9s brillants a la hist\u00f2ria de l&#039;entitat.<\/p>\n<p>M\u00e9s enll\u00e0 dels seus m\u00e8rits esportius, Lidu ser\u00e0 recordada per l&#039;energia, companyia i passi\u00f3 que sempre transmetr\u00e0 dins i fora de les pistes. El seu record romandr\u00e0 viu al cor de totes les seves companyes, entrenadors, directius i aficionats que tindran el privilegi de con\u00e8ixer-la i gaudir del seu joc.<\/p>\n<p>La fam\u00edlia de D\u00e9nia B\u00e0squet comparteix el dolor de la seva p\u00e8rdua i envia un sincer missatge de suport i respecte als seus \u00e9ssers estimats en aquests dif\u00edcils moments. Descansa en pau, Lidu. Des del club conclouen que \u201csempre formar\u00e0s part de la nostra hist\u00f2ria i, sobretot, dels nostres cors\u201d.<\/p>\n<p>&nbsp;<\/p>","protected":false},"excerpt":{"rendered":"<p>El D\u00e9nia B\u00e0squet i el b\u00e0squet de la Marina Alta estan de dol despr\u00e9s de la defunci\u00f3 de Lidu Escudero Rold\u00e1n, qui despr\u00e9s d&#8217;una valenta lluita contra una llarga malaltia ha deixat un llegat inesborrable tant en l&#8217;esport com en la vida. Lidu va ser part fonamental del club dianense durant d\u00e8sset temporades, iniciant la [&#8230;]<\/p>\n<p><a class=\"btn btn-secondary understrap-read-more-link\" href=\"https:\/\/radiolitoral.com\/ca\/2024\/12\/la-ud-calpe-va-sumar-un-valuos-punt-davant-el-lider-2\/\">Continua llegint&#8230;<span class=\"screen-reader-text\"> from Consternaci\u00f3 i dolor en el b\u00e0squet comarcal<\/span><\/a><\/p>\n","protected":false},"author":12,"featured_media":13852,"comment_status":"open","ping_status":"closed","sticky":false,"template":"","format":"standard","meta":{"_acf_changed":false,"inline_featured_image":false,"footnotes":""},"categories":[5],"tags":[1788,6,3032],"class_list":["post-13851","post","type-post","status-publish","format-standard","has-post-thumbnail","hentry","category-deportes","tag-denia-basquet","tag-deportes","tag-lidu-escudero","cobertura-denia"],"acf":[],"yoast_head":"<!-- This site is optimized with the Yoast SEO plugin v27.5 - https:\/\/yoast.com\/product\/yoast-seo-wordpress\/ -->\n<title>Consternaci\u00f3 i dolor en el b\u00e0squet comarcal | R\u00e0dio Litoral<\/title>\n<meta name=\"description\" content=\"Lidu Escudero exjugadora del D\u00e9nia B\u00e0squet a mort despr\u00e9s d&#039;una llarga malaltiaLidu Escudero exjugadora del D\u00e9nia B\u00e0squet a mort despr\u00e9s d&#039;una llarga malaltia\" \/>\n<meta name=\"robots\" content=\"index, follow, max-snippet:-1, max-image-preview:large, max-video-preview:-1\" \/>\n<link rel=\"canonical\" href=\"https:\/\/radiolitoral.com\/ca\/2024\/12\/la-ut-calp-va-sumar-un-valuos-punt-davant-el-lider-2\/\" \/>\n<meta property=\"og:locale\" content=\"ca_ES\" \/>\n<meta property=\"og:type\" content=\"article\" \/>\n<meta property=\"og:title\" content=\"Consternaci\u00f3 i dolor en el b\u00e0squet comarcal | R\u00e0dio Litoral\" \/>\n<meta property=\"og:description\" content=\"Lidu Escudero exjugadora del D\u00e9nia B\u00e0squet a mort despr\u00e9s d&#039;una llarga malaltiaLidu Escudero exjugadora del D\u00e9nia B\u00e0squet a mort despr\u00e9s d&#039;una llarga malaltia\" \/>\n<meta property=\"og:url\" content=\"https:\/\/radiolitoral.com\/ca\/2024\/12\/la-ut-calp-va-sumar-un-valuos-punt-davant-el-lider-2\/\" \/>\n<meta property=\"og:site_name\" content=\"R\u00e0dio Litoral\" \/>\n<meta property=\"article:publisher\" content=\"https:\/\/www.facebook.com\/Laradiolitoral\/\" \/>\n<meta property=\"article:published_time\" content=\"2024-12-17T09:29:59+00:00\" \/>\n<meta property=\"og:image\" content=\"https:\/\/media.radiolitoral.com\/wp-content\/uploads\/2024\/12\/17102846\/Lidu-junto-a-sus-companeras-que-consiguieron-el-ascenso-a-Primera-Nacional.jpg\" \/>\n\t<meta property=\"og:image:width\" content=\"1024\" \/>\n\t<meta property=\"og:image:height\" content=\"683\" \/>\n\t<meta property=\"og:image:type\" content=\"image\/jpeg\" \/>\n<meta name=\"author\" content=\"Javier Zamora\" \/>\n<meta name=\"twitter:card\" content=\"summary_large_image\" \/>\n<meta name=\"twitter:label1\" content=\"Escrit per\" \/>\n\t<meta name=\"twitter:data1\" content=\"Javier Zamora\" \/>\n\t<meta name=\"twitter:label2\" content=\"Temps estimat de lectura\" \/>\n\t<meta name=\"twitter:data2\" content=\"2 minuts\" \/>\n<script type=\"application\/ld+json\" class=\"yoast-schema-graph\">{\"@context\":\"https:\\\/\\\/schema.org\",\"@graph\":[{\"@type\":\"NewsArticle\",\"@id\":\"https:\\\/\\\/radiolitoral.com\\\/2024\\\/12\\\/la-ud-calpe-va-sumar-un-valuos-punt-davant-el-lider-2\\\/#article\",\"isPartOf\":{\"@id\":\"https:\\\/\\\/radiolitoral.com\\\/2024\\\/12\\\/la-ud-calpe-va-sumar-un-valuos-punt-davant-el-lider-2\\\/\"},\"author\":{\"name\":\"Javier Zamora\",\"@id\":\"https:\\\/\\\/radiolitoral.com\\\/#\\\/schema\\\/person\\\/7b1480b5caeb5acdd4ec6379caf62b22\"},\"headline\":\"Consternaci\u00f3 i dolor en el b\u00e0squet comarcal\",\"datePublished\":\"2024-12-17T09:29:59+00:00\",\"mainEntityOfPage\":{\"@id\":\"https:\\\/\\\/radiolitoral.com\\\/2024\\\/12\\\/la-ud-calpe-va-sumar-un-valuos-punt-davant-el-lider-2\\\/\"},\"wordCount\":254,\"commentCount\":0,\"publisher\":{\"@id\":\"https:\\\/\\\/radiolitoral.com\\\/#organization\"},\"image\":{\"@id\":\"https:\\\/\\\/radiolitoral.com\\\/2024\\\/12\\\/la-ud-calpe-va-sumar-un-valuos-punt-davant-el-lider-2\\\/#primaryimage\"},\"thumbnailUrl\":\"https:\\\/\\\/media.radiolitoral.com\\\/wp-content\\\/uploads\\\/2024\\\/12\\\/17102846\\\/Lidu-junto-a-sus-companeras-que-consiguieron-el-ascenso-a-Primera-Nacional.jpg\",\"keywords\":[\"D\u00e9nia B\u00e0squet\",\"deportes\",\"Lidu Escudero\"],\"articleSection\":[\"Deportes\"],\"inLanguage\":\"ca\",\"potentialAction\":[{\"@type\":\"CommentAction\",\"name\":\"Comment\",\"target\":[\"https:\\\/\\\/radiolitoral.com\\\/2024\\\/12\\\/la-ud-calpe-va-sumar-un-valuos-punt-davant-el-lider-2\\\/#respond\"]}]},{\"@type\":[\"WebPage\",\"ItemPage\"],\"@id\":\"https:\\\/\\\/radiolitoral.com\\\/2024\\\/12\\\/la-ud-calpe-va-sumar-un-valuos-punt-davant-el-lider-2\\\/\",\"url\":\"https:\\\/\\\/radiolitoral.com\\\/2024\\\/12\\\/la-ud-calpe-va-sumar-un-valuos-punt-davant-el-lider-2\\\/\",\"name\":\"Consternaci\u00f3 i dolor en el b\u00e0squet comarcal | R\u00e0dio Litoral\",\"isPartOf\":{\"@id\":\"https:\\\/\\\/radiolitoral.com\\\/#website\"},\"primaryImageOfPage\":{\"@id\":\"https:\\\/\\\/radiolitoral.com\\\/2024\\\/12\\\/la-ud-calpe-va-sumar-un-valuos-punt-davant-el-lider-2\\\/#primaryimage\"},\"image\":{\"@id\":\"https:\\\/\\\/radiolitoral.com\\\/2024\\\/12\\\/la-ud-calpe-va-sumar-un-valuos-punt-davant-el-lider-2\\\/#primaryimage\"},\"thumbnailUrl\":\"https:\\\/\\\/media.radiolitoral.com\\\/wp-content\\\/uploads\\\/2024\\\/12\\\/17102846\\\/Lidu-junto-a-sus-companeras-que-consiguieron-el-ascenso-a-Primera-Nacional.jpg\",\"datePublished\":\"2024-12-17T09:29:59+00:00\",\"description\":\"Lidu Escudero exjugadora del D\u00e9nia B\u00e0squet a mort despr\u00e9s d'una llarga malaltiaLidu Escudero exjugadora del D\u00e9nia B\u00e0squet a mort despr\u00e9s d'una llarga malaltia\",\"breadcrumb\":{\"@id\":\"https:\\\/\\\/radiolitoral.com\\\/2024\\\/12\\\/la-ud-calpe-va-sumar-un-valuos-punt-davant-el-lider-2\\\/#breadcrumb\"},\"inLanguage\":\"ca\",\"potentialAction\":[{\"@type\":\"ReadAction\",\"target\":[\"https:\\\/\\\/radiolitoral.com\\\/2024\\\/12\\\/la-ud-calpe-va-sumar-un-valuos-punt-davant-el-lider-2\\\/\"]}]},{\"@type\":\"ImageObject\",\"inLanguage\":\"ca\",\"@id\":\"https:\\\/\\\/radiolitoral.com\\\/2024\\\/12\\\/la-ud-calpe-va-sumar-un-valuos-punt-davant-el-lider-2\\\/#primaryimage\",\"url\":\"https:\\\/\\\/media.radiolitoral.com\\\/wp-content\\\/uploads\\\/2024\\\/12\\\/17102846\\\/Lidu-junto-a-sus-companeras-que-consiguieron-el-ascenso-a-Primera-Nacional.jpg\",\"contentUrl\":\"https:\\\/\\\/media.radiolitoral.com\\\/wp-content\\\/uploads\\\/2024\\\/12\\\/17102846\\\/Lidu-junto-a-sus-companeras-que-consiguieron-el-ascenso-a-Primera-Nacional.jpg\",\"width\":1024,\"height\":683},{\"@type\":\"BreadcrumbList\",\"@id\":\"https:\\\/\\\/radiolitoral.com\\\/2024\\\/12\\\/la-ud-calpe-va-sumar-un-valuos-punt-davant-el-lider-2\\\/#breadcrumb\",\"itemListElement\":[{\"@type\":\"ListItem\",\"position\":1,\"name\":\"Portada\",\"item\":\"https:\\\/\\\/radiolitoral.com\\\/\"},{\"@type\":\"ListItem\",\"position\":2,\"name\":\"Consternaci\u00f3 i dolor en el b\u00e0squet comarcal\"}]},{\"@type\":\"WebSite\",\"@id\":\"https:\\\/\\\/radiolitoral.com\\\/#website\",\"url\":\"https:\\\/\\\/radiolitoral.com\\\/\",\"name\":\"Radio Litoral\",\"description\":\"La radio local de la Marina Alta\",\"publisher\":{\"@id\":\"https:\\\/\\\/radiolitoral.com\\\/#organization\"},\"alternateName\":\"Litoral FM\",\"potentialAction\":[{\"@type\":\"SearchAction\",\"target\":{\"@type\":\"EntryPoint\",\"urlTemplate\":\"https:\\\/\\\/radiolitoral.com\\\/?s={search_term_string}\"},\"query-input\":{\"@type\":\"PropertyValueSpecification\",\"valueRequired\":true,\"valueName\":\"search_term_string\"}}],\"inLanguage\":\"ca\"},{\"@type\":\"Organization\",\"@id\":\"https:\\\/\\\/radiolitoral.com\\\/#organization\",\"name\":\"Radio Litoral\",\"url\":\"https:\\\/\\\/radiolitoral.com\\\/\",\"logo\":{\"@type\":\"ImageObject\",\"inLanguage\":\"ca\",\"@id\":\"https:\\\/\\\/radiolitoral.com\\\/#\\\/schema\\\/logo\\\/image\\\/\",\"url\":\"https:\\\/\\\/media.radiolitoral.com\\\/wp-content\\\/uploads\\\/2023\\\/02\\\/24143238\\\/CL-V-RadioLitoral696.png\",\"contentUrl\":\"https:\\\/\\\/media.radiolitoral.com\\\/wp-content\\\/uploads\\\/2023\\\/02\\\/24143238\\\/CL-V-RadioLitoral696.png\",\"width\":696,\"height\":696,\"caption\":\"Radio Litoral\"},\"image\":{\"@id\":\"https:\\\/\\\/radiolitoral.com\\\/#\\\/schema\\\/logo\\\/image\\\/\"},\"sameAs\":[\"https:\\\/\\\/www.facebook.com\\\/Laradiolitoral\\\/\"]},{\"@type\":\"Person\",\"@id\":\"https:\\\/\\\/radiolitoral.com\\\/#\\\/schema\\\/person\\\/7b1480b5caeb5acdd4ec6379caf62b22\",\"name\":\"Javier Zamora\",\"image\":{\"@type\":\"ImageObject\",\"inLanguage\":\"ca\",\"@id\":\"https:\\\/\\\/secure.gravatar.com\\\/avatar\\\/467a11f6918c7d619c4043fc6fa2d3853053107973f05b6e9c04ea6c4e3a7b3f?s=96&d=mm&r=g\",\"url\":\"https:\\\/\\\/secure.gravatar.com\\\/avatar\\\/467a11f6918c7d619c4043fc6fa2d3853053107973f05b6e9c04ea6c4e3a7b3f?s=96&d=mm&r=g\",\"contentUrl\":\"https:\\\/\\\/secure.gravatar.com\\\/avatar\\\/467a11f6918c7d619c4043fc6fa2d3853053107973f05b6e9c04ea6c4e3a7b3f?s=96&d=mm&r=g\",\"caption\":\"Javier Zamora\"},\"url\":\"https:\\\/\\\/radiolitoral.com\\\/ca\\\/author\\\/javier-zamora\\\/\"}]}<\/script>\n<!-- \/ Yoast SEO plugin. -->","yoast_head_json":{"title":"Consternaci\u00f3 i dolor al b\u00e0squet comarcal | R\u00e0dio Litoral","description":"Lidu Escuder exjugadora del D\u00e9nia B\u00e0squet a mort despr\u00e9s d&#039;una llarga malaltiaLidu Escuder exjugadora del D\u00e9nia B\u00e0squet mort despr\u00e9s d&#039;una llarga malaltia","robots":{"index":"index","follow":"follow","max-snippet":"max-snippet:-1","max-image-preview":"max-image-preview:large","max-video-preview":"max-video-preview:-1"},"canonical":"https:\/\/radiolitoral.com\/ca\/2024\/12\/la-ut-calp-va-sumar-un-valuos-punt-davant-el-lider-2\/","og_locale":"ca_ES","og_type":"article","og_title":"Consternaci\u00f3 i dolor en el b\u00e0squet comarcal | R\u00e0dio Litoral","og_description":"Lidu Escudero exjugadora del D\u00e9nia B\u00e0squet a mort despr\u00e9s d'una llarga malaltiaLidu Escudero exjugadora del D\u00e9nia B\u00e0squet a mort despr\u00e9s d'una llarga malaltia","og_url":"https:\/\/radiolitoral.com\/ca\/2024\/12\/la-ut-calp-va-sumar-un-valuos-punt-davant-el-lider-2\/","og_site_name":"R\u00e0dio Litoral","article_publisher":"https:\/\/www.facebook.com\/Laradiolitoral\/","article_published_time":"2024-12-17T09:29:59+00:00","og_image":[{"width":1024,"height":683,"url":"https:\/\/media.radiolitoral.com\/wp-content\/uploads\/2024\/12\/17102846\/Lidu-junto-a-sus-companeras-que-consiguieron-el-ascenso-a-Primera-Nacional.jpg","type":"image\/jpeg"}],"author":"Javier Zamora","twitter_card":"summary_large_image","twitter_misc":{"Escrit per":"Javier Zamora","Temps estimat de lectura":"2 minuts"},"schema":{"@context":"https:\/\/schema.org","@graph":[{"@type":"NewsArticle","@id":"https:\/\/radiolitoral.com\/2024\/12\/la-ud-calpe-va-sumar-un-valuos-punt-davant-el-lider-2\/#article","isPartOf":{"@id":"https:\/\/radiolitoral.com\/2024\/12\/la-ud-calpe-va-sumar-un-valuos-punt-davant-el-lider-2\/"},"author":{"name":"Javier Zamora","@id":"https:\/\/radiolitoral.com\/#\/schema\/person\/7b1480b5caeb5acdd4ec6379caf62b22"},"headline":"Consternaci\u00f3 i dolor en el b\u00e0squet comarcal","datePublished":"2024-12-17T09:29:59+00:00","mainEntityOfPage":{"@id":"https:\/\/radiolitoral.com\/2024\/12\/la-ud-calpe-va-sumar-un-valuos-punt-davant-el-lider-2\/"},"wordCount":254,"commentCount":0,"publisher":{"@id":"https:\/\/radiolitoral.com\/#organization"},"image":{"@id":"https:\/\/radiolitoral.com\/2024\/12\/la-ud-calpe-va-sumar-un-valuos-punt-davant-el-lider-2\/#primaryimage"},"thumbnailUrl":"https:\/\/media.radiolitoral.com\/wp-content\/uploads\/2024\/12\/17102846\/Lidu-junto-a-sus-companeras-que-consiguieron-el-ascenso-a-Primera-Nacional.jpg","keywords":["D\u00e9nia B\u00e0squet","deportes","Lidu Escudero"],"articleSection":["Deportes"],"inLanguage":"ca","potentialAction":[{"@type":"CommentAction","name":"Comment","target":["https:\/\/radiolitoral.com\/2024\/12\/la-ud-calpe-va-sumar-un-valuos-punt-davant-el-lider-2\/#respond"]}]},{"@type":["WebPage","ItemPage"],"@id":"https:\/\/radiolitoral.com\/2024\/12\/la-ud-calpe-va-sumar-un-valuos-punt-davant-el-lider-2\/","url":"https:\/\/radiolitoral.com\/2024\/12\/la-ud-calpe-va-sumar-un-valuos-punt-davant-el-lider-2\/","name":"Consternaci\u00f3 i dolor al b\u00e0squet comarcal | R\u00e0dio Litoral","isPartOf":{"@id":"https:\/\/radiolitoral.com\/#website"},"primaryImageOfPage":{"@id":"https:\/\/radiolitoral.com\/2024\/12\/la-ud-calpe-va-sumar-un-valuos-punt-davant-el-lider-2\/#primaryimage"},"image":{"@id":"https:\/\/radiolitoral.com\/2024\/12\/la-ud-calpe-va-sumar-un-valuos-punt-davant-el-lider-2\/#primaryimage"},"thumbnailUrl":"https:\/\/media.radiolitoral.com\/wp-content\/uploads\/2024\/12\/17102846\/Lidu-junto-a-sus-companeras-que-consiguieron-el-ascenso-a-Primera-Nacional.jpg","datePublished":"2024-12-17T09:29:59+00:00","description":"Lidu Escuder exjugadora del D\u00e9nia B\u00e0squet a mort despr\u00e9s d&#039;una llarga malaltiaLidu Escuder exjugadora del D\u00e9nia B\u00e0squet mort despr\u00e9s d&#039;una llarga malaltia","breadcrumb":{"@id":"https:\/\/radiolitoral.com\/2024\/12\/la-ud-calpe-va-sumar-un-valuos-punt-davant-el-lider-2\/#breadcrumb"},"inLanguage":"ca","potentialAction":[{"@type":"ReadAction","target":["https:\/\/radiolitoral.com\/2024\/12\/la-ud-calpe-va-sumar-un-valuos-punt-davant-el-lider-2\/"]}]},{"@type":"ImageObject","inLanguage":"ca","@id":"https:\/\/radiolitoral.com\/2024\/12\/la-ud-calpe-va-sumar-un-valuos-punt-davant-el-lider-2\/#primaryimage","url":"https:\/\/media.radiolitoral.com\/wp-content\/uploads\/2024\/12\/17102846\/Lidu-junto-a-sus-companeras-que-consiguieron-el-ascenso-a-Primera-Nacional.jpg","contentUrl":"https:\/\/media.radiolitoral.com\/wp-content\/uploads\/2024\/12\/17102846\/Lidu-junto-a-sus-companeras-que-consiguieron-el-ascenso-a-Primera-Nacional.jpg","width":1024,"height":683},{"@type":"BreadcrumbList","@id":"https:\/\/radiolitoral.com\/2024\/12\/la-ud-calpe-va-sumar-un-valuos-punt-davant-el-lider-2\/#breadcrumb","itemListElement":[{"@type":"ListItem","position":1,"name":"Portada","item":"https:\/\/radiolitoral.com\/"},{"@type":"ListItem","position":2,"name":"Consternaci\u00f3 i dolor en el b\u00e0squet comarcal"}]},{"@type":"WebSite","@id":"https:\/\/radiolitoral.com\/#website","url":"https:\/\/radiolitoral.com\/","name":"R\u00e0dio Litoral","description":"La r\u00e0dio local de la Marina Alta","publisher":{"@id":"https:\/\/radiolitoral.com\/#organization"},"alternateName":"Litoral FM","potentialAction":[{"@type":"SearchAction","target":{"@type":"EntryPoint","urlTemplate":"https:\/\/radiolitoral.com\/?s={search_term_string}"},"query-input":{"@type":"PropertyValueSpecification","valueRequired":true,"valueName":"search_term_string"}}],"inLanguage":"ca"},{"@type":"Organization","@id":"https:\/\/radiolitoral.com\/#organization","name":"R\u00e0dio Litoral","url":"https:\/\/radiolitoral.com\/","logo":{"@type":"ImageObject","inLanguage":"ca","@id":"https:\/\/radiolitoral.com\/#\/schema\/logo\/image\/","url":"https:\/\/media.radiolitoral.com\/wp-content\/uploads\/2023\/02\/24143238\/CL-V-RadioLitoral696.png","contentUrl":"https:\/\/media.radiolitoral.com\/wp-content\/uploads\/2023\/02\/24143238\/CL-V-RadioLitoral696.png","width":696,"height":696,"caption":"Radio Litoral"},"image":{"@id":"https:\/\/radiolitoral.com\/#\/schema\/logo\/image\/"},"sameAs":["https:\/\/www.facebook.com\/Laradiolitoral\/"]},{"@type":"Person","@id":"https:\/\/radiolitoral.com\/#\/schema\/person\/7b1480b5caeb5acdd4ec6379caf62b22","name":"Javier Zamora","image":{"@type":"ImageObject","inLanguage":"ca","@id":"https:\/\/secure.gravatar.com\/avatar\/467a11f6918c7d619c4043fc6fa2d3853053107973f05b6e9c04ea6c4e3a7b3f?s=96&d=mm&r=g","url":"https:\/\/secure.gravatar.com\/avatar\/467a11f6918c7d619c4043fc6fa2d3853053107973f05b6e9c04ea6c4e3a7b3f?s=96&d=mm&r=g","contentUrl":"https:\/\/secure.gravatar.com\/avatar\/467a11f6918c7d619c4043fc6fa2d3853053107973f05b6e9c04ea6c4e3a7b3f?s=96&d=mm&r=g","caption":"Javier Zamora"},"url":"https:\/\/radiolitoral.com\/ca\/author\/javier-zamora\/"}]}},"_links":{"self":[{"href":"https:\/\/radiolitoral.com\/ca\/wp-json\/wp\/v2\/posts\/13851","targetHints":{"allow":["GET"]}}],"collection":[{"href":"https:\/\/radiolitoral.com\/ca\/wp-json\/wp\/v2\/posts"}],"about":[{"href":"https:\/\/radiolitoral.com\/ca\/wp-json\/wp\/v2\/types\/post"}],"author":[{"embeddable":true,"href":"https:\/\/radiolitoral.com\/ca\/wp-json\/wp\/v2\/users\/12"}],"replies":[{"embeddable":true,"href":"https:\/\/radiolitoral.com\/ca\/wp-json\/wp\/v2\/comments?post=13851"}],"version-history":[{"count":2,"href":"https:\/\/radiolitoral.com\/ca\/wp-json\/wp\/v2\/posts\/13851\/revisions"}],"predecessor-version":[{"id":13854,"href":"https:\/\/radiolitoral.com\/ca\/wp-json\/wp\/v2\/posts\/13851\/revisions\/13854"}],"wp:featuredmedia":[{"embeddable":true,"href":"https:\/\/radiolitoral.com\/ca\/wp-json\/wp\/v2\/media\/13852"}],"wp:attachment":[{"href":"https:\/\/radiolitoral.com\/ca\/wp-json\/wp\/v2\/media?parent=13851"}],"wp:term":[{"taxonomy":"category","embeddable":true,"href":"https:\/\/radiolitoral.com\/ca\/wp-json\/wp\/v2\/categories?post=13851"},{"taxonomy":"post_tag","embeddable":true,"href":"https:\/\/radiolitoral.com\/ca\/wp-json\/wp\/v2\/tags?post=13851"}],"curies":[{"name":"wp","href":"https:\/\/api.w.org\/{rel}","templated":true}]}}